{"id":7776,"date":"2025-05-26T03:19:41","date_gmt":"2025-05-26T01:19:41","guid":{"rendered":"https:\/\/vieassociative.be\/actualites\/mon-amazon-de-la-journee-preferee-le-sonos-roal-2-president-portable\/"},"modified":"2025-05-26T03:19:41","modified_gmt":"2025-05-26T01:19:41","slug":"mon-amazon-de-la-journee-preferee-le-sonos-roal-2-president-portable","status":"publish","type":"post","link":"https:\/\/vieassociative.be\/actualites\/mon-amazon-de-la-journee-preferee-le-sonos-roal-2-president-portable\/","title":{"rendered":"Mon Amazon de la journ\u00e9e pr\u00e9f\u00e9r\u00e9e: le Sonos Roal 2 Pr\u00e9sident portable"},"content":{"rendered":"<div class=\"mt-4 leading-6 md:mb-8\">Ce haut-parleur portable et \u00e9tanche a chut\u00e9 \u00e0 un prix record.<\/div>\n<p><\/p>\n<p>En ce qui concerne les conf\u00e9renciers, Sonos a la meilleure r\u00e9putation et la meilleure application compagnon sur le march\u00e9. Si vous \u00eates int\u00e9ress\u00e9 \u00e0 voir ce qu&rsquo;est le battage m\u00e9diatique, c&rsquo;est le moment id\u00e9al pour tester les eaux, car le haut-parleur d&rsquo;entr\u00e9e de gamme de Sono, le Sonos Roam 2, a atteint un prix record, selon les outils de suivi des prix. <\/p>\n<p>L&rsquo;appareil portable et \u00e9tanche est en vente pour <strong>134 $<\/strong> (\u00e0 l&rsquo;origine 179 $) sur Amazon, qui fait partie d&rsquo;une vente de petits Sonos qui comprend \u00e9galement la remise A sur le plus grand SONOS MOVE 2 (\u00e9galement actuellement \u00e0 son prix le plus bas de tous les temps).<\/p>\n<div class=\"pogoClear mb-12 mt-10 rounded-md border-2 border-gray-100 py-7 shadow-xl md:py-6\">\n<div class=\"flex flex-wrap justify-between px-7 text-black no-underline md:flex-nowrap md:px-8\">\n<div class=\"order-1 mx-auto flex flex-col justify-center md:order-2 md:ml-4 md:w-full md:grow\">\n<div class=\"block cursor-pointer text-center font-akshar text-2xl font-medium leading-7 text-brand-green duration-200 ease-in-out hover:text-brand-green-700 md:text-left md:text-xl md:leading-6\">Sonos ROAM 2\n                <\/div>\n<div class=\"mt-4 hidden md:flex md:justify-between\">\n<div class=\"self-end\">\n<div class=\"mb-0 h-11 md:flex md:flex-col md:justify-center\">\n<div class=\" font-sans leading-4 text-black\">\n<div class=\"flex flex-wrap items-center justify-center gap-x-1 md:justify-start\">\n        <span class=\"font-bold\"><\/p>\n<p>            134,00 $<br \/>\n                            <span class=\"font-medium\">\u00e0 Amazon<\/span><br \/>\n                    <\/span><br \/>\n                    <img decoding=\"async\" class=\"mt-0 h-(15px)\" src=\"https:\/\/vieassociative.be\/actualites\/wp-content\/uploads\/2025\/05\/Mon-Amazon-de-la-journee-preferee-le-Sonos-Roal-2.svg.svg+xml\" title=\"Amazon Prime\" alt=\"Amazon Prime\">\n            <\/div>\n<div class=\"flex items-center justify-center gap-x-1 font-bold md:justify-start\">\n            <span class=\"text-sm line-through\">179,00 $<\/span><br \/>\n            <span class=\"text-sm text-brand-green\">\u00c9conomisez 45,00 $<\/span>\n        <\/div>\n<\/p><\/div>\n<\/p><\/div>\n<\/p><\/div>\n<div class=\"w-44 self-end\">\n                            <button class=\"flex justify-center items-center w-full bg-brand-green text-white text-base font-sans font-medium rounded-md hover:bg-brand-green-700 hover:cursor-pointer md:text-sm h-11\"><\/p>\n<p>    Conclure un accord<br \/>\n<\/button>\n                        <\/div>\n<\/p><\/div>\n<\/p><\/div>\n<div class=\"order-2 mt-5 h-auto w-full md:order-1 md:mt-0 md:hidden\">\n<div class=\"flex aspect-video items-center justify-center\">\n                                            <img decoding=\"async\" class=\"m-0 max-h-full max-w-full rounded-md\" src=\"https:\/\/vieassociative.be\/actualites\/wp-content\/uploads\/2025\/05\/Mon-Amazon-de-la-journee-preferee-le-Sonos-Roal-2.jpg\" alt=\"Sonos ROAM 2\" width=\"auto\" height=\"auto\" loading=\"lazy\">\n                                    <\/div>\n<\/p><\/div>\n<div class=\"order-2 ml-2 hidden w-32 shrink-0 items-center md:order-1 md:ml-0 md:flex\">\n<div class=\"flex aspect-video items-center justify-center\">\n                                            <img decoding=\"async\" class=\"m-0 max-h-full max-w-full rounded-md\" src=\"https:\/\/vieassociative.be\/actualites\/wp-content\/uploads\/2025\/05\/Mon-Amazon-de-la-journee-preferee-le-Sonos-Roal-2.jpg\" alt=\"Sonos ROAM 2\" width=\"auto\" height=\"auto\" loading=\"lazy\">\n                                    <\/div>\n<\/p><\/div>\n<div class=\"order-3 flex grow flex-wrap md:hidden md:grow-0\">\n<div class=\"mt-4 w-full\">\n                        <button class=\"flex justify-center items-center w-full bg-brand-green text-white text-base font-sans font-medium rounded-md hover:bg-brand-green-700 hover:cursor-pointer md:text-sm h-11\"><\/p>\n<p>    Conclure un accord<br \/>\n<\/button>\n                    <\/div>\n<div class=\"mx-2 mt-4 w-full\">\n<div class=\" font-sans leading-4 text-black\">\n<div class=\"flex flex-wrap items-center justify-center gap-x-1 md:justify-start\">\n        <span class=\"font-bold\"><\/p>\n<p>            134,00 $<br \/>\n                            <span class=\"font-medium\">\u00e0 Amazon<\/span><br \/>\n                    <\/span><br \/>\n                    <img decoding=\"async\" class=\"mt-0 h-(15px)\" src=\"https:\/\/vieassociative.be\/actualites\/wp-content\/uploads\/2025\/05\/Mon-Amazon-de-la-journee-preferee-le-Sonos-Roal-2.svg.svg+xml\" title=\"Amazon Prime\" alt=\"Amazon Prime\">\n            <\/div>\n<div class=\"flex items-center justify-center gap-x-1 font-bold md:justify-start\">\n            <span class=\"text-sm line-through\">179,00 $<\/span><br \/>\n            <span class=\"text-sm text-brand-green\">\u00c9conomisez 45,00 $<\/span>\n        <\/div>\n<\/p><\/div>\n<\/p><\/div>\n<\/p><\/div>\n<\/p><\/div>\n<\/div>\n<p>Le ROAM 2 est l&rsquo;ajout de Sonos au march\u00e9 des haut-parleurs en plein air portable, et comme la plupart des haut-parleurs Sonos, il s&rsquo;int\u00e8gre de mani\u00e8re transparente dans l&rsquo;\u00e9cosyst\u00e8me de Sonos afin que vous puissiez l&rsquo;utiliser pour jouer des m\u00e9dias multiples. Si vous obtenez plus d&rsquo;un haut-parleur, vous pouvez \u00e9galement les associer pour cr\u00e9er un v\u00e9ritable son st\u00e9r\u00e9o. <\/p>\n<p>Ce haut-parleur peut \u00e9galement doubler en tant que haut-parleur. Il y a un \u00e9galiseur int\u00e9gr\u00e9 \u00e0 vous pour que vous puissiez jouer, il a une charge sans fil, est \u00e9tanche avec une note AP67 et offre un support \u00e0 la fois \u00e0 Alexa et \u00e0 l&rsquo;assistant vocal Sonos. (Vous pouvez en savoir plus dans la \u00ab\u00a0bonne\u00a0\u00bb critique de PCMAG.)<\/p>\n<p>La caract\u00e9ristique d\u00e9terminante de ce haut-parleur est sa grande qualit\u00e9 audio malgr\u00e9 sa petite taille (2,4 par 6,6 par 2,4 pouces) et son poids l\u00e9ger (0,95 livres). La fonction Trueplay, qui utilise des microphones pour \u00e9valuer votre environnement et ajuster l&rsquo;audio en cons\u00e9quence, lui donne un avantage sur la concurrence.<\/p>\n<div class=\"pogoClear relative my-10 border-b-(1.5px) border-t-(1.5px) border-dashed border-black py-5 sm:my-14 sm:border-0 sm:py-0\" data-ga-click data-ga-template=\"Deals\" data-ga-module=\"openweb_widget\" data-ga-element=\"openweb_scroll\" data-ga-item=\"openweb_scroll_midpage\" x-cloak x-data=\"{ commentsCount: null, hasComments: false }\" x-init=\"commentsCount = await window.openweb.getMessagesCount(01JVZ2CKGWSMHAB0ZJKG957M9V);\n     hasComments = commentsCount !== null &amp;&amp; commentsCount &gt; 0\"><\/p>\n<div class=\"absolute top-1\/2 hidden w-full -translate-y-1\/2 border-t-(1.5px) border-dashed border-black sm:block\"><\/div>\n<div class=\"relative flex justify-center\">\n<div class=\"flex max-w-max items-center gap-x-3 bg-white px-5\">\n<div class=\"relative\">\n                <span class=\"absolute left-1\/2 top-1\/2 -translate-x-1\/2 -translate-y-1\/2 font-akshar text-sm font-medium text-black\" x-show=\"hasComments\" x-text=\"commentsCount\"><\/span><\/p>\n<p>                <svg class=\"h-8 w-8 text-black\">\n                    <use href=\"http:\/\/lifehacker.com\/images\/icons\/spritemap.svg#sprite-chat-bubble\"><\/use>\n                <\/svg>\n            <\/div>\n<p>            <span class=\"text-sm font-medium text-black\"><\/p>\n<p>                Que pensez-vous jusqu&rsquo;\u00e0 pr\u00e9sent?<br \/>\n                <button class=\"font-semibold text-brand-green underline hover:text-brand-green-700\" onclick=\"window.openweb.scrollToComments('01JVZ2CKGWSMHAB0ZJKG957M9V')\" x-text=\"hasComments ? 'Post a comment.' : 'Be the first to post a comment.'\"><\/button><br \/>\n            <\/span>\n        <\/div>\n<\/p><\/div>\n<\/div>\n<p>Notez que, m\u00eame si Sonos a traditionnellement \u00e9t\u00e9 f\u00e9licit\u00e9 pour l&rsquo;application compagnon de ses conf\u00e9renciers, les gens se sont r\u00e9cemment plaints de l&rsquo;application qui a abandonn\u00e9 certaines fonctionnalit\u00e9s. Cependant, l&rsquo;entreprise semble essayer de rectifier ses probl\u00e8mes, et c&rsquo;est toujours la meilleure application pour les conf\u00e9renciers que j&rsquo;ai utilis\u00e9s.<\/p>\n<p>\u00c0 ce prix, c&rsquo;est une excellente occasion d&rsquo;essayer votre premier haut-parleur Sonos, ou d&rsquo;ajouter un portable \u00e0 votre \u00e9cosyst\u00e8me Sonos existant.<\/p>\n","protected":false},"excerpt":{"rendered":"<p>Ce haut-parleur portable et \u00e9tanche a chut\u00e9 \u00e0 un prix record. En ce qui concerne les conf\u00e9renciers, Sonos a la meilleure r\u00e9putation et la meilleure<\/p>\n","protected":false},"author":1,"featured_media":7777,"comment_status":"","ping_status":"","sticky":false,"template":"","format":"standard","meta":{"footnotes":""},"categories":[13],"tags":[51,2877,49,170,52,3075,7156,1834],"class_list":["post-7776","post","type-post","status-publish","format-standard","has-post-thumbnail","hentry","category-technologie","tag-amazon","tag-journee","tag-mon","tag-portable","tag-preferee","tag-president","tag-roal","tag-sonos","generate-columns","tablet-grid-50","mobile-grid-100","grid-parent","grid-33"],"yoast_head":"<!-- This site is optimized with the Yoast SEO plugin v24.0 - https:\/\/yoast.com\/wordpress\/plugins\/seo\/ -->\n<title>Mon Amazon de la journ\u00e9e pr\u00e9f\u00e9r\u00e9e: le Sonos Roal 2 Pr\u00e9sident portable | Vie Associative<\/title>\n<meta name=\"robots\" content=\"index, follow, max-snippet:-1, max-image-preview:large, max-video-preview:-1\" \/>\n<link rel=\"canonical\" href=\"https:\/\/vieassociative.be\/actualites\/mon-amazon-de-la-journee-preferee-le-sonos-roal-2-president-portable\/\" \/>\n<meta property=\"og:locale\" content=\"fr_FR\" \/>\n<meta property=\"og:type\" content=\"article\" \/>\n<meta property=\"og:title\" content=\"Mon Amazon de la journ\u00e9e pr\u00e9f\u00e9r\u00e9e: le Sonos Roal 2 Pr\u00e9sident portable | Vie Associative\" \/>\n<meta property=\"og:description\" content=\"Ce haut-parleur portable et \u00e9tanche a chut\u00e9 \u00e0 un prix record. En ce qui concerne les conf\u00e9renciers, Sonos a la meilleure r\u00e9putation et la meilleure\" \/>\n<meta property=\"og:url\" content=\"https:\/\/vieassociative.be\/actualites\/mon-amazon-de-la-journee-preferee-le-sonos-roal-2-president-portable\/\" \/>\n<meta property=\"og:site_name\" content=\"Vie Associative\" \/>\n<meta property=\"article:published_time\" content=\"2025-05-26T01:19:41+00:00\" \/>\n<meta property=\"og:image\" content=\"https:\/\/vieassociative.be\/actualites\/wp-content\/uploads\/2025\/05\/Mon-Amazon-de-la-journee-preferee-le-Sonos-Roal-2.svg.svg+xml\" \/>\n<meta name=\"author\" content=\"Julien\" \/>\n<meta name=\"twitter:card\" content=\"summary_large_image\" \/>\n<meta name=\"twitter:label1\" content=\"\u00c9crit par\" \/>\n\t<meta name=\"twitter:data1\" content=\"Julien\" \/>\n\t<meta name=\"twitter:label2\" content=\"Dur\u00e9e de lecture est.\" \/>\n\t<meta name=\"twitter:data2\" content=\"2 minutes\" \/>\n<script type=\"application\/ld+json\" class=\"yoast-schema-graph\">{\"@context\":\"https:\/\/schema.org\",\"@graph\":[{\"@type\":\"Article\",\"@id\":\"https:\/\/vieassociative.be\/actualites\/mon-amazon-de-la-journee-preferee-le-sonos-roal-2-president-portable\/#article\",\"isPartOf\":{\"@id\":\"https:\/\/vieassociative.be\/actualites\/mon-amazon-de-la-journee-preferee-le-sonos-roal-2-president-portable\/\"},\"author\":{\"name\":\"Julien\",\"@id\":\"https:\/\/vieassociative.be\/actualites\/#\/schema\/person\/b87ac4f82f9d4e7b7cec7395b679edc4\"},\"headline\":\"Mon Amazon de la journ\u00e9e pr\u00e9f\u00e9r\u00e9e: le Sonos Roal 2 Pr\u00e9sident portable\",\"datePublished\":\"2025-05-26T01:19:41+00:00\",\"dateModified\":\"2025-05-26T01:19:41+00:00\",\"mainEntityOfPage\":{\"@id\":\"https:\/\/vieassociative.be\/actualites\/mon-amazon-de-la-journee-preferee-le-sonos-roal-2-president-portable\/\"},\"wordCount\":419,\"publisher\":{\"@id\":\"https:\/\/vieassociative.be\/actualites\/#organization\"},\"image\":{\"@id\":\"https:\/\/vieassociative.be\/actualites\/mon-amazon-de-la-journee-preferee-le-sonos-roal-2-president-portable\/#primaryimage\"},\"thumbnailUrl\":\"https:\/\/vieassociative.be\/actualites\/wp-content\/uploads\/2025\/05\/Mon-Amazon-de-la-journee-preferee-le-Sonos-Roal-2.png\",\"keywords\":[\"Amazon\",\"journ\u00e9e\",\"Mon\",\"portable\",\"pr\u00e9f\u00e9r\u00e9e\",\"pr\u00e9sident\",\"Roal\",\"Sonos\"],\"articleSection\":[\"Technologie\"],\"inLanguage\":\"fr-BE\"},{\"@type\":\"WebPage\",\"@id\":\"https:\/\/vieassociative.be\/actualites\/mon-amazon-de-la-journee-preferee-le-sonos-roal-2-president-portable\/\",\"url\":\"https:\/\/vieassociative.be\/actualites\/mon-amazon-de-la-journee-preferee-le-sonos-roal-2-president-portable\/\",\"name\":\"Mon Amazon de la journ\u00e9e pr\u00e9f\u00e9r\u00e9e: le Sonos Roal 2 Pr\u00e9sident portable | Vie Associative\",\"isPartOf\":{\"@id\":\"https:\/\/vieassociative.be\/actualites\/#website\"},\"primaryImageOfPage\":{\"@id\":\"https:\/\/vieassociative.be\/actualites\/mon-amazon-de-la-journee-preferee-le-sonos-roal-2-president-portable\/#primaryimage\"},\"image\":{\"@id\":\"https:\/\/vieassociative.be\/actualites\/mon-amazon-de-la-journee-preferee-le-sonos-roal-2-president-portable\/#primaryimage\"},\"thumbnailUrl\":\"https:\/\/vieassociative.be\/actualites\/wp-content\/uploads\/2025\/05\/Mon-Amazon-de-la-journee-preferee-le-Sonos-Roal-2.png\",\"datePublished\":\"2025-05-26T01:19:41+00:00\",\"dateModified\":\"2025-05-26T01:19:41+00:00\",\"breadcrumb\":{\"@id\":\"https:\/\/vieassociative.be\/actualites\/mon-amazon-de-la-journee-preferee-le-sonos-roal-2-president-portable\/#breadcrumb\"},\"inLanguage\":\"fr-BE\",\"potentialAction\":[{\"@type\":\"ReadAction\",\"target\":[\"https:\/\/vieassociative.be\/actualites\/mon-amazon-de-la-journee-preferee-le-sonos-roal-2-president-portable\/\"]}]},{\"@type\":\"ImageObject\",\"inLanguage\":\"fr-BE\",\"@id\":\"https:\/\/vieassociative.be\/actualites\/mon-amazon-de-la-journee-preferee-le-sonos-roal-2-president-portable\/#primaryimage\",\"url\":\"https:\/\/vieassociative.be\/actualites\/wp-content\/uploads\/2025\/05\/Mon-Amazon-de-la-journee-preferee-le-Sonos-Roal-2.png\",\"contentUrl\":\"https:\/\/vieassociative.be\/actualites\/wp-content\/uploads\/2025\/05\/Mon-Amazon-de-la-journee-preferee-le-Sonos-Roal-2.png\",\"width\":1200,\"height\":675,\"caption\":\"Mon Amazon de la journ\u00e9e pr\u00e9f\u00e9r\u00e9e: le Sonos Roal 2 Pr\u00e9sident portable\"},{\"@type\":\"BreadcrumbList\",\"@id\":\"https:\/\/vieassociative.be\/actualites\/mon-amazon-de-la-journee-preferee-le-sonos-roal-2-president-portable\/#breadcrumb\",\"itemListElement\":[{\"@type\":\"ListItem\",\"position\":1,\"name\":\"Accueil\",\"item\":\"https:\/\/vieassociative.be\/actualites\/\"},{\"@type\":\"ListItem\",\"position\":2,\"name\":\"Mon Amazon de la journ\u00e9e pr\u00e9f\u00e9r\u00e9e: le Sonos Roal 2 Pr\u00e9sident portable\"}]},{\"@type\":\"WebSite\",\"@id\":\"https:\/\/vieassociative.be\/actualites\/#website\",\"url\":\"https:\/\/vieassociative.be\/actualites\/\",\"name\":\"Vie Associative\",\"description\":\"\",\"publisher\":{\"@id\":\"https:\/\/vieassociative.be\/actualites\/#organization\"},\"potentialAction\":[{\"@type\":\"SearchAction\",\"target\":{\"@type\":\"EntryPoint\",\"urlTemplate\":\"https:\/\/vieassociative.be\/actualites\/?s={search_term_string}\"},\"query-input\":{\"@type\":\"PropertyValueSpecification\",\"valueRequired\":true,\"valueName\":\"search_term_string\"}}],\"inLanguage\":\"fr-BE\"},{\"@type\":\"Organization\",\"@id\":\"https:\/\/vieassociative.be\/actualites\/#organization\",\"name\":\"Vie Associative\",\"url\":\"https:\/\/vieassociative.be\/actualites\/\",\"logo\":{\"@type\":\"ImageObject\",\"inLanguage\":\"fr-BE\",\"@id\":\"https:\/\/vieassociative.be\/actualites\/#\/schema\/logo\/image\/\",\"url\":\"https:\/\/vieassociative.be\/actualites\/wp-content\/uploads\/2024\/09\/cropped-vieassociative_favicon.ico.png\",\"contentUrl\":\"https:\/\/vieassociative.be\/actualites\/wp-content\/uploads\/2024\/09\/cropped-vieassociative_favicon.ico.png\",\"width\":512,\"height\":512,\"caption\":\"Vie Associative\"},\"image\":{\"@id\":\"https:\/\/vieassociative.be\/actualites\/#\/schema\/logo\/image\/\"}},{\"@type\":\"Person\",\"@id\":\"https:\/\/vieassociative.be\/actualites\/#\/schema\/person\/b87ac4f82f9d4e7b7cec7395b679edc4\",\"name\":\"Julien\",\"image\":{\"@type\":\"ImageObject\",\"inLanguage\":\"fr-BE\",\"@id\":\"https:\/\/vieassociative.be\/actualites\/#\/schema\/person\/image\/\",\"url\":\"https:\/\/vieassociative.be\/actualites\/wp-content\/uploads\/2024\/09\/vie-associative-1-150x150.jpg\",\"contentUrl\":\"https:\/\/vieassociative.be\/actualites\/wp-content\/uploads\/2024\/09\/vie-associative-1-150x150.jpg\",\"caption\":\"Julien\"},\"description\":\"Je suis Julien, r\u00e9dacteur pour Vie Associative. Passionn\u00e9 par le monde associatif depuis plus de 10 ans, j'ai \u00e0 c\u0153ur de partager des histoires inspirantes et de mettre en lumi\u00e8re les initiatives locales. Mon objectif est de sensibiliser et d'encourager l'engagement communautaire \u00e0 travers mes articles.\",\"sameAs\":[\"https:\/\/vieassociative.be\/\"]}]}<\/script>\n<!-- \/ Yoast SEO plugin. -->","yoast_head_json":{"title":"Mon Amazon de la journ\u00e9e pr\u00e9f\u00e9r\u00e9e: le Sonos Roal 2 Pr\u00e9sident portable | Vie Associative","robots":{"index":"index","follow":"follow","max-snippet":"max-snippet:-1","max-image-preview":"max-image-preview:large","max-video-preview":"max-video-preview:-1"},"canonical":"https:\/\/vieassociative.be\/actualites\/mon-amazon-de-la-journee-preferee-le-sonos-roal-2-president-portable\/","og_locale":"fr_FR","og_type":"article","og_title":"Mon Amazon de la journ\u00e9e pr\u00e9f\u00e9r\u00e9e: le Sonos Roal 2 Pr\u00e9sident portable | Vie Associative","og_description":"Ce haut-parleur portable et \u00e9tanche a chut\u00e9 \u00e0 un prix record. En ce qui concerne les conf\u00e9renciers, Sonos a la meilleure r\u00e9putation et la meilleure","og_url":"https:\/\/vieassociative.be\/actualites\/mon-amazon-de-la-journee-preferee-le-sonos-roal-2-president-portable\/","og_site_name":"Vie Associative","article_published_time":"2025-05-26T01:19:41+00:00","og_image":[{"url":"https:\/\/vieassociative.be\/actualites\/wp-content\/uploads\/2025\/05\/Mon-Amazon-de-la-journee-preferee-le-Sonos-Roal-2.svg.svg+xml","type":"","width":"","height":""}],"author":"Julien","twitter_card":"summary_large_image","twitter_misc":{"\u00c9crit par":"Julien","Dur\u00e9e de lecture est.":"2 minutes"},"schema":{"@context":"https:\/\/schema.org","@graph":[{"@type":"Article","@id":"https:\/\/vieassociative.be\/actualites\/mon-amazon-de-la-journee-preferee-le-sonos-roal-2-president-portable\/#article","isPartOf":{"@id":"https:\/\/vieassociative.be\/actualites\/mon-amazon-de-la-journee-preferee-le-sonos-roal-2-president-portable\/"},"author":{"name":"Julien","@id":"https:\/\/vieassociative.be\/actualites\/#\/schema\/person\/b87ac4f82f9d4e7b7cec7395b679edc4"},"headline":"Mon Amazon de la journ\u00e9e pr\u00e9f\u00e9r\u00e9e: le Sonos Roal 2 Pr\u00e9sident portable","datePublished":"2025-05-26T01:19:41+00:00","dateModified":"2025-05-26T01:19:41+00:00","mainEntityOfPage":{"@id":"https:\/\/vieassociative.be\/actualites\/mon-amazon-de-la-journee-preferee-le-sonos-roal-2-president-portable\/"},"wordCount":419,"publisher":{"@id":"https:\/\/vieassociative.be\/actualites\/#organization"},"image":{"@id":"https:\/\/vieassociative.be\/actualites\/mon-amazon-de-la-journee-preferee-le-sonos-roal-2-president-portable\/#primaryimage"},"thumbnailUrl":"https:\/\/vieassociative.be\/actualites\/wp-content\/uploads\/2025\/05\/Mon-Amazon-de-la-journee-preferee-le-Sonos-Roal-2.png","keywords":["Amazon","journ\u00e9e","Mon","portable","pr\u00e9f\u00e9r\u00e9e","pr\u00e9sident","Roal","Sonos"],"articleSection":["Technologie"],"inLanguage":"fr-BE"},{"@type":"WebPage","@id":"https:\/\/vieassociative.be\/actualites\/mon-amazon-de-la-journee-preferee-le-sonos-roal-2-president-portable\/","url":"https:\/\/vieassociative.be\/actualites\/mon-amazon-de-la-journee-preferee-le-sonos-roal-2-president-portable\/","name":"Mon Amazon de la journ\u00e9e pr\u00e9f\u00e9r\u00e9e: le Sonos Roal 2 Pr\u00e9sident portable | Vie Associative","isPartOf":{"@id":"https:\/\/vieassociative.be\/actualites\/#website"},"primaryImageOfPage":{"@id":"https:\/\/vieassociative.be\/actualites\/mon-amazon-de-la-journee-preferee-le-sonos-roal-2-president-portable\/#primaryimage"},"image":{"@id":"https:\/\/vieassociative.be\/actualites\/mon-amazon-de-la-journee-preferee-le-sonos-roal-2-president-portable\/#primaryimage"},"thumbnailUrl":"https:\/\/vieassociative.be\/actualites\/wp-content\/uploads\/2025\/05\/Mon-Amazon-de-la-journee-preferee-le-Sonos-Roal-2.png","datePublished":"2025-05-26T01:19:41+00:00","dateModified":"2025-05-26T01:19:41+00:00","breadcrumb":{"@id":"https:\/\/vieassociative.be\/actualites\/mon-amazon-de-la-journee-preferee-le-sonos-roal-2-president-portable\/#breadcrumb"},"inLanguage":"fr-BE","potentialAction":[{"@type":"ReadAction","target":["https:\/\/vieassociative.be\/actualites\/mon-amazon-de-la-journee-preferee-le-sonos-roal-2-president-portable\/"]}]},{"@type":"ImageObject","inLanguage":"fr-BE","@id":"https:\/\/vieassociative.be\/actualites\/mon-amazon-de-la-journee-preferee-le-sonos-roal-2-president-portable\/#primaryimage","url":"https:\/\/vieassociative.be\/actualites\/wp-content\/uploads\/2025\/05\/Mon-Amazon-de-la-journee-preferee-le-Sonos-Roal-2.png","contentUrl":"https:\/\/vieassociative.be\/actualites\/wp-content\/uploads\/2025\/05\/Mon-Amazon-de-la-journee-preferee-le-Sonos-Roal-2.png","width":1200,"height":675,"caption":"Mon Amazon de la journ\u00e9e pr\u00e9f\u00e9r\u00e9e: le Sonos Roal 2 Pr\u00e9sident portable"},{"@type":"BreadcrumbList","@id":"https:\/\/vieassociative.be\/actualites\/mon-amazon-de-la-journee-preferee-le-sonos-roal-2-president-portable\/#breadcrumb","itemListElement":[{"@type":"ListItem","position":1,"name":"Accueil","item":"https:\/\/vieassociative.be\/actualites\/"},{"@type":"ListItem","position":2,"name":"Mon Amazon de la journ\u00e9e pr\u00e9f\u00e9r\u00e9e: le Sonos Roal 2 Pr\u00e9sident portable"}]},{"@type":"WebSite","@id":"https:\/\/vieassociative.be\/actualites\/#website","url":"https:\/\/vieassociative.be\/actualites\/","name":"Vie Associative","description":"","publisher":{"@id":"https:\/\/vieassociative.be\/actualites\/#organization"},"potentialAction":[{"@type":"SearchAction","target":{"@type":"EntryPoint","urlTemplate":"https:\/\/vieassociative.be\/actualites\/?s={search_term_string}"},"query-input":{"@type":"PropertyValueSpecification","valueRequired":true,"valueName":"search_term_string"}}],"inLanguage":"fr-BE"},{"@type":"Organization","@id":"https:\/\/vieassociative.be\/actualites\/#organization","name":"Vie Associative","url":"https:\/\/vieassociative.be\/actualites\/","logo":{"@type":"ImageObject","inLanguage":"fr-BE","@id":"https:\/\/vieassociative.be\/actualites\/#\/schema\/logo\/image\/","url":"https:\/\/vieassociative.be\/actualites\/wp-content\/uploads\/2024\/09\/cropped-vieassociative_favicon.ico.png","contentUrl":"https:\/\/vieassociative.be\/actualites\/wp-content\/uploads\/2024\/09\/cropped-vieassociative_favicon.ico.png","width":512,"height":512,"caption":"Vie Associative"},"image":{"@id":"https:\/\/vieassociative.be\/actualites\/#\/schema\/logo\/image\/"}},{"@type":"Person","@id":"https:\/\/vieassociative.be\/actualites\/#\/schema\/person\/b87ac4f82f9d4e7b7cec7395b679edc4","name":"Julien","image":{"@type":"ImageObject","inLanguage":"fr-BE","@id":"https:\/\/vieassociative.be\/actualites\/#\/schema\/person\/image\/","url":"https:\/\/vieassociative.be\/actualites\/wp-content\/uploads\/2024\/09\/vie-associative-1-150x150.jpg","contentUrl":"https:\/\/vieassociative.be\/actualites\/wp-content\/uploads\/2024\/09\/vie-associative-1-150x150.jpg","caption":"Julien"},"description":"Je suis Julien, r\u00e9dacteur pour Vie Associative. Passionn\u00e9 par le monde associatif depuis plus de 10 ans, j'ai \u00e0 c\u0153ur de partager des histoires inspirantes et de mettre en lumi\u00e8re les initiatives locales. Mon objectif est de sensibiliser et d'encourager l'engagement communautaire \u00e0 travers mes articles.","sameAs":["https:\/\/vieassociative.be\/"]}]}},"_links":{"self":[{"href":"https:\/\/vieassociative.be\/actualites\/wp-json\/wp\/v2\/posts\/7776"}],"collection":[{"href":"https:\/\/vieassociative.be\/actualites\/wp-json\/wp\/v2\/posts"}],"about":[{"href":"https:\/\/vieassociative.be\/actualites\/wp-json\/wp\/v2\/types\/post"}],"author":[{"embeddable":true,"href":"https:\/\/vieassociative.be\/actualites\/wp-json\/wp\/v2\/users\/1"}],"replies":[{"embeddable":true,"href":"https:\/\/vieassociative.be\/actualites\/wp-json\/wp\/v2\/comments?post=7776"}],"version-history":[{"count":0,"href":"https:\/\/vieassociative.be\/actualites\/wp-json\/wp\/v2\/posts\/7776\/revisions"}],"wp:featuredmedia":[{"embeddable":true,"href":"https:\/\/vieassociative.be\/actualites\/wp-json\/wp\/v2\/media\/7777"}],"wp:attachment":[{"href":"https:\/\/vieassociative.be\/actualites\/wp-json\/wp\/v2\/media?parent=7776"}],"wp:term":[{"taxonomy":"category","embeddable":true,"href":"https:\/\/vieassociative.be\/actualites\/wp-json\/wp\/v2\/categories?post=7776"},{"taxonomy":"post_tag","embeddable":true,"href":"https:\/\/vieassociative.be\/actualites\/wp-json\/wp\/v2\/tags?post=7776"}],"curies":[{"name":"wp","href":"https:\/\/api.w.org\/{rel}","templated":true}]}}