{"id":7772,"date":"2025-05-25T21:17:25","date_gmt":"2025-05-25T19:17:25","guid":{"rendered":"https:\/\/vieassociative.be\/actualites\/le-nouveau-finder-des-sentiers-de-garmin-sonne-bien-mais-il-na-pas-mes-sentiers-preferes\/"},"modified":"2025-05-25T21:17:25","modified_gmt":"2025-05-25T19:17:25","slug":"le-nouveau-finder-des-sentiers-de-garmin-sonne-bien-mais-il-na-pas-mes-sentiers-preferes","status":"publish","type":"post","link":"https:\/\/vieassociative.be\/actualites\/le-nouveau-finder-des-sentiers-de-garmin-sonne-bien-mais-il-na-pas-mes-sentiers-preferes\/","title":{"rendered":"Le nouveau Finder des sentiers de Garmin sonne bien, mais il n&rsquo;a pas mes sentiers pr\u00e9f\u00e9r\u00e9s"},"content":{"rendered":"<div class=\"mt-4 leading-6 md:mb-8\">Qui utiliserait cela sur Alltrails?<\/div>\n<p><\/p>\n<p>Garmin a lanc\u00e9 une nouvelle fonctionnalit\u00e9 dans son application Connect (l&rsquo;application Companion que vous utilisez lorsque vous synchronisez votre montre avec votre t\u00e9l\u00e9phone). Il s&rsquo;appelle Garmin Trails, et il pr\u00e9tend vous aider \u00e0 trouver des sentiers de randonn\u00e9e pr\u00e8s de chez vous. Avec un abonnement Connect +, vous pouvez m\u00eame synchroniser des cours pour ces sentiers \u00e0 votre montre compatible MAP. <\/p>\n<p>Cela semble plut\u00f4t g\u00e9nial. Malheureusement, sa s\u00e9lection de sentiers est assez d\u00e9cevante lors du lancement &#8211; cela ne sugg\u00e8re m\u00eame pas d&rsquo;essayer mes propres sentiers pr\u00e9f\u00e9r\u00e9s.<\/p>\n<h2 id=\"how-to-access-garmin-trails\">Comment acc\u00e9der aux sentiers Garmin<\/h2>\n<p>Vous n&rsquo;avez pas besoin d&rsquo;un abonnement Connect + pour rechercher des sentiers, filtrer les fonctionnalit\u00e9s et consulter les itin\u00e9raires et les critiques de Trail, tout cela vient gratuitement avec l&rsquo;application Connect ordinaire, que ce soit sur votre t\u00e9l\u00e9phone ou via l&rsquo;interface Web Connect. Si vous avez un appareil Garmin, vous avez d\u00e9j\u00e0 une connexion pour ces services. <\/p>\n<p>Pour le trouver Garmin Trails de l&rsquo;int\u00e9rieur de la connexion, appuyez sur <strong>Plus<\/strong> menu dans l&rsquo;application, trouver et appuyer <strong>Formation et planification<\/strong>puis faites d\u00e9filer vers <strong>Sentiers Garmin<\/strong>. Vous recevrez une carte des sentiers sugg\u00e9r\u00e9s. Zoomez la carte et appuyez sur les Ic\u00f4nes Little Raiker pour voir chaque sentier individuel ou rechercher par nom dans la barre de recherche ci-dessus. Malheureusement, les r\u00e9sultats de la recherche ne sont pas tri\u00e9s de mani\u00e8re logique, comme par distance. Si je recherche le nom d&rsquo;un sentier pr\u00e8s de moi en Pennsylvanie, je vois les r\u00e9sultats du Maine et du Maryland <em>avant<\/em> Les Pennsylvanie.<\/p>\n<p>Il existe \u00e9galement une ic\u00f4ne de filtre, que vous pouvez utiliser pour limiter vos r\u00e9sultats par distance de votre emplacement actuel, la quantit\u00e9 d&rsquo;ascension dans le sentier, ainsi que la notation, la difficult\u00e9, le type de sentier et les fonctionnalit\u00e9s. <\/p>\n<p>Les fonctionnalit\u00e9s que vous pouvez filtrer comprennent: <\/p>\n<ul>\n<li>\n<p>Convivial<\/p>\n<\/li>\n<li>\n<p>Pas de chiens<\/p>\n<\/li>\n<li>\n<p>Cascades<\/p>\n<\/li>\n<li>\n<p>Lacs<\/p>\n<\/li>\n<li>\n<p>Rivi\u00e8res<\/p>\n<\/li>\n<li>\n<p>Oc\u00e9ans<\/p>\n<\/li>\n<li>\n<p>Alpinisme<\/p>\n<\/li>\n<li>\n<p>Sections raides<\/p>\n<\/li>\n<li>\n<p>For\u00eat<\/p>\n<\/li>\n<li>\n<p>Fleurs<\/p>\n<\/li>\n<li>\n<p>Aux enfants sympathiques<\/p>\n<\/li>\n<li>\n<p>Permis requis<\/p>\n<\/li>\n<li>\n<p>Sources d&rsquo;eau<\/p>\n<\/li>\n<li>\n<p>Atteint des pics<\/p>\n<\/li>\n<li>\n<p>Route accident\u00e9e<\/p>\n<\/li>\n<\/ul>\n<h2 id=\"only-the-us-and-a-few-european-countries-are-supported-right-now\">Seuls les \u00c9tats-Unis et quelques pays europ\u00e9ens sont soutenus en ce moment<\/h2>\n<p>Lors du lancement, les sentiers ne sont disponibles qu&rsquo;aux \u00c9tats-Unis et dans quatre pays europ\u00e9ens: l&rsquo;Autriche, l&rsquo;Allemagne, le Lichtenstein et la Suisse. \u00abDe nouveaux sentiers dans diff\u00e9rentes r\u00e9gions seront ajout\u00e9s p\u00e9riodiquement\u00bb, explique une page d&rsquo;assistance Garmin.<\/p>\n<p>L&rsquo;annonce originale de Garmin n&rsquo;a pas mentionn\u00e9 cette restriction, une grande partie du bavardage que je vois \u00e0 propos de cette ligne implique la d\u00e9ception de la part des utilisateurs en dehors de cette poign\u00e9e de pays. Cet \u00e9crivain au Royaume-Uni, par exemple, appelle la fonctionnalit\u00e9 \u00abNotrails\u00bb (r\u00e9f\u00e9ren\u00e7ant les concurrents Alltrails, obtenez-le?) <\/p>\n<p>Aux \u00c9tats-Unis, je vois d\u00e9finitivement <em>quelques<\/em> sentiers, mais pas assez pour rendre la fonctionnalit\u00e9 particuli\u00e8rement utile. <\/p>\n<h2 id=\"im-just-not-seeing-a-lot-of-trails\">Je ne vois pas beaucoup de sentiers<\/h2>\n<p>J&rsquo;aime courir et faire de la randonn\u00e9e sur les sentiers, et je vis pr\u00e8s d&rsquo;un parc de comt\u00e9 qui est absolument cribl\u00e9 de sentiers randables, coulissables et de VTT \u00e0 v\u00e9lo. Il y a un groupe de course de sentiers local qui se r\u00e9unit six fois par semaine, apparemment toujours \u00e0 un endroit diff\u00e9rent (je suis s\u00fbr qu&rsquo;ils r\u00e9p\u00e8tent leurs favoris, mais il y a beaucoup de vari\u00e9t\u00e9 propos\u00e9e). Alors, qu&rsquo;est-ce que Garmin Trails a dans sa base de donn\u00e9es pour ma r\u00e9gion? <\/p>\n<p>Voici Garmin \u00e0 gauche et le site Web du comt\u00e9 des sentiers \u00e0 droite: <\/p>\n<div class=\"eloquent-imagery-image\">\n<div class=\"flex justify-center\">\n                    <img decoding=\"async\" class=\"border border-gray-100\" src=\"https:\/\/vieassociative.be\/actualites\/wp-content\/uploads\/2025\/05\/Le-nouveau-Finder-des-sentiers-de-Garmin-sonne-bien-mais.jpg\" alt=\"North Park Trails \u00e0 Garmin (\u00e0 gauche) et le site Web du comt\u00e9 d'Allegheny (\u00e0 droite)\" width=\"2000\" height=\"1125\" loading=\"lazy\"  >\n            <\/div>\n<\/p><\/div>\n<p>F\u00e9licitations \u00e0 Garmin pour conna\u00eetre le Rachel Carson Trail, ce long qui appara\u00eet comme une ligne noire. Il fait 46 miles de long et assez connu dans la r\u00e9gion. Garmin l&rsquo;a r\u00e9pertori\u00e9 comme une s\u00e9rie de segments courts. Ils sont correctement \u00e9tiquet\u00e9s comme une difficult\u00e9 \u00abdure\u00bb. <\/p>\n<p>Mais toute la r\u00e9gion de North Park a <em>deux<\/em> sentiers? Je ne sais m\u00eame pas comment une personne d\u00e9couvrirait les sentiers orange et verts sans en apprendre davantage sur tous les autres dans le parc. O\u00f9 est le sentier rouge, avec sa branche rouge et bleu avec tous les lacets? O\u00f9 est le sentier plat d&rsquo;un demi-mile par le centre naturel sur lequel j&rsquo;ai toujours emmen\u00e9 mes enfants quand ils \u00e9taient petits? O\u00f9 est le sentier blanc qui fait le tour des terrains de baseball?  <\/p>\n<div class=\"pogoClear relative my-10 border-b-(1.5px) border-t-(1.5px) border-dashed border-black py-5 sm:my-14 sm:border-0 sm:py-0\" data-ga-click data-ga-template=\"Explainers\" data-ga-module=\"openweb_widget\" data-ga-element=\"openweb_scroll\" data-ga-item=\"openweb_scroll_midpage\" x-cloak x-data=\"{ commentsCount: null, hasComments: false }\" x-init=\"commentsCount = await window.openweb.getMessagesCount(01JVZ06Q30YJ67YKQ13H1NBGDB);\n     hasComments = commentsCount !== null &amp;&amp; commentsCount &gt; 0\"><\/p>\n<div class=\"absolute top-1\/2 hidden w-full -translate-y-1\/2 border-t-(1.5px) border-dashed border-black sm:block\"><\/div>\n<div class=\"relative flex justify-center\">\n<div class=\"flex max-w-max items-center gap-x-3 bg-white px-5\">\n<div class=\"relative\">\n                <span class=\"absolute left-1\/2 top-1\/2 -translate-x-1\/2 -translate-y-1\/2 font-akshar text-sm font-medium text-black\" x-show=\"hasComments\" x-text=\"commentsCount\"><\/span><\/p>\n<p>                <svg class=\"h-8 w-8 text-black\">\n                    <use href=\"http:\/\/lifehacker.com\/images\/icons\/spritemap.svg#sprite-chat-bubble\"><\/use>\n                <\/svg>\n            <\/div>\n<p>            <span class=\"text-sm font-medium text-black\"><\/p>\n<p>                Que pensez-vous jusqu&rsquo;\u00e0 pr\u00e9sent?<br \/>\n                <button class=\"font-semibold text-brand-green underline hover:text-brand-green-700\" onclick=\"window.openweb.scrollToComments('01JVZ06Q30YJ67YKQ13H1NBGDB')\" x-text=\"hasComments ? 'Post a comment.' : 'Be the first to post a comment.'\"><\/button><br \/>\n            <\/span>\n        <\/div>\n<\/p><\/div>\n<\/div>\n<p>Quant \u00e0 ces sentiers orange et verts, les deux sont \u00e9tiquet\u00e9s avec leur distance correcte, mais ils sont \u00e9galement tous les deux marqu\u00e9s comme \u00abfaciles\u00bb, ce qu&rsquo;ils ne sont certainement pas. J&rsquo;ai fait un sentier la semaine derni\u00e8re qui comprenait tout le sentier orange et une partie du vert. C&rsquo;\u00e9tait environ cinq miles et avait <em>800 pieds<\/em> de gain d&rsquo;altitude. Ce n&rsquo;est pas du tout un sentier facile. <\/p>\n<p>J&rsquo;ai demand\u00e9 \u00e0 un repr\u00e9sentant de Garmin d&rsquo;o\u00f9 vient les donn\u00e9es du sentier et on m&rsquo;a dit que Garmin avait utilis\u00e9: \u00abUne vari\u00e9t\u00e9 de sources et notre \u00e9quipe de cartographie interne.\u00bb Pour autant que je sache, ils ne sont pas copi\u00e9s \u00e0 partir de Alltrails ou de toute autre source, ou du moins pas directement. (Peut-\u00eatre mieux s&rsquo;ils l&rsquo;\u00e9taient; Alltrails a le sentier vert plus raisonnablement \u00e9tiquet\u00e9 comme mod\u00e9r\u00e9 plut\u00f4t que facile.)<\/p>\n<p>En parcourant d&rsquo;autres domaines que je connais, il semble que les sentiers les plus embl\u00e9matiques de tous les endroits se trouvent dans la base de donn\u00e9es, donc cet outil n&rsquo;est pas <em>inutile<\/em>juste incomplet (esp\u00e9rons-le temporairement). Quelques-uns des sentiers de Gorge, je me souviens le plus affectueusement d&rsquo;Ithaca, NY sont l\u00e0-dedans. Le parc national de Yellowstone a de nombreux sentiers \u00e9tiquet\u00e9s. <\/p>\n<p>J&rsquo;ai demand\u00e9 \u00e0 son coll\u00e8gue de Vie Associative Daniel Oropeza de rechercher des sentiers dans les zones qu&rsquo;il connaissait, et il a compar\u00e9 la zone de la cascade des trois s\u0153urs \u00e0 Garmin et Alltrails. Garmin a un sentier vers la cascade, alors qu&rsquo;il y en a en fait quatre; La zone plus large compte 19 sentiers dans la base de donn\u00e9es Garmin, mais 143 dans Alltrails. <\/p>\n<div class=\"eloquent-imagery-image\">\n<div class=\"flex justify-center\">\n                    <img decoding=\"async\" class=\"border border-gray-100\" src=\"https:\/\/vieassociative.be\/actualites\/wp-content\/uploads\/2025\/05\/1748200645_490_Le-nouveau-Finder-des-sentiers-de-Garmin-sonne-bien-mais.jpg\" alt=\"Zone de cascade de trois soeurs \u00e0 Garmin (\u00e0 gauche) et Alltrails (\u00e0 droite)\" width=\"2000\" height=\"1125\" loading=\"lazy\"  >\n            <\/div>\n<\/p><\/div>\n<h2 id=\"its-free-to-browse-trails-but-you-must-pay-to-send-them-to-your-watch\">C&rsquo;est gratuit pour parcourir les sentiers, mais vous devez payer pour les envoyer \u00e0 votre montre<\/h2>\n<p>Garmin Trails semble \u00eatre un Sweeter pour le nouveau niveau d&rsquo;abonnement Connect +. La fonction de sentiers elle-m\u00eame est gratuite, mais seuls les abonn\u00e9s pour connecter + (ou maps +, une autre offre Garmin) peuvent envoyer des cours de sentier de cette base de donn\u00e9es \u00e0 leurs appareils. Les appareils compatibles incluent tout ce qui prend en charge les cours, comme Fenix \u200b\u200ble plus r\u00e9cent, le pr\u00e9curseur et les montres instinct\u00e9es (et les ordinateurs de cyclisme Edge). Une montre qui prend en charge les cartes, comme le nouveau Forerunner 970, serait un jumelage naturel avec cette nouvelle fonctionnalit\u00e9.<\/p>\n<p>Les sentiers semblent \u00e9galement \u00eatre une version l\u00e9g\u00e8rement diff\u00e9rente de la caract\u00e9ristique des cours que Garmin a depuis un certain temps. (Vous pouvez trouver des cours sur ce lien, si vous avez une connexion Garmin). Les cours peuvent \u00eatre priv\u00e9s ou cr\u00e9\u00e9s par l&rsquo;utilisateur; Il n&rsquo;y a actuellement aucun moyen pour les utilisateurs de cr\u00e9er une piste. Cela signifie qu&rsquo;il peut y avoir plusieurs versions du m\u00eame sentier, et des cours qui ne correspondent pas \u00e0 un sentier sp\u00e9cifique &#8211; quelqu&rsquo;un qui a couru une partie de l&rsquo;Orange et une partie du vert, disons, parce que cela leur restait pratique le jour o\u00f9 ils ont cr\u00e9\u00e9 ce cours. <\/p>\n<p>Si plus de sentiers sont ajout\u00e9s aux sentiers Garmin, il pourrait \u00e9ventuellement \u00eatre une fonctionnalit\u00e9 utile. Les notes, commentaires et filtres des sentiers sont utiles \u00e0 avoir. Mais Alltrails <em>d\u00e9j\u00e0<\/em> A ces fonctionnalit\u00e9s, et vous pouvez charger des routes Alltrails vers votre montre Garmin si vous vous abonnez \u00e0 Alltrails Plus, qui est de 35,99 $ \/ an &#8211; Cheper que Garmin Connect +, ce qui vous co\u00fbtera 6,99 $ \/ mois ou 69,99 $ \/ an.<\/p>\n","protected":false},"excerpt":{"rendered":"<p>Qui utiliserait cela sur Alltrails? Garmin a lanc\u00e9 une nouvelle fonctionnalit\u00e9 dans son application Connect (l&rsquo;application Companion que vous utilisez lorsque vous synchronisez votre montre<\/p>\n","protected":false},"author":1,"featured_media":7773,"comment_status":"","ping_status":"","sticky":false,"template":"","format":"standard","meta":{"footnotes":""},"categories":[38],"tags":[254,29,1944,3685,156,87,553,126,89,7151,7152],"class_list":["post-7772","post","type-post","status-publish","format-standard","has-post-thumbnail","hentry","category-sante","tag-bien","tag-des","tag-finder","tag-garmin","tag-mais","tag-mes","tag-nouveau","tag-pas","tag-preferes","tag-sentiers","tag-sonne","generate-columns","tablet-grid-50","mobile-grid-100","grid-parent","grid-33"],"yoast_head":"<!-- This site is optimized with the Yoast SEO plugin v24.0 - https:\/\/yoast.com\/wordpress\/plugins\/seo\/ -->\n<title>Le nouveau Finder des sentiers de Garmin sonne bien, mais il n&#039;a pas mes sentiers pr\u00e9f\u00e9r\u00e9s | Vie Associative<\/title>\n<meta name=\"robots\" content=\"index, follow, max-snippet:-1, max-image-preview:large, max-video-preview:-1\" \/>\n<link rel=\"canonical\" href=\"https:\/\/vieassociative.be\/actualites\/le-nouveau-finder-des-sentiers-de-garmin-sonne-bien-mais-il-na-pas-mes-sentiers-preferes\/\" \/>\n<meta property=\"og:locale\" content=\"fr_FR\" \/>\n<meta property=\"og:type\" content=\"article\" \/>\n<meta property=\"og:title\" content=\"Le nouveau Finder des sentiers de Garmin sonne bien, mais il n&#039;a pas mes sentiers pr\u00e9f\u00e9r\u00e9s | Vie Associative\" \/>\n<meta property=\"og:description\" content=\"Qui utiliserait cela sur Alltrails? Garmin a lanc\u00e9 une nouvelle fonctionnalit\u00e9 dans son application Connect (l&rsquo;application Companion que vous utilisez lorsque vous synchronisez votre montre\" \/>\n<meta property=\"og:url\" content=\"https:\/\/vieassociative.be\/actualites\/le-nouveau-finder-des-sentiers-de-garmin-sonne-bien-mais-il-na-pas-mes-sentiers-preferes\/\" \/>\n<meta property=\"og:site_name\" content=\"Vie Associative\" \/>\n<meta property=\"article:published_time\" content=\"2025-05-25T19:17:25+00:00\" \/>\n<meta property=\"og:image\" content=\"https:\/\/vieassociative.be\/actualites\/wp-content\/uploads\/2025\/05\/Le-nouveau-Finder-des-sentiers-de-Garmin-sonne-bien-mais.jpg\" \/>\n<meta name=\"author\" content=\"Julien\" \/>\n<meta name=\"twitter:card\" content=\"summary_large_image\" \/>\n<meta name=\"twitter:label1\" content=\"\u00c9crit par\" \/>\n\t<meta name=\"twitter:data1\" content=\"Julien\" \/>\n\t<meta name=\"twitter:label2\" content=\"Dur\u00e9e de lecture est.\" \/>\n\t<meta name=\"twitter:data2\" content=\"7 minutes\" \/>\n<script type=\"application\/ld+json\" class=\"yoast-schema-graph\">{\"@context\":\"https:\/\/schema.org\",\"@graph\":[{\"@type\":\"Article\",\"@id\":\"https:\/\/vieassociative.be\/actualites\/le-nouveau-finder-des-sentiers-de-garmin-sonne-bien-mais-il-na-pas-mes-sentiers-preferes\/#article\",\"isPartOf\":{\"@id\":\"https:\/\/vieassociative.be\/actualites\/le-nouveau-finder-des-sentiers-de-garmin-sonne-bien-mais-il-na-pas-mes-sentiers-preferes\/\"},\"author\":{\"name\":\"Julien\",\"@id\":\"https:\/\/vieassociative.be\/actualites\/#\/schema\/person\/b87ac4f82f9d4e7b7cec7395b679edc4\"},\"headline\":\"Le nouveau Finder des sentiers de Garmin sonne bien, mais il n&rsquo;a pas mes sentiers pr\u00e9f\u00e9r\u00e9s\",\"datePublished\":\"2025-05-25T19:17:25+00:00\",\"dateModified\":\"2025-05-25T19:17:25+00:00\",\"mainEntityOfPage\":{\"@id\":\"https:\/\/vieassociative.be\/actualites\/le-nouveau-finder-des-sentiers-de-garmin-sonne-bien-mais-il-na-pas-mes-sentiers-preferes\/\"},\"wordCount\":1388,\"publisher\":{\"@id\":\"https:\/\/vieassociative.be\/actualites\/#organization\"},\"image\":{\"@id\":\"https:\/\/vieassociative.be\/actualites\/le-nouveau-finder-des-sentiers-de-garmin-sonne-bien-mais-il-na-pas-mes-sentiers-preferes\/#primaryimage\"},\"thumbnailUrl\":\"https:\/\/vieassociative.be\/actualites\/wp-content\/uploads\/2025\/05\/Le-nouveau-Finder-des-sentiers-de-Garmin-sonne-bien-mais.png\",\"keywords\":[\"bien\",\"Des\",\"Finder\",\"Garmin\",\"mais\",\"Mes\",\"nouveau\",\"pas\",\"pr\u00e9f\u00e9r\u00e9s\",\"sentiers\",\"sonne\"],\"articleSection\":[\"Sant\u00e9\"],\"inLanguage\":\"fr-BE\"},{\"@type\":\"WebPage\",\"@id\":\"https:\/\/vieassociative.be\/actualites\/le-nouveau-finder-des-sentiers-de-garmin-sonne-bien-mais-il-na-pas-mes-sentiers-preferes\/\",\"url\":\"https:\/\/vieassociative.be\/actualites\/le-nouveau-finder-des-sentiers-de-garmin-sonne-bien-mais-il-na-pas-mes-sentiers-preferes\/\",\"name\":\"Le nouveau Finder des sentiers de Garmin sonne bien, mais il n'a pas mes sentiers pr\u00e9f\u00e9r\u00e9s | Vie Associative\",\"isPartOf\":{\"@id\":\"https:\/\/vieassociative.be\/actualites\/#website\"},\"primaryImageOfPage\":{\"@id\":\"https:\/\/vieassociative.be\/actualites\/le-nouveau-finder-des-sentiers-de-garmin-sonne-bien-mais-il-na-pas-mes-sentiers-preferes\/#primaryimage\"},\"image\":{\"@id\":\"https:\/\/vieassociative.be\/actualites\/le-nouveau-finder-des-sentiers-de-garmin-sonne-bien-mais-il-na-pas-mes-sentiers-preferes\/#primaryimage\"},\"thumbnailUrl\":\"https:\/\/vieassociative.be\/actualites\/wp-content\/uploads\/2025\/05\/Le-nouveau-Finder-des-sentiers-de-Garmin-sonne-bien-mais.png\",\"datePublished\":\"2025-05-25T19:17:25+00:00\",\"dateModified\":\"2025-05-25T19:17:25+00:00\",\"breadcrumb\":{\"@id\":\"https:\/\/vieassociative.be\/actualites\/le-nouveau-finder-des-sentiers-de-garmin-sonne-bien-mais-il-na-pas-mes-sentiers-preferes\/#breadcrumb\"},\"inLanguage\":\"fr-BE\",\"potentialAction\":[{\"@type\":\"ReadAction\",\"target\":[\"https:\/\/vieassociative.be\/actualites\/le-nouveau-finder-des-sentiers-de-garmin-sonne-bien-mais-il-na-pas-mes-sentiers-preferes\/\"]}]},{\"@type\":\"ImageObject\",\"inLanguage\":\"fr-BE\",\"@id\":\"https:\/\/vieassociative.be\/actualites\/le-nouveau-finder-des-sentiers-de-garmin-sonne-bien-mais-il-na-pas-mes-sentiers-preferes\/#primaryimage\",\"url\":\"https:\/\/vieassociative.be\/actualites\/wp-content\/uploads\/2025\/05\/Le-nouveau-Finder-des-sentiers-de-Garmin-sonne-bien-mais.png\",\"contentUrl\":\"https:\/\/vieassociative.be\/actualites\/wp-content\/uploads\/2025\/05\/Le-nouveau-Finder-des-sentiers-de-Garmin-sonne-bien-mais.png\",\"width\":1200,\"height\":675,\"caption\":\"Le nouveau Finder des sentiers de Garmin sonne bien, mais il n'a pas mes sentiers pr\u00e9f\u00e9r\u00e9s\"},{\"@type\":\"BreadcrumbList\",\"@id\":\"https:\/\/vieassociative.be\/actualites\/le-nouveau-finder-des-sentiers-de-garmin-sonne-bien-mais-il-na-pas-mes-sentiers-preferes\/#breadcrumb\",\"itemListElement\":[{\"@type\":\"ListItem\",\"position\":1,\"name\":\"Accueil\",\"item\":\"https:\/\/vieassociative.be\/actualites\/\"},{\"@type\":\"ListItem\",\"position\":2,\"name\":\"Le nouveau Finder des sentiers de Garmin sonne bien, mais il n&rsquo;a pas mes sentiers pr\u00e9f\u00e9r\u00e9s\"}]},{\"@type\":\"WebSite\",\"@id\":\"https:\/\/vieassociative.be\/actualites\/#website\",\"url\":\"https:\/\/vieassociative.be\/actualites\/\",\"name\":\"Vie Associative\",\"description\":\"\",\"publisher\":{\"@id\":\"https:\/\/vieassociative.be\/actualites\/#organization\"},\"potentialAction\":[{\"@type\":\"SearchAction\",\"target\":{\"@type\":\"EntryPoint\",\"urlTemplate\":\"https:\/\/vieassociative.be\/actualites\/?s={search_term_string}\"},\"query-input\":{\"@type\":\"PropertyValueSpecification\",\"valueRequired\":true,\"valueName\":\"search_term_string\"}}],\"inLanguage\":\"fr-BE\"},{\"@type\":\"Organization\",\"@id\":\"https:\/\/vieassociative.be\/actualites\/#organization\",\"name\":\"Vie Associative\",\"url\":\"https:\/\/vieassociative.be\/actualites\/\",\"logo\":{\"@type\":\"ImageObject\",\"inLanguage\":\"fr-BE\",\"@id\":\"https:\/\/vieassociative.be\/actualites\/#\/schema\/logo\/image\/\",\"url\":\"https:\/\/vieassociative.be\/actualites\/wp-content\/uploads\/2024\/09\/cropped-vieassociative_favicon.ico.png\",\"contentUrl\":\"https:\/\/vieassociative.be\/actualites\/wp-content\/uploads\/2024\/09\/cropped-vieassociative_favicon.ico.png\",\"width\":512,\"height\":512,\"caption\":\"Vie Associative\"},\"image\":{\"@id\":\"https:\/\/vieassociative.be\/actualites\/#\/schema\/logo\/image\/\"}},{\"@type\":\"Person\",\"@id\":\"https:\/\/vieassociative.be\/actualites\/#\/schema\/person\/b87ac4f82f9d4e7b7cec7395b679edc4\",\"name\":\"Julien\",\"image\":{\"@type\":\"ImageObject\",\"inLanguage\":\"fr-BE\",\"@id\":\"https:\/\/vieassociative.be\/actualites\/#\/schema\/person\/image\/\",\"url\":\"https:\/\/vieassociative.be\/actualites\/wp-content\/uploads\/2024\/09\/vie-associative-1-150x150.jpg\",\"contentUrl\":\"https:\/\/vieassociative.be\/actualites\/wp-content\/uploads\/2024\/09\/vie-associative-1-150x150.jpg\",\"caption\":\"Julien\"},\"description\":\"Je suis Julien, r\u00e9dacteur pour Vie Associative. Passionn\u00e9 par le monde associatif depuis plus de 10 ans, j'ai \u00e0 c\u0153ur de partager des histoires inspirantes et de mettre en lumi\u00e8re les initiatives locales. Mon objectif est de sensibiliser et d'encourager l'engagement communautaire \u00e0 travers mes articles.\",\"sameAs\":[\"https:\/\/vieassociative.be\/\"]}]}<\/script>\n<!-- \/ Yoast SEO plugin. -->","yoast_head_json":{"title":"Le nouveau Finder des sentiers de Garmin sonne bien, mais il n'a pas mes sentiers pr\u00e9f\u00e9r\u00e9s | Vie Associative","robots":{"index":"index","follow":"follow","max-snippet":"max-snippet:-1","max-image-preview":"max-image-preview:large","max-video-preview":"max-video-preview:-1"},"canonical":"https:\/\/vieassociative.be\/actualites\/le-nouveau-finder-des-sentiers-de-garmin-sonne-bien-mais-il-na-pas-mes-sentiers-preferes\/","og_locale":"fr_FR","og_type":"article","og_title":"Le nouveau Finder des sentiers de Garmin sonne bien, mais il n'a pas mes sentiers pr\u00e9f\u00e9r\u00e9s | Vie Associative","og_description":"Qui utiliserait cela sur Alltrails? Garmin a lanc\u00e9 une nouvelle fonctionnalit\u00e9 dans son application Connect (l&rsquo;application Companion que vous utilisez lorsque vous synchronisez votre montre","og_url":"https:\/\/vieassociative.be\/actualites\/le-nouveau-finder-des-sentiers-de-garmin-sonne-bien-mais-il-na-pas-mes-sentiers-preferes\/","og_site_name":"Vie Associative","article_published_time":"2025-05-25T19:17:25+00:00","og_image":[{"url":"https:\/\/vieassociative.be\/actualites\/wp-content\/uploads\/2025\/05\/Le-nouveau-Finder-des-sentiers-de-Garmin-sonne-bien-mais.jpg","type":"","width":"","height":""}],"author":"Julien","twitter_card":"summary_large_image","twitter_misc":{"\u00c9crit par":"Julien","Dur\u00e9e de lecture est.":"7 minutes"},"schema":{"@context":"https:\/\/schema.org","@graph":[{"@type":"Article","@id":"https:\/\/vieassociative.be\/actualites\/le-nouveau-finder-des-sentiers-de-garmin-sonne-bien-mais-il-na-pas-mes-sentiers-preferes\/#article","isPartOf":{"@id":"https:\/\/vieassociative.be\/actualites\/le-nouveau-finder-des-sentiers-de-garmin-sonne-bien-mais-il-na-pas-mes-sentiers-preferes\/"},"author":{"name":"Julien","@id":"https:\/\/vieassociative.be\/actualites\/#\/schema\/person\/b87ac4f82f9d4e7b7cec7395b679edc4"},"headline":"Le nouveau Finder des sentiers de Garmin sonne bien, mais il n&rsquo;a pas mes sentiers pr\u00e9f\u00e9r\u00e9s","datePublished":"2025-05-25T19:17:25+00:00","dateModified":"2025-05-25T19:17:25+00:00","mainEntityOfPage":{"@id":"https:\/\/vieassociative.be\/actualites\/le-nouveau-finder-des-sentiers-de-garmin-sonne-bien-mais-il-na-pas-mes-sentiers-preferes\/"},"wordCount":1388,"publisher":{"@id":"https:\/\/vieassociative.be\/actualites\/#organization"},"image":{"@id":"https:\/\/vieassociative.be\/actualites\/le-nouveau-finder-des-sentiers-de-garmin-sonne-bien-mais-il-na-pas-mes-sentiers-preferes\/#primaryimage"},"thumbnailUrl":"https:\/\/vieassociative.be\/actualites\/wp-content\/uploads\/2025\/05\/Le-nouveau-Finder-des-sentiers-de-Garmin-sonne-bien-mais.png","keywords":["bien","Des","Finder","Garmin","mais","Mes","nouveau","pas","pr\u00e9f\u00e9r\u00e9s","sentiers","sonne"],"articleSection":["Sant\u00e9"],"inLanguage":"fr-BE"},{"@type":"WebPage","@id":"https:\/\/vieassociative.be\/actualites\/le-nouveau-finder-des-sentiers-de-garmin-sonne-bien-mais-il-na-pas-mes-sentiers-preferes\/","url":"https:\/\/vieassociative.be\/actualites\/le-nouveau-finder-des-sentiers-de-garmin-sonne-bien-mais-il-na-pas-mes-sentiers-preferes\/","name":"Le nouveau Finder des sentiers de Garmin sonne bien, mais il n'a pas mes sentiers pr\u00e9f\u00e9r\u00e9s | Vie Associative","isPartOf":{"@id":"https:\/\/vieassociative.be\/actualites\/#website"},"primaryImageOfPage":{"@id":"https:\/\/vieassociative.be\/actualites\/le-nouveau-finder-des-sentiers-de-garmin-sonne-bien-mais-il-na-pas-mes-sentiers-preferes\/#primaryimage"},"image":{"@id":"https:\/\/vieassociative.be\/actualites\/le-nouveau-finder-des-sentiers-de-garmin-sonne-bien-mais-il-na-pas-mes-sentiers-preferes\/#primaryimage"},"thumbnailUrl":"https:\/\/vieassociative.be\/actualites\/wp-content\/uploads\/2025\/05\/Le-nouveau-Finder-des-sentiers-de-Garmin-sonne-bien-mais.png","datePublished":"2025-05-25T19:17:25+00:00","dateModified":"2025-05-25T19:17:25+00:00","breadcrumb":{"@id":"https:\/\/vieassociative.be\/actualites\/le-nouveau-finder-des-sentiers-de-garmin-sonne-bien-mais-il-na-pas-mes-sentiers-preferes\/#breadcrumb"},"inLanguage":"fr-BE","potentialAction":[{"@type":"ReadAction","target":["https:\/\/vieassociative.be\/actualites\/le-nouveau-finder-des-sentiers-de-garmin-sonne-bien-mais-il-na-pas-mes-sentiers-preferes\/"]}]},{"@type":"ImageObject","inLanguage":"fr-BE","@id":"https:\/\/vieassociative.be\/actualites\/le-nouveau-finder-des-sentiers-de-garmin-sonne-bien-mais-il-na-pas-mes-sentiers-preferes\/#primaryimage","url":"https:\/\/vieassociative.be\/actualites\/wp-content\/uploads\/2025\/05\/Le-nouveau-Finder-des-sentiers-de-Garmin-sonne-bien-mais.png","contentUrl":"https:\/\/vieassociative.be\/actualites\/wp-content\/uploads\/2025\/05\/Le-nouveau-Finder-des-sentiers-de-Garmin-sonne-bien-mais.png","width":1200,"height":675,"caption":"Le nouveau Finder des sentiers de Garmin sonne bien, mais il n'a pas mes sentiers pr\u00e9f\u00e9r\u00e9s"},{"@type":"BreadcrumbList","@id":"https:\/\/vieassociative.be\/actualites\/le-nouveau-finder-des-sentiers-de-garmin-sonne-bien-mais-il-na-pas-mes-sentiers-preferes\/#breadcrumb","itemListElement":[{"@type":"ListItem","position":1,"name":"Accueil","item":"https:\/\/vieassociative.be\/actualites\/"},{"@type":"ListItem","position":2,"name":"Le nouveau Finder des sentiers de Garmin sonne bien, mais il n&rsquo;a pas mes sentiers pr\u00e9f\u00e9r\u00e9s"}]},{"@type":"WebSite","@id":"https:\/\/vieassociative.be\/actualites\/#website","url":"https:\/\/vieassociative.be\/actualites\/","name":"Vie Associative","description":"","publisher":{"@id":"https:\/\/vieassociative.be\/actualites\/#organization"},"potentialAction":[{"@type":"SearchAction","target":{"@type":"EntryPoint","urlTemplate":"https:\/\/vieassociative.be\/actualites\/?s={search_term_string}"},"query-input":{"@type":"PropertyValueSpecification","valueRequired":true,"valueName":"search_term_string"}}],"inLanguage":"fr-BE"},{"@type":"Organization","@id":"https:\/\/vieassociative.be\/actualites\/#organization","name":"Vie Associative","url":"https:\/\/vieassociative.be\/actualites\/","logo":{"@type":"ImageObject","inLanguage":"fr-BE","@id":"https:\/\/vieassociative.be\/actualites\/#\/schema\/logo\/image\/","url":"https:\/\/vieassociative.be\/actualites\/wp-content\/uploads\/2024\/09\/cropped-vieassociative_favicon.ico.png","contentUrl":"https:\/\/vieassociative.be\/actualites\/wp-content\/uploads\/2024\/09\/cropped-vieassociative_favicon.ico.png","width":512,"height":512,"caption":"Vie Associative"},"image":{"@id":"https:\/\/vieassociative.be\/actualites\/#\/schema\/logo\/image\/"}},{"@type":"Person","@id":"https:\/\/vieassociative.be\/actualites\/#\/schema\/person\/b87ac4f82f9d4e7b7cec7395b679edc4","name":"Julien","image":{"@type":"ImageObject","inLanguage":"fr-BE","@id":"https:\/\/vieassociative.be\/actualites\/#\/schema\/person\/image\/","url":"https:\/\/vieassociative.be\/actualites\/wp-content\/uploads\/2024\/09\/vie-associative-1-150x150.jpg","contentUrl":"https:\/\/vieassociative.be\/actualites\/wp-content\/uploads\/2024\/09\/vie-associative-1-150x150.jpg","caption":"Julien"},"description":"Je suis Julien, r\u00e9dacteur pour Vie Associative. Passionn\u00e9 par le monde associatif depuis plus de 10 ans, j'ai \u00e0 c\u0153ur de partager des histoires inspirantes et de mettre en lumi\u00e8re les initiatives locales. Mon objectif est de sensibiliser et d'encourager l'engagement communautaire \u00e0 travers mes articles.","sameAs":["https:\/\/vieassociative.be\/"]}]}},"_links":{"self":[{"href":"https:\/\/vieassociative.be\/actualites\/wp-json\/wp\/v2\/posts\/7772"}],"collection":[{"href":"https:\/\/vieassociative.be\/actualites\/wp-json\/wp\/v2\/posts"}],"about":[{"href":"https:\/\/vieassociative.be\/actualites\/wp-json\/wp\/v2\/types\/post"}],"author":[{"embeddable":true,"href":"https:\/\/vieassociative.be\/actualites\/wp-json\/wp\/v2\/users\/1"}],"replies":[{"embeddable":true,"href":"https:\/\/vieassociative.be\/actualites\/wp-json\/wp\/v2\/comments?post=7772"}],"version-history":[{"count":0,"href":"https:\/\/vieassociative.be\/actualites\/wp-json\/wp\/v2\/posts\/7772\/revisions"}],"wp:featuredmedia":[{"embeddable":true,"href":"https:\/\/vieassociative.be\/actualites\/wp-json\/wp\/v2\/media\/7773"}],"wp:attachment":[{"href":"https:\/\/vieassociative.be\/actualites\/wp-json\/wp\/v2\/media?parent=7772"}],"wp:term":[{"taxonomy":"category","embeddable":true,"href":"https:\/\/vieassociative.be\/actualites\/wp-json\/wp\/v2\/categories?post=7772"},{"taxonomy":"post_tag","embeddable":true,"href":"https:\/\/vieassociative.be\/actualites\/wp-json\/wp\/v2\/tags?post=7772"}],"curies":[{"name":"wp","href":"https:\/\/api.w.org\/{rel}","templated":true}]}}