{"id":7769,"date":"2025-05-25T16:17:56","date_gmt":"2025-05-25T14:17:56","guid":{"rendered":"https:\/\/vieassociative.be\/actualites\/espace-pour-350-loups-en-wallonie-patrick-spies-cest-une-planification-au-bureau-pas-en-realite\/"},"modified":"2025-05-25T16:17:56","modified_gmt":"2025-05-25T14:17:56","slug":"espace-pour-350-loups-en-wallonie-patrick-spies-cest-une-planification-au-bureau-pas-en-realite","status":"publish","type":"post","link":"https:\/\/vieassociative.be\/actualites\/espace-pour-350-loups-en-wallonie-patrick-spies-cest-une-planification-au-bureau-pas-en-realite\/","title":{"rendered":"Espace pour 350 loups en Wallonie? Patrick Spies: \u00ab\u00a0C&rsquo;est une planification au bureau, pas en r\u00e9alit\u00e9\u00a0\u00bb"},"content":{"rendered":"<p><strong>R\u00e9cemment, le d\u00e9put\u00e9 de Walloon, Patrick Spies (SP \/ PS), a interrog\u00e9 la ministre de l&rsquo;Agriculture Anne-Catherine Dalcq (MR) de la pr\u00e9sence de Wolf en Wallonie \u00e0 l&rsquo;occasion de l&rsquo;\u00e9laboration du nouveau \u00ab\u00a0WolfSplan 2026-2030\u00a0\u00bb.<\/strong><\/p>\n<p><span id=\"more-416281\"><\/span>Au centre de la discussion, il y avait une d\u00e9claration du ministre sur la limite de capacit\u00e9 attendue des loups en Wallonie. Selon le ministre, le plan de loup actuel suppose que la r\u00e9gion peut offrir de l&rsquo;espace pour jusqu&rsquo;\u00e0 40 packs &#8211; environ 350 loups. Dans le m\u00eame temps, il a \u00e9t\u00e9 admis que la limite sup\u00e9rieure socialement compatible, c&rsquo;est-\u00e0-dire l&rsquo;acceptation sociale, n&rsquo;a pas encore \u00e9t\u00e9 d\u00e9finie.<\/p>\n<p>Pour rappel: actuellement trois packs de loups vivent en Wallonie avec environ 25 animaux &#8211; la tendance augmente. Pour Patrick Spies, cette d\u00e9claration n&rsquo;est pas compr\u00e9hensible: \u00ab\u00a0Selon le ministre, notre r\u00e9gion dens\u00e9ment peupl\u00e9e devrait \u00eatre en mesure d&rsquo;absorber jusqu&rsquo;\u00e0 350 loups &#8211; mais en m\u00eame temps, il admet que personne ne sait ce que la population ou notre agriculture peut r\u00e9ellement faire face.<\/p>\n<div id=\"attachment_411538\" class=\"wp-caption alignleft\" style=\"max-width: 240px\"><img fetchpriority=\"high\" decoding=\"async\" class=\"wp-image-411538 size-medium\" src=\"https:\/\/vieassociative.be\/actualites\/wp-content\/uploads\/2025\/03\/Patrick-Spies-appelle-a-des-mesures-accrues-pour-prevenir-les.jpg\" alt=\"\" width=\"240\" height=\"300\"><\/p>\n<p class=\"wp-caption-text\">Le membre r\u00e9gional de Belge de l&rsquo;Est, Patrick Spies (SP \/ PS), au Parlement du Wallon. Photo: PS<\/p>\n<\/div>\n<p>Les espions MP appelle \u00e0 un d\u00e9bat r\u00e9aliste qui non seulement \u00e9mane des mod\u00e8les th\u00e9oriques, mais int\u00e8gre activement les effets sociaux et \u00e9conomiques. Surtout, une r\u00e9glementation possible de l&rsquo;inventaire ne doit pas \u00eatre d\u00e9clar\u00e9e un sujet tabou: \u00ab\u00a0Le loup n&rsquo;a pas d&rsquo;ennemis naturels dans notre r\u00e9gion. Si nous n&rsquo;intervenons pas \u00e0 la r\u00e9gulation, la population continuera de cro\u00eetre &#8211; avec des probl\u00e8mes toujours plus importants pour le p\u00e2turage.\u00a0\u00bb<\/p>\n<p>Dans sa r\u00e9ponse, la ministre a annonc\u00e9 qu&rsquo;un large processus de consultation pour cr\u00e9er le nouveau plan de loup commencera dans les semaines \u00e0 venir. Dans le m\u00eame temps, elle a fait r\u00e9f\u00e9rence au statut de protection du loup qui est toujours applicable au niveau de l&rsquo;UE. Bien que les exceptions soient l\u00e9galement possibles dans des cas individuels, le type reste \u00ab\u00a0strictement prot\u00e9g\u00e9\u00a0\u00bb. Cette situation juridique est actuellement des options politiques consid\u00e9rablement limit\u00e9es d&rsquo;action.<\/p>\n<p>Enfin, les espions ont soulign\u00e9 la n\u00e9cessit\u00e9 d&rsquo;une gestion \u00e9quilibr\u00e9e du loup qui prend en compte \u00e0 la fois la conservation de la nature et les pr\u00e9occupations de l&rsquo;agriculture: \u00ab\u00a0La protection du loup doit \u00eatre dans un \u00e9quilibre responsable avec les int\u00e9r\u00eats des agriculteurs et des zones rurales. Nous avons besoin de la gestion des loups avec un sentiment clair d&rsquo;espaces ruraux qui permettent \u00e0 350 loups, mais \u00e0 l&rsquo;acceptation sociale de nos propri\u00e9taires d&rsquo;agriculteurs et des espaces ruraux doivent \u00eatre consid\u00e9r\u00e9s.\u00a0\u00bb<\/p>\n<p><em><strong>Sur le sujet, voir \u00e9galement l&rsquo;article suivant sur OD:<\/strong><\/em><\/p>\n<div class=\"responsive-embed widescreen\">\n<blockquote class=\"wp-embedded-content\" data-secret=\"4qhEokbmyf\">\n<p>Les loups devraient pouvoir \u00eatre abattus dans l&rsquo;UE \u00e0 l&rsquo;avenir &#8211; pour Arimont \u00ab\u00a0Bonne nouvelle\u00a0\u00bb<\/p>\n<\/blockquote>\n<p><iframe loading=\"lazy\" class=\"wp-embedded-content\" sandbox=\"allow-scripts\" security=\"restricted\" style=\"position: absolute; visibility: hidden;\" title=\"\u201eW\u00f6lfe sollen k\u00fcnftig in der EU leichter abgeschossen werden k\u00f6nnen \u2013 F\u00fcr Arimont \u201eeine gute Nachricht\u201c\u201c \u2014 Ostbelgien Direkt\" src=\"https:\/\/ostbelgiendirekt.be\/about:blank\" data-secret=\"4qhEokbmyf\" width=\"500\" height=\"282\" frameborder=\"0\" marginwidth=\"0\" marginheight=\"0\" scrolling=\"no\" data-rocket-lazyload=\"fitvidscompatible\" data-lazy-src=\"https:\/\/ostbelgiendirekt.be\/woelfe-in-eu-415112\/embed#?secret=Awx5HzXjY5#?secret=4qhEokbmyf\"><\/iframe><noscript><iframe class=\"wp-embedded-content\" sandbox=\"allow-scripts\" security=\"restricted\" style=\"position: absolute; visibility: hidden;\" title=\"\u201eW\u00f6lfe sollen k\u00fcnftig in der EU leichter abgeschossen werden k\u00f6nnen \u2013 F\u00fcr Arimont \u201eeine gute Nachricht\u201c\u201c \u2014 Ostbelgien Direkt\" src=\"https:\/\/ostbelgiendirekt.be\/woelfe-in-eu-415112\/embed#?secret=Awx5HzXjY5#?secret=4qhEokbmyf\" data-secret=\"4qhEokbmyf\" width=\"500\" height=\"282\" frameborder=\"0\" marginwidth=\"0\" marginheight=\"0\" scrolling=\"no\"><\/iframe><\/noscript><\/p>\n<\/div>\n","protected":false},"excerpt":{"rendered":"<p>R\u00e9cemment, le d\u00e9put\u00e9 de Walloon, Patrick Spies (SP \/ PS), a interrog\u00e9 la ministre de l&rsquo;Agriculture Anne-Catherine Dalcq (MR) de la pr\u00e9sence de Wolf en<\/p>\n","protected":false},"author":1,"featured_media":5720,"comment_status":"","ping_status":"","sticky":false,"template":"","format":"standard","meta":{"footnotes":""},"categories":[298],"tags":[4737,362,3284,3762,126,3954,7149,81,834,5919,110,2970],"class_list":["post-7769","post","type-post","status-publish","format-standard","has-post-thumbnail","hentry","category-belgique","tag-bureau","tag-cest","tag-espace","tag-loups","tag-pas","tag-patrick","tag-planification","tag-pour","tag-realite","tag-spies","tag-une","tag-wallonie","generate-columns","tablet-grid-50","mobile-grid-100","grid-parent","grid-33"],"yoast_head":"<!-- This site is optimized with the Yoast SEO plugin v24.0 - https:\/\/yoast.com\/wordpress\/plugins\/seo\/ -->\n<title>Espace pour 350 loups en Wallonie? Patrick Spies: &quot;C&#039;est une planification au bureau, pas en r\u00e9alit\u00e9&quot; | Vie Associative<\/title>\n<meta name=\"robots\" content=\"index, follow, max-snippet:-1, max-image-preview:large, max-video-preview:-1\" \/>\n<link rel=\"canonical\" href=\"https:\/\/vieassociative.be\/actualites\/espace-pour-350-loups-en-wallonie-patrick-spies-cest-une-planification-au-bureau-pas-en-realite\/\" \/>\n<meta property=\"og:locale\" content=\"fr_FR\" \/>\n<meta property=\"og:type\" content=\"article\" \/>\n<meta property=\"og:title\" content=\"Espace pour 350 loups en Wallonie? Patrick Spies: &quot;C&#039;est une planification au bureau, pas en r\u00e9alit\u00e9&quot; | Vie Associative\" \/>\n<meta property=\"og:description\" content=\"R\u00e9cemment, le d\u00e9put\u00e9 de Walloon, Patrick Spies (SP \/ PS), a interrog\u00e9 la ministre de l&rsquo;Agriculture Anne-Catherine Dalcq (MR) de la pr\u00e9sence de Wolf en\" \/>\n<meta property=\"og:url\" content=\"https:\/\/vieassociative.be\/actualites\/espace-pour-350-loups-en-wallonie-patrick-spies-cest-une-planification-au-bureau-pas-en-realite\/\" \/>\n<meta property=\"og:site_name\" content=\"Vie Associative\" \/>\n<meta property=\"article:published_time\" content=\"2025-05-25T14:17:56+00:00\" \/>\n<meta property=\"og:image\" content=\"https:\/\/vieassociative.be\/actualites\/wp-content\/uploads\/2024\/09\/header_backgroundk-01-e1726694325946.png\" \/>\n\t<meta property=\"og:image:width\" content=\"279\" \/>\n\t<meta property=\"og:image:height\" content=\"92\" \/>\n\t<meta property=\"og:image:type\" content=\"image\/png\" \/>\n<meta name=\"author\" content=\"Julien\" \/>\n<meta name=\"twitter:card\" content=\"summary_large_image\" \/>\n<meta name=\"twitter:label1\" content=\"\u00c9crit par\" \/>\n\t<meta name=\"twitter:data1\" content=\"Julien\" \/>\n\t<meta name=\"twitter:label2\" content=\"Dur\u00e9e de lecture est.\" \/>\n\t<meta name=\"twitter:data2\" content=\"2 minutes\" \/>\n<script type=\"application\/ld+json\" class=\"yoast-schema-graph\">{\"@context\":\"https:\/\/schema.org\",\"@graph\":[{\"@type\":\"Article\",\"@id\":\"https:\/\/vieassociative.be\/actualites\/espace-pour-350-loups-en-wallonie-patrick-spies-cest-une-planification-au-bureau-pas-en-realite\/#article\",\"isPartOf\":{\"@id\":\"https:\/\/vieassociative.be\/actualites\/espace-pour-350-loups-en-wallonie-patrick-spies-cest-une-planification-au-bureau-pas-en-realite\/\"},\"author\":{\"name\":\"Julien\",\"@id\":\"https:\/\/vieassociative.be\/actualites\/#\/schema\/person\/b87ac4f82f9d4e7b7cec7395b679edc4\"},\"headline\":\"Espace pour 350 loups en Wallonie? Patrick Spies: \u00ab\u00a0C&rsquo;est une planification au bureau, pas en r\u00e9alit\u00e9\u00a0\u00bb\",\"datePublished\":\"2025-05-25T14:17:56+00:00\",\"dateModified\":\"2025-05-25T14:17:56+00:00\",\"mainEntityOfPage\":{\"@id\":\"https:\/\/vieassociative.be\/actualites\/espace-pour-350-loups-en-wallonie-patrick-spies-cest-une-planification-au-bureau-pas-en-realite\/\"},\"wordCount\":505,\"publisher\":{\"@id\":\"https:\/\/vieassociative.be\/actualites\/#organization\"},\"image\":{\"@id\":\"https:\/\/vieassociative.be\/actualites\/espace-pour-350-loups-en-wallonie-patrick-spies-cest-une-planification-au-bureau-pas-en-realite\/#primaryimage\"},\"thumbnailUrl\":\"https:\/\/vieassociative.be\/actualites\/wp-content\/uploads\/2025\/03\/1741443487_La-Commission-de-lUE-rencontre-de-nouvelles-regles-pour-le.jpg\",\"keywords\":[\"bureau\",\"cest\",\"espace\",\"loups\",\"pas\",\"Patrick\",\"planification\",\"pour\",\"r\u00e9alit\u00e9\",\"Spies\",\"une\",\"Wallonie\"],\"articleSection\":[\"Belgique\"],\"inLanguage\":\"fr-BE\"},{\"@type\":\"WebPage\",\"@id\":\"https:\/\/vieassociative.be\/actualites\/espace-pour-350-loups-en-wallonie-patrick-spies-cest-une-planification-au-bureau-pas-en-realite\/\",\"url\":\"https:\/\/vieassociative.be\/actualites\/espace-pour-350-loups-en-wallonie-patrick-spies-cest-une-planification-au-bureau-pas-en-realite\/\",\"name\":\"Espace pour 350 loups en Wallonie? Patrick Spies: \\\"C'est une planification au bureau, pas en r\u00e9alit\u00e9\\\" | Vie Associative\",\"isPartOf\":{\"@id\":\"https:\/\/vieassociative.be\/actualites\/#website\"},\"primaryImageOfPage\":{\"@id\":\"https:\/\/vieassociative.be\/actualites\/espace-pour-350-loups-en-wallonie-patrick-spies-cest-une-planification-au-bureau-pas-en-realite\/#primaryimage\"},\"image\":{\"@id\":\"https:\/\/vieassociative.be\/actualites\/espace-pour-350-loups-en-wallonie-patrick-spies-cest-une-planification-au-bureau-pas-en-realite\/#primaryimage\"},\"thumbnailUrl\":\"https:\/\/vieassociative.be\/actualites\/wp-content\/uploads\/2025\/03\/1741443487_La-Commission-de-lUE-rencontre-de-nouvelles-regles-pour-le.jpg\",\"datePublished\":\"2025-05-25T14:17:56+00:00\",\"dateModified\":\"2025-05-25T14:17:56+00:00\",\"breadcrumb\":{\"@id\":\"https:\/\/vieassociative.be\/actualites\/espace-pour-350-loups-en-wallonie-patrick-spies-cest-une-planification-au-bureau-pas-en-realite\/#breadcrumb\"},\"inLanguage\":\"fr-BE\",\"potentialAction\":[{\"@type\":\"ReadAction\",\"target\":[\"https:\/\/vieassociative.be\/actualites\/espace-pour-350-loups-en-wallonie-patrick-spies-cest-une-planification-au-bureau-pas-en-realite\/\"]}]},{\"@type\":\"ImageObject\",\"inLanguage\":\"fr-BE\",\"@id\":\"https:\/\/vieassociative.be\/actualites\/espace-pour-350-loups-en-wallonie-patrick-spies-cest-une-planification-au-bureau-pas-en-realite\/#primaryimage\",\"url\":\"https:\/\/vieassociative.be\/actualites\/wp-content\/uploads\/2025\/03\/1741443487_La-Commission-de-lUE-rencontre-de-nouvelles-regles-pour-le.jpg\",\"contentUrl\":\"https:\/\/vieassociative.be\/actualites\/wp-content\/uploads\/2025\/03\/1741443487_La-Commission-de-lUE-rencontre-de-nouvelles-regles-pour-le.jpg\",\"width\":1200,\"height\":819,\"caption\":\"La Commission de l'UE rencontre de nouvelles r\u00e8gles pour le loup: \u00e0 l'avenir, la protection ne se prot\u00e9geait que \\\"strictement\\\" au lieu de \\\"tr\u00e8s strict\\\"\"},{\"@type\":\"BreadcrumbList\",\"@id\":\"https:\/\/vieassociative.be\/actualites\/espace-pour-350-loups-en-wallonie-patrick-spies-cest-une-planification-au-bureau-pas-en-realite\/#breadcrumb\",\"itemListElement\":[{\"@type\":\"ListItem\",\"position\":1,\"name\":\"Accueil\",\"item\":\"https:\/\/vieassociative.be\/actualites\/\"},{\"@type\":\"ListItem\",\"position\":2,\"name\":\"Espace pour 350 loups en Wallonie? Patrick Spies: \u00ab\u00a0C&rsquo;est une planification au bureau, pas en r\u00e9alit\u00e9\u00a0\u00bb\"}]},{\"@type\":\"WebSite\",\"@id\":\"https:\/\/vieassociative.be\/actualites\/#website\",\"url\":\"https:\/\/vieassociative.be\/actualites\/\",\"name\":\"Vie Associative\",\"description\":\"\",\"publisher\":{\"@id\":\"https:\/\/vieassociative.be\/actualites\/#organization\"},\"potentialAction\":[{\"@type\":\"SearchAction\",\"target\":{\"@type\":\"EntryPoint\",\"urlTemplate\":\"https:\/\/vieassociative.be\/actualites\/?s={search_term_string}\"},\"query-input\":{\"@type\":\"PropertyValueSpecification\",\"valueRequired\":true,\"valueName\":\"search_term_string\"}}],\"inLanguage\":\"fr-BE\"},{\"@type\":\"Organization\",\"@id\":\"https:\/\/vieassociative.be\/actualites\/#organization\",\"name\":\"Vie Associative\",\"url\":\"https:\/\/vieassociative.be\/actualites\/\",\"logo\":{\"@type\":\"ImageObject\",\"inLanguage\":\"fr-BE\",\"@id\":\"https:\/\/vieassociative.be\/actualites\/#\/schema\/logo\/image\/\",\"url\":\"https:\/\/vieassociative.be\/actualites\/wp-content\/uploads\/2024\/09\/cropped-vieassociative_favicon.ico.png\",\"contentUrl\":\"https:\/\/vieassociative.be\/actualites\/wp-content\/uploads\/2024\/09\/cropped-vieassociative_favicon.ico.png\",\"width\":512,\"height\":512,\"caption\":\"Vie Associative\"},\"image\":{\"@id\":\"https:\/\/vieassociative.be\/actualites\/#\/schema\/logo\/image\/\"}},{\"@type\":\"Person\",\"@id\":\"https:\/\/vieassociative.be\/actualites\/#\/schema\/person\/b87ac4f82f9d4e7b7cec7395b679edc4\",\"name\":\"Julien\",\"image\":{\"@type\":\"ImageObject\",\"inLanguage\":\"fr-BE\",\"@id\":\"https:\/\/vieassociative.be\/actualites\/#\/schema\/person\/image\/\",\"url\":\"https:\/\/vieassociative.be\/actualites\/wp-content\/uploads\/2024\/09\/vie-associative-1-150x150.jpg\",\"contentUrl\":\"https:\/\/vieassociative.be\/actualites\/wp-content\/uploads\/2024\/09\/vie-associative-1-150x150.jpg\",\"caption\":\"Julien\"},\"description\":\"Je suis Julien, r\u00e9dacteur pour Vie Associative. Passionn\u00e9 par le monde associatif depuis plus de 10 ans, j'ai \u00e0 c\u0153ur de partager des histoires inspirantes et de mettre en lumi\u00e8re les initiatives locales. Mon objectif est de sensibiliser et d'encourager l'engagement communautaire \u00e0 travers mes articles.\",\"sameAs\":[\"https:\/\/vieassociative.be\/\"]}]}<\/script>\n<!-- \/ Yoast SEO plugin. -->","yoast_head_json":{"title":"Espace pour 350 loups en Wallonie? Patrick Spies: \"C'est une planification au bureau, pas en r\u00e9alit\u00e9\" | Vie Associative","robots":{"index":"index","follow":"follow","max-snippet":"max-snippet:-1","max-image-preview":"max-image-preview:large","max-video-preview":"max-video-preview:-1"},"canonical":"https:\/\/vieassociative.be\/actualites\/espace-pour-350-loups-en-wallonie-patrick-spies-cest-une-planification-au-bureau-pas-en-realite\/","og_locale":"fr_FR","og_type":"article","og_title":"Espace pour 350 loups en Wallonie? Patrick Spies: \"C'est une planification au bureau, pas en r\u00e9alit\u00e9\" | Vie Associative","og_description":"R\u00e9cemment, le d\u00e9put\u00e9 de Walloon, Patrick Spies (SP \/ PS), a interrog\u00e9 la ministre de l&rsquo;Agriculture Anne-Catherine Dalcq (MR) de la pr\u00e9sence de Wolf en","og_url":"https:\/\/vieassociative.be\/actualites\/espace-pour-350-loups-en-wallonie-patrick-spies-cest-une-planification-au-bureau-pas-en-realite\/","og_site_name":"Vie Associative","article_published_time":"2025-05-25T14:17:56+00:00","og_image":[{"width":279,"height":92,"url":"https:\/\/vieassociative.be\/actualites\/wp-content\/uploads\/2024\/09\/header_backgroundk-01-e1726694325946.png","type":"image\/png"}],"author":"Julien","twitter_card":"summary_large_image","twitter_misc":{"\u00c9crit par":"Julien","Dur\u00e9e de lecture est.":"2 minutes"},"schema":{"@context":"https:\/\/schema.org","@graph":[{"@type":"Article","@id":"https:\/\/vieassociative.be\/actualites\/espace-pour-350-loups-en-wallonie-patrick-spies-cest-une-planification-au-bureau-pas-en-realite\/#article","isPartOf":{"@id":"https:\/\/vieassociative.be\/actualites\/espace-pour-350-loups-en-wallonie-patrick-spies-cest-une-planification-au-bureau-pas-en-realite\/"},"author":{"name":"Julien","@id":"https:\/\/vieassociative.be\/actualites\/#\/schema\/person\/b87ac4f82f9d4e7b7cec7395b679edc4"},"headline":"Espace pour 350 loups en Wallonie? Patrick Spies: \u00ab\u00a0C&rsquo;est une planification au bureau, pas en r\u00e9alit\u00e9\u00a0\u00bb","datePublished":"2025-05-25T14:17:56+00:00","dateModified":"2025-05-25T14:17:56+00:00","mainEntityOfPage":{"@id":"https:\/\/vieassociative.be\/actualites\/espace-pour-350-loups-en-wallonie-patrick-spies-cest-une-planification-au-bureau-pas-en-realite\/"},"wordCount":505,"publisher":{"@id":"https:\/\/vieassociative.be\/actualites\/#organization"},"image":{"@id":"https:\/\/vieassociative.be\/actualites\/espace-pour-350-loups-en-wallonie-patrick-spies-cest-une-planification-au-bureau-pas-en-realite\/#primaryimage"},"thumbnailUrl":"https:\/\/vieassociative.be\/actualites\/wp-content\/uploads\/2025\/03\/1741443487_La-Commission-de-lUE-rencontre-de-nouvelles-regles-pour-le.jpg","keywords":["bureau","cest","espace","loups","pas","Patrick","planification","pour","r\u00e9alit\u00e9","Spies","une","Wallonie"],"articleSection":["Belgique"],"inLanguage":"fr-BE"},{"@type":"WebPage","@id":"https:\/\/vieassociative.be\/actualites\/espace-pour-350-loups-en-wallonie-patrick-spies-cest-une-planification-au-bureau-pas-en-realite\/","url":"https:\/\/vieassociative.be\/actualites\/espace-pour-350-loups-en-wallonie-patrick-spies-cest-une-planification-au-bureau-pas-en-realite\/","name":"Espace pour 350 loups en Wallonie? Patrick Spies: \"C'est une planification au bureau, pas en r\u00e9alit\u00e9\" | Vie Associative","isPartOf":{"@id":"https:\/\/vieassociative.be\/actualites\/#website"},"primaryImageOfPage":{"@id":"https:\/\/vieassociative.be\/actualites\/espace-pour-350-loups-en-wallonie-patrick-spies-cest-une-planification-au-bureau-pas-en-realite\/#primaryimage"},"image":{"@id":"https:\/\/vieassociative.be\/actualites\/espace-pour-350-loups-en-wallonie-patrick-spies-cest-une-planification-au-bureau-pas-en-realite\/#primaryimage"},"thumbnailUrl":"https:\/\/vieassociative.be\/actualites\/wp-content\/uploads\/2025\/03\/1741443487_La-Commission-de-lUE-rencontre-de-nouvelles-regles-pour-le.jpg","datePublished":"2025-05-25T14:17:56+00:00","dateModified":"2025-05-25T14:17:56+00:00","breadcrumb":{"@id":"https:\/\/vieassociative.be\/actualites\/espace-pour-350-loups-en-wallonie-patrick-spies-cest-une-planification-au-bureau-pas-en-realite\/#breadcrumb"},"inLanguage":"fr-BE","potentialAction":[{"@type":"ReadAction","target":["https:\/\/vieassociative.be\/actualites\/espace-pour-350-loups-en-wallonie-patrick-spies-cest-une-planification-au-bureau-pas-en-realite\/"]}]},{"@type":"ImageObject","inLanguage":"fr-BE","@id":"https:\/\/vieassociative.be\/actualites\/espace-pour-350-loups-en-wallonie-patrick-spies-cest-une-planification-au-bureau-pas-en-realite\/#primaryimage","url":"https:\/\/vieassociative.be\/actualites\/wp-content\/uploads\/2025\/03\/1741443487_La-Commission-de-lUE-rencontre-de-nouvelles-regles-pour-le.jpg","contentUrl":"https:\/\/vieassociative.be\/actualites\/wp-content\/uploads\/2025\/03\/1741443487_La-Commission-de-lUE-rencontre-de-nouvelles-regles-pour-le.jpg","width":1200,"height":819,"caption":"La Commission de l'UE rencontre de nouvelles r\u00e8gles pour le loup: \u00e0 l'avenir, la protection ne se prot\u00e9geait que \"strictement\" au lieu de \"tr\u00e8s strict\""},{"@type":"BreadcrumbList","@id":"https:\/\/vieassociative.be\/actualites\/espace-pour-350-loups-en-wallonie-patrick-spies-cest-une-planification-au-bureau-pas-en-realite\/#breadcrumb","itemListElement":[{"@type":"ListItem","position":1,"name":"Accueil","item":"https:\/\/vieassociative.be\/actualites\/"},{"@type":"ListItem","position":2,"name":"Espace pour 350 loups en Wallonie? Patrick Spies: \u00ab\u00a0C&rsquo;est une planification au bureau, pas en r\u00e9alit\u00e9\u00a0\u00bb"}]},{"@type":"WebSite","@id":"https:\/\/vieassociative.be\/actualites\/#website","url":"https:\/\/vieassociative.be\/actualites\/","name":"Vie Associative","description":"","publisher":{"@id":"https:\/\/vieassociative.be\/actualites\/#organization"},"potentialAction":[{"@type":"SearchAction","target":{"@type":"EntryPoint","urlTemplate":"https:\/\/vieassociative.be\/actualites\/?s={search_term_string}"},"query-input":{"@type":"PropertyValueSpecification","valueRequired":true,"valueName":"search_term_string"}}],"inLanguage":"fr-BE"},{"@type":"Organization","@id":"https:\/\/vieassociative.be\/actualites\/#organization","name":"Vie Associative","url":"https:\/\/vieassociative.be\/actualites\/","logo":{"@type":"ImageObject","inLanguage":"fr-BE","@id":"https:\/\/vieassociative.be\/actualites\/#\/schema\/logo\/image\/","url":"https:\/\/vieassociative.be\/actualites\/wp-content\/uploads\/2024\/09\/cropped-vieassociative_favicon.ico.png","contentUrl":"https:\/\/vieassociative.be\/actualites\/wp-content\/uploads\/2024\/09\/cropped-vieassociative_favicon.ico.png","width":512,"height":512,"caption":"Vie Associative"},"image":{"@id":"https:\/\/vieassociative.be\/actualites\/#\/schema\/logo\/image\/"}},{"@type":"Person","@id":"https:\/\/vieassociative.be\/actualites\/#\/schema\/person\/b87ac4f82f9d4e7b7cec7395b679edc4","name":"Julien","image":{"@type":"ImageObject","inLanguage":"fr-BE","@id":"https:\/\/vieassociative.be\/actualites\/#\/schema\/person\/image\/","url":"https:\/\/vieassociative.be\/actualites\/wp-content\/uploads\/2024\/09\/vie-associative-1-150x150.jpg","contentUrl":"https:\/\/vieassociative.be\/actualites\/wp-content\/uploads\/2024\/09\/vie-associative-1-150x150.jpg","caption":"Julien"},"description":"Je suis Julien, r\u00e9dacteur pour Vie Associative. Passionn\u00e9 par le monde associatif depuis plus de 10 ans, j'ai \u00e0 c\u0153ur de partager des histoires inspirantes et de mettre en lumi\u00e8re les initiatives locales. Mon objectif est de sensibiliser et d'encourager l'engagement communautaire \u00e0 travers mes articles.","sameAs":["https:\/\/vieassociative.be\/"]}]}},"_links":{"self":[{"href":"https:\/\/vieassociative.be\/actualites\/wp-json\/wp\/v2\/posts\/7769"}],"collection":[{"href":"https:\/\/vieassociative.be\/actualites\/wp-json\/wp\/v2\/posts"}],"about":[{"href":"https:\/\/vieassociative.be\/actualites\/wp-json\/wp\/v2\/types\/post"}],"author":[{"embeddable":true,"href":"https:\/\/vieassociative.be\/actualites\/wp-json\/wp\/v2\/users\/1"}],"replies":[{"embeddable":true,"href":"https:\/\/vieassociative.be\/actualites\/wp-json\/wp\/v2\/comments?post=7769"}],"version-history":[{"count":0,"href":"https:\/\/vieassociative.be\/actualites\/wp-json\/wp\/v2\/posts\/7769\/revisions"}],"wp:featuredmedia":[{"embeddable":true,"href":"https:\/\/vieassociative.be\/actualites\/wp-json\/wp\/v2\/media\/5720"}],"wp:attachment":[{"href":"https:\/\/vieassociative.be\/actualites\/wp-json\/wp\/v2\/media?parent=7769"}],"wp:term":[{"taxonomy":"category","embeddable":true,"href":"https:\/\/vieassociative.be\/actualites\/wp-json\/wp\/v2\/categories?post=7769"},{"taxonomy":"post_tag","embeddable":true,"href":"https:\/\/vieassociative.be\/actualites\/wp-json\/wp\/v2\/tags?post=7769"}],"curies":[{"name":"wp","href":"https:\/\/api.w.org\/{rel}","templated":true}]}}