{"id":7767,"date":"2025-05-25T15:17:06","date_gmt":"2025-05-25T13:17:06","guid":{"rendered":"https:\/\/vieassociative.be\/actualites\/ces-ecouteurs-clip-on-danker-sont-de-30-de-rabais\/"},"modified":"2025-05-25T15:17:06","modified_gmt":"2025-05-25T13:17:06","slug":"ces-ecouteurs-clip-on-danker-sont-de-30-de-rabais","status":"publish","type":"post","link":"https:\/\/vieassociative.be\/actualites\/ces-ecouteurs-clip-on-danker-sont-de-30-de-rabais\/","title":{"rendered":"Ces \u00e9couteurs clip-on d&rsquo;Anker sont de 30 $ de rabais"},"content":{"rendered":"<div class=\"mt-4 leading-6 md:mb-8\">Les \u00e9couteurs Anker Soundcore C40i offrent un son immersif sans bloquer le monde, et ils sont 30 $ de rabais.<\/div>\n<p><\/p>\n<p>Au fur et \u00e0 mesure que le temps se r\u00e9chauffe, c&rsquo;est le moment id\u00e9al pour sortir pour une course ou une balade \u00e0 v\u00e9lo &#8211; mais si vous avez besoin de musique pour vous motiver, il est crucial d&rsquo;avoir des \u00e9couteurs qui ne ferment pas enti\u00e8rement le monde ext\u00e9rieur. Un bon bop est une chose merveilleuse; Ne pas pouvoir entendre le trafic et les cyclistes \u00e0 proximit\u00e9 ne l&rsquo;est pas. <\/p>\n<p>Des \u00e9couteurs comme l&rsquo;Anker Soundcore C40i, en vente pour 89,99 $ (\u00e0 l&rsquo;origine 119,99 $), sont une bonne option car ils s&rsquo;inscrivent sur l&rsquo;oreille et ne remplissent pas enti\u00e8rement le conduit auditif.<\/p>\n<div class=\"pogoClear mb-12 mt-10 rounded-md border-2 border-gray-100 py-7 shadow-xl md:py-6\">\n<div class=\"flex flex-wrap justify-between px-7 text-black no-underline md:flex-nowrap md:px-8\">\n<div class=\"order-1 mx-auto flex flex-col justify-center md:order-2 md:ml-4 md:w-full md:grow\">\n<div class=\"block cursor-pointer text-center font-akshar text-2xl font-medium leading-7 text-brand-green duration-200 ease-in-out hover:text-brand-green-700 md:text-left md:text-xl md:leading-6\">Anker Soundcore C40i Open Earbuds\n                <\/div>\n<div class=\"mt-4 hidden md:flex md:justify-between\">\n<div class=\"self-end\">\n<div class=\"mb-0 h-11 md:flex md:flex-col md:justify-center\">\n<div class=\" font-sans leading-4 text-black\">\n<div class=\"flex flex-wrap items-center justify-center gap-x-1 md:justify-start\">\n        <span class=\"font-bold\"><\/p>\n<p>            89,99 $<br \/>\n                            <span class=\"font-medium\">\u00e0 Amazon<\/span><br \/>\n                    <\/span>\n            <\/div>\n<div class=\"flex items-center justify-center gap-x-1 font-bold md:justify-start\">\n            <span class=\"text-sm line-through\">119,99 $<\/span><br \/>\n            <span class=\"text-sm text-brand-green\">\u00c9conomisez 30,00 $<\/span>\n        <\/div>\n<\/p><\/div>\n<\/p><\/div>\n<\/p><\/div>\n<div class=\"w-44 self-end\">\n                            <button class=\"flex justify-center items-center w-full bg-brand-green text-white text-base font-sans font-medium rounded-md hover:bg-brand-green-700 hover:cursor-pointer md:text-sm h-11\"><\/p>\n<p>    Conclure un accord<br \/>\n<\/button>\n                        <\/div>\n<\/p><\/div>\n<\/p><\/div>\n<div class=\"order-2 mt-5 h-auto w-full md:order-1 md:mt-0 md:hidden\">\n<div class=\"flex aspect-video items-center justify-center\">\n                                            <img decoding=\"async\" class=\"m-0 max-h-full max-w-full rounded-md\" src=\"https:\/\/vieassociative.be\/actualites\/wp-content\/uploads\/2025\/05\/Ces-ecouteurs-clip-on-dAnker-sont-de-30-de-rabais.jpg\" alt=\"Anker Soundcore C40i Open Earbuds\" width=\"auto\" height=\"auto\" loading=\"lazy\">\n                                    <\/div>\n<\/p><\/div>\n<div class=\"order-2 ml-2 hidden w-32 shrink-0 items-center md:order-1 md:ml-0 md:flex\">\n<div class=\"flex aspect-video items-center justify-center\">\n                                            <img decoding=\"async\" class=\"m-0 max-h-full max-w-full rounded-md\" src=\"https:\/\/vieassociative.be\/actualites\/wp-content\/uploads\/2025\/05\/Ces-ecouteurs-clip-on-dAnker-sont-de-30-de-rabais.jpg\" alt=\"Anker Soundcore C40i Open Earbuds\" width=\"auto\" height=\"auto\" loading=\"lazy\">\n                                    <\/div>\n<\/p><\/div>\n<div class=\"order-3 flex grow flex-wrap md:hidden md:grow-0\">\n<div class=\"mt-4 w-full\">\n                        <button class=\"flex justify-center items-center w-full bg-brand-green text-white text-base font-sans font-medium rounded-md hover:bg-brand-green-700 hover:cursor-pointer md:text-sm h-11\"><\/p>\n<p>    Conclure un accord<br \/>\n<\/button>\n                    <\/div>\n<div class=\"mx-2 mt-4 w-full\">\n<div class=\" font-sans leading-4 text-black\">\n<div class=\"flex flex-wrap items-center justify-center gap-x-1 md:justify-start\">\n        <span class=\"font-bold\"><\/p>\n<p>            89,99 $<br \/>\n                            <span class=\"font-medium\">\u00e0 Amazon<\/span><br \/>\n                    <\/span>\n            <\/div>\n<div class=\"flex items-center justify-center gap-x-1 font-bold md:justify-start\">\n            <span class=\"text-sm line-through\">119,99 $<\/span><br \/>\n            <span class=\"text-sm text-brand-green\">\u00c9conomisez 30,00 $<\/span>\n        <\/div>\n<\/p><\/div>\n<\/p><\/div>\n<\/p><\/div>\n<\/p><\/div>\n<\/div>\n<p>Contrairement aux mod\u00e8les \u00e0 prix \u00e9lev\u00e9 avec des commandes tactiles, ces \u00e9couteurs ne comportent que des commandes de bouton. Ceci est id\u00e9al pour les personnes qui pr\u00e9f\u00e8rent une approche plus tactile et pr\u00e9cise et souhaitent \u00e9viter les entr\u00e9es accidentelles que les contr\u00f4les tactiles peuvent provoquer. De plus, l&rsquo;application SoundCore<strong> <\/strong>Permet aux utilisateurs de personnaliser les fonctions de bouton et les param\u00e8tres d&rsquo;\u00e9galisation, bien que le fait de devenir sans publicit\u00e9 soit disponible uniquement avec un abonnement payant.<\/p>\n<div class=\"pogoClear relative my-10 border-b-(1.5px) border-t-(1.5px) border-dashed border-black py-5 sm:my-14 sm:border-0 sm:py-0\" data-ga-click data-ga-template=\"Deals\" data-ga-module=\"openweb_widget\" data-ga-element=\"openweb_scroll\" data-ga-item=\"openweb_scroll_midpage\" x-cloak x-data=\"{ commentsCount: null, hasComments: false }\" x-init=\"commentsCount = await window.openweb.getMessagesCount(01JVWFDT3T2EBCCXTWBS8D71Q2);\n     hasComments = commentsCount !== null &amp;&amp; commentsCount &gt; 0\"><\/p>\n<div class=\"absolute top-1\/2 hidden w-full -translate-y-1\/2 border-t-(1.5px) border-dashed border-black sm:block\"><\/div>\n<div class=\"relative flex justify-center\">\n<div class=\"flex max-w-max items-center gap-x-3 bg-white px-5\">\n<div class=\"relative\">\n                <span class=\"absolute left-1\/2 top-1\/2 -translate-x-1\/2 -translate-y-1\/2 font-akshar text-sm font-medium text-black\" x-show=\"hasComments\" x-text=\"commentsCount\"><\/span><\/p>\n<p>                <svg class=\"h-8 w-8 text-black\">\n                    <use href=\"http:\/\/lifehacker.com\/images\/icons\/spritemap.svg#sprite-chat-bubble\"><\/use>\n                <\/svg>\n            <\/div>\n<p>            <span class=\"text-sm font-medium text-black\"><\/p>\n<p>                Que pensez-vous jusqu&rsquo;\u00e0 pr\u00e9sent?<br \/>\n                <button class=\"font-semibold text-brand-green underline hover:text-brand-green-700\" onclick=\"window.openweb.scrollToComments('01JVWFDT3T2EBCCXTWBS8D71Q2')\" x-text=\"hasComments ? 'Post a comment.' : 'Be the first to post a comment.'\"><\/button><br \/>\n            <\/span>\n        <\/div>\n<\/p><\/div>\n<\/div>\n<p>Malgr\u00e9 ces fonctionnalit\u00e9s, la dur\u00e9e de vie de la batterie et la qualit\u00e9 sonore re\u00e7oivent des critiques mitig\u00e9es sur Amazon. Un examinateur d\u00e9crit la sortie sonore comme \u00abtindbale\u00bb et note le manque de son riche et bas\u00e9 sur les basses. Bien que vous n&rsquo;obtiendrez pas la m\u00eame qualit\u00e9 que les \u00e9couteurs Bose<strong>,<\/strong> Si vous \u00eates sur le march\u00e9 des \u00e9couteurs sans fil budg\u00e9taires avec un style ouvert qui co\u00fbte moins de 100 $, les \u00e9couteurs ouverts d&rsquo;Anker Soundcore C40i pourraient \u00eatre une bonne option. <\/p>\n","protected":false},"excerpt":{"rendered":"<p>Les \u00e9couteurs Anker Soundcore C40i offrent un son immersif sans bloquer le monde, et ils sont 30 $ de rabais. Au fur et \u00e0 mesure<\/p>\n","protected":false},"author":1,"featured_media":7768,"comment_status":"","ping_status":"","sticky":false,"template":"","format":"standard","meta":{"footnotes":""},"categories":[13],"tags":[248,7147,7148,1537,5472,18],"class_list":["post-7767","post","type-post","status-publish","format-standard","has-post-thumbnail","hentry","category-technologie","tag-ces","tag-clipon","tag-danker","tag-ecouteurs","tag-rabais","tag-sont","generate-columns","tablet-grid-50","mobile-grid-100","grid-parent","grid-33"],"yoast_head":"<!-- This site is optimized with the Yoast SEO plugin v24.0 - https:\/\/yoast.com\/wordpress\/plugins\/seo\/ -->\n<title>Ces \u00e9couteurs clip-on d&#039;Anker sont de 30 $ de rabais | Vie Associative<\/title>\n<meta name=\"robots\" content=\"index, follow, max-snippet:-1, max-image-preview:large, max-video-preview:-1\" \/>\n<link rel=\"canonical\" href=\"https:\/\/vieassociative.be\/actualites\/ces-ecouteurs-clip-on-danker-sont-de-30-de-rabais\/\" \/>\n<meta property=\"og:locale\" content=\"fr_FR\" \/>\n<meta property=\"og:type\" content=\"article\" \/>\n<meta property=\"og:title\" content=\"Ces \u00e9couteurs clip-on d&#039;Anker sont de 30 $ de rabais | Vie Associative\" \/>\n<meta property=\"og:description\" content=\"Les \u00e9couteurs Anker Soundcore C40i offrent un son immersif sans bloquer le monde, et ils sont 30 $ de rabais. Au fur et \u00e0 mesure\" \/>\n<meta property=\"og:url\" content=\"https:\/\/vieassociative.be\/actualites\/ces-ecouteurs-clip-on-danker-sont-de-30-de-rabais\/\" \/>\n<meta property=\"og:site_name\" content=\"Vie Associative\" \/>\n<meta property=\"article:published_time\" content=\"2025-05-25T13:17:06+00:00\" \/>\n<meta property=\"og:image\" content=\"https:\/\/vieassociative.be\/actualites\/wp-content\/uploads\/2025\/05\/Ces-ecouteurs-clip-on-dAnker-sont-de-30-de-rabais.jpg\" \/>\n<meta name=\"author\" content=\"Julien\" \/>\n<meta name=\"twitter:card\" content=\"summary_large_image\" \/>\n<meta name=\"twitter:label1\" content=\"\u00c9crit par\" \/>\n\t<meta name=\"twitter:data1\" content=\"Julien\" \/>\n\t<meta name=\"twitter:label2\" content=\"Dur\u00e9e de lecture est.\" \/>\n\t<meta name=\"twitter:data2\" content=\"2 minutes\" \/>\n<script type=\"application\/ld+json\" class=\"yoast-schema-graph\">{\"@context\":\"https:\/\/schema.org\",\"@graph\":[{\"@type\":\"Article\",\"@id\":\"https:\/\/vieassociative.be\/actualites\/ces-ecouteurs-clip-on-danker-sont-de-30-de-rabais\/#article\",\"isPartOf\":{\"@id\":\"https:\/\/vieassociative.be\/actualites\/ces-ecouteurs-clip-on-danker-sont-de-30-de-rabais\/\"},\"author\":{\"name\":\"Julien\",\"@id\":\"https:\/\/vieassociative.be\/actualites\/#\/schema\/person\/b87ac4f82f9d4e7b7cec7395b679edc4\"},\"headline\":\"Ces \u00e9couteurs clip-on d&rsquo;Anker sont de 30 $ de rabais\",\"datePublished\":\"2025-05-25T13:17:06+00:00\",\"dateModified\":\"2025-05-25T13:17:06+00:00\",\"mainEntityOfPage\":{\"@id\":\"https:\/\/vieassociative.be\/actualites\/ces-ecouteurs-clip-on-danker-sont-de-30-de-rabais\/\"},\"wordCount\":336,\"publisher\":{\"@id\":\"https:\/\/vieassociative.be\/actualites\/#organization\"},\"image\":{\"@id\":\"https:\/\/vieassociative.be\/actualites\/ces-ecouteurs-clip-on-danker-sont-de-30-de-rabais\/#primaryimage\"},\"thumbnailUrl\":\"https:\/\/vieassociative.be\/actualites\/wp-content\/uploads\/2025\/05\/Ces-ecouteurs-clip-on-dAnker-sont-de-30-de-rabais.png\",\"keywords\":[\"ces\",\"clipon\",\"dAnker\",\"\u00e9couteurs\",\"rabais\",\"sont\"],\"articleSection\":[\"Technologie\"],\"inLanguage\":\"fr-BE\"},{\"@type\":\"WebPage\",\"@id\":\"https:\/\/vieassociative.be\/actualites\/ces-ecouteurs-clip-on-danker-sont-de-30-de-rabais\/\",\"url\":\"https:\/\/vieassociative.be\/actualites\/ces-ecouteurs-clip-on-danker-sont-de-30-de-rabais\/\",\"name\":\"Ces \u00e9couteurs clip-on d'Anker sont de 30 $ de rabais | Vie Associative\",\"isPartOf\":{\"@id\":\"https:\/\/vieassociative.be\/actualites\/#website\"},\"primaryImageOfPage\":{\"@id\":\"https:\/\/vieassociative.be\/actualites\/ces-ecouteurs-clip-on-danker-sont-de-30-de-rabais\/#primaryimage\"},\"image\":{\"@id\":\"https:\/\/vieassociative.be\/actualites\/ces-ecouteurs-clip-on-danker-sont-de-30-de-rabais\/#primaryimage\"},\"thumbnailUrl\":\"https:\/\/vieassociative.be\/actualites\/wp-content\/uploads\/2025\/05\/Ces-ecouteurs-clip-on-dAnker-sont-de-30-de-rabais.png\",\"datePublished\":\"2025-05-25T13:17:06+00:00\",\"dateModified\":\"2025-05-25T13:17:06+00:00\",\"breadcrumb\":{\"@id\":\"https:\/\/vieassociative.be\/actualites\/ces-ecouteurs-clip-on-danker-sont-de-30-de-rabais\/#breadcrumb\"},\"inLanguage\":\"fr-BE\",\"potentialAction\":[{\"@type\":\"ReadAction\",\"target\":[\"https:\/\/vieassociative.be\/actualites\/ces-ecouteurs-clip-on-danker-sont-de-30-de-rabais\/\"]}]},{\"@type\":\"ImageObject\",\"inLanguage\":\"fr-BE\",\"@id\":\"https:\/\/vieassociative.be\/actualites\/ces-ecouteurs-clip-on-danker-sont-de-30-de-rabais\/#primaryimage\",\"url\":\"https:\/\/vieassociative.be\/actualites\/wp-content\/uploads\/2025\/05\/Ces-ecouteurs-clip-on-dAnker-sont-de-30-de-rabais.png\",\"contentUrl\":\"https:\/\/vieassociative.be\/actualites\/wp-content\/uploads\/2025\/05\/Ces-ecouteurs-clip-on-dAnker-sont-de-30-de-rabais.png\",\"width\":1200,\"height\":675,\"caption\":\"Ces \u00e9couteurs clip-on d'Anker sont de 30 $ de rabais\"},{\"@type\":\"BreadcrumbList\",\"@id\":\"https:\/\/vieassociative.be\/actualites\/ces-ecouteurs-clip-on-danker-sont-de-30-de-rabais\/#breadcrumb\",\"itemListElement\":[{\"@type\":\"ListItem\",\"position\":1,\"name\":\"Accueil\",\"item\":\"https:\/\/vieassociative.be\/actualites\/\"},{\"@type\":\"ListItem\",\"position\":2,\"name\":\"Ces \u00e9couteurs clip-on d&rsquo;Anker sont de 30 $ de rabais\"}]},{\"@type\":\"WebSite\",\"@id\":\"https:\/\/vieassociative.be\/actualites\/#website\",\"url\":\"https:\/\/vieassociative.be\/actualites\/\",\"name\":\"Vie Associative\",\"description\":\"\",\"publisher\":{\"@id\":\"https:\/\/vieassociative.be\/actualites\/#organization\"},\"potentialAction\":[{\"@type\":\"SearchAction\",\"target\":{\"@type\":\"EntryPoint\",\"urlTemplate\":\"https:\/\/vieassociative.be\/actualites\/?s={search_term_string}\"},\"query-input\":{\"@type\":\"PropertyValueSpecification\",\"valueRequired\":true,\"valueName\":\"search_term_string\"}}],\"inLanguage\":\"fr-BE\"},{\"@type\":\"Organization\",\"@id\":\"https:\/\/vieassociative.be\/actualites\/#organization\",\"name\":\"Vie Associative\",\"url\":\"https:\/\/vieassociative.be\/actualites\/\",\"logo\":{\"@type\":\"ImageObject\",\"inLanguage\":\"fr-BE\",\"@id\":\"https:\/\/vieassociative.be\/actualites\/#\/schema\/logo\/image\/\",\"url\":\"https:\/\/vieassociative.be\/actualites\/wp-content\/uploads\/2024\/09\/cropped-vieassociative_favicon.ico.png\",\"contentUrl\":\"https:\/\/vieassociative.be\/actualites\/wp-content\/uploads\/2024\/09\/cropped-vieassociative_favicon.ico.png\",\"width\":512,\"height\":512,\"caption\":\"Vie Associative\"},\"image\":{\"@id\":\"https:\/\/vieassociative.be\/actualites\/#\/schema\/logo\/image\/\"}},{\"@type\":\"Person\",\"@id\":\"https:\/\/vieassociative.be\/actualites\/#\/schema\/person\/b87ac4f82f9d4e7b7cec7395b679edc4\",\"name\":\"Julien\",\"image\":{\"@type\":\"ImageObject\",\"inLanguage\":\"fr-BE\",\"@id\":\"https:\/\/vieassociative.be\/actualites\/#\/schema\/person\/image\/\",\"url\":\"https:\/\/vieassociative.be\/actualites\/wp-content\/uploads\/2024\/09\/vie-associative-1-150x150.jpg\",\"contentUrl\":\"https:\/\/vieassociative.be\/actualites\/wp-content\/uploads\/2024\/09\/vie-associative-1-150x150.jpg\",\"caption\":\"Julien\"},\"description\":\"Je suis Julien, r\u00e9dacteur pour Vie Associative. Passionn\u00e9 par le monde associatif depuis plus de 10 ans, j'ai \u00e0 c\u0153ur de partager des histoires inspirantes et de mettre en lumi\u00e8re les initiatives locales. Mon objectif est de sensibiliser et d'encourager l'engagement communautaire \u00e0 travers mes articles.\",\"sameAs\":[\"https:\/\/vieassociative.be\/\"]}]}<\/script>\n<!-- \/ Yoast SEO plugin. -->","yoast_head_json":{"title":"Ces \u00e9couteurs clip-on d'Anker sont de 30 $ de rabais | Vie Associative","robots":{"index":"index","follow":"follow","max-snippet":"max-snippet:-1","max-image-preview":"max-image-preview:large","max-video-preview":"max-video-preview:-1"},"canonical":"https:\/\/vieassociative.be\/actualites\/ces-ecouteurs-clip-on-danker-sont-de-30-de-rabais\/","og_locale":"fr_FR","og_type":"article","og_title":"Ces \u00e9couteurs clip-on d'Anker sont de 30 $ de rabais | Vie Associative","og_description":"Les \u00e9couteurs Anker Soundcore C40i offrent un son immersif sans bloquer le monde, et ils sont 30 $ de rabais. Au fur et \u00e0 mesure","og_url":"https:\/\/vieassociative.be\/actualites\/ces-ecouteurs-clip-on-danker-sont-de-30-de-rabais\/","og_site_name":"Vie Associative","article_published_time":"2025-05-25T13:17:06+00:00","og_image":[{"url":"https:\/\/vieassociative.be\/actualites\/wp-content\/uploads\/2025\/05\/Ces-ecouteurs-clip-on-dAnker-sont-de-30-de-rabais.jpg","type":"","width":"","height":""}],"author":"Julien","twitter_card":"summary_large_image","twitter_misc":{"\u00c9crit par":"Julien","Dur\u00e9e de lecture est.":"2 minutes"},"schema":{"@context":"https:\/\/schema.org","@graph":[{"@type":"Article","@id":"https:\/\/vieassociative.be\/actualites\/ces-ecouteurs-clip-on-danker-sont-de-30-de-rabais\/#article","isPartOf":{"@id":"https:\/\/vieassociative.be\/actualites\/ces-ecouteurs-clip-on-danker-sont-de-30-de-rabais\/"},"author":{"name":"Julien","@id":"https:\/\/vieassociative.be\/actualites\/#\/schema\/person\/b87ac4f82f9d4e7b7cec7395b679edc4"},"headline":"Ces \u00e9couteurs clip-on d&rsquo;Anker sont de 30 $ de rabais","datePublished":"2025-05-25T13:17:06+00:00","dateModified":"2025-05-25T13:17:06+00:00","mainEntityOfPage":{"@id":"https:\/\/vieassociative.be\/actualites\/ces-ecouteurs-clip-on-danker-sont-de-30-de-rabais\/"},"wordCount":336,"publisher":{"@id":"https:\/\/vieassociative.be\/actualites\/#organization"},"image":{"@id":"https:\/\/vieassociative.be\/actualites\/ces-ecouteurs-clip-on-danker-sont-de-30-de-rabais\/#primaryimage"},"thumbnailUrl":"https:\/\/vieassociative.be\/actualites\/wp-content\/uploads\/2025\/05\/Ces-ecouteurs-clip-on-dAnker-sont-de-30-de-rabais.png","keywords":["ces","clipon","dAnker","\u00e9couteurs","rabais","sont"],"articleSection":["Technologie"],"inLanguage":"fr-BE"},{"@type":"WebPage","@id":"https:\/\/vieassociative.be\/actualites\/ces-ecouteurs-clip-on-danker-sont-de-30-de-rabais\/","url":"https:\/\/vieassociative.be\/actualites\/ces-ecouteurs-clip-on-danker-sont-de-30-de-rabais\/","name":"Ces \u00e9couteurs clip-on d'Anker sont de 30 $ de rabais | Vie Associative","isPartOf":{"@id":"https:\/\/vieassociative.be\/actualites\/#website"},"primaryImageOfPage":{"@id":"https:\/\/vieassociative.be\/actualites\/ces-ecouteurs-clip-on-danker-sont-de-30-de-rabais\/#primaryimage"},"image":{"@id":"https:\/\/vieassociative.be\/actualites\/ces-ecouteurs-clip-on-danker-sont-de-30-de-rabais\/#primaryimage"},"thumbnailUrl":"https:\/\/vieassociative.be\/actualites\/wp-content\/uploads\/2025\/05\/Ces-ecouteurs-clip-on-dAnker-sont-de-30-de-rabais.png","datePublished":"2025-05-25T13:17:06+00:00","dateModified":"2025-05-25T13:17:06+00:00","breadcrumb":{"@id":"https:\/\/vieassociative.be\/actualites\/ces-ecouteurs-clip-on-danker-sont-de-30-de-rabais\/#breadcrumb"},"inLanguage":"fr-BE","potentialAction":[{"@type":"ReadAction","target":["https:\/\/vieassociative.be\/actualites\/ces-ecouteurs-clip-on-danker-sont-de-30-de-rabais\/"]}]},{"@type":"ImageObject","inLanguage":"fr-BE","@id":"https:\/\/vieassociative.be\/actualites\/ces-ecouteurs-clip-on-danker-sont-de-30-de-rabais\/#primaryimage","url":"https:\/\/vieassociative.be\/actualites\/wp-content\/uploads\/2025\/05\/Ces-ecouteurs-clip-on-dAnker-sont-de-30-de-rabais.png","contentUrl":"https:\/\/vieassociative.be\/actualites\/wp-content\/uploads\/2025\/05\/Ces-ecouteurs-clip-on-dAnker-sont-de-30-de-rabais.png","width":1200,"height":675,"caption":"Ces \u00e9couteurs clip-on d'Anker sont de 30 $ de rabais"},{"@type":"BreadcrumbList","@id":"https:\/\/vieassociative.be\/actualites\/ces-ecouteurs-clip-on-danker-sont-de-30-de-rabais\/#breadcrumb","itemListElement":[{"@type":"ListItem","position":1,"name":"Accueil","item":"https:\/\/vieassociative.be\/actualites\/"},{"@type":"ListItem","position":2,"name":"Ces \u00e9couteurs clip-on d&rsquo;Anker sont de 30 $ de rabais"}]},{"@type":"WebSite","@id":"https:\/\/vieassociative.be\/actualites\/#website","url":"https:\/\/vieassociative.be\/actualites\/","name":"Vie Associative","description":"","publisher":{"@id":"https:\/\/vieassociative.be\/actualites\/#organization"},"potentialAction":[{"@type":"SearchAction","target":{"@type":"EntryPoint","urlTemplate":"https:\/\/vieassociative.be\/actualites\/?s={search_term_string}"},"query-input":{"@type":"PropertyValueSpecification","valueRequired":true,"valueName":"search_term_string"}}],"inLanguage":"fr-BE"},{"@type":"Organization","@id":"https:\/\/vieassociative.be\/actualites\/#organization","name":"Vie Associative","url":"https:\/\/vieassociative.be\/actualites\/","logo":{"@type":"ImageObject","inLanguage":"fr-BE","@id":"https:\/\/vieassociative.be\/actualites\/#\/schema\/logo\/image\/","url":"https:\/\/vieassociative.be\/actualites\/wp-content\/uploads\/2024\/09\/cropped-vieassociative_favicon.ico.png","contentUrl":"https:\/\/vieassociative.be\/actualites\/wp-content\/uploads\/2024\/09\/cropped-vieassociative_favicon.ico.png","width":512,"height":512,"caption":"Vie Associative"},"image":{"@id":"https:\/\/vieassociative.be\/actualites\/#\/schema\/logo\/image\/"}},{"@type":"Person","@id":"https:\/\/vieassociative.be\/actualites\/#\/schema\/person\/b87ac4f82f9d4e7b7cec7395b679edc4","name":"Julien","image":{"@type":"ImageObject","inLanguage":"fr-BE","@id":"https:\/\/vieassociative.be\/actualites\/#\/schema\/person\/image\/","url":"https:\/\/vieassociative.be\/actualites\/wp-content\/uploads\/2024\/09\/vie-associative-1-150x150.jpg","contentUrl":"https:\/\/vieassociative.be\/actualites\/wp-content\/uploads\/2024\/09\/vie-associative-1-150x150.jpg","caption":"Julien"},"description":"Je suis Julien, r\u00e9dacteur pour Vie Associative. Passionn\u00e9 par le monde associatif depuis plus de 10 ans, j'ai \u00e0 c\u0153ur de partager des histoires inspirantes et de mettre en lumi\u00e8re les initiatives locales. Mon objectif est de sensibiliser et d'encourager l'engagement communautaire \u00e0 travers mes articles.","sameAs":["https:\/\/vieassociative.be\/"]}]}},"_links":{"self":[{"href":"https:\/\/vieassociative.be\/actualites\/wp-json\/wp\/v2\/posts\/7767"}],"collection":[{"href":"https:\/\/vieassociative.be\/actualites\/wp-json\/wp\/v2\/posts"}],"about":[{"href":"https:\/\/vieassociative.be\/actualites\/wp-json\/wp\/v2\/types\/post"}],"author":[{"embeddable":true,"href":"https:\/\/vieassociative.be\/actualites\/wp-json\/wp\/v2\/users\/1"}],"replies":[{"embeddable":true,"href":"https:\/\/vieassociative.be\/actualites\/wp-json\/wp\/v2\/comments?post=7767"}],"version-history":[{"count":0,"href":"https:\/\/vieassociative.be\/actualites\/wp-json\/wp\/v2\/posts\/7767\/revisions"}],"wp:featuredmedia":[{"embeddable":true,"href":"https:\/\/vieassociative.be\/actualites\/wp-json\/wp\/v2\/media\/7768"}],"wp:attachment":[{"href":"https:\/\/vieassociative.be\/actualites\/wp-json\/wp\/v2\/media?parent=7767"}],"wp:term":[{"taxonomy":"category","embeddable":true,"href":"https:\/\/vieassociative.be\/actualites\/wp-json\/wp\/v2\/categories?post=7767"},{"taxonomy":"post_tag","embeddable":true,"href":"https:\/\/vieassociative.be\/actualites\/wp-json\/wp\/v2\/tags?post=7767"}],"curies":[{"name":"wp","href":"https:\/\/api.w.org\/{rel}","templated":true}]}}