{"id":7761,"date":"2025-05-25T04:17:39","date_gmt":"2025-05-25T02:17:39","guid":{"rendered":"https:\/\/vieassociative.be\/actualites\/lage-de-la-retraite-statutaire-au-danemark-passera-de-67-a-70-record-en-europe-dici-2040\/"},"modified":"2025-05-25T04:17:39","modified_gmt":"2025-05-25T02:17:39","slug":"lage-de-la-retraite-statutaire-au-danemark-passera-de-67-a-70-record-en-europe-dici-2040","status":"publish","type":"post","link":"https:\/\/vieassociative.be\/actualites\/lage-de-la-retraite-statutaire-au-danemark-passera-de-67-a-70-record-en-europe-dici-2040\/","title":{"rendered":"L&rsquo;\u00e2ge de la retraite statutaire au Danemark passera de 67 \u00e0 70 &#8211; record en Europe d&rsquo;ici 2040"},"content":{"rendered":"<p><strong>L&rsquo;\u00e2ge statutaire de la retraite au Danemark sera port\u00e9 \u00e0 70 ans \u00e0 partir de 2040 apr\u00e8s que le Parlement danois, la populsion, a adopt\u00e9 une loi correspondante.<\/strong><\/p>\n<p><span id=\"more-416236\"><\/span>Le vote a provoqu\u00e9 beaucoup d&rsquo;attention au Danemark. Jeudi, le Parlement danois \u00e0 un seul Chambre a d\u00e9cid\u00e9 d&rsquo;augmenter l&rsquo;\u00e2ge de la retraite \u00e0 70 ans \u00e0 2040. <\/p>\n<p>Plusieurs partis centristes et centraux-droits ont soutenu la mesure, ainsi que les sociaux-d\u00e9mocrates du Premier ministre Mette Frederiksen.<\/p>\n<div id=\"attachment_309144\" class=\"wp-caption alignleft\" style=\"max-width: 300px\"><img fetchpriority=\"high\" decoding=\"async\" class=\"wp-image-309144 size-medium\" src=\"https:\/\/vieassociative.be\/actualites\/wp-content\/uploads\/2025\/05\/Lage-de-la-retraite-statutaire-au-Danemark-passera-de-67.jpeg\" alt=\"\" width=\"300\" height=\"200\"><\/p>\n<p class=\"wp-caption-text\">26\/01\/2022, Danemark, Copenhague: Mette Frederiksen, Premier ministre du Danemark, parle lors d&rsquo;une conf\u00e9rence de presse. Photo: Mads Claus Rasmussen \/ Ritzau Scanpix \/ AP \/ DPA<\/p>\n<\/div>\n<p>\u00ab\u00a0Mais ce sera la derni\u00e8re fois que les sociaux-d\u00e9mocrates voteront pour une augmentation de l&rsquo;\u00e2ge de la retraite dans le cadre du syst\u00e8me actuel\u00a0\u00bb, a averti le ministre du Travail Ane Halsboe-J\u00f8rgensen dans un communiqu\u00e9.<\/p>\n<p><strong>&#8211; Une augmentation progressive:<\/strong> Plus pr\u00e9cis\u00e9ment, l&rsquo;\u00e2ge de la retraite devrait \u00eatre augment\u00e9 progressivement. Il est v\u00e9rifi\u00e9 tous les cinq ans et adapt\u00e9 \u00e0 l&rsquo;esp\u00e9rance de vie. Les Danois peuvent actuellement prendre leur retraite \u00e0 l&rsquo;\u00e2ge de 67 ans. En 2030, il est pass\u00e9 \u00e0 68 ans et en 2035 \u00e0 69 ans. En 2040, l&rsquo;\u00e2ge de la nouvelle retraite de 70 ans s&rsquo;applique \u00e0 tous ceux qui sont n\u00e9s apr\u00e8s le 31 d\u00e9cembre 1970.<\/p>\n<p>Quatre partis se sont prononc\u00e9s contre la nouvelle loi de cette semaine, \u00e0 savoir alternative (vert-gauche), la \u00ab\u00a0liste des unit\u00e9s\u00a0\u00bb (gauche radicale), le parti du peuple socialiste (\u00e0 gauche) et le parti du peuple danois (droits extr\u00eames).<\/p>\n<p>En Belgique, l&rsquo;\u00e2ge de retraite statutaire est de 66 ans depuis janvier de cette ann\u00e9e. La prochaine \u00e9tape se d\u00e9roule en 2030 lorsque le seuil est pass\u00e9 \u00e0 67 ans. (Cre)<\/p>\n","protected":false},"excerpt":{"rendered":"<p>L&rsquo;\u00e2ge statutaire de la retraite au Danemark sera port\u00e9 \u00e0 70 ans \u00e0 partir de 2040 apr\u00e8s que le Parlement danois, la populsion, a adopt\u00e9<\/p>\n","protected":false},"author":1,"featured_media":7762,"comment_status":"","ping_status":"","sticky":false,"template":"","format":"standard","meta":{"footnotes":""},"categories":[298],"tags":[7144,7145,5351,501,5781,2568,1460,7143],"class_list":["post-7761","post","type-post","status-publish","format-standard","has-post-thumbnail","hentry","category-belgique","tag-danemark","tag-dici","tag-europe","tag-lage","tag-passera","tag-record","tag-retraite","tag-statutaire","generate-columns","tablet-grid-50","mobile-grid-100","grid-parent","grid-33"],"yoast_head":"<!-- This site is optimized with the Yoast SEO plugin v24.0 - https:\/\/yoast.com\/wordpress\/plugins\/seo\/ -->\n<title>L&#039;\u00e2ge de la retraite statutaire au Danemark passera de 67 \u00e0 70 - record en Europe d&#039;ici 2040 | Vie Associative<\/title>\n<meta name=\"robots\" content=\"index, follow, max-snippet:-1, max-image-preview:large, max-video-preview:-1\" \/>\n<link rel=\"canonical\" href=\"https:\/\/vieassociative.be\/actualites\/lage-de-la-retraite-statutaire-au-danemark-passera-de-67-a-70-record-en-europe-dici-2040\/\" \/>\n<meta property=\"og:locale\" content=\"fr_FR\" \/>\n<meta property=\"og:type\" content=\"article\" \/>\n<meta property=\"og:title\" content=\"L&#039;\u00e2ge de la retraite statutaire au Danemark passera de 67 \u00e0 70 - record en Europe d&#039;ici 2040 | Vie Associative\" \/>\n<meta property=\"og:description\" content=\"L&rsquo;\u00e2ge statutaire de la retraite au Danemark sera port\u00e9 \u00e0 70 ans \u00e0 partir de 2040 apr\u00e8s que le Parlement danois, la populsion, a adopt\u00e9\" \/>\n<meta property=\"og:url\" content=\"https:\/\/vieassociative.be\/actualites\/lage-de-la-retraite-statutaire-au-danemark-passera-de-67-a-70-record-en-europe-dici-2040\/\" \/>\n<meta property=\"og:site_name\" content=\"Vie Associative\" \/>\n<meta property=\"article:published_time\" content=\"2025-05-25T02:17:39+00:00\" \/>\n<meta property=\"og:image\" content=\"https:\/\/vieassociative.be\/actualites\/wp-content\/uploads\/2024\/09\/header_backgroundk-01-e1726694325946.png\" \/>\n\t<meta property=\"og:image:width\" content=\"279\" \/>\n\t<meta property=\"og:image:height\" content=\"92\" \/>\n\t<meta property=\"og:image:type\" content=\"image\/png\" \/>\n<meta name=\"author\" content=\"Julien\" \/>\n<meta name=\"twitter:card\" content=\"summary_large_image\" \/>\n<meta name=\"twitter:label1\" content=\"\u00c9crit par\" \/>\n\t<meta name=\"twitter:data1\" content=\"Julien\" \/>\n\t<meta name=\"twitter:label2\" content=\"Dur\u00e9e de lecture est.\" \/>\n\t<meta name=\"twitter:data2\" content=\"1 minute\" \/>\n<script type=\"application\/ld+json\" class=\"yoast-schema-graph\">{\"@context\":\"https:\/\/schema.org\",\"@graph\":[{\"@type\":\"Article\",\"@id\":\"https:\/\/vieassociative.be\/actualites\/lage-de-la-retraite-statutaire-au-danemark-passera-de-67-a-70-record-en-europe-dici-2040\/#article\",\"isPartOf\":{\"@id\":\"https:\/\/vieassociative.be\/actualites\/lage-de-la-retraite-statutaire-au-danemark-passera-de-67-a-70-record-en-europe-dici-2040\/\"},\"author\":{\"name\":\"Julien\",\"@id\":\"https:\/\/vieassociative.be\/actualites\/#\/schema\/person\/b87ac4f82f9d4e7b7cec7395b679edc4\"},\"headline\":\"L&rsquo;\u00e2ge de la retraite statutaire au Danemark passera de 67 \u00e0 70 &#8211; record en Europe d&rsquo;ici 2040\",\"datePublished\":\"2025-05-25T02:17:39+00:00\",\"dateModified\":\"2025-05-25T02:17:39+00:00\",\"mainEntityOfPage\":{\"@id\":\"https:\/\/vieassociative.be\/actualites\/lage-de-la-retraite-statutaire-au-danemark-passera-de-67-a-70-record-en-europe-dici-2040\/\"},\"wordCount\":293,\"publisher\":{\"@id\":\"https:\/\/vieassociative.be\/actualites\/#organization\"},\"image\":{\"@id\":\"https:\/\/vieassociative.be\/actualites\/lage-de-la-retraite-statutaire-au-danemark-passera-de-67-a-70-record-en-europe-dici-2040\/#primaryimage\"},\"thumbnailUrl\":\"https:\/\/vieassociative.be\/actualites\/wp-content\/uploads\/2025\/05\/Lage-de-la-retraite-statutaire-au-Danemark-passera-de-67.jpg\",\"keywords\":[\"Danemark\",\"dici\",\"Europe\",\"l\u00e2ge\",\"passera\",\"record\",\"retraite\",\"statutaire\"],\"articleSection\":[\"Belgique\"],\"inLanguage\":\"fr-BE\"},{\"@type\":\"WebPage\",\"@id\":\"https:\/\/vieassociative.be\/actualites\/lage-de-la-retraite-statutaire-au-danemark-passera-de-67-a-70-record-en-europe-dici-2040\/\",\"url\":\"https:\/\/vieassociative.be\/actualites\/lage-de-la-retraite-statutaire-au-danemark-passera-de-67-a-70-record-en-europe-dici-2040\/\",\"name\":\"L'\u00e2ge de la retraite statutaire au Danemark passera de 67 \u00e0 70 - record en Europe d'ici 2040 | Vie Associative\",\"isPartOf\":{\"@id\":\"https:\/\/vieassociative.be\/actualites\/#website\"},\"primaryImageOfPage\":{\"@id\":\"https:\/\/vieassociative.be\/actualites\/lage-de-la-retraite-statutaire-au-danemark-passera-de-67-a-70-record-en-europe-dici-2040\/#primaryimage\"},\"image\":{\"@id\":\"https:\/\/vieassociative.be\/actualites\/lage-de-la-retraite-statutaire-au-danemark-passera-de-67-a-70-record-en-europe-dici-2040\/#primaryimage\"},\"thumbnailUrl\":\"https:\/\/vieassociative.be\/actualites\/wp-content\/uploads\/2025\/05\/Lage-de-la-retraite-statutaire-au-Danemark-passera-de-67.jpg\",\"datePublished\":\"2025-05-25T02:17:39+00:00\",\"dateModified\":\"2025-05-25T02:17:39+00:00\",\"breadcrumb\":{\"@id\":\"https:\/\/vieassociative.be\/actualites\/lage-de-la-retraite-statutaire-au-danemark-passera-de-67-a-70-record-en-europe-dici-2040\/#breadcrumb\"},\"inLanguage\":\"fr-BE\",\"potentialAction\":[{\"@type\":\"ReadAction\",\"target\":[\"https:\/\/vieassociative.be\/actualites\/lage-de-la-retraite-statutaire-au-danemark-passera-de-67-a-70-record-en-europe-dici-2040\/\"]}]},{\"@type\":\"ImageObject\",\"inLanguage\":\"fr-BE\",\"@id\":\"https:\/\/vieassociative.be\/actualites\/lage-de-la-retraite-statutaire-au-danemark-passera-de-67-a-70-record-en-europe-dici-2040\/#primaryimage\",\"url\":\"https:\/\/vieassociative.be\/actualites\/wp-content\/uploads\/2025\/05\/Lage-de-la-retraite-statutaire-au-Danemark-passera-de-67.jpg\",\"contentUrl\":\"https:\/\/vieassociative.be\/actualites\/wp-content\/uploads\/2025\/05\/Lage-de-la-retraite-statutaire-au-Danemark-passera-de-67.jpg\",\"width\":1200,\"height\":800,\"caption\":\"L'\u00e2ge de la retraite statutaire au Danemark passera de 67 \u00e0 70 - record en Europe d'ici 2040\"},{\"@type\":\"BreadcrumbList\",\"@id\":\"https:\/\/vieassociative.be\/actualites\/lage-de-la-retraite-statutaire-au-danemark-passera-de-67-a-70-record-en-europe-dici-2040\/#breadcrumb\",\"itemListElement\":[{\"@type\":\"ListItem\",\"position\":1,\"name\":\"Accueil\",\"item\":\"https:\/\/vieassociative.be\/actualites\/\"},{\"@type\":\"ListItem\",\"position\":2,\"name\":\"L&rsquo;\u00e2ge de la retraite statutaire au Danemark passera de 67 \u00e0 70 &#8211; record en Europe d&rsquo;ici 2040\"}]},{\"@type\":\"WebSite\",\"@id\":\"https:\/\/vieassociative.be\/actualites\/#website\",\"url\":\"https:\/\/vieassociative.be\/actualites\/\",\"name\":\"Vie Associative\",\"description\":\"\",\"publisher\":{\"@id\":\"https:\/\/vieassociative.be\/actualites\/#organization\"},\"potentialAction\":[{\"@type\":\"SearchAction\",\"target\":{\"@type\":\"EntryPoint\",\"urlTemplate\":\"https:\/\/vieassociative.be\/actualites\/?s={search_term_string}\"},\"query-input\":{\"@type\":\"PropertyValueSpecification\",\"valueRequired\":true,\"valueName\":\"search_term_string\"}}],\"inLanguage\":\"fr-BE\"},{\"@type\":\"Organization\",\"@id\":\"https:\/\/vieassociative.be\/actualites\/#organization\",\"name\":\"Vie Associative\",\"url\":\"https:\/\/vieassociative.be\/actualites\/\",\"logo\":{\"@type\":\"ImageObject\",\"inLanguage\":\"fr-BE\",\"@id\":\"https:\/\/vieassociative.be\/actualites\/#\/schema\/logo\/image\/\",\"url\":\"https:\/\/vieassociative.be\/actualites\/wp-content\/uploads\/2024\/09\/cropped-vieassociative_favicon.ico.png\",\"contentUrl\":\"https:\/\/vieassociative.be\/actualites\/wp-content\/uploads\/2024\/09\/cropped-vieassociative_favicon.ico.png\",\"width\":512,\"height\":512,\"caption\":\"Vie Associative\"},\"image\":{\"@id\":\"https:\/\/vieassociative.be\/actualites\/#\/schema\/logo\/image\/\"}},{\"@type\":\"Person\",\"@id\":\"https:\/\/vieassociative.be\/actualites\/#\/schema\/person\/b87ac4f82f9d4e7b7cec7395b679edc4\",\"name\":\"Julien\",\"image\":{\"@type\":\"ImageObject\",\"inLanguage\":\"fr-BE\",\"@id\":\"https:\/\/vieassociative.be\/actualites\/#\/schema\/person\/image\/\",\"url\":\"https:\/\/vieassociative.be\/actualites\/wp-content\/uploads\/2024\/09\/vie-associative-1-150x150.jpg\",\"contentUrl\":\"https:\/\/vieassociative.be\/actualites\/wp-content\/uploads\/2024\/09\/vie-associative-1-150x150.jpg\",\"caption\":\"Julien\"},\"description\":\"Je suis Julien, r\u00e9dacteur pour Vie Associative. Passionn\u00e9 par le monde associatif depuis plus de 10 ans, j'ai \u00e0 c\u0153ur de partager des histoires inspirantes et de mettre en lumi\u00e8re les initiatives locales. Mon objectif est de sensibiliser et d'encourager l'engagement communautaire \u00e0 travers mes articles.\",\"sameAs\":[\"https:\/\/vieassociative.be\/\"]}]}<\/script>\n<!-- \/ Yoast SEO plugin. -->","yoast_head_json":{"title":"L'\u00e2ge de la retraite statutaire au Danemark passera de 67 \u00e0 70 - record en Europe d'ici 2040 | Vie Associative","robots":{"index":"index","follow":"follow","max-snippet":"max-snippet:-1","max-image-preview":"max-image-preview:large","max-video-preview":"max-video-preview:-1"},"canonical":"https:\/\/vieassociative.be\/actualites\/lage-de-la-retraite-statutaire-au-danemark-passera-de-67-a-70-record-en-europe-dici-2040\/","og_locale":"fr_FR","og_type":"article","og_title":"L'\u00e2ge de la retraite statutaire au Danemark passera de 67 \u00e0 70 - record en Europe d'ici 2040 | Vie Associative","og_description":"L&rsquo;\u00e2ge statutaire de la retraite au Danemark sera port\u00e9 \u00e0 70 ans \u00e0 partir de 2040 apr\u00e8s que le Parlement danois, la populsion, a adopt\u00e9","og_url":"https:\/\/vieassociative.be\/actualites\/lage-de-la-retraite-statutaire-au-danemark-passera-de-67-a-70-record-en-europe-dici-2040\/","og_site_name":"Vie Associative","article_published_time":"2025-05-25T02:17:39+00:00","og_image":[{"width":279,"height":92,"url":"https:\/\/vieassociative.be\/actualites\/wp-content\/uploads\/2024\/09\/header_backgroundk-01-e1726694325946.png","type":"image\/png"}],"author":"Julien","twitter_card":"summary_large_image","twitter_misc":{"\u00c9crit par":"Julien","Dur\u00e9e de lecture est.":"1 minute"},"schema":{"@context":"https:\/\/schema.org","@graph":[{"@type":"Article","@id":"https:\/\/vieassociative.be\/actualites\/lage-de-la-retraite-statutaire-au-danemark-passera-de-67-a-70-record-en-europe-dici-2040\/#article","isPartOf":{"@id":"https:\/\/vieassociative.be\/actualites\/lage-de-la-retraite-statutaire-au-danemark-passera-de-67-a-70-record-en-europe-dici-2040\/"},"author":{"name":"Julien","@id":"https:\/\/vieassociative.be\/actualites\/#\/schema\/person\/b87ac4f82f9d4e7b7cec7395b679edc4"},"headline":"L&rsquo;\u00e2ge de la retraite statutaire au Danemark passera de 67 \u00e0 70 &#8211; record en Europe d&rsquo;ici 2040","datePublished":"2025-05-25T02:17:39+00:00","dateModified":"2025-05-25T02:17:39+00:00","mainEntityOfPage":{"@id":"https:\/\/vieassociative.be\/actualites\/lage-de-la-retraite-statutaire-au-danemark-passera-de-67-a-70-record-en-europe-dici-2040\/"},"wordCount":293,"publisher":{"@id":"https:\/\/vieassociative.be\/actualites\/#organization"},"image":{"@id":"https:\/\/vieassociative.be\/actualites\/lage-de-la-retraite-statutaire-au-danemark-passera-de-67-a-70-record-en-europe-dici-2040\/#primaryimage"},"thumbnailUrl":"https:\/\/vieassociative.be\/actualites\/wp-content\/uploads\/2025\/05\/Lage-de-la-retraite-statutaire-au-Danemark-passera-de-67.jpg","keywords":["Danemark","dici","Europe","l\u00e2ge","passera","record","retraite","statutaire"],"articleSection":["Belgique"],"inLanguage":"fr-BE"},{"@type":"WebPage","@id":"https:\/\/vieassociative.be\/actualites\/lage-de-la-retraite-statutaire-au-danemark-passera-de-67-a-70-record-en-europe-dici-2040\/","url":"https:\/\/vieassociative.be\/actualites\/lage-de-la-retraite-statutaire-au-danemark-passera-de-67-a-70-record-en-europe-dici-2040\/","name":"L'\u00e2ge de la retraite statutaire au Danemark passera de 67 \u00e0 70 - record en Europe d'ici 2040 | Vie Associative","isPartOf":{"@id":"https:\/\/vieassociative.be\/actualites\/#website"},"primaryImageOfPage":{"@id":"https:\/\/vieassociative.be\/actualites\/lage-de-la-retraite-statutaire-au-danemark-passera-de-67-a-70-record-en-europe-dici-2040\/#primaryimage"},"image":{"@id":"https:\/\/vieassociative.be\/actualites\/lage-de-la-retraite-statutaire-au-danemark-passera-de-67-a-70-record-en-europe-dici-2040\/#primaryimage"},"thumbnailUrl":"https:\/\/vieassociative.be\/actualites\/wp-content\/uploads\/2025\/05\/Lage-de-la-retraite-statutaire-au-Danemark-passera-de-67.jpg","datePublished":"2025-05-25T02:17:39+00:00","dateModified":"2025-05-25T02:17:39+00:00","breadcrumb":{"@id":"https:\/\/vieassociative.be\/actualites\/lage-de-la-retraite-statutaire-au-danemark-passera-de-67-a-70-record-en-europe-dici-2040\/#breadcrumb"},"inLanguage":"fr-BE","potentialAction":[{"@type":"ReadAction","target":["https:\/\/vieassociative.be\/actualites\/lage-de-la-retraite-statutaire-au-danemark-passera-de-67-a-70-record-en-europe-dici-2040\/"]}]},{"@type":"ImageObject","inLanguage":"fr-BE","@id":"https:\/\/vieassociative.be\/actualites\/lage-de-la-retraite-statutaire-au-danemark-passera-de-67-a-70-record-en-europe-dici-2040\/#primaryimage","url":"https:\/\/vieassociative.be\/actualites\/wp-content\/uploads\/2025\/05\/Lage-de-la-retraite-statutaire-au-Danemark-passera-de-67.jpg","contentUrl":"https:\/\/vieassociative.be\/actualites\/wp-content\/uploads\/2025\/05\/Lage-de-la-retraite-statutaire-au-Danemark-passera-de-67.jpg","width":1200,"height":800,"caption":"L'\u00e2ge de la retraite statutaire au Danemark passera de 67 \u00e0 70 - record en Europe d'ici 2040"},{"@type":"BreadcrumbList","@id":"https:\/\/vieassociative.be\/actualites\/lage-de-la-retraite-statutaire-au-danemark-passera-de-67-a-70-record-en-europe-dici-2040\/#breadcrumb","itemListElement":[{"@type":"ListItem","position":1,"name":"Accueil","item":"https:\/\/vieassociative.be\/actualites\/"},{"@type":"ListItem","position":2,"name":"L&rsquo;\u00e2ge de la retraite statutaire au Danemark passera de 67 \u00e0 70 &#8211; record en Europe d&rsquo;ici 2040"}]},{"@type":"WebSite","@id":"https:\/\/vieassociative.be\/actualites\/#website","url":"https:\/\/vieassociative.be\/actualites\/","name":"Vie Associative","description":"","publisher":{"@id":"https:\/\/vieassociative.be\/actualites\/#organization"},"potentialAction":[{"@type":"SearchAction","target":{"@type":"EntryPoint","urlTemplate":"https:\/\/vieassociative.be\/actualites\/?s={search_term_string}"},"query-input":{"@type":"PropertyValueSpecification","valueRequired":true,"valueName":"search_term_string"}}],"inLanguage":"fr-BE"},{"@type":"Organization","@id":"https:\/\/vieassociative.be\/actualites\/#organization","name":"Vie Associative","url":"https:\/\/vieassociative.be\/actualites\/","logo":{"@type":"ImageObject","inLanguage":"fr-BE","@id":"https:\/\/vieassociative.be\/actualites\/#\/schema\/logo\/image\/","url":"https:\/\/vieassociative.be\/actualites\/wp-content\/uploads\/2024\/09\/cropped-vieassociative_favicon.ico.png","contentUrl":"https:\/\/vieassociative.be\/actualites\/wp-content\/uploads\/2024\/09\/cropped-vieassociative_favicon.ico.png","width":512,"height":512,"caption":"Vie Associative"},"image":{"@id":"https:\/\/vieassociative.be\/actualites\/#\/schema\/logo\/image\/"}},{"@type":"Person","@id":"https:\/\/vieassociative.be\/actualites\/#\/schema\/person\/b87ac4f82f9d4e7b7cec7395b679edc4","name":"Julien","image":{"@type":"ImageObject","inLanguage":"fr-BE","@id":"https:\/\/vieassociative.be\/actualites\/#\/schema\/person\/image\/","url":"https:\/\/vieassociative.be\/actualites\/wp-content\/uploads\/2024\/09\/vie-associative-1-150x150.jpg","contentUrl":"https:\/\/vieassociative.be\/actualites\/wp-content\/uploads\/2024\/09\/vie-associative-1-150x150.jpg","caption":"Julien"},"description":"Je suis Julien, r\u00e9dacteur pour Vie Associative. Passionn\u00e9 par le monde associatif depuis plus de 10 ans, j'ai \u00e0 c\u0153ur de partager des histoires inspirantes et de mettre en lumi\u00e8re les initiatives locales. Mon objectif est de sensibiliser et d'encourager l'engagement communautaire \u00e0 travers mes articles.","sameAs":["https:\/\/vieassociative.be\/"]}]}},"_links":{"self":[{"href":"https:\/\/vieassociative.be\/actualites\/wp-json\/wp\/v2\/posts\/7761"}],"collection":[{"href":"https:\/\/vieassociative.be\/actualites\/wp-json\/wp\/v2\/posts"}],"about":[{"href":"https:\/\/vieassociative.be\/actualites\/wp-json\/wp\/v2\/types\/post"}],"author":[{"embeddable":true,"href":"https:\/\/vieassociative.be\/actualites\/wp-json\/wp\/v2\/users\/1"}],"replies":[{"embeddable":true,"href":"https:\/\/vieassociative.be\/actualites\/wp-json\/wp\/v2\/comments?post=7761"}],"version-history":[{"count":0,"href":"https:\/\/vieassociative.be\/actualites\/wp-json\/wp\/v2\/posts\/7761\/revisions"}],"wp:featuredmedia":[{"embeddable":true,"href":"https:\/\/vieassociative.be\/actualites\/wp-json\/wp\/v2\/media\/7762"}],"wp:attachment":[{"href":"https:\/\/vieassociative.be\/actualites\/wp-json\/wp\/v2\/media?parent=7761"}],"wp:term":[{"taxonomy":"category","embeddable":true,"href":"https:\/\/vieassociative.be\/actualites\/wp-json\/wp\/v2\/categories?post=7761"},{"taxonomy":"post_tag","embeddable":true,"href":"https:\/\/vieassociative.be\/actualites\/wp-json\/wp\/v2\/tags?post=7761"}],"curies":[{"name":"wp","href":"https:\/\/api.w.org\/{rel}","templated":true}]}}