{"id":7756,"date":"2025-05-24T22:17:26","date_gmt":"2025-05-24T20:17:26","guid":{"rendered":"https:\/\/vieassociative.be\/actualites\/finale-de-la-coupe-dfb-vfb-a-vaincu-la-peur-preferee-de-bielefeld\/"},"modified":"2025-05-24T22:17:26","modified_gmt":"2025-05-24T20:17:26","slug":"finale-de-la-coupe-dfb-vfb-a-vaincu-la-peur-preferee-de-bielefeld","status":"publish","type":"post","link":"https:\/\/vieassociative.be\/actualites\/finale-de-la-coupe-dfb-vfb-a-vaincu-la-peur-preferee-de-bielefeld\/","title":{"rendered":"Finale de la Coupe DFB: VFB a vaincu la peur pr\u00e9f\u00e9r\u00e9e de Bielefeld"},"content":{"rendered":"<p><strong>Ce sera une question claire dans le stade olympique vendu \u00e0 Berlin. VFB Stuttgart ne donne pas une chance \u00e0 Arminia Bielefeld. Il n&rsquo;y a qu&rsquo;une certaine tension vers la fin du jeu.<\/strong><\/p>\n<p><span id=\"more-416254\"><\/span>VFB Stuttgart n&rsquo;a pas laiss\u00e9 le favori de l&rsquo;arr\u00eat de Bielefeld Arminia Bielefeld et a remport\u00e9 la Coupe DFB. L&rsquo;\u00e9quipe de l&rsquo;entra\u00eeneur Sebastian Hoene\u00df a gagn\u00e9 4: 2 (3-0) en finale \u00e0 Berlin. D\u00e9j\u00e0 apr\u00e8s la premi\u00e8re moiti\u00e9 unilat\u00e9rale avec les portes de Nick Woltemade (15e minute), Enzo Millot (22e) et l&rsquo;ancien attaquant d&rsquo;Union Saint-Gilloise, Deniz Undav (28e), le jeu avait \u00e9t\u00e9 pratique devant 74 036 spectateurs dans le stade olympique \u00e0 guichets ferm\u00e9s.<\/p>\n<div id=\"attachment_416256\" class=\"wp-caption alignleft\" style=\"max-width: 300px\"><img fetchpriority=\"high\" decoding=\"async\" class=\"wp-image-416256 size-medium\" src=\"https:\/\/vieassociative.be\/actualites\/wp-content\/uploads\/2025\/05\/Finale-de-la-Coupe-DFB-VFB-a-vaincu-la-peur.jpg\" alt=\"\" width=\"300\" height=\"169\"><\/p>\n<p class=\"wp-caption-text\">24.05.2025, Berlin: Bielefelds Noah Sarenren Bazeee (L) et Stuttgart Maximilian Mitelst\u00e4dt se battent pour le ballon. Photo: Tom Weller \/ DPA<\/p>\n<\/div>\n<p>Apr\u00e8s le changement des c\u00f4t\u00e9s, Millot (66e) est pass\u00e9 \u00e0 4: 0, avant Julian Kania (82e) et un propre but de Josha Vagnoman (85.) a raccourci pour le champion de la troisi\u00e8me division et en raison d&rsquo;Arminen soudainement oppressif.<\/p>\n<p>Pour VFB, c&rsquo;est le quatri\u00e8me triomphe du titre de la comp\u00e9tition de la Coupe de l&rsquo;Association allemande de football. En 1954, 1958 et 1997, les Swabiens avaient pr\u00e9c\u00e9demment gagn\u00e9. Plus r\u00e9cemment, l&rsquo;\u00e9quipe de Stuttgart s&rsquo;\u00e9tait tenue en finale en 2013, mais a perdu contre le vainqueur du record du Bayern Munich.<\/p>\n<p>L&rsquo;adversaire Bielefeld avait particip\u00e9 \u00e0 la finale de la Coupe DFB pour la premi\u00e8re fois dans l&rsquo;histoire du club. L&rsquo;Arminen, qui participera \u00e0 la deuxi\u00e8me division gr\u00e2ce \u00e0 la premi\u00e8re place de la troisi\u00e8me division de la saison \u00e0 venir, avait \u00e9teint quatre clubs de Bundesliga sur le chemin de la finale, y compris le Doublegewinner de 2023\/24, Bayer Leverkusen. (DPA)<\/p>\n","protected":false},"excerpt":{"rendered":"<p>Ce sera une question claire dans le stade olympique vendu \u00e0 Berlin. VFB Stuttgart ne donne pas une chance \u00e0 Arminia Bielefeld. Il n&rsquo;y a<\/p>\n","protected":false},"author":1,"featured_media":7757,"comment_status":"","ping_status":"","sticky":false,"template":"","format":"standard","meta":{"footnotes":""},"categories":[298],"tags":[6137,2472,2473,879,1923,52,7140,7139],"class_list":["post-7756","post","type-post","status-publish","format-standard","has-post-thumbnail","hentry","category-belgique","tag-bielefeld","tag-coupe","tag-dfb","tag-finale","tag-peur","tag-preferee","tag-vaincu","tag-vfb","generate-columns","tablet-grid-50","mobile-grid-100","grid-parent","grid-33"],"yoast_head":"<!-- This site is optimized with the Yoast SEO plugin v24.0 - https:\/\/yoast.com\/wordpress\/plugins\/seo\/ -->\n<title>Finale de la Coupe DFB: VFB a vaincu la peur pr\u00e9f\u00e9r\u00e9e de Bielefeld | Vie Associative<\/title>\n<meta name=\"robots\" content=\"index, follow, max-snippet:-1, max-image-preview:large, max-video-preview:-1\" \/>\n<link rel=\"canonical\" href=\"https:\/\/vieassociative.be\/actualites\/finale-de-la-coupe-dfb-vfb-a-vaincu-la-peur-preferee-de-bielefeld\/\" \/>\n<meta property=\"og:locale\" content=\"fr_FR\" \/>\n<meta property=\"og:type\" content=\"article\" \/>\n<meta property=\"og:title\" content=\"Finale de la Coupe DFB: VFB a vaincu la peur pr\u00e9f\u00e9r\u00e9e de Bielefeld | Vie Associative\" \/>\n<meta property=\"og:description\" content=\"Ce sera une question claire dans le stade olympique vendu \u00e0 Berlin. VFB Stuttgart ne donne pas une chance \u00e0 Arminia Bielefeld. Il n&rsquo;y a\" \/>\n<meta property=\"og:url\" content=\"https:\/\/vieassociative.be\/actualites\/finale-de-la-coupe-dfb-vfb-a-vaincu-la-peur-preferee-de-bielefeld\/\" \/>\n<meta property=\"og:site_name\" content=\"Vie Associative\" \/>\n<meta property=\"article:published_time\" content=\"2025-05-24T20:17:26+00:00\" \/>\n<meta property=\"og:image\" content=\"https:\/\/vieassociative.be\/actualites\/wp-content\/uploads\/2024\/09\/header_backgroundk-01-e1726694325946.png\" \/>\n\t<meta property=\"og:image:width\" content=\"279\" \/>\n\t<meta property=\"og:image:height\" content=\"92\" \/>\n\t<meta property=\"og:image:type\" content=\"image\/png\" \/>\n<meta name=\"author\" content=\"Julien\" \/>\n<meta name=\"twitter:card\" content=\"summary_large_image\" \/>\n<meta name=\"twitter:label1\" content=\"\u00c9crit par\" \/>\n\t<meta name=\"twitter:data1\" content=\"Julien\" \/>\n\t<meta name=\"twitter:label2\" content=\"Dur\u00e9e de lecture est.\" \/>\n\t<meta name=\"twitter:data2\" content=\"1 minute\" \/>\n<script type=\"application\/ld+json\" class=\"yoast-schema-graph\">{\"@context\":\"https:\/\/schema.org\",\"@graph\":[{\"@type\":\"Article\",\"@id\":\"https:\/\/vieassociative.be\/actualites\/finale-de-la-coupe-dfb-vfb-a-vaincu-la-peur-preferee-de-bielefeld\/#article\",\"isPartOf\":{\"@id\":\"https:\/\/vieassociative.be\/actualites\/finale-de-la-coupe-dfb-vfb-a-vaincu-la-peur-preferee-de-bielefeld\/\"},\"author\":{\"name\":\"Julien\",\"@id\":\"https:\/\/vieassociative.be\/actualites\/#\/schema\/person\/b87ac4f82f9d4e7b7cec7395b679edc4\"},\"headline\":\"Finale de la Coupe DFB: VFB a vaincu la peur pr\u00e9f\u00e9r\u00e9e de Bielefeld\",\"datePublished\":\"2025-05-24T20:17:26+00:00\",\"dateModified\":\"2025-05-24T20:17:26+00:00\",\"mainEntityOfPage\":{\"@id\":\"https:\/\/vieassociative.be\/actualites\/finale-de-la-coupe-dfb-vfb-a-vaincu-la-peur-preferee-de-bielefeld\/\"},\"wordCount\":310,\"publisher\":{\"@id\":\"https:\/\/vieassociative.be\/actualites\/#organization\"},\"image\":{\"@id\":\"https:\/\/vieassociative.be\/actualites\/finale-de-la-coupe-dfb-vfb-a-vaincu-la-peur-preferee-de-bielefeld\/#primaryimage\"},\"thumbnailUrl\":\"https:\/\/vieassociative.be\/actualites\/wp-content\/uploads\/2025\/05\/1748117847_Finale-de-la-Coupe-DFB-VFB-a-vaincu-la-peur.jpg\",\"keywords\":[\"Bielefeld\",\"Coupe\",\"DFB\",\"finale\",\"peur\",\"pr\u00e9f\u00e9r\u00e9e\",\"vaincu\",\"VFB\"],\"articleSection\":[\"Belgique\"],\"inLanguage\":\"fr-BE\"},{\"@type\":\"WebPage\",\"@id\":\"https:\/\/vieassociative.be\/actualites\/finale-de-la-coupe-dfb-vfb-a-vaincu-la-peur-preferee-de-bielefeld\/\",\"url\":\"https:\/\/vieassociative.be\/actualites\/finale-de-la-coupe-dfb-vfb-a-vaincu-la-peur-preferee-de-bielefeld\/\",\"name\":\"Finale de la Coupe DFB: VFB a vaincu la peur pr\u00e9f\u00e9r\u00e9e de Bielefeld | Vie Associative\",\"isPartOf\":{\"@id\":\"https:\/\/vieassociative.be\/actualites\/#website\"},\"primaryImageOfPage\":{\"@id\":\"https:\/\/vieassociative.be\/actualites\/finale-de-la-coupe-dfb-vfb-a-vaincu-la-peur-preferee-de-bielefeld\/#primaryimage\"},\"image\":{\"@id\":\"https:\/\/vieassociative.be\/actualites\/finale-de-la-coupe-dfb-vfb-a-vaincu-la-peur-preferee-de-bielefeld\/#primaryimage\"},\"thumbnailUrl\":\"https:\/\/vieassociative.be\/actualites\/wp-content\/uploads\/2025\/05\/1748117847_Finale-de-la-Coupe-DFB-VFB-a-vaincu-la-peur.jpg\",\"datePublished\":\"2025-05-24T20:17:26+00:00\",\"dateModified\":\"2025-05-24T20:17:26+00:00\",\"breadcrumb\":{\"@id\":\"https:\/\/vieassociative.be\/actualites\/finale-de-la-coupe-dfb-vfb-a-vaincu-la-peur-preferee-de-bielefeld\/#breadcrumb\"},\"inLanguage\":\"fr-BE\",\"potentialAction\":[{\"@type\":\"ReadAction\",\"target\":[\"https:\/\/vieassociative.be\/actualites\/finale-de-la-coupe-dfb-vfb-a-vaincu-la-peur-preferee-de-bielefeld\/\"]}]},{\"@type\":\"ImageObject\",\"inLanguage\":\"fr-BE\",\"@id\":\"https:\/\/vieassociative.be\/actualites\/finale-de-la-coupe-dfb-vfb-a-vaincu-la-peur-preferee-de-bielefeld\/#primaryimage\",\"url\":\"https:\/\/vieassociative.be\/actualites\/wp-content\/uploads\/2025\/05\/1748117847_Finale-de-la-Coupe-DFB-VFB-a-vaincu-la-peur.jpg\",\"contentUrl\":\"https:\/\/vieassociative.be\/actualites\/wp-content\/uploads\/2025\/05\/1748117847_Finale-de-la-Coupe-DFB-VFB-a-vaincu-la-peur.jpg\",\"width\":1200,\"height\":675,\"caption\":\"Finale de la Coupe DFB: VFB a vaincu la peur pr\u00e9f\u00e9r\u00e9e de Bielefeld\"},{\"@type\":\"BreadcrumbList\",\"@id\":\"https:\/\/vieassociative.be\/actualites\/finale-de-la-coupe-dfb-vfb-a-vaincu-la-peur-preferee-de-bielefeld\/#breadcrumb\",\"itemListElement\":[{\"@type\":\"ListItem\",\"position\":1,\"name\":\"Accueil\",\"item\":\"https:\/\/vieassociative.be\/actualites\/\"},{\"@type\":\"ListItem\",\"position\":2,\"name\":\"Finale de la Coupe DFB: VFB a vaincu la peur pr\u00e9f\u00e9r\u00e9e de Bielefeld\"}]},{\"@type\":\"WebSite\",\"@id\":\"https:\/\/vieassociative.be\/actualites\/#website\",\"url\":\"https:\/\/vieassociative.be\/actualites\/\",\"name\":\"Vie Associative\",\"description\":\"\",\"publisher\":{\"@id\":\"https:\/\/vieassociative.be\/actualites\/#organization\"},\"potentialAction\":[{\"@type\":\"SearchAction\",\"target\":{\"@type\":\"EntryPoint\",\"urlTemplate\":\"https:\/\/vieassociative.be\/actualites\/?s={search_term_string}\"},\"query-input\":{\"@type\":\"PropertyValueSpecification\",\"valueRequired\":true,\"valueName\":\"search_term_string\"}}],\"inLanguage\":\"fr-BE\"},{\"@type\":\"Organization\",\"@id\":\"https:\/\/vieassociative.be\/actualites\/#organization\",\"name\":\"Vie Associative\",\"url\":\"https:\/\/vieassociative.be\/actualites\/\",\"logo\":{\"@type\":\"ImageObject\",\"inLanguage\":\"fr-BE\",\"@id\":\"https:\/\/vieassociative.be\/actualites\/#\/schema\/logo\/image\/\",\"url\":\"https:\/\/vieassociative.be\/actualites\/wp-content\/uploads\/2024\/09\/cropped-vieassociative_favicon.ico.png\",\"contentUrl\":\"https:\/\/vieassociative.be\/actualites\/wp-content\/uploads\/2024\/09\/cropped-vieassociative_favicon.ico.png\",\"width\":512,\"height\":512,\"caption\":\"Vie Associative\"},\"image\":{\"@id\":\"https:\/\/vieassociative.be\/actualites\/#\/schema\/logo\/image\/\"}},{\"@type\":\"Person\",\"@id\":\"https:\/\/vieassociative.be\/actualites\/#\/schema\/person\/b87ac4f82f9d4e7b7cec7395b679edc4\",\"name\":\"Julien\",\"image\":{\"@type\":\"ImageObject\",\"inLanguage\":\"fr-BE\",\"@id\":\"https:\/\/vieassociative.be\/actualites\/#\/schema\/person\/image\/\",\"url\":\"https:\/\/vieassociative.be\/actualites\/wp-content\/uploads\/2024\/09\/vie-associative-1-150x150.jpg\",\"contentUrl\":\"https:\/\/vieassociative.be\/actualites\/wp-content\/uploads\/2024\/09\/vie-associative-1-150x150.jpg\",\"caption\":\"Julien\"},\"description\":\"Je suis Julien, r\u00e9dacteur pour Vie Associative. Passionn\u00e9 par le monde associatif depuis plus de 10 ans, j'ai \u00e0 c\u0153ur de partager des histoires inspirantes et de mettre en lumi\u00e8re les initiatives locales. Mon objectif est de sensibiliser et d'encourager l'engagement communautaire \u00e0 travers mes articles.\",\"sameAs\":[\"https:\/\/vieassociative.be\/\"]}]}<\/script>\n<!-- \/ Yoast SEO plugin. -->","yoast_head_json":{"title":"Finale de la Coupe DFB: VFB a vaincu la peur pr\u00e9f\u00e9r\u00e9e de Bielefeld | Vie Associative","robots":{"index":"index","follow":"follow","max-snippet":"max-snippet:-1","max-image-preview":"max-image-preview:large","max-video-preview":"max-video-preview:-1"},"canonical":"https:\/\/vieassociative.be\/actualites\/finale-de-la-coupe-dfb-vfb-a-vaincu-la-peur-preferee-de-bielefeld\/","og_locale":"fr_FR","og_type":"article","og_title":"Finale de la Coupe DFB: VFB a vaincu la peur pr\u00e9f\u00e9r\u00e9e de Bielefeld | Vie Associative","og_description":"Ce sera une question claire dans le stade olympique vendu \u00e0 Berlin. VFB Stuttgart ne donne pas une chance \u00e0 Arminia Bielefeld. Il n&rsquo;y a","og_url":"https:\/\/vieassociative.be\/actualites\/finale-de-la-coupe-dfb-vfb-a-vaincu-la-peur-preferee-de-bielefeld\/","og_site_name":"Vie Associative","article_published_time":"2025-05-24T20:17:26+00:00","og_image":[{"width":279,"height":92,"url":"https:\/\/vieassociative.be\/actualites\/wp-content\/uploads\/2024\/09\/header_backgroundk-01-e1726694325946.png","type":"image\/png"}],"author":"Julien","twitter_card":"summary_large_image","twitter_misc":{"\u00c9crit par":"Julien","Dur\u00e9e de lecture est.":"1 minute"},"schema":{"@context":"https:\/\/schema.org","@graph":[{"@type":"Article","@id":"https:\/\/vieassociative.be\/actualites\/finale-de-la-coupe-dfb-vfb-a-vaincu-la-peur-preferee-de-bielefeld\/#article","isPartOf":{"@id":"https:\/\/vieassociative.be\/actualites\/finale-de-la-coupe-dfb-vfb-a-vaincu-la-peur-preferee-de-bielefeld\/"},"author":{"name":"Julien","@id":"https:\/\/vieassociative.be\/actualites\/#\/schema\/person\/b87ac4f82f9d4e7b7cec7395b679edc4"},"headline":"Finale de la Coupe DFB: VFB a vaincu la peur pr\u00e9f\u00e9r\u00e9e de Bielefeld","datePublished":"2025-05-24T20:17:26+00:00","dateModified":"2025-05-24T20:17:26+00:00","mainEntityOfPage":{"@id":"https:\/\/vieassociative.be\/actualites\/finale-de-la-coupe-dfb-vfb-a-vaincu-la-peur-preferee-de-bielefeld\/"},"wordCount":310,"publisher":{"@id":"https:\/\/vieassociative.be\/actualites\/#organization"},"image":{"@id":"https:\/\/vieassociative.be\/actualites\/finale-de-la-coupe-dfb-vfb-a-vaincu-la-peur-preferee-de-bielefeld\/#primaryimage"},"thumbnailUrl":"https:\/\/vieassociative.be\/actualites\/wp-content\/uploads\/2025\/05\/1748117847_Finale-de-la-Coupe-DFB-VFB-a-vaincu-la-peur.jpg","keywords":["Bielefeld","Coupe","DFB","finale","peur","pr\u00e9f\u00e9r\u00e9e","vaincu","VFB"],"articleSection":["Belgique"],"inLanguage":"fr-BE"},{"@type":"WebPage","@id":"https:\/\/vieassociative.be\/actualites\/finale-de-la-coupe-dfb-vfb-a-vaincu-la-peur-preferee-de-bielefeld\/","url":"https:\/\/vieassociative.be\/actualites\/finale-de-la-coupe-dfb-vfb-a-vaincu-la-peur-preferee-de-bielefeld\/","name":"Finale de la Coupe DFB: VFB a vaincu la peur pr\u00e9f\u00e9r\u00e9e de Bielefeld | Vie Associative","isPartOf":{"@id":"https:\/\/vieassociative.be\/actualites\/#website"},"primaryImageOfPage":{"@id":"https:\/\/vieassociative.be\/actualites\/finale-de-la-coupe-dfb-vfb-a-vaincu-la-peur-preferee-de-bielefeld\/#primaryimage"},"image":{"@id":"https:\/\/vieassociative.be\/actualites\/finale-de-la-coupe-dfb-vfb-a-vaincu-la-peur-preferee-de-bielefeld\/#primaryimage"},"thumbnailUrl":"https:\/\/vieassociative.be\/actualites\/wp-content\/uploads\/2025\/05\/1748117847_Finale-de-la-Coupe-DFB-VFB-a-vaincu-la-peur.jpg","datePublished":"2025-05-24T20:17:26+00:00","dateModified":"2025-05-24T20:17:26+00:00","breadcrumb":{"@id":"https:\/\/vieassociative.be\/actualites\/finale-de-la-coupe-dfb-vfb-a-vaincu-la-peur-preferee-de-bielefeld\/#breadcrumb"},"inLanguage":"fr-BE","potentialAction":[{"@type":"ReadAction","target":["https:\/\/vieassociative.be\/actualites\/finale-de-la-coupe-dfb-vfb-a-vaincu-la-peur-preferee-de-bielefeld\/"]}]},{"@type":"ImageObject","inLanguage":"fr-BE","@id":"https:\/\/vieassociative.be\/actualites\/finale-de-la-coupe-dfb-vfb-a-vaincu-la-peur-preferee-de-bielefeld\/#primaryimage","url":"https:\/\/vieassociative.be\/actualites\/wp-content\/uploads\/2025\/05\/1748117847_Finale-de-la-Coupe-DFB-VFB-a-vaincu-la-peur.jpg","contentUrl":"https:\/\/vieassociative.be\/actualites\/wp-content\/uploads\/2025\/05\/1748117847_Finale-de-la-Coupe-DFB-VFB-a-vaincu-la-peur.jpg","width":1200,"height":675,"caption":"Finale de la Coupe DFB: VFB a vaincu la peur pr\u00e9f\u00e9r\u00e9e de Bielefeld"},{"@type":"BreadcrumbList","@id":"https:\/\/vieassociative.be\/actualites\/finale-de-la-coupe-dfb-vfb-a-vaincu-la-peur-preferee-de-bielefeld\/#breadcrumb","itemListElement":[{"@type":"ListItem","position":1,"name":"Accueil","item":"https:\/\/vieassociative.be\/actualites\/"},{"@type":"ListItem","position":2,"name":"Finale de la Coupe DFB: VFB a vaincu la peur pr\u00e9f\u00e9r\u00e9e de Bielefeld"}]},{"@type":"WebSite","@id":"https:\/\/vieassociative.be\/actualites\/#website","url":"https:\/\/vieassociative.be\/actualites\/","name":"Vie Associative","description":"","publisher":{"@id":"https:\/\/vieassociative.be\/actualites\/#organization"},"potentialAction":[{"@type":"SearchAction","target":{"@type":"EntryPoint","urlTemplate":"https:\/\/vieassociative.be\/actualites\/?s={search_term_string}"},"query-input":{"@type":"PropertyValueSpecification","valueRequired":true,"valueName":"search_term_string"}}],"inLanguage":"fr-BE"},{"@type":"Organization","@id":"https:\/\/vieassociative.be\/actualites\/#organization","name":"Vie Associative","url":"https:\/\/vieassociative.be\/actualites\/","logo":{"@type":"ImageObject","inLanguage":"fr-BE","@id":"https:\/\/vieassociative.be\/actualites\/#\/schema\/logo\/image\/","url":"https:\/\/vieassociative.be\/actualites\/wp-content\/uploads\/2024\/09\/cropped-vieassociative_favicon.ico.png","contentUrl":"https:\/\/vieassociative.be\/actualites\/wp-content\/uploads\/2024\/09\/cropped-vieassociative_favicon.ico.png","width":512,"height":512,"caption":"Vie Associative"},"image":{"@id":"https:\/\/vieassociative.be\/actualites\/#\/schema\/logo\/image\/"}},{"@type":"Person","@id":"https:\/\/vieassociative.be\/actualites\/#\/schema\/person\/b87ac4f82f9d4e7b7cec7395b679edc4","name":"Julien","image":{"@type":"ImageObject","inLanguage":"fr-BE","@id":"https:\/\/vieassociative.be\/actualites\/#\/schema\/person\/image\/","url":"https:\/\/vieassociative.be\/actualites\/wp-content\/uploads\/2024\/09\/vie-associative-1-150x150.jpg","contentUrl":"https:\/\/vieassociative.be\/actualites\/wp-content\/uploads\/2024\/09\/vie-associative-1-150x150.jpg","caption":"Julien"},"description":"Je suis Julien, r\u00e9dacteur pour Vie Associative. Passionn\u00e9 par le monde associatif depuis plus de 10 ans, j'ai \u00e0 c\u0153ur de partager des histoires inspirantes et de mettre en lumi\u00e8re les initiatives locales. Mon objectif est de sensibiliser et d'encourager l'engagement communautaire \u00e0 travers mes articles.","sameAs":["https:\/\/vieassociative.be\/"]}]}},"_links":{"self":[{"href":"https:\/\/vieassociative.be\/actualites\/wp-json\/wp\/v2\/posts\/7756"}],"collection":[{"href":"https:\/\/vieassociative.be\/actualites\/wp-json\/wp\/v2\/posts"}],"about":[{"href":"https:\/\/vieassociative.be\/actualites\/wp-json\/wp\/v2\/types\/post"}],"author":[{"embeddable":true,"href":"https:\/\/vieassociative.be\/actualites\/wp-json\/wp\/v2\/users\/1"}],"replies":[{"embeddable":true,"href":"https:\/\/vieassociative.be\/actualites\/wp-json\/wp\/v2\/comments?post=7756"}],"version-history":[{"count":0,"href":"https:\/\/vieassociative.be\/actualites\/wp-json\/wp\/v2\/posts\/7756\/revisions"}],"wp:featuredmedia":[{"embeddable":true,"href":"https:\/\/vieassociative.be\/actualites\/wp-json\/wp\/v2\/media\/7757"}],"wp:attachment":[{"href":"https:\/\/vieassociative.be\/actualites\/wp-json\/wp\/v2\/media?parent=7756"}],"wp:term":[{"taxonomy":"category","embeddable":true,"href":"https:\/\/vieassociative.be\/actualites\/wp-json\/wp\/v2\/categories?post=7756"},{"taxonomy":"post_tag","embeddable":true,"href":"https:\/\/vieassociative.be\/actualites\/wp-json\/wp\/v2\/tags?post=7756"}],"curies":[{"name":"wp","href":"https:\/\/api.w.org\/{rel}","templated":true}]}}