{"id":7752,"date":"2025-05-24T16:17:08","date_gmt":"2025-05-24T14:17:08","guid":{"rendered":"https:\/\/vieassociative.be\/actualites\/grand-systeme-solaire-mobile-pres-du-marathon-de-musique-deupen\/"},"modified":"2025-05-24T16:17:08","modified_gmt":"2025-05-24T14:17:08","slug":"grand-systeme-solaire-mobile-pres-du-marathon-de-musique-deupen","status":"publish","type":"post","link":"https:\/\/vieassociative.be\/actualites\/grand-systeme-solaire-mobile-pres-du-marathon-de-musique-deupen\/","title":{"rendered":"Grand syst\u00e8me solaire mobile pr\u00e8s du marathon de musique d&rsquo;Eupen"},"content":{"rendered":"<p><strong>Cette ann\u00e9e \u00e9galement, la plate-forme d&rsquo;\u00e9nergie Bolt fournira des festivals en \u00e9lectricit\u00e9 verte &#8211; avec son conteneur solaire, un grand syst\u00e8me avec 104 panneaux solaires. Au marathon de la musique d&rsquo;Eupen, cette technologie innovante fournit une \u00e9nergie durable pour les stands autour d&rsquo;une petite sc\u00e8ne sur le Kl\u00f6tzerbahn, de sorte qu&rsquo;une partie du festival est compl\u00e8tement exploit\u00e9e avec l&rsquo;\u00e9nergie solaire.<\/strong><\/p>\n<p><span id=\"more-416047\"><\/span>Le syst\u00e8me solaire est en tourn\u00e9e tout en Belgique cet \u00e9t\u00e9 pour fournir des festivals et des \u00e9v\u00e9nements avec une \u00e9lectricit\u00e9 durable. Ce week-end, le syst\u00e8me solaire fournit une sc\u00e8ne, un comptoir et plusieurs se dresse au marathon de musique Eupen avec de l&rsquo;\u00e9lectricit\u00e9 verte.<\/p>\n<div id=\"attachment_416216\" class=\"wp-caption alignleft\" style=\"max-width: 300px\"><img fetchpriority=\"high\" decoding=\"async\" class=\"wp-image-416216 size-medium\" src=\"https:\/\/vieassociative.be\/actualites\/wp-content\/uploads\/2025\/05\/Grand-systeme-solaire-mobile-pres-du-marathon-de-musique-dEupen.jpg\" alt=\"\" width=\"300\" height=\"200\"  ><\/p>\n<p class=\"wp-caption-text\">Photo: Bound Energy<\/p>\n<\/div>\n<p>En plus du marathon de la musique Eupen, le conteneur solaire sera \u00e9galement trouv\u00e9 dans des festivals tels que Rock Werchter et Ronqui\u00e8res Festival.<\/p>\n<p>Le syst\u00e8me r\u00e9duit le besoin de g\u00e9n\u00e9rateurs diesel nocifs pour l&rsquo;environnement et assure une source d&rsquo;\u00e9nergie renouvelable stable. Les organisateurs du festival soulignent que cette solution est une \u00e9tape importante vers une industrie du festival plus durable. Les stations suivantes sont les Jeux olympiques sp\u00e9ciaux du 28 au 31 mai 2025 \u00e0 Kortrijk et le Nerdland Festival du 6 au 8 juin 2025 sur le domaine Puyenbroeck.<\/p>\n<div id=\"attachment_416212\" class=\"wp-caption alignleft\" style=\"max-width: 200px\"><img decoding=\"async\" class=\"wp-image-416212 size-medium\" src=\"https:\/\/vieassociative.be\/actualites\/wp-content\/uploads\/2025\/05\/1748096228_888_Grand-systeme-solaire-mobile-pres-du-marathon-de-musique-dEupen.jpg\" alt=\"\" width=\"200\" height=\"300\"  ><\/p>\n<p class=\"wp-caption-text\">Photo: Bound Energy<\/p>\n<\/div>\n<p>\u00ab\u00a0La durabilit\u00e9 devient de plus en plus importante pour soutenir la Terre dans son processus de r\u00e9g\u00e9n\u00e9ration. Pour cette raison, nous prenons diverses mesures pour rendre le festival plus vert: des coupes r\u00e9utilisables et de la restauration locale pour les artistes \u00e0 un festival facile \u00e0 atteindre par les transports publics et utilise moins de g\u00e9n\u00e9rateurs diesel\u00a0\u00bb, explique Konstanze Keller, gestionnaire de communications de la musique Eupen.<\/p>\n<p>Les festivals sont connus pour leur consommation d&rsquo;\u00e9nergie \u00e9lev\u00e9e, mais gr\u00e2ce \u00e0 des solutions innovantes telles que le conteneur solaire, les organisateurs peuvent r\u00e9duire les \u00e9missions d&rsquo;\u00e9v\u00e9nements. L&rsquo;approvisionnement (partiellement) de festivals avec l&rsquo;\u00e9nergie solaire r\u00e9duit la d\u00e9pendance aux g\u00e9n\u00e9rateurs diesel et r\u00e9duit l&#8217;empreinte \u00e9cologique.<\/p>\n<p>\u00ab\u00a0Le conteneur solaire offre un moyen de rendre les festivals plus durablement &#8211; non seulement gr\u00e2ce \u00e0 l&rsquo;utilisation de l&rsquo;\u00e9nergie solaire, mais aussi en montrant aux visiteurs du festival comment l&rsquo;innovation et les \u00e9nergies renouvelables vont de pair. Le syst\u00e8me offre environ 150 \u00e0 200 kWh d&rsquo;\u00e9lectricit\u00e9 chaque jour, ce qui rend imm\u00e9diatement un festival de Bolt\u00a0\u00bb<\/p>\n<p><strong>Le conteneur solaire en un coup d&rsquo;\u0153il:<\/strong><\/p>\n<ul>\n<li>Panneaux solaires de 170 m\u00b2<\/li>\n<li>104 panneaux solaires qui se d\u00e9placent avec le soleil<\/li>\n<li>Une capacit\u00e9 de 150 \u00e0 200 kWh d&rsquo;\u00e9lectricit\u00e9<\/li>\n<li>Une capacit\u00e9 de batterie de 100 kWh<\/li>\n<li>Une conception pliable dans un conteneur de 13 m\u00e8tres de long<\/li>\n<\/ul>\n<h3>\u00c0 propos du boulon<\/h3>\n<p>Bolt est la toute premi\u00e8re plate-forme \u00e9nerg\u00e9tique en Belgique pour l&rsquo;\u00e9lectricit\u00e9 verte locale. Les consommateurs peuvent s\u00e9lectionner un producteur local d&rsquo;\u00e9nergie verte via Bolt. La plate-forme souhaite acc\u00e9l\u00e9rer la transition vers l&rsquo;\u00e9nergie verte en Belgique.<\/p>\n<p>Bolt a \u00e9t\u00e9 fond\u00e9e en 2019 par Pieterjan Veraeghen et Rens van Haute. Aujourd&rsquo;hui, plus de 230 g\u00e9n\u00e9rateurs d&rsquo;\u00e9nergie locaux vendent leur courant solaire, \u00e9olien, eau ou organique via Bolt \u00e0 plus de 109 000 personnes qui choisissent consciemment l&rsquo;\u00e9nergie verte r\u00e9gionale.<\/p>\n<p><b>Plus d&rsquo;informations sur la plate-forme \u00e9nerg\u00e9tique sur <u>www.boltengigie.be<\/u><\/b><\/p>\n","protected":false},"excerpt":{"rendered":"<p>Cette ann\u00e9e \u00e9galement, la plate-forme d&rsquo;\u00e9nergie Bolt fournira des festivals en \u00e9lectricit\u00e9 verte &#8211; avec son conteneur solaire, un grand syst\u00e8me avec 104 panneaux solaires.<\/p>\n","protected":false},"author":1,"featured_media":7753,"comment_status":"","ping_status":"","sticky":false,"template":"","format":"standard","meta":{"footnotes":""},"categories":[298],"tags":[2403,1119,889,7065,1419,1750,1918,161],"class_list":["post-7752","post","type-post","status-publish","format-standard","has-post-thumbnail","hentry","category-belgique","tag-deupen","tag-grand","tag-marathon","tag-mobile","tag-musique","tag-pres","tag-solaire","tag-systeme","generate-columns","tablet-grid-50","mobile-grid-100","grid-parent","grid-33"],"yoast_head":"<!-- This site is optimized with the Yoast SEO plugin v24.0 - https:\/\/yoast.com\/wordpress\/plugins\/seo\/ -->\n<title>Grand syst\u00e8me solaire mobile pr\u00e8s du marathon de musique d&#039;Eupen | Vie Associative<\/title>\n<meta name=\"robots\" content=\"index, follow, max-snippet:-1, max-image-preview:large, max-video-preview:-1\" \/>\n<link rel=\"canonical\" href=\"https:\/\/vieassociative.be\/actualites\/grand-systeme-solaire-mobile-pres-du-marathon-de-musique-deupen\/\" \/>\n<meta property=\"og:locale\" content=\"fr_FR\" \/>\n<meta property=\"og:type\" content=\"article\" \/>\n<meta property=\"og:title\" content=\"Grand syst\u00e8me solaire mobile pr\u00e8s du marathon de musique d&#039;Eupen | Vie Associative\" \/>\n<meta property=\"og:description\" content=\"Cette ann\u00e9e \u00e9galement, la plate-forme d&rsquo;\u00e9nergie Bolt fournira des festivals en \u00e9lectricit\u00e9 verte &#8211; avec son conteneur solaire, un grand syst\u00e8me avec 104 panneaux solaires.\" \/>\n<meta property=\"og:url\" content=\"https:\/\/vieassociative.be\/actualites\/grand-systeme-solaire-mobile-pres-du-marathon-de-musique-deupen\/\" \/>\n<meta property=\"og:site_name\" content=\"Vie Associative\" \/>\n<meta property=\"article:published_time\" content=\"2025-05-24T14:17:08+00:00\" \/>\n<meta property=\"og:image\" content=\"https:\/\/vieassociative.be\/actualites\/wp-content\/uploads\/2024\/09\/header_backgroundk-01-e1726694325946.png\" \/>\n\t<meta property=\"og:image:width\" content=\"279\" \/>\n\t<meta property=\"og:image:height\" content=\"92\" \/>\n\t<meta property=\"og:image:type\" content=\"image\/png\" \/>\n<meta name=\"author\" content=\"Julien\" \/>\n<meta name=\"twitter:card\" content=\"summary_large_image\" \/>\n<meta name=\"twitter:label1\" content=\"\u00c9crit par\" \/>\n\t<meta name=\"twitter:data1\" content=\"Julien\" \/>\n\t<meta name=\"twitter:label2\" content=\"Dur\u00e9e de lecture est.\" \/>\n\t<meta name=\"twitter:data2\" content=\"3 minutes\" \/>\n<script type=\"application\/ld+json\" class=\"yoast-schema-graph\">{\"@context\":\"https:\/\/schema.org\",\"@graph\":[{\"@type\":\"Article\",\"@id\":\"https:\/\/vieassociative.be\/actualites\/grand-systeme-solaire-mobile-pres-du-marathon-de-musique-deupen\/#article\",\"isPartOf\":{\"@id\":\"https:\/\/vieassociative.be\/actualites\/grand-systeme-solaire-mobile-pres-du-marathon-de-musique-deupen\/\"},\"author\":{\"name\":\"Julien\",\"@id\":\"https:\/\/vieassociative.be\/actualites\/#\/schema\/person\/b87ac4f82f9d4e7b7cec7395b679edc4\"},\"headline\":\"Grand syst\u00e8me solaire mobile pr\u00e8s du marathon de musique d&rsquo;Eupen\",\"datePublished\":\"2025-05-24T14:17:08+00:00\",\"dateModified\":\"2025-05-24T14:17:08+00:00\",\"mainEntityOfPage\":{\"@id\":\"https:\/\/vieassociative.be\/actualites\/grand-systeme-solaire-mobile-pres-du-marathon-de-musique-deupen\/\"},\"wordCount\":566,\"publisher\":{\"@id\":\"https:\/\/vieassociative.be\/actualites\/#organization\"},\"image\":{\"@id\":\"https:\/\/vieassociative.be\/actualites\/grand-systeme-solaire-mobile-pres-du-marathon-de-musique-deupen\/#primaryimage\"},\"thumbnailUrl\":\"https:\/\/vieassociative.be\/actualites\/wp-content\/uploads\/2025\/05\/1748096229_Grand-systeme-solaire-mobile-pres-du-marathon-de-musique-dEupen.jpg\",\"keywords\":[\"dEupen\",\"grand\",\"marathon\",\"mobile\",\"musique\",\"pr\u00e8s\",\"solaire\",\"syst\u00e8me\"],\"articleSection\":[\"Belgique\"],\"inLanguage\":\"fr-BE\"},{\"@type\":\"WebPage\",\"@id\":\"https:\/\/vieassociative.be\/actualites\/grand-systeme-solaire-mobile-pres-du-marathon-de-musique-deupen\/\",\"url\":\"https:\/\/vieassociative.be\/actualites\/grand-systeme-solaire-mobile-pres-du-marathon-de-musique-deupen\/\",\"name\":\"Grand syst\u00e8me solaire mobile pr\u00e8s du marathon de musique d'Eupen | Vie Associative\",\"isPartOf\":{\"@id\":\"https:\/\/vieassociative.be\/actualites\/#website\"},\"primaryImageOfPage\":{\"@id\":\"https:\/\/vieassociative.be\/actualites\/grand-systeme-solaire-mobile-pres-du-marathon-de-musique-deupen\/#primaryimage\"},\"image\":{\"@id\":\"https:\/\/vieassociative.be\/actualites\/grand-systeme-solaire-mobile-pres-du-marathon-de-musique-deupen\/#primaryimage\"},\"thumbnailUrl\":\"https:\/\/vieassociative.be\/actualites\/wp-content\/uploads\/2025\/05\/1748096229_Grand-systeme-solaire-mobile-pres-du-marathon-de-musique-dEupen.jpg\",\"datePublished\":\"2025-05-24T14:17:08+00:00\",\"dateModified\":\"2025-05-24T14:17:08+00:00\",\"breadcrumb\":{\"@id\":\"https:\/\/vieassociative.be\/actualites\/grand-systeme-solaire-mobile-pres-du-marathon-de-musique-deupen\/#breadcrumb\"},\"inLanguage\":\"fr-BE\",\"potentialAction\":[{\"@type\":\"ReadAction\",\"target\":[\"https:\/\/vieassociative.be\/actualites\/grand-systeme-solaire-mobile-pres-du-marathon-de-musique-deupen\/\"]}]},{\"@type\":\"ImageObject\",\"inLanguage\":\"fr-BE\",\"@id\":\"https:\/\/vieassociative.be\/actualites\/grand-systeme-solaire-mobile-pres-du-marathon-de-musique-deupen\/#primaryimage\",\"url\":\"https:\/\/vieassociative.be\/actualites\/wp-content\/uploads\/2025\/05\/1748096229_Grand-systeme-solaire-mobile-pres-du-marathon-de-musique-dEupen.jpg\",\"contentUrl\":\"https:\/\/vieassociative.be\/actualites\/wp-content\/uploads\/2025\/05\/1748096229_Grand-systeme-solaire-mobile-pres-du-marathon-de-musique-dEupen.jpg\",\"width\":1200,\"height\":799,\"caption\":\"Grand syst\u00e8me solaire mobile pr\u00e8s du marathon de musique d'Eupen\"},{\"@type\":\"BreadcrumbList\",\"@id\":\"https:\/\/vieassociative.be\/actualites\/grand-systeme-solaire-mobile-pres-du-marathon-de-musique-deupen\/#breadcrumb\",\"itemListElement\":[{\"@type\":\"ListItem\",\"position\":1,\"name\":\"Accueil\",\"item\":\"https:\/\/vieassociative.be\/actualites\/\"},{\"@type\":\"ListItem\",\"position\":2,\"name\":\"Grand syst\u00e8me solaire mobile pr\u00e8s du marathon de musique d&rsquo;Eupen\"}]},{\"@type\":\"WebSite\",\"@id\":\"https:\/\/vieassociative.be\/actualites\/#website\",\"url\":\"https:\/\/vieassociative.be\/actualites\/\",\"name\":\"Vie Associative\",\"description\":\"\",\"publisher\":{\"@id\":\"https:\/\/vieassociative.be\/actualites\/#organization\"},\"potentialAction\":[{\"@type\":\"SearchAction\",\"target\":{\"@type\":\"EntryPoint\",\"urlTemplate\":\"https:\/\/vieassociative.be\/actualites\/?s={search_term_string}\"},\"query-input\":{\"@type\":\"PropertyValueSpecification\",\"valueRequired\":true,\"valueName\":\"search_term_string\"}}],\"inLanguage\":\"fr-BE\"},{\"@type\":\"Organization\",\"@id\":\"https:\/\/vieassociative.be\/actualites\/#organization\",\"name\":\"Vie Associative\",\"url\":\"https:\/\/vieassociative.be\/actualites\/\",\"logo\":{\"@type\":\"ImageObject\",\"inLanguage\":\"fr-BE\",\"@id\":\"https:\/\/vieassociative.be\/actualites\/#\/schema\/logo\/image\/\",\"url\":\"https:\/\/vieassociative.be\/actualites\/wp-content\/uploads\/2024\/09\/cropped-vieassociative_favicon.ico.png\",\"contentUrl\":\"https:\/\/vieassociative.be\/actualites\/wp-content\/uploads\/2024\/09\/cropped-vieassociative_favicon.ico.png\",\"width\":512,\"height\":512,\"caption\":\"Vie Associative\"},\"image\":{\"@id\":\"https:\/\/vieassociative.be\/actualites\/#\/schema\/logo\/image\/\"}},{\"@type\":\"Person\",\"@id\":\"https:\/\/vieassociative.be\/actualites\/#\/schema\/person\/b87ac4f82f9d4e7b7cec7395b679edc4\",\"name\":\"Julien\",\"image\":{\"@type\":\"ImageObject\",\"inLanguage\":\"fr-BE\",\"@id\":\"https:\/\/vieassociative.be\/actualites\/#\/schema\/person\/image\/\",\"url\":\"https:\/\/vieassociative.be\/actualites\/wp-content\/uploads\/2024\/09\/vie-associative-1-150x150.jpg\",\"contentUrl\":\"https:\/\/vieassociative.be\/actualites\/wp-content\/uploads\/2024\/09\/vie-associative-1-150x150.jpg\",\"caption\":\"Julien\"},\"description\":\"Je suis Julien, r\u00e9dacteur pour Vie Associative. Passionn\u00e9 par le monde associatif depuis plus de 10 ans, j'ai \u00e0 c\u0153ur de partager des histoires inspirantes et de mettre en lumi\u00e8re les initiatives locales. Mon objectif est de sensibiliser et d'encourager l'engagement communautaire \u00e0 travers mes articles.\",\"sameAs\":[\"https:\/\/vieassociative.be\/\"]}]}<\/script>\n<!-- \/ Yoast SEO plugin. -->","yoast_head_json":{"title":"Grand syst\u00e8me solaire mobile pr\u00e8s du marathon de musique d'Eupen | Vie Associative","robots":{"index":"index","follow":"follow","max-snippet":"max-snippet:-1","max-image-preview":"max-image-preview:large","max-video-preview":"max-video-preview:-1"},"canonical":"https:\/\/vieassociative.be\/actualites\/grand-systeme-solaire-mobile-pres-du-marathon-de-musique-deupen\/","og_locale":"fr_FR","og_type":"article","og_title":"Grand syst\u00e8me solaire mobile pr\u00e8s du marathon de musique d'Eupen | Vie Associative","og_description":"Cette ann\u00e9e \u00e9galement, la plate-forme d&rsquo;\u00e9nergie Bolt fournira des festivals en \u00e9lectricit\u00e9 verte &#8211; avec son conteneur solaire, un grand syst\u00e8me avec 104 panneaux solaires.","og_url":"https:\/\/vieassociative.be\/actualites\/grand-systeme-solaire-mobile-pres-du-marathon-de-musique-deupen\/","og_site_name":"Vie Associative","article_published_time":"2025-05-24T14:17:08+00:00","og_image":[{"width":279,"height":92,"url":"https:\/\/vieassociative.be\/actualites\/wp-content\/uploads\/2024\/09\/header_backgroundk-01-e1726694325946.png","type":"image\/png"}],"author":"Julien","twitter_card":"summary_large_image","twitter_misc":{"\u00c9crit par":"Julien","Dur\u00e9e de lecture est.":"3 minutes"},"schema":{"@context":"https:\/\/schema.org","@graph":[{"@type":"Article","@id":"https:\/\/vieassociative.be\/actualites\/grand-systeme-solaire-mobile-pres-du-marathon-de-musique-deupen\/#article","isPartOf":{"@id":"https:\/\/vieassociative.be\/actualites\/grand-systeme-solaire-mobile-pres-du-marathon-de-musique-deupen\/"},"author":{"name":"Julien","@id":"https:\/\/vieassociative.be\/actualites\/#\/schema\/person\/b87ac4f82f9d4e7b7cec7395b679edc4"},"headline":"Grand syst\u00e8me solaire mobile pr\u00e8s du marathon de musique d&rsquo;Eupen","datePublished":"2025-05-24T14:17:08+00:00","dateModified":"2025-05-24T14:17:08+00:00","mainEntityOfPage":{"@id":"https:\/\/vieassociative.be\/actualites\/grand-systeme-solaire-mobile-pres-du-marathon-de-musique-deupen\/"},"wordCount":566,"publisher":{"@id":"https:\/\/vieassociative.be\/actualites\/#organization"},"image":{"@id":"https:\/\/vieassociative.be\/actualites\/grand-systeme-solaire-mobile-pres-du-marathon-de-musique-deupen\/#primaryimage"},"thumbnailUrl":"https:\/\/vieassociative.be\/actualites\/wp-content\/uploads\/2025\/05\/1748096229_Grand-systeme-solaire-mobile-pres-du-marathon-de-musique-dEupen.jpg","keywords":["dEupen","grand","marathon","mobile","musique","pr\u00e8s","solaire","syst\u00e8me"],"articleSection":["Belgique"],"inLanguage":"fr-BE"},{"@type":"WebPage","@id":"https:\/\/vieassociative.be\/actualites\/grand-systeme-solaire-mobile-pres-du-marathon-de-musique-deupen\/","url":"https:\/\/vieassociative.be\/actualites\/grand-systeme-solaire-mobile-pres-du-marathon-de-musique-deupen\/","name":"Grand syst\u00e8me solaire mobile pr\u00e8s du marathon de musique d'Eupen | Vie Associative","isPartOf":{"@id":"https:\/\/vieassociative.be\/actualites\/#website"},"primaryImageOfPage":{"@id":"https:\/\/vieassociative.be\/actualites\/grand-systeme-solaire-mobile-pres-du-marathon-de-musique-deupen\/#primaryimage"},"image":{"@id":"https:\/\/vieassociative.be\/actualites\/grand-systeme-solaire-mobile-pres-du-marathon-de-musique-deupen\/#primaryimage"},"thumbnailUrl":"https:\/\/vieassociative.be\/actualites\/wp-content\/uploads\/2025\/05\/1748096229_Grand-systeme-solaire-mobile-pres-du-marathon-de-musique-dEupen.jpg","datePublished":"2025-05-24T14:17:08+00:00","dateModified":"2025-05-24T14:17:08+00:00","breadcrumb":{"@id":"https:\/\/vieassociative.be\/actualites\/grand-systeme-solaire-mobile-pres-du-marathon-de-musique-deupen\/#breadcrumb"},"inLanguage":"fr-BE","potentialAction":[{"@type":"ReadAction","target":["https:\/\/vieassociative.be\/actualites\/grand-systeme-solaire-mobile-pres-du-marathon-de-musique-deupen\/"]}]},{"@type":"ImageObject","inLanguage":"fr-BE","@id":"https:\/\/vieassociative.be\/actualites\/grand-systeme-solaire-mobile-pres-du-marathon-de-musique-deupen\/#primaryimage","url":"https:\/\/vieassociative.be\/actualites\/wp-content\/uploads\/2025\/05\/1748096229_Grand-systeme-solaire-mobile-pres-du-marathon-de-musique-dEupen.jpg","contentUrl":"https:\/\/vieassociative.be\/actualites\/wp-content\/uploads\/2025\/05\/1748096229_Grand-systeme-solaire-mobile-pres-du-marathon-de-musique-dEupen.jpg","width":1200,"height":799,"caption":"Grand syst\u00e8me solaire mobile pr\u00e8s du marathon de musique d'Eupen"},{"@type":"BreadcrumbList","@id":"https:\/\/vieassociative.be\/actualites\/grand-systeme-solaire-mobile-pres-du-marathon-de-musique-deupen\/#breadcrumb","itemListElement":[{"@type":"ListItem","position":1,"name":"Accueil","item":"https:\/\/vieassociative.be\/actualites\/"},{"@type":"ListItem","position":2,"name":"Grand syst\u00e8me solaire mobile pr\u00e8s du marathon de musique d&rsquo;Eupen"}]},{"@type":"WebSite","@id":"https:\/\/vieassociative.be\/actualites\/#website","url":"https:\/\/vieassociative.be\/actualites\/","name":"Vie Associative","description":"","publisher":{"@id":"https:\/\/vieassociative.be\/actualites\/#organization"},"potentialAction":[{"@type":"SearchAction","target":{"@type":"EntryPoint","urlTemplate":"https:\/\/vieassociative.be\/actualites\/?s={search_term_string}"},"query-input":{"@type":"PropertyValueSpecification","valueRequired":true,"valueName":"search_term_string"}}],"inLanguage":"fr-BE"},{"@type":"Organization","@id":"https:\/\/vieassociative.be\/actualites\/#organization","name":"Vie Associative","url":"https:\/\/vieassociative.be\/actualites\/","logo":{"@type":"ImageObject","inLanguage":"fr-BE","@id":"https:\/\/vieassociative.be\/actualites\/#\/schema\/logo\/image\/","url":"https:\/\/vieassociative.be\/actualites\/wp-content\/uploads\/2024\/09\/cropped-vieassociative_favicon.ico.png","contentUrl":"https:\/\/vieassociative.be\/actualites\/wp-content\/uploads\/2024\/09\/cropped-vieassociative_favicon.ico.png","width":512,"height":512,"caption":"Vie Associative"},"image":{"@id":"https:\/\/vieassociative.be\/actualites\/#\/schema\/logo\/image\/"}},{"@type":"Person","@id":"https:\/\/vieassociative.be\/actualites\/#\/schema\/person\/b87ac4f82f9d4e7b7cec7395b679edc4","name":"Julien","image":{"@type":"ImageObject","inLanguage":"fr-BE","@id":"https:\/\/vieassociative.be\/actualites\/#\/schema\/person\/image\/","url":"https:\/\/vieassociative.be\/actualites\/wp-content\/uploads\/2024\/09\/vie-associative-1-150x150.jpg","contentUrl":"https:\/\/vieassociative.be\/actualites\/wp-content\/uploads\/2024\/09\/vie-associative-1-150x150.jpg","caption":"Julien"},"description":"Je suis Julien, r\u00e9dacteur pour Vie Associative. Passionn\u00e9 par le monde associatif depuis plus de 10 ans, j'ai \u00e0 c\u0153ur de partager des histoires inspirantes et de mettre en lumi\u00e8re les initiatives locales. Mon objectif est de sensibiliser et d'encourager l'engagement communautaire \u00e0 travers mes articles.","sameAs":["https:\/\/vieassociative.be\/"]}]}},"_links":{"self":[{"href":"https:\/\/vieassociative.be\/actualites\/wp-json\/wp\/v2\/posts\/7752"}],"collection":[{"href":"https:\/\/vieassociative.be\/actualites\/wp-json\/wp\/v2\/posts"}],"about":[{"href":"https:\/\/vieassociative.be\/actualites\/wp-json\/wp\/v2\/types\/post"}],"author":[{"embeddable":true,"href":"https:\/\/vieassociative.be\/actualites\/wp-json\/wp\/v2\/users\/1"}],"replies":[{"embeddable":true,"href":"https:\/\/vieassociative.be\/actualites\/wp-json\/wp\/v2\/comments?post=7752"}],"version-history":[{"count":0,"href":"https:\/\/vieassociative.be\/actualites\/wp-json\/wp\/v2\/posts\/7752\/revisions"}],"wp:featuredmedia":[{"embeddable":true,"href":"https:\/\/vieassociative.be\/actualites\/wp-json\/wp\/v2\/media\/7753"}],"wp:attachment":[{"href":"https:\/\/vieassociative.be\/actualites\/wp-json\/wp\/v2\/media?parent=7752"}],"wp:term":[{"taxonomy":"category","embeddable":true,"href":"https:\/\/vieassociative.be\/actualites\/wp-json\/wp\/v2\/categories?post=7752"},{"taxonomy":"post_tag","embeddable":true,"href":"https:\/\/vieassociative.be\/actualites\/wp-json\/wp\/v2\/tags?post=7752"}],"curies":[{"name":"wp","href":"https:\/\/api.w.org\/{rel}","templated":true}]}}