{"id":7744,"date":"2025-05-24T10:17:42","date_gmt":"2025-05-24T08:17:42","guid":{"rendered":"https:\/\/vieassociative.be\/actualites\/il-y-a-40-ans-la-finale-cauchemardesque-du-documentaire-de-bruxelles-sur-heysel-drama-sur-rtbf-video\/"},"modified":"2025-05-24T10:17:42","modified_gmt":"2025-05-24T08:17:42","slug":"il-y-a-40-ans-la-finale-cauchemardesque-du-documentaire-de-bruxelles-sur-heysel-drama-sur-rtbf-video","status":"publish","type":"post","link":"https:\/\/vieassociative.be\/actualites\/il-y-a-40-ans-la-finale-cauchemardesque-du-documentaire-de-bruxelles-sur-heysel-drama-sur-rtbf-video\/","title":{"rendered":"Il y a 40 ans: la finale cauchemardesque du documentaire de Bruxelles sur Heysel-Drama sur RTBF (vid\u00e9o)"},"content":{"rendered":"<p><strong>Jeudi prochain, le 40e anniversaire de la catastrophe du stade Bruxelles Heysel, dans lequel 39 fans de football sont morts et environ 600 ont \u00e9t\u00e9 bless\u00e9s apr\u00e8s que un mur du stade s&rsquo;est effondr\u00e9. Ce vendredi 23 mai 2025, un documentaire sur RTBF Television rappelle la catastrophe de Bruxelles.<\/strong><\/p>\n<p><span id=\"more-416091\"><\/span>Le 29 mai 1985, la finale de la Coupe d&rsquo;Europe a eu lieu \u00e0 Bruxelles entre le Football Club FC Liverpool et la Juventus Turin. Des milliers de fans ont c\u00e9l\u00e9br\u00e9. \u00ab\u00a0Dream Finals \u00e0 Bruxelles\u00a0\u00bb avait intitul\u00e9 \u00e0 l&rsquo;avance de nombreux journaux.<\/p>\n<p>Mais la situation s&rsquo;est intensifi\u00e9e et le festival sportif du stade Heysel est devenu une finale cauchemardesque. Comment l&rsquo;enthousiasme collectif pourrait-il se terminer par une telle trag\u00e9die catastrophique?<\/p>\n<div id=\"attachment_388077\" class=\"wp-caption alignleft\" style=\"max-width: 300px\"><img fetchpriority=\"high\" decoding=\"async\" class=\"wp-image-388077 size-medium\" src=\"https:\/\/vieassociative.be\/actualites\/wp-content\/uploads\/2025\/05\/Il-y-a-40-ans-la-finale-cauchemardesque-du-documentaire.jpg\" alt=\"\" width=\"300\" height=\"200\"><\/p>\n<p class=\"wp-caption-text\">20\/07\/2020, Belgique, Bruxelles: vue a\u00e9rienne de l&rsquo;ancien stade Heysel et du stade K\u00f6nig-Bau-Douin d&rsquo;aujourd&rsquo;hui. Photo: Thierry Roge \/ Belga \/ DPA<\/p>\n<\/div>\n<p>Bruxelles, Heysel-Stadion, 29 mai 1985: Ce qui \u00e9tait pr\u00e9vu comme un festival de football se termine par une catastrophe. L&rsquo;ambiance entre les fans du FC Liverpool et de la Juventus Turin se r\u00e9chauffe de plus en plus dans le bloc Z. Attaque soudainement des hooligans anglais. Une panique de masse \u00e9clate et se termine avec 39 morts et pr\u00e8s de 500 blessures.<\/p>\n<p>40 ans plus tard, la documentation de Christophe Hermans et Boris Tilquin, qui diffuse la t\u00e9l\u00e9vision RTBF (\u00ab\u00a0La UNE\u00a0\u00bb) le vendredi 23 mai 2025, \u00e0 20 h 25. et Arte le mardi 3 juin 2025 \u00e0 22 h.<\/p>\n<p>C&rsquo;est un proche de l&rsquo;un des drames les plus terribles de l&rsquo;histoire du sport. Jusqu&rsquo;\u00e0 pr\u00e9sent, le mat\u00e9riel d&rsquo;archives non publi\u00e9 de la station de t\u00e9l\u00e9vision suisse Radio T\u00e9l\u00e9vision Suisse (RTS) r\u00e9v\u00e8le la brutalit\u00e9 des \u00e9v\u00e9nements. Et il devient clair que la catastrophe de Heysel n&rsquo;\u00e9tait pas une co\u00efncidence, mais une violente \u00e9pid\u00e9mie de la sc\u00e8ne Hooligan dans les soi-disant 1980.<\/p>\n<div id=\"attachment_86936\" class=\"wp-caption alignleft\" style=\"max-width: 300px\"><img decoding=\"async\" class=\"wp-image-86936 size-medium\" src=\"https:\/\/vieassociative.be\/actualites\/wp-content\/uploads\/2025\/05\/1748074662_235_Il-y-a-40-ans-la-finale-cauchemardesque-du-documentaire.jpg\" alt=\"\" width=\"300\" height=\"200\"  ><\/p>\n<p class=\"wp-caption-text\">13\/11\/2015, Belgique, Bruxelles: les joueurs de football nationaux italiens Gianluigi Buffon (R) et Giorgio Chiellini (L) ont \u00e9tabli la tribune principale du stade K\u00f6nig-Bau-Douin sous une plaque en l&rsquo;honneur des victimes du catastrophe Heysel. Photo: Belga<\/p>\n<\/div>\n<p>Avouant le chef de la police et la gendarmerie au moment d&rsquo;\u00eatre compl\u00e8tement d\u00e9pass\u00e9 par la situation. Le photographe Stuart Franklin a document\u00e9 l&rsquo;horreur. Le Hooligan de Liverpool, Terry Wilson, est maintenant r\u00e9organis\u00e9 \u00e0 ses actes \u00e0 ce moment-l\u00e0. Malgr\u00e9 tous les enseignements de la catastrophe Heysel, il y a encore de la violence dans le football et non seulement en Europe.<\/p>\n<p>Le processus Heysel a \u00e9t\u00e9 ouvert six ans apr\u00e8s le drame et les sanctions de l&rsquo;UEFA impos\u00e9es: les clubs anglais ont \u00e9t\u00e9 exclus par toutes les comp\u00e9titions europ\u00e9ennes pendant plusieurs ann\u00e9es, et le Liverpool FC a \u00e9t\u00e9 ferm\u00e9 pendant six ans.<\/p>\n<p>Au cours du drame Heysel, de nombreux stades europ\u00e9ens ont \u00e9t\u00e9 r\u00e9nov\u00e9s ou compl\u00e8tement reconstruits pour r\u00e9pondre aux nouvelles normes de s\u00e9curit\u00e9. Il n&rsquo;y a que des si\u00e8ges dans les jeux internationaux. Le stade Heysel lui-m\u00eame a \u00e9t\u00e9 largement r\u00e9nov\u00e9 au d\u00e9but des ann\u00e9es 1990 et renomm\u00e9 en l&rsquo;honneur du roi Baudouin I, d\u00e9c\u00e9d\u00e9 en 1993. Une seule fa\u00e7ade a \u00e9t\u00e9 pr\u00e9serv\u00e9e du syst\u00e8me d&rsquo;origine, aux c\u00f4t\u00e9s de laquelle une plaque rappelle \u00e9galement les terribles \u00e9v\u00e9nements du 29 mai 1985 (Cre) (Cre) (Cre) (Cre) (Cre).<\/p>\n<ul>\n<li><em>RTBF et Auvio, \u00ab\u00a0Heysel 1985: Dans L&rsquo;Enfer de la Foule\u00a0\u00bb, vendredi 23 mai 2025, 20.25 &#8211; 21 h 53 sur rtbf1 \u00ab\u00a0la une\u00a0\u00bb<\/em><\/li>\n<li><em>Arte, \u00ab\u00a0Heysel 1985: Nightmare in the Stadium\u00a0\u00bb, mardi 3 juin \u00e0 22 h.<\/em><\/li>\n<\/ul>\n<p><i><b>Vous trouverez ci-dessous une vid\u00e9o avec un documentaire sur la catastrophe Heysel le 29 mai 1985, qui a \u00e9t\u00e9 diffus\u00e9e \u00e0 l&rsquo;occasion du 30e anniversaire du ZDF:<\/b><\/i><\/p>\n<div class=\"responsive-embed widescreen\">\n<div class=\"rll-youtube-player\" data-src=\"https:\/\/www.youtube.com\/embed\/hc5fwQJQNag\" data-id=\"hc5fwQJQNag\" data-query=\"feature=oembed\" data-alt=\"Die Heysel-Katastrophe 30 Jahre danach - Liverpool vs Juventus 1985\"><\/div>\n<p><noscript><a href=\"https:\/\/www.youtube.com\/watch?v=hc5fwqjqnag\">https:\/\/www.youtube.com\/watch?v=hc5fwqjqnag<\/a><\/noscript><\/div>\n","protected":false},"excerpt":{"rendered":"<p>Jeudi prochain, le 40e anniversaire de la catastrophe du stade Bruxelles Heysel, dans lequel 39 fans de football sont morts et environ 600 ont \u00e9t\u00e9<\/p>\n","protected":false},"author":1,"featured_media":7745,"comment_status":"","ping_status":"","sticky":false,"template":"","format":"standard","meta":{"footnotes":""},"categories":[298],"tags":[584,455,7134,3601,879,7135,7136,33,1204],"class_list":["post-7744","post","type-post","status-publish","format-standard","has-post-thumbnail","hentry","category-belgique","tag-ans","tag-bruxelles","tag-cauchemardesque","tag-documentaire","tag-finale","tag-heyseldrama","tag-rtbf","tag-sur","tag-video","generate-columns","tablet-grid-50","mobile-grid-100","grid-parent","grid-33"],"yoast_head":"<!-- This site is optimized with the Yoast SEO plugin v24.0 - https:\/\/yoast.com\/wordpress\/plugins\/seo\/ -->\n<title>Il y a 40 ans: la finale cauchemardesque du documentaire de Bruxelles sur Heysel-Drama sur RTBF (vid\u00e9o) | Vie Associative<\/title>\n<meta name=\"robots\" content=\"index, follow, max-snippet:-1, max-image-preview:large, max-video-preview:-1\" \/>\n<link rel=\"canonical\" href=\"https:\/\/vieassociative.be\/actualites\/il-y-a-40-ans-la-finale-cauchemardesque-du-documentaire-de-bruxelles-sur-heysel-drama-sur-rtbf-video\/\" \/>\n<meta property=\"og:locale\" content=\"fr_FR\" \/>\n<meta property=\"og:type\" content=\"article\" \/>\n<meta property=\"og:title\" content=\"Il y a 40 ans: la finale cauchemardesque du documentaire de Bruxelles sur Heysel-Drama sur RTBF (vid\u00e9o) | Vie Associative\" \/>\n<meta property=\"og:description\" content=\"Jeudi prochain, le 40e anniversaire de la catastrophe du stade Bruxelles Heysel, dans lequel 39 fans de football sont morts et environ 600 ont \u00e9t\u00e9\" \/>\n<meta property=\"og:url\" content=\"https:\/\/vieassociative.be\/actualites\/il-y-a-40-ans-la-finale-cauchemardesque-du-documentaire-de-bruxelles-sur-heysel-drama-sur-rtbf-video\/\" \/>\n<meta property=\"og:site_name\" content=\"Vie Associative\" \/>\n<meta property=\"article:published_time\" content=\"2025-05-24T08:17:42+00:00\" \/>\n<meta property=\"og:image\" content=\"https:\/\/vieassociative.be\/actualites\/wp-content\/uploads\/2024\/09\/header_backgroundk-01-e1726694325946.png\" \/>\n\t<meta property=\"og:image:width\" content=\"279\" \/>\n\t<meta property=\"og:image:height\" content=\"92\" \/>\n\t<meta property=\"og:image:type\" content=\"image\/png\" \/>\n<meta name=\"author\" content=\"Julien\" \/>\n<meta name=\"twitter:card\" content=\"summary_large_image\" \/>\n<meta name=\"twitter:label1\" content=\"\u00c9crit par\" \/>\n\t<meta name=\"twitter:data1\" content=\"Julien\" \/>\n\t<meta name=\"twitter:label2\" content=\"Dur\u00e9e de lecture est.\" \/>\n\t<meta name=\"twitter:data2\" content=\"3 minutes\" \/>\n<script type=\"application\/ld+json\" class=\"yoast-schema-graph\">{\"@context\":\"https:\/\/schema.org\",\"@graph\":[{\"@type\":\"Article\",\"@id\":\"https:\/\/vieassociative.be\/actualites\/il-y-a-40-ans-la-finale-cauchemardesque-du-documentaire-de-bruxelles-sur-heysel-drama-sur-rtbf-video\/#article\",\"isPartOf\":{\"@id\":\"https:\/\/vieassociative.be\/actualites\/il-y-a-40-ans-la-finale-cauchemardesque-du-documentaire-de-bruxelles-sur-heysel-drama-sur-rtbf-video\/\"},\"author\":{\"name\":\"Julien\",\"@id\":\"https:\/\/vieassociative.be\/actualites\/#\/schema\/person\/b87ac4f82f9d4e7b7cec7395b679edc4\"},\"headline\":\"Il y a 40 ans: la finale cauchemardesque du documentaire de Bruxelles sur Heysel-Drama sur RTBF (vid\u00e9o)\",\"datePublished\":\"2025-05-24T08:17:42+00:00\",\"dateModified\":\"2025-05-24T08:17:42+00:00\",\"mainEntityOfPage\":{\"@id\":\"https:\/\/vieassociative.be\/actualites\/il-y-a-40-ans-la-finale-cauchemardesque-du-documentaire-de-bruxelles-sur-heysel-drama-sur-rtbf-video\/\"},\"wordCount\":647,\"publisher\":{\"@id\":\"https:\/\/vieassociative.be\/actualites\/#organization\"},\"image\":{\"@id\":\"https:\/\/vieassociative.be\/actualites\/il-y-a-40-ans-la-finale-cauchemardesque-du-documentaire-de-bruxelles-sur-heysel-drama-sur-rtbf-video\/#primaryimage\"},\"thumbnailUrl\":\"https:\/\/vieassociative.be\/actualites\/wp-content\/uploads\/2025\/05\/1748074663_Il-y-a-40-ans-la-finale-cauchemardesque-du-documentaire.jpg\",\"keywords\":[\"ans\",\"Bruxelles\",\"cauchemardesque\",\"documentaire\",\"finale\",\"HeyselDrama\",\"RTBF\",\"sur\",\"vid\u00e9o\"],\"articleSection\":[\"Belgique\"],\"inLanguage\":\"fr-BE\"},{\"@type\":\"WebPage\",\"@id\":\"https:\/\/vieassociative.be\/actualites\/il-y-a-40-ans-la-finale-cauchemardesque-du-documentaire-de-bruxelles-sur-heysel-drama-sur-rtbf-video\/\",\"url\":\"https:\/\/vieassociative.be\/actualites\/il-y-a-40-ans-la-finale-cauchemardesque-du-documentaire-de-bruxelles-sur-heysel-drama-sur-rtbf-video\/\",\"name\":\"Il y a 40 ans: la finale cauchemardesque du documentaire de Bruxelles sur Heysel-Drama sur RTBF (vid\u00e9o) | Vie Associative\",\"isPartOf\":{\"@id\":\"https:\/\/vieassociative.be\/actualites\/#website\"},\"primaryImageOfPage\":{\"@id\":\"https:\/\/vieassociative.be\/actualites\/il-y-a-40-ans-la-finale-cauchemardesque-du-documentaire-de-bruxelles-sur-heysel-drama-sur-rtbf-video\/#primaryimage\"},\"image\":{\"@id\":\"https:\/\/vieassociative.be\/actualites\/il-y-a-40-ans-la-finale-cauchemardesque-du-documentaire-de-bruxelles-sur-heysel-drama-sur-rtbf-video\/#primaryimage\"},\"thumbnailUrl\":\"https:\/\/vieassociative.be\/actualites\/wp-content\/uploads\/2025\/05\/1748074663_Il-y-a-40-ans-la-finale-cauchemardesque-du-documentaire.jpg\",\"datePublished\":\"2025-05-24T08:17:42+00:00\",\"dateModified\":\"2025-05-24T08:17:42+00:00\",\"breadcrumb\":{\"@id\":\"https:\/\/vieassociative.be\/actualites\/il-y-a-40-ans-la-finale-cauchemardesque-du-documentaire-de-bruxelles-sur-heysel-drama-sur-rtbf-video\/#breadcrumb\"},\"inLanguage\":\"fr-BE\",\"potentialAction\":[{\"@type\":\"ReadAction\",\"target\":[\"https:\/\/vieassociative.be\/actualites\/il-y-a-40-ans-la-finale-cauchemardesque-du-documentaire-de-bruxelles-sur-heysel-drama-sur-rtbf-video\/\"]}]},{\"@type\":\"ImageObject\",\"inLanguage\":\"fr-BE\",\"@id\":\"https:\/\/vieassociative.be\/actualites\/il-y-a-40-ans-la-finale-cauchemardesque-du-documentaire-de-bruxelles-sur-heysel-drama-sur-rtbf-video\/#primaryimage\",\"url\":\"https:\/\/vieassociative.be\/actualites\/wp-content\/uploads\/2025\/05\/1748074663_Il-y-a-40-ans-la-finale-cauchemardesque-du-documentaire.jpg\",\"contentUrl\":\"https:\/\/vieassociative.be\/actualites\/wp-content\/uploads\/2025\/05\/1748074663_Il-y-a-40-ans-la-finale-cauchemardesque-du-documentaire.jpg\",\"width\":1200,\"height\":793,\"caption\":\"Il y a 40 ans: la finale cauchemardesque du documentaire de Bruxelles sur Heysel-Drama sur RTBF (vid\u00e9o)\"},{\"@type\":\"BreadcrumbList\",\"@id\":\"https:\/\/vieassociative.be\/actualites\/il-y-a-40-ans-la-finale-cauchemardesque-du-documentaire-de-bruxelles-sur-heysel-drama-sur-rtbf-video\/#breadcrumb\",\"itemListElement\":[{\"@type\":\"ListItem\",\"position\":1,\"name\":\"Accueil\",\"item\":\"https:\/\/vieassociative.be\/actualites\/\"},{\"@type\":\"ListItem\",\"position\":2,\"name\":\"Il y a 40 ans: la finale cauchemardesque du documentaire de Bruxelles sur Heysel-Drama sur RTBF (vid\u00e9o)\"}]},{\"@type\":\"WebSite\",\"@id\":\"https:\/\/vieassociative.be\/actualites\/#website\",\"url\":\"https:\/\/vieassociative.be\/actualites\/\",\"name\":\"Vie Associative\",\"description\":\"\",\"publisher\":{\"@id\":\"https:\/\/vieassociative.be\/actualites\/#organization\"},\"potentialAction\":[{\"@type\":\"SearchAction\",\"target\":{\"@type\":\"EntryPoint\",\"urlTemplate\":\"https:\/\/vieassociative.be\/actualites\/?s={search_term_string}\"},\"query-input\":{\"@type\":\"PropertyValueSpecification\",\"valueRequired\":true,\"valueName\":\"search_term_string\"}}],\"inLanguage\":\"fr-BE\"},{\"@type\":\"Organization\",\"@id\":\"https:\/\/vieassociative.be\/actualites\/#organization\",\"name\":\"Vie Associative\",\"url\":\"https:\/\/vieassociative.be\/actualites\/\",\"logo\":{\"@type\":\"ImageObject\",\"inLanguage\":\"fr-BE\",\"@id\":\"https:\/\/vieassociative.be\/actualites\/#\/schema\/logo\/image\/\",\"url\":\"https:\/\/vieassociative.be\/actualites\/wp-content\/uploads\/2024\/09\/cropped-vieassociative_favicon.ico.png\",\"contentUrl\":\"https:\/\/vieassociative.be\/actualites\/wp-content\/uploads\/2024\/09\/cropped-vieassociative_favicon.ico.png\",\"width\":512,\"height\":512,\"caption\":\"Vie Associative\"},\"image\":{\"@id\":\"https:\/\/vieassociative.be\/actualites\/#\/schema\/logo\/image\/\"}},{\"@type\":\"Person\",\"@id\":\"https:\/\/vieassociative.be\/actualites\/#\/schema\/person\/b87ac4f82f9d4e7b7cec7395b679edc4\",\"name\":\"Julien\",\"image\":{\"@type\":\"ImageObject\",\"inLanguage\":\"fr-BE\",\"@id\":\"https:\/\/vieassociative.be\/actualites\/#\/schema\/person\/image\/\",\"url\":\"https:\/\/vieassociative.be\/actualites\/wp-content\/uploads\/2024\/09\/vie-associative-1-150x150.jpg\",\"contentUrl\":\"https:\/\/vieassociative.be\/actualites\/wp-content\/uploads\/2024\/09\/vie-associative-1-150x150.jpg\",\"caption\":\"Julien\"},\"description\":\"Je suis Julien, r\u00e9dacteur pour Vie Associative. Passionn\u00e9 par le monde associatif depuis plus de 10 ans, j'ai \u00e0 c\u0153ur de partager des histoires inspirantes et de mettre en lumi\u00e8re les initiatives locales. Mon objectif est de sensibiliser et d'encourager l'engagement communautaire \u00e0 travers mes articles.\",\"sameAs\":[\"https:\/\/vieassociative.be\/\"]}]}<\/script>\n<!-- \/ Yoast SEO plugin. -->","yoast_head_json":{"title":"Il y a 40 ans: la finale cauchemardesque du documentaire de Bruxelles sur Heysel-Drama sur RTBF (vid\u00e9o) | Vie Associative","robots":{"index":"index","follow":"follow","max-snippet":"max-snippet:-1","max-image-preview":"max-image-preview:large","max-video-preview":"max-video-preview:-1"},"canonical":"https:\/\/vieassociative.be\/actualites\/il-y-a-40-ans-la-finale-cauchemardesque-du-documentaire-de-bruxelles-sur-heysel-drama-sur-rtbf-video\/","og_locale":"fr_FR","og_type":"article","og_title":"Il y a 40 ans: la finale cauchemardesque du documentaire de Bruxelles sur Heysel-Drama sur RTBF (vid\u00e9o) | Vie Associative","og_description":"Jeudi prochain, le 40e anniversaire de la catastrophe du stade Bruxelles Heysel, dans lequel 39 fans de football sont morts et environ 600 ont \u00e9t\u00e9","og_url":"https:\/\/vieassociative.be\/actualites\/il-y-a-40-ans-la-finale-cauchemardesque-du-documentaire-de-bruxelles-sur-heysel-drama-sur-rtbf-video\/","og_site_name":"Vie Associative","article_published_time":"2025-05-24T08:17:42+00:00","og_image":[{"width":279,"height":92,"url":"https:\/\/vieassociative.be\/actualites\/wp-content\/uploads\/2024\/09\/header_backgroundk-01-e1726694325946.png","type":"image\/png"}],"author":"Julien","twitter_card":"summary_large_image","twitter_misc":{"\u00c9crit par":"Julien","Dur\u00e9e de lecture est.":"3 minutes"},"schema":{"@context":"https:\/\/schema.org","@graph":[{"@type":"Article","@id":"https:\/\/vieassociative.be\/actualites\/il-y-a-40-ans-la-finale-cauchemardesque-du-documentaire-de-bruxelles-sur-heysel-drama-sur-rtbf-video\/#article","isPartOf":{"@id":"https:\/\/vieassociative.be\/actualites\/il-y-a-40-ans-la-finale-cauchemardesque-du-documentaire-de-bruxelles-sur-heysel-drama-sur-rtbf-video\/"},"author":{"name":"Julien","@id":"https:\/\/vieassociative.be\/actualites\/#\/schema\/person\/b87ac4f82f9d4e7b7cec7395b679edc4"},"headline":"Il y a 40 ans: la finale cauchemardesque du documentaire de Bruxelles sur Heysel-Drama sur RTBF (vid\u00e9o)","datePublished":"2025-05-24T08:17:42+00:00","dateModified":"2025-05-24T08:17:42+00:00","mainEntityOfPage":{"@id":"https:\/\/vieassociative.be\/actualites\/il-y-a-40-ans-la-finale-cauchemardesque-du-documentaire-de-bruxelles-sur-heysel-drama-sur-rtbf-video\/"},"wordCount":647,"publisher":{"@id":"https:\/\/vieassociative.be\/actualites\/#organization"},"image":{"@id":"https:\/\/vieassociative.be\/actualites\/il-y-a-40-ans-la-finale-cauchemardesque-du-documentaire-de-bruxelles-sur-heysel-drama-sur-rtbf-video\/#primaryimage"},"thumbnailUrl":"https:\/\/vieassociative.be\/actualites\/wp-content\/uploads\/2025\/05\/1748074663_Il-y-a-40-ans-la-finale-cauchemardesque-du-documentaire.jpg","keywords":["ans","Bruxelles","cauchemardesque","documentaire","finale","HeyselDrama","RTBF","sur","vid\u00e9o"],"articleSection":["Belgique"],"inLanguage":"fr-BE"},{"@type":"WebPage","@id":"https:\/\/vieassociative.be\/actualites\/il-y-a-40-ans-la-finale-cauchemardesque-du-documentaire-de-bruxelles-sur-heysel-drama-sur-rtbf-video\/","url":"https:\/\/vieassociative.be\/actualites\/il-y-a-40-ans-la-finale-cauchemardesque-du-documentaire-de-bruxelles-sur-heysel-drama-sur-rtbf-video\/","name":"Il y a 40 ans: la finale cauchemardesque du documentaire de Bruxelles sur Heysel-Drama sur RTBF (vid\u00e9o) | Vie Associative","isPartOf":{"@id":"https:\/\/vieassociative.be\/actualites\/#website"},"primaryImageOfPage":{"@id":"https:\/\/vieassociative.be\/actualites\/il-y-a-40-ans-la-finale-cauchemardesque-du-documentaire-de-bruxelles-sur-heysel-drama-sur-rtbf-video\/#primaryimage"},"image":{"@id":"https:\/\/vieassociative.be\/actualites\/il-y-a-40-ans-la-finale-cauchemardesque-du-documentaire-de-bruxelles-sur-heysel-drama-sur-rtbf-video\/#primaryimage"},"thumbnailUrl":"https:\/\/vieassociative.be\/actualites\/wp-content\/uploads\/2025\/05\/1748074663_Il-y-a-40-ans-la-finale-cauchemardesque-du-documentaire.jpg","datePublished":"2025-05-24T08:17:42+00:00","dateModified":"2025-05-24T08:17:42+00:00","breadcrumb":{"@id":"https:\/\/vieassociative.be\/actualites\/il-y-a-40-ans-la-finale-cauchemardesque-du-documentaire-de-bruxelles-sur-heysel-drama-sur-rtbf-video\/#breadcrumb"},"inLanguage":"fr-BE","potentialAction":[{"@type":"ReadAction","target":["https:\/\/vieassociative.be\/actualites\/il-y-a-40-ans-la-finale-cauchemardesque-du-documentaire-de-bruxelles-sur-heysel-drama-sur-rtbf-video\/"]}]},{"@type":"ImageObject","inLanguage":"fr-BE","@id":"https:\/\/vieassociative.be\/actualites\/il-y-a-40-ans-la-finale-cauchemardesque-du-documentaire-de-bruxelles-sur-heysel-drama-sur-rtbf-video\/#primaryimage","url":"https:\/\/vieassociative.be\/actualites\/wp-content\/uploads\/2025\/05\/1748074663_Il-y-a-40-ans-la-finale-cauchemardesque-du-documentaire.jpg","contentUrl":"https:\/\/vieassociative.be\/actualites\/wp-content\/uploads\/2025\/05\/1748074663_Il-y-a-40-ans-la-finale-cauchemardesque-du-documentaire.jpg","width":1200,"height":793,"caption":"Il y a 40 ans: la finale cauchemardesque du documentaire de Bruxelles sur Heysel-Drama sur RTBF (vid\u00e9o)"},{"@type":"BreadcrumbList","@id":"https:\/\/vieassociative.be\/actualites\/il-y-a-40-ans-la-finale-cauchemardesque-du-documentaire-de-bruxelles-sur-heysel-drama-sur-rtbf-video\/#breadcrumb","itemListElement":[{"@type":"ListItem","position":1,"name":"Accueil","item":"https:\/\/vieassociative.be\/actualites\/"},{"@type":"ListItem","position":2,"name":"Il y a 40 ans: la finale cauchemardesque du documentaire de Bruxelles sur Heysel-Drama sur RTBF (vid\u00e9o)"}]},{"@type":"WebSite","@id":"https:\/\/vieassociative.be\/actualites\/#website","url":"https:\/\/vieassociative.be\/actualites\/","name":"Vie Associative","description":"","publisher":{"@id":"https:\/\/vieassociative.be\/actualites\/#organization"},"potentialAction":[{"@type":"SearchAction","target":{"@type":"EntryPoint","urlTemplate":"https:\/\/vieassociative.be\/actualites\/?s={search_term_string}"},"query-input":{"@type":"PropertyValueSpecification","valueRequired":true,"valueName":"search_term_string"}}],"inLanguage":"fr-BE"},{"@type":"Organization","@id":"https:\/\/vieassociative.be\/actualites\/#organization","name":"Vie Associative","url":"https:\/\/vieassociative.be\/actualites\/","logo":{"@type":"ImageObject","inLanguage":"fr-BE","@id":"https:\/\/vieassociative.be\/actualites\/#\/schema\/logo\/image\/","url":"https:\/\/vieassociative.be\/actualites\/wp-content\/uploads\/2024\/09\/cropped-vieassociative_favicon.ico.png","contentUrl":"https:\/\/vieassociative.be\/actualites\/wp-content\/uploads\/2024\/09\/cropped-vieassociative_favicon.ico.png","width":512,"height":512,"caption":"Vie Associative"},"image":{"@id":"https:\/\/vieassociative.be\/actualites\/#\/schema\/logo\/image\/"}},{"@type":"Person","@id":"https:\/\/vieassociative.be\/actualites\/#\/schema\/person\/b87ac4f82f9d4e7b7cec7395b679edc4","name":"Julien","image":{"@type":"ImageObject","inLanguage":"fr-BE","@id":"https:\/\/vieassociative.be\/actualites\/#\/schema\/person\/image\/","url":"https:\/\/vieassociative.be\/actualites\/wp-content\/uploads\/2024\/09\/vie-associative-1-150x150.jpg","contentUrl":"https:\/\/vieassociative.be\/actualites\/wp-content\/uploads\/2024\/09\/vie-associative-1-150x150.jpg","caption":"Julien"},"description":"Je suis Julien, r\u00e9dacteur pour Vie Associative. Passionn\u00e9 par le monde associatif depuis plus de 10 ans, j'ai \u00e0 c\u0153ur de partager des histoires inspirantes et de mettre en lumi\u00e8re les initiatives locales. Mon objectif est de sensibiliser et d'encourager l'engagement communautaire \u00e0 travers mes articles.","sameAs":["https:\/\/vieassociative.be\/"]}]}},"_links":{"self":[{"href":"https:\/\/vieassociative.be\/actualites\/wp-json\/wp\/v2\/posts\/7744"}],"collection":[{"href":"https:\/\/vieassociative.be\/actualites\/wp-json\/wp\/v2\/posts"}],"about":[{"href":"https:\/\/vieassociative.be\/actualites\/wp-json\/wp\/v2\/types\/post"}],"author":[{"embeddable":true,"href":"https:\/\/vieassociative.be\/actualites\/wp-json\/wp\/v2\/users\/1"}],"replies":[{"embeddable":true,"href":"https:\/\/vieassociative.be\/actualites\/wp-json\/wp\/v2\/comments?post=7744"}],"version-history":[{"count":0,"href":"https:\/\/vieassociative.be\/actualites\/wp-json\/wp\/v2\/posts\/7744\/revisions"}],"wp:featuredmedia":[{"embeddable":true,"href":"https:\/\/vieassociative.be\/actualites\/wp-json\/wp\/v2\/media\/7745"}],"wp:attachment":[{"href":"https:\/\/vieassociative.be\/actualites\/wp-json\/wp\/v2\/media?parent=7744"}],"wp:term":[{"taxonomy":"category","embeddable":true,"href":"https:\/\/vieassociative.be\/actualites\/wp-json\/wp\/v2\/categories?post=7744"},{"taxonomy":"post_tag","embeddable":true,"href":"https:\/\/vieassociative.be\/actualites\/wp-json\/wp\/v2\/tags?post=7744"}],"curies":[{"name":"wp","href":"https:\/\/api.w.org\/{rel}","templated":true}]}}