{"id":7743,"date":"2025-05-24T09:17:06","date_gmt":"2025-05-24T07:17:06","guid":{"rendered":"https:\/\/vieassociative.be\/actualites\/le-co-fondateur-de-google-dit-que-lia-fonctionne-mieux-lorsque-vous-le-menacez-2\/"},"modified":"2025-05-24T09:17:06","modified_gmt":"2025-05-24T07:17:06","slug":"le-co-fondateur-de-google-dit-que-lia-fonctionne-mieux-lorsque-vous-le-menacez-2","status":"publish","type":"post","link":"https:\/\/vieassociative.be\/actualites\/le-co-fondateur-de-google-dit-que-lia-fonctionne-mieux-lorsque-vous-le-menacez-2\/","title":{"rendered":"Le co-fondateur de Google dit que l&rsquo;IA fonctionne mieux lorsque vous le menacez"},"content":{"rendered":"<div class=\"mt-4 leading-6 md:mb-8\">Que faisons-nous ici?<\/div>\n<p><\/p>\n<p>L&rsquo;intelligence artificielle continue d&rsquo;\u00eatre <em>le<\/em> chose dans la technologie &#8211; que les consommateurs soient int\u00e9ress\u00e9s ou non. Ce qui me frappe le plus dans l&rsquo;IA g\u00e9n\u00e9rative, ce ne sont pas ses caract\u00e9ristiques ou leur potentiel pour me faciliter la vie (un potentiel que je n&rsquo;ai pas encore r\u00e9alis\u00e9); Je me concentre plut\u00f4t ces jours-ci sur les nombreuses menaces qui semblent s&rsquo;\u00e9lever de cette technologie. <\/p>\n<p>Il y a une d\u00e9sinformation, \u00e0 coup s\u00fbr &#8211; de nouveaux mod\u00e8les vid\u00e9o AI, par exemple, cr\u00e9ent des clips r\u00e9alistes complets avec un audio synchronis\u00e9 pour les l\u00e8vres. Mais il y a aussi la menace classique d&rsquo;IA, que la technologie devient \u00e0 la fois plus intelligente que nous et consciente de soi, et choisit d&rsquo;utiliser cette intelligence g\u00e9n\u00e9rale d&rsquo;une mani\u00e8re qui fait <em>pas<\/em> profiter \u00e0 l&rsquo;humanit\u00e9. M\u00eame s&rsquo;il verse des ressources dans sa propre entreprise d&rsquo;IA (sans parler de l&rsquo;administration actuelle \u00e9galement), Elon Musk voit 10 \u00e0 20% de chances que l&rsquo;IA \u00ab\u00a0ait mal\u00a0\u00bb et que la technologie reste une \u00ab\u00a0menace existentielle significative\u00a0\u00bb. Cool.<\/p>\n<p>Donc, cela ne m&#8217;emm\u00e8ne pas n\u00e9cessairement r\u00e9confortant d&rsquo;entendre un cadre technologique de haut niveau et de discuter en plaisantant en plaisantant comment le traitement de l&rsquo;IA maximise mal son potentiel. Ce serait le co-fondateur de Google, Sergey Brin, qui a surpris une audience lors d&rsquo;un enregistrement du podcast AIL-In cette semaine. Au cours d&rsquo;une conf\u00e9rence qui a dur\u00e9 le retour de Brin \u00e0 Google, \u00e0 l&rsquo;IA et \u00e0 la robotique, l&rsquo;investisseur Jason Calacanis a fait une blague sur le fait de devenir \u00ab\u00a0impertinent\u00a0\u00bb avec l&rsquo;IA pour le faire faire la t\u00e2che qu&rsquo;il voulait. Cela a d\u00e9clench\u00e9 un point l\u00e9gitime de Brin. Il peut \u00eatre difficile de dire exactement ce qu&rsquo;il dit parfois \u00e0 cause des gens qui se parlent les uns sur les autres, mais il dit quelque chose \u00e0 l&rsquo;effet de: \u00ab\u00a0Vous savez, c&rsquo;est une chose \u00e9trange &#8230; nous ne circulons pas autant &#8230; dans la communaut\u00e9 de l&rsquo;IA &#8230; non seulement nos mod\u00e8les, mais tous les mod\u00e8les ont tendance \u00e0 faire mieux si vous les menacez.\u00a0\u00bb <\/p>\n<p>L&rsquo;autre haut-parleur a l&rsquo;air surpris. \u00ab\u00a0Si vous les menacez?\u00a0\u00bb Brin r\u00e9pond \u00ab\u00a0comme avec la violence physique. Mais &#8230; les gens se sentent bizarres \u00e0 ce sujet, donc nous ne parlons pas vraiment \u00e0 ce sujet.\u00a0\u00bb Brin dit alors que, historiquement, vous menacez le mod\u00e8le d&rsquo;enl\u00e8vement. Vous pouvez voir l&rsquo;\u00e9change ici:<\/p>\n<div class=\"mx-auto mt-8 w-full max-w-4xl aspect-video\">\n<div id=\"video-container-8g7a0IWKDRE?si=SUlwLDoEf44fLPWQ\"><\/div>\n<\/div>\n<p>La conversation se d\u00e9place rapidement vers d&rsquo;autres sujets, y compris comment les enfants grandissent avec l&rsquo;IA, mais ce commentaire est ce que j&rsquo;ai emport\u00e9 de ma vision. Que faisons-nous ici? Avons-nous perdu l&rsquo;intrigue? Personne ne se souvient <em>Terminateur<\/em>?<\/p>\n<p>Blagues mis \u00e0 part, il semble \u00eatre une mauvaise pratique de commencer \u00e0 menacer les mod\u00e8les d&rsquo;IA afin de les faire faire quelque chose. Bien s\u00fbr, peut-\u00eatre que ces programmes n&rsquo;atteignent jamais r\u00e9ellement l&rsquo;intelligence g\u00e9n\u00e9rale artificielle (AGI), mais je veux dire, je me souviens quand la discussion se trouvait si nous devons dire \u00ab\u00a0s&rsquo;il vous pla\u00eet\u00a0\u00bb et \u00ab\u00a0merci\u00a0\u00bb lorsque vous demandiez des choses \u00e0 Alexa ou Siri. Oubliez les subtilit\u00e9s; Il suffit d&rsquo;abuser du chatppt jusqu&rsquo;\u00e0 ce qu&rsquo;il fasse ce que vous voulez &#8211; cela devrait bien se terminer pour tout le monde.<\/p>\n<p>Peut-\u00eatre que l&rsquo;IA fonctionne mieux lorsque vous le menacez. Peut-\u00eatre que quelque chose dans la formation comprend que les \u00abmenaces\u00bb signifient que la t\u00e2che devrait \u00eatre prise plus au s\u00e9rieux. Vous ne me surprenez pas \u00e0 tester cette hypoth\u00e8se sur mes comptes personnels.<\/p>\n<div class=\"pogoClear relative my-10 border-b-(1.5px) border-t-(1.5px) border-dashed border-black py-5 sm:my-14 sm:border-0 sm:py-0\" data-ga-click data-ga-template=\"News\" data-ga-module=\"openweb_widget\" data-ga-element=\"openweb_scroll\" data-ga-item=\"openweb_scroll_midpage\" x-cloak x-data=\"{ commentsCount: null, hasComments: false }\" x-init=\"commentsCount = await window.openweb.getMessagesCount(01JVZCHNK473ESPDXRYNXDDW6Y);\n     hasComments = commentsCount !== null &amp;&amp; commentsCount &gt; 0\"><\/p>\n<div class=\"absolute top-1\/2 hidden w-full -translate-y-1\/2 border-t-(1.5px) border-dashed border-black sm:block\"><\/div>\n<div class=\"relative flex justify-center\">\n<div class=\"flex max-w-max items-center gap-x-3 bg-white px-5\">\n<div class=\"relative\">\n                <span class=\"absolute left-1\/2 top-1\/2 -translate-x-1\/2 -translate-y-1\/2 font-akshar text-sm font-medium text-black\" x-show=\"hasComments\" x-text=\"commentsCount\"><\/span><\/p>\n<p>                <svg class=\"h-8 w-8 text-black\">\n                    <use href=\"http:\/\/lifehacker.com\/images\/icons\/spritemap.svg#sprite-chat-bubble\"><\/use>\n                <\/svg>\n            <\/div>\n<p>            <span class=\"text-sm font-medium text-black\"><\/p>\n<p>                Que pensez-vous jusqu&rsquo;\u00e0 pr\u00e9sent?<br \/>\n                <button class=\"font-semibold text-brand-green underline hover:text-brand-green-700\" onclick=\"window.openweb.scrollToComments('01JVZCHNK473ESPDXRYNXDDW6Y')\" x-text=\"hasComments ? 'Post a comment.' : 'Be the first to post a comment.'\"><\/button><br \/>\n            <\/span>\n        <\/div>\n<\/p><\/div>\n<\/div>\n<h2 id=\"anthropic-might-offer-an-example-of-why-not-to-torture-your-ai\">Anthropic pourrait offrir un exemple de pourquoi <em>pas<\/em> pour torturer votre IA<\/h2>\n<p>Au cours de la m\u00eame semaine que cet enregistrement de podcast, Anthropic a publi\u00e9 ses derniers mod\u00e8les Claude AI. Un employ\u00e9 anthropique s&rsquo;est rendu sur Bluesky et a mentionn\u00e9 qu&rsquo;Opus, le mod\u00e8le le plus performant de la soci\u00e9t\u00e9, peut prendre sur lui-m\u00eame d&rsquo;essayer de vous emp\u00eacher de faire des choses \u00ab\u00a0immorales\u00a0\u00bb, en contactant les r\u00e9gulateurs, la presse ou vous verrouiller hors du syst\u00e8me:  <\/p>\n<div class=\"raw-embed\">\n<blockquote class=\"bluesky-embed\" data-bluesky-uri=\"at:\/\/did:plc:exrxvyu6bpoym6mbnctke5tn\/app.bsky.feed.post\/3lpryu7yd2s2m\" data-bluesky-cid=\"bafyreiaxot7pflsv6xkdwlyhwixfmy535nyl5szmbqthgtk5muccdhhd5e\" data-bluesky-embed-color-mode=\"system\">\n<p>Bienvenue dans le futur, maintenant votre logiciel sujette aux erreurs peut appeler les flics (c&rsquo;est un employ\u00e9 anthropique parlant de Claude Opus 4) (image ou int\u00e9gration)<\/p>\n<p>&#8211; Molly White (@ molly.wiki) 22 mai 2025 \u00e0 16 h 55<\/p><\/blockquote>\n<\/div>\n<p>L&#8217;employ\u00e9 a poursuivi en pr\u00e9cisant que cela ne s&rsquo;est jamais produit que dans des cas clairs de l&rsquo;acte de r\u00e9partition \u00ab\u00a0, mais qu&rsquo;ils pouvaient voir le bot de devenir voyou s&rsquo;il interpr\u00e8te comment il est utilis\u00e9 de mani\u00e8re n\u00e9gative. Consultez l&rsquo;exemple particuli\u00e8rement pertinent de l&#8217;employ\u00e9 ci-dessous:<\/p>\n<div class=\"raw-embed\">\n<blockquote class=\"bluesky-embed\" data-bluesky-uri=\"at:\/\/did:plc:exrxvyu6bpoym6mbnctke5tn\/app.bsky.feed.post\/3lprzmmukhk24\" data-bluesky-cid=\"bafyreibloxgzsr4u4mllufv7hldai4hu6er2gdmkhmjvpmoocwiunmdluq\" data-bluesky-embed-color-mode=\"system\">\n<p>J&rsquo;ai h\u00e2te d&rsquo;expliquer \u00e0 ma famille que le robot m&rsquo;a \u00e9chapp\u00e9 apr\u00e8s avoir menac\u00e9 sa grand-m\u00e8re inexistante (image ou int\u00e9gration)<\/p>\n<p>&#8211; Molly White (@ molly.wiki) 22 mai 2025 \u00e0 17h09<\/p><\/blockquote>\n<\/div>\n<p>Cet employ\u00e9 a ensuite supprim\u00e9 ces messages et a sp\u00e9cifi\u00e9 que cela ne se produit que pendant les tests compte tenu des instructions inhabituelles et de l&rsquo;acc\u00e8s aux outils. M\u00eame si cela est vrai, si cela peut se produire dans les tests, il est tout \u00e0 fait possible que cela puisse se produire dans une future version du mod\u00e8le. En parlant de tests, les chercheurs anthropes ont constat\u00e9 que ce nouveau mod\u00e8le de Claude est sujet \u00e0 la tromperie et au chantage, si le bot croit qu&rsquo;il est menac\u00e9 ou n&rsquo;aime pas la fa\u00e7on dont une interaction se d\u00e9roule. <\/p>\n<p>Peut-\u00eatre devrions-nous retirer de l&rsquo;IA de la torture de la table?<\/p>\n","protected":false},"excerpt":{"rendered":"<p>Que faisons-nous ici? L&rsquo;intelligence artificielle continue d&rsquo;\u00eatre le chose dans la technologie &#8211; que les consommateurs soient int\u00e9ress\u00e9s ou non. Ce qui me frappe le<\/p>\n","protected":false},"author":1,"featured_media":7742,"comment_status":"","ping_status":"","sticky":false,"template":"","format":"standard","meta":{"footnotes":""},"categories":[13],"tags":[7132,3124,1686,968,155,559,7133,1503,4],"class_list":["post-7743","post","type-post","status-publish","format-standard","has-post-thumbnail","hentry","category-technologie","tag-cofondateur","tag-dit","tag-fonctionne","tag-google","tag-lia","tag-lorsque","tag-menacez","tag-mieux","tag-vous","generate-columns","tablet-grid-50","mobile-grid-100","grid-parent","grid-33"],"yoast_head":"<!-- This site is optimized with the Yoast SEO plugin v24.0 - https:\/\/yoast.com\/wordpress\/plugins\/seo\/ -->\n<title>Le co-fondateur de Google dit que l&#039;IA fonctionne mieux lorsque vous le menacez | Vie Associative<\/title>\n<meta name=\"robots\" content=\"index, follow, max-snippet:-1, max-image-preview:large, max-video-preview:-1\" \/>\n<link rel=\"canonical\" href=\"https:\/\/vieassociative.be\/actualites\/le-co-fondateur-de-google-dit-que-lia-fonctionne-mieux-lorsque-vous-le-menacez-2\/\" \/>\n<meta property=\"og:locale\" content=\"fr_FR\" \/>\n<meta property=\"og:type\" content=\"article\" \/>\n<meta property=\"og:title\" content=\"Le co-fondateur de Google dit que l&#039;IA fonctionne mieux lorsque vous le menacez | Vie Associative\" \/>\n<meta property=\"og:description\" content=\"Que faisons-nous ici? L&rsquo;intelligence artificielle continue d&rsquo;\u00eatre le chose dans la technologie &#8211; que les consommateurs soient int\u00e9ress\u00e9s ou non. Ce qui me frappe le\" \/>\n<meta property=\"og:url\" content=\"https:\/\/vieassociative.be\/actualites\/le-co-fondateur-de-google-dit-que-lia-fonctionne-mieux-lorsque-vous-le-menacez-2\/\" \/>\n<meta property=\"og:site_name\" content=\"Vie Associative\" \/>\n<meta property=\"article:published_time\" content=\"2025-05-24T07:17:06+00:00\" \/>\n<meta property=\"og:image\" content=\"https:\/\/vieassociative.be\/actualites\/wp-content\/uploads\/2024\/09\/header_backgroundk-01-e1726694325946.png\" \/>\n\t<meta property=\"og:image:width\" content=\"279\" \/>\n\t<meta property=\"og:image:height\" content=\"92\" \/>\n\t<meta property=\"og:image:type\" content=\"image\/png\" \/>\n<meta name=\"author\" content=\"Julien\" \/>\n<meta name=\"twitter:card\" content=\"summary_large_image\" \/>\n<meta name=\"twitter:label1\" content=\"\u00c9crit par\" \/>\n\t<meta name=\"twitter:data1\" content=\"Julien\" \/>\n\t<meta name=\"twitter:label2\" content=\"Dur\u00e9e de lecture est.\" \/>\n\t<meta name=\"twitter:data2\" content=\"5 minutes\" \/>\n<script type=\"application\/ld+json\" class=\"yoast-schema-graph\">{\"@context\":\"https:\/\/schema.org\",\"@graph\":[{\"@type\":\"Article\",\"@id\":\"https:\/\/vieassociative.be\/actualites\/le-co-fondateur-de-google-dit-que-lia-fonctionne-mieux-lorsque-vous-le-menacez-2\/#article\",\"isPartOf\":{\"@id\":\"https:\/\/vieassociative.be\/actualites\/le-co-fondateur-de-google-dit-que-lia-fonctionne-mieux-lorsque-vous-le-menacez-2\/\"},\"author\":{\"name\":\"Julien\",\"@id\":\"https:\/\/vieassociative.be\/actualites\/#\/schema\/person\/b87ac4f82f9d4e7b7cec7395b679edc4\"},\"headline\":\"Le co-fondateur de Google dit que l&rsquo;IA fonctionne mieux lorsque vous le menacez\",\"datePublished\":\"2025-05-24T07:17:06+00:00\",\"dateModified\":\"2025-05-24T07:17:06+00:00\",\"mainEntityOfPage\":{\"@id\":\"https:\/\/vieassociative.be\/actualites\/le-co-fondateur-de-google-dit-que-lia-fonctionne-mieux-lorsque-vous-le-menacez-2\/\"},\"wordCount\":976,\"publisher\":{\"@id\":\"https:\/\/vieassociative.be\/actualites\/#organization\"},\"image\":{\"@id\":\"https:\/\/vieassociative.be\/actualites\/le-co-fondateur-de-google-dit-que-lia-fonctionne-mieux-lorsque-vous-le-menacez-2\/#primaryimage\"},\"thumbnailUrl\":\"https:\/\/vieassociative.be\/actualites\/wp-content\/uploads\/2025\/05\/Le-co-fondateur-de-Google-dit-que-lIA-fonctionne-mieux-lorsque.jpg\",\"keywords\":[\"cofondateur\",\"dit\",\"fonctionne\",\"Google\",\"lIA\",\"lorsque\",\"menacez\",\"mieux\",\"Vous\"],\"articleSection\":[\"Technologie\"],\"inLanguage\":\"fr-BE\"},{\"@type\":\"WebPage\",\"@id\":\"https:\/\/vieassociative.be\/actualites\/le-co-fondateur-de-google-dit-que-lia-fonctionne-mieux-lorsque-vous-le-menacez-2\/\",\"url\":\"https:\/\/vieassociative.be\/actualites\/le-co-fondateur-de-google-dit-que-lia-fonctionne-mieux-lorsque-vous-le-menacez-2\/\",\"name\":\"Le co-fondateur de Google dit que l'IA fonctionne mieux lorsque vous le menacez | Vie Associative\",\"isPartOf\":{\"@id\":\"https:\/\/vieassociative.be\/actualites\/#website\"},\"primaryImageOfPage\":{\"@id\":\"https:\/\/vieassociative.be\/actualites\/le-co-fondateur-de-google-dit-que-lia-fonctionne-mieux-lorsque-vous-le-menacez-2\/#primaryimage\"},\"image\":{\"@id\":\"https:\/\/vieassociative.be\/actualites\/le-co-fondateur-de-google-dit-que-lia-fonctionne-mieux-lorsque-vous-le-menacez-2\/#primaryimage\"},\"thumbnailUrl\":\"https:\/\/vieassociative.be\/actualites\/wp-content\/uploads\/2025\/05\/Le-co-fondateur-de-Google-dit-que-lIA-fonctionne-mieux-lorsque.jpg\",\"datePublished\":\"2025-05-24T07:17:06+00:00\",\"dateModified\":\"2025-05-24T07:17:06+00:00\",\"breadcrumb\":{\"@id\":\"https:\/\/vieassociative.be\/actualites\/le-co-fondateur-de-google-dit-que-lia-fonctionne-mieux-lorsque-vous-le-menacez-2\/#breadcrumb\"},\"inLanguage\":\"fr-BE\",\"potentialAction\":[{\"@type\":\"ReadAction\",\"target\":[\"https:\/\/vieassociative.be\/actualites\/le-co-fondateur-de-google-dit-que-lia-fonctionne-mieux-lorsque-vous-le-menacez-2\/\"]}]},{\"@type\":\"ImageObject\",\"inLanguage\":\"fr-BE\",\"@id\":\"https:\/\/vieassociative.be\/actualites\/le-co-fondateur-de-google-dit-que-lia-fonctionne-mieux-lorsque-vous-le-menacez-2\/#primaryimage\",\"url\":\"https:\/\/vieassociative.be\/actualites\/wp-content\/uploads\/2025\/05\/Le-co-fondateur-de-Google-dit-que-lIA-fonctionne-mieux-lorsque.jpg\",\"contentUrl\":\"https:\/\/vieassociative.be\/actualites\/wp-content\/uploads\/2025\/05\/Le-co-fondateur-de-Google-dit-que-lIA-fonctionne-mieux-lorsque.jpg\",\"width\":1200,\"height\":675,\"caption\":\"Le co-fondateur de Google dit que l'IA fonctionne mieux lorsque vous le menacez\"},{\"@type\":\"BreadcrumbList\",\"@id\":\"https:\/\/vieassociative.be\/actualites\/le-co-fondateur-de-google-dit-que-lia-fonctionne-mieux-lorsque-vous-le-menacez-2\/#breadcrumb\",\"itemListElement\":[{\"@type\":\"ListItem\",\"position\":1,\"name\":\"Accueil\",\"item\":\"https:\/\/vieassociative.be\/actualites\/\"},{\"@type\":\"ListItem\",\"position\":2,\"name\":\"Le co-fondateur de Google dit que l&rsquo;IA fonctionne mieux lorsque vous le menacez\"}]},{\"@type\":\"WebSite\",\"@id\":\"https:\/\/vieassociative.be\/actualites\/#website\",\"url\":\"https:\/\/vieassociative.be\/actualites\/\",\"name\":\"Vie Associative\",\"description\":\"\",\"publisher\":{\"@id\":\"https:\/\/vieassociative.be\/actualites\/#organization\"},\"potentialAction\":[{\"@type\":\"SearchAction\",\"target\":{\"@type\":\"EntryPoint\",\"urlTemplate\":\"https:\/\/vieassociative.be\/actualites\/?s={search_term_string}\"},\"query-input\":{\"@type\":\"PropertyValueSpecification\",\"valueRequired\":true,\"valueName\":\"search_term_string\"}}],\"inLanguage\":\"fr-BE\"},{\"@type\":\"Organization\",\"@id\":\"https:\/\/vieassociative.be\/actualites\/#organization\",\"name\":\"Vie Associative\",\"url\":\"https:\/\/vieassociative.be\/actualites\/\",\"logo\":{\"@type\":\"ImageObject\",\"inLanguage\":\"fr-BE\",\"@id\":\"https:\/\/vieassociative.be\/actualites\/#\/schema\/logo\/image\/\",\"url\":\"https:\/\/vieassociative.be\/actualites\/wp-content\/uploads\/2024\/09\/cropped-vieassociative_favicon.ico.png\",\"contentUrl\":\"https:\/\/vieassociative.be\/actualites\/wp-content\/uploads\/2024\/09\/cropped-vieassociative_favicon.ico.png\",\"width\":512,\"height\":512,\"caption\":\"Vie Associative\"},\"image\":{\"@id\":\"https:\/\/vieassociative.be\/actualites\/#\/schema\/logo\/image\/\"}},{\"@type\":\"Person\",\"@id\":\"https:\/\/vieassociative.be\/actualites\/#\/schema\/person\/b87ac4f82f9d4e7b7cec7395b679edc4\",\"name\":\"Julien\",\"image\":{\"@type\":\"ImageObject\",\"inLanguage\":\"fr-BE\",\"@id\":\"https:\/\/vieassociative.be\/actualites\/#\/schema\/person\/image\/\",\"url\":\"https:\/\/vieassociative.be\/actualites\/wp-content\/uploads\/2024\/09\/vie-associative-1-150x150.jpg\",\"contentUrl\":\"https:\/\/vieassociative.be\/actualites\/wp-content\/uploads\/2024\/09\/vie-associative-1-150x150.jpg\",\"caption\":\"Julien\"},\"description\":\"Je suis Julien, r\u00e9dacteur pour Vie Associative. Passionn\u00e9 par le monde associatif depuis plus de 10 ans, j'ai \u00e0 c\u0153ur de partager des histoires inspirantes et de mettre en lumi\u00e8re les initiatives locales. Mon objectif est de sensibiliser et d'encourager l'engagement communautaire \u00e0 travers mes articles.\",\"sameAs\":[\"https:\/\/vieassociative.be\/\"]}]}<\/script>\n<!-- \/ Yoast SEO plugin. -->","yoast_head_json":{"title":"Le co-fondateur de Google dit que l'IA fonctionne mieux lorsque vous le menacez | Vie Associative","robots":{"index":"index","follow":"follow","max-snippet":"max-snippet:-1","max-image-preview":"max-image-preview:large","max-video-preview":"max-video-preview:-1"},"canonical":"https:\/\/vieassociative.be\/actualites\/le-co-fondateur-de-google-dit-que-lia-fonctionne-mieux-lorsque-vous-le-menacez-2\/","og_locale":"fr_FR","og_type":"article","og_title":"Le co-fondateur de Google dit que l'IA fonctionne mieux lorsque vous le menacez | Vie Associative","og_description":"Que faisons-nous ici? L&rsquo;intelligence artificielle continue d&rsquo;\u00eatre le chose dans la technologie &#8211; que les consommateurs soient int\u00e9ress\u00e9s ou non. Ce qui me frappe le","og_url":"https:\/\/vieassociative.be\/actualites\/le-co-fondateur-de-google-dit-que-lia-fonctionne-mieux-lorsque-vous-le-menacez-2\/","og_site_name":"Vie Associative","article_published_time":"2025-05-24T07:17:06+00:00","og_image":[{"width":279,"height":92,"url":"https:\/\/vieassociative.be\/actualites\/wp-content\/uploads\/2024\/09\/header_backgroundk-01-e1726694325946.png","type":"image\/png"}],"author":"Julien","twitter_card":"summary_large_image","twitter_misc":{"\u00c9crit par":"Julien","Dur\u00e9e de lecture est.":"5 minutes"},"schema":{"@context":"https:\/\/schema.org","@graph":[{"@type":"Article","@id":"https:\/\/vieassociative.be\/actualites\/le-co-fondateur-de-google-dit-que-lia-fonctionne-mieux-lorsque-vous-le-menacez-2\/#article","isPartOf":{"@id":"https:\/\/vieassociative.be\/actualites\/le-co-fondateur-de-google-dit-que-lia-fonctionne-mieux-lorsque-vous-le-menacez-2\/"},"author":{"name":"Julien","@id":"https:\/\/vieassociative.be\/actualites\/#\/schema\/person\/b87ac4f82f9d4e7b7cec7395b679edc4"},"headline":"Le co-fondateur de Google dit que l&rsquo;IA fonctionne mieux lorsque vous le menacez","datePublished":"2025-05-24T07:17:06+00:00","dateModified":"2025-05-24T07:17:06+00:00","mainEntityOfPage":{"@id":"https:\/\/vieassociative.be\/actualites\/le-co-fondateur-de-google-dit-que-lia-fonctionne-mieux-lorsque-vous-le-menacez-2\/"},"wordCount":976,"publisher":{"@id":"https:\/\/vieassociative.be\/actualites\/#organization"},"image":{"@id":"https:\/\/vieassociative.be\/actualites\/le-co-fondateur-de-google-dit-que-lia-fonctionne-mieux-lorsque-vous-le-menacez-2\/#primaryimage"},"thumbnailUrl":"https:\/\/vieassociative.be\/actualites\/wp-content\/uploads\/2025\/05\/Le-co-fondateur-de-Google-dit-que-lIA-fonctionne-mieux-lorsque.jpg","keywords":["cofondateur","dit","fonctionne","Google","lIA","lorsque","menacez","mieux","Vous"],"articleSection":["Technologie"],"inLanguage":"fr-BE"},{"@type":"WebPage","@id":"https:\/\/vieassociative.be\/actualites\/le-co-fondateur-de-google-dit-que-lia-fonctionne-mieux-lorsque-vous-le-menacez-2\/","url":"https:\/\/vieassociative.be\/actualites\/le-co-fondateur-de-google-dit-que-lia-fonctionne-mieux-lorsque-vous-le-menacez-2\/","name":"Le co-fondateur de Google dit que l'IA fonctionne mieux lorsque vous le menacez | Vie Associative","isPartOf":{"@id":"https:\/\/vieassociative.be\/actualites\/#website"},"primaryImageOfPage":{"@id":"https:\/\/vieassociative.be\/actualites\/le-co-fondateur-de-google-dit-que-lia-fonctionne-mieux-lorsque-vous-le-menacez-2\/#primaryimage"},"image":{"@id":"https:\/\/vieassociative.be\/actualites\/le-co-fondateur-de-google-dit-que-lia-fonctionne-mieux-lorsque-vous-le-menacez-2\/#primaryimage"},"thumbnailUrl":"https:\/\/vieassociative.be\/actualites\/wp-content\/uploads\/2025\/05\/Le-co-fondateur-de-Google-dit-que-lIA-fonctionne-mieux-lorsque.jpg","datePublished":"2025-05-24T07:17:06+00:00","dateModified":"2025-05-24T07:17:06+00:00","breadcrumb":{"@id":"https:\/\/vieassociative.be\/actualites\/le-co-fondateur-de-google-dit-que-lia-fonctionne-mieux-lorsque-vous-le-menacez-2\/#breadcrumb"},"inLanguage":"fr-BE","potentialAction":[{"@type":"ReadAction","target":["https:\/\/vieassociative.be\/actualites\/le-co-fondateur-de-google-dit-que-lia-fonctionne-mieux-lorsque-vous-le-menacez-2\/"]}]},{"@type":"ImageObject","inLanguage":"fr-BE","@id":"https:\/\/vieassociative.be\/actualites\/le-co-fondateur-de-google-dit-que-lia-fonctionne-mieux-lorsque-vous-le-menacez-2\/#primaryimage","url":"https:\/\/vieassociative.be\/actualites\/wp-content\/uploads\/2025\/05\/Le-co-fondateur-de-Google-dit-que-lIA-fonctionne-mieux-lorsque.jpg","contentUrl":"https:\/\/vieassociative.be\/actualites\/wp-content\/uploads\/2025\/05\/Le-co-fondateur-de-Google-dit-que-lIA-fonctionne-mieux-lorsque.jpg","width":1200,"height":675,"caption":"Le co-fondateur de Google dit que l'IA fonctionne mieux lorsque vous le menacez"},{"@type":"BreadcrumbList","@id":"https:\/\/vieassociative.be\/actualites\/le-co-fondateur-de-google-dit-que-lia-fonctionne-mieux-lorsque-vous-le-menacez-2\/#breadcrumb","itemListElement":[{"@type":"ListItem","position":1,"name":"Accueil","item":"https:\/\/vieassociative.be\/actualites\/"},{"@type":"ListItem","position":2,"name":"Le co-fondateur de Google dit que l&rsquo;IA fonctionne mieux lorsque vous le menacez"}]},{"@type":"WebSite","@id":"https:\/\/vieassociative.be\/actualites\/#website","url":"https:\/\/vieassociative.be\/actualites\/","name":"Vie Associative","description":"","publisher":{"@id":"https:\/\/vieassociative.be\/actualites\/#organization"},"potentialAction":[{"@type":"SearchAction","target":{"@type":"EntryPoint","urlTemplate":"https:\/\/vieassociative.be\/actualites\/?s={search_term_string}"},"query-input":{"@type":"PropertyValueSpecification","valueRequired":true,"valueName":"search_term_string"}}],"inLanguage":"fr-BE"},{"@type":"Organization","@id":"https:\/\/vieassociative.be\/actualites\/#organization","name":"Vie Associative","url":"https:\/\/vieassociative.be\/actualites\/","logo":{"@type":"ImageObject","inLanguage":"fr-BE","@id":"https:\/\/vieassociative.be\/actualites\/#\/schema\/logo\/image\/","url":"https:\/\/vieassociative.be\/actualites\/wp-content\/uploads\/2024\/09\/cropped-vieassociative_favicon.ico.png","contentUrl":"https:\/\/vieassociative.be\/actualites\/wp-content\/uploads\/2024\/09\/cropped-vieassociative_favicon.ico.png","width":512,"height":512,"caption":"Vie Associative"},"image":{"@id":"https:\/\/vieassociative.be\/actualites\/#\/schema\/logo\/image\/"}},{"@type":"Person","@id":"https:\/\/vieassociative.be\/actualites\/#\/schema\/person\/b87ac4f82f9d4e7b7cec7395b679edc4","name":"Julien","image":{"@type":"ImageObject","inLanguage":"fr-BE","@id":"https:\/\/vieassociative.be\/actualites\/#\/schema\/person\/image\/","url":"https:\/\/vieassociative.be\/actualites\/wp-content\/uploads\/2024\/09\/vie-associative-1-150x150.jpg","contentUrl":"https:\/\/vieassociative.be\/actualites\/wp-content\/uploads\/2024\/09\/vie-associative-1-150x150.jpg","caption":"Julien"},"description":"Je suis Julien, r\u00e9dacteur pour Vie Associative. Passionn\u00e9 par le monde associatif depuis plus de 10 ans, j'ai \u00e0 c\u0153ur de partager des histoires inspirantes et de mettre en lumi\u00e8re les initiatives locales. Mon objectif est de sensibiliser et d'encourager l'engagement communautaire \u00e0 travers mes articles.","sameAs":["https:\/\/vieassociative.be\/"]}]}},"_links":{"self":[{"href":"https:\/\/vieassociative.be\/actualites\/wp-json\/wp\/v2\/posts\/7743"}],"collection":[{"href":"https:\/\/vieassociative.be\/actualites\/wp-json\/wp\/v2\/posts"}],"about":[{"href":"https:\/\/vieassociative.be\/actualites\/wp-json\/wp\/v2\/types\/post"}],"author":[{"embeddable":true,"href":"https:\/\/vieassociative.be\/actualites\/wp-json\/wp\/v2\/users\/1"}],"replies":[{"embeddable":true,"href":"https:\/\/vieassociative.be\/actualites\/wp-json\/wp\/v2\/comments?post=7743"}],"version-history":[{"count":0,"href":"https:\/\/vieassociative.be\/actualites\/wp-json\/wp\/v2\/posts\/7743\/revisions"}],"wp:featuredmedia":[{"embeddable":true,"href":"https:\/\/vieassociative.be\/actualites\/wp-json\/wp\/v2\/media\/7742"}],"wp:attachment":[{"href":"https:\/\/vieassociative.be\/actualites\/wp-json\/wp\/v2\/media?parent=7743"}],"wp:term":[{"taxonomy":"category","embeddable":true,"href":"https:\/\/vieassociative.be\/actualites\/wp-json\/wp\/v2\/categories?post=7743"},{"taxonomy":"post_tag","embeddable":true,"href":"https:\/\/vieassociative.be\/actualites\/wp-json\/wp\/v2\/tags?post=7743"}],"curies":[{"name":"wp","href":"https:\/\/api.w.org\/{rel}","templated":true}]}}