{"id":7739,"date":"2025-05-24T04:17:24","date_gmt":"2025-05-24T02:17:24","guid":{"rendered":"https:\/\/vieassociative.be\/actualites\/romelu-lukaku-frappe-et-fait-de-naples-un-maitre\/"},"modified":"2025-05-24T04:17:24","modified_gmt":"2025-05-24T02:17:24","slug":"romelu-lukaku-frappe-et-fait-de-naples-un-maitre","status":"publish","type":"post","link":"https:\/\/vieassociative.be\/actualites\/romelu-lukaku-frappe-et-fait-de-naples-un-maitre\/","title":{"rendered":"Romelu Lukaku frappe et fait de Naples un ma\u00eetre"},"content":{"rendered":"<p><strong>Dans le duel pour le titre de champion dans le football italien, le SSC Naples et l&rsquo;Inter Milan ont un duel \u00e9loign\u00e9 passionnant. Maintenant, la d\u00e9cision a \u00e9t\u00e9 prise.<\/strong><\/p>\n<p><span id=\"more-416164\"><\/span>Le SSC Naples est champion de football italien pour la quatri\u00e8me fois. Le dernier jour de la s\u00e9rie de Serie A, l&rsquo;\u00e9quipe de l&rsquo;entra\u00eeneur Antonio Conte a remport\u00e9 2-0 (1-0) contre Cagliari Calcio et a ainsi d\u00e9fendu la t\u00eate du tableau.<\/p>\n<div id=\"attachment_416185\" class=\"wp-caption alignleft\" style=\"max-width: 300px\"><img fetchpriority=\"high\" decoding=\"async\" class=\"wp-image-416185 size-medium\" src=\"https:\/\/vieassociative.be\/actualites\/wp-content\/uploads\/2025\/05\/Romelu-Lukaku-frappe-et-fait-de-Naples-un-maitre.jpg\" alt=\"\" width=\"300\" height=\"200\"><\/p>\n<p class=\"wp-caption-text\">23 mai 2025, Italie, Naples: Scott McTominay applaudit apr\u00e8s son avance. Photo: Gregorio Borgia \/ AP \/ DPA<\/p>\n<\/div>\n<p>Inter Milan enceinte a utilis\u00e9 un simultan\u00e9ment 2: 0 (1: 0) Rien \u00e0 AC COMO. Le finaliste de l&rsquo;entra\u00eeneur Simone Inzaghi en Ligue des champions a termin\u00e9 deuxi\u00e8me derri\u00e8re. Tous les autres matchs de la derni\u00e8re journ\u00e9e ne se d\u00e9roulent que le samedi et le dimanche.<\/p>\n<p>Scott McTominay (42e minute) et l&rsquo;international belge Romelu Lukaku (51e) Naples ont tir\u00e9 avec leurs buts pour le quatri\u00e8me titre de champion dans l&rsquo;histoire du club apr\u00e8s 1987, 1990 et 2023. L&rsquo;entra\u00eeneur Conte a d\u00fb encourager le titre dans les stands apr\u00e8s avoir vu le dernier jour de match rouge.<\/p>\n<p>Curieux: M\u00eame son coll\u00e8gue de Milan Inzaghi a regard\u00e9 les objectifs de Stefan de Vrij (20e) et Joaquin Correa (51e) et le licenciement de Comos Jose Manuel Reina (45 ans) du bord du terrain parce qu&rsquo;il avait \u00e9galement vu le rouge le jour du match pr\u00e9c\u00e9dent. (DPA \/ CRE)<\/p>\n","protected":false},"excerpt":{"rendered":"<p>Dans le duel pour le titre de champion dans le football italien, le SSC Naples et l&rsquo;Inter Milan ont un duel \u00e9loign\u00e9 passionnant. Maintenant, la<\/p>\n","protected":false},"author":1,"featured_media":7740,"comment_status":"","ping_status":"","sticky":false,"template":"","format":"standard","meta":{"footnotes":""},"categories":[298],"tags":[635,4403,3002,7131,7130,3177],"class_list":["post-7739","post","type-post","status-publish","format-standard","has-post-thumbnail","hentry","category-belgique","tag-fait","tag-frappe","tag-lukaku","tag-maitre","tag-naples","tag-romelu","generate-columns","tablet-grid-50","mobile-grid-100","grid-parent","grid-33"],"yoast_head":"<!-- This site is optimized with the Yoast SEO plugin v24.0 - https:\/\/yoast.com\/wordpress\/plugins\/seo\/ -->\n<title>Romelu Lukaku frappe et fait de Naples un ma\u00eetre | Vie Associative<\/title>\n<meta name=\"robots\" content=\"index, follow, max-snippet:-1, max-image-preview:large, max-video-preview:-1\" \/>\n<link rel=\"canonical\" href=\"https:\/\/vieassociative.be\/actualites\/romelu-lukaku-frappe-et-fait-de-naples-un-maitre\/\" \/>\n<meta property=\"og:locale\" content=\"fr_FR\" \/>\n<meta property=\"og:type\" content=\"article\" \/>\n<meta property=\"og:title\" content=\"Romelu Lukaku frappe et fait de Naples un ma\u00eetre | Vie Associative\" \/>\n<meta property=\"og:description\" content=\"Dans le duel pour le titre de champion dans le football italien, le SSC Naples et l&rsquo;Inter Milan ont un duel \u00e9loign\u00e9 passionnant. Maintenant, la\" \/>\n<meta property=\"og:url\" content=\"https:\/\/vieassociative.be\/actualites\/romelu-lukaku-frappe-et-fait-de-naples-un-maitre\/\" \/>\n<meta property=\"og:site_name\" content=\"Vie Associative\" \/>\n<meta property=\"article:published_time\" content=\"2025-05-24T02:17:24+00:00\" \/>\n<meta property=\"og:image\" content=\"https:\/\/vieassociative.be\/actualites\/wp-content\/uploads\/2024\/09\/header_backgroundk-01-e1726694325946.png\" \/>\n\t<meta property=\"og:image:width\" content=\"279\" \/>\n\t<meta property=\"og:image:height\" content=\"92\" \/>\n\t<meta property=\"og:image:type\" content=\"image\/png\" \/>\n<meta name=\"author\" content=\"Julien\" \/>\n<meta name=\"twitter:card\" content=\"summary_large_image\" \/>\n<meta name=\"twitter:label1\" content=\"\u00c9crit par\" \/>\n\t<meta name=\"twitter:data1\" content=\"Julien\" \/>\n\t<meta name=\"twitter:label2\" content=\"Dur\u00e9e de lecture est.\" \/>\n\t<meta name=\"twitter:data2\" content=\"1 minute\" \/>\n<script type=\"application\/ld+json\" class=\"yoast-schema-graph\">{\"@context\":\"https:\/\/schema.org\",\"@graph\":[{\"@type\":\"Article\",\"@id\":\"https:\/\/vieassociative.be\/actualites\/romelu-lukaku-frappe-et-fait-de-naples-un-maitre\/#article\",\"isPartOf\":{\"@id\":\"https:\/\/vieassociative.be\/actualites\/romelu-lukaku-frappe-et-fait-de-naples-un-maitre\/\"},\"author\":{\"name\":\"Julien\",\"@id\":\"https:\/\/vieassociative.be\/actualites\/#\/schema\/person\/b87ac4f82f9d4e7b7cec7395b679edc4\"},\"headline\":\"Romelu Lukaku frappe et fait de Naples un ma\u00eetre\",\"datePublished\":\"2025-05-24T02:17:24+00:00\",\"dateModified\":\"2025-05-24T02:17:24+00:00\",\"mainEntityOfPage\":{\"@id\":\"https:\/\/vieassociative.be\/actualites\/romelu-lukaku-frappe-et-fait-de-naples-un-maitre\/\"},\"wordCount\":259,\"publisher\":{\"@id\":\"https:\/\/vieassociative.be\/actualites\/#organization\"},\"image\":{\"@id\":\"https:\/\/vieassociative.be\/actualites\/romelu-lukaku-frappe-et-fait-de-naples-un-maitre\/#primaryimage\"},\"thumbnailUrl\":\"https:\/\/vieassociative.be\/actualites\/wp-content\/uploads\/2025\/05\/1748053045_Romelu-Lukaku-frappe-et-fait-de-Naples-un-maitre.jpg\",\"keywords\":[\"fait\",\"frappe\",\"Lukaku\",\"ma\u00eetre\",\"Naples\",\"Romelu\"],\"articleSection\":[\"Belgique\"],\"inLanguage\":\"fr-BE\"},{\"@type\":\"WebPage\",\"@id\":\"https:\/\/vieassociative.be\/actualites\/romelu-lukaku-frappe-et-fait-de-naples-un-maitre\/\",\"url\":\"https:\/\/vieassociative.be\/actualites\/romelu-lukaku-frappe-et-fait-de-naples-un-maitre\/\",\"name\":\"Romelu Lukaku frappe et fait de Naples un ma\u00eetre | Vie Associative\",\"isPartOf\":{\"@id\":\"https:\/\/vieassociative.be\/actualites\/#website\"},\"primaryImageOfPage\":{\"@id\":\"https:\/\/vieassociative.be\/actualites\/romelu-lukaku-frappe-et-fait-de-naples-un-maitre\/#primaryimage\"},\"image\":{\"@id\":\"https:\/\/vieassociative.be\/actualites\/romelu-lukaku-frappe-et-fait-de-naples-un-maitre\/#primaryimage\"},\"thumbnailUrl\":\"https:\/\/vieassociative.be\/actualites\/wp-content\/uploads\/2025\/05\/1748053045_Romelu-Lukaku-frappe-et-fait-de-Naples-un-maitre.jpg\",\"datePublished\":\"2025-05-24T02:17:24+00:00\",\"dateModified\":\"2025-05-24T02:17:24+00:00\",\"breadcrumb\":{\"@id\":\"https:\/\/vieassociative.be\/actualites\/romelu-lukaku-frappe-et-fait-de-naples-un-maitre\/#breadcrumb\"},\"inLanguage\":\"fr-BE\",\"potentialAction\":[{\"@type\":\"ReadAction\",\"target\":[\"https:\/\/vieassociative.be\/actualites\/romelu-lukaku-frappe-et-fait-de-naples-un-maitre\/\"]}]},{\"@type\":\"ImageObject\",\"inLanguage\":\"fr-BE\",\"@id\":\"https:\/\/vieassociative.be\/actualites\/romelu-lukaku-frappe-et-fait-de-naples-un-maitre\/#primaryimage\",\"url\":\"https:\/\/vieassociative.be\/actualites\/wp-content\/uploads\/2025\/05\/1748053045_Romelu-Lukaku-frappe-et-fait-de-Naples-un-maitre.jpg\",\"contentUrl\":\"https:\/\/vieassociative.be\/actualites\/wp-content\/uploads\/2025\/05\/1748053045_Romelu-Lukaku-frappe-et-fait-de-Naples-un-maitre.jpg\",\"width\":1200,\"height\":399,\"caption\":\"Romelu Lukaku frappe et fait de Naples un ma\u00eetre\"},{\"@type\":\"BreadcrumbList\",\"@id\":\"https:\/\/vieassociative.be\/actualites\/romelu-lukaku-frappe-et-fait-de-naples-un-maitre\/#breadcrumb\",\"itemListElement\":[{\"@type\":\"ListItem\",\"position\":1,\"name\":\"Accueil\",\"item\":\"https:\/\/vieassociative.be\/actualites\/\"},{\"@type\":\"ListItem\",\"position\":2,\"name\":\"Romelu Lukaku frappe et fait de Naples un ma\u00eetre\"}]},{\"@type\":\"WebSite\",\"@id\":\"https:\/\/vieassociative.be\/actualites\/#website\",\"url\":\"https:\/\/vieassociative.be\/actualites\/\",\"name\":\"Vie Associative\",\"description\":\"\",\"publisher\":{\"@id\":\"https:\/\/vieassociative.be\/actualites\/#organization\"},\"potentialAction\":[{\"@type\":\"SearchAction\",\"target\":{\"@type\":\"EntryPoint\",\"urlTemplate\":\"https:\/\/vieassociative.be\/actualites\/?s={search_term_string}\"},\"query-input\":{\"@type\":\"PropertyValueSpecification\",\"valueRequired\":true,\"valueName\":\"search_term_string\"}}],\"inLanguage\":\"fr-BE\"},{\"@type\":\"Organization\",\"@id\":\"https:\/\/vieassociative.be\/actualites\/#organization\",\"name\":\"Vie Associative\",\"url\":\"https:\/\/vieassociative.be\/actualites\/\",\"logo\":{\"@type\":\"ImageObject\",\"inLanguage\":\"fr-BE\",\"@id\":\"https:\/\/vieassociative.be\/actualites\/#\/schema\/logo\/image\/\",\"url\":\"https:\/\/vieassociative.be\/actualites\/wp-content\/uploads\/2024\/09\/cropped-vieassociative_favicon.ico.png\",\"contentUrl\":\"https:\/\/vieassociative.be\/actualites\/wp-content\/uploads\/2024\/09\/cropped-vieassociative_favicon.ico.png\",\"width\":512,\"height\":512,\"caption\":\"Vie Associative\"},\"image\":{\"@id\":\"https:\/\/vieassociative.be\/actualites\/#\/schema\/logo\/image\/\"}},{\"@type\":\"Person\",\"@id\":\"https:\/\/vieassociative.be\/actualites\/#\/schema\/person\/b87ac4f82f9d4e7b7cec7395b679edc4\",\"name\":\"Julien\",\"image\":{\"@type\":\"ImageObject\",\"inLanguage\":\"fr-BE\",\"@id\":\"https:\/\/vieassociative.be\/actualites\/#\/schema\/person\/image\/\",\"url\":\"https:\/\/vieassociative.be\/actualites\/wp-content\/uploads\/2024\/09\/vie-associative-1-150x150.jpg\",\"contentUrl\":\"https:\/\/vieassociative.be\/actualites\/wp-content\/uploads\/2024\/09\/vie-associative-1-150x150.jpg\",\"caption\":\"Julien\"},\"description\":\"Je suis Julien, r\u00e9dacteur pour Vie Associative. Passionn\u00e9 par le monde associatif depuis plus de 10 ans, j'ai \u00e0 c\u0153ur de partager des histoires inspirantes et de mettre en lumi\u00e8re les initiatives locales. Mon objectif est de sensibiliser et d'encourager l'engagement communautaire \u00e0 travers mes articles.\",\"sameAs\":[\"https:\/\/vieassociative.be\/\"]}]}<\/script>\n<!-- \/ Yoast SEO plugin. -->","yoast_head_json":{"title":"Romelu Lukaku frappe et fait de Naples un ma\u00eetre | Vie Associative","robots":{"index":"index","follow":"follow","max-snippet":"max-snippet:-1","max-image-preview":"max-image-preview:large","max-video-preview":"max-video-preview:-1"},"canonical":"https:\/\/vieassociative.be\/actualites\/romelu-lukaku-frappe-et-fait-de-naples-un-maitre\/","og_locale":"fr_FR","og_type":"article","og_title":"Romelu Lukaku frappe et fait de Naples un ma\u00eetre | Vie Associative","og_description":"Dans le duel pour le titre de champion dans le football italien, le SSC Naples et l&rsquo;Inter Milan ont un duel \u00e9loign\u00e9 passionnant. Maintenant, la","og_url":"https:\/\/vieassociative.be\/actualites\/romelu-lukaku-frappe-et-fait-de-naples-un-maitre\/","og_site_name":"Vie Associative","article_published_time":"2025-05-24T02:17:24+00:00","og_image":[{"width":279,"height":92,"url":"https:\/\/vieassociative.be\/actualites\/wp-content\/uploads\/2024\/09\/header_backgroundk-01-e1726694325946.png","type":"image\/png"}],"author":"Julien","twitter_card":"summary_large_image","twitter_misc":{"\u00c9crit par":"Julien","Dur\u00e9e de lecture est.":"1 minute"},"schema":{"@context":"https:\/\/schema.org","@graph":[{"@type":"Article","@id":"https:\/\/vieassociative.be\/actualites\/romelu-lukaku-frappe-et-fait-de-naples-un-maitre\/#article","isPartOf":{"@id":"https:\/\/vieassociative.be\/actualites\/romelu-lukaku-frappe-et-fait-de-naples-un-maitre\/"},"author":{"name":"Julien","@id":"https:\/\/vieassociative.be\/actualites\/#\/schema\/person\/b87ac4f82f9d4e7b7cec7395b679edc4"},"headline":"Romelu Lukaku frappe et fait de Naples un ma\u00eetre","datePublished":"2025-05-24T02:17:24+00:00","dateModified":"2025-05-24T02:17:24+00:00","mainEntityOfPage":{"@id":"https:\/\/vieassociative.be\/actualites\/romelu-lukaku-frappe-et-fait-de-naples-un-maitre\/"},"wordCount":259,"publisher":{"@id":"https:\/\/vieassociative.be\/actualites\/#organization"},"image":{"@id":"https:\/\/vieassociative.be\/actualites\/romelu-lukaku-frappe-et-fait-de-naples-un-maitre\/#primaryimage"},"thumbnailUrl":"https:\/\/vieassociative.be\/actualites\/wp-content\/uploads\/2025\/05\/1748053045_Romelu-Lukaku-frappe-et-fait-de-Naples-un-maitre.jpg","keywords":["fait","frappe","Lukaku","ma\u00eetre","Naples","Romelu"],"articleSection":["Belgique"],"inLanguage":"fr-BE"},{"@type":"WebPage","@id":"https:\/\/vieassociative.be\/actualites\/romelu-lukaku-frappe-et-fait-de-naples-un-maitre\/","url":"https:\/\/vieassociative.be\/actualites\/romelu-lukaku-frappe-et-fait-de-naples-un-maitre\/","name":"Romelu Lukaku frappe et fait de Naples un ma\u00eetre | Vie Associative","isPartOf":{"@id":"https:\/\/vieassociative.be\/actualites\/#website"},"primaryImageOfPage":{"@id":"https:\/\/vieassociative.be\/actualites\/romelu-lukaku-frappe-et-fait-de-naples-un-maitre\/#primaryimage"},"image":{"@id":"https:\/\/vieassociative.be\/actualites\/romelu-lukaku-frappe-et-fait-de-naples-un-maitre\/#primaryimage"},"thumbnailUrl":"https:\/\/vieassociative.be\/actualites\/wp-content\/uploads\/2025\/05\/1748053045_Romelu-Lukaku-frappe-et-fait-de-Naples-un-maitre.jpg","datePublished":"2025-05-24T02:17:24+00:00","dateModified":"2025-05-24T02:17:24+00:00","breadcrumb":{"@id":"https:\/\/vieassociative.be\/actualites\/romelu-lukaku-frappe-et-fait-de-naples-un-maitre\/#breadcrumb"},"inLanguage":"fr-BE","potentialAction":[{"@type":"ReadAction","target":["https:\/\/vieassociative.be\/actualites\/romelu-lukaku-frappe-et-fait-de-naples-un-maitre\/"]}]},{"@type":"ImageObject","inLanguage":"fr-BE","@id":"https:\/\/vieassociative.be\/actualites\/romelu-lukaku-frappe-et-fait-de-naples-un-maitre\/#primaryimage","url":"https:\/\/vieassociative.be\/actualites\/wp-content\/uploads\/2025\/05\/1748053045_Romelu-Lukaku-frappe-et-fait-de-Naples-un-maitre.jpg","contentUrl":"https:\/\/vieassociative.be\/actualites\/wp-content\/uploads\/2025\/05\/1748053045_Romelu-Lukaku-frappe-et-fait-de-Naples-un-maitre.jpg","width":1200,"height":399,"caption":"Romelu Lukaku frappe et fait de Naples un ma\u00eetre"},{"@type":"BreadcrumbList","@id":"https:\/\/vieassociative.be\/actualites\/romelu-lukaku-frappe-et-fait-de-naples-un-maitre\/#breadcrumb","itemListElement":[{"@type":"ListItem","position":1,"name":"Accueil","item":"https:\/\/vieassociative.be\/actualites\/"},{"@type":"ListItem","position":2,"name":"Romelu Lukaku frappe et fait de Naples un ma\u00eetre"}]},{"@type":"WebSite","@id":"https:\/\/vieassociative.be\/actualites\/#website","url":"https:\/\/vieassociative.be\/actualites\/","name":"Vie Associative","description":"","publisher":{"@id":"https:\/\/vieassociative.be\/actualites\/#organization"},"potentialAction":[{"@type":"SearchAction","target":{"@type":"EntryPoint","urlTemplate":"https:\/\/vieassociative.be\/actualites\/?s={search_term_string}"},"query-input":{"@type":"PropertyValueSpecification","valueRequired":true,"valueName":"search_term_string"}}],"inLanguage":"fr-BE"},{"@type":"Organization","@id":"https:\/\/vieassociative.be\/actualites\/#organization","name":"Vie Associative","url":"https:\/\/vieassociative.be\/actualites\/","logo":{"@type":"ImageObject","inLanguage":"fr-BE","@id":"https:\/\/vieassociative.be\/actualites\/#\/schema\/logo\/image\/","url":"https:\/\/vieassociative.be\/actualites\/wp-content\/uploads\/2024\/09\/cropped-vieassociative_favicon.ico.png","contentUrl":"https:\/\/vieassociative.be\/actualites\/wp-content\/uploads\/2024\/09\/cropped-vieassociative_favicon.ico.png","width":512,"height":512,"caption":"Vie Associative"},"image":{"@id":"https:\/\/vieassociative.be\/actualites\/#\/schema\/logo\/image\/"}},{"@type":"Person","@id":"https:\/\/vieassociative.be\/actualites\/#\/schema\/person\/b87ac4f82f9d4e7b7cec7395b679edc4","name":"Julien","image":{"@type":"ImageObject","inLanguage":"fr-BE","@id":"https:\/\/vieassociative.be\/actualites\/#\/schema\/person\/image\/","url":"https:\/\/vieassociative.be\/actualites\/wp-content\/uploads\/2024\/09\/vie-associative-1-150x150.jpg","contentUrl":"https:\/\/vieassociative.be\/actualites\/wp-content\/uploads\/2024\/09\/vie-associative-1-150x150.jpg","caption":"Julien"},"description":"Je suis Julien, r\u00e9dacteur pour Vie Associative. Passionn\u00e9 par le monde associatif depuis plus de 10 ans, j'ai \u00e0 c\u0153ur de partager des histoires inspirantes et de mettre en lumi\u00e8re les initiatives locales. Mon objectif est de sensibiliser et d'encourager l'engagement communautaire \u00e0 travers mes articles.","sameAs":["https:\/\/vieassociative.be\/"]}]}},"_links":{"self":[{"href":"https:\/\/vieassociative.be\/actualites\/wp-json\/wp\/v2\/posts\/7739"}],"collection":[{"href":"https:\/\/vieassociative.be\/actualites\/wp-json\/wp\/v2\/posts"}],"about":[{"href":"https:\/\/vieassociative.be\/actualites\/wp-json\/wp\/v2\/types\/post"}],"author":[{"embeddable":true,"href":"https:\/\/vieassociative.be\/actualites\/wp-json\/wp\/v2\/users\/1"}],"replies":[{"embeddable":true,"href":"https:\/\/vieassociative.be\/actualites\/wp-json\/wp\/v2\/comments?post=7739"}],"version-history":[{"count":0,"href":"https:\/\/vieassociative.be\/actualites\/wp-json\/wp\/v2\/posts\/7739\/revisions"}],"wp:featuredmedia":[{"embeddable":true,"href":"https:\/\/vieassociative.be\/actualites\/wp-json\/wp\/v2\/media\/7740"}],"wp:attachment":[{"href":"https:\/\/vieassociative.be\/actualites\/wp-json\/wp\/v2\/media?parent=7739"}],"wp:term":[{"taxonomy":"category","embeddable":true,"href":"https:\/\/vieassociative.be\/actualites\/wp-json\/wp\/v2\/categories?post=7739"},{"taxonomy":"post_tag","embeddable":true,"href":"https:\/\/vieassociative.be\/actualites\/wp-json\/wp\/v2\/tags?post=7739"}],"curies":[{"name":"wp","href":"https:\/\/api.w.org\/{rel}","templated":true}]}}