{"id":7733,"date":"2025-05-23T22:17:11","date_gmt":"2025-05-23T20:17:11","guid":{"rendered":"https:\/\/vieassociative.be\/actualites\/rapport-du-journal-paris-saint-germain-veut-acheter-en-tant-queupen-et-se-transformer-en-association-satellite-en-belgique\/"},"modified":"2025-05-23T22:17:11","modified_gmt":"2025-05-23T20:17:11","slug":"rapport-du-journal-paris-saint-germain-veut-acheter-en-tant-queupen-et-se-transformer-en-association-satellite-en-belgique","status":"publish","type":"post","link":"https:\/\/vieassociative.be\/actualites\/rapport-du-journal-paris-saint-germain-veut-acheter-en-tant-queupen-et-se-transformer-en-association-satellite-en-belgique\/","title":{"rendered":"Rapport du journal: \u00ab\u00a0Paris Saint-Germain veut acheter en tant qu&rsquo;Eupen et se transformer en association satellite en Belgique\u00a0\u00bb"},"content":{"rendered":"<p><strong>Le club de deuxi\u00e8me division en tant qu&rsquo;Eupen est devenu silencieux ces derniers temps. Mais si vous croyez \u00ab\u00a0La Derni\u00e8re Heure-leS Sports\u00a0\u00bb, beaucoup de choses se produisent dans les coulisses &#8211; et selon le journal, cela a m\u00eame \u00e0 voir avec le champion en s\u00e9rie fran\u00e7ais et finaliste de la Ligue des champions, le Paris Saint-Germain.<\/strong><\/p>\n<p><span id=\"more-416144\"><\/span>\u00ab\u00a0Le PSG veut acheter une association en Belgique et en faire son club satellite\u00a0\u00bb, \u00e9crit le \u00ab\u00a0DH\u00a0\u00bb vendredi: \u00ab\u00a0Les n\u00e9gociations entre QSI, le propri\u00e9taire du PSG, et Aspire, l&rsquo;actionnaire d&rsquo;Eupen, qui s&rsquo;efforce d&rsquo;une vente, va dans la bonne direction.\u00a0\u00bb<\/p>\n<p>\u00ab\u00a0Le PSG se pr\u00e9pare \u00e0 sa finale de la Ligue des champions (et \u00e0 la Coupe de France), mais pas seulement cela. L&rsquo;Association de Paris travaille \u00e9galement sur son avenir \u00e0 long terme et aimerait d\u00e9velopper une galaxie\u00a0\u00bb, \u00e9crit Christophe Franssen dans le \u00ab\u00a0DH\u00a0\u00bb.<\/p>\n<div id=\"attachment_416159\" class=\"wp-caption alignleft\" style=\"max-width: 263px\"><img fetchpriority=\"high\" decoding=\"async\" class=\"wp-image-416159 size-medium\" src=\"https:\/\/vieassociative.be\/actualites\/wp-content\/uploads\/2025\/05\/Rapport-du-journal-Paris-Saint-Germain-veut-acheter-en-tant-quEupen.jpg\" alt=\"\" width=\"263\" height=\"300\"  ><\/p>\n<p class=\"wp-caption-text\">Vendredi, le titre du journal \u00ab\u00a0La Derni\u00e8re Heure &#8211; Les Sports\u00a0\u00bb. Photo: Capture d&rsquo;\u00e9cran DH.NET<\/p>\n<\/div>\n<p>QSI, le fonds d&rsquo;investissement du Qatar, qui appartient au PSG, a d\u00e9j\u00e0 investi dans Braga (o\u00f9 il d\u00e9tient 21,67% des actions) et n\u00e9gocie l&rsquo;achat de Malaga (D2 en Espagne). Mais un club belge pourrait bient\u00f4t appartenir \u00e0 la famille: le As Eupen.<\/p>\n<p>La deuxi\u00e8me division de l&rsquo;est de la Belgique fait actuellement partie d&rsquo;Aspire, une acad\u00e9mie de football au Qatar. \u00ab\u00a0Cela fait des Pandas une sorte de cousin supprim\u00e9 du PSG, mais sans connexion officielle. Cette fois, QSI veut devenir le seul propri\u00e9taire d&rsquo;Eupen pour le transformer en association par satellite, similaire \u00e0 la relation entre Monaco et Cercle Bruges\u00a0\u00bb, a d\u00e9clar\u00e9 le reportage du journal.<\/p>\n<p>En conclusion, il dit: \u00ab\u00a0Aspire est propri\u00e9taire d&rsquo;Eupen depuis 2012, mais n&rsquo;investit plus beaucoup d&rsquo;argent, et les finances sont en rouge. Comme le dixi\u00e8me de la Challenger Pro League cette saison, le club de l&rsquo;est de la Belgique est \u00e0 la recherche d&rsquo;une nouvelle \u00e9lan, et cela pourrait remporter le possible vainqueur de la Ligue des champions. (Cre).<\/p>\n","protected":false},"excerpt":{"rendered":"<p>Le club de deuxi\u00e8me division en tant qu&rsquo;Eupen est devenu silencieux ces derniers temps. Mais si vous croyez \u00ab\u00a0La Derni\u00e8re Heure-leS Sports\u00a0\u00bb, beaucoup de choses<\/p>\n","protected":false},"author":1,"featured_media":7734,"comment_status":"","ping_status":"","sticky":false,"template":"","format":"standard","meta":{"footnotes":""},"categories":[298],"tags":[428,3941,383,2533,2447,5094,1081,7124,7125,1745,1203,2635],"class_list":["post-7733","post","type-post","status-publish","format-standard","has-post-thumbnail","hentry","category-belgique","tag-acheter","tag-association","tag-belgique","tag-journal","tag-paris","tag-queupen","tag-rapport","tag-saintgermain","tag-satellite","tag-tant","tag-transformer","tag-veut","generate-columns","tablet-grid-50","mobile-grid-100","grid-parent","grid-33"],"yoast_head":"<!-- This site is optimized with the Yoast SEO plugin v24.0 - https:\/\/yoast.com\/wordpress\/plugins\/seo\/ -->\n<title>Rapport du journal: &quot;Paris Saint-Germain veut acheter en tant qu&#039;Eupen et se transformer en association satellite en Belgique&quot; | Vie Associative<\/title>\n<meta name=\"robots\" content=\"index, follow, max-snippet:-1, max-image-preview:large, max-video-preview:-1\" \/>\n<link rel=\"canonical\" href=\"https:\/\/vieassociative.be\/actualites\/rapport-du-journal-paris-saint-germain-veut-acheter-en-tant-queupen-et-se-transformer-en-association-satellite-en-belgique\/\" \/>\n<meta property=\"og:locale\" content=\"fr_FR\" \/>\n<meta property=\"og:type\" content=\"article\" \/>\n<meta property=\"og:title\" content=\"Rapport du journal: &quot;Paris Saint-Germain veut acheter en tant qu&#039;Eupen et se transformer en association satellite en Belgique&quot; | Vie Associative\" \/>\n<meta property=\"og:description\" content=\"Le club de deuxi\u00e8me division en tant qu&rsquo;Eupen est devenu silencieux ces derniers temps. Mais si vous croyez \u00ab\u00a0La Derni\u00e8re Heure-leS Sports\u00a0\u00bb, beaucoup de choses\" \/>\n<meta property=\"og:url\" content=\"https:\/\/vieassociative.be\/actualites\/rapport-du-journal-paris-saint-germain-veut-acheter-en-tant-queupen-et-se-transformer-en-association-satellite-en-belgique\/\" \/>\n<meta property=\"og:site_name\" content=\"Vie Associative\" \/>\n<meta property=\"article:published_time\" content=\"2025-05-23T20:17:11+00:00\" \/>\n<meta property=\"og:image\" content=\"https:\/\/vieassociative.be\/actualites\/wp-content\/uploads\/2024\/09\/header_backgroundk-01-e1726694325946.png\" \/>\n\t<meta property=\"og:image:width\" content=\"279\" \/>\n\t<meta property=\"og:image:height\" content=\"92\" \/>\n\t<meta property=\"og:image:type\" content=\"image\/png\" \/>\n<meta name=\"author\" content=\"Julien\" \/>\n<meta name=\"twitter:card\" content=\"summary_large_image\" \/>\n<meta name=\"twitter:label1\" content=\"\u00c9crit par\" \/>\n\t<meta name=\"twitter:data1\" content=\"Julien\" \/>\n\t<meta name=\"twitter:label2\" content=\"Dur\u00e9e de lecture est.\" \/>\n\t<meta name=\"twitter:data2\" content=\"2 minutes\" \/>\n<script type=\"application\/ld+json\" class=\"yoast-schema-graph\">{\"@context\":\"https:\/\/schema.org\",\"@graph\":[{\"@type\":\"Article\",\"@id\":\"https:\/\/vieassociative.be\/actualites\/rapport-du-journal-paris-saint-germain-veut-acheter-en-tant-queupen-et-se-transformer-en-association-satellite-en-belgique\/#article\",\"isPartOf\":{\"@id\":\"https:\/\/vieassociative.be\/actualites\/rapport-du-journal-paris-saint-germain-veut-acheter-en-tant-queupen-et-se-transformer-en-association-satellite-en-belgique\/\"},\"author\":{\"name\":\"Julien\",\"@id\":\"https:\/\/vieassociative.be\/actualites\/#\/schema\/person\/b87ac4f82f9d4e7b7cec7395b679edc4\"},\"headline\":\"Rapport du journal: \u00ab\u00a0Paris Saint-Germain veut acheter en tant qu&rsquo;Eupen et se transformer en association satellite en Belgique\u00a0\u00bb\",\"datePublished\":\"2025-05-23T20:17:11+00:00\",\"dateModified\":\"2025-05-23T20:17:11+00:00\",\"mainEntityOfPage\":{\"@id\":\"https:\/\/vieassociative.be\/actualites\/rapport-du-journal-paris-saint-germain-veut-acheter-en-tant-queupen-et-se-transformer-en-association-satellite-en-belgique\/\"},\"wordCount\":366,\"publisher\":{\"@id\":\"https:\/\/vieassociative.be\/actualites\/#organization\"},\"image\":{\"@id\":\"https:\/\/vieassociative.be\/actualites\/rapport-du-journal-paris-saint-germain-veut-acheter-en-tant-queupen-et-se-transformer-en-association-satellite-en-belgique\/#primaryimage\"},\"thumbnailUrl\":\"https:\/\/vieassociative.be\/actualites\/wp-content\/uploads\/2025\/05\/1748031432_Rapport-du-journal-Paris-Saint-Germain-veut-acheter-en-tant-quEupen.jpg\",\"keywords\":[\"acheter\",\"Association\",\"Belgique\",\"journal\",\"Paris\",\"quEupen\",\"rapport\",\"SaintGermain\",\"satellite\",\"tant\",\"transformer\",\"veut\"],\"articleSection\":[\"Belgique\"],\"inLanguage\":\"fr-BE\"},{\"@type\":\"WebPage\",\"@id\":\"https:\/\/vieassociative.be\/actualites\/rapport-du-journal-paris-saint-germain-veut-acheter-en-tant-queupen-et-se-transformer-en-association-satellite-en-belgique\/\",\"url\":\"https:\/\/vieassociative.be\/actualites\/rapport-du-journal-paris-saint-germain-veut-acheter-en-tant-queupen-et-se-transformer-en-association-satellite-en-belgique\/\",\"name\":\"Rapport du journal: \\\"Paris Saint-Germain veut acheter en tant qu'Eupen et se transformer en association satellite en Belgique\\\" | Vie Associative\",\"isPartOf\":{\"@id\":\"https:\/\/vieassociative.be\/actualites\/#website\"},\"primaryImageOfPage\":{\"@id\":\"https:\/\/vieassociative.be\/actualites\/rapport-du-journal-paris-saint-germain-veut-acheter-en-tant-queupen-et-se-transformer-en-association-satellite-en-belgique\/#primaryimage\"},\"image\":{\"@id\":\"https:\/\/vieassociative.be\/actualites\/rapport-du-journal-paris-saint-germain-veut-acheter-en-tant-queupen-et-se-transformer-en-association-satellite-en-belgique\/#primaryimage\"},\"thumbnailUrl\":\"https:\/\/vieassociative.be\/actualites\/wp-content\/uploads\/2025\/05\/1748031432_Rapport-du-journal-Paris-Saint-Germain-veut-acheter-en-tant-quEupen.jpg\",\"datePublished\":\"2025-05-23T20:17:11+00:00\",\"dateModified\":\"2025-05-23T20:17:11+00:00\",\"breadcrumb\":{\"@id\":\"https:\/\/vieassociative.be\/actualites\/rapport-du-journal-paris-saint-germain-veut-acheter-en-tant-queupen-et-se-transformer-en-association-satellite-en-belgique\/#breadcrumb\"},\"inLanguage\":\"fr-BE\",\"potentialAction\":[{\"@type\":\"ReadAction\",\"target\":[\"https:\/\/vieassociative.be\/actualites\/rapport-du-journal-paris-saint-germain-veut-acheter-en-tant-queupen-et-se-transformer-en-association-satellite-en-belgique\/\"]}]},{\"@type\":\"ImageObject\",\"inLanguage\":\"fr-BE\",\"@id\":\"https:\/\/vieassociative.be\/actualites\/rapport-du-journal-paris-saint-germain-veut-acheter-en-tant-queupen-et-se-transformer-en-association-satellite-en-belgique\/#primaryimage\",\"url\":\"https:\/\/vieassociative.be\/actualites\/wp-content\/uploads\/2025\/05\/1748031432_Rapport-du-journal-Paris-Saint-Germain-veut-acheter-en-tant-quEupen.jpg\",\"contentUrl\":\"https:\/\/vieassociative.be\/actualites\/wp-content\/uploads\/2025\/05\/1748031432_Rapport-du-journal-Paris-Saint-Germain-veut-acheter-en-tant-quEupen.jpg\",\"width\":1200,\"height\":800,\"caption\":\"Rapport du journal: \\\"Paris Saint-Germain veut acheter en tant qu'Eupen et se transformer en association satellite en Belgique\\\"\"},{\"@type\":\"BreadcrumbList\",\"@id\":\"https:\/\/vieassociative.be\/actualites\/rapport-du-journal-paris-saint-germain-veut-acheter-en-tant-queupen-et-se-transformer-en-association-satellite-en-belgique\/#breadcrumb\",\"itemListElement\":[{\"@type\":\"ListItem\",\"position\":1,\"name\":\"Accueil\",\"item\":\"https:\/\/vieassociative.be\/actualites\/\"},{\"@type\":\"ListItem\",\"position\":2,\"name\":\"Rapport du journal: \u00ab\u00a0Paris Saint-Germain veut acheter en tant qu&rsquo;Eupen et se transformer en association satellite en Belgique\u00a0\u00bb\"}]},{\"@type\":\"WebSite\",\"@id\":\"https:\/\/vieassociative.be\/actualites\/#website\",\"url\":\"https:\/\/vieassociative.be\/actualites\/\",\"name\":\"Vie Associative\",\"description\":\"\",\"publisher\":{\"@id\":\"https:\/\/vieassociative.be\/actualites\/#organization\"},\"potentialAction\":[{\"@type\":\"SearchAction\",\"target\":{\"@type\":\"EntryPoint\",\"urlTemplate\":\"https:\/\/vieassociative.be\/actualites\/?s={search_term_string}\"},\"query-input\":{\"@type\":\"PropertyValueSpecification\",\"valueRequired\":true,\"valueName\":\"search_term_string\"}}],\"inLanguage\":\"fr-BE\"},{\"@type\":\"Organization\",\"@id\":\"https:\/\/vieassociative.be\/actualites\/#organization\",\"name\":\"Vie Associative\",\"url\":\"https:\/\/vieassociative.be\/actualites\/\",\"logo\":{\"@type\":\"ImageObject\",\"inLanguage\":\"fr-BE\",\"@id\":\"https:\/\/vieassociative.be\/actualites\/#\/schema\/logo\/image\/\",\"url\":\"https:\/\/vieassociative.be\/actualites\/wp-content\/uploads\/2024\/09\/cropped-vieassociative_favicon.ico.png\",\"contentUrl\":\"https:\/\/vieassociative.be\/actualites\/wp-content\/uploads\/2024\/09\/cropped-vieassociative_favicon.ico.png\",\"width\":512,\"height\":512,\"caption\":\"Vie Associative\"},\"image\":{\"@id\":\"https:\/\/vieassociative.be\/actualites\/#\/schema\/logo\/image\/\"}},{\"@type\":\"Person\",\"@id\":\"https:\/\/vieassociative.be\/actualites\/#\/schema\/person\/b87ac4f82f9d4e7b7cec7395b679edc4\",\"name\":\"Julien\",\"image\":{\"@type\":\"ImageObject\",\"inLanguage\":\"fr-BE\",\"@id\":\"https:\/\/vieassociative.be\/actualites\/#\/schema\/person\/image\/\",\"url\":\"https:\/\/vieassociative.be\/actualites\/wp-content\/uploads\/2024\/09\/vie-associative-1-150x150.jpg\",\"contentUrl\":\"https:\/\/vieassociative.be\/actualites\/wp-content\/uploads\/2024\/09\/vie-associative-1-150x150.jpg\",\"caption\":\"Julien\"},\"description\":\"Je suis Julien, r\u00e9dacteur pour Vie Associative. Passionn\u00e9 par le monde associatif depuis plus de 10 ans, j'ai \u00e0 c\u0153ur de partager des histoires inspirantes et de mettre en lumi\u00e8re les initiatives locales. Mon objectif est de sensibiliser et d'encourager l'engagement communautaire \u00e0 travers mes articles.\",\"sameAs\":[\"https:\/\/vieassociative.be\/\"]}]}<\/script>\n<!-- \/ Yoast SEO plugin. -->","yoast_head_json":{"title":"Rapport du journal: \"Paris Saint-Germain veut acheter en tant qu'Eupen et se transformer en association satellite en Belgique\" | Vie Associative","robots":{"index":"index","follow":"follow","max-snippet":"max-snippet:-1","max-image-preview":"max-image-preview:large","max-video-preview":"max-video-preview:-1"},"canonical":"https:\/\/vieassociative.be\/actualites\/rapport-du-journal-paris-saint-germain-veut-acheter-en-tant-queupen-et-se-transformer-en-association-satellite-en-belgique\/","og_locale":"fr_FR","og_type":"article","og_title":"Rapport du journal: \"Paris Saint-Germain veut acheter en tant qu'Eupen et se transformer en association satellite en Belgique\" | Vie Associative","og_description":"Le club de deuxi\u00e8me division en tant qu&rsquo;Eupen est devenu silencieux ces derniers temps. Mais si vous croyez \u00ab\u00a0La Derni\u00e8re Heure-leS Sports\u00a0\u00bb, beaucoup de choses","og_url":"https:\/\/vieassociative.be\/actualites\/rapport-du-journal-paris-saint-germain-veut-acheter-en-tant-queupen-et-se-transformer-en-association-satellite-en-belgique\/","og_site_name":"Vie Associative","article_published_time":"2025-05-23T20:17:11+00:00","og_image":[{"width":279,"height":92,"url":"https:\/\/vieassociative.be\/actualites\/wp-content\/uploads\/2024\/09\/header_backgroundk-01-e1726694325946.png","type":"image\/png"}],"author":"Julien","twitter_card":"summary_large_image","twitter_misc":{"\u00c9crit par":"Julien","Dur\u00e9e de lecture est.":"2 minutes"},"schema":{"@context":"https:\/\/schema.org","@graph":[{"@type":"Article","@id":"https:\/\/vieassociative.be\/actualites\/rapport-du-journal-paris-saint-germain-veut-acheter-en-tant-queupen-et-se-transformer-en-association-satellite-en-belgique\/#article","isPartOf":{"@id":"https:\/\/vieassociative.be\/actualites\/rapport-du-journal-paris-saint-germain-veut-acheter-en-tant-queupen-et-se-transformer-en-association-satellite-en-belgique\/"},"author":{"name":"Julien","@id":"https:\/\/vieassociative.be\/actualites\/#\/schema\/person\/b87ac4f82f9d4e7b7cec7395b679edc4"},"headline":"Rapport du journal: \u00ab\u00a0Paris Saint-Germain veut acheter en tant qu&rsquo;Eupen et se transformer en association satellite en Belgique\u00a0\u00bb","datePublished":"2025-05-23T20:17:11+00:00","dateModified":"2025-05-23T20:17:11+00:00","mainEntityOfPage":{"@id":"https:\/\/vieassociative.be\/actualites\/rapport-du-journal-paris-saint-germain-veut-acheter-en-tant-queupen-et-se-transformer-en-association-satellite-en-belgique\/"},"wordCount":366,"publisher":{"@id":"https:\/\/vieassociative.be\/actualites\/#organization"},"image":{"@id":"https:\/\/vieassociative.be\/actualites\/rapport-du-journal-paris-saint-germain-veut-acheter-en-tant-queupen-et-se-transformer-en-association-satellite-en-belgique\/#primaryimage"},"thumbnailUrl":"https:\/\/vieassociative.be\/actualites\/wp-content\/uploads\/2025\/05\/1748031432_Rapport-du-journal-Paris-Saint-Germain-veut-acheter-en-tant-quEupen.jpg","keywords":["acheter","Association","Belgique","journal","Paris","quEupen","rapport","SaintGermain","satellite","tant","transformer","veut"],"articleSection":["Belgique"],"inLanguage":"fr-BE"},{"@type":"WebPage","@id":"https:\/\/vieassociative.be\/actualites\/rapport-du-journal-paris-saint-germain-veut-acheter-en-tant-queupen-et-se-transformer-en-association-satellite-en-belgique\/","url":"https:\/\/vieassociative.be\/actualites\/rapport-du-journal-paris-saint-germain-veut-acheter-en-tant-queupen-et-se-transformer-en-association-satellite-en-belgique\/","name":"Rapport du journal: \"Paris Saint-Germain veut acheter en tant qu'Eupen et se transformer en association satellite en Belgique\" | Vie Associative","isPartOf":{"@id":"https:\/\/vieassociative.be\/actualites\/#website"},"primaryImageOfPage":{"@id":"https:\/\/vieassociative.be\/actualites\/rapport-du-journal-paris-saint-germain-veut-acheter-en-tant-queupen-et-se-transformer-en-association-satellite-en-belgique\/#primaryimage"},"image":{"@id":"https:\/\/vieassociative.be\/actualites\/rapport-du-journal-paris-saint-germain-veut-acheter-en-tant-queupen-et-se-transformer-en-association-satellite-en-belgique\/#primaryimage"},"thumbnailUrl":"https:\/\/vieassociative.be\/actualites\/wp-content\/uploads\/2025\/05\/1748031432_Rapport-du-journal-Paris-Saint-Germain-veut-acheter-en-tant-quEupen.jpg","datePublished":"2025-05-23T20:17:11+00:00","dateModified":"2025-05-23T20:17:11+00:00","breadcrumb":{"@id":"https:\/\/vieassociative.be\/actualites\/rapport-du-journal-paris-saint-germain-veut-acheter-en-tant-queupen-et-se-transformer-en-association-satellite-en-belgique\/#breadcrumb"},"inLanguage":"fr-BE","potentialAction":[{"@type":"ReadAction","target":["https:\/\/vieassociative.be\/actualites\/rapport-du-journal-paris-saint-germain-veut-acheter-en-tant-queupen-et-se-transformer-en-association-satellite-en-belgique\/"]}]},{"@type":"ImageObject","inLanguage":"fr-BE","@id":"https:\/\/vieassociative.be\/actualites\/rapport-du-journal-paris-saint-germain-veut-acheter-en-tant-queupen-et-se-transformer-en-association-satellite-en-belgique\/#primaryimage","url":"https:\/\/vieassociative.be\/actualites\/wp-content\/uploads\/2025\/05\/1748031432_Rapport-du-journal-Paris-Saint-Germain-veut-acheter-en-tant-quEupen.jpg","contentUrl":"https:\/\/vieassociative.be\/actualites\/wp-content\/uploads\/2025\/05\/1748031432_Rapport-du-journal-Paris-Saint-Germain-veut-acheter-en-tant-quEupen.jpg","width":1200,"height":800,"caption":"Rapport du journal: \"Paris Saint-Germain veut acheter en tant qu'Eupen et se transformer en association satellite en Belgique\""},{"@type":"BreadcrumbList","@id":"https:\/\/vieassociative.be\/actualites\/rapport-du-journal-paris-saint-germain-veut-acheter-en-tant-queupen-et-se-transformer-en-association-satellite-en-belgique\/#breadcrumb","itemListElement":[{"@type":"ListItem","position":1,"name":"Accueil","item":"https:\/\/vieassociative.be\/actualites\/"},{"@type":"ListItem","position":2,"name":"Rapport du journal: \u00ab\u00a0Paris Saint-Germain veut acheter en tant qu&rsquo;Eupen et se transformer en association satellite en Belgique\u00a0\u00bb"}]},{"@type":"WebSite","@id":"https:\/\/vieassociative.be\/actualites\/#website","url":"https:\/\/vieassociative.be\/actualites\/","name":"Vie Associative","description":"","publisher":{"@id":"https:\/\/vieassociative.be\/actualites\/#organization"},"potentialAction":[{"@type":"SearchAction","target":{"@type":"EntryPoint","urlTemplate":"https:\/\/vieassociative.be\/actualites\/?s={search_term_string}"},"query-input":{"@type":"PropertyValueSpecification","valueRequired":true,"valueName":"search_term_string"}}],"inLanguage":"fr-BE"},{"@type":"Organization","@id":"https:\/\/vieassociative.be\/actualites\/#organization","name":"Vie Associative","url":"https:\/\/vieassociative.be\/actualites\/","logo":{"@type":"ImageObject","inLanguage":"fr-BE","@id":"https:\/\/vieassociative.be\/actualites\/#\/schema\/logo\/image\/","url":"https:\/\/vieassociative.be\/actualites\/wp-content\/uploads\/2024\/09\/cropped-vieassociative_favicon.ico.png","contentUrl":"https:\/\/vieassociative.be\/actualites\/wp-content\/uploads\/2024\/09\/cropped-vieassociative_favicon.ico.png","width":512,"height":512,"caption":"Vie Associative"},"image":{"@id":"https:\/\/vieassociative.be\/actualites\/#\/schema\/logo\/image\/"}},{"@type":"Person","@id":"https:\/\/vieassociative.be\/actualites\/#\/schema\/person\/b87ac4f82f9d4e7b7cec7395b679edc4","name":"Julien","image":{"@type":"ImageObject","inLanguage":"fr-BE","@id":"https:\/\/vieassociative.be\/actualites\/#\/schema\/person\/image\/","url":"https:\/\/vieassociative.be\/actualites\/wp-content\/uploads\/2024\/09\/vie-associative-1-150x150.jpg","contentUrl":"https:\/\/vieassociative.be\/actualites\/wp-content\/uploads\/2024\/09\/vie-associative-1-150x150.jpg","caption":"Julien"},"description":"Je suis Julien, r\u00e9dacteur pour Vie Associative. Passionn\u00e9 par le monde associatif depuis plus de 10 ans, j'ai \u00e0 c\u0153ur de partager des histoires inspirantes et de mettre en lumi\u00e8re les initiatives locales. Mon objectif est de sensibiliser et d'encourager l'engagement communautaire \u00e0 travers mes articles.","sameAs":["https:\/\/vieassociative.be\/"]}]}},"_links":{"self":[{"href":"https:\/\/vieassociative.be\/actualites\/wp-json\/wp\/v2\/posts\/7733"}],"collection":[{"href":"https:\/\/vieassociative.be\/actualites\/wp-json\/wp\/v2\/posts"}],"about":[{"href":"https:\/\/vieassociative.be\/actualites\/wp-json\/wp\/v2\/types\/post"}],"author":[{"embeddable":true,"href":"https:\/\/vieassociative.be\/actualites\/wp-json\/wp\/v2\/users\/1"}],"replies":[{"embeddable":true,"href":"https:\/\/vieassociative.be\/actualites\/wp-json\/wp\/v2\/comments?post=7733"}],"version-history":[{"count":0,"href":"https:\/\/vieassociative.be\/actualites\/wp-json\/wp\/v2\/posts\/7733\/revisions"}],"wp:featuredmedia":[{"embeddable":true,"href":"https:\/\/vieassociative.be\/actualites\/wp-json\/wp\/v2\/media\/7734"}],"wp:attachment":[{"href":"https:\/\/vieassociative.be\/actualites\/wp-json\/wp\/v2\/media?parent=7733"}],"wp:term":[{"taxonomy":"category","embeddable":true,"href":"https:\/\/vieassociative.be\/actualites\/wp-json\/wp\/v2\/categories?post=7733"},{"taxonomy":"post_tag","embeddable":true,"href":"https:\/\/vieassociative.be\/actualites\/wp-json\/wp\/v2\/tags?post=7733"}],"curies":[{"name":"wp","href":"https:\/\/api.w.org\/{rel}","templated":true}]}}