{"id":7720,"date":"2025-05-23T09:34:00","date_gmt":"2025-05-23T07:34:00","guid":{"rendered":"https:\/\/vieassociative.be\/actualites\/comment-la-fda-pourrait-rendre-plus-difficile-lobtention-de-photos-covide-cette-annee\/"},"modified":"2025-05-23T09:34:00","modified_gmt":"2025-05-23T07:34:00","slug":"comment-la-fda-pourrait-rendre-plus-difficile-lobtention-de-photos-covide-cette-annee","status":"publish","type":"post","link":"https:\/\/vieassociative.be\/actualites\/comment-la-fda-pourrait-rendre-plus-difficile-lobtention-de-photos-covide-cette-annee\/","title":{"rendered":"Comment la FDA pourrait rendre plus difficile l&rsquo;obtention de photos covide cette ann\u00e9e"},"content":{"rendered":"<div class=\"mt-4 leading-6 md:mb-8\">Une nouvelle politique, pas encore en effet, pourrait restreindre les nouveaux vaccins c\u00e8vres aux personnes de plus de 65 ans et \u00e0 celles qui ont certaines conditions de sant\u00e9.<\/div>\n<p><\/p>\n<p>Le gouvernement am\u00e9ricain n&rsquo;a pas encore fait ses recommandations officielles pour qui devrait \u00eatre en mesure d&rsquo;obtenir des photos de booster covide cet automne, mais les responsables de la FDA ont publi\u00e9 un poste de politique dans le <em>Journal de m\u00e9decine de la Nouvelle-Angleterre<\/em> annon\u00e7ant qu&rsquo;il a l&rsquo;intention de modifier des changements de politique drastiques. Les changements pourraient entra\u00eener des personnes en bonne sant\u00e9 de moins de 65 ans, perdant l&rsquo;acc\u00e8s aux vaccins coiff\u00e9s, selon des experts des vaccins qui ont parl\u00e9 des politiques. Voici ce que nous savons jusqu&rsquo;\u00e0 pr\u00e9sent et pourquoi la politique annonc\u00e9e pourrait \u00eatre un probl\u00e8me. <\/p>\n<h2 id=\"how-covid-vaccines-are-currently-approved\">Comment les vaccins sont actuellement approuv\u00e9s<\/h2>\n<p>Les scientifiques ont chang\u00e9 la formulation des vaccins covid\u00e9s \u00e0 plusieurs reprises au fil des ans, car le virus covide lui-m\u00eame a tendance \u00e0 muter. Les vaccins sont mis \u00e0 jour pour mieux correspondre aux souches qui circulent, et cela s&rsquo;est produit \u00e0 peu pr\u00e8s une fois par an, simultan\u00e9ment de la fa\u00e7on dont les photos de la grippe sont mises \u00e0 jour chaque ann\u00e9e. <\/p>\n<p>Au lieu de concevoir de nouveaux essais de vaccins \u00e0 partir de z\u00e9ro pour chaque petit changement dans le vaccin covide, les fabricants m\u00e8nent des \u00e9tudes pour montrer que l&rsquo;immunit\u00e9 que les gens re\u00e7oivent du nouveau vaccin \u00e9quivalent \u00e0 ce que les gens ont obtenu de l&rsquo;ancien vaccin. <\/p>\n<p>Apr\u00e8s l&rsquo;approbation de la FDA, le CDC d\u00e9livre ensuite une recommandation pour qui devrait obtenir le vaccin. Actuellement, tous ceux de 6 mois et plus sont recommand\u00e9s pour obtenir un vaccin covide. <\/p>\n<h2 id=\"what-might-be-changing\">Ce qui pourrait changer<\/h2>\n<p>La nouvelle politique, selon l&rsquo;article NEJM, serait d&rsquo;accepter ces \u00e9tudes d&rsquo;immunobridging <em>seulement<\/em> approuver les vaccins pour les personnes \u00e2g\u00e9es de 65 ans et plus, et les personnes de plus de 6 mois qui ont l&rsquo;une des conditions \u00e0 haut risque sur une liste maintenue par le CDC. <\/p>\n<p>Pour les personnes en bonne sant\u00e9 de moins de 65 ans, la politique de la FDA n&rsquo;approuverait pas de nouveaux vaccins coids \u00e0 moins qu&rsquo;ils ne soient test\u00e9s contre un placebo. (Le type de placebo est fortement formul\u00e9: \u00abLe groupe t\u00e9moin pourrait recevoir un placebo saline\u00bb, \u00e9crivent les auteurs.) <\/p>\n<p>La FDA n&rsquo;a pas le pouvoir de modifier les recommandations sur qui devrait obtenir des vaccins qui sont d\u00e9j\u00e0 approuv\u00e9s (c&rsquo;est la port\u00e9e du CDC), mais il est charg\u00e9 d&rsquo;approuver les vaccins et ne peut les approuver que pour des populations sp\u00e9cifiques. <\/p>\n<h2 id=\"why-placebo-controlled-trials-are-an-absolutely-wild-idea-for-covid-vaccines\">Pourquoi les \u00e9preuves contr\u00f4l\u00e9es par placebo sont une id\u00e9e absolument sauvage pour les vaccins covid\u00e9s<\/h2>\n<p>Les experts en sant\u00e9 publique ne sont pas, pour les dire l\u00e9g\u00e8rement, pas satisfaits de ce plan. C&rsquo;est parce que nous avons d\u00e9j\u00e0 des vaccins covides qui fonctionnent. Faire un essai contr\u00f4l\u00e9 par placebo n\u00e9cessiterait de retenir la retenue des vaccins covid\u00e9s des personnes du groupe t\u00e9moin; Ils obtiendraient une solution saline au lieu d&rsquo;un vaccin fonctionnel. <\/p>\n<p>La fa\u00e7on normale de faire ce type d&rsquo;essai (si vous en faites une, plut\u00f4t que de compter sur l&rsquo;immunobrid) est de comparer le nouveau vaccin ou un m\u00e9dicament contre celui qui est d\u00e9j\u00e0 consid\u00e9r\u00e9 comme efficace. Pour utiliser une analogie extr\u00eame, vous ne testeriez pas une nouvelle conception de la ceinture de s\u00e9curit\u00e9 en randomisant les gens pour rouler sans utiliser de ceinture de s\u00e9curit\u00e9 du tout. <\/p>\n<div class=\"pogoClear relative my-10 border-b-(1.5px) border-t-(1.5px) border-dashed border-black py-5 sm:my-14 sm:border-0 sm:py-0\" data-ga-click data-ga-template=\"News\" data-ga-module=\"openweb_widget\" data-ga-element=\"openweb_scroll\" data-ga-item=\"openweb_scroll_midpage\" x-cloak x-data=\"{ commentsCount: null, hasComments: false }\" x-init=\"commentsCount = await window.openweb.getMessagesCount(01JVWYQPMWSX2VV7FZ4XV1MYTD);\n     hasComments = commentsCount !== null &amp;&amp; commentsCount &gt; 0\"><\/p>\n<div class=\"absolute top-1\/2 hidden w-full -translate-y-1\/2 border-t-(1.5px) border-dashed border-black sm:block\"><\/div>\n<div class=\"relative flex justify-center\">\n<div class=\"flex max-w-max items-center gap-x-3 bg-white px-5\">\n<div class=\"relative\">\n                <span class=\"absolute left-1\/2 top-1\/2 -translate-x-1\/2 -translate-y-1\/2 font-akshar text-sm font-medium text-black\" x-show=\"hasComments\" x-text=\"commentsCount\"><\/span><\/p>\n<p>                <svg class=\"h-8 w-8 text-black\">\n                    <use href=\"http:\/\/lifehacker.com\/images\/icons\/spritemap.svg#sprite-chat-bubble\"><\/use>\n                <\/svg>\n            <\/div>\n<p>            <span class=\"text-sm font-medium text-black\"><\/p>\n<p>                Que pensez-vous jusqu&rsquo;\u00e0 pr\u00e9sent?<br \/>\n                <button class=\"font-semibold text-brand-green underline hover:text-brand-green-700\" onclick=\"window.openweb.scrollToComments('01JVWYQPMWSX2VV7FZ4XV1MYTD')\" x-text=\"hasComments ? 'Post a comment.' : 'Be the first to post a comment.'\"><\/button><br \/>\n            <\/span>\n        <\/div>\n<\/p><\/div>\n<\/div>\n<p>Le scientifique des vaccins, Peter Hooz, a d\u00e9clar\u00e9 \u00e0 CNN que l&rsquo;approche annonc\u00e9e de la FDA \u00abnie essentiellement l&rsquo;acc\u00e8s aux vaccins\u00bb, car ces essais ne sont pas pratiques pour les entreprises. Dans un article sur Bluesky, le toxicologue Ryan Marino a d\u00e9clar\u00e9 que cela \u00e9quivaut \u00e0 une \u00abfaute scientifique\u00bb. L&rsquo;expert en vaccin, Paul Offit, a d\u00e9clar\u00e9 \u00e0 NPR \u00abJe ne pense pas que ce soit \u00e9thique, \u00e9tant donn\u00e9 que nous avons un vaccin qui fonctionne, \u00e9tant donn\u00e9 que nous savons que le SRAS-COV2 (le virus covide) continue de circuler et de provoquer des hospitalisations et la mort, et il n&rsquo;y a aucun groupe qui n&rsquo;a aucun risque.\u00bb<\/p>\n<h2 id=\"more-vaccine-chaos-may-be-coming\">Plus de chaos vaccinaux pourraient venir<\/h2>\n<p>La nouvelle politique n&rsquo;est pas encore officielle, mais il est difficile d&rsquo;imaginer que la FDA et le CDC sont autoris\u00e9s \u00e0 approuver et \u00e0 recommander les vaccins comme il l&rsquo;a toujours fait dans le climat politique actuel. Le directeur des biologiques Vinay Prasad et le commissaire de la FDA, Marty Makary, dont les noms apparaissent sur l&rsquo;\u00e9nonc\u00e9 de politique de la FDA, ont une histoire de plaidoirie contre l&rsquo;acc\u00e8s vaccinal coiff\u00e9 pour les enfants. <\/p>\n<p>Et les deux agences sont sous l&rsquo;\u00e9gide de HHS, le minist\u00e8re de la Sant\u00e9 et des Services sociaux, dirig\u00e9e par Robert F. Kennedy, Jr &#8211; La m\u00eame personne dont l&rsquo;organisation anti-vaccin a financ\u00e9 le film <em>En plandemi<\/em>. Si vous ne vous souvenez pas des d\u00e9tails de ce film circulant dans les premiers jours de la pand\u00e9mie, cela impliquait \u00e0 la fois que Covid n&rsquo;\u00e9tait pas r\u00e9el et que c&rsquo;\u00e9tait une arme de biow cr\u00e9\u00e9e par le gouvernement; La logique ne se tenait pas ensemble, mais en fin de compte, le fait \u00e9tait que nous devrions nous m\u00e9fier des vaccins. (J&rsquo;en ai plus sur <em>En plandemi<\/em> ici.) <\/p>\n<p>RFK, JR a d\u00e9clar\u00e9 que beaucoup de bananes sur les vaccins. Il a compar\u00e9 les vaccins infantiles \u00e0 l&rsquo;Holocauste, a affirm\u00e9 que Bill Gates mettait les micropuces dans les vaccins et se demandait haut et haut si les vaccins provoquent l&rsquo;autisme. Comment cet homme a \u00e9t\u00e9 mis en charge d&rsquo;une agence de sant\u00e9, je ne comprendrai jamais. <\/p>\n<p>Les approbations r\u00e9centes et futures des vaccins peuvent \u00eatre menac\u00e9es dans cet environnement. Moderna avait pr\u00e9vu de soumettre un vaccin contre la grippe \/ c\u0153uf combin\u00e9 pour approbation; Il a depuis retir\u00e9 sa demande. (Il n&rsquo;est pas clair si les annonces r\u00e9centes de la politique de la FDA sont directement li\u00e9es.) Le r\u00e9cent vaccin de Novavax a \u00e9t\u00e9 approuv\u00e9 r\u00e9cemment, mais seulement apr\u00e8s un retard et uniquement pour les personnes \u00e2g\u00e9es et pour les personnes souffrant de probl\u00e8mes de sant\u00e9 \u00e0 haut risque. Kennedy a publi\u00e9 un rapport aujourd&rsquo;hui qui remet en question le calendrier des vaccins infantiles et implique que les vaccins font partie de la \u00abr\u00e9alit\u00e9 aust\u00e8re de la baisse de la sant\u00e9 des enfants am\u00e9ricains\u00bb. <\/p>\n","protected":false},"excerpt":{"rendered":"<p>Une nouvelle politique, pas encore en effet, pourrait restreindre les nouveaux vaccins c\u00e8vres aux personnes de plus de 65 ans et \u00e0 celles qui ont<\/p>\n","protected":false},"author":1,"featured_media":7721,"comment_status":"","ping_status":"","sticky":false,"template":"","format":"standard","meta":{"footnotes":""},"categories":[38],"tags":[549,206,44,7118,3470,2249,7117,283,1041,465],"class_list":["post-7720","post","type-post","status-publish","format-standard","has-post-thumbnail","hentry","category-sante","tag-annee","tag-cette","tag-comment","tag-covide","tag-difficile","tag-fda","tag-lobtention","tag-photos","tag-pourrait","tag-rendre","generate-columns","tablet-grid-50","mobile-grid-100","grid-parent","grid-33"],"yoast_head":"<!-- This site is optimized with the Yoast SEO plugin v24.0 - https:\/\/yoast.com\/wordpress\/plugins\/seo\/ -->\n<title>Comment la FDA pourrait rendre plus difficile l&#039;obtention de photos covide cette ann\u00e9e | Vie Associative<\/title>\n<meta name=\"robots\" content=\"index, follow, max-snippet:-1, max-image-preview:large, max-video-preview:-1\" \/>\n<link rel=\"canonical\" href=\"https:\/\/vieassociative.be\/actualites\/comment-la-fda-pourrait-rendre-plus-difficile-lobtention-de-photos-covide-cette-annee\/\" \/>\n<meta property=\"og:locale\" content=\"fr_FR\" \/>\n<meta property=\"og:type\" content=\"article\" \/>\n<meta property=\"og:title\" content=\"Comment la FDA pourrait rendre plus difficile l&#039;obtention de photos covide cette ann\u00e9e | Vie Associative\" \/>\n<meta property=\"og:description\" content=\"Une nouvelle politique, pas encore en effet, pourrait restreindre les nouveaux vaccins c\u00e8vres aux personnes de plus de 65 ans et \u00e0 celles qui ont\" \/>\n<meta property=\"og:url\" content=\"https:\/\/vieassociative.be\/actualites\/comment-la-fda-pourrait-rendre-plus-difficile-lobtention-de-photos-covide-cette-annee\/\" \/>\n<meta property=\"og:site_name\" content=\"Vie Associative\" \/>\n<meta property=\"article:published_time\" content=\"2025-05-23T07:34:00+00:00\" \/>\n<meta property=\"og:image\" content=\"https:\/\/vieassociative.be\/actualites\/wp-content\/uploads\/2024\/09\/header_backgroundk-01-e1726694325946.png\" \/>\n\t<meta property=\"og:image:width\" content=\"279\" \/>\n\t<meta property=\"og:image:height\" content=\"92\" \/>\n\t<meta property=\"og:image:type\" content=\"image\/png\" \/>\n<meta name=\"author\" content=\"Julien\" \/>\n<meta name=\"twitter:card\" content=\"summary_large_image\" \/>\n<meta name=\"twitter:label1\" content=\"\u00c9crit par\" \/>\n\t<meta name=\"twitter:data1\" content=\"Julien\" \/>\n\t<meta name=\"twitter:label2\" content=\"Dur\u00e9e de lecture est.\" \/>\n\t<meta name=\"twitter:data2\" content=\"5 minutes\" \/>\n<script type=\"application\/ld+json\" class=\"yoast-schema-graph\">{\"@context\":\"https:\/\/schema.org\",\"@graph\":[{\"@type\":\"Article\",\"@id\":\"https:\/\/vieassociative.be\/actualites\/comment-la-fda-pourrait-rendre-plus-difficile-lobtention-de-photos-covide-cette-annee\/#article\",\"isPartOf\":{\"@id\":\"https:\/\/vieassociative.be\/actualites\/comment-la-fda-pourrait-rendre-plus-difficile-lobtention-de-photos-covide-cette-annee\/\"},\"author\":{\"name\":\"Julien\",\"@id\":\"https:\/\/vieassociative.be\/actualites\/#\/schema\/person\/b87ac4f82f9d4e7b7cec7395b679edc4\"},\"headline\":\"Comment la FDA pourrait rendre plus difficile l&rsquo;obtention de photos covide cette ann\u00e9e\",\"datePublished\":\"2025-05-23T07:34:00+00:00\",\"dateModified\":\"2025-05-23T07:34:00+00:00\",\"mainEntityOfPage\":{\"@id\":\"https:\/\/vieassociative.be\/actualites\/comment-la-fda-pourrait-rendre-plus-difficile-lobtention-de-photos-covide-cette-annee\/\"},\"wordCount\":1145,\"publisher\":{\"@id\":\"https:\/\/vieassociative.be\/actualites\/#organization\"},\"image\":{\"@id\":\"https:\/\/vieassociative.be\/actualites\/comment-la-fda-pourrait-rendre-plus-difficile-lobtention-de-photos-covide-cette-annee\/#primaryimage\"},\"thumbnailUrl\":\"https:\/\/vieassociative.be\/actualites\/wp-content\/uploads\/2025\/05\/Comment-la-FDA-pourrait-rendre-plus-difficile-lobtention-de-photos.png\",\"keywords\":[\"ann\u00e9e\",\"cette\",\"Comment\",\"covide\",\"difficile\",\"FDA\",\"lobtention\",\"Photos\",\"pourrait\",\"rendre\"],\"articleSection\":[\"Sant\u00e9\"],\"inLanguage\":\"fr-BE\"},{\"@type\":\"WebPage\",\"@id\":\"https:\/\/vieassociative.be\/actualites\/comment-la-fda-pourrait-rendre-plus-difficile-lobtention-de-photos-covide-cette-annee\/\",\"url\":\"https:\/\/vieassociative.be\/actualites\/comment-la-fda-pourrait-rendre-plus-difficile-lobtention-de-photos-covide-cette-annee\/\",\"name\":\"Comment la FDA pourrait rendre plus difficile l'obtention de photos covide cette ann\u00e9e | Vie Associative\",\"isPartOf\":{\"@id\":\"https:\/\/vieassociative.be\/actualites\/#website\"},\"primaryImageOfPage\":{\"@id\":\"https:\/\/vieassociative.be\/actualites\/comment-la-fda-pourrait-rendre-plus-difficile-lobtention-de-photos-covide-cette-annee\/#primaryimage\"},\"image\":{\"@id\":\"https:\/\/vieassociative.be\/actualites\/comment-la-fda-pourrait-rendre-plus-difficile-lobtention-de-photos-covide-cette-annee\/#primaryimage\"},\"thumbnailUrl\":\"https:\/\/vieassociative.be\/actualites\/wp-content\/uploads\/2025\/05\/Comment-la-FDA-pourrait-rendre-plus-difficile-lobtention-de-photos.png\",\"datePublished\":\"2025-05-23T07:34:00+00:00\",\"dateModified\":\"2025-05-23T07:34:00+00:00\",\"breadcrumb\":{\"@id\":\"https:\/\/vieassociative.be\/actualites\/comment-la-fda-pourrait-rendre-plus-difficile-lobtention-de-photos-covide-cette-annee\/#breadcrumb\"},\"inLanguage\":\"fr-BE\",\"potentialAction\":[{\"@type\":\"ReadAction\",\"target\":[\"https:\/\/vieassociative.be\/actualites\/comment-la-fda-pourrait-rendre-plus-difficile-lobtention-de-photos-covide-cette-annee\/\"]}]},{\"@type\":\"ImageObject\",\"inLanguage\":\"fr-BE\",\"@id\":\"https:\/\/vieassociative.be\/actualites\/comment-la-fda-pourrait-rendre-plus-difficile-lobtention-de-photos-covide-cette-annee\/#primaryimage\",\"url\":\"https:\/\/vieassociative.be\/actualites\/wp-content\/uploads\/2025\/05\/Comment-la-FDA-pourrait-rendre-plus-difficile-lobtention-de-photos.png\",\"contentUrl\":\"https:\/\/vieassociative.be\/actualites\/wp-content\/uploads\/2025\/05\/Comment-la-FDA-pourrait-rendre-plus-difficile-lobtention-de-photos.png\",\"width\":1200,\"height\":675,\"caption\":\"Comment la FDA pourrait rendre plus difficile l'obtention de photos covide cette ann\u00e9e\"},{\"@type\":\"BreadcrumbList\",\"@id\":\"https:\/\/vieassociative.be\/actualites\/comment-la-fda-pourrait-rendre-plus-difficile-lobtention-de-photos-covide-cette-annee\/#breadcrumb\",\"itemListElement\":[{\"@type\":\"ListItem\",\"position\":1,\"name\":\"Accueil\",\"item\":\"https:\/\/vieassociative.be\/actualites\/\"},{\"@type\":\"ListItem\",\"position\":2,\"name\":\"Comment la FDA pourrait rendre plus difficile l&rsquo;obtention de photos covide cette ann\u00e9e\"}]},{\"@type\":\"WebSite\",\"@id\":\"https:\/\/vieassociative.be\/actualites\/#website\",\"url\":\"https:\/\/vieassociative.be\/actualites\/\",\"name\":\"Vie Associative\",\"description\":\"\",\"publisher\":{\"@id\":\"https:\/\/vieassociative.be\/actualites\/#organization\"},\"potentialAction\":[{\"@type\":\"SearchAction\",\"target\":{\"@type\":\"EntryPoint\",\"urlTemplate\":\"https:\/\/vieassociative.be\/actualites\/?s={search_term_string}\"},\"query-input\":{\"@type\":\"PropertyValueSpecification\",\"valueRequired\":true,\"valueName\":\"search_term_string\"}}],\"inLanguage\":\"fr-BE\"},{\"@type\":\"Organization\",\"@id\":\"https:\/\/vieassociative.be\/actualites\/#organization\",\"name\":\"Vie Associative\",\"url\":\"https:\/\/vieassociative.be\/actualites\/\",\"logo\":{\"@type\":\"ImageObject\",\"inLanguage\":\"fr-BE\",\"@id\":\"https:\/\/vieassociative.be\/actualites\/#\/schema\/logo\/image\/\",\"url\":\"https:\/\/vieassociative.be\/actualites\/wp-content\/uploads\/2024\/09\/cropped-vieassociative_favicon.ico.png\",\"contentUrl\":\"https:\/\/vieassociative.be\/actualites\/wp-content\/uploads\/2024\/09\/cropped-vieassociative_favicon.ico.png\",\"width\":512,\"height\":512,\"caption\":\"Vie Associative\"},\"image\":{\"@id\":\"https:\/\/vieassociative.be\/actualites\/#\/schema\/logo\/image\/\"}},{\"@type\":\"Person\",\"@id\":\"https:\/\/vieassociative.be\/actualites\/#\/schema\/person\/b87ac4f82f9d4e7b7cec7395b679edc4\",\"name\":\"Julien\",\"image\":{\"@type\":\"ImageObject\",\"inLanguage\":\"fr-BE\",\"@id\":\"https:\/\/vieassociative.be\/actualites\/#\/schema\/person\/image\/\",\"url\":\"https:\/\/vieassociative.be\/actualites\/wp-content\/uploads\/2024\/09\/vie-associative-1-150x150.jpg\",\"contentUrl\":\"https:\/\/vieassociative.be\/actualites\/wp-content\/uploads\/2024\/09\/vie-associative-1-150x150.jpg\",\"caption\":\"Julien\"},\"description\":\"Je suis Julien, r\u00e9dacteur pour Vie Associative. Passionn\u00e9 par le monde associatif depuis plus de 10 ans, j'ai \u00e0 c\u0153ur de partager des histoires inspirantes et de mettre en lumi\u00e8re les initiatives locales. Mon objectif est de sensibiliser et d'encourager l'engagement communautaire \u00e0 travers mes articles.\",\"sameAs\":[\"https:\/\/vieassociative.be\/\"]}]}<\/script>\n<!-- \/ Yoast SEO plugin. -->","yoast_head_json":{"title":"Comment la FDA pourrait rendre plus difficile l'obtention de photos covide cette ann\u00e9e | Vie Associative","robots":{"index":"index","follow":"follow","max-snippet":"max-snippet:-1","max-image-preview":"max-image-preview:large","max-video-preview":"max-video-preview:-1"},"canonical":"https:\/\/vieassociative.be\/actualites\/comment-la-fda-pourrait-rendre-plus-difficile-lobtention-de-photos-covide-cette-annee\/","og_locale":"fr_FR","og_type":"article","og_title":"Comment la FDA pourrait rendre plus difficile l'obtention de photos covide cette ann\u00e9e | Vie Associative","og_description":"Une nouvelle politique, pas encore en effet, pourrait restreindre les nouveaux vaccins c\u00e8vres aux personnes de plus de 65 ans et \u00e0 celles qui ont","og_url":"https:\/\/vieassociative.be\/actualites\/comment-la-fda-pourrait-rendre-plus-difficile-lobtention-de-photos-covide-cette-annee\/","og_site_name":"Vie Associative","article_published_time":"2025-05-23T07:34:00+00:00","og_image":[{"width":279,"height":92,"url":"https:\/\/vieassociative.be\/actualites\/wp-content\/uploads\/2024\/09\/header_backgroundk-01-e1726694325946.png","type":"image\/png"}],"author":"Julien","twitter_card":"summary_large_image","twitter_misc":{"\u00c9crit par":"Julien","Dur\u00e9e de lecture est.":"5 minutes"},"schema":{"@context":"https:\/\/schema.org","@graph":[{"@type":"Article","@id":"https:\/\/vieassociative.be\/actualites\/comment-la-fda-pourrait-rendre-plus-difficile-lobtention-de-photos-covide-cette-annee\/#article","isPartOf":{"@id":"https:\/\/vieassociative.be\/actualites\/comment-la-fda-pourrait-rendre-plus-difficile-lobtention-de-photos-covide-cette-annee\/"},"author":{"name":"Julien","@id":"https:\/\/vieassociative.be\/actualites\/#\/schema\/person\/b87ac4f82f9d4e7b7cec7395b679edc4"},"headline":"Comment la FDA pourrait rendre plus difficile l&rsquo;obtention de photos covide cette ann\u00e9e","datePublished":"2025-05-23T07:34:00+00:00","dateModified":"2025-05-23T07:34:00+00:00","mainEntityOfPage":{"@id":"https:\/\/vieassociative.be\/actualites\/comment-la-fda-pourrait-rendre-plus-difficile-lobtention-de-photos-covide-cette-annee\/"},"wordCount":1145,"publisher":{"@id":"https:\/\/vieassociative.be\/actualites\/#organization"},"image":{"@id":"https:\/\/vieassociative.be\/actualites\/comment-la-fda-pourrait-rendre-plus-difficile-lobtention-de-photos-covide-cette-annee\/#primaryimage"},"thumbnailUrl":"https:\/\/vieassociative.be\/actualites\/wp-content\/uploads\/2025\/05\/Comment-la-FDA-pourrait-rendre-plus-difficile-lobtention-de-photos.png","keywords":["ann\u00e9e","cette","Comment","covide","difficile","FDA","lobtention","Photos","pourrait","rendre"],"articleSection":["Sant\u00e9"],"inLanguage":"fr-BE"},{"@type":"WebPage","@id":"https:\/\/vieassociative.be\/actualites\/comment-la-fda-pourrait-rendre-plus-difficile-lobtention-de-photos-covide-cette-annee\/","url":"https:\/\/vieassociative.be\/actualites\/comment-la-fda-pourrait-rendre-plus-difficile-lobtention-de-photos-covide-cette-annee\/","name":"Comment la FDA pourrait rendre plus difficile l'obtention de photos covide cette ann\u00e9e | Vie Associative","isPartOf":{"@id":"https:\/\/vieassociative.be\/actualites\/#website"},"primaryImageOfPage":{"@id":"https:\/\/vieassociative.be\/actualites\/comment-la-fda-pourrait-rendre-plus-difficile-lobtention-de-photos-covide-cette-annee\/#primaryimage"},"image":{"@id":"https:\/\/vieassociative.be\/actualites\/comment-la-fda-pourrait-rendre-plus-difficile-lobtention-de-photos-covide-cette-annee\/#primaryimage"},"thumbnailUrl":"https:\/\/vieassociative.be\/actualites\/wp-content\/uploads\/2025\/05\/Comment-la-FDA-pourrait-rendre-plus-difficile-lobtention-de-photos.png","datePublished":"2025-05-23T07:34:00+00:00","dateModified":"2025-05-23T07:34:00+00:00","breadcrumb":{"@id":"https:\/\/vieassociative.be\/actualites\/comment-la-fda-pourrait-rendre-plus-difficile-lobtention-de-photos-covide-cette-annee\/#breadcrumb"},"inLanguage":"fr-BE","potentialAction":[{"@type":"ReadAction","target":["https:\/\/vieassociative.be\/actualites\/comment-la-fda-pourrait-rendre-plus-difficile-lobtention-de-photos-covide-cette-annee\/"]}]},{"@type":"ImageObject","inLanguage":"fr-BE","@id":"https:\/\/vieassociative.be\/actualites\/comment-la-fda-pourrait-rendre-plus-difficile-lobtention-de-photos-covide-cette-annee\/#primaryimage","url":"https:\/\/vieassociative.be\/actualites\/wp-content\/uploads\/2025\/05\/Comment-la-FDA-pourrait-rendre-plus-difficile-lobtention-de-photos.png","contentUrl":"https:\/\/vieassociative.be\/actualites\/wp-content\/uploads\/2025\/05\/Comment-la-FDA-pourrait-rendre-plus-difficile-lobtention-de-photos.png","width":1200,"height":675,"caption":"Comment la FDA pourrait rendre plus difficile l'obtention de photos covide cette ann\u00e9e"},{"@type":"BreadcrumbList","@id":"https:\/\/vieassociative.be\/actualites\/comment-la-fda-pourrait-rendre-plus-difficile-lobtention-de-photos-covide-cette-annee\/#breadcrumb","itemListElement":[{"@type":"ListItem","position":1,"name":"Accueil","item":"https:\/\/vieassociative.be\/actualites\/"},{"@type":"ListItem","position":2,"name":"Comment la FDA pourrait rendre plus difficile l&rsquo;obtention de photos covide cette ann\u00e9e"}]},{"@type":"WebSite","@id":"https:\/\/vieassociative.be\/actualites\/#website","url":"https:\/\/vieassociative.be\/actualites\/","name":"Vie Associative","description":"","publisher":{"@id":"https:\/\/vieassociative.be\/actualites\/#organization"},"potentialAction":[{"@type":"SearchAction","target":{"@type":"EntryPoint","urlTemplate":"https:\/\/vieassociative.be\/actualites\/?s={search_term_string}"},"query-input":{"@type":"PropertyValueSpecification","valueRequired":true,"valueName":"search_term_string"}}],"inLanguage":"fr-BE"},{"@type":"Organization","@id":"https:\/\/vieassociative.be\/actualites\/#organization","name":"Vie Associative","url":"https:\/\/vieassociative.be\/actualites\/","logo":{"@type":"ImageObject","inLanguage":"fr-BE","@id":"https:\/\/vieassociative.be\/actualites\/#\/schema\/logo\/image\/","url":"https:\/\/vieassociative.be\/actualites\/wp-content\/uploads\/2024\/09\/cropped-vieassociative_favicon.ico.png","contentUrl":"https:\/\/vieassociative.be\/actualites\/wp-content\/uploads\/2024\/09\/cropped-vieassociative_favicon.ico.png","width":512,"height":512,"caption":"Vie Associative"},"image":{"@id":"https:\/\/vieassociative.be\/actualites\/#\/schema\/logo\/image\/"}},{"@type":"Person","@id":"https:\/\/vieassociative.be\/actualites\/#\/schema\/person\/b87ac4f82f9d4e7b7cec7395b679edc4","name":"Julien","image":{"@type":"ImageObject","inLanguage":"fr-BE","@id":"https:\/\/vieassociative.be\/actualites\/#\/schema\/person\/image\/","url":"https:\/\/vieassociative.be\/actualites\/wp-content\/uploads\/2024\/09\/vie-associative-1-150x150.jpg","contentUrl":"https:\/\/vieassociative.be\/actualites\/wp-content\/uploads\/2024\/09\/vie-associative-1-150x150.jpg","caption":"Julien"},"description":"Je suis Julien, r\u00e9dacteur pour Vie Associative. Passionn\u00e9 par le monde associatif depuis plus de 10 ans, j'ai \u00e0 c\u0153ur de partager des histoires inspirantes et de mettre en lumi\u00e8re les initiatives locales. Mon objectif est de sensibiliser et d'encourager l'engagement communautaire \u00e0 travers mes articles.","sameAs":["https:\/\/vieassociative.be\/"]}]}},"_links":{"self":[{"href":"https:\/\/vieassociative.be\/actualites\/wp-json\/wp\/v2\/posts\/7720"}],"collection":[{"href":"https:\/\/vieassociative.be\/actualites\/wp-json\/wp\/v2\/posts"}],"about":[{"href":"https:\/\/vieassociative.be\/actualites\/wp-json\/wp\/v2\/types\/post"}],"author":[{"embeddable":true,"href":"https:\/\/vieassociative.be\/actualites\/wp-json\/wp\/v2\/users\/1"}],"replies":[{"embeddable":true,"href":"https:\/\/vieassociative.be\/actualites\/wp-json\/wp\/v2\/comments?post=7720"}],"version-history":[{"count":0,"href":"https:\/\/vieassociative.be\/actualites\/wp-json\/wp\/v2\/posts\/7720\/revisions"}],"wp:featuredmedia":[{"embeddable":true,"href":"https:\/\/vieassociative.be\/actualites\/wp-json\/wp\/v2\/media\/7721"}],"wp:attachment":[{"href":"https:\/\/vieassociative.be\/actualites\/wp-json\/wp\/v2\/media?parent=7720"}],"wp:term":[{"taxonomy":"category","embeddable":true,"href":"https:\/\/vieassociative.be\/actualites\/wp-json\/wp\/v2\/categories?post=7720"},{"taxonomy":"post_tag","embeddable":true,"href":"https:\/\/vieassociative.be\/actualites\/wp-json\/wp\/v2\/tags?post=7720"}],"curies":[{"name":"wp","href":"https:\/\/api.w.org\/{rel}","templated":true}]}}