{"id":7707,"date":"2025-05-22T14:19:48","date_gmt":"2025-05-22T12:19:48","guid":{"rendered":"https:\/\/vieassociative.be\/actualites\/essayez-la-marche-japonaise-si-vous-detestez-courir\/"},"modified":"2025-05-22T14:19:48","modified_gmt":"2025-05-22T12:19:48","slug":"essayez-la-marche-japonaise-si-vous-detestez-courir","status":"publish","type":"post","link":"https:\/\/vieassociative.be\/actualites\/essayez-la-marche-japonaise-si-vous-detestez-courir\/","title":{"rendered":"Essayez la \u00abmarche japonaise\u00bb si vous d\u00e9testez courir"},"content":{"rendered":"<div class=\"mt-4 leading-6 md:mb-8\">La marche d&rsquo;intervalle est le nouveau HIIT.<\/div>\n<p><\/p>\n<p>Si vous trouvez la course \u00e0 l&rsquo;intimidation, sachez qu&rsquo;il existe un autre moyen d&rsquo;obtenir de l&rsquo;air frais tout en faisant un entra\u00eenement raisonnablement intense. Cela s&rsquo;appelle l&rsquo;entra\u00eenement \u00e0 la marche d&rsquo;intervalle (IWT), ou parfois la \u00abmarche japonaise\u00bb ou la \u00abmarche 3&#215;3\u00bb. C&rsquo;est une forme de HIIT, mais cela ne se terminera pas par vous effondrer sur le sol, d\u00e9teste votre vie. Voici comment le faire. <\/p>\n<h2 id=\"how-to-do-the-3x3-japanese-walking-workout\">Comment faire l&rsquo;entra\u00eenement 3&#215;3 \u00ab\u00a0Japanese Walking\u00a0\u00bb<\/h2>\n<p>Le protocole original de cet exercice, publi\u00e9 ici en 2007 par l&rsquo;\u00e9quipe d&rsquo;Hiroshi Nose \u00e0 l&rsquo;Universit\u00e9 de Shinshu au Japon, a utilis\u00e9 un test de laboratoire pour aider les gens \u00e0 d\u00e9terminer \u00e0 quelle vitesse ils devraient marcher pendant l&rsquo;entra\u00eenement. Comme cela n&rsquo;est pas pratique pour la plupart d&rsquo;entre nous, un substitut commun consiste \u00e0 utiliser l&rsquo;effort per\u00e7u. Pendant les portions de haute intensit\u00e9, vous promenez un rythme fort et rapide &#8211; \u00e0 peu pr\u00e8s aussi vite que vous le pouvez sans faire du jogging et sans \u00eatre trop fatigu\u00e9. Pour les parties de faible intensit\u00e9, vous marchez normalement. <\/p>\n<p>Voici donc le protocole. C&rsquo;est simple, et cela ne n\u00e9cessite pas d&rsquo;\u00e9chauffement, vous pouvez donc simplement sauter directement: <\/p>\n<ol>\n<li>\n<p>Marchez pendant trois minutes \u00e0 une vitesse normale. <\/p>\n<\/li>\n<li>\n<p>Marchez pendant trois minutes \u00e0 haute intensit\u00e9 (aussi vite que vous le pouvez raisonnablement).<\/p>\n<\/li>\n<li>\n<p>R\u00e9p\u00e9tez ces deux \u00e9tapes pendant 30 minutes ou plus.<\/p>\n<\/li>\n<\/ol>\n<p>Pour chronom\u00e9trer ces intervalles, vous pouvez programmer n&rsquo;importe quelle montre intelligente pour bip \u00e0 des intervalles de trois minutes, ou simplement utiliser votre t\u00e9l\u00e9phone. J&rsquo;aime l&rsquo;application Free Intervals Pro sur mon iPhone; Essayez l&rsquo;intervalle Timer sur Android. <\/p>\n<p>Dans l&rsquo;\u00e9tude de 2007, les personnes \u00e2g\u00e9es qui ont fait cet entra\u00eenement quatre fois ou plus par semaine, pendant cinq mois, ont mis fin \u00e0 l&rsquo;\u00e9tude avec une meilleure forme a\u00e9robie et une meilleure force de jambe que lorsqu&rsquo;elles ont commenc\u00e9. Si vous vous \u00eates d\u00e9j\u00e0 demand\u00e9 si la marche compte comme exercice, c&rsquo;est certainement le cas. <\/p>\n<h2 id=\"why-interval-walking-is-the-new-hiit\">Pourquoi l&rsquo;intervalle de marche est le nouveau Hiit<\/h2>\n<p>La marche d&rsquo;intervalle commence \u00e0 devenir plus populaire. La derni\u00e8re montre de style de vie de Garmin, The Vivoactive 6, est livr\u00e9e avec des s\u00e9ances d&rsquo;entra\u00eenement \u00e0 pied, qui comprennent des intervalles similaires \u00e0 ceux de l&rsquo;entra\u00eenement 3&#215;3. Vous pouvez voir des exemples des entra\u00eenements \u00e0 pied de Garmin dans ma revue de la montre ici.<\/p>\n<p>Pourquoi l&rsquo;amour de la marche? Je vois quelques forces au travail ici. Premi\u00e8rement, il y a beaucoup d&rsquo;attitudes exag\u00e9r\u00e9es et go-em dans le monde du fitness, en particulier sur les r\u00e9seaux sociaux. Si vous avez travers\u00e9 quelques cycles de battage m\u00e9diatique, vous pourriez en avoir assez d&rsquo;essayer de vous pousser de plus en plus dur (ou vous avez \u00e9t\u00e9 tellement intimid\u00e9 par l&rsquo;id\u00e9e que vous n&rsquo;avez jamais essay\u00e9.) <\/p>\n<div class=\"pogoClear relative my-10 border-b-(1.5px) border-t-(1.5px) border-dashed border-black py-5 sm:my-14 sm:border-0 sm:py-0\" data-ga-click data-ga-template=\"Explainers\" data-ga-module=\"openweb_widget\" data-ga-element=\"openweb_scroll\" data-ga-item=\"openweb_scroll_midpage\" x-cloak x-data=\"{ commentsCount: null, hasComments: false }\" x-init=\"commentsCount = await window.openweb.getMessagesCount(01JVSYZS86PA2S1K4FHQRCM9TV);\n     hasComments = commentsCount !== null &amp;&amp; commentsCount &gt; 0\"><\/p>\n<div class=\"absolute top-1\/2 hidden w-full -translate-y-1\/2 border-t-(1.5px) border-dashed border-black sm:block\"><\/div>\n<div class=\"relative flex justify-center\">\n<div class=\"flex max-w-max items-center gap-x-3 bg-white px-5\">\n<div class=\"relative\">\n                <span class=\"absolute left-1\/2 top-1\/2 -translate-x-1\/2 -translate-y-1\/2 font-akshar text-sm font-medium text-black\" x-show=\"hasComments\" x-text=\"commentsCount\"><\/span><\/p>\n<p>                <svg class=\"h-8 w-8 text-black\">\n                    <use href=\"http:\/\/lifehacker.com\/images\/icons\/spritemap.svg#sprite-chat-bubble\"><\/use>\n                <\/svg>\n            <\/div>\n<p>            <span class=\"text-sm font-medium text-black\"><\/p>\n<p>                Que pensez-vous jusqu&rsquo;\u00e0 pr\u00e9sent?<br \/>\n                <button class=\"font-semibold text-brand-green underline hover:text-brand-green-700\" onclick=\"window.openweb.scrollToComments('01JVSYZS86PA2S1K4FHQRCM9TV')\" x-text=\"hasComments ? 'Post a comment.' : 'Be the first to post a comment.'\"><\/button><br \/>\n            <\/span>\n        <\/div>\n<\/p><\/div>\n<\/div>\n<p>La r\u00e9action \u00e0 une forme physique \u00e0 haute intensit\u00e9 peut aller un peu trop loin dans l&rsquo;autre sens, disant aux gens (souvent des femmes qui ont \u00e9t\u00e9 inform\u00e9s de leur cortisol) qu&rsquo;ils n&rsquo;ont pas besoin de soulever des poids ou de travailler dur dans le gymnase; Ils peuvent simplement faire des promenades et faire du yoga ou du Pilates doux. Prenez ce conseil assez au s\u00e9rieux et vous ne finirez pas par faire beaucoup d&rsquo;exercice. <\/p>\n<p>La marche d&rsquo;intervalle occupe un endroit au milieu &#8211; plus grossier qu&rsquo;une marche chaude ou un cardio confortable, mais plus facile (et plus amusant!) Qu&rsquo;une truche 12-3-30 sur tapis roulant. La marche sur l&rsquo;intervalle est particuli\u00e8rement accessible aux personnes qui n&rsquo;ont pas d&rsquo;adh\u00e9sion au gymnase ou de v\u00eatements de fitness: tout ce dont vous avez besoin est une paire de chaussures confortables pour entrer. <\/p>\n<p>Et c&rsquo;est l\u00e0 que je pense que la vraie magie de la marche entre en jeu: cela vous emp\u00eache de trop penser \u00e0 votre routine de fitness et vous permet de commencer. Vous ne serez pas tent\u00e9 de r\u00e9fl\u00e9chir sur les chaussures de course ou les montres de fitness &#8211; vous sortez juste et marchez. <\/p>\n","protected":false},"excerpt":{"rendered":"<p>La marche d&rsquo;intervalle est le nouveau HIIT. Si vous trouvez la course \u00e0 l&rsquo;intimidation, sachez qu&rsquo;il existe un autre moyen d&rsquo;obtenir de l&rsquo;air frais tout<\/p>\n","protected":false},"author":1,"featured_media":7708,"comment_status":"","ping_status":"","sticky":false,"template":"","format":"standard","meta":{"footnotes":""},"categories":[38],"tags":[3810,7109,770,4508,1523,4],"class_list":["post-7707","post","type-post","status-publish","format-standard","has-post-thumbnail","hentry","category-sante","tag-courir","tag-detestez","tag-essayez","tag-japonaise","tag-marche","tag-vous","generate-columns","tablet-grid-50","mobile-grid-100","grid-parent","grid-33"],"yoast_head":"<!-- This site is optimized with the Yoast SEO plugin v24.0 - https:\/\/yoast.com\/wordpress\/plugins\/seo\/ -->\n<title>Essayez la \u00abmarche japonaise\u00bb si vous d\u00e9testez courir | Vie Associative<\/title>\n<meta name=\"robots\" content=\"index, follow, max-snippet:-1, max-image-preview:large, max-video-preview:-1\" \/>\n<link rel=\"canonical\" href=\"https:\/\/vieassociative.be\/actualites\/essayez-la-marche-japonaise-si-vous-detestez-courir\/\" \/>\n<meta property=\"og:locale\" content=\"fr_FR\" \/>\n<meta property=\"og:type\" content=\"article\" \/>\n<meta property=\"og:title\" content=\"Essayez la \u00abmarche japonaise\u00bb si vous d\u00e9testez courir | Vie Associative\" \/>\n<meta property=\"og:description\" content=\"La marche d&rsquo;intervalle est le nouveau HIIT. Si vous trouvez la course \u00e0 l&rsquo;intimidation, sachez qu&rsquo;il existe un autre moyen d&rsquo;obtenir de l&rsquo;air frais tout\" \/>\n<meta property=\"og:url\" content=\"https:\/\/vieassociative.be\/actualites\/essayez-la-marche-japonaise-si-vous-detestez-courir\/\" \/>\n<meta property=\"og:site_name\" content=\"Vie Associative\" \/>\n<meta property=\"article:published_time\" content=\"2025-05-22T12:19:48+00:00\" \/>\n<meta property=\"og:image\" content=\"https:\/\/vieassociative.be\/actualites\/wp-content\/uploads\/2024\/09\/header_backgroundk-01-e1726694325946.png\" \/>\n\t<meta property=\"og:image:width\" content=\"279\" \/>\n\t<meta property=\"og:image:height\" content=\"92\" \/>\n\t<meta property=\"og:image:type\" content=\"image\/png\" \/>\n<meta name=\"author\" content=\"Julien\" \/>\n<meta name=\"twitter:card\" content=\"summary_large_image\" \/>\n<meta name=\"twitter:label1\" content=\"\u00c9crit par\" \/>\n\t<meta name=\"twitter:data1\" content=\"Julien\" \/>\n\t<meta name=\"twitter:label2\" content=\"Dur\u00e9e de lecture est.\" \/>\n\t<meta name=\"twitter:data2\" content=\"3 minutes\" \/>\n<script type=\"application\/ld+json\" class=\"yoast-schema-graph\">{\"@context\":\"https:\/\/schema.org\",\"@graph\":[{\"@type\":\"Article\",\"@id\":\"https:\/\/vieassociative.be\/actualites\/essayez-la-marche-japonaise-si-vous-detestez-courir\/#article\",\"isPartOf\":{\"@id\":\"https:\/\/vieassociative.be\/actualites\/essayez-la-marche-japonaise-si-vous-detestez-courir\/\"},\"author\":{\"name\":\"Julien\",\"@id\":\"https:\/\/vieassociative.be\/actualites\/#\/schema\/person\/b87ac4f82f9d4e7b7cec7395b679edc4\"},\"headline\":\"Essayez la \u00abmarche japonaise\u00bb si vous d\u00e9testez courir\",\"datePublished\":\"2025-05-22T12:19:48+00:00\",\"dateModified\":\"2025-05-22T12:19:48+00:00\",\"mainEntityOfPage\":{\"@id\":\"https:\/\/vieassociative.be\/actualites\/essayez-la-marche-japonaise-si-vous-detestez-courir\/\"},\"wordCount\":725,\"publisher\":{\"@id\":\"https:\/\/vieassociative.be\/actualites\/#organization\"},\"image\":{\"@id\":\"https:\/\/vieassociative.be\/actualites\/essayez-la-marche-japonaise-si-vous-detestez-courir\/#primaryimage\"},\"thumbnailUrl\":\"https:\/\/vieassociative.be\/actualites\/wp-content\/uploads\/2025\/05\/Essayez-la-marche-japonaise-si-vous-detestez-courir.jpg\",\"keywords\":[\"courir\",\"d\u00e9testez\",\"Essayez\",\"Japonaise\",\"march\u00e9\",\"Vous\"],\"articleSection\":[\"Sant\u00e9\"],\"inLanguage\":\"fr-BE\"},{\"@type\":\"WebPage\",\"@id\":\"https:\/\/vieassociative.be\/actualites\/essayez-la-marche-japonaise-si-vous-detestez-courir\/\",\"url\":\"https:\/\/vieassociative.be\/actualites\/essayez-la-marche-japonaise-si-vous-detestez-courir\/\",\"name\":\"Essayez la \u00abmarche japonaise\u00bb si vous d\u00e9testez courir | Vie Associative\",\"isPartOf\":{\"@id\":\"https:\/\/vieassociative.be\/actualites\/#website\"},\"primaryImageOfPage\":{\"@id\":\"https:\/\/vieassociative.be\/actualites\/essayez-la-marche-japonaise-si-vous-detestez-courir\/#primaryimage\"},\"image\":{\"@id\":\"https:\/\/vieassociative.be\/actualites\/essayez-la-marche-japonaise-si-vous-detestez-courir\/#primaryimage\"},\"thumbnailUrl\":\"https:\/\/vieassociative.be\/actualites\/wp-content\/uploads\/2025\/05\/Essayez-la-marche-japonaise-si-vous-detestez-courir.jpg\",\"datePublished\":\"2025-05-22T12:19:48+00:00\",\"dateModified\":\"2025-05-22T12:19:48+00:00\",\"breadcrumb\":{\"@id\":\"https:\/\/vieassociative.be\/actualites\/essayez-la-marche-japonaise-si-vous-detestez-courir\/#breadcrumb\"},\"inLanguage\":\"fr-BE\",\"potentialAction\":[{\"@type\":\"ReadAction\",\"target\":[\"https:\/\/vieassociative.be\/actualites\/essayez-la-marche-japonaise-si-vous-detestez-courir\/\"]}]},{\"@type\":\"ImageObject\",\"inLanguage\":\"fr-BE\",\"@id\":\"https:\/\/vieassociative.be\/actualites\/essayez-la-marche-japonaise-si-vous-detestez-courir\/#primaryimage\",\"url\":\"https:\/\/vieassociative.be\/actualites\/wp-content\/uploads\/2025\/05\/Essayez-la-marche-japonaise-si-vous-detestez-courir.jpg\",\"contentUrl\":\"https:\/\/vieassociative.be\/actualites\/wp-content\/uploads\/2025\/05\/Essayez-la-marche-japonaise-si-vous-detestez-courir.jpg\",\"width\":1200,\"height\":675,\"caption\":\"Essayez la \u00abmarche japonaise\u00bb si vous d\u00e9testez courir\"},{\"@type\":\"BreadcrumbList\",\"@id\":\"https:\/\/vieassociative.be\/actualites\/essayez-la-marche-japonaise-si-vous-detestez-courir\/#breadcrumb\",\"itemListElement\":[{\"@type\":\"ListItem\",\"position\":1,\"name\":\"Accueil\",\"item\":\"https:\/\/vieassociative.be\/actualites\/\"},{\"@type\":\"ListItem\",\"position\":2,\"name\":\"Essayez la \u00abmarche japonaise\u00bb si vous d\u00e9testez courir\"}]},{\"@type\":\"WebSite\",\"@id\":\"https:\/\/vieassociative.be\/actualites\/#website\",\"url\":\"https:\/\/vieassociative.be\/actualites\/\",\"name\":\"Vie Associative\",\"description\":\"\",\"publisher\":{\"@id\":\"https:\/\/vieassociative.be\/actualites\/#organization\"},\"potentialAction\":[{\"@type\":\"SearchAction\",\"target\":{\"@type\":\"EntryPoint\",\"urlTemplate\":\"https:\/\/vieassociative.be\/actualites\/?s={search_term_string}\"},\"query-input\":{\"@type\":\"PropertyValueSpecification\",\"valueRequired\":true,\"valueName\":\"search_term_string\"}}],\"inLanguage\":\"fr-BE\"},{\"@type\":\"Organization\",\"@id\":\"https:\/\/vieassociative.be\/actualites\/#organization\",\"name\":\"Vie Associative\",\"url\":\"https:\/\/vieassociative.be\/actualites\/\",\"logo\":{\"@type\":\"ImageObject\",\"inLanguage\":\"fr-BE\",\"@id\":\"https:\/\/vieassociative.be\/actualites\/#\/schema\/logo\/image\/\",\"url\":\"https:\/\/vieassociative.be\/actualites\/wp-content\/uploads\/2024\/09\/cropped-vieassociative_favicon.ico.png\",\"contentUrl\":\"https:\/\/vieassociative.be\/actualites\/wp-content\/uploads\/2024\/09\/cropped-vieassociative_favicon.ico.png\",\"width\":512,\"height\":512,\"caption\":\"Vie Associative\"},\"image\":{\"@id\":\"https:\/\/vieassociative.be\/actualites\/#\/schema\/logo\/image\/\"}},{\"@type\":\"Person\",\"@id\":\"https:\/\/vieassociative.be\/actualites\/#\/schema\/person\/b87ac4f82f9d4e7b7cec7395b679edc4\",\"name\":\"Julien\",\"image\":{\"@type\":\"ImageObject\",\"inLanguage\":\"fr-BE\",\"@id\":\"https:\/\/vieassociative.be\/actualites\/#\/schema\/person\/image\/\",\"url\":\"https:\/\/vieassociative.be\/actualites\/wp-content\/uploads\/2024\/09\/vie-associative-1-150x150.jpg\",\"contentUrl\":\"https:\/\/vieassociative.be\/actualites\/wp-content\/uploads\/2024\/09\/vie-associative-1-150x150.jpg\",\"caption\":\"Julien\"},\"description\":\"Je suis Julien, r\u00e9dacteur pour Vie Associative. Passionn\u00e9 par le monde associatif depuis plus de 10 ans, j'ai \u00e0 c\u0153ur de partager des histoires inspirantes et de mettre en lumi\u00e8re les initiatives locales. Mon objectif est de sensibiliser et d'encourager l'engagement communautaire \u00e0 travers mes articles.\",\"sameAs\":[\"https:\/\/vieassociative.be\/\"]}]}<\/script>\n<!-- \/ Yoast SEO plugin. -->","yoast_head_json":{"title":"Essayez la \u00abmarche japonaise\u00bb si vous d\u00e9testez courir | Vie Associative","robots":{"index":"index","follow":"follow","max-snippet":"max-snippet:-1","max-image-preview":"max-image-preview:large","max-video-preview":"max-video-preview:-1"},"canonical":"https:\/\/vieassociative.be\/actualites\/essayez-la-marche-japonaise-si-vous-detestez-courir\/","og_locale":"fr_FR","og_type":"article","og_title":"Essayez la \u00abmarche japonaise\u00bb si vous d\u00e9testez courir | Vie Associative","og_description":"La marche d&rsquo;intervalle est le nouveau HIIT. Si vous trouvez la course \u00e0 l&rsquo;intimidation, sachez qu&rsquo;il existe un autre moyen d&rsquo;obtenir de l&rsquo;air frais tout","og_url":"https:\/\/vieassociative.be\/actualites\/essayez-la-marche-japonaise-si-vous-detestez-courir\/","og_site_name":"Vie Associative","article_published_time":"2025-05-22T12:19:48+00:00","og_image":[{"width":279,"height":92,"url":"https:\/\/vieassociative.be\/actualites\/wp-content\/uploads\/2024\/09\/header_backgroundk-01-e1726694325946.png","type":"image\/png"}],"author":"Julien","twitter_card":"summary_large_image","twitter_misc":{"\u00c9crit par":"Julien","Dur\u00e9e de lecture est.":"3 minutes"},"schema":{"@context":"https:\/\/schema.org","@graph":[{"@type":"Article","@id":"https:\/\/vieassociative.be\/actualites\/essayez-la-marche-japonaise-si-vous-detestez-courir\/#article","isPartOf":{"@id":"https:\/\/vieassociative.be\/actualites\/essayez-la-marche-japonaise-si-vous-detestez-courir\/"},"author":{"name":"Julien","@id":"https:\/\/vieassociative.be\/actualites\/#\/schema\/person\/b87ac4f82f9d4e7b7cec7395b679edc4"},"headline":"Essayez la \u00abmarche japonaise\u00bb si vous d\u00e9testez courir","datePublished":"2025-05-22T12:19:48+00:00","dateModified":"2025-05-22T12:19:48+00:00","mainEntityOfPage":{"@id":"https:\/\/vieassociative.be\/actualites\/essayez-la-marche-japonaise-si-vous-detestez-courir\/"},"wordCount":725,"publisher":{"@id":"https:\/\/vieassociative.be\/actualites\/#organization"},"image":{"@id":"https:\/\/vieassociative.be\/actualites\/essayez-la-marche-japonaise-si-vous-detestez-courir\/#primaryimage"},"thumbnailUrl":"https:\/\/vieassociative.be\/actualites\/wp-content\/uploads\/2025\/05\/Essayez-la-marche-japonaise-si-vous-detestez-courir.jpg","keywords":["courir","d\u00e9testez","Essayez","Japonaise","march\u00e9","Vous"],"articleSection":["Sant\u00e9"],"inLanguage":"fr-BE"},{"@type":"WebPage","@id":"https:\/\/vieassociative.be\/actualites\/essayez-la-marche-japonaise-si-vous-detestez-courir\/","url":"https:\/\/vieassociative.be\/actualites\/essayez-la-marche-japonaise-si-vous-detestez-courir\/","name":"Essayez la \u00abmarche japonaise\u00bb si vous d\u00e9testez courir | Vie Associative","isPartOf":{"@id":"https:\/\/vieassociative.be\/actualites\/#website"},"primaryImageOfPage":{"@id":"https:\/\/vieassociative.be\/actualites\/essayez-la-marche-japonaise-si-vous-detestez-courir\/#primaryimage"},"image":{"@id":"https:\/\/vieassociative.be\/actualites\/essayez-la-marche-japonaise-si-vous-detestez-courir\/#primaryimage"},"thumbnailUrl":"https:\/\/vieassociative.be\/actualites\/wp-content\/uploads\/2025\/05\/Essayez-la-marche-japonaise-si-vous-detestez-courir.jpg","datePublished":"2025-05-22T12:19:48+00:00","dateModified":"2025-05-22T12:19:48+00:00","breadcrumb":{"@id":"https:\/\/vieassociative.be\/actualites\/essayez-la-marche-japonaise-si-vous-detestez-courir\/#breadcrumb"},"inLanguage":"fr-BE","potentialAction":[{"@type":"ReadAction","target":["https:\/\/vieassociative.be\/actualites\/essayez-la-marche-japonaise-si-vous-detestez-courir\/"]}]},{"@type":"ImageObject","inLanguage":"fr-BE","@id":"https:\/\/vieassociative.be\/actualites\/essayez-la-marche-japonaise-si-vous-detestez-courir\/#primaryimage","url":"https:\/\/vieassociative.be\/actualites\/wp-content\/uploads\/2025\/05\/Essayez-la-marche-japonaise-si-vous-detestez-courir.jpg","contentUrl":"https:\/\/vieassociative.be\/actualites\/wp-content\/uploads\/2025\/05\/Essayez-la-marche-japonaise-si-vous-detestez-courir.jpg","width":1200,"height":675,"caption":"Essayez la \u00abmarche japonaise\u00bb si vous d\u00e9testez courir"},{"@type":"BreadcrumbList","@id":"https:\/\/vieassociative.be\/actualites\/essayez-la-marche-japonaise-si-vous-detestez-courir\/#breadcrumb","itemListElement":[{"@type":"ListItem","position":1,"name":"Accueil","item":"https:\/\/vieassociative.be\/actualites\/"},{"@type":"ListItem","position":2,"name":"Essayez la \u00abmarche japonaise\u00bb si vous d\u00e9testez courir"}]},{"@type":"WebSite","@id":"https:\/\/vieassociative.be\/actualites\/#website","url":"https:\/\/vieassociative.be\/actualites\/","name":"Vie Associative","description":"","publisher":{"@id":"https:\/\/vieassociative.be\/actualites\/#organization"},"potentialAction":[{"@type":"SearchAction","target":{"@type":"EntryPoint","urlTemplate":"https:\/\/vieassociative.be\/actualites\/?s={search_term_string}"},"query-input":{"@type":"PropertyValueSpecification","valueRequired":true,"valueName":"search_term_string"}}],"inLanguage":"fr-BE"},{"@type":"Organization","@id":"https:\/\/vieassociative.be\/actualites\/#organization","name":"Vie Associative","url":"https:\/\/vieassociative.be\/actualites\/","logo":{"@type":"ImageObject","inLanguage":"fr-BE","@id":"https:\/\/vieassociative.be\/actualites\/#\/schema\/logo\/image\/","url":"https:\/\/vieassociative.be\/actualites\/wp-content\/uploads\/2024\/09\/cropped-vieassociative_favicon.ico.png","contentUrl":"https:\/\/vieassociative.be\/actualites\/wp-content\/uploads\/2024\/09\/cropped-vieassociative_favicon.ico.png","width":512,"height":512,"caption":"Vie Associative"},"image":{"@id":"https:\/\/vieassociative.be\/actualites\/#\/schema\/logo\/image\/"}},{"@type":"Person","@id":"https:\/\/vieassociative.be\/actualites\/#\/schema\/person\/b87ac4f82f9d4e7b7cec7395b679edc4","name":"Julien","image":{"@type":"ImageObject","inLanguage":"fr-BE","@id":"https:\/\/vieassociative.be\/actualites\/#\/schema\/person\/image\/","url":"https:\/\/vieassociative.be\/actualites\/wp-content\/uploads\/2024\/09\/vie-associative-1-150x150.jpg","contentUrl":"https:\/\/vieassociative.be\/actualites\/wp-content\/uploads\/2024\/09\/vie-associative-1-150x150.jpg","caption":"Julien"},"description":"Je suis Julien, r\u00e9dacteur pour Vie Associative. Passionn\u00e9 par le monde associatif depuis plus de 10 ans, j'ai \u00e0 c\u0153ur de partager des histoires inspirantes et de mettre en lumi\u00e8re les initiatives locales. Mon objectif est de sensibiliser et d'encourager l'engagement communautaire \u00e0 travers mes articles.","sameAs":["https:\/\/vieassociative.be\/"]}]}},"_links":{"self":[{"href":"https:\/\/vieassociative.be\/actualites\/wp-json\/wp\/v2\/posts\/7707"}],"collection":[{"href":"https:\/\/vieassociative.be\/actualites\/wp-json\/wp\/v2\/posts"}],"about":[{"href":"https:\/\/vieassociative.be\/actualites\/wp-json\/wp\/v2\/types\/post"}],"author":[{"embeddable":true,"href":"https:\/\/vieassociative.be\/actualites\/wp-json\/wp\/v2\/users\/1"}],"replies":[{"embeddable":true,"href":"https:\/\/vieassociative.be\/actualites\/wp-json\/wp\/v2\/comments?post=7707"}],"version-history":[{"count":0,"href":"https:\/\/vieassociative.be\/actualites\/wp-json\/wp\/v2\/posts\/7707\/revisions"}],"wp:featuredmedia":[{"embeddable":true,"href":"https:\/\/vieassociative.be\/actualites\/wp-json\/wp\/v2\/media\/7708"}],"wp:attachment":[{"href":"https:\/\/vieassociative.be\/actualites\/wp-json\/wp\/v2\/media?parent=7707"}],"wp:term":[{"taxonomy":"category","embeddable":true,"href":"https:\/\/vieassociative.be\/actualites\/wp-json\/wp\/v2\/categories?post=7707"},{"taxonomy":"post_tag","embeddable":true,"href":"https:\/\/vieassociative.be\/actualites\/wp-json\/wp\/v2\/tags?post=7707"}],"curies":[{"name":"wp","href":"https:\/\/api.w.org\/{rel}","templated":true}]}}