{"id":7703,"date":"2025-05-22T10:17:24","date_gmt":"2025-05-22T08:17:24","guid":{"rendered":"https:\/\/vieassociative.be\/actualites\/pensions-remuneration-de-vacances-bonus-dadieu-cammer-frappe-un-certain-nombre-de-privileges-pour-les-parlementaires\/"},"modified":"2025-05-22T10:17:24","modified_gmt":"2025-05-22T08:17:24","slug":"pensions-remuneration-de-vacances-bonus-dadieu-cammer-frappe-un-certain-nombre-de-privileges-pour-les-parlementaires","status":"publish","type":"post","link":"https:\/\/vieassociative.be\/actualites\/pensions-remuneration-de-vacances-bonus-dadieu-cammer-frappe-un-certain-nombre-de-privileges-pour-les-parlementaires\/","title":{"rendered":"Pensions, r\u00e9mun\u00e9ration de vacances, bonus d&rsquo;adieu: Cammer frappe un certain nombre de privil\u00e8ges pour les parlementaires"},"content":{"rendered":"<p><strong>En Belgique, les parlementaires sont souvent accus\u00e9s de b\u00e9n\u00e9ficier de privil\u00e8ges qui ne sont plus \u00e0 jour en 2025, dans la mesure o\u00f9 ils l&rsquo;\u00e9taient. Cela devrait \u00eatre termin\u00e9 maintenant.<\/strong><\/p>\n<p><span id=\"more-415985\"><\/span>Le pr\u00e9sidium de la Chambre du d\u00e9put\u00e9 a approuv\u00e9 mercredi une s\u00e9rie d&rsquo;avantages pour les d\u00e9put\u00e9s \u00e9lus. Les privil\u00e8ges dans le domaine des maisons d&rsquo;h\u00f4tes, de la r\u00e9mun\u00e9ration des vacances et des indemnit\u00e9s de d\u00e9part doivent \u00eatre prises sous la loupe.<\/p>\n<p>Le d\u00e9senchantement croissant \u00e0 l&rsquo;\u00e9gard de la politique et le renforcement des partis populistes \u00e0 droite, qui remettent de plus en plus le syst\u00e8me d\u00e9mocratique et se r\u00e9f\u00e8rent souvent aux privil\u00e8ges des parlementaires, peut \u00e9galement avoir incit\u00e9 les partis \u00e9tablis \u00e0 r\u00e9viser le statut des parlementaires et \u00e0 les priver de tout un \u00e9ventail de privil\u00e8ges.<\/p>\n<div id=\"attachment_398679\" class=\"wp-caption alignleft\" style=\"max-width: 300px\"><img fetchpriority=\"high\" decoding=\"async\" class=\"wp-image-398679 size-medium\" src=\"https:\/\/vieassociative.be\/actualites\/wp-content\/uploads\/2025\/05\/1747405137_84_La-Belgique-se-deshabille-de-lenergie-nucleaire-Luc-Frank.jpg\" alt=\"\" width=\"300\" height=\"200\"><\/p>\n<p class=\"wp-caption-text\">07\/10\/2024, Belgique, Bruxelles: Luc Frank en tant que seul membre de la Chambre Ostbelgic de l&rsquo;Est Belgique. Photo: Belga<\/p>\n<\/div>\n<p>Les pensions sont actuellement calcul\u00e9es sur la base de la derni\u00e8re ann\u00e9e de travail, c&rsquo;est-\u00e0-dire l&rsquo;ann\u00e9e avec le contenu le plus \u00e9lev\u00e9. Au lieu de cela, la coalition \u00ab\u00a0Arizona\u00a0\u00bb veut prendre en compte les dix derni\u00e8res ann\u00e9es. Les maisons d&rsquo;h\u00f4tes des parlementaires devraient \u00eatre index\u00e9es comme celles des fonctionnaires.<\/p>\n<p>La compensation pour les parlementaires excr\u00e9tissants, appel\u00e9s primes d&rsquo;adieu, est \u00e9galement limit\u00e9e. Ce sont des aides aux d\u00e9put\u00e9s qui n&rsquo;ont pas \u00e9t\u00e9 \u00e9lus. Vous ne devez pas prolonger plus d&rsquo;un an. En outre, les suppl\u00e9ments de fonctions sp\u00e9ciales, tels que B. celle du pr\u00e9sident du comit\u00e9, seulement accord\u00e9 apr\u00e8s la pr\u00e9sence.<\/p>\n<p>L&rsquo;opposition soutient la majorit\u00e9 dans leurs suggestions, mais regrette que ces mesures ne vont pas plus loin. \u00ab\u00a0Les choses bougent, et c&rsquo;est une bonne chose, mais vous devez dire la v\u00e9rit\u00e9: contrairement aux mortels normaux, les politiciens continueront de vivre dans une bulle\u00a0\u00bb, se plaint de Sofie Merckx, chef du groupe parlementaire de gauche dans la chambre.<\/p>\n<div id=\"attachment_345625\" class=\"wp-caption alignleft\" style=\"max-width: 300px\"><img decoding=\"async\" class=\"wp-image-345625 size-medium\" src=\"https:\/\/vieassociative.be\/actualites\/wp-content\/uploads\/2025\/05\/Pensions-remuneration-de-vacances-bonus-dadieu-Cammer-frappe-un-certain.jpeg\" alt=\"\" width=\"300\" height=\"200\"  ><\/p>\n<p class=\"wp-caption-text\">Le palais de la nation \u00e0 Bruxelles, quartier g\u00e9n\u00e9ral de la Chambre du d\u00e9put\u00e9 et du S\u00e9nat. Photo: Shutterstock<\/p>\n<\/div>\n<p>\u00ab\u00a0Ce qui ne changera pas, c&rsquo;est la r\u00e9mun\u00e9ration des d\u00e9put\u00e9s. La r\u00e9mun\u00e9ration parlementaire est actuellement \u00e0 pr\u00e8s de 9 000 euros brutes par mois. Le taux forfaitaire impos\u00e9 de 2 650 euros par mois n&rsquo;est pas touch\u00e9. Ce sont des co\u00fbts qui ne doivent pas \u00eatre sp\u00e9cifi\u00e9s\u00a0\u00bb, a d\u00e9clar\u00e9 le MP PTB.<\/p>\n<\/p>\n<div id=\"attachment_297533\" class=\"wp-caption alignnone\" style=\"max-width: 300px\"><img decoding=\"async\" src=\"https:\/\/vieassociative.be\/actualites\/wp-content\/uploads\/2025\/05\/1747901844_499_Pensions-remuneration-de-vacances-bonus-dadieu-Cammer-frappe-un-certain.jpeg\" alt=\"\" width=\"300\" height=\"188\" class=\"size-medium wp-image-297533\"  ><\/p>\n<p class=\"wp-caption-text\">Le gouverneur de la province de Li\u00e8ge, Herv\u00e9 Jamar (L), et le Premier ministre DG Oliver Paasch (R) le 17 juillet 2021 lors d&rsquo;une visite de l&rsquo;UPEN UnterStadt apr\u00e8s la catastrophe des inondations. Photo: OD<\/p>\n<\/div>\n<p>\u00ab\u00a0De plus, le syst\u00e8me de paiement des indemnit\u00e9s est conserv\u00e9. Les politiciens peuvent continuer \u00e0 recevoir jusqu&rsquo;\u00e0 125 000 euros apr\u00e8s un mandat. Peu importe qu&rsquo;ils aient un nouvel emploi ou non. Quel employ\u00e9 normal peut profiter d&rsquo;un tel privil\u00e8ge? Il n&rsquo;y a qu&rsquo;une seule solution pour nous. Les politiciens doivent recevoir le statut d&rsquo;un employ\u00e9 normal. Apr\u00e8s leur mandat, ils peuvent alors nous demander un avantage \u00e0 l&#8217;emploi si n\u00e9cessaire\u00a0\u00bb, a d\u00e9clar\u00e9 Merckx.<\/p>\n<p>Les mesures prises mercredi doivent \u00eatre v\u00e9rifi\u00e9es par un avis juridique. Vous pourriez entrer en vigueur en janvier 2026. <\/p>\n<p>En raison d&rsquo;un certain nombre de privil\u00e8ges, le gouverneur provincial de Li\u00e8ge, Herv\u00e9 Jamar, est \u00e9galement critiqu\u00e9 ces jours-ci, qui aimerait aller \u00e0 la retraite anticip\u00e9e \u00e0 60 ans, bien qu&rsquo;\u00e0 l&rsquo;avenir le citoyen normal d&rsquo;Otto jusqu&rsquo;\u00e0 67 ans ou m\u00eame clairsem\u00e9 quittera leur vie professionnelle.<\/p>\n<p>\u00c0 la demande des informations RTL, Herv\u00e9 Jamar a expliqu\u00e9 dans toute ouverture qu&rsquo;il recevrait environ 2 900 euros net par mois jusqu&rsquo;\u00e0 l&rsquo;\u00e2ge de 63 ans, apr\u00e8s quoi il avait droit \u00e0 une pension d&rsquo;environ 4 000 euros nette. Il a \u00e9galement expliqu\u00e9 qu&rsquo;il ne recevrait aucun paiement de d\u00e9part et qu&rsquo;en raison de ses anciens bureaux en tant que ministre et parlementaire, il a droit \u00e0 une retraite pr\u00e9matur\u00e9e depuis plus de 15 ans. (Cre)<\/p>\n","protected":false},"excerpt":{"rendered":"<p>En Belgique, les parlementaires sont souvent accus\u00e9s de b\u00e9n\u00e9ficier de privil\u00e8ges qui ne sont plus \u00e0 jour en 2025, dans la mesure o\u00f9 ils l&rsquo;\u00e9taient.<\/p>\n","protected":false},"author":1,"featured_media":7704,"comment_status":"","ping_status":"","sticky":false,"template":"","format":"standard","meta":{"footnotes":""},"categories":[298],"tags":[7106,7107,3614,4403,14,1695,3575,7104,81,7108,7105,561],"class_list":["post-7703","post","type-post","status-publish","format-standard","has-post-thumbnail","hentry","category-belgique","tag-bonus","tag-cammer","tag-dadieu","tag-frappe","tag-les","tag-nombre","tag-parlementaires","tag-pensions","tag-pour","tag-privileges","tag-remuneration","tag-vacances","generate-columns","tablet-grid-50","mobile-grid-100","grid-parent","grid-33"],"yoast_head":"<!-- This site is optimized with the Yoast SEO plugin v24.0 - https:\/\/yoast.com\/wordpress\/plugins\/seo\/ -->\n<title>Pensions, r\u00e9mun\u00e9ration de vacances, bonus d&#039;adieu: Cammer frappe un certain nombre de privil\u00e8ges pour les parlementaires | Vie Associative<\/title>\n<meta name=\"robots\" content=\"index, follow, max-snippet:-1, max-image-preview:large, max-video-preview:-1\" \/>\n<link rel=\"canonical\" href=\"https:\/\/vieassociative.be\/actualites\/pensions-remuneration-de-vacances-bonus-dadieu-cammer-frappe-un-certain-nombre-de-privileges-pour-les-parlementaires\/\" \/>\n<meta property=\"og:locale\" content=\"fr_FR\" \/>\n<meta property=\"og:type\" content=\"article\" \/>\n<meta property=\"og:title\" content=\"Pensions, r\u00e9mun\u00e9ration de vacances, bonus d&#039;adieu: Cammer frappe un certain nombre de privil\u00e8ges pour les parlementaires | Vie Associative\" \/>\n<meta property=\"og:description\" content=\"En Belgique, les parlementaires sont souvent accus\u00e9s de b\u00e9n\u00e9ficier de privil\u00e8ges qui ne sont plus \u00e0 jour en 2025, dans la mesure o\u00f9 ils l&rsquo;\u00e9taient.\" \/>\n<meta property=\"og:url\" content=\"https:\/\/vieassociative.be\/actualites\/pensions-remuneration-de-vacances-bonus-dadieu-cammer-frappe-un-certain-nombre-de-privileges-pour-les-parlementaires\/\" \/>\n<meta property=\"og:site_name\" content=\"Vie Associative\" \/>\n<meta property=\"article:published_time\" content=\"2025-05-22T08:17:24+00:00\" \/>\n<meta property=\"og:image\" content=\"https:\/\/vieassociative.be\/actualites\/wp-content\/uploads\/2024\/09\/header_backgroundk-01-e1726694325946.png\" \/>\n\t<meta property=\"og:image:width\" content=\"279\" \/>\n\t<meta property=\"og:image:height\" content=\"92\" \/>\n\t<meta property=\"og:image:type\" content=\"image\/png\" \/>\n<meta name=\"author\" content=\"Julien\" \/>\n<meta name=\"twitter:card\" content=\"summary_large_image\" \/>\n<meta name=\"twitter:label1\" content=\"\u00c9crit par\" \/>\n\t<meta name=\"twitter:data1\" content=\"Julien\" \/>\n\t<meta name=\"twitter:label2\" content=\"Dur\u00e9e de lecture est.\" \/>\n\t<meta name=\"twitter:data2\" content=\"3 minutes\" \/>\n<script type=\"application\/ld+json\" class=\"yoast-schema-graph\">{\"@context\":\"https:\/\/schema.org\",\"@graph\":[{\"@type\":\"Article\",\"@id\":\"https:\/\/vieassociative.be\/actualites\/pensions-remuneration-de-vacances-bonus-dadieu-cammer-frappe-un-certain-nombre-de-privileges-pour-les-parlementaires\/#article\",\"isPartOf\":{\"@id\":\"https:\/\/vieassociative.be\/actualites\/pensions-remuneration-de-vacances-bonus-dadieu-cammer-frappe-un-certain-nombre-de-privileges-pour-les-parlementaires\/\"},\"author\":{\"name\":\"Julien\",\"@id\":\"https:\/\/vieassociative.be\/actualites\/#\/schema\/person\/b87ac4f82f9d4e7b7cec7395b679edc4\"},\"headline\":\"Pensions, r\u00e9mun\u00e9ration de vacances, bonus d&rsquo;adieu: Cammer frappe un certain nombre de privil\u00e8ges pour les parlementaires\",\"datePublished\":\"2025-05-22T08:17:24+00:00\",\"dateModified\":\"2025-05-22T08:17:24+00:00\",\"mainEntityOfPage\":{\"@id\":\"https:\/\/vieassociative.be\/actualites\/pensions-remuneration-de-vacances-bonus-dadieu-cammer-frappe-un-certain-nombre-de-privileges-pour-les-parlementaires\/\"},\"wordCount\":720,\"publisher\":{\"@id\":\"https:\/\/vieassociative.be\/actualites\/#organization\"},\"image\":{\"@id\":\"https:\/\/vieassociative.be\/actualites\/pensions-remuneration-de-vacances-bonus-dadieu-cammer-frappe-un-certain-nombre-de-privileges-pour-les-parlementaires\/#primaryimage\"},\"thumbnailUrl\":\"https:\/\/vieassociative.be\/actualites\/wp-content\/uploads\/2025\/05\/1747901844_Pensions-remuneration-de-vacances-bonus-dadieu-Cammer-frappe-un-certain.jpeg\",\"keywords\":[\"bonus\",\"Cammer\",\"dadieu\",\"frappe\",\"Les\",\"nombre\",\"parlementaires\",\"Pensions\",\"pour\",\"privil\u00e8ges\",\"r\u00e9mun\u00e9ration\",\"vacances\"],\"articleSection\":[\"Belgique\"],\"inLanguage\":\"fr-BE\"},{\"@type\":\"WebPage\",\"@id\":\"https:\/\/vieassociative.be\/actualites\/pensions-remuneration-de-vacances-bonus-dadieu-cammer-frappe-un-certain-nombre-de-privileges-pour-les-parlementaires\/\",\"url\":\"https:\/\/vieassociative.be\/actualites\/pensions-remuneration-de-vacances-bonus-dadieu-cammer-frappe-un-certain-nombre-de-privileges-pour-les-parlementaires\/\",\"name\":\"Pensions, r\u00e9mun\u00e9ration de vacances, bonus d'adieu: Cammer frappe un certain nombre de privil\u00e8ges pour les parlementaires | Vie Associative\",\"isPartOf\":{\"@id\":\"https:\/\/vieassociative.be\/actualites\/#website\"},\"primaryImageOfPage\":{\"@id\":\"https:\/\/vieassociative.be\/actualites\/pensions-remuneration-de-vacances-bonus-dadieu-cammer-frappe-un-certain-nombre-de-privileges-pour-les-parlementaires\/#primaryimage\"},\"image\":{\"@id\":\"https:\/\/vieassociative.be\/actualites\/pensions-remuneration-de-vacances-bonus-dadieu-cammer-frappe-un-certain-nombre-de-privileges-pour-les-parlementaires\/#primaryimage\"},\"thumbnailUrl\":\"https:\/\/vieassociative.be\/actualites\/wp-content\/uploads\/2025\/05\/1747901844_Pensions-remuneration-de-vacances-bonus-dadieu-Cammer-frappe-un-certain.jpeg\",\"datePublished\":\"2025-05-22T08:17:24+00:00\",\"dateModified\":\"2025-05-22T08:17:24+00:00\",\"breadcrumb\":{\"@id\":\"https:\/\/vieassociative.be\/actualites\/pensions-remuneration-de-vacances-bonus-dadieu-cammer-frappe-un-certain-nombre-de-privileges-pour-les-parlementaires\/#breadcrumb\"},\"inLanguage\":\"fr-BE\",\"potentialAction\":[{\"@type\":\"ReadAction\",\"target\":[\"https:\/\/vieassociative.be\/actualites\/pensions-remuneration-de-vacances-bonus-dadieu-cammer-frappe-un-certain-nombre-de-privileges-pour-les-parlementaires\/\"]}]},{\"@type\":\"ImageObject\",\"inLanguage\":\"fr-BE\",\"@id\":\"https:\/\/vieassociative.be\/actualites\/pensions-remuneration-de-vacances-bonus-dadieu-cammer-frappe-un-certain-nombre-de-privileges-pour-les-parlementaires\/#primaryimage\",\"url\":\"https:\/\/vieassociative.be\/actualites\/wp-content\/uploads\/2025\/05\/1747901844_Pensions-remuneration-de-vacances-bonus-dadieu-Cammer-frappe-un-certain.jpeg\",\"contentUrl\":\"https:\/\/vieassociative.be\/actualites\/wp-content\/uploads\/2025\/05\/1747901844_Pensions-remuneration-de-vacances-bonus-dadieu-Cammer-frappe-un-certain.jpeg\",\"width\":1200,\"height\":800,\"caption\":\"Pensions, r\u00e9mun\u00e9ration de vacances, bonus d'adieu: Cammer frappe un certain nombre de privil\u00e8ges pour les parlementaires\"},{\"@type\":\"BreadcrumbList\",\"@id\":\"https:\/\/vieassociative.be\/actualites\/pensions-remuneration-de-vacances-bonus-dadieu-cammer-frappe-un-certain-nombre-de-privileges-pour-les-parlementaires\/#breadcrumb\",\"itemListElement\":[{\"@type\":\"ListItem\",\"position\":1,\"name\":\"Accueil\",\"item\":\"https:\/\/vieassociative.be\/actualites\/\"},{\"@type\":\"ListItem\",\"position\":2,\"name\":\"Pensions, r\u00e9mun\u00e9ration de vacances, bonus d&rsquo;adieu: Cammer frappe un certain nombre de privil\u00e8ges pour les parlementaires\"}]},{\"@type\":\"WebSite\",\"@id\":\"https:\/\/vieassociative.be\/actualites\/#website\",\"url\":\"https:\/\/vieassociative.be\/actualites\/\",\"name\":\"Vie Associative\",\"description\":\"\",\"publisher\":{\"@id\":\"https:\/\/vieassociative.be\/actualites\/#organization\"},\"potentialAction\":[{\"@type\":\"SearchAction\",\"target\":{\"@type\":\"EntryPoint\",\"urlTemplate\":\"https:\/\/vieassociative.be\/actualites\/?s={search_term_string}\"},\"query-input\":{\"@type\":\"PropertyValueSpecification\",\"valueRequired\":true,\"valueName\":\"search_term_string\"}}],\"inLanguage\":\"fr-BE\"},{\"@type\":\"Organization\",\"@id\":\"https:\/\/vieassociative.be\/actualites\/#organization\",\"name\":\"Vie Associative\",\"url\":\"https:\/\/vieassociative.be\/actualites\/\",\"logo\":{\"@type\":\"ImageObject\",\"inLanguage\":\"fr-BE\",\"@id\":\"https:\/\/vieassociative.be\/actualites\/#\/schema\/logo\/image\/\",\"url\":\"https:\/\/vieassociative.be\/actualites\/wp-content\/uploads\/2024\/09\/cropped-vieassociative_favicon.ico.png\",\"contentUrl\":\"https:\/\/vieassociative.be\/actualites\/wp-content\/uploads\/2024\/09\/cropped-vieassociative_favicon.ico.png\",\"width\":512,\"height\":512,\"caption\":\"Vie Associative\"},\"image\":{\"@id\":\"https:\/\/vieassociative.be\/actualites\/#\/schema\/logo\/image\/\"}},{\"@type\":\"Person\",\"@id\":\"https:\/\/vieassociative.be\/actualites\/#\/schema\/person\/b87ac4f82f9d4e7b7cec7395b679edc4\",\"name\":\"Julien\",\"image\":{\"@type\":\"ImageObject\",\"inLanguage\":\"fr-BE\",\"@id\":\"https:\/\/vieassociative.be\/actualites\/#\/schema\/person\/image\/\",\"url\":\"https:\/\/vieassociative.be\/actualites\/wp-content\/uploads\/2024\/09\/vie-associative-1-150x150.jpg\",\"contentUrl\":\"https:\/\/vieassociative.be\/actualites\/wp-content\/uploads\/2024\/09\/vie-associative-1-150x150.jpg\",\"caption\":\"Julien\"},\"description\":\"Je suis Julien, r\u00e9dacteur pour Vie Associative. Passionn\u00e9 par le monde associatif depuis plus de 10 ans, j'ai \u00e0 c\u0153ur de partager des histoires inspirantes et de mettre en lumi\u00e8re les initiatives locales. Mon objectif est de sensibiliser et d'encourager l'engagement communautaire \u00e0 travers mes articles.\",\"sameAs\":[\"https:\/\/vieassociative.be\/\"]}]}<\/script>\n<!-- \/ Yoast SEO plugin. -->","yoast_head_json":{"title":"Pensions, r\u00e9mun\u00e9ration de vacances, bonus d'adieu: Cammer frappe un certain nombre de privil\u00e8ges pour les parlementaires | Vie Associative","robots":{"index":"index","follow":"follow","max-snippet":"max-snippet:-1","max-image-preview":"max-image-preview:large","max-video-preview":"max-video-preview:-1"},"canonical":"https:\/\/vieassociative.be\/actualites\/pensions-remuneration-de-vacances-bonus-dadieu-cammer-frappe-un-certain-nombre-de-privileges-pour-les-parlementaires\/","og_locale":"fr_FR","og_type":"article","og_title":"Pensions, r\u00e9mun\u00e9ration de vacances, bonus d'adieu: Cammer frappe un certain nombre de privil\u00e8ges pour les parlementaires | Vie Associative","og_description":"En Belgique, les parlementaires sont souvent accus\u00e9s de b\u00e9n\u00e9ficier de privil\u00e8ges qui ne sont plus \u00e0 jour en 2025, dans la mesure o\u00f9 ils l&rsquo;\u00e9taient.","og_url":"https:\/\/vieassociative.be\/actualites\/pensions-remuneration-de-vacances-bonus-dadieu-cammer-frappe-un-certain-nombre-de-privileges-pour-les-parlementaires\/","og_site_name":"Vie Associative","article_published_time":"2025-05-22T08:17:24+00:00","og_image":[{"width":279,"height":92,"url":"https:\/\/vieassociative.be\/actualites\/wp-content\/uploads\/2024\/09\/header_backgroundk-01-e1726694325946.png","type":"image\/png"}],"author":"Julien","twitter_card":"summary_large_image","twitter_misc":{"\u00c9crit par":"Julien","Dur\u00e9e de lecture est.":"3 minutes"},"schema":{"@context":"https:\/\/schema.org","@graph":[{"@type":"Article","@id":"https:\/\/vieassociative.be\/actualites\/pensions-remuneration-de-vacances-bonus-dadieu-cammer-frappe-un-certain-nombre-de-privileges-pour-les-parlementaires\/#article","isPartOf":{"@id":"https:\/\/vieassociative.be\/actualites\/pensions-remuneration-de-vacances-bonus-dadieu-cammer-frappe-un-certain-nombre-de-privileges-pour-les-parlementaires\/"},"author":{"name":"Julien","@id":"https:\/\/vieassociative.be\/actualites\/#\/schema\/person\/b87ac4f82f9d4e7b7cec7395b679edc4"},"headline":"Pensions, r\u00e9mun\u00e9ration de vacances, bonus d&rsquo;adieu: Cammer frappe un certain nombre de privil\u00e8ges pour les parlementaires","datePublished":"2025-05-22T08:17:24+00:00","dateModified":"2025-05-22T08:17:24+00:00","mainEntityOfPage":{"@id":"https:\/\/vieassociative.be\/actualites\/pensions-remuneration-de-vacances-bonus-dadieu-cammer-frappe-un-certain-nombre-de-privileges-pour-les-parlementaires\/"},"wordCount":720,"publisher":{"@id":"https:\/\/vieassociative.be\/actualites\/#organization"},"image":{"@id":"https:\/\/vieassociative.be\/actualites\/pensions-remuneration-de-vacances-bonus-dadieu-cammer-frappe-un-certain-nombre-de-privileges-pour-les-parlementaires\/#primaryimage"},"thumbnailUrl":"https:\/\/vieassociative.be\/actualites\/wp-content\/uploads\/2025\/05\/1747901844_Pensions-remuneration-de-vacances-bonus-dadieu-Cammer-frappe-un-certain.jpeg","keywords":["bonus","Cammer","dadieu","frappe","Les","nombre","parlementaires","Pensions","pour","privil\u00e8ges","r\u00e9mun\u00e9ration","vacances"],"articleSection":["Belgique"],"inLanguage":"fr-BE"},{"@type":"WebPage","@id":"https:\/\/vieassociative.be\/actualites\/pensions-remuneration-de-vacances-bonus-dadieu-cammer-frappe-un-certain-nombre-de-privileges-pour-les-parlementaires\/","url":"https:\/\/vieassociative.be\/actualites\/pensions-remuneration-de-vacances-bonus-dadieu-cammer-frappe-un-certain-nombre-de-privileges-pour-les-parlementaires\/","name":"Pensions, r\u00e9mun\u00e9ration de vacances, bonus d'adieu: Cammer frappe un certain nombre de privil\u00e8ges pour les parlementaires | Vie Associative","isPartOf":{"@id":"https:\/\/vieassociative.be\/actualites\/#website"},"primaryImageOfPage":{"@id":"https:\/\/vieassociative.be\/actualites\/pensions-remuneration-de-vacances-bonus-dadieu-cammer-frappe-un-certain-nombre-de-privileges-pour-les-parlementaires\/#primaryimage"},"image":{"@id":"https:\/\/vieassociative.be\/actualites\/pensions-remuneration-de-vacances-bonus-dadieu-cammer-frappe-un-certain-nombre-de-privileges-pour-les-parlementaires\/#primaryimage"},"thumbnailUrl":"https:\/\/vieassociative.be\/actualites\/wp-content\/uploads\/2025\/05\/1747901844_Pensions-remuneration-de-vacances-bonus-dadieu-Cammer-frappe-un-certain.jpeg","datePublished":"2025-05-22T08:17:24+00:00","dateModified":"2025-05-22T08:17:24+00:00","breadcrumb":{"@id":"https:\/\/vieassociative.be\/actualites\/pensions-remuneration-de-vacances-bonus-dadieu-cammer-frappe-un-certain-nombre-de-privileges-pour-les-parlementaires\/#breadcrumb"},"inLanguage":"fr-BE","potentialAction":[{"@type":"ReadAction","target":["https:\/\/vieassociative.be\/actualites\/pensions-remuneration-de-vacances-bonus-dadieu-cammer-frappe-un-certain-nombre-de-privileges-pour-les-parlementaires\/"]}]},{"@type":"ImageObject","inLanguage":"fr-BE","@id":"https:\/\/vieassociative.be\/actualites\/pensions-remuneration-de-vacances-bonus-dadieu-cammer-frappe-un-certain-nombre-de-privileges-pour-les-parlementaires\/#primaryimage","url":"https:\/\/vieassociative.be\/actualites\/wp-content\/uploads\/2025\/05\/1747901844_Pensions-remuneration-de-vacances-bonus-dadieu-Cammer-frappe-un-certain.jpeg","contentUrl":"https:\/\/vieassociative.be\/actualites\/wp-content\/uploads\/2025\/05\/1747901844_Pensions-remuneration-de-vacances-bonus-dadieu-Cammer-frappe-un-certain.jpeg","width":1200,"height":800,"caption":"Pensions, r\u00e9mun\u00e9ration de vacances, bonus d'adieu: Cammer frappe un certain nombre de privil\u00e8ges pour les parlementaires"},{"@type":"BreadcrumbList","@id":"https:\/\/vieassociative.be\/actualites\/pensions-remuneration-de-vacances-bonus-dadieu-cammer-frappe-un-certain-nombre-de-privileges-pour-les-parlementaires\/#breadcrumb","itemListElement":[{"@type":"ListItem","position":1,"name":"Accueil","item":"https:\/\/vieassociative.be\/actualites\/"},{"@type":"ListItem","position":2,"name":"Pensions, r\u00e9mun\u00e9ration de vacances, bonus d&rsquo;adieu: Cammer frappe un certain nombre de privil\u00e8ges pour les parlementaires"}]},{"@type":"WebSite","@id":"https:\/\/vieassociative.be\/actualites\/#website","url":"https:\/\/vieassociative.be\/actualites\/","name":"Vie Associative","description":"","publisher":{"@id":"https:\/\/vieassociative.be\/actualites\/#organization"},"potentialAction":[{"@type":"SearchAction","target":{"@type":"EntryPoint","urlTemplate":"https:\/\/vieassociative.be\/actualites\/?s={search_term_string}"},"query-input":{"@type":"PropertyValueSpecification","valueRequired":true,"valueName":"search_term_string"}}],"inLanguage":"fr-BE"},{"@type":"Organization","@id":"https:\/\/vieassociative.be\/actualites\/#organization","name":"Vie Associative","url":"https:\/\/vieassociative.be\/actualites\/","logo":{"@type":"ImageObject","inLanguage":"fr-BE","@id":"https:\/\/vieassociative.be\/actualites\/#\/schema\/logo\/image\/","url":"https:\/\/vieassociative.be\/actualites\/wp-content\/uploads\/2024\/09\/cropped-vieassociative_favicon.ico.png","contentUrl":"https:\/\/vieassociative.be\/actualites\/wp-content\/uploads\/2024\/09\/cropped-vieassociative_favicon.ico.png","width":512,"height":512,"caption":"Vie Associative"},"image":{"@id":"https:\/\/vieassociative.be\/actualites\/#\/schema\/logo\/image\/"}},{"@type":"Person","@id":"https:\/\/vieassociative.be\/actualites\/#\/schema\/person\/b87ac4f82f9d4e7b7cec7395b679edc4","name":"Julien","image":{"@type":"ImageObject","inLanguage":"fr-BE","@id":"https:\/\/vieassociative.be\/actualites\/#\/schema\/person\/image\/","url":"https:\/\/vieassociative.be\/actualites\/wp-content\/uploads\/2024\/09\/vie-associative-1-150x150.jpg","contentUrl":"https:\/\/vieassociative.be\/actualites\/wp-content\/uploads\/2024\/09\/vie-associative-1-150x150.jpg","caption":"Julien"},"description":"Je suis Julien, r\u00e9dacteur pour Vie Associative. Passionn\u00e9 par le monde associatif depuis plus de 10 ans, j'ai \u00e0 c\u0153ur de partager des histoires inspirantes et de mettre en lumi\u00e8re les initiatives locales. Mon objectif est de sensibiliser et d'encourager l'engagement communautaire \u00e0 travers mes articles.","sameAs":["https:\/\/vieassociative.be\/"]}]}},"_links":{"self":[{"href":"https:\/\/vieassociative.be\/actualites\/wp-json\/wp\/v2\/posts\/7703"}],"collection":[{"href":"https:\/\/vieassociative.be\/actualites\/wp-json\/wp\/v2\/posts"}],"about":[{"href":"https:\/\/vieassociative.be\/actualites\/wp-json\/wp\/v2\/types\/post"}],"author":[{"embeddable":true,"href":"https:\/\/vieassociative.be\/actualites\/wp-json\/wp\/v2\/users\/1"}],"replies":[{"embeddable":true,"href":"https:\/\/vieassociative.be\/actualites\/wp-json\/wp\/v2\/comments?post=7703"}],"version-history":[{"count":0,"href":"https:\/\/vieassociative.be\/actualites\/wp-json\/wp\/v2\/posts\/7703\/revisions"}],"wp:featuredmedia":[{"embeddable":true,"href":"https:\/\/vieassociative.be\/actualites\/wp-json\/wp\/v2\/media\/7704"}],"wp:attachment":[{"href":"https:\/\/vieassociative.be\/actualites\/wp-json\/wp\/v2\/media?parent=7703"}],"wp:term":[{"taxonomy":"category","embeddable":true,"href":"https:\/\/vieassociative.be\/actualites\/wp-json\/wp\/v2\/categories?post=7703"},{"taxonomy":"post_tag","embeddable":true,"href":"https:\/\/vieassociative.be\/actualites\/wp-json\/wp\/v2\/tags?post=7703"}],"curies":[{"name":"wp","href":"https:\/\/api.w.org\/{rel}","templated":true}]}}