{"id":7701,"date":"2025-05-22T09:22:32","date_gmt":"2025-05-22T07:22:32","guid":{"rendered":"https:\/\/vieassociative.be\/actualites\/vous-pouvez-obtenir-ce-m1-macbook-air-en-vente-pour-seulement-550-maintenant\/"},"modified":"2025-05-22T09:22:32","modified_gmt":"2025-05-22T07:22:32","slug":"vous-pouvez-obtenir-ce-m1-macbook-air-en-vente-pour-seulement-550-maintenant","status":"publish","type":"post","link":"https:\/\/vieassociative.be\/actualites\/vous-pouvez-obtenir-ce-m1-macbook-air-en-vente-pour-seulement-550-maintenant\/","title":{"rendered":"Vous pouvez obtenir ce M1 MacBook Air en vente pour seulement 550 $ maintenant"},"content":{"rendered":"<div class=\"mt-4 leading-6 md:mb-8\">Un MacBook qui ex\u00e9cute toujours des cercles autour de nombreux nouveaux ordinateurs portables dans sa tranche de prix.<\/div>\n<p><\/p>\n<p>Il fut un temps o\u00f9 vous aviez besoin de d\u00e9penser plus de 1 000 $ pour mettre la main sur un MacBook qui pourrait tout g\u00e9rer, des feuilles de calcul aux modifications vid\u00e9o sans se plaindre. Ce n&rsquo;est plus le cas &#8211; du moins pas avec cet accord. Ce MacBook Air r\u00e9nov\u00e9 2020 avec la puce Apple M1 est tomb\u00e9 \u00e0 549,99 $ pour le mod\u00e8le SSD RAM 8 Go + 512 Go et 589,99 $ pour la configuration SSD RAM + 256 Go. Les deux sont des unit\u00e9s de \u00abgrade A\u00bb, ce qui signifie qu&rsquo;ils pourraient avoir peu ou pas d&rsquo;usure visible m\u00eame s&rsquo;ils sont r\u00e9nov\u00e9s.<\/p>\n<p>Vous obtenez la m\u00eame puce M1 qui a aid\u00e9 Apple \u00e0 couper les liens avec Intel &#8211; un processeur \u00e0 8 c\u0153urs, un GPU \u00e0 8 c\u0153urs et un moteur neuronal \u00e0 16 c\u0153urs travaillant ensemble pour tout faire de la navigation \u00e0 la modification photo rapide et efficace. Cette puce signifie \u00e9galement z\u00e9ro ventilateur, donc la machine reste compl\u00e8tement silencieuse, peu importe combien de temps vous l&rsquo;ex\u00e9cutez. L&rsquo;affichage de la r\u00e9tine r\u00e9siste toujours \u00e0 une r\u00e9solution croquante 2560&#215;1600, et la dur\u00e9e de vie de la batterie est solide, environ 15 \u00e0 18 heures selon l&rsquo;utilisation.<\/p>\n<div class=\"pogoClear relative my-10 border-b-(1.5px) border-t-(1.5px) border-dashed border-black py-5 sm:my-14 sm:border-0 sm:py-0\" data-ga-click data-ga-template=\"Deals\" data-ga-module=\"openweb_widget\" data-ga-element=\"openweb_scroll\" data-ga-item=\"openweb_scroll_midpage\" x-cloak x-data=\"{ commentsCount: null, hasComments: false }\" x-init=\"commentsCount = await window.openweb.getMessagesCount(01JT2WYSK5PX0Y8B4ZGBB0SN86);\n     hasComments = commentsCount !== null &amp;&amp; commentsCount &gt; 0\"><\/p>\n<div class=\"absolute top-1\/2 hidden w-full -translate-y-1\/2 border-t-(1.5px) border-dashed border-black sm:block\"><\/div>\n<div class=\"relative flex justify-center\">\n<div class=\"flex max-w-max items-center gap-x-3 bg-white px-5\">\n<div class=\"relative\">\n                <span class=\"absolute left-1\/2 top-1\/2 -translate-x-1\/2 -translate-y-1\/2 font-akshar text-sm font-medium text-black\" x-show=\"hasComments\" x-text=\"commentsCount\"><\/span><\/p>\n<p>                <svg class=\"h-8 w-8 text-black\">\n                    <use href=\"http:\/\/lifehacker.com\/images\/icons\/spritemap.svg#sprite-chat-bubble\"><\/use>\n                <\/svg>\n            <\/div>\n<p>            <span class=\"text-sm font-medium text-black\"><\/p>\n<p>                Que pensez-vous jusqu&rsquo;\u00e0 pr\u00e9sent?<br \/>\n                <button class=\"font-semibold text-brand-green underline hover:text-brand-green-700\" onclick=\"window.openweb.scrollToComments('01JT2WYSK5PX0Y8B4ZGBB0SN86')\" x-text=\"hasComments ? 'Post a comment.' : 'Be the first to post a comment.'\"><\/button><br \/>\n            <\/span>\n        <\/div>\n<\/p><\/div>\n<\/div>\n<p>Vous manquez certaines fonctionnalit\u00e9s plus r\u00e9centes comme Magsafe Charging ou une webcam 1080p, mais pour ce prix, ces compromis se sentent mineurs. Les deux variantes incluent deux ports Thunderbolt \/ USB 4, WiFi 6, Bluetooth 5.0, des haut-parleurs st\u00e9r\u00e9o avec support Dolby Atmos, un clavier magique r\u00e9tro-\u00e9clair\u00e9 r\u00e9actif et Touch ID. Et parce qu&rsquo;il est toujours pris en charge, vous pourrez passer \u00e0 MacOS Sequoia 15. Si vous avez regard\u00e9 un MacBook pour le travail, l&rsquo;\u00e9cole ou les projets cr\u00e9atifs g\u00e9n\u00e9raux et que vous pouvez vivre sans les derni\u00e8res fonctionnalit\u00e9s, cet accord est un argument fort pour s&rsquo;en tenir \u00e0 la premi\u00e8re machine M1 d&rsquo;Apple (et toujours tr\u00e8s impressionnante).<\/p>\n","protected":false},"excerpt":{"rendered":"<p>Un MacBook qui ex\u00e9cute toujours des cercles autour de nombreux nouveaux ordinateurs portables dans sa tranche de prix. Il fut un temps o\u00f9 vous aviez<\/p>\n","protected":false},"author":1,"featured_media":7702,"comment_status":"","ping_status":"","sticky":false,"template":"","format":"standard","meta":{"footnotes":""},"categories":[13],"tags":[1327,686,233,227,81,5,2583,223,4],"class_list":["post-7701","post","type-post","status-publish","format-standard","has-post-thumbnail","hentry","category-technologie","tag-air","tag-macbook","tag-maintenant","tag-obtenir","tag-pour","tag-pouvez","tag-seulement","tag-vente","tag-vous","generate-columns","tablet-grid-50","mobile-grid-100","grid-parent","grid-33"],"yoast_head":"<!-- This site is optimized with the Yoast SEO plugin v24.0 - https:\/\/yoast.com\/wordpress\/plugins\/seo\/ -->\n<title>Vous pouvez obtenir ce M1 MacBook Air en vente pour seulement 550 $ maintenant | Vie Associative<\/title>\n<meta name=\"robots\" content=\"index, follow, max-snippet:-1, max-image-preview:large, max-video-preview:-1\" \/>\n<link rel=\"canonical\" href=\"https:\/\/vieassociative.be\/actualites\/vous-pouvez-obtenir-ce-m1-macbook-air-en-vente-pour-seulement-550-maintenant\/\" \/>\n<meta property=\"og:locale\" content=\"fr_FR\" \/>\n<meta property=\"og:type\" content=\"article\" \/>\n<meta property=\"og:title\" content=\"Vous pouvez obtenir ce M1 MacBook Air en vente pour seulement 550 $ maintenant | Vie Associative\" \/>\n<meta property=\"og:description\" content=\"Un MacBook qui ex\u00e9cute toujours des cercles autour de nombreux nouveaux ordinateurs portables dans sa tranche de prix. Il fut un temps o\u00f9 vous aviez\" \/>\n<meta property=\"og:url\" content=\"https:\/\/vieassociative.be\/actualites\/vous-pouvez-obtenir-ce-m1-macbook-air-en-vente-pour-seulement-550-maintenant\/\" \/>\n<meta property=\"og:site_name\" content=\"Vie Associative\" \/>\n<meta property=\"article:published_time\" content=\"2025-05-22T07:22:32+00:00\" \/>\n<meta property=\"og:image\" content=\"https:\/\/vieassociative.be\/actualites\/wp-content\/uploads\/2024\/09\/header_backgroundk-01-e1726694325946.png\" \/>\n\t<meta property=\"og:image:width\" content=\"279\" \/>\n\t<meta property=\"og:image:height\" content=\"92\" \/>\n\t<meta property=\"og:image:type\" content=\"image\/png\" \/>\n<meta name=\"author\" content=\"Julien\" \/>\n<meta name=\"twitter:card\" content=\"summary_large_image\" \/>\n<meta name=\"twitter:label1\" content=\"\u00c9crit par\" \/>\n\t<meta name=\"twitter:data1\" content=\"Julien\" \/>\n\t<meta name=\"twitter:label2\" content=\"Dur\u00e9e de lecture est.\" \/>\n\t<meta name=\"twitter:data2\" content=\"2 minutes\" \/>\n<script type=\"application\/ld+json\" class=\"yoast-schema-graph\">{\"@context\":\"https:\/\/schema.org\",\"@graph\":[{\"@type\":\"Article\",\"@id\":\"https:\/\/vieassociative.be\/actualites\/vous-pouvez-obtenir-ce-m1-macbook-air-en-vente-pour-seulement-550-maintenant\/#article\",\"isPartOf\":{\"@id\":\"https:\/\/vieassociative.be\/actualites\/vous-pouvez-obtenir-ce-m1-macbook-air-en-vente-pour-seulement-550-maintenant\/\"},\"author\":{\"name\":\"Julien\",\"@id\":\"https:\/\/vieassociative.be\/actualites\/#\/schema\/person\/b87ac4f82f9d4e7b7cec7395b679edc4\"},\"headline\":\"Vous pouvez obtenir ce M1 MacBook Air en vente pour seulement 550 $ maintenant\",\"datePublished\":\"2025-05-22T07:22:32+00:00\",\"dateModified\":\"2025-05-22T07:22:32+00:00\",\"mainEntityOfPage\":{\"@id\":\"https:\/\/vieassociative.be\/actualites\/vous-pouvez-obtenir-ce-m1-macbook-air-en-vente-pour-seulement-550-maintenant\/\"},\"wordCount\":360,\"publisher\":{\"@id\":\"https:\/\/vieassociative.be\/actualites\/#organization\"},\"image\":{\"@id\":\"https:\/\/vieassociative.be\/actualites\/vous-pouvez-obtenir-ce-m1-macbook-air-en-vente-pour-seulement-550-maintenant\/#primaryimage\"},\"thumbnailUrl\":\"https:\/\/vieassociative.be\/actualites\/wp-content\/uploads\/2025\/05\/Vous-pouvez-obtenir-ce-M1-MacBook-Air-en-vente-pour.png\",\"keywords\":[\"air\",\"MacBook\",\"maintenant\",\"obtenir\",\"pour\",\"pouvez\",\"seulement\",\"vente\",\"Vous\"],\"articleSection\":[\"Technologie\"],\"inLanguage\":\"fr-BE\"},{\"@type\":\"WebPage\",\"@id\":\"https:\/\/vieassociative.be\/actualites\/vous-pouvez-obtenir-ce-m1-macbook-air-en-vente-pour-seulement-550-maintenant\/\",\"url\":\"https:\/\/vieassociative.be\/actualites\/vous-pouvez-obtenir-ce-m1-macbook-air-en-vente-pour-seulement-550-maintenant\/\",\"name\":\"Vous pouvez obtenir ce M1 MacBook Air en vente pour seulement 550 $ maintenant | Vie Associative\",\"isPartOf\":{\"@id\":\"https:\/\/vieassociative.be\/actualites\/#website\"},\"primaryImageOfPage\":{\"@id\":\"https:\/\/vieassociative.be\/actualites\/vous-pouvez-obtenir-ce-m1-macbook-air-en-vente-pour-seulement-550-maintenant\/#primaryimage\"},\"image\":{\"@id\":\"https:\/\/vieassociative.be\/actualites\/vous-pouvez-obtenir-ce-m1-macbook-air-en-vente-pour-seulement-550-maintenant\/#primaryimage\"},\"thumbnailUrl\":\"https:\/\/vieassociative.be\/actualites\/wp-content\/uploads\/2025\/05\/Vous-pouvez-obtenir-ce-M1-MacBook-Air-en-vente-pour.png\",\"datePublished\":\"2025-05-22T07:22:32+00:00\",\"dateModified\":\"2025-05-22T07:22:32+00:00\",\"breadcrumb\":{\"@id\":\"https:\/\/vieassociative.be\/actualites\/vous-pouvez-obtenir-ce-m1-macbook-air-en-vente-pour-seulement-550-maintenant\/#breadcrumb\"},\"inLanguage\":\"fr-BE\",\"potentialAction\":[{\"@type\":\"ReadAction\",\"target\":[\"https:\/\/vieassociative.be\/actualites\/vous-pouvez-obtenir-ce-m1-macbook-air-en-vente-pour-seulement-550-maintenant\/\"]}]},{\"@type\":\"ImageObject\",\"inLanguage\":\"fr-BE\",\"@id\":\"https:\/\/vieassociative.be\/actualites\/vous-pouvez-obtenir-ce-m1-macbook-air-en-vente-pour-seulement-550-maintenant\/#primaryimage\",\"url\":\"https:\/\/vieassociative.be\/actualites\/wp-content\/uploads\/2025\/05\/Vous-pouvez-obtenir-ce-M1-MacBook-Air-en-vente-pour.png\",\"contentUrl\":\"https:\/\/vieassociative.be\/actualites\/wp-content\/uploads\/2025\/05\/Vous-pouvez-obtenir-ce-M1-MacBook-Air-en-vente-pour.png\",\"width\":1200,\"height\":675,\"caption\":\"Vous pouvez obtenir ce M1 MacBook Air en vente pour seulement 550 $ maintenant\"},{\"@type\":\"BreadcrumbList\",\"@id\":\"https:\/\/vieassociative.be\/actualites\/vous-pouvez-obtenir-ce-m1-macbook-air-en-vente-pour-seulement-550-maintenant\/#breadcrumb\",\"itemListElement\":[{\"@type\":\"ListItem\",\"position\":1,\"name\":\"Accueil\",\"item\":\"https:\/\/vieassociative.be\/actualites\/\"},{\"@type\":\"ListItem\",\"position\":2,\"name\":\"Vous pouvez obtenir ce M1 MacBook Air en vente pour seulement 550 $ maintenant\"}]},{\"@type\":\"WebSite\",\"@id\":\"https:\/\/vieassociative.be\/actualites\/#website\",\"url\":\"https:\/\/vieassociative.be\/actualites\/\",\"name\":\"Vie Associative\",\"description\":\"\",\"publisher\":{\"@id\":\"https:\/\/vieassociative.be\/actualites\/#organization\"},\"potentialAction\":[{\"@type\":\"SearchAction\",\"target\":{\"@type\":\"EntryPoint\",\"urlTemplate\":\"https:\/\/vieassociative.be\/actualites\/?s={search_term_string}\"},\"query-input\":{\"@type\":\"PropertyValueSpecification\",\"valueRequired\":true,\"valueName\":\"search_term_string\"}}],\"inLanguage\":\"fr-BE\"},{\"@type\":\"Organization\",\"@id\":\"https:\/\/vieassociative.be\/actualites\/#organization\",\"name\":\"Vie Associative\",\"url\":\"https:\/\/vieassociative.be\/actualites\/\",\"logo\":{\"@type\":\"ImageObject\",\"inLanguage\":\"fr-BE\",\"@id\":\"https:\/\/vieassociative.be\/actualites\/#\/schema\/logo\/image\/\",\"url\":\"https:\/\/vieassociative.be\/actualites\/wp-content\/uploads\/2024\/09\/cropped-vieassociative_favicon.ico.png\",\"contentUrl\":\"https:\/\/vieassociative.be\/actualites\/wp-content\/uploads\/2024\/09\/cropped-vieassociative_favicon.ico.png\",\"width\":512,\"height\":512,\"caption\":\"Vie Associative\"},\"image\":{\"@id\":\"https:\/\/vieassociative.be\/actualites\/#\/schema\/logo\/image\/\"}},{\"@type\":\"Person\",\"@id\":\"https:\/\/vieassociative.be\/actualites\/#\/schema\/person\/b87ac4f82f9d4e7b7cec7395b679edc4\",\"name\":\"Julien\",\"image\":{\"@type\":\"ImageObject\",\"inLanguage\":\"fr-BE\",\"@id\":\"https:\/\/vieassociative.be\/actualites\/#\/schema\/person\/image\/\",\"url\":\"https:\/\/vieassociative.be\/actualites\/wp-content\/uploads\/2024\/09\/vie-associative-1-150x150.jpg\",\"contentUrl\":\"https:\/\/vieassociative.be\/actualites\/wp-content\/uploads\/2024\/09\/vie-associative-1-150x150.jpg\",\"caption\":\"Julien\"},\"description\":\"Je suis Julien, r\u00e9dacteur pour Vie Associative. Passionn\u00e9 par le monde associatif depuis plus de 10 ans, j'ai \u00e0 c\u0153ur de partager des histoires inspirantes et de mettre en lumi\u00e8re les initiatives locales. Mon objectif est de sensibiliser et d'encourager l'engagement communautaire \u00e0 travers mes articles.\",\"sameAs\":[\"https:\/\/vieassociative.be\/\"]}]}<\/script>\n<!-- \/ Yoast SEO plugin. -->","yoast_head_json":{"title":"Vous pouvez obtenir ce M1 MacBook Air en vente pour seulement 550 $ maintenant | Vie Associative","robots":{"index":"index","follow":"follow","max-snippet":"max-snippet:-1","max-image-preview":"max-image-preview:large","max-video-preview":"max-video-preview:-1"},"canonical":"https:\/\/vieassociative.be\/actualites\/vous-pouvez-obtenir-ce-m1-macbook-air-en-vente-pour-seulement-550-maintenant\/","og_locale":"fr_FR","og_type":"article","og_title":"Vous pouvez obtenir ce M1 MacBook Air en vente pour seulement 550 $ maintenant | Vie Associative","og_description":"Un MacBook qui ex\u00e9cute toujours des cercles autour de nombreux nouveaux ordinateurs portables dans sa tranche de prix. Il fut un temps o\u00f9 vous aviez","og_url":"https:\/\/vieassociative.be\/actualites\/vous-pouvez-obtenir-ce-m1-macbook-air-en-vente-pour-seulement-550-maintenant\/","og_site_name":"Vie Associative","article_published_time":"2025-05-22T07:22:32+00:00","og_image":[{"width":279,"height":92,"url":"https:\/\/vieassociative.be\/actualites\/wp-content\/uploads\/2024\/09\/header_backgroundk-01-e1726694325946.png","type":"image\/png"}],"author":"Julien","twitter_card":"summary_large_image","twitter_misc":{"\u00c9crit par":"Julien","Dur\u00e9e de lecture est.":"2 minutes"},"schema":{"@context":"https:\/\/schema.org","@graph":[{"@type":"Article","@id":"https:\/\/vieassociative.be\/actualites\/vous-pouvez-obtenir-ce-m1-macbook-air-en-vente-pour-seulement-550-maintenant\/#article","isPartOf":{"@id":"https:\/\/vieassociative.be\/actualites\/vous-pouvez-obtenir-ce-m1-macbook-air-en-vente-pour-seulement-550-maintenant\/"},"author":{"name":"Julien","@id":"https:\/\/vieassociative.be\/actualites\/#\/schema\/person\/b87ac4f82f9d4e7b7cec7395b679edc4"},"headline":"Vous pouvez obtenir ce M1 MacBook Air en vente pour seulement 550 $ maintenant","datePublished":"2025-05-22T07:22:32+00:00","dateModified":"2025-05-22T07:22:32+00:00","mainEntityOfPage":{"@id":"https:\/\/vieassociative.be\/actualites\/vous-pouvez-obtenir-ce-m1-macbook-air-en-vente-pour-seulement-550-maintenant\/"},"wordCount":360,"publisher":{"@id":"https:\/\/vieassociative.be\/actualites\/#organization"},"image":{"@id":"https:\/\/vieassociative.be\/actualites\/vous-pouvez-obtenir-ce-m1-macbook-air-en-vente-pour-seulement-550-maintenant\/#primaryimage"},"thumbnailUrl":"https:\/\/vieassociative.be\/actualites\/wp-content\/uploads\/2025\/05\/Vous-pouvez-obtenir-ce-M1-MacBook-Air-en-vente-pour.png","keywords":["air","MacBook","maintenant","obtenir","pour","pouvez","seulement","vente","Vous"],"articleSection":["Technologie"],"inLanguage":"fr-BE"},{"@type":"WebPage","@id":"https:\/\/vieassociative.be\/actualites\/vous-pouvez-obtenir-ce-m1-macbook-air-en-vente-pour-seulement-550-maintenant\/","url":"https:\/\/vieassociative.be\/actualites\/vous-pouvez-obtenir-ce-m1-macbook-air-en-vente-pour-seulement-550-maintenant\/","name":"Vous pouvez obtenir ce M1 MacBook Air en vente pour seulement 550 $ maintenant | Vie Associative","isPartOf":{"@id":"https:\/\/vieassociative.be\/actualites\/#website"},"primaryImageOfPage":{"@id":"https:\/\/vieassociative.be\/actualites\/vous-pouvez-obtenir-ce-m1-macbook-air-en-vente-pour-seulement-550-maintenant\/#primaryimage"},"image":{"@id":"https:\/\/vieassociative.be\/actualites\/vous-pouvez-obtenir-ce-m1-macbook-air-en-vente-pour-seulement-550-maintenant\/#primaryimage"},"thumbnailUrl":"https:\/\/vieassociative.be\/actualites\/wp-content\/uploads\/2025\/05\/Vous-pouvez-obtenir-ce-M1-MacBook-Air-en-vente-pour.png","datePublished":"2025-05-22T07:22:32+00:00","dateModified":"2025-05-22T07:22:32+00:00","breadcrumb":{"@id":"https:\/\/vieassociative.be\/actualites\/vous-pouvez-obtenir-ce-m1-macbook-air-en-vente-pour-seulement-550-maintenant\/#breadcrumb"},"inLanguage":"fr-BE","potentialAction":[{"@type":"ReadAction","target":["https:\/\/vieassociative.be\/actualites\/vous-pouvez-obtenir-ce-m1-macbook-air-en-vente-pour-seulement-550-maintenant\/"]}]},{"@type":"ImageObject","inLanguage":"fr-BE","@id":"https:\/\/vieassociative.be\/actualites\/vous-pouvez-obtenir-ce-m1-macbook-air-en-vente-pour-seulement-550-maintenant\/#primaryimage","url":"https:\/\/vieassociative.be\/actualites\/wp-content\/uploads\/2025\/05\/Vous-pouvez-obtenir-ce-M1-MacBook-Air-en-vente-pour.png","contentUrl":"https:\/\/vieassociative.be\/actualites\/wp-content\/uploads\/2025\/05\/Vous-pouvez-obtenir-ce-M1-MacBook-Air-en-vente-pour.png","width":1200,"height":675,"caption":"Vous pouvez obtenir ce M1 MacBook Air en vente pour seulement 550 $ maintenant"},{"@type":"BreadcrumbList","@id":"https:\/\/vieassociative.be\/actualites\/vous-pouvez-obtenir-ce-m1-macbook-air-en-vente-pour-seulement-550-maintenant\/#breadcrumb","itemListElement":[{"@type":"ListItem","position":1,"name":"Accueil","item":"https:\/\/vieassociative.be\/actualites\/"},{"@type":"ListItem","position":2,"name":"Vous pouvez obtenir ce M1 MacBook Air en vente pour seulement 550 $ maintenant"}]},{"@type":"WebSite","@id":"https:\/\/vieassociative.be\/actualites\/#website","url":"https:\/\/vieassociative.be\/actualites\/","name":"Vie Associative","description":"","publisher":{"@id":"https:\/\/vieassociative.be\/actualites\/#organization"},"potentialAction":[{"@type":"SearchAction","target":{"@type":"EntryPoint","urlTemplate":"https:\/\/vieassociative.be\/actualites\/?s={search_term_string}"},"query-input":{"@type":"PropertyValueSpecification","valueRequired":true,"valueName":"search_term_string"}}],"inLanguage":"fr-BE"},{"@type":"Organization","@id":"https:\/\/vieassociative.be\/actualites\/#organization","name":"Vie Associative","url":"https:\/\/vieassociative.be\/actualites\/","logo":{"@type":"ImageObject","inLanguage":"fr-BE","@id":"https:\/\/vieassociative.be\/actualites\/#\/schema\/logo\/image\/","url":"https:\/\/vieassociative.be\/actualites\/wp-content\/uploads\/2024\/09\/cropped-vieassociative_favicon.ico.png","contentUrl":"https:\/\/vieassociative.be\/actualites\/wp-content\/uploads\/2024\/09\/cropped-vieassociative_favicon.ico.png","width":512,"height":512,"caption":"Vie Associative"},"image":{"@id":"https:\/\/vieassociative.be\/actualites\/#\/schema\/logo\/image\/"}},{"@type":"Person","@id":"https:\/\/vieassociative.be\/actualites\/#\/schema\/person\/b87ac4f82f9d4e7b7cec7395b679edc4","name":"Julien","image":{"@type":"ImageObject","inLanguage":"fr-BE","@id":"https:\/\/vieassociative.be\/actualites\/#\/schema\/person\/image\/","url":"https:\/\/vieassociative.be\/actualites\/wp-content\/uploads\/2024\/09\/vie-associative-1-150x150.jpg","contentUrl":"https:\/\/vieassociative.be\/actualites\/wp-content\/uploads\/2024\/09\/vie-associative-1-150x150.jpg","caption":"Julien"},"description":"Je suis Julien, r\u00e9dacteur pour Vie Associative. Passionn\u00e9 par le monde associatif depuis plus de 10 ans, j'ai \u00e0 c\u0153ur de partager des histoires inspirantes et de mettre en lumi\u00e8re les initiatives locales. Mon objectif est de sensibiliser et d'encourager l'engagement communautaire \u00e0 travers mes articles.","sameAs":["https:\/\/vieassociative.be\/"]}]}},"_links":{"self":[{"href":"https:\/\/vieassociative.be\/actualites\/wp-json\/wp\/v2\/posts\/7701"}],"collection":[{"href":"https:\/\/vieassociative.be\/actualites\/wp-json\/wp\/v2\/posts"}],"about":[{"href":"https:\/\/vieassociative.be\/actualites\/wp-json\/wp\/v2\/types\/post"}],"author":[{"embeddable":true,"href":"https:\/\/vieassociative.be\/actualites\/wp-json\/wp\/v2\/users\/1"}],"replies":[{"embeddable":true,"href":"https:\/\/vieassociative.be\/actualites\/wp-json\/wp\/v2\/comments?post=7701"}],"version-history":[{"count":0,"href":"https:\/\/vieassociative.be\/actualites\/wp-json\/wp\/v2\/posts\/7701\/revisions"}],"wp:featuredmedia":[{"embeddable":true,"href":"https:\/\/vieassociative.be\/actualites\/wp-json\/wp\/v2\/media\/7702"}],"wp:attachment":[{"href":"https:\/\/vieassociative.be\/actualites\/wp-json\/wp\/v2\/media?parent=7701"}],"wp:term":[{"taxonomy":"category","embeddable":true,"href":"https:\/\/vieassociative.be\/actualites\/wp-json\/wp\/v2\/categories?post=7701"},{"taxonomy":"post_tag","embeddable":true,"href":"https:\/\/vieassociative.be\/actualites\/wp-json\/wp\/v2\/tags?post=7701"}],"curies":[{"name":"wp","href":"https:\/\/api.w.org\/{rel}","templated":true}]}}