{"id":7698,"date":"2025-05-22T04:19:57","date_gmt":"2025-05-22T02:19:57","guid":{"rendered":"https:\/\/vieassociative.be\/actualites\/1-0-contre-manu-premier-titre-apres-17-ans-et-premiere-coupe-deurope-apres-41-ans-pour-tottenham-hotspur\/"},"modified":"2025-05-22T04:19:57","modified_gmt":"2025-05-22T02:19:57","slug":"1-0-contre-manu-premier-titre-apres-17-ans-et-premiere-coupe-deurope-apres-41-ans-pour-tottenham-hotspur","status":"publish","type":"post","link":"https:\/\/vieassociative.be\/actualites\/1-0-contre-manu-premier-titre-apres-17-ans-et-premiere-coupe-deurope-apres-41-ans-pour-tottenham-hotspur\/","title":{"rendered":"1-0 contre Manu: premier titre apr\u00e8s 17 ans et premi\u00e8re Coupe d&rsquo;Europe apr\u00e8s 41 ans pour Tottenham Hotspur"},"content":{"rendered":"<p><strong>Avec le premier titre en 17 ans et la premi\u00e8re victoire de la Coupe d&rsquo;Europe apr\u00e8s 41 ans, Tottenham Hotspur a enlev\u00e9 son image perdue apr\u00e8s une saison d\u00e9cevante apr\u00e8s une saison d\u00e9cevante. <\/strong><\/p>\n<p><span id=\"more-415988\"><\/span>Le London Football Club a remport\u00e9 un 1-0 (1-0) apr\u00e8s une bataille de d\u00e9fense dans la finale anglaise contre Manchester United, actuellement 16e place en Premier League anglaise, la Ligue Europa et, malgr\u00e9 la 17e place de la ligue, a \u00e9galement r\u00e9solu le billet pour la prochaine Ligue des champions. Cela rince plus de 100 millions d&rsquo;euros dans les coffres du club.<\/p>\n<p>Brennan Johnson (42e minute) s&rsquo;est rendu aux San Mam\u00e9s devant 50 000 spectateurs avec son but pour la victoire des Spurs, qui a remport\u00e9 un titre pour la derni\u00e8re fois en 2008 en remportant la Coupe de ligue relativement insignifiante.<\/p>\n<div id=\"attachment_416006\" class=\"wp-caption alignleft\" style=\"max-width: 300px\"><img fetchpriority=\"high\" decoding=\"async\" class=\"wp-image-416006 size-medium\" src=\"https:\/\/vieassociative.be\/actualites\/wp-content\/uploads\/2025\/05\/1-0-contre-Manu-premier-titre-apres-17-ans-et-premiere.jpg\" alt=\"\" width=\"300\" height=\"200\"><\/p>\n<p class=\"wp-caption-text\">21.05.2025, Espagne, Bilbao: Tottenhams Richarlison a applaudi apr\u00e8s la victoire en finale. Photo: Manu Fernandez \/ AP \/ DPA<\/p>\n<\/div>\n<p>Au niveau europ\u00e9en, le buteur du Bayern Harry Kane, l&rsquo;ex-club, a m\u00eame d\u00fb attendre 41 ans pour un troph\u00e9e. En 1984, Tottenham a remport\u00e9 la Coupe UEFA, la comp\u00e9tition pr\u00e9d\u00e9cesseur de la Ligue Europa (gr\u00e2ce \u00e0 une victoire finale dans la tire de tir contre le record de Belgique, le champion RSC Anderlecht).<\/p>\n<p><b>Manchester pas en Coupe d&rsquo;Europe pour la premi\u00e8re fois en onze ans: <\/b>Pour Man United, en revanche, le fiasco est parfait. Le fier champion de disques anglais, en tant que 16e en Premier League, mais un peu mieux, ne sera pas repr\u00e9sent\u00e9 \u00e0 l&rsquo;\u00e9chelle internationale pour la premi\u00e8re fois dans la saison \u00e0 venir. L&rsquo;entra\u00eeneur Ruben Amorim, qui n&rsquo;\u00e9tait que co\u00fbteux \u00e0 acheter en novembre, devrait \u00e9galement subir la pression.<\/p>\n<p>C&rsquo;\u00e9tait atmosph\u00e9rique \u00e0 Bilbao, et les fans anglais avaient c\u00e9l\u00e9br\u00e9 dans la ville basque toute la journ\u00e9e. Le niveau du jeu ne pouvait pas suivre. Il \u00e9tait souvent d\u00e9chir\u00e9, les deux \u00e9quipes attachaient une grande importance \u00e0 la compacit\u00e9 d\u00e9fensive. Il y avait une raret\u00e9 depuis longtemps, il n&rsquo;y avait pas de vitesse et d&rsquo;id\u00e9es. En cons\u00e9quence, l&rsquo;arbitre allemand Felix Zwayer n&rsquo;a eu aucun probl\u00e8me avec la gestion du jeu.<\/p>\n<div id=\"attachment_416008\" class=\"wp-caption alignleft\" style=\"max-width: 300px\"><img decoding=\"async\" class=\"wp-image-416008 size-medium\" src=\"https:\/\/vieassociative.be\/actualites\/wp-content\/uploads\/2025\/05\/1747880397_685_1-0-contre-Manu-premier-titre-apres-17-ans-et-premiere.jpg\" alt=\"\" width=\"300\" height=\"200\"><\/p>\n<p class=\"wp-caption-text\">21.05.2025, Espagne, Bilbao: le gardien de Tottenham Guglielmo Vicario (2e VL) saute apr\u00e8s le ballon. Photo: Manu Fernandez \/ AP \/ DPA<\/p>\n<\/div>\n<p><b>&#8211; Spurs d\u00e9fensifs avec chance: <\/b>Vous United avait les plus grands jeu sur de longues distances, mais ne saviez rien \u00e0 voir avec cela. Les Spurs, qui avaient \u00e9t\u00e9 \u00e9limin\u00e9s dans le quart de finale Eintracht Frankfurt, ont \u00e9t\u00e9 bien plac\u00e9s sur le plan d\u00e9fensif et sont venus \u00e0 l&rsquo;objectif principal. Apr\u00e8s un flanc de Pape Sarr, Johnson \u00e9tait un pas plus vite que Luke Shaw, dont le haut du bras, le ballon a \u00e9galement saut\u00e9 vers son propre but, o\u00f9 Johnson a termin\u00e9 avec une l\u00e9g\u00e8re touche.<\/p>\n<p>Ce fut le point culminant d&rsquo;une premi\u00e8re mi-temps sans \u00e9v\u00e9nement. Auparavant, seulement United a eu une bonne opportunit\u00e9 avec Amad Diallo \u00e0 partir d&rsquo;une demi-position, mais le ballon a caress\u00e9 juste \u00e0 c\u00f4t\u00e9 du but (16e). L&rsquo;homme de la C\u00f4te d&rsquo;Ivoire a provoqu\u00e9 des moments surprises avec son rythme dribble.<\/p>\n<p><b>&#8211; Capitaine sur le banc: <\/b>D&rsquo;un autre c\u00f4t\u00e9, l&rsquo;entra\u00eeneur, qui a \u00e9galement \u00e9t\u00e9 critiqu\u00e9, s&rsquo;est laiss\u00e9 le luxe de quitter son capitaine Heung-min sur le banc jusqu&rsquo;\u00e0 la 67e minute. Fils avait form\u00e9 un duo sympathique \u00e0 Tottenham pendant des ann\u00e9es avec Kane, qui \u00e9tait fi\u00e9vreux de loin. Lorsque le sud-cor\u00e9en est entr\u00e9 en jeu, United avait d\u00e9j\u00e0 consid\u00e9rablement augment\u00e9 la pression.<\/p>\n<p>L&rsquo;\u00e9norme chance de compenser a emp\u00each\u00e9 Micky Van der Ven avec un insert de saut artistique sur la ligne apr\u00e8s une t\u00eate de Rasmus H\u00f6jlund (68.). Ceci a \u00e9t\u00e9 pr\u00e9c\u00e9d\u00e9 d&rsquo;une erreur de gardien de but de Guglielmo Vicario, qui a agi extr\u00eamement incertain. Dans un tir vif d&rsquo;Alejandro Garnacho, l&rsquo;italien \u00e9tait sur place (74e). Dans la phase finale, Manchester a de nouveau appuy\u00e9 vigoureusement sur l&rsquo;objectif &#8211; en vain. (DPA \/ CRE)<\/p>\n","protected":false},"excerpt":{"rendered":"<p>Avec le premier titre en 17 ans et la premi\u00e8re victoire de la Coupe d&rsquo;Europe apr\u00e8s 41 ans, Tottenham Hotspur a enlev\u00e9 son image perdue<\/p>\n","protected":false},"author":1,"featured_media":7699,"comment_status":"","ping_status":"","sticky":false,"template":"","format":"standard","meta":{"footnotes":""},"categories":[298],"tags":[584,472,796,2472,3976,7103,7101,81,443,610,2504,7102],"class_list":["post-7698","post","type-post","status-publish","format-standard","has-post-thumbnail","hentry","category-belgique","tag-ans","tag-apres","tag-contre","tag-coupe","tag-deurope","tag-hotspur","tag-manu","tag-pour","tag-premier","tag-premiere","tag-titre","tag-tottenham","generate-columns","tablet-grid-50","mobile-grid-100","grid-parent","grid-33"],"yoast_head":"<!-- This site is optimized with the Yoast SEO plugin v24.0 - https:\/\/yoast.com\/wordpress\/plugins\/seo\/ -->\n<title>1-0 contre Manu: premier titre apr\u00e8s 17 ans et premi\u00e8re Coupe d&#039;Europe apr\u00e8s 41 ans pour Tottenham Hotspur | Vie Associative<\/title>\n<meta name=\"robots\" content=\"index, follow, max-snippet:-1, max-image-preview:large, max-video-preview:-1\" \/>\n<link rel=\"canonical\" href=\"https:\/\/vieassociative.be\/actualites\/1-0-contre-manu-premier-titre-apres-17-ans-et-premiere-coupe-deurope-apres-41-ans-pour-tottenham-hotspur\/\" \/>\n<meta property=\"og:locale\" content=\"fr_FR\" \/>\n<meta property=\"og:type\" content=\"article\" \/>\n<meta property=\"og:title\" content=\"1-0 contre Manu: premier titre apr\u00e8s 17 ans et premi\u00e8re Coupe d&#039;Europe apr\u00e8s 41 ans pour Tottenham Hotspur | Vie Associative\" \/>\n<meta property=\"og:description\" content=\"Avec le premier titre en 17 ans et la premi\u00e8re victoire de la Coupe d&rsquo;Europe apr\u00e8s 41 ans, Tottenham Hotspur a enlev\u00e9 son image perdue\" \/>\n<meta property=\"og:url\" content=\"https:\/\/vieassociative.be\/actualites\/1-0-contre-manu-premier-titre-apres-17-ans-et-premiere-coupe-deurope-apres-41-ans-pour-tottenham-hotspur\/\" \/>\n<meta property=\"og:site_name\" content=\"Vie Associative\" \/>\n<meta property=\"article:published_time\" content=\"2025-05-22T02:19:57+00:00\" \/>\n<meta property=\"og:image\" content=\"https:\/\/vieassociative.be\/actualites\/wp-content\/uploads\/2024\/09\/header_backgroundk-01-e1726694325946.png\" \/>\n\t<meta property=\"og:image:width\" content=\"279\" \/>\n\t<meta property=\"og:image:height\" content=\"92\" \/>\n\t<meta property=\"og:image:type\" content=\"image\/png\" \/>\n<meta name=\"author\" content=\"Julien\" \/>\n<meta name=\"twitter:card\" content=\"summary_large_image\" \/>\n<meta name=\"twitter:label1\" content=\"\u00c9crit par\" \/>\n\t<meta name=\"twitter:data1\" content=\"Julien\" \/>\n\t<meta name=\"twitter:label2\" content=\"Dur\u00e9e de lecture est.\" \/>\n\t<meta name=\"twitter:data2\" content=\"3 minutes\" \/>\n<script type=\"application\/ld+json\" class=\"yoast-schema-graph\">{\"@context\":\"https:\/\/schema.org\",\"@graph\":[{\"@type\":\"Article\",\"@id\":\"https:\/\/vieassociative.be\/actualites\/1-0-contre-manu-premier-titre-apres-17-ans-et-premiere-coupe-deurope-apres-41-ans-pour-tottenham-hotspur\/#article\",\"isPartOf\":{\"@id\":\"https:\/\/vieassociative.be\/actualites\/1-0-contre-manu-premier-titre-apres-17-ans-et-premiere-coupe-deurope-apres-41-ans-pour-tottenham-hotspur\/\"},\"author\":{\"name\":\"Julien\",\"@id\":\"https:\/\/vieassociative.be\/actualites\/#\/schema\/person\/b87ac4f82f9d4e7b7cec7395b679edc4\"},\"headline\":\"1-0 contre Manu: premier titre apr\u00e8s 17 ans et premi\u00e8re Coupe d&rsquo;Europe apr\u00e8s 41 ans pour Tottenham Hotspur\",\"datePublished\":\"2025-05-22T02:19:57+00:00\",\"dateModified\":\"2025-05-22T02:19:57+00:00\",\"mainEntityOfPage\":{\"@id\":\"https:\/\/vieassociative.be\/actualites\/1-0-contre-manu-premier-titre-apres-17-ans-et-premiere-coupe-deurope-apres-41-ans-pour-tottenham-hotspur\/\"},\"wordCount\":720,\"publisher\":{\"@id\":\"https:\/\/vieassociative.be\/actualites\/#organization\"},\"image\":{\"@id\":\"https:\/\/vieassociative.be\/actualites\/1-0-contre-manu-premier-titre-apres-17-ans-et-premiere-coupe-deurope-apres-41-ans-pour-tottenham-hotspur\/#primaryimage\"},\"thumbnailUrl\":\"https:\/\/vieassociative.be\/actualites\/wp-content\/uploads\/2025\/05\/1747880397_1-0-contre-Manu-premier-titre-apres-17-ans-et-premiere.jpg\",\"keywords\":[\"ans\",\"Apr\u00e8s\",\"contre\",\"Coupe\",\"dEurope\",\"Hotspur\",\"Manu\",\"pour\",\"premier\",\"premi\u00e8re\",\"titre\",\"Tottenham\"],\"articleSection\":[\"Belgique\"],\"inLanguage\":\"fr-BE\"},{\"@type\":\"WebPage\",\"@id\":\"https:\/\/vieassociative.be\/actualites\/1-0-contre-manu-premier-titre-apres-17-ans-et-premiere-coupe-deurope-apres-41-ans-pour-tottenham-hotspur\/\",\"url\":\"https:\/\/vieassociative.be\/actualites\/1-0-contre-manu-premier-titre-apres-17-ans-et-premiere-coupe-deurope-apres-41-ans-pour-tottenham-hotspur\/\",\"name\":\"1-0 contre Manu: premier titre apr\u00e8s 17 ans et premi\u00e8re Coupe d'Europe apr\u00e8s 41 ans pour Tottenham Hotspur | Vie Associative\",\"isPartOf\":{\"@id\":\"https:\/\/vieassociative.be\/actualites\/#website\"},\"primaryImageOfPage\":{\"@id\":\"https:\/\/vieassociative.be\/actualites\/1-0-contre-manu-premier-titre-apres-17-ans-et-premiere-coupe-deurope-apres-41-ans-pour-tottenham-hotspur\/#primaryimage\"},\"image\":{\"@id\":\"https:\/\/vieassociative.be\/actualites\/1-0-contre-manu-premier-titre-apres-17-ans-et-premiere-coupe-deurope-apres-41-ans-pour-tottenham-hotspur\/#primaryimage\"},\"thumbnailUrl\":\"https:\/\/vieassociative.be\/actualites\/wp-content\/uploads\/2025\/05\/1747880397_1-0-contre-Manu-premier-titre-apres-17-ans-et-premiere.jpg\",\"datePublished\":\"2025-05-22T02:19:57+00:00\",\"dateModified\":\"2025-05-22T02:19:57+00:00\",\"breadcrumb\":{\"@id\":\"https:\/\/vieassociative.be\/actualites\/1-0-contre-manu-premier-titre-apres-17-ans-et-premiere-coupe-deurope-apres-41-ans-pour-tottenham-hotspur\/#breadcrumb\"},\"inLanguage\":\"fr-BE\",\"potentialAction\":[{\"@type\":\"ReadAction\",\"target\":[\"https:\/\/vieassociative.be\/actualites\/1-0-contre-manu-premier-titre-apres-17-ans-et-premiere-coupe-deurope-apres-41-ans-pour-tottenham-hotspur\/\"]}]},{\"@type\":\"ImageObject\",\"inLanguage\":\"fr-BE\",\"@id\":\"https:\/\/vieassociative.be\/actualites\/1-0-contre-manu-premier-titre-apres-17-ans-et-premiere-coupe-deurope-apres-41-ans-pour-tottenham-hotspur\/#primaryimage\",\"url\":\"https:\/\/vieassociative.be\/actualites\/wp-content\/uploads\/2025\/05\/1747880397_1-0-contre-Manu-premier-titre-apres-17-ans-et-premiere.jpg\",\"contentUrl\":\"https:\/\/vieassociative.be\/actualites\/wp-content\/uploads\/2025\/05\/1747880397_1-0-contre-Manu-premier-titre-apres-17-ans-et-premiere.jpg\",\"width\":1200,\"height\":800,\"caption\":\"1-0 contre Manu: premier titre apr\u00e8s 17 ans et premi\u00e8re Coupe d'Europe apr\u00e8s 41 ans pour Tottenham Hotspur\"},{\"@type\":\"BreadcrumbList\",\"@id\":\"https:\/\/vieassociative.be\/actualites\/1-0-contre-manu-premier-titre-apres-17-ans-et-premiere-coupe-deurope-apres-41-ans-pour-tottenham-hotspur\/#breadcrumb\",\"itemListElement\":[{\"@type\":\"ListItem\",\"position\":1,\"name\":\"Accueil\",\"item\":\"https:\/\/vieassociative.be\/actualites\/\"},{\"@type\":\"ListItem\",\"position\":2,\"name\":\"1-0 contre Manu: premier titre apr\u00e8s 17 ans et premi\u00e8re Coupe d&rsquo;Europe apr\u00e8s 41 ans pour Tottenham Hotspur\"}]},{\"@type\":\"WebSite\",\"@id\":\"https:\/\/vieassociative.be\/actualites\/#website\",\"url\":\"https:\/\/vieassociative.be\/actualites\/\",\"name\":\"Vie Associative\",\"description\":\"\",\"publisher\":{\"@id\":\"https:\/\/vieassociative.be\/actualites\/#organization\"},\"potentialAction\":[{\"@type\":\"SearchAction\",\"target\":{\"@type\":\"EntryPoint\",\"urlTemplate\":\"https:\/\/vieassociative.be\/actualites\/?s={search_term_string}\"},\"query-input\":{\"@type\":\"PropertyValueSpecification\",\"valueRequired\":true,\"valueName\":\"search_term_string\"}}],\"inLanguage\":\"fr-BE\"},{\"@type\":\"Organization\",\"@id\":\"https:\/\/vieassociative.be\/actualites\/#organization\",\"name\":\"Vie Associative\",\"url\":\"https:\/\/vieassociative.be\/actualites\/\",\"logo\":{\"@type\":\"ImageObject\",\"inLanguage\":\"fr-BE\",\"@id\":\"https:\/\/vieassociative.be\/actualites\/#\/schema\/logo\/image\/\",\"url\":\"https:\/\/vieassociative.be\/actualites\/wp-content\/uploads\/2024\/09\/cropped-vieassociative_favicon.ico.png\",\"contentUrl\":\"https:\/\/vieassociative.be\/actualites\/wp-content\/uploads\/2024\/09\/cropped-vieassociative_favicon.ico.png\",\"width\":512,\"height\":512,\"caption\":\"Vie Associative\"},\"image\":{\"@id\":\"https:\/\/vieassociative.be\/actualites\/#\/schema\/logo\/image\/\"}},{\"@type\":\"Person\",\"@id\":\"https:\/\/vieassociative.be\/actualites\/#\/schema\/person\/b87ac4f82f9d4e7b7cec7395b679edc4\",\"name\":\"Julien\",\"image\":{\"@type\":\"ImageObject\",\"inLanguage\":\"fr-BE\",\"@id\":\"https:\/\/vieassociative.be\/actualites\/#\/schema\/person\/image\/\",\"url\":\"https:\/\/vieassociative.be\/actualites\/wp-content\/uploads\/2024\/09\/vie-associative-1-150x150.jpg\",\"contentUrl\":\"https:\/\/vieassociative.be\/actualites\/wp-content\/uploads\/2024\/09\/vie-associative-1-150x150.jpg\",\"caption\":\"Julien\"},\"description\":\"Je suis Julien, r\u00e9dacteur pour Vie Associative. Passionn\u00e9 par le monde associatif depuis plus de 10 ans, j'ai \u00e0 c\u0153ur de partager des histoires inspirantes et de mettre en lumi\u00e8re les initiatives locales. Mon objectif est de sensibiliser et d'encourager l'engagement communautaire \u00e0 travers mes articles.\",\"sameAs\":[\"https:\/\/vieassociative.be\/\"]}]}<\/script>\n<!-- \/ Yoast SEO plugin. -->","yoast_head_json":{"title":"1-0 contre Manu: premier titre apr\u00e8s 17 ans et premi\u00e8re Coupe d'Europe apr\u00e8s 41 ans pour Tottenham Hotspur | Vie Associative","robots":{"index":"index","follow":"follow","max-snippet":"max-snippet:-1","max-image-preview":"max-image-preview:large","max-video-preview":"max-video-preview:-1"},"canonical":"https:\/\/vieassociative.be\/actualites\/1-0-contre-manu-premier-titre-apres-17-ans-et-premiere-coupe-deurope-apres-41-ans-pour-tottenham-hotspur\/","og_locale":"fr_FR","og_type":"article","og_title":"1-0 contre Manu: premier titre apr\u00e8s 17 ans et premi\u00e8re Coupe d'Europe apr\u00e8s 41 ans pour Tottenham Hotspur | Vie Associative","og_description":"Avec le premier titre en 17 ans et la premi\u00e8re victoire de la Coupe d&rsquo;Europe apr\u00e8s 41 ans, Tottenham Hotspur a enlev\u00e9 son image perdue","og_url":"https:\/\/vieassociative.be\/actualites\/1-0-contre-manu-premier-titre-apres-17-ans-et-premiere-coupe-deurope-apres-41-ans-pour-tottenham-hotspur\/","og_site_name":"Vie Associative","article_published_time":"2025-05-22T02:19:57+00:00","og_image":[{"width":279,"height":92,"url":"https:\/\/vieassociative.be\/actualites\/wp-content\/uploads\/2024\/09\/header_backgroundk-01-e1726694325946.png","type":"image\/png"}],"author":"Julien","twitter_card":"summary_large_image","twitter_misc":{"\u00c9crit par":"Julien","Dur\u00e9e de lecture est.":"3 minutes"},"schema":{"@context":"https:\/\/schema.org","@graph":[{"@type":"Article","@id":"https:\/\/vieassociative.be\/actualites\/1-0-contre-manu-premier-titre-apres-17-ans-et-premiere-coupe-deurope-apres-41-ans-pour-tottenham-hotspur\/#article","isPartOf":{"@id":"https:\/\/vieassociative.be\/actualites\/1-0-contre-manu-premier-titre-apres-17-ans-et-premiere-coupe-deurope-apres-41-ans-pour-tottenham-hotspur\/"},"author":{"name":"Julien","@id":"https:\/\/vieassociative.be\/actualites\/#\/schema\/person\/b87ac4f82f9d4e7b7cec7395b679edc4"},"headline":"1-0 contre Manu: premier titre apr\u00e8s 17 ans et premi\u00e8re Coupe d&rsquo;Europe apr\u00e8s 41 ans pour Tottenham Hotspur","datePublished":"2025-05-22T02:19:57+00:00","dateModified":"2025-05-22T02:19:57+00:00","mainEntityOfPage":{"@id":"https:\/\/vieassociative.be\/actualites\/1-0-contre-manu-premier-titre-apres-17-ans-et-premiere-coupe-deurope-apres-41-ans-pour-tottenham-hotspur\/"},"wordCount":720,"publisher":{"@id":"https:\/\/vieassociative.be\/actualites\/#organization"},"image":{"@id":"https:\/\/vieassociative.be\/actualites\/1-0-contre-manu-premier-titre-apres-17-ans-et-premiere-coupe-deurope-apres-41-ans-pour-tottenham-hotspur\/#primaryimage"},"thumbnailUrl":"https:\/\/vieassociative.be\/actualites\/wp-content\/uploads\/2025\/05\/1747880397_1-0-contre-Manu-premier-titre-apres-17-ans-et-premiere.jpg","keywords":["ans","Apr\u00e8s","contre","Coupe","dEurope","Hotspur","Manu","pour","premier","premi\u00e8re","titre","Tottenham"],"articleSection":["Belgique"],"inLanguage":"fr-BE"},{"@type":"WebPage","@id":"https:\/\/vieassociative.be\/actualites\/1-0-contre-manu-premier-titre-apres-17-ans-et-premiere-coupe-deurope-apres-41-ans-pour-tottenham-hotspur\/","url":"https:\/\/vieassociative.be\/actualites\/1-0-contre-manu-premier-titre-apres-17-ans-et-premiere-coupe-deurope-apres-41-ans-pour-tottenham-hotspur\/","name":"1-0 contre Manu: premier titre apr\u00e8s 17 ans et premi\u00e8re Coupe d'Europe apr\u00e8s 41 ans pour Tottenham Hotspur | Vie Associative","isPartOf":{"@id":"https:\/\/vieassociative.be\/actualites\/#website"},"primaryImageOfPage":{"@id":"https:\/\/vieassociative.be\/actualites\/1-0-contre-manu-premier-titre-apres-17-ans-et-premiere-coupe-deurope-apres-41-ans-pour-tottenham-hotspur\/#primaryimage"},"image":{"@id":"https:\/\/vieassociative.be\/actualites\/1-0-contre-manu-premier-titre-apres-17-ans-et-premiere-coupe-deurope-apres-41-ans-pour-tottenham-hotspur\/#primaryimage"},"thumbnailUrl":"https:\/\/vieassociative.be\/actualites\/wp-content\/uploads\/2025\/05\/1747880397_1-0-contre-Manu-premier-titre-apres-17-ans-et-premiere.jpg","datePublished":"2025-05-22T02:19:57+00:00","dateModified":"2025-05-22T02:19:57+00:00","breadcrumb":{"@id":"https:\/\/vieassociative.be\/actualites\/1-0-contre-manu-premier-titre-apres-17-ans-et-premiere-coupe-deurope-apres-41-ans-pour-tottenham-hotspur\/#breadcrumb"},"inLanguage":"fr-BE","potentialAction":[{"@type":"ReadAction","target":["https:\/\/vieassociative.be\/actualites\/1-0-contre-manu-premier-titre-apres-17-ans-et-premiere-coupe-deurope-apres-41-ans-pour-tottenham-hotspur\/"]}]},{"@type":"ImageObject","inLanguage":"fr-BE","@id":"https:\/\/vieassociative.be\/actualites\/1-0-contre-manu-premier-titre-apres-17-ans-et-premiere-coupe-deurope-apres-41-ans-pour-tottenham-hotspur\/#primaryimage","url":"https:\/\/vieassociative.be\/actualites\/wp-content\/uploads\/2025\/05\/1747880397_1-0-contre-Manu-premier-titre-apres-17-ans-et-premiere.jpg","contentUrl":"https:\/\/vieassociative.be\/actualites\/wp-content\/uploads\/2025\/05\/1747880397_1-0-contre-Manu-premier-titre-apres-17-ans-et-premiere.jpg","width":1200,"height":800,"caption":"1-0 contre Manu: premier titre apr\u00e8s 17 ans et premi\u00e8re Coupe d'Europe apr\u00e8s 41 ans pour Tottenham Hotspur"},{"@type":"BreadcrumbList","@id":"https:\/\/vieassociative.be\/actualites\/1-0-contre-manu-premier-titre-apres-17-ans-et-premiere-coupe-deurope-apres-41-ans-pour-tottenham-hotspur\/#breadcrumb","itemListElement":[{"@type":"ListItem","position":1,"name":"Accueil","item":"https:\/\/vieassociative.be\/actualites\/"},{"@type":"ListItem","position":2,"name":"1-0 contre Manu: premier titre apr\u00e8s 17 ans et premi\u00e8re Coupe d&rsquo;Europe apr\u00e8s 41 ans pour Tottenham Hotspur"}]},{"@type":"WebSite","@id":"https:\/\/vieassociative.be\/actualites\/#website","url":"https:\/\/vieassociative.be\/actualites\/","name":"Vie Associative","description":"","publisher":{"@id":"https:\/\/vieassociative.be\/actualites\/#organization"},"potentialAction":[{"@type":"SearchAction","target":{"@type":"EntryPoint","urlTemplate":"https:\/\/vieassociative.be\/actualites\/?s={search_term_string}"},"query-input":{"@type":"PropertyValueSpecification","valueRequired":true,"valueName":"search_term_string"}}],"inLanguage":"fr-BE"},{"@type":"Organization","@id":"https:\/\/vieassociative.be\/actualites\/#organization","name":"Vie Associative","url":"https:\/\/vieassociative.be\/actualites\/","logo":{"@type":"ImageObject","inLanguage":"fr-BE","@id":"https:\/\/vieassociative.be\/actualites\/#\/schema\/logo\/image\/","url":"https:\/\/vieassociative.be\/actualites\/wp-content\/uploads\/2024\/09\/cropped-vieassociative_favicon.ico.png","contentUrl":"https:\/\/vieassociative.be\/actualites\/wp-content\/uploads\/2024\/09\/cropped-vieassociative_favicon.ico.png","width":512,"height":512,"caption":"Vie Associative"},"image":{"@id":"https:\/\/vieassociative.be\/actualites\/#\/schema\/logo\/image\/"}},{"@type":"Person","@id":"https:\/\/vieassociative.be\/actualites\/#\/schema\/person\/b87ac4f82f9d4e7b7cec7395b679edc4","name":"Julien","image":{"@type":"ImageObject","inLanguage":"fr-BE","@id":"https:\/\/vieassociative.be\/actualites\/#\/schema\/person\/image\/","url":"https:\/\/vieassociative.be\/actualites\/wp-content\/uploads\/2024\/09\/vie-associative-1-150x150.jpg","contentUrl":"https:\/\/vieassociative.be\/actualites\/wp-content\/uploads\/2024\/09\/vie-associative-1-150x150.jpg","caption":"Julien"},"description":"Je suis Julien, r\u00e9dacteur pour Vie Associative. Passionn\u00e9 par le monde associatif depuis plus de 10 ans, j'ai \u00e0 c\u0153ur de partager des histoires inspirantes et de mettre en lumi\u00e8re les initiatives locales. Mon objectif est de sensibiliser et d'encourager l'engagement communautaire \u00e0 travers mes articles.","sameAs":["https:\/\/vieassociative.be\/"]}]}},"_links":{"self":[{"href":"https:\/\/vieassociative.be\/actualites\/wp-json\/wp\/v2\/posts\/7698"}],"collection":[{"href":"https:\/\/vieassociative.be\/actualites\/wp-json\/wp\/v2\/posts"}],"about":[{"href":"https:\/\/vieassociative.be\/actualites\/wp-json\/wp\/v2\/types\/post"}],"author":[{"embeddable":true,"href":"https:\/\/vieassociative.be\/actualites\/wp-json\/wp\/v2\/users\/1"}],"replies":[{"embeddable":true,"href":"https:\/\/vieassociative.be\/actualites\/wp-json\/wp\/v2\/comments?post=7698"}],"version-history":[{"count":0,"href":"https:\/\/vieassociative.be\/actualites\/wp-json\/wp\/v2\/posts\/7698\/revisions"}],"wp:featuredmedia":[{"embeddable":true,"href":"https:\/\/vieassociative.be\/actualites\/wp-json\/wp\/v2\/media\/7699"}],"wp:attachment":[{"href":"https:\/\/vieassociative.be\/actualites\/wp-json\/wp\/v2\/media?parent=7698"}],"wp:term":[{"taxonomy":"category","embeddable":true,"href":"https:\/\/vieassociative.be\/actualites\/wp-json\/wp\/v2\/categories?post=7698"},{"taxonomy":"post_tag","embeddable":true,"href":"https:\/\/vieassociative.be\/actualites\/wp-json\/wp\/v2\/tags?post=7698"}],"curies":[{"name":"wp","href":"https:\/\/api.w.org\/{rel}","templated":true}]}}