{"id":7696,"date":"2025-05-22T03:17:53","date_gmt":"2025-05-22T01:17:53","guid":{"rendered":"https:\/\/vieassociative.be\/actualites\/vous-pouvez-obtenir-un-m2-mac-mini-pour-140-de-reduction-en-ce-moment\/"},"modified":"2025-05-22T03:17:53","modified_gmt":"2025-05-22T01:17:53","slug":"vous-pouvez-obtenir-un-m2-mac-mini-pour-140-de-reduction-en-ce-moment","status":"publish","type":"post","link":"https:\/\/vieassociative.be\/actualites\/vous-pouvez-obtenir-un-m2-mac-mini-pour-140-de-reduction-en-ce-moment\/","title":{"rendered":"Vous pouvez obtenir un M2 Mac Mini pour 140 $ de r\u00e9duction en ce moment"},"content":{"rendered":"<div class=\"mt-4 leading-6 md:mb-8\">Cette transaction r\u00e9nov\u00e9e a beaucoup de sens si vous voulez sauter dans l&rsquo;\u00e9cosyst\u00e8me Apple sans se d\u00e9barrasser d&rsquo;un studio MAC ou d&rsquo;options haut de gamme.<\/div>\n<p><\/p>\n<p>Le Mac Mini a toujours \u00e9t\u00e9 de faire une quantit\u00e9 surprenante de puissance dans une minuscule coquille, et le d\u00e9but 2023 Apple Mac Mini M2 colle \u00e0 cette id\u00e9e. \u00c0 l&rsquo;heure actuelle, vous pouvez r\u00e9cup\u00e9rer le mod\u00e8le RAM de 8 Go, 512 Go en vente en vente pour 459,99 $ \u00e0 Stacksocial (contre 599 $), ou la version SSD de 256 Go pour 359,99 $. Les deux sont class\u00e9s \u00abGrade A\u00bb, ce qui signifie qu&rsquo;ils montrent peu ou pas d&rsquo;usure cosm\u00e9tique et sont sans exp\u00e9dition \u00e0 travers les \u00c9tats-Unis contigus <\/p>\n<p>Propuls\u00e9 par la puce M2 d&rsquo;Apple, ce mini bureau g\u00e8re tranquillement tout, du multit\u00e2che quotidien aux t\u00e2ches lourdes comme l&rsquo;\u00e9dition vid\u00e9o 8K. Son processeur \u00e0 8 c\u0153urs, son GPU \u00e0 10 c\u0153urs et son moteur neuronal \u00e0 16 c\u0153urs lui donnent un vrai muscle, en particulier pour les cr\u00e9atifs ou toute personne qui jongle sur plusieurs applications et onglets \u00e0 la fois. Cependant, gardez \u00e0 l&rsquo;esprit que m\u00eame si c&rsquo;est une b\u00eate pour la plupart des workflows, 8 Go de RAM peut se sentir serr\u00e9 pour les charges de travail professionnelles plus lourdes, comme la production vid\u00e9o ou le rendu 3D.<\/p>\n<div class=\"pogoClear relative my-10 border-b-(1.5px) border-t-(1.5px) border-dashed border-black py-5 sm:my-14 sm:border-0 sm:py-0\" data-ga-click data-ga-template=\"Deals\" data-ga-module=\"openweb_widget\" data-ga-element=\"openweb_scroll\" data-ga-item=\"openweb_scroll_midpage\" x-cloak x-data=\"{ commentsCount: null, hasComments: false }\" x-init=\"commentsCount = await window.openweb.getMessagesCount(01JT0EY1JN04BS7TMJCT4ZG790);\n     hasComments = commentsCount !== null &amp;&amp; commentsCount &gt; 0\"><\/p>\n<div class=\"absolute top-1\/2 hidden w-full -translate-y-1\/2 border-t-(1.5px) border-dashed border-black sm:block\"><\/div>\n<div class=\"relative flex justify-center\">\n<div class=\"flex max-w-max items-center gap-x-3 bg-white px-5\">\n<div class=\"relative\">\n                <span class=\"absolute left-1\/2 top-1\/2 -translate-x-1\/2 -translate-y-1\/2 font-akshar text-sm font-medium text-black\" x-show=\"hasComments\" x-text=\"commentsCount\"><\/span><\/p>\n<p>                <svg class=\"h-8 w-8 text-black\">\n                    <use href=\"http:\/\/lifehacker.com\/images\/icons\/spritemap.svg#sprite-chat-bubble\"><\/use>\n                <\/svg>\n            <\/div>\n<p>            <span class=\"text-sm font-medium text-black\"><\/p>\n<p>                Que pensez-vous jusqu&rsquo;\u00e0 pr\u00e9sent?<br \/>\n                <button class=\"font-semibold text-brand-green underline hover:text-brand-green-700\" onclick=\"window.openweb.scrollToComments('01JT0EY1JN04BS7TMJCT4ZG790')\" x-text=\"hasComments ? 'Post a comment.' : 'Be the first to post a comment.'\"><\/button><br \/>\n            <\/span>\n        <\/div>\n<\/p><\/div>\n<\/div>\n<p>Ces Mac Minis ex\u00e9cutent MacOS Ventura hors de la bo\u00eete (avec un chemin de mise \u00e0 niveau facile vers les derniers macOS Sequoia, afin que vous ne commencez pas sur un syst\u00e8me obsol\u00e8te), et prends en charge jusqu&rsquo;\u00e0 deux \u00e9crans externes, dont un jusqu&rsquo;\u00e0 6k sur Thunderbolt et un autre jusqu&rsquo;\u00e0 5k (ou 4K via HDMI), ce qui en fait une pi\u00e8ce centrale forte pour des configurations cr\u00e9atives. Il y a aussi de s\u00e9rieuses options de connectivit\u00e9 &#8211; deux ports Thunderbolt 4, un port HDMI avec support 8K, deux ports USB-A, Ethernet et une prise casque pr\u00eate pour des \u00e9couteurs \u00e0 haute imp\u00e9dance. WiFi 6E et Bluetooth 5.3 Arrondage des choses, vous donnant des connexions sans fil plus rapides et plus stables. Avec des temps de d\u00e9marrage rapides, une excellente s\u00e9curit\u00e9 cuite dans le mat\u00e9riel et un facteur de forme qui ne p\u00e8se que 2,6 livres, le Mac Mini M2 ressemble \u00e0 une mise \u00e0 niveau s\u00e9rieuse emball\u00e9e dans une conception minimaliste. C&rsquo;est une petite machine avec une ambition s\u00e9rieuse, et pour la plupart des gens, c&rsquo;est plus que suffisant.<\/p>\n","protected":false},"excerpt":{"rendered":"<p>Cette transaction r\u00e9nov\u00e9e a beaucoup de sens si vous voulez sauter dans l&rsquo;\u00e9cosyst\u00e8me Apple sans se d\u00e9barrasser d&rsquo;un studio MAC ou d&rsquo;options haut de gamme.<\/p>\n","protected":false},"author":1,"featured_media":7697,"comment_status":"","ping_status":"","sticky":false,"template":"","format":"standard","meta":{"footnotes":""},"categories":[13],"tags":[1112,1529,1429,227,81,5,308,4],"class_list":["post-7696","post","type-post","status-publish","format-standard","has-post-thumbnail","hentry","category-technologie","tag-mac","tag-mini","tag-moment","tag-obtenir","tag-pour","tag-pouvez","tag-reduction","tag-vous","generate-columns","tablet-grid-50","mobile-grid-100","grid-parent","grid-33"],"yoast_head":"<!-- This site is optimized with the Yoast SEO plugin v24.0 - https:\/\/yoast.com\/wordpress\/plugins\/seo\/ -->\n<title>Vous pouvez obtenir un M2 Mac Mini pour 140 $ de r\u00e9duction en ce moment | Vie Associative<\/title>\n<meta name=\"robots\" content=\"index, follow, max-snippet:-1, max-image-preview:large, max-video-preview:-1\" \/>\n<link rel=\"canonical\" href=\"https:\/\/vieassociative.be\/actualites\/vous-pouvez-obtenir-un-m2-mac-mini-pour-140-de-reduction-en-ce-moment\/\" \/>\n<meta property=\"og:locale\" content=\"fr_FR\" \/>\n<meta property=\"og:type\" content=\"article\" \/>\n<meta property=\"og:title\" content=\"Vous pouvez obtenir un M2 Mac Mini pour 140 $ de r\u00e9duction en ce moment | Vie Associative\" \/>\n<meta property=\"og:description\" content=\"Cette transaction r\u00e9nov\u00e9e a beaucoup de sens si vous voulez sauter dans l&rsquo;\u00e9cosyst\u00e8me Apple sans se d\u00e9barrasser d&rsquo;un studio MAC ou d&rsquo;options haut de gamme.\" \/>\n<meta property=\"og:url\" content=\"https:\/\/vieassociative.be\/actualites\/vous-pouvez-obtenir-un-m2-mac-mini-pour-140-de-reduction-en-ce-moment\/\" \/>\n<meta property=\"og:site_name\" content=\"Vie Associative\" \/>\n<meta property=\"article:published_time\" content=\"2025-05-22T01:17:53+00:00\" \/>\n<meta property=\"og:image\" content=\"https:\/\/vieassociative.be\/actualites\/wp-content\/uploads\/2024\/09\/header_backgroundk-01-e1726694325946.png\" \/>\n\t<meta property=\"og:image:width\" content=\"279\" \/>\n\t<meta property=\"og:image:height\" content=\"92\" \/>\n\t<meta property=\"og:image:type\" content=\"image\/png\" \/>\n<meta name=\"author\" content=\"Julien\" \/>\n<meta name=\"twitter:card\" content=\"summary_large_image\" \/>\n<meta name=\"twitter:label1\" content=\"\u00c9crit par\" \/>\n\t<meta name=\"twitter:data1\" content=\"Julien\" \/>\n\t<meta name=\"twitter:label2\" content=\"Dur\u00e9e de lecture est.\" \/>\n\t<meta name=\"twitter:data2\" content=\"2 minutes\" \/>\n<script type=\"application\/ld+json\" class=\"yoast-schema-graph\">{\"@context\":\"https:\/\/schema.org\",\"@graph\":[{\"@type\":\"Article\",\"@id\":\"https:\/\/vieassociative.be\/actualites\/vous-pouvez-obtenir-un-m2-mac-mini-pour-140-de-reduction-en-ce-moment\/#article\",\"isPartOf\":{\"@id\":\"https:\/\/vieassociative.be\/actualites\/vous-pouvez-obtenir-un-m2-mac-mini-pour-140-de-reduction-en-ce-moment\/\"},\"author\":{\"name\":\"Julien\",\"@id\":\"https:\/\/vieassociative.be\/actualites\/#\/schema\/person\/b87ac4f82f9d4e7b7cec7395b679edc4\"},\"headline\":\"Vous pouvez obtenir un M2 Mac Mini pour 140 $ de r\u00e9duction en ce moment\",\"datePublished\":\"2025-05-22T01:17:53+00:00\",\"dateModified\":\"2025-05-22T01:17:53+00:00\",\"mainEntityOfPage\":{\"@id\":\"https:\/\/vieassociative.be\/actualites\/vous-pouvez-obtenir-un-m2-mac-mini-pour-140-de-reduction-en-ce-moment\/\"},\"wordCount\":436,\"publisher\":{\"@id\":\"https:\/\/vieassociative.be\/actualites\/#organization\"},\"image\":{\"@id\":\"https:\/\/vieassociative.be\/actualites\/vous-pouvez-obtenir-un-m2-mac-mini-pour-140-de-reduction-en-ce-moment\/#primaryimage\"},\"thumbnailUrl\":\"https:\/\/vieassociative.be\/actualites\/wp-content\/uploads\/2025\/05\/Vous-pouvez-obtenir-un-M2-Mac-Mini-pour-140.png\",\"keywords\":[\"Mac\",\"Mini\",\"moment\",\"obtenir\",\"pour\",\"pouvez\",\"r\u00e9duction\",\"Vous\"],\"articleSection\":[\"Technologie\"],\"inLanguage\":\"fr-BE\"},{\"@type\":\"WebPage\",\"@id\":\"https:\/\/vieassociative.be\/actualites\/vous-pouvez-obtenir-un-m2-mac-mini-pour-140-de-reduction-en-ce-moment\/\",\"url\":\"https:\/\/vieassociative.be\/actualites\/vous-pouvez-obtenir-un-m2-mac-mini-pour-140-de-reduction-en-ce-moment\/\",\"name\":\"Vous pouvez obtenir un M2 Mac Mini pour 140 $ de r\u00e9duction en ce moment | Vie Associative\",\"isPartOf\":{\"@id\":\"https:\/\/vieassociative.be\/actualites\/#website\"},\"primaryImageOfPage\":{\"@id\":\"https:\/\/vieassociative.be\/actualites\/vous-pouvez-obtenir-un-m2-mac-mini-pour-140-de-reduction-en-ce-moment\/#primaryimage\"},\"image\":{\"@id\":\"https:\/\/vieassociative.be\/actualites\/vous-pouvez-obtenir-un-m2-mac-mini-pour-140-de-reduction-en-ce-moment\/#primaryimage\"},\"thumbnailUrl\":\"https:\/\/vieassociative.be\/actualites\/wp-content\/uploads\/2025\/05\/Vous-pouvez-obtenir-un-M2-Mac-Mini-pour-140.png\",\"datePublished\":\"2025-05-22T01:17:53+00:00\",\"dateModified\":\"2025-05-22T01:17:53+00:00\",\"breadcrumb\":{\"@id\":\"https:\/\/vieassociative.be\/actualites\/vous-pouvez-obtenir-un-m2-mac-mini-pour-140-de-reduction-en-ce-moment\/#breadcrumb\"},\"inLanguage\":\"fr-BE\",\"potentialAction\":[{\"@type\":\"ReadAction\",\"target\":[\"https:\/\/vieassociative.be\/actualites\/vous-pouvez-obtenir-un-m2-mac-mini-pour-140-de-reduction-en-ce-moment\/\"]}]},{\"@type\":\"ImageObject\",\"inLanguage\":\"fr-BE\",\"@id\":\"https:\/\/vieassociative.be\/actualites\/vous-pouvez-obtenir-un-m2-mac-mini-pour-140-de-reduction-en-ce-moment\/#primaryimage\",\"url\":\"https:\/\/vieassociative.be\/actualites\/wp-content\/uploads\/2025\/05\/Vous-pouvez-obtenir-un-M2-Mac-Mini-pour-140.png\",\"contentUrl\":\"https:\/\/vieassociative.be\/actualites\/wp-content\/uploads\/2025\/05\/Vous-pouvez-obtenir-un-M2-Mac-Mini-pour-140.png\",\"width\":1200,\"height\":675,\"caption\":\"Vous pouvez obtenir un M2 Mac Mini pour 140 $ de r\u00e9duction en ce moment\"},{\"@type\":\"BreadcrumbList\",\"@id\":\"https:\/\/vieassociative.be\/actualites\/vous-pouvez-obtenir-un-m2-mac-mini-pour-140-de-reduction-en-ce-moment\/#breadcrumb\",\"itemListElement\":[{\"@type\":\"ListItem\",\"position\":1,\"name\":\"Accueil\",\"item\":\"https:\/\/vieassociative.be\/actualites\/\"},{\"@type\":\"ListItem\",\"position\":2,\"name\":\"Vous pouvez obtenir un M2 Mac Mini pour 140 $ de r\u00e9duction en ce moment\"}]},{\"@type\":\"WebSite\",\"@id\":\"https:\/\/vieassociative.be\/actualites\/#website\",\"url\":\"https:\/\/vieassociative.be\/actualites\/\",\"name\":\"Vie Associative\",\"description\":\"\",\"publisher\":{\"@id\":\"https:\/\/vieassociative.be\/actualites\/#organization\"},\"potentialAction\":[{\"@type\":\"SearchAction\",\"target\":{\"@type\":\"EntryPoint\",\"urlTemplate\":\"https:\/\/vieassociative.be\/actualites\/?s={search_term_string}\"},\"query-input\":{\"@type\":\"PropertyValueSpecification\",\"valueRequired\":true,\"valueName\":\"search_term_string\"}}],\"inLanguage\":\"fr-BE\"},{\"@type\":\"Organization\",\"@id\":\"https:\/\/vieassociative.be\/actualites\/#organization\",\"name\":\"Vie Associative\",\"url\":\"https:\/\/vieassociative.be\/actualites\/\",\"logo\":{\"@type\":\"ImageObject\",\"inLanguage\":\"fr-BE\",\"@id\":\"https:\/\/vieassociative.be\/actualites\/#\/schema\/logo\/image\/\",\"url\":\"https:\/\/vieassociative.be\/actualites\/wp-content\/uploads\/2024\/09\/cropped-vieassociative_favicon.ico.png\",\"contentUrl\":\"https:\/\/vieassociative.be\/actualites\/wp-content\/uploads\/2024\/09\/cropped-vieassociative_favicon.ico.png\",\"width\":512,\"height\":512,\"caption\":\"Vie Associative\"},\"image\":{\"@id\":\"https:\/\/vieassociative.be\/actualites\/#\/schema\/logo\/image\/\"}},{\"@type\":\"Person\",\"@id\":\"https:\/\/vieassociative.be\/actualites\/#\/schema\/person\/b87ac4f82f9d4e7b7cec7395b679edc4\",\"name\":\"Julien\",\"image\":{\"@type\":\"ImageObject\",\"inLanguage\":\"fr-BE\",\"@id\":\"https:\/\/vieassociative.be\/actualites\/#\/schema\/person\/image\/\",\"url\":\"https:\/\/vieassociative.be\/actualites\/wp-content\/uploads\/2024\/09\/vie-associative-1-150x150.jpg\",\"contentUrl\":\"https:\/\/vieassociative.be\/actualites\/wp-content\/uploads\/2024\/09\/vie-associative-1-150x150.jpg\",\"caption\":\"Julien\"},\"description\":\"Je suis Julien, r\u00e9dacteur pour Vie Associative. Passionn\u00e9 par le monde associatif depuis plus de 10 ans, j'ai \u00e0 c\u0153ur de partager des histoires inspirantes et de mettre en lumi\u00e8re les initiatives locales. Mon objectif est de sensibiliser et d'encourager l'engagement communautaire \u00e0 travers mes articles.\",\"sameAs\":[\"https:\/\/vieassociative.be\/\"]}]}<\/script>\n<!-- \/ Yoast SEO plugin. -->","yoast_head_json":{"title":"Vous pouvez obtenir un M2 Mac Mini pour 140 $ de r\u00e9duction en ce moment | Vie Associative","robots":{"index":"index","follow":"follow","max-snippet":"max-snippet:-1","max-image-preview":"max-image-preview:large","max-video-preview":"max-video-preview:-1"},"canonical":"https:\/\/vieassociative.be\/actualites\/vous-pouvez-obtenir-un-m2-mac-mini-pour-140-de-reduction-en-ce-moment\/","og_locale":"fr_FR","og_type":"article","og_title":"Vous pouvez obtenir un M2 Mac Mini pour 140 $ de r\u00e9duction en ce moment | Vie Associative","og_description":"Cette transaction r\u00e9nov\u00e9e a beaucoup de sens si vous voulez sauter dans l&rsquo;\u00e9cosyst\u00e8me Apple sans se d\u00e9barrasser d&rsquo;un studio MAC ou d&rsquo;options haut de gamme.","og_url":"https:\/\/vieassociative.be\/actualites\/vous-pouvez-obtenir-un-m2-mac-mini-pour-140-de-reduction-en-ce-moment\/","og_site_name":"Vie Associative","article_published_time":"2025-05-22T01:17:53+00:00","og_image":[{"width":279,"height":92,"url":"https:\/\/vieassociative.be\/actualites\/wp-content\/uploads\/2024\/09\/header_backgroundk-01-e1726694325946.png","type":"image\/png"}],"author":"Julien","twitter_card":"summary_large_image","twitter_misc":{"\u00c9crit par":"Julien","Dur\u00e9e de lecture est.":"2 minutes"},"schema":{"@context":"https:\/\/schema.org","@graph":[{"@type":"Article","@id":"https:\/\/vieassociative.be\/actualites\/vous-pouvez-obtenir-un-m2-mac-mini-pour-140-de-reduction-en-ce-moment\/#article","isPartOf":{"@id":"https:\/\/vieassociative.be\/actualites\/vous-pouvez-obtenir-un-m2-mac-mini-pour-140-de-reduction-en-ce-moment\/"},"author":{"name":"Julien","@id":"https:\/\/vieassociative.be\/actualites\/#\/schema\/person\/b87ac4f82f9d4e7b7cec7395b679edc4"},"headline":"Vous pouvez obtenir un M2 Mac Mini pour 140 $ de r\u00e9duction en ce moment","datePublished":"2025-05-22T01:17:53+00:00","dateModified":"2025-05-22T01:17:53+00:00","mainEntityOfPage":{"@id":"https:\/\/vieassociative.be\/actualites\/vous-pouvez-obtenir-un-m2-mac-mini-pour-140-de-reduction-en-ce-moment\/"},"wordCount":436,"publisher":{"@id":"https:\/\/vieassociative.be\/actualites\/#organization"},"image":{"@id":"https:\/\/vieassociative.be\/actualites\/vous-pouvez-obtenir-un-m2-mac-mini-pour-140-de-reduction-en-ce-moment\/#primaryimage"},"thumbnailUrl":"https:\/\/vieassociative.be\/actualites\/wp-content\/uploads\/2025\/05\/Vous-pouvez-obtenir-un-M2-Mac-Mini-pour-140.png","keywords":["Mac","Mini","moment","obtenir","pour","pouvez","r\u00e9duction","Vous"],"articleSection":["Technologie"],"inLanguage":"fr-BE"},{"@type":"WebPage","@id":"https:\/\/vieassociative.be\/actualites\/vous-pouvez-obtenir-un-m2-mac-mini-pour-140-de-reduction-en-ce-moment\/","url":"https:\/\/vieassociative.be\/actualites\/vous-pouvez-obtenir-un-m2-mac-mini-pour-140-de-reduction-en-ce-moment\/","name":"Vous pouvez obtenir un M2 Mac Mini pour 140 $ de r\u00e9duction en ce moment | Vie Associative","isPartOf":{"@id":"https:\/\/vieassociative.be\/actualites\/#website"},"primaryImageOfPage":{"@id":"https:\/\/vieassociative.be\/actualites\/vous-pouvez-obtenir-un-m2-mac-mini-pour-140-de-reduction-en-ce-moment\/#primaryimage"},"image":{"@id":"https:\/\/vieassociative.be\/actualites\/vous-pouvez-obtenir-un-m2-mac-mini-pour-140-de-reduction-en-ce-moment\/#primaryimage"},"thumbnailUrl":"https:\/\/vieassociative.be\/actualites\/wp-content\/uploads\/2025\/05\/Vous-pouvez-obtenir-un-M2-Mac-Mini-pour-140.png","datePublished":"2025-05-22T01:17:53+00:00","dateModified":"2025-05-22T01:17:53+00:00","breadcrumb":{"@id":"https:\/\/vieassociative.be\/actualites\/vous-pouvez-obtenir-un-m2-mac-mini-pour-140-de-reduction-en-ce-moment\/#breadcrumb"},"inLanguage":"fr-BE","potentialAction":[{"@type":"ReadAction","target":["https:\/\/vieassociative.be\/actualites\/vous-pouvez-obtenir-un-m2-mac-mini-pour-140-de-reduction-en-ce-moment\/"]}]},{"@type":"ImageObject","inLanguage":"fr-BE","@id":"https:\/\/vieassociative.be\/actualites\/vous-pouvez-obtenir-un-m2-mac-mini-pour-140-de-reduction-en-ce-moment\/#primaryimage","url":"https:\/\/vieassociative.be\/actualites\/wp-content\/uploads\/2025\/05\/Vous-pouvez-obtenir-un-M2-Mac-Mini-pour-140.png","contentUrl":"https:\/\/vieassociative.be\/actualites\/wp-content\/uploads\/2025\/05\/Vous-pouvez-obtenir-un-M2-Mac-Mini-pour-140.png","width":1200,"height":675,"caption":"Vous pouvez obtenir un M2 Mac Mini pour 140 $ de r\u00e9duction en ce moment"},{"@type":"BreadcrumbList","@id":"https:\/\/vieassociative.be\/actualites\/vous-pouvez-obtenir-un-m2-mac-mini-pour-140-de-reduction-en-ce-moment\/#breadcrumb","itemListElement":[{"@type":"ListItem","position":1,"name":"Accueil","item":"https:\/\/vieassociative.be\/actualites\/"},{"@type":"ListItem","position":2,"name":"Vous pouvez obtenir un M2 Mac Mini pour 140 $ de r\u00e9duction en ce moment"}]},{"@type":"WebSite","@id":"https:\/\/vieassociative.be\/actualites\/#website","url":"https:\/\/vieassociative.be\/actualites\/","name":"Vie Associative","description":"","publisher":{"@id":"https:\/\/vieassociative.be\/actualites\/#organization"},"potentialAction":[{"@type":"SearchAction","target":{"@type":"EntryPoint","urlTemplate":"https:\/\/vieassociative.be\/actualites\/?s={search_term_string}"},"query-input":{"@type":"PropertyValueSpecification","valueRequired":true,"valueName":"search_term_string"}}],"inLanguage":"fr-BE"},{"@type":"Organization","@id":"https:\/\/vieassociative.be\/actualites\/#organization","name":"Vie Associative","url":"https:\/\/vieassociative.be\/actualites\/","logo":{"@type":"ImageObject","inLanguage":"fr-BE","@id":"https:\/\/vieassociative.be\/actualites\/#\/schema\/logo\/image\/","url":"https:\/\/vieassociative.be\/actualites\/wp-content\/uploads\/2024\/09\/cropped-vieassociative_favicon.ico.png","contentUrl":"https:\/\/vieassociative.be\/actualites\/wp-content\/uploads\/2024\/09\/cropped-vieassociative_favicon.ico.png","width":512,"height":512,"caption":"Vie Associative"},"image":{"@id":"https:\/\/vieassociative.be\/actualites\/#\/schema\/logo\/image\/"}},{"@type":"Person","@id":"https:\/\/vieassociative.be\/actualites\/#\/schema\/person\/b87ac4f82f9d4e7b7cec7395b679edc4","name":"Julien","image":{"@type":"ImageObject","inLanguage":"fr-BE","@id":"https:\/\/vieassociative.be\/actualites\/#\/schema\/person\/image\/","url":"https:\/\/vieassociative.be\/actualites\/wp-content\/uploads\/2024\/09\/vie-associative-1-150x150.jpg","contentUrl":"https:\/\/vieassociative.be\/actualites\/wp-content\/uploads\/2024\/09\/vie-associative-1-150x150.jpg","caption":"Julien"},"description":"Je suis Julien, r\u00e9dacteur pour Vie Associative. Passionn\u00e9 par le monde associatif depuis plus de 10 ans, j'ai \u00e0 c\u0153ur de partager des histoires inspirantes et de mettre en lumi\u00e8re les initiatives locales. Mon objectif est de sensibiliser et d'encourager l'engagement communautaire \u00e0 travers mes articles.","sameAs":["https:\/\/vieassociative.be\/"]}]}},"_links":{"self":[{"href":"https:\/\/vieassociative.be\/actualites\/wp-json\/wp\/v2\/posts\/7696"}],"collection":[{"href":"https:\/\/vieassociative.be\/actualites\/wp-json\/wp\/v2\/posts"}],"about":[{"href":"https:\/\/vieassociative.be\/actualites\/wp-json\/wp\/v2\/types\/post"}],"author":[{"embeddable":true,"href":"https:\/\/vieassociative.be\/actualites\/wp-json\/wp\/v2\/users\/1"}],"replies":[{"embeddable":true,"href":"https:\/\/vieassociative.be\/actualites\/wp-json\/wp\/v2\/comments?post=7696"}],"version-history":[{"count":0,"href":"https:\/\/vieassociative.be\/actualites\/wp-json\/wp\/v2\/posts\/7696\/revisions"}],"wp:featuredmedia":[{"embeddable":true,"href":"https:\/\/vieassociative.be\/actualites\/wp-json\/wp\/v2\/media\/7697"}],"wp:attachment":[{"href":"https:\/\/vieassociative.be\/actualites\/wp-json\/wp\/v2\/media?parent=7696"}],"wp:term":[{"taxonomy":"category","embeddable":true,"href":"https:\/\/vieassociative.be\/actualites\/wp-json\/wp\/v2\/categories?post=7696"},{"taxonomy":"post_tag","embeddable":true,"href":"https:\/\/vieassociative.be\/actualites\/wp-json\/wp\/v2\/tags?post=7696"}],"curies":[{"name":"wp","href":"https:\/\/api.w.org\/{rel}","templated":true}]}}