{"id":7692,"date":"2025-05-21T22:17:40","date_gmt":"2025-05-21T20:17:40","guid":{"rendered":"https:\/\/vieassociative.be\/actualites\/bundesliga-dream-le-sv-elversberg-rappelle-la-montee-de-la-1ere-division-2009-2010\/"},"modified":"2025-05-21T22:17:40","modified_gmt":"2025-05-21T20:17:40","slug":"bundesliga-dream-le-sv-elversberg-rappelle-la-montee-de-la-1ere-division-2009-2010","status":"publish","type":"post","link":"https:\/\/vieassociative.be\/actualites\/bundesliga-dream-le-sv-elversberg-rappelle-la-montee-de-la-1ere-division-2009-2010\/","title":{"rendered":"Bundesliga Dream Le SV Elversberg rappelle la mont\u00e9e de la 1\u00e8re division 2009\/2010"},"content":{"rendered":"<p><strong>Le SV Elversberg secoue vigoureusement \u00e0 la porte de la chambre haute du football allemand. L&rsquo;\u00e9quipe de sensation de Saarland entre calmement dans la rel\u00e9gation contre Heidenheim. Il s&rsquo;agit d&rsquo;un cas pour les romantistes de football et rappelle ce que les fans de football de l&rsquo;est de la Belgique ont v\u00e9cu \u00e0 la fin de la saison 2009\/2010 lorsque l&rsquo;AS Eupen a promu la premi\u00e8re division.<\/strong><\/p>\n<p><span id=\"more-415949\"><\/span>Si SV Elversberg faisait la promotion de la Bundesliga, ce ne serait que le quatri\u00e8me club du petit Saarland, qui a r\u00e9ussi.<\/p>\n<p>Le FC Saarbr\u00fccken (1963\/64, 1976 \u00e0 1978, 1985\/86, 1992\/93), le Borussia Neunkerchen (1964 \u00e0 1966, 1967\/68) et le FC Homburg (1986 \u00e0 1988, 1989\/90) ont \u00e9t\u00e9 jou\u00e9s jusqu&rsquo;\u00e0 pr\u00e9sent dans le football allemande. En outre, le record de la plus petite ville de Bundesliga a \u00e9t\u00e9 battu par Unterhaching dans le district de Munich (20 000 habitants).<\/p>\n<div id=\"attachment_415954\" class=\"wp-caption alignleft\" style=\"max-width: 300px\"><img fetchpriority=\"high\" decoding=\"async\" class=\"wp-image-415954 size-medium\" src=\"https:\/\/vieassociative.be\/actualites\/wp-content\/uploads\/2025\/05\/Bundesliga-Dream-Le-SV-Elversberg-rappelle-la-montee-de-la.jpg\" alt=\"\" width=\"300\" height=\"200\"><\/p>\n<p class=\"wp-caption-text\">21\/05\/2025, Saarland, Spiesen-Elversberg: SV Elversberg joue dans la rel\u00e9gation contre le 1. FC Heidenheim pour la promotion de la 1\u00e8re Bundesliga de football. Photo: Oliver Dietze \/ DPA<\/p>\n<\/div>\n<p>En d\u00e9m\u00e9nageant dans des conteneurs, un mini stade en tant que chantier de construction, pas de gare: les footballeurs et les fans doivent s&rsquo;y pr\u00e9parer si l&rsquo;Elversberg Game Association en tant que club de la plus petite communaut\u00e9 jamais atteint la 1\u00e8re Bundesliga. Avant la rel\u00e9gation contre 1. FC Heidenheim, de nombreux experts recherchent d&rsquo;abord sur la carte o\u00f9 cette \u00e9quipe de sensation de Saarland est en fait \u00e0 la maison.<\/p>\n<p>Spiesen-Elversberg avec un total de 13 000 habitants est situ\u00e9 \u00e0 15 kilom\u00e8tres au nord-est de Saarbr\u00fccken. Pour les tiers de la deuxi\u00e8me division, jeudi (20h30\/sat.1 et en Belgique \u00e9galement sur Dazn), le match aller \u00e0 Heidenheim, avant le club du village de la Kaiserlinde, pourrait faire quelque chose de parfait lundi, qui n&rsquo;a pas \u00e9t\u00e9 cru dans la mont\u00e9e de la ligue r\u00e9gionale il y a trois ans. Tout sur Elversberg devient fou ces jours-ci, seul l&rsquo;entra\u00eeneur est le calme lui-m\u00eame.<\/p>\n<div id=\"attachment_415955\" class=\"wp-caption alignleft\" style=\"max-width: 300px\"><img decoding=\"async\" class=\"wp-image-415955 size-medium\" src=\"https:\/\/vieassociative.be\/actualites\/wp-content\/uploads\/2025\/05\/1747858660_97_Bundesliga-Dream-Le-SV-Elversberg-rappelle-la-montee-de-la.jpg\" alt=\"\" width=\"300\" height=\"200\"  ><\/p>\n<p class=\"wp-caption-text\">21\/05\/2025, SAARLAND, Spiesen-Elversberg: Football, rel\u00e9gation de Bundesliga: le district de Spiesen-Elversberg Spies. SV Elversberg joue dans la rel\u00e9gation contre 1. FC Heidenheim pour la promotion de la 1\u00e8re Bundesliga de football. Photo: Oliver Dietze \/ DPA<\/p>\n<\/div>\n<p>\u00ab\u00a0L&rsquo;histoire enti\u00e8re, comme elle l&rsquo;a fait maintenant, est un r\u00eave. Parce qu&rsquo;il est tellement extraordinaire parce que nous avons \u00e9t\u00e9 beaucoup atteints avec peu d&rsquo;options que nous avons\u00a0\u00bb, a d\u00e9clar\u00e9 Horst Steffen. \u00ab\u00a0Si la cerise sur le g\u00e2teau s&rsquo;allume, je l&rsquo;attends avec impatience. Mais maintenant je ne r\u00eave pas tous les soirs ou pendant la journ\u00e9e que nous jouons dans la Bundesliga.\u00a0\u00bb<\/p>\n<p><strong>&#8211; \u00ab\u00a0Nous n&rsquo;aurons aucune pression\u00a0\u00bb:<\/strong> Elversberg peut sortir de la chambre haute lors des deux matchs de prise de d\u00e9cision contre le troisi\u00e8me dernier. \u00ab\u00a0Nous n&rsquo;aurons \u00e9galement aucune pression dans la rel\u00e9gation\u00a0\u00bb, a d\u00e9clar\u00e9 le capitaine Robin Fellhauer.<\/p>\n<p>La municipalit\u00e9 affronterait &#8211; une fois de plus &#8211; une c\u00e9r\u00e9monie de promotion avec un grand d\u00e9fi. \u00ab\u00a0Non, il n&rsquo;y a pas de balcon de la mairie. Nous n&rsquo;en avons pas, mais nous le d\u00e9velopperions \u00e9galement. Si cela devait \u00eatre &#8211; croyez-moi &#8211; nous pouvons le faire\u00a0\u00bb, a d\u00e9clar\u00e9 le maire Bernd Huf. M\u00eame le champion allemand Bayer Leverkusen n&rsquo;avait personne: \u00ab\u00a0Nous n&rsquo;avons donc pas \u00e0 nous cacher.\u00a0\u00bb Lors de la derni\u00e8re ascension, vous venez de cr\u00e9er un \u00e9chafaudage.<\/p>\n<p>Sur Rails, les fans \u00e0 l&rsquo;ext\u00e9rieur ne peuvent pas se rendre \u00e0 Elversberg. \u00ab\u00a0Mais nous avons des gares \u00e0 St. Ingbert, Neunkerchen et Friedrichsthal\u00a0\u00bb, souligne le chef de la communaut\u00e9. Bien s\u00fbr, vous devez toujours travailler sur l&rsquo;infrastructure. \u00ab\u00a0Mais c&rsquo;\u00e9tait clair pour tout le monde. Nous devons le faire m\u00eame si nous restons dans la 2e ligue.\u00a0\u00bb Les cabines des joueurs sont actuellement log\u00e9es dans des conteneurs. Une fois la conversion termin\u00e9e, l&rsquo;Ursapharm-Arena d\u00e9tiendra 15 000 spectateurs, actuellement seulement environ 10 000.<\/p>\n<div id=\"attachment_415969\" class=\"wp-caption alignleft\" style=\"max-width: 300px\"><img decoding=\"async\" class=\"wp-image-415969 size-medium\" src=\"https:\/\/vieassociative.be\/actualites\/wp-content\/uploads\/2025\/05\/1747858660_697_Bundesliga-Dream-Le-SV-Elversberg-rappelle-la-montee-de-la.jpg\" alt=\"\" width=\"300\" height=\"200\"><\/p>\n<p class=\"wp-caption-text\">18.05.2025, Rhin-Westphalie du Nord, Gelsenkirchen: l&rsquo;entra\u00eeneur d&rsquo;Elversberg, Horst Steffen, applaudit apr\u00e8s la victoire \u00e0 Schalke. Photo: David Inderlied \/ DPA<\/p>\n<\/div>\n<p>Grand &#8211; mais vous pouvez le faire \u00e0 Elversberg. L&rsquo;\u00e9tranger a \u00e9t\u00e9 invaincu pendant huit matchs de deuxi\u00e8me division, offre au football \u00e0 son meilleur: des portes pr\u00e9par\u00e9es avec la houe, des tirs \u00e9loign\u00e9s, des combinaisons de r\u00eave.<\/p>\n<p>Surtout, le pr\u00eat Fisnik Asllani (18 coups de saison \/ huit passes d\u00e9cisives) et Muhammed Damar, qui reviendra \u00e0 TSG Hoffenheim en \u00e9t\u00e9, brill\u00e9. Huit professionnels faisaient d\u00e9j\u00e0 partie de l&rsquo;\u00e9quipe de la ligue r\u00e9gionale et ont \u00e9galement pris un d\u00e9veloppement \u00e9tonnant.<\/p>\n<p><strong>&#8211; Steffen \u00ab\u00a0Trainer de l&rsquo;ann\u00e9e\u00a0\u00bb:<\/strong> Damar loue \u00ab\u00a0cette humanit\u00e9 que vous pouvez ressentir\u00a0\u00bb dans l&rsquo;\u00e9quipe. \u00ab\u00a0Tout le monde est heureux, tout le monde a un c\u0153ur chaleureux.\u00a0\u00bb Ceci est \u00e9galement et surtout \u00e0 cause de l&rsquo;entra\u00eeneur en chef. Horst Steffen, qui a couru une fois dans la Bundesliga pendant 207 fois pour Uerdingen, M\u00f6nchengladbach et Duisburg. Pour son coll\u00e8gue de Heidenheim, Frank Schmidt, il est \u00ab\u00a0l&rsquo;entra\u00eeneur de l&rsquo;ann\u00e9e, bien s\u00fbr. Comment il a r\u00e9ussi \u00e0 constituer une telle \u00e9quipe &#8211; un grand respect!\u00a0\u00bb<\/p>\n<p>Pour Nils-Ole Book, l&rsquo;homme de 56 ans a \u00ab\u00a0une mani\u00e8re humaine sp\u00e9ciale. Il y a de tels entra\u00eeneurs, tr\u00e8s peu dans le football\u00a0\u00bb, explique le directeur sportif. \u00ab\u00a0Il sait comment amener une \u00e9quipe sur le terrain chaque semaine qui fait absolument le mieux et joue toujours au football avec beaucoup de plaisir et de joie.\u00a0\u00bb<\/p>\n<div id=\"attachment_72085\" class=\"wp-caption alignleft\" style=\"max-width: 300px\"><img loading=\"lazy\" decoding=\"async\" class=\"wp-image-72085 size-medium\" src=\"https:\/\/vieassociative.be\/actualites\/wp-content\/uploads\/2025\/05\/1747858660_765_Bundesliga-Dream-Le-SV-Elversberg-rappelle-la-montee-de-la.jpg\" alt=\"\" width=\"300\" height=\"200\"  ><\/p>\n<p class=\"wp-caption-text\">23\/05\/2010, Belgique, Eupen: Jubilation illimit\u00e9e dans l&rsquo;Eupener Kehrweg-stade apr\u00e8s la victoire de l&rsquo;As Eupen contre Mons et la promotion r\u00e9ussie de la 1\u00e8re division (dans le capitaine d&rsquo;image Mijat Maric avec Bouquet Flower). Photo: Belga<\/p>\n<\/div>\n<p><strong>-Patron Frank Holzer est fan de Bavi\u00e8re:<\/strong> La reprise du SVE a commenc\u00e9 avec le chef du conseil de surveillance d&rsquo;aujourd&rsquo;hui Frank Holzer, pendant 35 ans dans des postes responsables dans le club et chef de l&rsquo;Ursapharm Arzneimittel GmbH. Lorsque l&rsquo;homme de 72 ans a commenc\u00e9 en 1990, le club a donn\u00e9 des coups de pied dans la Landesliga et avait 800 000 marques. Son fils Dominik a repris la pr\u00e9sidence en 2011.<\/p>\n<p>En 2013, Elversberg a atteint la 3e ligue pour la premi\u00e8re fois, mais tout de suite. La marche de la ligue deux a suivi en 2023. Maintenant Holz senior en tant que fan du Bayern peut esp\u00e9rer recevoir le ma\u00eetre de Munich pour le match de point la saison prochaine. \u00ab\u00a0Vous ne pouvez pas r\u00eaver quelque chose comme \u00e7a. Cette histoire ici est tout simplement incroyable\u00a0\u00bb, a-t-il d\u00e9clar\u00e9 au \u00ab\u00a0Saarbr\u00fccker Zeitung\u00a0\u00bb.<\/p>\n<p><strong>-Grets avantages gr\u00e2ce au mini emplacement:<\/strong> En plus de Steffen et du livre, David Blacha, responsable de la zone de licence et du scoutisme, est \u00e9galement consid\u00e9r\u00e9 comme une garantie de succ\u00e8s avec son nez pour les talents. \u00ab\u00a0Peut-\u00eatre que l&rsquo;inattendu est d\u00e9j\u00e0 le sentiment de r\u00e9ussite. Le Saarland est un peu hors du plan, nous n&rsquo;avons pas le plus grand nom avec Elversberg\u00a0\u00bb, explique Book.<\/p>\n<p>Il a simplement \u00e9t\u00e9 renvers\u00e9 et consid\u00e9r\u00e9 les avantages que vous pourriez en tirer. \u00ab\u00a0Il faut juste dire que nous pouvons travailler en paix. Les m\u00e9dias et les fans ne nous font pas chaud avec le moindre signe d&rsquo;\u00e9chec. Ce sont de grands avantages pour les jeunes joueurs.\u00a0\u00bb Avec le calme, cependant, c&rsquo;est termin\u00e9 ces jours-ci dans la partie 7 400 inhabitants d&rsquo;Elversberg. (DPA \/ CRE)<\/p>\n","protected":false},"excerpt":{"rendered":"<p>Le SV Elversberg secoue vigoureusement \u00e0 la porte de la chambre haute du football allemand. L&rsquo;\u00e9quipe de sensation de Saarland entre calmement dans la rel\u00e9gation<\/p>\n","protected":false},"author":1,"featured_media":7693,"comment_status":"","ping_status":"","sticky":false,"template":"","format":"standard","meta":{"footnotes":""},"categories":[298],"tags":[5549,3644,2526,6455,7072,4298,5024],"class_list":["post-7692","post","type-post","status-publish","format-standard","has-post-thumbnail","hentry","category-belgique","tag-1ere","tag-bundesliga","tag-division","tag-dream","tag-elversberg","tag-montee","tag-rappelle","generate-columns","tablet-grid-50","mobile-grid-100","grid-parent","grid-33"],"yoast_head":"<!-- This site is optimized with the Yoast SEO plugin v24.0 - https:\/\/yoast.com\/wordpress\/plugins\/seo\/ -->\n<title>Bundesliga Dream Le SV Elversberg rappelle la mont\u00e9e de la 1\u00e8re division 2009\/2010 | Vie Associative<\/title>\n<meta name=\"robots\" content=\"index, follow, max-snippet:-1, max-image-preview:large, max-video-preview:-1\" \/>\n<link rel=\"canonical\" href=\"https:\/\/vieassociative.be\/actualites\/bundesliga-dream-le-sv-elversberg-rappelle-la-montee-de-la-1ere-division-2009-2010\/\" \/>\n<meta property=\"og:locale\" content=\"fr_FR\" \/>\n<meta property=\"og:type\" content=\"article\" \/>\n<meta property=\"og:title\" content=\"Bundesliga Dream Le SV Elversberg rappelle la mont\u00e9e de la 1\u00e8re division 2009\/2010 | Vie Associative\" \/>\n<meta property=\"og:description\" content=\"Le SV Elversberg secoue vigoureusement \u00e0 la porte de la chambre haute du football allemand. L&rsquo;\u00e9quipe de sensation de Saarland entre calmement dans la rel\u00e9gation\" \/>\n<meta property=\"og:url\" content=\"https:\/\/vieassociative.be\/actualites\/bundesliga-dream-le-sv-elversberg-rappelle-la-montee-de-la-1ere-division-2009-2010\/\" \/>\n<meta property=\"og:site_name\" content=\"Vie Associative\" \/>\n<meta property=\"article:published_time\" content=\"2025-05-21T20:17:40+00:00\" \/>\n<meta property=\"og:image\" content=\"https:\/\/vieassociative.be\/actualites\/wp-content\/uploads\/2024\/09\/header_backgroundk-01-e1726694325946.png\" \/>\n\t<meta property=\"og:image:width\" content=\"279\" \/>\n\t<meta property=\"og:image:height\" content=\"92\" \/>\n\t<meta property=\"og:image:type\" content=\"image\/png\" \/>\n<meta name=\"author\" content=\"Julien\" \/>\n<meta name=\"twitter:card\" content=\"summary_large_image\" \/>\n<meta name=\"twitter:label1\" content=\"\u00c9crit par\" \/>\n\t<meta name=\"twitter:data1\" content=\"Julien\" \/>\n\t<meta name=\"twitter:label2\" content=\"Dur\u00e9e de lecture est.\" \/>\n\t<meta name=\"twitter:data2\" content=\"6 minutes\" \/>\n<script type=\"application\/ld+json\" class=\"yoast-schema-graph\">{\"@context\":\"https:\/\/schema.org\",\"@graph\":[{\"@type\":\"Article\",\"@id\":\"https:\/\/vieassociative.be\/actualites\/bundesliga-dream-le-sv-elversberg-rappelle-la-montee-de-la-1ere-division-2009-2010\/#article\",\"isPartOf\":{\"@id\":\"https:\/\/vieassociative.be\/actualites\/bundesliga-dream-le-sv-elversberg-rappelle-la-montee-de-la-1ere-division-2009-2010\/\"},\"author\":{\"name\":\"Julien\",\"@id\":\"https:\/\/vieassociative.be\/actualites\/#\/schema\/person\/b87ac4f82f9d4e7b7cec7395b679edc4\"},\"headline\":\"Bundesliga Dream Le SV Elversberg rappelle la mont\u00e9e de la 1\u00e8re division 2009\/2010\",\"datePublished\":\"2025-05-21T20:17:40+00:00\",\"dateModified\":\"2025-05-21T20:17:40+00:00\",\"mainEntityOfPage\":{\"@id\":\"https:\/\/vieassociative.be\/actualites\/bundesliga-dream-le-sv-elversberg-rappelle-la-montee-de-la-1ere-division-2009-2010\/\"},\"wordCount\":1260,\"publisher\":{\"@id\":\"https:\/\/vieassociative.be\/actualites\/#organization\"},\"image\":{\"@id\":\"https:\/\/vieassociative.be\/actualites\/bundesliga-dream-le-sv-elversberg-rappelle-la-montee-de-la-1ere-division-2009-2010\/#primaryimage\"},\"thumbnailUrl\":\"https:\/\/vieassociative.be\/actualites\/wp-content\/uploads\/2025\/05\/1747858661_Bundesliga-Dream-Le-SV-Elversberg-rappelle-la-montee-de-la.jpg\",\"keywords\":[\"1\u00e8re\",\"Bundesliga\",\"division\",\"Dream\",\"Elversberg\",\"mont\u00e9e\",\"rappelle\"],\"articleSection\":[\"Belgique\"],\"inLanguage\":\"fr-BE\"},{\"@type\":\"WebPage\",\"@id\":\"https:\/\/vieassociative.be\/actualites\/bundesliga-dream-le-sv-elversberg-rappelle-la-montee-de-la-1ere-division-2009-2010\/\",\"url\":\"https:\/\/vieassociative.be\/actualites\/bundesliga-dream-le-sv-elversberg-rappelle-la-montee-de-la-1ere-division-2009-2010\/\",\"name\":\"Bundesliga Dream Le SV Elversberg rappelle la mont\u00e9e de la 1\u00e8re division 2009\/2010 | Vie Associative\",\"isPartOf\":{\"@id\":\"https:\/\/vieassociative.be\/actualites\/#website\"},\"primaryImageOfPage\":{\"@id\":\"https:\/\/vieassociative.be\/actualites\/bundesliga-dream-le-sv-elversberg-rappelle-la-montee-de-la-1ere-division-2009-2010\/#primaryimage\"},\"image\":{\"@id\":\"https:\/\/vieassociative.be\/actualites\/bundesliga-dream-le-sv-elversberg-rappelle-la-montee-de-la-1ere-division-2009-2010\/#primaryimage\"},\"thumbnailUrl\":\"https:\/\/vieassociative.be\/actualites\/wp-content\/uploads\/2025\/05\/1747858661_Bundesliga-Dream-Le-SV-Elversberg-rappelle-la-montee-de-la.jpg\",\"datePublished\":\"2025-05-21T20:17:40+00:00\",\"dateModified\":\"2025-05-21T20:17:40+00:00\",\"breadcrumb\":{\"@id\":\"https:\/\/vieassociative.be\/actualites\/bundesliga-dream-le-sv-elversberg-rappelle-la-montee-de-la-1ere-division-2009-2010\/#breadcrumb\"},\"inLanguage\":\"fr-BE\",\"potentialAction\":[{\"@type\":\"ReadAction\",\"target\":[\"https:\/\/vieassociative.be\/actualites\/bundesliga-dream-le-sv-elversberg-rappelle-la-montee-de-la-1ere-division-2009-2010\/\"]}]},{\"@type\":\"ImageObject\",\"inLanguage\":\"fr-BE\",\"@id\":\"https:\/\/vieassociative.be\/actualites\/bundesliga-dream-le-sv-elversberg-rappelle-la-montee-de-la-1ere-division-2009-2010\/#primaryimage\",\"url\":\"https:\/\/vieassociative.be\/actualites\/wp-content\/uploads\/2025\/05\/1747858661_Bundesliga-Dream-Le-SV-Elversberg-rappelle-la-montee-de-la.jpg\",\"contentUrl\":\"https:\/\/vieassociative.be\/actualites\/wp-content\/uploads\/2025\/05\/1747858661_Bundesliga-Dream-Le-SV-Elversberg-rappelle-la-montee-de-la.jpg\",\"width\":1200,\"height\":800,\"caption\":\"Bundesliga Dream Le SV Elversberg rappelle la mont\u00e9e de la 1\u00e8re division 2009\/2010\"},{\"@type\":\"BreadcrumbList\",\"@id\":\"https:\/\/vieassociative.be\/actualites\/bundesliga-dream-le-sv-elversberg-rappelle-la-montee-de-la-1ere-division-2009-2010\/#breadcrumb\",\"itemListElement\":[{\"@type\":\"ListItem\",\"position\":1,\"name\":\"Accueil\",\"item\":\"https:\/\/vieassociative.be\/actualites\/\"},{\"@type\":\"ListItem\",\"position\":2,\"name\":\"Bundesliga Dream Le SV Elversberg rappelle la mont\u00e9e de la 1\u00e8re division 2009\/2010\"}]},{\"@type\":\"WebSite\",\"@id\":\"https:\/\/vieassociative.be\/actualites\/#website\",\"url\":\"https:\/\/vieassociative.be\/actualites\/\",\"name\":\"Vie Associative\",\"description\":\"\",\"publisher\":{\"@id\":\"https:\/\/vieassociative.be\/actualites\/#organization\"},\"potentialAction\":[{\"@type\":\"SearchAction\",\"target\":{\"@type\":\"EntryPoint\",\"urlTemplate\":\"https:\/\/vieassociative.be\/actualites\/?s={search_term_string}\"},\"query-input\":{\"@type\":\"PropertyValueSpecification\",\"valueRequired\":true,\"valueName\":\"search_term_string\"}}],\"inLanguage\":\"fr-BE\"},{\"@type\":\"Organization\",\"@id\":\"https:\/\/vieassociative.be\/actualites\/#organization\",\"name\":\"Vie Associative\",\"url\":\"https:\/\/vieassociative.be\/actualites\/\",\"logo\":{\"@type\":\"ImageObject\",\"inLanguage\":\"fr-BE\",\"@id\":\"https:\/\/vieassociative.be\/actualites\/#\/schema\/logo\/image\/\",\"url\":\"https:\/\/vieassociative.be\/actualites\/wp-content\/uploads\/2024\/09\/cropped-vieassociative_favicon.ico.png\",\"contentUrl\":\"https:\/\/vieassociative.be\/actualites\/wp-content\/uploads\/2024\/09\/cropped-vieassociative_favicon.ico.png\",\"width\":512,\"height\":512,\"caption\":\"Vie Associative\"},\"image\":{\"@id\":\"https:\/\/vieassociative.be\/actualites\/#\/schema\/logo\/image\/\"}},{\"@type\":\"Person\",\"@id\":\"https:\/\/vieassociative.be\/actualites\/#\/schema\/person\/b87ac4f82f9d4e7b7cec7395b679edc4\",\"name\":\"Julien\",\"image\":{\"@type\":\"ImageObject\",\"inLanguage\":\"fr-BE\",\"@id\":\"https:\/\/vieassociative.be\/actualites\/#\/schema\/person\/image\/\",\"url\":\"https:\/\/vieassociative.be\/actualites\/wp-content\/uploads\/2024\/09\/vie-associative-1-150x150.jpg\",\"contentUrl\":\"https:\/\/vieassociative.be\/actualites\/wp-content\/uploads\/2024\/09\/vie-associative-1-150x150.jpg\",\"caption\":\"Julien\"},\"description\":\"Je suis Julien, r\u00e9dacteur pour Vie Associative. Passionn\u00e9 par le monde associatif depuis plus de 10 ans, j'ai \u00e0 c\u0153ur de partager des histoires inspirantes et de mettre en lumi\u00e8re les initiatives locales. Mon objectif est de sensibiliser et d'encourager l'engagement communautaire \u00e0 travers mes articles.\",\"sameAs\":[\"https:\/\/vieassociative.be\/\"]}]}<\/script>\n<!-- \/ Yoast SEO plugin. -->","yoast_head_json":{"title":"Bundesliga Dream Le SV Elversberg rappelle la mont\u00e9e de la 1\u00e8re division 2009\/2010 | Vie Associative","robots":{"index":"index","follow":"follow","max-snippet":"max-snippet:-1","max-image-preview":"max-image-preview:large","max-video-preview":"max-video-preview:-1"},"canonical":"https:\/\/vieassociative.be\/actualites\/bundesliga-dream-le-sv-elversberg-rappelle-la-montee-de-la-1ere-division-2009-2010\/","og_locale":"fr_FR","og_type":"article","og_title":"Bundesliga Dream Le SV Elversberg rappelle la mont\u00e9e de la 1\u00e8re division 2009\/2010 | Vie Associative","og_description":"Le SV Elversberg secoue vigoureusement \u00e0 la porte de la chambre haute du football allemand. L&rsquo;\u00e9quipe de sensation de Saarland entre calmement dans la rel\u00e9gation","og_url":"https:\/\/vieassociative.be\/actualites\/bundesliga-dream-le-sv-elversberg-rappelle-la-montee-de-la-1ere-division-2009-2010\/","og_site_name":"Vie Associative","article_published_time":"2025-05-21T20:17:40+00:00","og_image":[{"width":279,"height":92,"url":"https:\/\/vieassociative.be\/actualites\/wp-content\/uploads\/2024\/09\/header_backgroundk-01-e1726694325946.png","type":"image\/png"}],"author":"Julien","twitter_card":"summary_large_image","twitter_misc":{"\u00c9crit par":"Julien","Dur\u00e9e de lecture est.":"6 minutes"},"schema":{"@context":"https:\/\/schema.org","@graph":[{"@type":"Article","@id":"https:\/\/vieassociative.be\/actualites\/bundesliga-dream-le-sv-elversberg-rappelle-la-montee-de-la-1ere-division-2009-2010\/#article","isPartOf":{"@id":"https:\/\/vieassociative.be\/actualites\/bundesliga-dream-le-sv-elversberg-rappelle-la-montee-de-la-1ere-division-2009-2010\/"},"author":{"name":"Julien","@id":"https:\/\/vieassociative.be\/actualites\/#\/schema\/person\/b87ac4f82f9d4e7b7cec7395b679edc4"},"headline":"Bundesliga Dream Le SV Elversberg rappelle la mont\u00e9e de la 1\u00e8re division 2009\/2010","datePublished":"2025-05-21T20:17:40+00:00","dateModified":"2025-05-21T20:17:40+00:00","mainEntityOfPage":{"@id":"https:\/\/vieassociative.be\/actualites\/bundesliga-dream-le-sv-elversberg-rappelle-la-montee-de-la-1ere-division-2009-2010\/"},"wordCount":1260,"publisher":{"@id":"https:\/\/vieassociative.be\/actualites\/#organization"},"image":{"@id":"https:\/\/vieassociative.be\/actualites\/bundesliga-dream-le-sv-elversberg-rappelle-la-montee-de-la-1ere-division-2009-2010\/#primaryimage"},"thumbnailUrl":"https:\/\/vieassociative.be\/actualites\/wp-content\/uploads\/2025\/05\/1747858661_Bundesliga-Dream-Le-SV-Elversberg-rappelle-la-montee-de-la.jpg","keywords":["1\u00e8re","Bundesliga","division","Dream","Elversberg","mont\u00e9e","rappelle"],"articleSection":["Belgique"],"inLanguage":"fr-BE"},{"@type":"WebPage","@id":"https:\/\/vieassociative.be\/actualites\/bundesliga-dream-le-sv-elversberg-rappelle-la-montee-de-la-1ere-division-2009-2010\/","url":"https:\/\/vieassociative.be\/actualites\/bundesliga-dream-le-sv-elversberg-rappelle-la-montee-de-la-1ere-division-2009-2010\/","name":"Bundesliga Dream Le SV Elversberg rappelle la mont\u00e9e de la 1\u00e8re division 2009\/2010 | Vie Associative","isPartOf":{"@id":"https:\/\/vieassociative.be\/actualites\/#website"},"primaryImageOfPage":{"@id":"https:\/\/vieassociative.be\/actualites\/bundesliga-dream-le-sv-elversberg-rappelle-la-montee-de-la-1ere-division-2009-2010\/#primaryimage"},"image":{"@id":"https:\/\/vieassociative.be\/actualites\/bundesliga-dream-le-sv-elversberg-rappelle-la-montee-de-la-1ere-division-2009-2010\/#primaryimage"},"thumbnailUrl":"https:\/\/vieassociative.be\/actualites\/wp-content\/uploads\/2025\/05\/1747858661_Bundesliga-Dream-Le-SV-Elversberg-rappelle-la-montee-de-la.jpg","datePublished":"2025-05-21T20:17:40+00:00","dateModified":"2025-05-21T20:17:40+00:00","breadcrumb":{"@id":"https:\/\/vieassociative.be\/actualites\/bundesliga-dream-le-sv-elversberg-rappelle-la-montee-de-la-1ere-division-2009-2010\/#breadcrumb"},"inLanguage":"fr-BE","potentialAction":[{"@type":"ReadAction","target":["https:\/\/vieassociative.be\/actualites\/bundesliga-dream-le-sv-elversberg-rappelle-la-montee-de-la-1ere-division-2009-2010\/"]}]},{"@type":"ImageObject","inLanguage":"fr-BE","@id":"https:\/\/vieassociative.be\/actualites\/bundesliga-dream-le-sv-elversberg-rappelle-la-montee-de-la-1ere-division-2009-2010\/#primaryimage","url":"https:\/\/vieassociative.be\/actualites\/wp-content\/uploads\/2025\/05\/1747858661_Bundesliga-Dream-Le-SV-Elversberg-rappelle-la-montee-de-la.jpg","contentUrl":"https:\/\/vieassociative.be\/actualites\/wp-content\/uploads\/2025\/05\/1747858661_Bundesliga-Dream-Le-SV-Elversberg-rappelle-la-montee-de-la.jpg","width":1200,"height":800,"caption":"Bundesliga Dream Le SV Elversberg rappelle la mont\u00e9e de la 1\u00e8re division 2009\/2010"},{"@type":"BreadcrumbList","@id":"https:\/\/vieassociative.be\/actualites\/bundesliga-dream-le-sv-elversberg-rappelle-la-montee-de-la-1ere-division-2009-2010\/#breadcrumb","itemListElement":[{"@type":"ListItem","position":1,"name":"Accueil","item":"https:\/\/vieassociative.be\/actualites\/"},{"@type":"ListItem","position":2,"name":"Bundesliga Dream Le SV Elversberg rappelle la mont\u00e9e de la 1\u00e8re division 2009\/2010"}]},{"@type":"WebSite","@id":"https:\/\/vieassociative.be\/actualites\/#website","url":"https:\/\/vieassociative.be\/actualites\/","name":"Vie Associative","description":"","publisher":{"@id":"https:\/\/vieassociative.be\/actualites\/#organization"},"potentialAction":[{"@type":"SearchAction","target":{"@type":"EntryPoint","urlTemplate":"https:\/\/vieassociative.be\/actualites\/?s={search_term_string}"},"query-input":{"@type":"PropertyValueSpecification","valueRequired":true,"valueName":"search_term_string"}}],"inLanguage":"fr-BE"},{"@type":"Organization","@id":"https:\/\/vieassociative.be\/actualites\/#organization","name":"Vie Associative","url":"https:\/\/vieassociative.be\/actualites\/","logo":{"@type":"ImageObject","inLanguage":"fr-BE","@id":"https:\/\/vieassociative.be\/actualites\/#\/schema\/logo\/image\/","url":"https:\/\/vieassociative.be\/actualites\/wp-content\/uploads\/2024\/09\/cropped-vieassociative_favicon.ico.png","contentUrl":"https:\/\/vieassociative.be\/actualites\/wp-content\/uploads\/2024\/09\/cropped-vieassociative_favicon.ico.png","width":512,"height":512,"caption":"Vie Associative"},"image":{"@id":"https:\/\/vieassociative.be\/actualites\/#\/schema\/logo\/image\/"}},{"@type":"Person","@id":"https:\/\/vieassociative.be\/actualites\/#\/schema\/person\/b87ac4f82f9d4e7b7cec7395b679edc4","name":"Julien","image":{"@type":"ImageObject","inLanguage":"fr-BE","@id":"https:\/\/vieassociative.be\/actualites\/#\/schema\/person\/image\/","url":"https:\/\/vieassociative.be\/actualites\/wp-content\/uploads\/2024\/09\/vie-associative-1-150x150.jpg","contentUrl":"https:\/\/vieassociative.be\/actualites\/wp-content\/uploads\/2024\/09\/vie-associative-1-150x150.jpg","caption":"Julien"},"description":"Je suis Julien, r\u00e9dacteur pour Vie Associative. Passionn\u00e9 par le monde associatif depuis plus de 10 ans, j'ai \u00e0 c\u0153ur de partager des histoires inspirantes et de mettre en lumi\u00e8re les initiatives locales. Mon objectif est de sensibiliser et d'encourager l'engagement communautaire \u00e0 travers mes articles.","sameAs":["https:\/\/vieassociative.be\/"]}]}},"_links":{"self":[{"href":"https:\/\/vieassociative.be\/actualites\/wp-json\/wp\/v2\/posts\/7692"}],"collection":[{"href":"https:\/\/vieassociative.be\/actualites\/wp-json\/wp\/v2\/posts"}],"about":[{"href":"https:\/\/vieassociative.be\/actualites\/wp-json\/wp\/v2\/types\/post"}],"author":[{"embeddable":true,"href":"https:\/\/vieassociative.be\/actualites\/wp-json\/wp\/v2\/users\/1"}],"replies":[{"embeddable":true,"href":"https:\/\/vieassociative.be\/actualites\/wp-json\/wp\/v2\/comments?post=7692"}],"version-history":[{"count":0,"href":"https:\/\/vieassociative.be\/actualites\/wp-json\/wp\/v2\/posts\/7692\/revisions"}],"wp:featuredmedia":[{"embeddable":true,"href":"https:\/\/vieassociative.be\/actualites\/wp-json\/wp\/v2\/media\/7693"}],"wp:attachment":[{"href":"https:\/\/vieassociative.be\/actualites\/wp-json\/wp\/v2\/media?parent=7692"}],"wp:term":[{"taxonomy":"category","embeddable":true,"href":"https:\/\/vieassociative.be\/actualites\/wp-json\/wp\/v2\/categories?post=7692"},{"taxonomy":"post_tag","embeddable":true,"href":"https:\/\/vieassociative.be\/actualites\/wp-json\/wp\/v2\/tags?post=7692"}],"curies":[{"name":"wp","href":"https:\/\/api.w.org\/{rel}","templated":true}]}}