{"id":7690,"date":"2025-05-21T21:17:24","date_gmt":"2025-05-21T19:17:24","guid":{"rendered":"https:\/\/vieassociative.be\/actualites\/les-achats-integres-sont-changeants-pour-les-utilisateurs-de-spotify-sur-ios\/"},"modified":"2025-05-21T21:17:24","modified_gmt":"2025-05-21T19:17:24","slug":"les-achats-integres-sont-changeants-pour-les-utilisateurs-de-spotify-sur-ios","status":"publish","type":"post","link":"https:\/\/vieassociative.be\/actualites\/les-achats-integres-sont-changeants-pour-les-utilisateurs-de-spotify-sur-ios\/","title":{"rendered":"Les achats int\u00e9gr\u00e9s sont changeants pour les utilisateurs de Spotify sur iOS"},"content":{"rendered":"<div class=\"mt-4 leading-6 md:mb-8\">Si vous \u00e9coutez des livres audio sur Spotify, il est sur le point de devenir beaucoup plus facile de les acheter dans l&rsquo;application.<\/div>\n<p><\/p>\n<p>Si vous utilisez Spotify pour \u00e9couter des livres audio sur votre iPhone, vous avez maintenant moins d&rsquo;obstacles \u00e0 effacer pour acheter et t\u00e9l\u00e9charger des titres sur votre appareil. Apple a approuv\u00e9 une mise \u00e0 jour qui permet aux utilisateurs de Spotify de visualiser les prix et d&rsquo;acheter des livres audio individuels ainsi que d&rsquo;ajouter des heures d&rsquo;\u00e9coute \u00ab\u00a0compl\u00e9ter\u00a0\u00bb \u00e0 partir de l&rsquo;application iOS.  <\/p>\n<h2 id=\"how-in-app-purchases-are-changing-on-ios\">Comment les achats int\u00e9gr\u00e9s changent sur iOS<\/h2>\n<p>Ce changement est le r\u00e9sultat d&rsquo;une d\u00e9cision judiciaire r\u00e9cente qui oblige Apple \u00e0 permettre aux d\u00e9veloppeurs d&rsquo;applications de fournir des liens vers des sites externes en dehors de l&rsquo;App Store pour effectuer des achats. Auparavant, les utilisateurs devaient chercher o\u00f9 s&rsquo;inscrire aux abonnements &#8211; dans un navigateur externe, par exemple &#8211; ou potentiellement payer un prix premium pour couvrir la baisse de 15 \u00e0 30% de l&rsquo;App Store. <\/p>\n<p>En r\u00e9ponse, Spotify a rapidement mis \u00e0 jour son application iOS avec des liens vers ses diff\u00e9rentes options d&rsquo;abonnement sous l&rsquo;onglet Premium, qui avait auparavant reconnu que de tels abonnements existaient et que les utilisateurs pouvaient trouver des inscriptions via leur navigateur Web.  <\/p>\n<h2 id=\"how-to-purchase-audiobooks-on-spotify\">Comment acheter des livres audio sur Spotify<\/h2>\n<p>Avec la mise \u00e0 jour, les utilisateurs verront d\u00e9sormais un <strong>Acheter<\/strong> Bouton sous des titres individuels dans l&rsquo;application iOS et n&rsquo;aura plus besoin de faire des achats sur le lecteur Web de Spotify avant de retourner sur Mobile pour \u00e9couter. <\/p>\n<div class=\"pogoClear relative my-10 border-b-(1.5px) border-t-(1.5px) border-dashed border-black py-5 sm:my-14 sm:border-0 sm:py-0\" data-ga-click data-ga-template=\"News\" data-ga-module=\"openweb_widget\" data-ga-element=\"openweb_scroll\" data-ga-item=\"openweb_scroll_midpage\" x-cloak x-data=\"{ commentsCount: null, hasComments: false }\" x-init=\"commentsCount = await window.openweb.getMessagesCount(01JVSZ3FMZ1X614NMK13YT22CJ);\n     hasComments = commentsCount !== null &amp;&amp; commentsCount &gt; 0\"><\/p>\n<div class=\"absolute top-1\/2 hidden w-full -translate-y-1\/2 border-t-(1.5px) border-dashed border-black sm:block\"><\/div>\n<div class=\"relative flex justify-center\">\n<div class=\"flex max-w-max items-center gap-x-3 bg-white px-5\">\n<div class=\"relative\">\n                <span class=\"absolute left-1\/2 top-1\/2 -translate-x-1\/2 -translate-y-1\/2 font-akshar text-sm font-medium text-black\" x-show=\"hasComments\" x-text=\"commentsCount\"><\/span><\/p>\n<p>                <svg class=\"h-8 w-8 text-black\">\n                    <use href=\"http:\/\/lifehacker.com\/images\/icons\/spritemap.svg#sprite-chat-bubble\"><\/use>\n                <\/svg>\n            <\/div>\n<p>            <span class=\"text-sm font-medium text-black\"><\/p>\n<p>                Que pensez-vous jusqu&rsquo;\u00e0 pr\u00e9sent?<br \/>\n                <button class=\"font-semibold text-brand-green underline hover:text-brand-green-700\" onclick=\"window.openweb.scrollToComments('01JVSZ3FMZ1X614NMK13YT22CJ')\" x-text=\"hasComments ? 'Post a comment.' : 'Be the first to post a comment.'\"><\/button><br \/>\n            <\/span>\n        <\/div>\n<\/p><\/div>\n<\/div>\n<p>Spotify comprend 15 heures d&rsquo;utilisation ou de perdre du temps de \u00e9coute audio avec des plans premium et l&rsquo;abonnement \u00e0 des livres audio s\u00e9par\u00e9s &#8211; vous pouvez maintenant \u00e9galement ajouter des heures d&rsquo;\u00e9coute \u00ab\u00a0compl\u00e9ter\u00a0\u00bb dans l&rsquo;application. Pour g\u00e9rer votre temps d&rsquo;\u00e9coute sur mobile, allez \u00e0 <strong>Profil> Param\u00e8tres et confidentialit\u00e9> Compte> Nom du plan> G\u00e9rer le temps de livre audio<\/strong>. Les recharges co\u00fbtent 13 $ pour 10 heures. <\/p>\n<p>Enfin, si Spotify n&rsquo;est pas votre choix, consultez nos meilleurs choix pour les services audio. <\/p>\n","protected":false},"excerpt":{"rendered":"<p>Si vous \u00e9coutez des livres audio sur Spotify, il est sur le point de devenir beaucoup plus facile de les acheter dans l&rsquo;application. Si vous<\/p>\n","protected":false},"author":1,"featured_media":7691,"comment_status":"","ping_status":"","sticky":false,"template":"","format":"standard","meta":{"footnotes":""},"categories":[13],"tags":[1149,7100,7099,21,14,81,18,3758,33,4335],"class_list":["post-7690","post","type-post","status-publish","format-standard","has-post-thumbnail","hentry","category-technologie","tag-achats","tag-changeants","tag-integres","tag-ios","tag-les","tag-pour","tag-sont","tag-spotify","tag-sur","tag-utilisateurs","generate-columns","tablet-grid-50","mobile-grid-100","grid-parent","grid-33"],"yoast_head":"<!-- This site is optimized with the Yoast SEO plugin v24.0 - https:\/\/yoast.com\/wordpress\/plugins\/seo\/ -->\n<title>Les achats int\u00e9gr\u00e9s sont changeants pour les utilisateurs de Spotify sur iOS | Vie Associative<\/title>\n<meta name=\"robots\" content=\"index, follow, max-snippet:-1, max-image-preview:large, max-video-preview:-1\" \/>\n<link rel=\"canonical\" href=\"https:\/\/vieassociative.be\/actualites\/les-achats-integres-sont-changeants-pour-les-utilisateurs-de-spotify-sur-ios\/\" \/>\n<meta property=\"og:locale\" content=\"fr_FR\" \/>\n<meta property=\"og:type\" content=\"article\" \/>\n<meta property=\"og:title\" content=\"Les achats int\u00e9gr\u00e9s sont changeants pour les utilisateurs de Spotify sur iOS | Vie Associative\" \/>\n<meta property=\"og:description\" content=\"Si vous \u00e9coutez des livres audio sur Spotify, il est sur le point de devenir beaucoup plus facile de les acheter dans l&rsquo;application. Si vous\" \/>\n<meta property=\"og:url\" content=\"https:\/\/vieassociative.be\/actualites\/les-achats-integres-sont-changeants-pour-les-utilisateurs-de-spotify-sur-ios\/\" \/>\n<meta property=\"og:site_name\" content=\"Vie Associative\" \/>\n<meta property=\"article:published_time\" content=\"2025-05-21T19:17:24+00:00\" \/>\n<meta property=\"og:image\" content=\"https:\/\/vieassociative.be\/actualites\/wp-content\/uploads\/2024\/09\/header_backgroundk-01-e1726694325946.png\" \/>\n\t<meta property=\"og:image:width\" content=\"279\" \/>\n\t<meta property=\"og:image:height\" content=\"92\" \/>\n\t<meta property=\"og:image:type\" content=\"image\/png\" \/>\n<meta name=\"author\" content=\"Julien\" \/>\n<meta name=\"twitter:card\" content=\"summary_large_image\" \/>\n<meta name=\"twitter:label1\" content=\"\u00c9crit par\" \/>\n\t<meta name=\"twitter:data1\" content=\"Julien\" \/>\n\t<meta name=\"twitter:label2\" content=\"Dur\u00e9e de lecture est.\" \/>\n\t<meta name=\"twitter:data2\" content=\"2 minutes\" \/>\n<script type=\"application\/ld+json\" class=\"yoast-schema-graph\">{\"@context\":\"https:\/\/schema.org\",\"@graph\":[{\"@type\":\"Article\",\"@id\":\"https:\/\/vieassociative.be\/actualites\/les-achats-integres-sont-changeants-pour-les-utilisateurs-de-spotify-sur-ios\/#article\",\"isPartOf\":{\"@id\":\"https:\/\/vieassociative.be\/actualites\/les-achats-integres-sont-changeants-pour-les-utilisateurs-de-spotify-sur-ios\/\"},\"author\":{\"name\":\"Julien\",\"@id\":\"https:\/\/vieassociative.be\/actualites\/#\/schema\/person\/b87ac4f82f9d4e7b7cec7395b679edc4\"},\"headline\":\"Les achats int\u00e9gr\u00e9s sont changeants pour les utilisateurs de Spotify sur iOS\",\"datePublished\":\"2025-05-21T19:17:24+00:00\",\"dateModified\":\"2025-05-21T19:17:24+00:00\",\"mainEntityOfPage\":{\"@id\":\"https:\/\/vieassociative.be\/actualites\/les-achats-integres-sont-changeants-pour-les-utilisateurs-de-spotify-sur-ios\/\"},\"wordCount\":377,\"publisher\":{\"@id\":\"https:\/\/vieassociative.be\/actualites\/#organization\"},\"image\":{\"@id\":\"https:\/\/vieassociative.be\/actualites\/les-achats-integres-sont-changeants-pour-les-utilisateurs-de-spotify-sur-ios\/#primaryimage\"},\"thumbnailUrl\":\"https:\/\/vieassociative.be\/actualites\/wp-content\/uploads\/2025\/05\/Les-achats-integres-sont-changeants-pour-les-utilisateurs-de-Spotify.png\",\"keywords\":[\"achats\",\"changeants\",\"int\u00e9gr\u00e9s\",\"iOS\",\"Les\",\"pour\",\"sont\",\"Spotify\",\"sur\",\"utilisateurs\"],\"articleSection\":[\"Technologie\"],\"inLanguage\":\"fr-BE\"},{\"@type\":\"WebPage\",\"@id\":\"https:\/\/vieassociative.be\/actualites\/les-achats-integres-sont-changeants-pour-les-utilisateurs-de-spotify-sur-ios\/\",\"url\":\"https:\/\/vieassociative.be\/actualites\/les-achats-integres-sont-changeants-pour-les-utilisateurs-de-spotify-sur-ios\/\",\"name\":\"Les achats int\u00e9gr\u00e9s sont changeants pour les utilisateurs de Spotify sur iOS | Vie Associative\",\"isPartOf\":{\"@id\":\"https:\/\/vieassociative.be\/actualites\/#website\"},\"primaryImageOfPage\":{\"@id\":\"https:\/\/vieassociative.be\/actualites\/les-achats-integres-sont-changeants-pour-les-utilisateurs-de-spotify-sur-ios\/#primaryimage\"},\"image\":{\"@id\":\"https:\/\/vieassociative.be\/actualites\/les-achats-integres-sont-changeants-pour-les-utilisateurs-de-spotify-sur-ios\/#primaryimage\"},\"thumbnailUrl\":\"https:\/\/vieassociative.be\/actualites\/wp-content\/uploads\/2025\/05\/Les-achats-integres-sont-changeants-pour-les-utilisateurs-de-Spotify.png\",\"datePublished\":\"2025-05-21T19:17:24+00:00\",\"dateModified\":\"2025-05-21T19:17:24+00:00\",\"breadcrumb\":{\"@id\":\"https:\/\/vieassociative.be\/actualites\/les-achats-integres-sont-changeants-pour-les-utilisateurs-de-spotify-sur-ios\/#breadcrumb\"},\"inLanguage\":\"fr-BE\",\"potentialAction\":[{\"@type\":\"ReadAction\",\"target\":[\"https:\/\/vieassociative.be\/actualites\/les-achats-integres-sont-changeants-pour-les-utilisateurs-de-spotify-sur-ios\/\"]}]},{\"@type\":\"ImageObject\",\"inLanguage\":\"fr-BE\",\"@id\":\"https:\/\/vieassociative.be\/actualites\/les-achats-integres-sont-changeants-pour-les-utilisateurs-de-spotify-sur-ios\/#primaryimage\",\"url\":\"https:\/\/vieassociative.be\/actualites\/wp-content\/uploads\/2025\/05\/Les-achats-integres-sont-changeants-pour-les-utilisateurs-de-Spotify.png\",\"contentUrl\":\"https:\/\/vieassociative.be\/actualites\/wp-content\/uploads\/2025\/05\/Les-achats-integres-sont-changeants-pour-les-utilisateurs-de-Spotify.png\",\"width\":1200,\"height\":675,\"caption\":\"Les achats int\u00e9gr\u00e9s sont changeants pour les utilisateurs de Spotify sur iOS\"},{\"@type\":\"BreadcrumbList\",\"@id\":\"https:\/\/vieassociative.be\/actualites\/les-achats-integres-sont-changeants-pour-les-utilisateurs-de-spotify-sur-ios\/#breadcrumb\",\"itemListElement\":[{\"@type\":\"ListItem\",\"position\":1,\"name\":\"Accueil\",\"item\":\"https:\/\/vieassociative.be\/actualites\/\"},{\"@type\":\"ListItem\",\"position\":2,\"name\":\"Les achats int\u00e9gr\u00e9s sont changeants pour les utilisateurs de Spotify sur iOS\"}]},{\"@type\":\"WebSite\",\"@id\":\"https:\/\/vieassociative.be\/actualites\/#website\",\"url\":\"https:\/\/vieassociative.be\/actualites\/\",\"name\":\"Vie Associative\",\"description\":\"\",\"publisher\":{\"@id\":\"https:\/\/vieassociative.be\/actualites\/#organization\"},\"potentialAction\":[{\"@type\":\"SearchAction\",\"target\":{\"@type\":\"EntryPoint\",\"urlTemplate\":\"https:\/\/vieassociative.be\/actualites\/?s={search_term_string}\"},\"query-input\":{\"@type\":\"PropertyValueSpecification\",\"valueRequired\":true,\"valueName\":\"search_term_string\"}}],\"inLanguage\":\"fr-BE\"},{\"@type\":\"Organization\",\"@id\":\"https:\/\/vieassociative.be\/actualites\/#organization\",\"name\":\"Vie Associative\",\"url\":\"https:\/\/vieassociative.be\/actualites\/\",\"logo\":{\"@type\":\"ImageObject\",\"inLanguage\":\"fr-BE\",\"@id\":\"https:\/\/vieassociative.be\/actualites\/#\/schema\/logo\/image\/\",\"url\":\"https:\/\/vieassociative.be\/actualites\/wp-content\/uploads\/2024\/09\/cropped-vieassociative_favicon.ico.png\",\"contentUrl\":\"https:\/\/vieassociative.be\/actualites\/wp-content\/uploads\/2024\/09\/cropped-vieassociative_favicon.ico.png\",\"width\":512,\"height\":512,\"caption\":\"Vie Associative\"},\"image\":{\"@id\":\"https:\/\/vieassociative.be\/actualites\/#\/schema\/logo\/image\/\"}},{\"@type\":\"Person\",\"@id\":\"https:\/\/vieassociative.be\/actualites\/#\/schema\/person\/b87ac4f82f9d4e7b7cec7395b679edc4\",\"name\":\"Julien\",\"image\":{\"@type\":\"ImageObject\",\"inLanguage\":\"fr-BE\",\"@id\":\"https:\/\/vieassociative.be\/actualites\/#\/schema\/person\/image\/\",\"url\":\"https:\/\/vieassociative.be\/actualites\/wp-content\/uploads\/2024\/09\/vie-associative-1-150x150.jpg\",\"contentUrl\":\"https:\/\/vieassociative.be\/actualites\/wp-content\/uploads\/2024\/09\/vie-associative-1-150x150.jpg\",\"caption\":\"Julien\"},\"description\":\"Je suis Julien, r\u00e9dacteur pour Vie Associative. Passionn\u00e9 par le monde associatif depuis plus de 10 ans, j'ai \u00e0 c\u0153ur de partager des histoires inspirantes et de mettre en lumi\u00e8re les initiatives locales. Mon objectif est de sensibiliser et d'encourager l'engagement communautaire \u00e0 travers mes articles.\",\"sameAs\":[\"https:\/\/vieassociative.be\/\"]}]}<\/script>\n<!-- \/ Yoast SEO plugin. -->","yoast_head_json":{"title":"Les achats int\u00e9gr\u00e9s sont changeants pour les utilisateurs de Spotify sur iOS | Vie Associative","robots":{"index":"index","follow":"follow","max-snippet":"max-snippet:-1","max-image-preview":"max-image-preview:large","max-video-preview":"max-video-preview:-1"},"canonical":"https:\/\/vieassociative.be\/actualites\/les-achats-integres-sont-changeants-pour-les-utilisateurs-de-spotify-sur-ios\/","og_locale":"fr_FR","og_type":"article","og_title":"Les achats int\u00e9gr\u00e9s sont changeants pour les utilisateurs de Spotify sur iOS | Vie Associative","og_description":"Si vous \u00e9coutez des livres audio sur Spotify, il est sur le point de devenir beaucoup plus facile de les acheter dans l&rsquo;application. Si vous","og_url":"https:\/\/vieassociative.be\/actualites\/les-achats-integres-sont-changeants-pour-les-utilisateurs-de-spotify-sur-ios\/","og_site_name":"Vie Associative","article_published_time":"2025-05-21T19:17:24+00:00","og_image":[{"width":279,"height":92,"url":"https:\/\/vieassociative.be\/actualites\/wp-content\/uploads\/2024\/09\/header_backgroundk-01-e1726694325946.png","type":"image\/png"}],"author":"Julien","twitter_card":"summary_large_image","twitter_misc":{"\u00c9crit par":"Julien","Dur\u00e9e de lecture est.":"2 minutes"},"schema":{"@context":"https:\/\/schema.org","@graph":[{"@type":"Article","@id":"https:\/\/vieassociative.be\/actualites\/les-achats-integres-sont-changeants-pour-les-utilisateurs-de-spotify-sur-ios\/#article","isPartOf":{"@id":"https:\/\/vieassociative.be\/actualites\/les-achats-integres-sont-changeants-pour-les-utilisateurs-de-spotify-sur-ios\/"},"author":{"name":"Julien","@id":"https:\/\/vieassociative.be\/actualites\/#\/schema\/person\/b87ac4f82f9d4e7b7cec7395b679edc4"},"headline":"Les achats int\u00e9gr\u00e9s sont changeants pour les utilisateurs de Spotify sur iOS","datePublished":"2025-05-21T19:17:24+00:00","dateModified":"2025-05-21T19:17:24+00:00","mainEntityOfPage":{"@id":"https:\/\/vieassociative.be\/actualites\/les-achats-integres-sont-changeants-pour-les-utilisateurs-de-spotify-sur-ios\/"},"wordCount":377,"publisher":{"@id":"https:\/\/vieassociative.be\/actualites\/#organization"},"image":{"@id":"https:\/\/vieassociative.be\/actualites\/les-achats-integres-sont-changeants-pour-les-utilisateurs-de-spotify-sur-ios\/#primaryimage"},"thumbnailUrl":"https:\/\/vieassociative.be\/actualites\/wp-content\/uploads\/2025\/05\/Les-achats-integres-sont-changeants-pour-les-utilisateurs-de-Spotify.png","keywords":["achats","changeants","int\u00e9gr\u00e9s","iOS","Les","pour","sont","Spotify","sur","utilisateurs"],"articleSection":["Technologie"],"inLanguage":"fr-BE"},{"@type":"WebPage","@id":"https:\/\/vieassociative.be\/actualites\/les-achats-integres-sont-changeants-pour-les-utilisateurs-de-spotify-sur-ios\/","url":"https:\/\/vieassociative.be\/actualites\/les-achats-integres-sont-changeants-pour-les-utilisateurs-de-spotify-sur-ios\/","name":"Les achats int\u00e9gr\u00e9s sont changeants pour les utilisateurs de Spotify sur iOS | Vie Associative","isPartOf":{"@id":"https:\/\/vieassociative.be\/actualites\/#website"},"primaryImageOfPage":{"@id":"https:\/\/vieassociative.be\/actualites\/les-achats-integres-sont-changeants-pour-les-utilisateurs-de-spotify-sur-ios\/#primaryimage"},"image":{"@id":"https:\/\/vieassociative.be\/actualites\/les-achats-integres-sont-changeants-pour-les-utilisateurs-de-spotify-sur-ios\/#primaryimage"},"thumbnailUrl":"https:\/\/vieassociative.be\/actualites\/wp-content\/uploads\/2025\/05\/Les-achats-integres-sont-changeants-pour-les-utilisateurs-de-Spotify.png","datePublished":"2025-05-21T19:17:24+00:00","dateModified":"2025-05-21T19:17:24+00:00","breadcrumb":{"@id":"https:\/\/vieassociative.be\/actualites\/les-achats-integres-sont-changeants-pour-les-utilisateurs-de-spotify-sur-ios\/#breadcrumb"},"inLanguage":"fr-BE","potentialAction":[{"@type":"ReadAction","target":["https:\/\/vieassociative.be\/actualites\/les-achats-integres-sont-changeants-pour-les-utilisateurs-de-spotify-sur-ios\/"]}]},{"@type":"ImageObject","inLanguage":"fr-BE","@id":"https:\/\/vieassociative.be\/actualites\/les-achats-integres-sont-changeants-pour-les-utilisateurs-de-spotify-sur-ios\/#primaryimage","url":"https:\/\/vieassociative.be\/actualites\/wp-content\/uploads\/2025\/05\/Les-achats-integres-sont-changeants-pour-les-utilisateurs-de-Spotify.png","contentUrl":"https:\/\/vieassociative.be\/actualites\/wp-content\/uploads\/2025\/05\/Les-achats-integres-sont-changeants-pour-les-utilisateurs-de-Spotify.png","width":1200,"height":675,"caption":"Les achats int\u00e9gr\u00e9s sont changeants pour les utilisateurs de Spotify sur iOS"},{"@type":"BreadcrumbList","@id":"https:\/\/vieassociative.be\/actualites\/les-achats-integres-sont-changeants-pour-les-utilisateurs-de-spotify-sur-ios\/#breadcrumb","itemListElement":[{"@type":"ListItem","position":1,"name":"Accueil","item":"https:\/\/vieassociative.be\/actualites\/"},{"@type":"ListItem","position":2,"name":"Les achats int\u00e9gr\u00e9s sont changeants pour les utilisateurs de Spotify sur iOS"}]},{"@type":"WebSite","@id":"https:\/\/vieassociative.be\/actualites\/#website","url":"https:\/\/vieassociative.be\/actualites\/","name":"Vie Associative","description":"","publisher":{"@id":"https:\/\/vieassociative.be\/actualites\/#organization"},"potentialAction":[{"@type":"SearchAction","target":{"@type":"EntryPoint","urlTemplate":"https:\/\/vieassociative.be\/actualites\/?s={search_term_string}"},"query-input":{"@type":"PropertyValueSpecification","valueRequired":true,"valueName":"search_term_string"}}],"inLanguage":"fr-BE"},{"@type":"Organization","@id":"https:\/\/vieassociative.be\/actualites\/#organization","name":"Vie Associative","url":"https:\/\/vieassociative.be\/actualites\/","logo":{"@type":"ImageObject","inLanguage":"fr-BE","@id":"https:\/\/vieassociative.be\/actualites\/#\/schema\/logo\/image\/","url":"https:\/\/vieassociative.be\/actualites\/wp-content\/uploads\/2024\/09\/cropped-vieassociative_favicon.ico.png","contentUrl":"https:\/\/vieassociative.be\/actualites\/wp-content\/uploads\/2024\/09\/cropped-vieassociative_favicon.ico.png","width":512,"height":512,"caption":"Vie Associative"},"image":{"@id":"https:\/\/vieassociative.be\/actualites\/#\/schema\/logo\/image\/"}},{"@type":"Person","@id":"https:\/\/vieassociative.be\/actualites\/#\/schema\/person\/b87ac4f82f9d4e7b7cec7395b679edc4","name":"Julien","image":{"@type":"ImageObject","inLanguage":"fr-BE","@id":"https:\/\/vieassociative.be\/actualites\/#\/schema\/person\/image\/","url":"https:\/\/vieassociative.be\/actualites\/wp-content\/uploads\/2024\/09\/vie-associative-1-150x150.jpg","contentUrl":"https:\/\/vieassociative.be\/actualites\/wp-content\/uploads\/2024\/09\/vie-associative-1-150x150.jpg","caption":"Julien"},"description":"Je suis Julien, r\u00e9dacteur pour Vie Associative. Passionn\u00e9 par le monde associatif depuis plus de 10 ans, j'ai \u00e0 c\u0153ur de partager des histoires inspirantes et de mettre en lumi\u00e8re les initiatives locales. Mon objectif est de sensibiliser et d'encourager l'engagement communautaire \u00e0 travers mes articles.","sameAs":["https:\/\/vieassociative.be\/"]}]}},"_links":{"self":[{"href":"https:\/\/vieassociative.be\/actualites\/wp-json\/wp\/v2\/posts\/7690"}],"collection":[{"href":"https:\/\/vieassociative.be\/actualites\/wp-json\/wp\/v2\/posts"}],"about":[{"href":"https:\/\/vieassociative.be\/actualites\/wp-json\/wp\/v2\/types\/post"}],"author":[{"embeddable":true,"href":"https:\/\/vieassociative.be\/actualites\/wp-json\/wp\/v2\/users\/1"}],"replies":[{"embeddable":true,"href":"https:\/\/vieassociative.be\/actualites\/wp-json\/wp\/v2\/comments?post=7690"}],"version-history":[{"count":0,"href":"https:\/\/vieassociative.be\/actualites\/wp-json\/wp\/v2\/posts\/7690\/revisions"}],"wp:featuredmedia":[{"embeddable":true,"href":"https:\/\/vieassociative.be\/actualites\/wp-json\/wp\/v2\/media\/7691"}],"wp:attachment":[{"href":"https:\/\/vieassociative.be\/actualites\/wp-json\/wp\/v2\/media?parent=7690"}],"wp:term":[{"taxonomy":"category","embeddable":true,"href":"https:\/\/vieassociative.be\/actualites\/wp-json\/wp\/v2\/categories?post=7690"},{"taxonomy":"post_tag","embeddable":true,"href":"https:\/\/vieassociative.be\/actualites\/wp-json\/wp\/v2\/tags?post=7690"}],"curies":[{"name":"wp","href":"https:\/\/api.w.org\/{rel}","templated":true}]}}