{"id":7685,"date":"2025-05-21T16:19:09","date_gmt":"2025-05-21T14:19:09","guid":{"rendered":"https:\/\/vieassociative.be\/actualites\/la-chair-de-poule-a-de-bruynes-a-fait-ses-adieux-a-manchester-ex-coach-meilleur-footballeur-belge-de-tous-les-temps\/"},"modified":"2025-05-21T16:19:09","modified_gmt":"2025-05-21T14:19:09","slug":"la-chair-de-poule-a-de-bruynes-a-fait-ses-adieux-a-manchester-ex-coach-meilleur-footballeur-belge-de-tous-les-temps","status":"publish","type":"post","link":"https:\/\/vieassociative.be\/actualites\/la-chair-de-poule-a-de-bruynes-a-fait-ses-adieux-a-manchester-ex-coach-meilleur-footballeur-belge-de-tous-les-temps\/","title":{"rendered":"La chair de poule \u00e0 De Bruynes a fait ses adieux \u00e0 Manchester-Ex-Coach: \u00ab\u00a0Meilleur footballeur belge de tous les temps\u00a0\u00bb"},"content":{"rendered":"<p><strong>Si vous avez eu la chance de voir le match de Manchester City contre Bournemouth \u00e0 la t\u00e9l\u00e9vision mardi soir, vous avez pu se convaincre du genre de joueur exceptionnel Kevin de Bruyne pour Manchester City et ses fans au cours des dix derni\u00e8res ann\u00e9es et ce qu&rsquo;il \u00e9tait.<\/strong><\/p>\n<p><span id=\"more-415914\"><\/span>Pour la star du milieu de terrain Kevin de Bruyne, c&rsquo;\u00e9tait le dernier match \u00e0 domicile de City. Le Belge quitte le club apr\u00e8s dix ans. \u00c0 la 25e minute, il a rat\u00e9 une porte d&rsquo;adieu \u00e0 3-1 contre Bournemouth alors qu&rsquo;il n&rsquo;a pas atteint le but vide de quatre m\u00e8tres et a simplement tir\u00e9 sur la barre transversale. Il ne pouvait pas le croire lui-m\u00eame.<\/p>\n<\/p>\n<div id=\"attachment_415921\" class=\"wp-caption alignleft\" style=\"max-width: 300px\"><img fetchpriority=\"high\" decoding=\"async\" class=\"wp-image-415921 size-medium\" src=\"https:\/\/vieassociative.be\/actualites\/wp-content\/uploads\/2025\/05\/La-chair-de-poule-a-De-Bruynes-a-fait-ses.jpg\" alt=\"\" width=\"300\" height=\"200\"><\/p>\n<p class=\"wp-caption-text\">20 mai 2025, Grande-Bretagne, Manchester: Kevin de Bruyne de Manchester City, accompagn\u00e9 de sa famille, parle aux fans apr\u00e8s son dernier match \u00e0 domicile. Photo: Dave Thompson \/ AP \/ DPA<\/p>\n<\/div>\n<p>Heureusement, cette sc\u00e8ne n&rsquo;\u00e9tait pas d\u00e9cisive pour le match, car la victoire \u00e9tait d&rsquo;une grande importance pour Pep Guardiola et son \u00e9quipe en ce qui concerne la qualification pour la Ligue des champions.<\/p>\n<p>Lors de son remplacement \u00e0 la 69e minute, De Bruyne a toujours \u00e9t\u00e9 c\u00e9l\u00e9br\u00e9 avec des chorales de discours bruyants. Mais ce n&rsquo;\u00e9tait pas le dernier moment de la chair de poule en cette soir\u00e9e m\u00e9morable. Le meneur de jeu a disput\u00e9 421 matchs comp\u00e9titifs pour Manchester City. Il a marqu\u00e9 108 buts et fourni au mod\u00e8le 177 autres buts.<\/p>\n<p>Six championnats d&rsquo;anglais, un titre de Ligue des champions et deux FA-Cups ne sont qu&rsquo;un extrait de la collection de titre que De Bruyne a accumul\u00e9 avec les \u00ab\u00a0citoyens\u00a0\u00bb depuis son d\u00e9m\u00e9nagement en 2015.<\/p>\n<\/p>\n<div id=\"attachment_415922\" class=\"wp-caption alignleft\" style=\"max-width: 300px\"><img decoding=\"async\" class=\"wp-image-415922 size-medium\" src=\"https:\/\/vieassociative.be\/actualites\/wp-content\/uploads\/2025\/05\/1747837149_954_La-chair-de-poule-a-De-Bruynes-a-fait-ses.jpg\" alt=\"\" width=\"300\" height=\"209\"><\/p>\n<p class=\"wp-caption-text\">20 mai 2025, Grande-Bretagne, Manchester: Kevin de Bruyne de Manchester City regrette une chance manqu\u00e9e \u00e0 100%. Photo: Martin Rickett \/ PA Wire \/ DPA<\/p>\n<\/div>\n<p>Bien que ce fut un jour ordinaire de la semaine et que la plupart des spectateurs ont d\u00fb travailler le lendemain, \u00e0 l&rsquo;exception de Bournemouth, qui a quitt\u00e9 le stade imm\u00e9diatement apr\u00e8s le coup de sifflet final, ce sont tous les visiteurs de rester dans le stade \u00e9thique de Manchester pour rester avec l&rsquo;adoption d&rsquo;une ic\u00f4ne de club. Et vous ne devriez pas le regretter, car Kevin de Bruyne a \u00e9t\u00e9 adopt\u00e9 avec un grand spectacle.<\/p>\n<p>Apr\u00e8s le coup de sifflet final, la femme de De Bruyne, Michelle, et ses trois enfants se sont pr\u00e9cipit\u00e9s sur le terrain. Les co\u00e9quipiers ont laiss\u00e9 leur chef vivre. \u00ab\u00a0C&rsquo;est tr\u00e8s \u00e9mouvant\u00a0\u00bb, a admis \u00ab\u00a0le roi Kevin\u00a0\u00bb.<\/p>\n<p>Tout d&rsquo;abord, une premi\u00e8re vid\u00e9o avec les meilleurs moments du brillant milieu de terrain \u00e0 Manchester City a \u00e9t\u00e9 montr\u00e9e. Cela a \u00e9t\u00e9 suivi d&rsquo;une seconde avec des d\u00e9clarations d&rsquo;anciens co\u00e9quipiers tels que Sergio Aguero, Fernandinho, Riyad Mahrez, Raheem Sterling et Vincent Kompany, son ancien capitaine \u00e0 Man City et l&rsquo;\u00e9quipe nationale belge.<\/p>\n<p>Lorsque les salutations de Manchester City ont \u00e9t\u00e9 jou\u00e9es en l&rsquo;honneur de Kevin de Bruyne sur les \u00e9normes \u00e9crans vid\u00e9o, Pep Guardiola ne pouvait plus diff\u00e9rent: l&rsquo;entra\u00eeneur espagnol a \u00e9clat\u00e9 en larmes et \u00e9tait plus \u00e9motif que jamais.<\/p>\n<\/p>\n<div id=\"attachment_415941\" class=\"wp-caption alignleft\" style=\"max-width: 300px\"><img decoding=\"async\" class=\"wp-image-415941 size-medium\" src=\"https:\/\/vieassociative.be\/actualites\/wp-content\/uploads\/2025\/05\/1747837149_140_La-chair-de-poule-a-De-Bruynes-a-fait-ses.jpg\" alt=\"\" width=\"300\" height=\"200\"  ><\/p>\n<p class=\"wp-caption-text\">20 mai 2025, Grande-Bretagne, Manchester: Kevin de Bruyne (R) de Manchester City en action dans le match contre Bournemouth. Photo: Dave Thompson \/ AP \/ DPA<\/p>\n<\/div>\n<p>De Bruyne a re\u00e7u une photo en mosa\u00efque tr\u00e8s sp\u00e9ciale et un maillot encadr\u00e9 de Manchester City avec le num\u00e9ro 17 du club. De plus, le club a annonc\u00e9 qu&rsquo;il voulait construire une statue sp\u00e9ciale pour la star sortante.<\/p>\n<p>\u00ab\u00a0Je suis venu ici avec ma femme Michelle pour rester longtemps\u00a0\u00bb, a admis de Bruyne. \u00ab\u00a0Je ne m&rsquo;attendais pas \u00e0 rester ici pendant dix ans pour faire tout ce que nous avons accompli en tant que club avec les fans et mes co\u00e9quipiers. Nous avons tout gagn\u00e9. Nous avons agrandi la ville et le club. C&rsquo;\u00e9tait un honneur de jouer ici. J&rsquo;ai gagn\u00e9 des amis \u00e0 vie. Nous reviendrons certainement.\u00a0\u00bb<\/p>\n<p>On ne sait pas o\u00f9 la Bruyne ira \u00e0 Fulham apr\u00e8s son tout dernier match dimanche. Arabie saoudite, MLS am\u00e9ricaine, Liverpool ou Naples? Nous saurons bient\u00f4t. L&rsquo;homme de 33 ans sera certainement conserv\u00e9 dans l&rsquo;\u00e9quipe nationale belge jusqu&rsquo;\u00e0 la Coupe du monde 2026 (voir des articles ailleurs).<\/p>\n<p>Kevin de Bruyne est le meilleur joueur de football belge de tous les temps pour Hein Vanhaezebrouck, l&rsquo;ancien entra\u00eeneur d&rsquo;AA Gent, qui travaille maintenant comme expert de football pour VRT. (Cre)<\/p>\n<p><em><strong>Sur le sujet, voir \u00e9galement l&rsquo;article suivant sur OD:<\/strong><\/em><\/p>\n<div class=\"responsive-embed widescreen\">\n<blockquote class=\"wp-embedded-content\" data-secret=\"FrzmKBDnWG\">\n<p>Avec Diego Moreira, Rudi Garcia apporte un \u00abbinational\u00bb dans le contingent des Red Devils<\/p>\n<\/blockquote>\n<p><iframe loading=\"lazy\" class=\"wp-embedded-content\" sandbox=\"allow-scripts\" security=\"restricted\" style=\"position: absolute; visibility: hidden;\" title=\"\u201eRudi Garcia holt mit Diego Moreira einen \u201eBinationalen\u201c ins Aufgebot der Roten Teufel\u201c \u2014 Ostbelgien Direkt\" src=\"https:\/\/ostbelgiendirekt.be\/about:blank\" data-secret=\"FrzmKBDnWG\" width=\"500\" height=\"282\" frameborder=\"0\" marginwidth=\"0\" marginheight=\"0\" scrolling=\"no\" data-rocket-lazyload=\"fitvidscompatible\" data-lazy-src=\"https:\/\/ostbelgiendirekt.be\/rote-teufel-die-binationalen-415883\/embed#?secret=xPZ6ItUyGp#?secret=FrzmKBDnWG\"><\/iframe><noscript><iframe class=\"wp-embedded-content\" sandbox=\"allow-scripts\" security=\"restricted\" style=\"position: absolute; visibility: hidden;\" title=\"\u201eRudi Garcia holt mit Diego Moreira einen \u201eBinationalen\u201c ins Aufgebot der Roten Teufel\u201c \u2014 Ostbelgien Direkt\" src=\"https:\/\/ostbelgiendirekt.be\/rote-teufel-die-binationalen-415883\/embed#?secret=xPZ6ItUyGp#?secret=FrzmKBDnWG\" data-secret=\"FrzmKBDnWG\" width=\"500\" height=\"282\" frameborder=\"0\" marginwidth=\"0\" marginheight=\"0\" scrolling=\"no\"><\/iframe><\/noscript><\/p>\n<\/div>\n","protected":false},"excerpt":{"rendered":"<p>Si vous avez eu la chance de voir le match de Manchester City contre Bournemouth \u00e0 la t\u00e9l\u00e9vision mardi soir, vous avez pu se convaincre<\/p>\n","protected":false},"author":1,"featured_media":7686,"comment_status":"","ping_status":"","sticky":false,"template":"","format":"standard","meta":{"footnotes":""},"categories":[298],"tags":[4485,410,7096,7094,635,4079,14,7097,579,7095,1055,790,546],"class_list":["post-7685","post","type-post","status-publish","format-standard","has-post-thumbnail","hentry","category-belgique","tag-adieux","tag-belge","tag-bruynes","tag-chair","tag-fait","tag-footballeur","tag-les","tag-manchesterexcoach","tag-meilleur","tag-poule","tag-ses","tag-temps","tag-tous","generate-columns","tablet-grid-50","mobile-grid-100","grid-parent","grid-33"],"yoast_head":"<!-- This site is optimized with the Yoast SEO plugin v24.0 - https:\/\/yoast.com\/wordpress\/plugins\/seo\/ -->\n<title>La chair de poule \u00e0 De Bruynes a fait ses adieux \u00e0 Manchester-Ex-Coach: &quot;Meilleur footballeur belge de tous les temps&quot; | Vie Associative<\/title>\n<meta name=\"robots\" content=\"index, follow, max-snippet:-1, max-image-preview:large, max-video-preview:-1\" \/>\n<link rel=\"canonical\" href=\"https:\/\/vieassociative.be\/actualites\/la-chair-de-poule-a-de-bruynes-a-fait-ses-adieux-a-manchester-ex-coach-meilleur-footballeur-belge-de-tous-les-temps\/\" \/>\n<meta property=\"og:locale\" content=\"fr_FR\" \/>\n<meta property=\"og:type\" content=\"article\" \/>\n<meta property=\"og:title\" content=\"La chair de poule \u00e0 De Bruynes a fait ses adieux \u00e0 Manchester-Ex-Coach: &quot;Meilleur footballeur belge de tous les temps&quot; | Vie Associative\" \/>\n<meta property=\"og:description\" content=\"Si vous avez eu la chance de voir le match de Manchester City contre Bournemouth \u00e0 la t\u00e9l\u00e9vision mardi soir, vous avez pu se convaincre\" \/>\n<meta property=\"og:url\" content=\"https:\/\/vieassociative.be\/actualites\/la-chair-de-poule-a-de-bruynes-a-fait-ses-adieux-a-manchester-ex-coach-meilleur-footballeur-belge-de-tous-les-temps\/\" \/>\n<meta property=\"og:site_name\" content=\"Vie Associative\" \/>\n<meta property=\"article:published_time\" content=\"2025-05-21T14:19:09+00:00\" \/>\n<meta property=\"og:image\" content=\"https:\/\/vieassociative.be\/actualites\/wp-content\/uploads\/2024\/09\/header_backgroundk-01-e1726694325946.png\" \/>\n\t<meta property=\"og:image:width\" content=\"279\" \/>\n\t<meta property=\"og:image:height\" content=\"92\" \/>\n\t<meta property=\"og:image:type\" content=\"image\/png\" \/>\n<meta name=\"author\" content=\"Julien\" \/>\n<meta name=\"twitter:card\" content=\"summary_large_image\" \/>\n<meta name=\"twitter:label1\" content=\"\u00c9crit par\" \/>\n\t<meta name=\"twitter:data1\" content=\"Julien\" \/>\n\t<meta name=\"twitter:label2\" content=\"Dur\u00e9e de lecture est.\" \/>\n\t<meta name=\"twitter:data2\" content=\"4 minutes\" \/>\n<script type=\"application\/ld+json\" class=\"yoast-schema-graph\">{\"@context\":\"https:\/\/schema.org\",\"@graph\":[{\"@type\":\"Article\",\"@id\":\"https:\/\/vieassociative.be\/actualites\/la-chair-de-poule-a-de-bruynes-a-fait-ses-adieux-a-manchester-ex-coach-meilleur-footballeur-belge-de-tous-les-temps\/#article\",\"isPartOf\":{\"@id\":\"https:\/\/vieassociative.be\/actualites\/la-chair-de-poule-a-de-bruynes-a-fait-ses-adieux-a-manchester-ex-coach-meilleur-footballeur-belge-de-tous-les-temps\/\"},\"author\":{\"name\":\"Julien\",\"@id\":\"https:\/\/vieassociative.be\/actualites\/#\/schema\/person\/b87ac4f82f9d4e7b7cec7395b679edc4\"},\"headline\":\"La chair de poule \u00e0 De Bruynes a fait ses adieux \u00e0 Manchester-Ex-Coach: \u00ab\u00a0Meilleur footballeur belge de tous les temps\u00a0\u00bb\",\"datePublished\":\"2025-05-21T14:19:09+00:00\",\"dateModified\":\"2025-05-21T14:19:09+00:00\",\"mainEntityOfPage\":{\"@id\":\"https:\/\/vieassociative.be\/actualites\/la-chair-de-poule-a-de-bruynes-a-fait-ses-adieux-a-manchester-ex-coach-meilleur-footballeur-belge-de-tous-les-temps\/\"},\"wordCount\":799,\"publisher\":{\"@id\":\"https:\/\/vieassociative.be\/actualites\/#organization\"},\"image\":{\"@id\":\"https:\/\/vieassociative.be\/actualites\/la-chair-de-poule-a-de-bruynes-a-fait-ses-adieux-a-manchester-ex-coach-meilleur-footballeur-belge-de-tous-les-temps\/#primaryimage\"},\"thumbnailUrl\":\"https:\/\/vieassociative.be\/actualites\/wp-content\/uploads\/2025\/05\/1747837149_La-chair-de-poule-a-De-Bruynes-a-fait-ses.jpg\",\"keywords\":[\"adieux\",\"belge\",\"Bruynes\",\"chair\",\"fait\",\"footballeur\",\"Les\",\"ManchesterExCoach\",\"meilleur\",\"poule\",\"ses\",\"temps\",\"tous\"],\"articleSection\":[\"Belgique\"],\"inLanguage\":\"fr-BE\"},{\"@type\":\"WebPage\",\"@id\":\"https:\/\/vieassociative.be\/actualites\/la-chair-de-poule-a-de-bruynes-a-fait-ses-adieux-a-manchester-ex-coach-meilleur-footballeur-belge-de-tous-les-temps\/\",\"url\":\"https:\/\/vieassociative.be\/actualites\/la-chair-de-poule-a-de-bruynes-a-fait-ses-adieux-a-manchester-ex-coach-meilleur-footballeur-belge-de-tous-les-temps\/\",\"name\":\"La chair de poule \u00e0 De Bruynes a fait ses adieux \u00e0 Manchester-Ex-Coach: \\\"Meilleur footballeur belge de tous les temps\\\" | Vie Associative\",\"isPartOf\":{\"@id\":\"https:\/\/vieassociative.be\/actualites\/#website\"},\"primaryImageOfPage\":{\"@id\":\"https:\/\/vieassociative.be\/actualites\/la-chair-de-poule-a-de-bruynes-a-fait-ses-adieux-a-manchester-ex-coach-meilleur-footballeur-belge-de-tous-les-temps\/#primaryimage\"},\"image\":{\"@id\":\"https:\/\/vieassociative.be\/actualites\/la-chair-de-poule-a-de-bruynes-a-fait-ses-adieux-a-manchester-ex-coach-meilleur-footballeur-belge-de-tous-les-temps\/#primaryimage\"},\"thumbnailUrl\":\"https:\/\/vieassociative.be\/actualites\/wp-content\/uploads\/2025\/05\/1747837149_La-chair-de-poule-a-De-Bruynes-a-fait-ses.jpg\",\"datePublished\":\"2025-05-21T14:19:09+00:00\",\"dateModified\":\"2025-05-21T14:19:09+00:00\",\"breadcrumb\":{\"@id\":\"https:\/\/vieassociative.be\/actualites\/la-chair-de-poule-a-de-bruynes-a-fait-ses-adieux-a-manchester-ex-coach-meilleur-footballeur-belge-de-tous-les-temps\/#breadcrumb\"},\"inLanguage\":\"fr-BE\",\"potentialAction\":[{\"@type\":\"ReadAction\",\"target\":[\"https:\/\/vieassociative.be\/actualites\/la-chair-de-poule-a-de-bruynes-a-fait-ses-adieux-a-manchester-ex-coach-meilleur-footballeur-belge-de-tous-les-temps\/\"]}]},{\"@type\":\"ImageObject\",\"inLanguage\":\"fr-BE\",\"@id\":\"https:\/\/vieassociative.be\/actualites\/la-chair-de-poule-a-de-bruynes-a-fait-ses-adieux-a-manchester-ex-coach-meilleur-footballeur-belge-de-tous-les-temps\/#primaryimage\",\"url\":\"https:\/\/vieassociative.be\/actualites\/wp-content\/uploads\/2025\/05\/1747837149_La-chair-de-poule-a-De-Bruynes-a-fait-ses.jpg\",\"contentUrl\":\"https:\/\/vieassociative.be\/actualites\/wp-content\/uploads\/2025\/05\/1747837149_La-chair-de-poule-a-De-Bruynes-a-fait-ses.jpg\",\"width\":2560,\"height\":1706,\"caption\":\"La chair de poule \u00e0 De Bruynes a fait ses adieux \u00e0 Manchester-Ex-Coach: \\\"Meilleur footballeur belge de tous les temps\\\"\"},{\"@type\":\"BreadcrumbList\",\"@id\":\"https:\/\/vieassociative.be\/actualites\/la-chair-de-poule-a-de-bruynes-a-fait-ses-adieux-a-manchester-ex-coach-meilleur-footballeur-belge-de-tous-les-temps\/#breadcrumb\",\"itemListElement\":[{\"@type\":\"ListItem\",\"position\":1,\"name\":\"Accueil\",\"item\":\"https:\/\/vieassociative.be\/actualites\/\"},{\"@type\":\"ListItem\",\"position\":2,\"name\":\"La chair de poule \u00e0 De Bruynes a fait ses adieux \u00e0 Manchester-Ex-Coach: \u00ab\u00a0Meilleur footballeur belge de tous les temps\u00a0\u00bb\"}]},{\"@type\":\"WebSite\",\"@id\":\"https:\/\/vieassociative.be\/actualites\/#website\",\"url\":\"https:\/\/vieassociative.be\/actualites\/\",\"name\":\"Vie Associative\",\"description\":\"\",\"publisher\":{\"@id\":\"https:\/\/vieassociative.be\/actualites\/#organization\"},\"potentialAction\":[{\"@type\":\"SearchAction\",\"target\":{\"@type\":\"EntryPoint\",\"urlTemplate\":\"https:\/\/vieassociative.be\/actualites\/?s={search_term_string}\"},\"query-input\":{\"@type\":\"PropertyValueSpecification\",\"valueRequired\":true,\"valueName\":\"search_term_string\"}}],\"inLanguage\":\"fr-BE\"},{\"@type\":\"Organization\",\"@id\":\"https:\/\/vieassociative.be\/actualites\/#organization\",\"name\":\"Vie Associative\",\"url\":\"https:\/\/vieassociative.be\/actualites\/\",\"logo\":{\"@type\":\"ImageObject\",\"inLanguage\":\"fr-BE\",\"@id\":\"https:\/\/vieassociative.be\/actualites\/#\/schema\/logo\/image\/\",\"url\":\"https:\/\/vieassociative.be\/actualites\/wp-content\/uploads\/2024\/09\/cropped-vieassociative_favicon.ico.png\",\"contentUrl\":\"https:\/\/vieassociative.be\/actualites\/wp-content\/uploads\/2024\/09\/cropped-vieassociative_favicon.ico.png\",\"width\":512,\"height\":512,\"caption\":\"Vie Associative\"},\"image\":{\"@id\":\"https:\/\/vieassociative.be\/actualites\/#\/schema\/logo\/image\/\"}},{\"@type\":\"Person\",\"@id\":\"https:\/\/vieassociative.be\/actualites\/#\/schema\/person\/b87ac4f82f9d4e7b7cec7395b679edc4\",\"name\":\"Julien\",\"image\":{\"@type\":\"ImageObject\",\"inLanguage\":\"fr-BE\",\"@id\":\"https:\/\/vieassociative.be\/actualites\/#\/schema\/person\/image\/\",\"url\":\"https:\/\/vieassociative.be\/actualites\/wp-content\/uploads\/2024\/09\/vie-associative-1-150x150.jpg\",\"contentUrl\":\"https:\/\/vieassociative.be\/actualites\/wp-content\/uploads\/2024\/09\/vie-associative-1-150x150.jpg\",\"caption\":\"Julien\"},\"description\":\"Je suis Julien, r\u00e9dacteur pour Vie Associative. Passionn\u00e9 par le monde associatif depuis plus de 10 ans, j'ai \u00e0 c\u0153ur de partager des histoires inspirantes et de mettre en lumi\u00e8re les initiatives locales. Mon objectif est de sensibiliser et d'encourager l'engagement communautaire \u00e0 travers mes articles.\",\"sameAs\":[\"https:\/\/vieassociative.be\/\"]}]}<\/script>\n<!-- \/ Yoast SEO plugin. -->","yoast_head_json":{"title":"La chair de poule \u00e0 De Bruynes a fait ses adieux \u00e0 Manchester-Ex-Coach: \"Meilleur footballeur belge de tous les temps\" | Vie Associative","robots":{"index":"index","follow":"follow","max-snippet":"max-snippet:-1","max-image-preview":"max-image-preview:large","max-video-preview":"max-video-preview:-1"},"canonical":"https:\/\/vieassociative.be\/actualites\/la-chair-de-poule-a-de-bruynes-a-fait-ses-adieux-a-manchester-ex-coach-meilleur-footballeur-belge-de-tous-les-temps\/","og_locale":"fr_FR","og_type":"article","og_title":"La chair de poule \u00e0 De Bruynes a fait ses adieux \u00e0 Manchester-Ex-Coach: \"Meilleur footballeur belge de tous les temps\" | Vie Associative","og_description":"Si vous avez eu la chance de voir le match de Manchester City contre Bournemouth \u00e0 la t\u00e9l\u00e9vision mardi soir, vous avez pu se convaincre","og_url":"https:\/\/vieassociative.be\/actualites\/la-chair-de-poule-a-de-bruynes-a-fait-ses-adieux-a-manchester-ex-coach-meilleur-footballeur-belge-de-tous-les-temps\/","og_site_name":"Vie Associative","article_published_time":"2025-05-21T14:19:09+00:00","og_image":[{"width":279,"height":92,"url":"https:\/\/vieassociative.be\/actualites\/wp-content\/uploads\/2024\/09\/header_backgroundk-01-e1726694325946.png","type":"image\/png"}],"author":"Julien","twitter_card":"summary_large_image","twitter_misc":{"\u00c9crit par":"Julien","Dur\u00e9e de lecture est.":"4 minutes"},"schema":{"@context":"https:\/\/schema.org","@graph":[{"@type":"Article","@id":"https:\/\/vieassociative.be\/actualites\/la-chair-de-poule-a-de-bruynes-a-fait-ses-adieux-a-manchester-ex-coach-meilleur-footballeur-belge-de-tous-les-temps\/#article","isPartOf":{"@id":"https:\/\/vieassociative.be\/actualites\/la-chair-de-poule-a-de-bruynes-a-fait-ses-adieux-a-manchester-ex-coach-meilleur-footballeur-belge-de-tous-les-temps\/"},"author":{"name":"Julien","@id":"https:\/\/vieassociative.be\/actualites\/#\/schema\/person\/b87ac4f82f9d4e7b7cec7395b679edc4"},"headline":"La chair de poule \u00e0 De Bruynes a fait ses adieux \u00e0 Manchester-Ex-Coach: \u00ab\u00a0Meilleur footballeur belge de tous les temps\u00a0\u00bb","datePublished":"2025-05-21T14:19:09+00:00","dateModified":"2025-05-21T14:19:09+00:00","mainEntityOfPage":{"@id":"https:\/\/vieassociative.be\/actualites\/la-chair-de-poule-a-de-bruynes-a-fait-ses-adieux-a-manchester-ex-coach-meilleur-footballeur-belge-de-tous-les-temps\/"},"wordCount":799,"publisher":{"@id":"https:\/\/vieassociative.be\/actualites\/#organization"},"image":{"@id":"https:\/\/vieassociative.be\/actualites\/la-chair-de-poule-a-de-bruynes-a-fait-ses-adieux-a-manchester-ex-coach-meilleur-footballeur-belge-de-tous-les-temps\/#primaryimage"},"thumbnailUrl":"https:\/\/vieassociative.be\/actualites\/wp-content\/uploads\/2025\/05\/1747837149_La-chair-de-poule-a-De-Bruynes-a-fait-ses.jpg","keywords":["adieux","belge","Bruynes","chair","fait","footballeur","Les","ManchesterExCoach","meilleur","poule","ses","temps","tous"],"articleSection":["Belgique"],"inLanguage":"fr-BE"},{"@type":"WebPage","@id":"https:\/\/vieassociative.be\/actualites\/la-chair-de-poule-a-de-bruynes-a-fait-ses-adieux-a-manchester-ex-coach-meilleur-footballeur-belge-de-tous-les-temps\/","url":"https:\/\/vieassociative.be\/actualites\/la-chair-de-poule-a-de-bruynes-a-fait-ses-adieux-a-manchester-ex-coach-meilleur-footballeur-belge-de-tous-les-temps\/","name":"La chair de poule \u00e0 De Bruynes a fait ses adieux \u00e0 Manchester-Ex-Coach: \"Meilleur footballeur belge de tous les temps\" | Vie Associative","isPartOf":{"@id":"https:\/\/vieassociative.be\/actualites\/#website"},"primaryImageOfPage":{"@id":"https:\/\/vieassociative.be\/actualites\/la-chair-de-poule-a-de-bruynes-a-fait-ses-adieux-a-manchester-ex-coach-meilleur-footballeur-belge-de-tous-les-temps\/#primaryimage"},"image":{"@id":"https:\/\/vieassociative.be\/actualites\/la-chair-de-poule-a-de-bruynes-a-fait-ses-adieux-a-manchester-ex-coach-meilleur-footballeur-belge-de-tous-les-temps\/#primaryimage"},"thumbnailUrl":"https:\/\/vieassociative.be\/actualites\/wp-content\/uploads\/2025\/05\/1747837149_La-chair-de-poule-a-De-Bruynes-a-fait-ses.jpg","datePublished":"2025-05-21T14:19:09+00:00","dateModified":"2025-05-21T14:19:09+00:00","breadcrumb":{"@id":"https:\/\/vieassociative.be\/actualites\/la-chair-de-poule-a-de-bruynes-a-fait-ses-adieux-a-manchester-ex-coach-meilleur-footballeur-belge-de-tous-les-temps\/#breadcrumb"},"inLanguage":"fr-BE","potentialAction":[{"@type":"ReadAction","target":["https:\/\/vieassociative.be\/actualites\/la-chair-de-poule-a-de-bruynes-a-fait-ses-adieux-a-manchester-ex-coach-meilleur-footballeur-belge-de-tous-les-temps\/"]}]},{"@type":"ImageObject","inLanguage":"fr-BE","@id":"https:\/\/vieassociative.be\/actualites\/la-chair-de-poule-a-de-bruynes-a-fait-ses-adieux-a-manchester-ex-coach-meilleur-footballeur-belge-de-tous-les-temps\/#primaryimage","url":"https:\/\/vieassociative.be\/actualites\/wp-content\/uploads\/2025\/05\/1747837149_La-chair-de-poule-a-De-Bruynes-a-fait-ses.jpg","contentUrl":"https:\/\/vieassociative.be\/actualites\/wp-content\/uploads\/2025\/05\/1747837149_La-chair-de-poule-a-De-Bruynes-a-fait-ses.jpg","width":2560,"height":1706,"caption":"La chair de poule \u00e0 De Bruynes a fait ses adieux \u00e0 Manchester-Ex-Coach: \"Meilleur footballeur belge de tous les temps\""},{"@type":"BreadcrumbList","@id":"https:\/\/vieassociative.be\/actualites\/la-chair-de-poule-a-de-bruynes-a-fait-ses-adieux-a-manchester-ex-coach-meilleur-footballeur-belge-de-tous-les-temps\/#breadcrumb","itemListElement":[{"@type":"ListItem","position":1,"name":"Accueil","item":"https:\/\/vieassociative.be\/actualites\/"},{"@type":"ListItem","position":2,"name":"La chair de poule \u00e0 De Bruynes a fait ses adieux \u00e0 Manchester-Ex-Coach: \u00ab\u00a0Meilleur footballeur belge de tous les temps\u00a0\u00bb"}]},{"@type":"WebSite","@id":"https:\/\/vieassociative.be\/actualites\/#website","url":"https:\/\/vieassociative.be\/actualites\/","name":"Vie Associative","description":"","publisher":{"@id":"https:\/\/vieassociative.be\/actualites\/#organization"},"potentialAction":[{"@type":"SearchAction","target":{"@type":"EntryPoint","urlTemplate":"https:\/\/vieassociative.be\/actualites\/?s={search_term_string}"},"query-input":{"@type":"PropertyValueSpecification","valueRequired":true,"valueName":"search_term_string"}}],"inLanguage":"fr-BE"},{"@type":"Organization","@id":"https:\/\/vieassociative.be\/actualites\/#organization","name":"Vie Associative","url":"https:\/\/vieassociative.be\/actualites\/","logo":{"@type":"ImageObject","inLanguage":"fr-BE","@id":"https:\/\/vieassociative.be\/actualites\/#\/schema\/logo\/image\/","url":"https:\/\/vieassociative.be\/actualites\/wp-content\/uploads\/2024\/09\/cropped-vieassociative_favicon.ico.png","contentUrl":"https:\/\/vieassociative.be\/actualites\/wp-content\/uploads\/2024\/09\/cropped-vieassociative_favicon.ico.png","width":512,"height":512,"caption":"Vie Associative"},"image":{"@id":"https:\/\/vieassociative.be\/actualites\/#\/schema\/logo\/image\/"}},{"@type":"Person","@id":"https:\/\/vieassociative.be\/actualites\/#\/schema\/person\/b87ac4f82f9d4e7b7cec7395b679edc4","name":"Julien","image":{"@type":"ImageObject","inLanguage":"fr-BE","@id":"https:\/\/vieassociative.be\/actualites\/#\/schema\/person\/image\/","url":"https:\/\/vieassociative.be\/actualites\/wp-content\/uploads\/2024\/09\/vie-associative-1-150x150.jpg","contentUrl":"https:\/\/vieassociative.be\/actualites\/wp-content\/uploads\/2024\/09\/vie-associative-1-150x150.jpg","caption":"Julien"},"description":"Je suis Julien, r\u00e9dacteur pour Vie Associative. Passionn\u00e9 par le monde associatif depuis plus de 10 ans, j'ai \u00e0 c\u0153ur de partager des histoires inspirantes et de mettre en lumi\u00e8re les initiatives locales. Mon objectif est de sensibiliser et d'encourager l'engagement communautaire \u00e0 travers mes articles.","sameAs":["https:\/\/vieassociative.be\/"]}]}},"_links":{"self":[{"href":"https:\/\/vieassociative.be\/actualites\/wp-json\/wp\/v2\/posts\/7685"}],"collection":[{"href":"https:\/\/vieassociative.be\/actualites\/wp-json\/wp\/v2\/posts"}],"about":[{"href":"https:\/\/vieassociative.be\/actualites\/wp-json\/wp\/v2\/types\/post"}],"author":[{"embeddable":true,"href":"https:\/\/vieassociative.be\/actualites\/wp-json\/wp\/v2\/users\/1"}],"replies":[{"embeddable":true,"href":"https:\/\/vieassociative.be\/actualites\/wp-json\/wp\/v2\/comments?post=7685"}],"version-history":[{"count":0,"href":"https:\/\/vieassociative.be\/actualites\/wp-json\/wp\/v2\/posts\/7685\/revisions"}],"wp:featuredmedia":[{"embeddable":true,"href":"https:\/\/vieassociative.be\/actualites\/wp-json\/wp\/v2\/media\/7686"}],"wp:attachment":[{"href":"https:\/\/vieassociative.be\/actualites\/wp-json\/wp\/v2\/media?parent=7685"}],"wp:term":[{"taxonomy":"category","embeddable":true,"href":"https:\/\/vieassociative.be\/actualites\/wp-json\/wp\/v2\/categories?post=7685"},{"taxonomy":"post_tag","embeddable":true,"href":"https:\/\/vieassociative.be\/actualites\/wp-json\/wp\/v2\/tags?post=7685"}],"curies":[{"name":"wp","href":"https:\/\/api.w.org\/{rel}","templated":true}]}}