{"id":7677,"date":"2025-05-21T01:17:23","date_gmt":"2025-05-20T23:17:23","guid":{"rendered":"https:\/\/vieassociative.be\/actualites\/les-meilleures-offres-sur-lequipement-de-fitness-lors-de-la-vente-du-memorial-day-damazon\/"},"modified":"2025-05-21T01:17:23","modified_gmt":"2025-05-20T23:17:23","slug":"les-meilleures-offres-sur-lequipement-de-fitness-lors-de-la-vente-du-memorial-day-damazon","status":"publish","type":"post","link":"https:\/\/vieassociative.be\/actualites\/les-meilleures-offres-sur-lequipement-de-fitness-lors-de-la-vente-du-memorial-day-damazon\/","title":{"rendered":"Les meilleures offres sur l&rsquo;\u00e9quipement de fitness lors de la vente du Memorial Day d&rsquo;Amazon"},"content":{"rendered":"<div class=\"mt-4 leading-6 md:mb-8\">Consultez les meilleures r\u00e9ductions d&rsquo;Amazon pour vos objectifs d&rsquo;entra\u00eenement d&rsquo;\u00e9t\u00e9.<\/div>\n<p><\/p>\n<p>Si vous cherchez \u00e0 mettre \u00e0 niveau votre gymnase \u00e0 domicile ou votre \u00e9quipement de fitness sans se casser la banque, regardez vers la vente du Fitness Memorial Day d&rsquo;Amazon. Je sais que le Memorial Day n&rsquo;est pas pour une autre semaine, mais naturellement, le g\u00e9ant de la vente au d\u00e9tail lance les festivit\u00e9s t\u00f4t.<\/p>\n<p>Surtout avec l&rsquo;\u00e9t\u00e9 au coin de la rue, il est maintenant temps d&rsquo;acheter tout l&rsquo;\u00e9quipement dont vous avez besoin pour vous motiver pendant les jours de chien. Je sais que j&rsquo;ai personnellement un \u0153il sur les pistolets de massage et les rouleaux en mousse pour m&rsquo;aider \u00e0 survivre \u00e0 ma prochaine formation sur le marathon. Ainsi, avec la vente du Memorial Day d&rsquo;Amazon, j&rsquo;ai battu son plein, j&rsquo;ai fait tout le travail des jambes pour vous en utilisant des outils de v\u00e9rification des prix pour vous apporter les meilleures offres de fitness que vous pouvez trouver en ce moment.<\/p>\n<h2 id=\"cardio-equipment\">\u00c9quipement cardio<\/h2>\n<p>L&rsquo;\u00e9quipement cardio \u00e0 domicile ressemble \u00e0 un investissement majeur &#8211; pas juste en termes d&rsquo;espace et d&rsquo;argent, mais votre style de vie. Je d\u00e9teste g\u00e9n\u00e9ralement le tapis roulant, mais lorsque je m&rsquo;entra\u00eene \u00e0 la chaleur de pointe de l&rsquo;\u00e9t\u00e9, c&rsquo;est n\u00e9cessaire. Et si vous allez acheter un tapis roulant, cela vaut la peine de d\u00e9penser l&rsquo;argent pour en obtenir un qui se sent solide et s\u00fbr. \u00c0 l&rsquo;heure actuelle, le tapis roulant commercial Nordictrack est de 20% de r\u00e9duction, mettant une v\u00e9ritable machine de qualit\u00e9 gymnologique (avec des caract\u00e9ristiques d&rsquo;entra\u00eenement interactives) dans une gamme beaucoup plus abordable. <\/p>\n<p>Pour les habitants d&rsquo;appartements comme moi, le v\u00e9lo de peloton original classique a \u00e9galement marqu\u00e9 20%, offrant un v\u00e9lo de qualit\u00e9 studio sans sacrifier de l&rsquo;espace. Les pelotons sont le v\u00e9lo d&rsquo;exercice en salle le plus populaire, mais ils sont notoirement chers et ne sont pas en vente souvent. Bien qu&rsquo;ils soient toujours chers, les remises sont historiquement bonnes, jusqu&rsquo;\u00e0 1 145 $ (\u00e0 l&rsquo;origine 1 445 $).<\/p>\n<div class=\"pogoClear mb-12 mt-10 rounded-md border-2 border-gray-100 py-7 shadow-xl md:py-6\">\n<div class=\"flex flex-wrap justify-between px-7 text-black no-underline md:flex-nowrap md:px-8\">\n<div class=\"order-1 mx-auto flex flex-col justify-center md:order-2 md:ml-4 md:w-full md:grow\">\n<div class=\"block cursor-pointer text-center font-akshar text-2xl font-medium leading-7 text-brand-green duration-200 ease-in-out hover:text-brand-green-700 md:text-left md:text-xl md:leading-6\">V\u00e9lo de peloton original\n                <\/div>\n<div class=\"mt-4 hidden md:flex md:justify-between\">\n<div class=\"self-end\">\n<div class=\"mb-0 h-11 md:flex md:flex-col md:justify-center\">\n<div class=\" font-sans leading-4 text-black\">\n<div class=\"flex flex-wrap items-center justify-center gap-x-1 md:justify-start\">\n        <span class=\"font-bold\"><\/p>\n<p>            1 145,00 $<br \/>\n                            <span class=\"font-medium\">\u00e0 Amazon<\/span><br \/>\n                    <\/span><br \/>\n                    <img decoding=\"async\" class=\"mt-0 h-(15px)\" src=\"https:\/\/vieassociative.be\/actualites\/wp-content\/uploads\/2025\/05\/Les-meilleures-offres-sur-lequipement-de-fitness-lors-de-la.svg.svg+xml\" title=\"Amazon Prime\" alt=\"Amazon Prime\">\n            <\/div>\n<div class=\"flex items-center justify-center gap-x-1 font-bold md:justify-start\">\n            <span class=\"text-sm line-through\">1 445,00 $<\/span><br \/>\n            <span class=\"text-sm text-brand-green\">\u00c9conomisez 300,00 $<\/span>\n        <\/div>\n<\/p><\/div>\n<\/p><\/div>\n<\/p><\/div>\n<div class=\"w-44 self-end\">\n                            <button class=\"flex justify-center items-center w-full bg-brand-green text-white text-base font-sans font-medium rounded-md hover:bg-brand-green-700 hover:cursor-pointer md:text-sm h-11\"><\/p>\n<p>    Conclure un accord<br \/>\n<\/button>\n                        <\/div>\n<\/p><\/div>\n<\/p><\/div>\n<div class=\"order-2 mt-5 h-auto w-full md:order-1 md:mt-0 md:hidden\">\n<div class=\"flex aspect-video items-center justify-center\">\n                                            <img decoding=\"async\" class=\"m-0 max-h-full max-w-full rounded-md\" src=\"https:\/\/vieassociative.be\/actualites\/wp-content\/uploads\/2025\/05\/Les-meilleures-offres-sur-lequipement-de-fitness-lors-de-la.jpg\" alt=\"V\u00e9lo de peloton\" width=\"auto\" height=\"auto\" loading=\"lazy\">\n                                    <\/div>\n<\/p><\/div>\n<div class=\"order-2 ml-2 hidden w-32 shrink-0 items-center md:order-1 md:ml-0 md:flex\">\n<div class=\"flex aspect-video items-center justify-center\">\n                                            <img decoding=\"async\" class=\"m-0 max-h-full max-w-full rounded-md\" src=\"https:\/\/vieassociative.be\/actualites\/wp-content\/uploads\/2025\/05\/Les-meilleures-offres-sur-lequipement-de-fitness-lors-de-la.jpg\" alt=\"V\u00e9lo de peloton\" width=\"auto\" height=\"auto\" loading=\"lazy\">\n                                    <\/div>\n<\/p><\/div>\n<div class=\"order-3 flex grow flex-wrap md:hidden md:grow-0\">\n<div class=\"mt-4 w-full\">\n                        <button class=\"flex justify-center items-center w-full bg-brand-green text-white text-base font-sans font-medium rounded-md hover:bg-brand-green-700 hover:cursor-pointer md:text-sm h-11\"><\/p>\n<p>    Conclure un accord<br \/>\n<\/button>\n                    <\/div>\n<div class=\"mx-2 mt-4 w-full\">\n<div class=\" font-sans leading-4 text-black\">\n<div class=\"flex flex-wrap items-center justify-center gap-x-1 md:justify-start\">\n        <span class=\"font-bold\"><\/p>\n<p>            1 145,00 $<br \/>\n                            <span class=\"font-medium\">\u00e0 Amazon<\/span><br \/>\n                    <\/span><br \/>\n                    <img decoding=\"async\" class=\"mt-0 h-(15px)\" src=\"https:\/\/vieassociative.be\/actualites\/wp-content\/uploads\/2025\/05\/Les-meilleures-offres-sur-lequipement-de-fitness-lors-de-la.svg.svg+xml\" title=\"Amazon Prime\" alt=\"Amazon Prime\">\n            <\/div>\n<div class=\"flex items-center justify-center gap-x-1 font-bold md:justify-start\">\n            <span class=\"text-sm line-through\">1 445,00 $<\/span><br \/>\n            <span class=\"text-sm text-brand-green\">\u00c9conomisez 300,00 $<\/span>\n        <\/div>\n<\/p><\/div>\n<\/p><\/div>\n<\/p><\/div>\n<\/p><\/div>\n<\/div>\n<h2 id=\"strength-training-essentials\">Essentiels d&rsquo;entra\u00eenement en force<\/h2>\n<p>Je suis un grand d\u00e9fenseur des halt\u00e8res r\u00e9glables; Un bon ensemble \u00e9limine le besoin de 30 paires d&rsquo;halt\u00e8res individuelles. \u00c0 l&rsquo;heure actuelle, les halt\u00e8res Bowflex SELECTTECH 552 r\u00e9glables voient l&rsquo;une de leurs remises les plus profondes de l&rsquo;ann\u00e9e. Apr\u00e8s avoir test\u00e9 les n\u00fcobells et les halt\u00e8res r\u00e9glables des repr\u00e9sentants, le Bowflex est le prochain sur ma liste; Leur r\u00e9putation est \u00e0 peu pr\u00e8s l&rsquo;\u00e9talon-or dans le monde des halt\u00e8res r\u00e9glables.<\/p>\n<div class=\"pogoClear mb-12 mt-10 rounded-md border-2 border-gray-100 py-7 shadow-xl md:py-6\">\n<div class=\"flex flex-wrap justify-between px-7 text-black no-underline md:flex-nowrap md:px-8\">\n<div class=\"order-1 mx-auto flex flex-col justify-center md:order-2 md:ml-4 md:w-full md:grow\">\n<div class=\"block cursor-pointer text-center font-akshar text-2xl font-medium leading-7 text-brand-green duration-200 ease-in-out hover:text-brand-green-700 md:text-left md:text-xl md:leading-6\">Halt\u00e8res r\u00e9glables \u00e0 bowflex\n                <\/div>\n<div class=\"mt-4 hidden md:flex md:justify-between\">\n<div class=\"self-end\">\n<div class=\"mb-0 h-11 md:flex md:flex-col md:justify-center\">\n<div class=\" font-sans leading-4 text-black\">\n<div class=\"flex flex-wrap items-center justify-center gap-x-1 md:justify-start\">\n        <span class=\"font-bold\"><\/p>\n<p>            325,00 $<br \/>\n                            <span class=\"font-medium\">\u00e0 Walmart<\/span><br \/>\n                    <\/span>\n            <\/div>\n<div class=\"flex items-center justify-center gap-x-1 font-bold md:justify-start\">\n            <span class=\"text-sm line-through\">275,00 $<\/span><br \/>\n            <span class=\"text-sm text-brand-green\">\u00c9conomiser 0,00<\/span>\n        <\/div>\n<\/p><\/div>\n<\/p><\/div>\n<\/p><\/div>\n<div class=\"w-44 self-end\">\n                            <button class=\"flex justify-center items-center w-full bg-brand-green text-white text-base font-sans font-medium rounded-md hover:bg-brand-green-700 hover:cursor-pointer md:text-sm h-11\"><\/p>\n<p>    Conclure un accord<br \/>\n<\/button>\n                        <\/div>\n<\/p><\/div>\n<\/p><\/div>\n<div class=\"order-2 mt-5 h-auto w-full md:order-1 md:mt-0 md:hidden\">\n<div class=\"flex aspect-video items-center justify-center\">\n                                            <img decoding=\"async\" class=\"m-0 max-h-full max-w-full rounded-md\" src=\"https:\/\/vieassociative.be\/actualites\/wp-content\/uploads\/2025\/05\/1747783043_911_Les-meilleures-offres-sur-lequipement-de-fitness-lors-de-la.jpg\" alt=\"Bowflex SelectTech 552 Haltal ajust\u00e9 (simple, 522,5 lb)\" width=\"auto\" height=\"auto\" loading=\"lazy\">\n                                    <\/div>\n<\/p><\/div>\n<div class=\"order-2 ml-2 hidden w-32 shrink-0 items-center md:order-1 md:ml-0 md:flex\">\n<div class=\"flex aspect-video items-center justify-center\">\n                                            <img decoding=\"async\" class=\"m-0 max-h-full max-w-full rounded-md\" src=\"https:\/\/vieassociative.be\/actualites\/wp-content\/uploads\/2025\/05\/1747783043_911_Les-meilleures-offres-sur-lequipement-de-fitness-lors-de-la.jpg\" alt=\"Bowflex SelectTech 552 Haltal ajust\u00e9 (simple, 522,5 lb)\" width=\"auto\" height=\"auto\" loading=\"lazy\">\n                                    <\/div>\n<\/p><\/div>\n<div class=\"order-3 flex grow flex-wrap md:hidden md:grow-0\">\n<div class=\"mt-4 w-full\">\n                        <button class=\"flex justify-center items-center w-full bg-brand-green text-white text-base font-sans font-medium rounded-md hover:bg-brand-green-700 hover:cursor-pointer md:text-sm h-11\"><\/p>\n<p>    Conclure un accord<br \/>\n<\/button>\n                    <\/div>\n<div class=\"mx-2 mt-4 w-full\">\n<div class=\" font-sans leading-4 text-black\">\n<div class=\"flex flex-wrap items-center justify-center gap-x-1 md:justify-start\">\n        <span class=\"font-bold\"><\/p>\n<p>            325,00 $<br \/>\n                            <span class=\"font-medium\">\u00e0 Walmart<\/span><br \/>\n                    <\/span>\n            <\/div>\n<div class=\"flex items-center justify-center gap-x-1 font-bold md:justify-start\">\n            <span class=\"text-sm line-through\">275,00 $<\/span><br \/>\n            <span class=\"text-sm text-brand-green\">\u00c9conomiser 0,00<\/span>\n        <\/div>\n<\/p><\/div>\n<\/p><\/div>\n<\/p><\/div>\n<\/p><\/div>\n<\/div>\n<p>Le syst\u00e8me de formation en suspension TRX tout-en-un est de 25% de r\u00e9duction, parfait pour les exercices de poids corporel qui engagent l&rsquo;ensemble de votre noyau. Ou si vous cherchez simplement un ajout \u00e0 votre salle de gym \u00e0 domicile \u00e0 seulement 20 $, ce rouleau Vinsguir AB est de 40% de r\u00e9duction.<\/p>\n<h2 id=\"massage-guns-and-foam-rollers\">Pistolets de massage et rouleaux en mousse<\/h2>\n<p>Ne n\u00e9gligez pas la r\u00e9cup\u00e9ration dans votre parcours de fitness. Le pistolet de massage Bob et Brad D5 Pro est marqu\u00e9 par 30%, ce qui vous apporte une th\u00e9rapie de percussion de qualit\u00e9 professionnelle \u00e0 la maison. Je suis personnellement fan de cette marque, si vous recherchez des alternatives au (naturellement) populaire Theragun ou Hypervolt \u00e0 la moiti\u00e9 du prix.<\/p>\n<p>Le rouleau de mousse vibrant LifePro tr\u00e8s \u00e9valu\u00e9 est de 15% de r\u00e9duction, vous aidant \u00e0 d\u00e9ployer ces plis apr\u00e8s l&rsquo;entra\u00eenement avec une technologie de vibration suppl\u00e9mentaire pour un soulagement musculaire plus profond.<\/p>\n<div class=\"pogoClear relative my-10 border-b-(1.5px) border-t-(1.5px) border-dashed border-black py-5 sm:my-14 sm:border-0 sm:py-0\" data-ga-click data-ga-template=\"Deals\" data-ga-module=\"openweb_widget\" data-ga-element=\"openweb_scroll\" data-ga-item=\"openweb_scroll_midpage\" x-cloak x-data=\"{ commentsCount: null, hasComments: false }\" x-init=\"commentsCount = await window.openweb.getMessagesCount(01JVD1M8ZRBKTAMANN9EPTTVSB);\n     hasComments = commentsCount !== null &amp;&amp; commentsCount &gt; 0\"><\/p>\n<div class=\"absolute top-1\/2 hidden w-full -translate-y-1\/2 border-t-(1.5px) border-dashed border-black sm:block\"><\/div>\n<div class=\"relative flex justify-center\">\n<div class=\"flex max-w-max items-center gap-x-3 bg-white px-5\">\n<div class=\"relative\">\n                <span class=\"absolute left-1\/2 top-1\/2 -translate-x-1\/2 -translate-y-1\/2 font-akshar text-sm font-medium text-black\" x-show=\"hasComments\" x-text=\"commentsCount\"><\/span><\/p>\n<p>                <svg class=\"h-8 w-8 text-black\">\n                    <use href=\"http:\/\/lifehacker.com\/images\/icons\/spritemap.svg#sprite-chat-bubble\"><\/use>\n                <\/svg>\n            <\/div>\n<p>            <span class=\"text-sm font-medium text-black\"><\/p>\n<p>                Que pensez-vous jusqu&rsquo;\u00e0 pr\u00e9sent?<br \/>\n                <button class=\"font-semibold text-brand-green underline hover:text-brand-green-700\" onclick=\"window.openweb.scrollToComments('01JVD1M8ZRBKTAMANN9EPTTVSB')\" x-text=\"hasComments ? 'Post a comment.' : 'Be the first to post a comment.'\"><\/button><br \/>\n            <\/span>\n        <\/div>\n<\/p><\/div>\n<\/div>\n<h2 id=\"fitness-trackers\">Trackers de fitness<\/h2>\n<p>Si vous avez tendu une nouvelle montre, c&rsquo;est le moment id\u00e9al pour enfin accrocher une technologie portable \u00e0 prix r\u00e9duit. Votre Classic Fitbit Charge 6 est disponible \u00e0 25% de r\u00e9duction.<\/p>\n<p>Et chaque fois que vous cherchez une bonne montre intelligente, le nom de Garmin est forc\u00e9ment \u00e0 venir. \u00c0 l&rsquo;heure actuelle, l&rsquo;instinct Garmin 2 est actualis\u00e9 de 33% et la version solaire est en baisse de 44%. Ce qui est tr\u00e8s cool dans la version solaire, c&rsquo;est sa dur\u00e9e de vie de la batterie potentiellement illimit\u00e9e, et il est livr\u00e9 avec Garmin Pay et de nombreux visages de montre personnalisables.<\/p>\n<h2 id=\"headphones-and-speakers\">\u00c9couteurs et haut-parleurs<\/h2>\n<p>Enfin, il convient de mentionner qu&rsquo;il y a des offres solides sur les \u00e9couteurs et les haut-parleurs, qui sont toujours un incontournable d&rsquo;une mani\u00e8re ou d&rsquo;une autre lorsque vous travaillez. Le Beats Studio Pro est un prix \u00e9norme de 50%, \u00e0 169,95 $. Pour tous ceux qui souhaitent un audio spatial, des int\u00e9grations aux pommes et une bonne paire de sur-oreilles qui se sentent \u00e0 l&rsquo;aise pendant les longues sessions, c&rsquo;est une bonne affaire.<\/p>\n<p>Il est \u00e9galement \u00e0 noter: vous pouvez accrocher l&rsquo;AirPods Pro 2 \u00e0 24% de r\u00e9duction, et le haut-parleur JBL GO 4 portable (et \u00e9tanche!) \u00c0 20% de r\u00e9duction. <\/p>\n<div class=\"pogoClear mb-12 mt-10 rounded-md border-2 border-gray-100 py-7 shadow-xl md:py-6\">\n<div class=\"flex flex-wrap justify-between px-7 text-black no-underline md:flex-nowrap md:px-8\">\n<div class=\"order-1 mx-auto flex flex-col justify-center md:order-2 md:ml-4 md:w-full md:grow\">\n<div class=\"block cursor-pointer text-center font-akshar text-2xl font-medium leading-7 text-brand-green duration-200 ease-in-out hover:text-brand-green-700 md:text-left md:text-xl md:leading-6\">Beats Studio Pro\n                <\/div>\n<div class=\"mt-4 hidden md:flex md:justify-between\">\n<div class=\"self-end\">\n<div class=\"mb-0 h-11 md:flex md:flex-col md:justify-center\">\n<div class=\" font-sans leading-4 text-black\">\n<div class=\"flex flex-wrap items-center justify-center gap-x-1 md:justify-start\">\n        <span class=\"font-bold\"><\/p>\n<p>            169,95 $<br \/>\n                            <span class=\"font-medium\">\u00e0 Amazon<\/span><br \/>\n                    <\/span><br \/>\n                    <img decoding=\"async\" class=\"mt-0 h-(15px)\" src=\"https:\/\/vieassociative.be\/actualites\/wp-content\/uploads\/2025\/05\/Les-meilleures-offres-sur-lequipement-de-fitness-lors-de-la.svg.svg+xml\" title=\"Amazon Prime\" alt=\"Amazon Prime\">\n            <\/div>\n<div class=\"flex items-center justify-center gap-x-1 font-bold md:justify-start\">\n            <span class=\"text-sm line-through\">349,95 $<\/span><br \/>\n            <span class=\"text-sm text-brand-green\">\u00c9conomisez 180,00 $<\/span>\n        <\/div>\n<\/p><\/div>\n<\/p><\/div>\n<\/p><\/div>\n<div class=\"w-44 self-end\">\n                            <button class=\"flex justify-center items-center w-full bg-brand-green text-white text-base font-sans font-medium rounded-md hover:bg-brand-green-700 hover:cursor-pointer md:text-sm h-11\"><\/p>\n<p>    Conclure un accord<br \/>\n<\/button>\n                        <\/div>\n<\/p><\/div>\n<\/p><\/div>\n<div class=\"order-2 mt-5 h-auto w-full md:order-1 md:mt-0 md:hidden\">\n<div class=\"flex aspect-video items-center justify-center\">\n                                            <img decoding=\"async\" class=\"m-0 max-h-full max-w-full rounded-md\" src=\"https:\/\/vieassociative.be\/actualites\/wp-content\/uploads\/2025\/05\/1747783043_922_Les-meilleures-offres-sur-lequipement-de-fitness-lors-de-la.jpg\" alt=\"Beats Studio Pro X Kim Kardashian - Bluetooth Bruit-Annowling Headphones, Persumized Spatial Audio, USB-C Lossless Audio, Compatibilit\u00e9 Apple et Android, jusqu'\u00e0 40 heures de vie de la batterie - Dune\" width=\"auto\" height=\"auto\" loading=\"lazy\">\n                                    <\/div>\n<\/p><\/div>\n<div class=\"order-2 ml-2 hidden w-32 shrink-0 items-center md:order-1 md:ml-0 md:flex\">\n<div class=\"flex aspect-video items-center justify-center\">\n                                            <img decoding=\"async\" class=\"m-0 max-h-full max-w-full rounded-md\" src=\"https:\/\/vieassociative.be\/actualites\/wp-content\/uploads\/2025\/05\/1747783043_922_Les-meilleures-offres-sur-lequipement-de-fitness-lors-de-la.jpg\" alt=\"Beats Studio Pro X Kim Kardashian - Bluetooth Bruit-Annowling Headphones, Persumized Spatial Audio, USB-C Lossless Audio, Compatibilit\u00e9 Apple et Android, jusqu'\u00e0 40 heures de vie de la batterie - Dune\" width=\"auto\" height=\"auto\" loading=\"lazy\">\n                                    <\/div>\n<\/p><\/div>\n<div class=\"order-3 flex grow flex-wrap md:hidden md:grow-0\">\n<div class=\"mt-4 w-full\">\n                        <button class=\"flex justify-center items-center w-full bg-brand-green text-white text-base font-sans font-medium rounded-md hover:bg-brand-green-700 hover:cursor-pointer md:text-sm h-11\"><\/p>\n<p>    Conclure un accord<br \/>\n<\/button>\n                    <\/div>\n<div class=\"mx-2 mt-4 w-full\">\n<div class=\" font-sans leading-4 text-black\">\n<div class=\"flex flex-wrap items-center justify-center gap-x-1 md:justify-start\">\n        <span class=\"font-bold\"><\/p>\n<p>            169,95 $<br \/>\n                            <span class=\"font-medium\">\u00e0 Amazon<\/span><br \/>\n                    <\/span><br \/>\n                    <img decoding=\"async\" class=\"mt-0 h-(15px)\" src=\"https:\/\/vieassociative.be\/actualites\/wp-content\/uploads\/2025\/05\/Les-meilleures-offres-sur-lequipement-de-fitness-lors-de-la.svg.svg+xml\" title=\"Amazon Prime\" alt=\"Amazon Prime\">\n            <\/div>\n<div class=\"flex items-center justify-center gap-x-1 font-bold md:justify-start\">\n            <span class=\"text-sm line-through\">349,95 $<\/span><br \/>\n            <span class=\"text-sm text-brand-green\">\u00c9conomisez 180,00 $<\/span>\n        <\/div>\n<\/p><\/div>\n<\/p><\/div>\n<\/p><\/div>\n<\/p><\/div>\n<\/div>\n<p>Que vous commenciez simplement votre parcours de fitness ou que vous cherchiez \u00e0 combler les lacunes dans votre configuration existante, c&rsquo;est le moment id\u00e9al pour profiter de Marquons importants tout au long du week-end de vacances.<\/p>\n","protected":false},"excerpt":{"rendered":"<p>Consultez les meilleures r\u00e9ductions d&rsquo;Amazon pour vos objectifs d&rsquo;entra\u00eenement d&rsquo;\u00e9t\u00e9. Si vous cherchez \u00e0 mettre \u00e0 niveau votre gymnase \u00e0 domicile ou votre \u00e9quipement de<\/p>\n","protected":false},"author":1,"featured_media":7678,"comment_status":"","ping_status":"","sticky":false,"template":"","format":"standard","meta":{"footnotes":""},"categories":[38],"tags":[1154,347,2703,1911,14,353,79,7047,345,33,223],"class_list":["post-7677","post","type-post","status-publish","format-standard","has-post-thumbnail","hentry","category-sante","tag-damazon","tag-day","tag-fitness","tag-lequipement","tag-les","tag-lors","tag-meilleures","tag-memorial","tag-offres","tag-sur","tag-vente","generate-columns","tablet-grid-50","mobile-grid-100","grid-parent","grid-33"],"yoast_head":"<!-- This site is optimized with the Yoast SEO plugin v24.0 - https:\/\/yoast.com\/wordpress\/plugins\/seo\/ -->\n<title>Les meilleures offres sur l&#039;\u00e9quipement de fitness lors de la vente du Memorial Day d&#039;Amazon | Vie Associative<\/title>\n<meta name=\"robots\" content=\"index, follow, max-snippet:-1, max-image-preview:large, max-video-preview:-1\" \/>\n<link rel=\"canonical\" href=\"https:\/\/vieassociative.be\/actualites\/les-meilleures-offres-sur-lequipement-de-fitness-lors-de-la-vente-du-memorial-day-damazon\/\" \/>\n<meta property=\"og:locale\" content=\"fr_FR\" \/>\n<meta property=\"og:type\" content=\"article\" \/>\n<meta property=\"og:title\" content=\"Les meilleures offres sur l&#039;\u00e9quipement de fitness lors de la vente du Memorial Day d&#039;Amazon | Vie Associative\" \/>\n<meta property=\"og:description\" content=\"Consultez les meilleures r\u00e9ductions d&rsquo;Amazon pour vos objectifs d&rsquo;entra\u00eenement d&rsquo;\u00e9t\u00e9. Si vous cherchez \u00e0 mettre \u00e0 niveau votre gymnase \u00e0 domicile ou votre \u00e9quipement de\" \/>\n<meta property=\"og:url\" content=\"https:\/\/vieassociative.be\/actualites\/les-meilleures-offres-sur-lequipement-de-fitness-lors-de-la-vente-du-memorial-day-damazon\/\" \/>\n<meta property=\"og:site_name\" content=\"Vie Associative\" \/>\n<meta property=\"article:published_time\" content=\"2025-05-20T23:17:23+00:00\" \/>\n<meta property=\"og:image\" content=\"https:\/\/vieassociative.be\/actualites\/wp-content\/uploads\/2025\/05\/Les-meilleures-offres-sur-lequipement-de-fitness-lors-de-la.svg.svg+xml\" \/>\n<meta name=\"author\" content=\"Julien\" \/>\n<meta name=\"twitter:card\" content=\"summary_large_image\" \/>\n<meta name=\"twitter:label1\" content=\"\u00c9crit par\" \/>\n\t<meta name=\"twitter:data1\" content=\"Julien\" \/>\n\t<meta name=\"twitter:label2\" content=\"Dur\u00e9e de lecture est.\" \/>\n\t<meta name=\"twitter:data2\" content=\"4 minutes\" \/>\n<script type=\"application\/ld+json\" class=\"yoast-schema-graph\">{\"@context\":\"https:\/\/schema.org\",\"@graph\":[{\"@type\":\"Article\",\"@id\":\"https:\/\/vieassociative.be\/actualites\/les-meilleures-offres-sur-lequipement-de-fitness-lors-de-la-vente-du-memorial-day-damazon\/#article\",\"isPartOf\":{\"@id\":\"https:\/\/vieassociative.be\/actualites\/les-meilleures-offres-sur-lequipement-de-fitness-lors-de-la-vente-du-memorial-day-damazon\/\"},\"author\":{\"name\":\"Julien\",\"@id\":\"https:\/\/vieassociative.be\/actualites\/#\/schema\/person\/b87ac4f82f9d4e7b7cec7395b679edc4\"},\"headline\":\"Les meilleures offres sur l&rsquo;\u00e9quipement de fitness lors de la vente du Memorial Day d&rsquo;Amazon\",\"datePublished\":\"2025-05-20T23:17:23+00:00\",\"dateModified\":\"2025-05-20T23:17:23+00:00\",\"mainEntityOfPage\":{\"@id\":\"https:\/\/vieassociative.be\/actualites\/les-meilleures-offres-sur-lequipement-de-fitness-lors-de-la-vente-du-memorial-day-damazon\/\"},\"wordCount\":921,\"publisher\":{\"@id\":\"https:\/\/vieassociative.be\/actualites\/#organization\"},\"image\":{\"@id\":\"https:\/\/vieassociative.be\/actualites\/les-meilleures-offres-sur-lequipement-de-fitness-lors-de-la-vente-du-memorial-day-damazon\/#primaryimage\"},\"thumbnailUrl\":\"https:\/\/vieassociative.be\/actualites\/wp-content\/uploads\/2025\/05\/Les-meilleures-offres-sur-lequipement-de-fitness-lors-de-la.png\",\"keywords\":[\"dAmazon\",\"Day\",\"fitness\",\"L\u00e9quipement\",\"Les\",\"lors\",\"meilleures\",\"Memorial\",\"offres\",\"sur\",\"vente\"],\"articleSection\":[\"Sant\u00e9\"],\"inLanguage\":\"fr-BE\"},{\"@type\":\"WebPage\",\"@id\":\"https:\/\/vieassociative.be\/actualites\/les-meilleures-offres-sur-lequipement-de-fitness-lors-de-la-vente-du-memorial-day-damazon\/\",\"url\":\"https:\/\/vieassociative.be\/actualites\/les-meilleures-offres-sur-lequipement-de-fitness-lors-de-la-vente-du-memorial-day-damazon\/\",\"name\":\"Les meilleures offres sur l'\u00e9quipement de fitness lors de la vente du Memorial Day d'Amazon | Vie Associative\",\"isPartOf\":{\"@id\":\"https:\/\/vieassociative.be\/actualites\/#website\"},\"primaryImageOfPage\":{\"@id\":\"https:\/\/vieassociative.be\/actualites\/les-meilleures-offres-sur-lequipement-de-fitness-lors-de-la-vente-du-memorial-day-damazon\/#primaryimage\"},\"image\":{\"@id\":\"https:\/\/vieassociative.be\/actualites\/les-meilleures-offres-sur-lequipement-de-fitness-lors-de-la-vente-du-memorial-day-damazon\/#primaryimage\"},\"thumbnailUrl\":\"https:\/\/vieassociative.be\/actualites\/wp-content\/uploads\/2025\/05\/Les-meilleures-offres-sur-lequipement-de-fitness-lors-de-la.png\",\"datePublished\":\"2025-05-20T23:17:23+00:00\",\"dateModified\":\"2025-05-20T23:17:23+00:00\",\"breadcrumb\":{\"@id\":\"https:\/\/vieassociative.be\/actualites\/les-meilleures-offres-sur-lequipement-de-fitness-lors-de-la-vente-du-memorial-day-damazon\/#breadcrumb\"},\"inLanguage\":\"fr-BE\",\"potentialAction\":[{\"@type\":\"ReadAction\",\"target\":[\"https:\/\/vieassociative.be\/actualites\/les-meilleures-offres-sur-lequipement-de-fitness-lors-de-la-vente-du-memorial-day-damazon\/\"]}]},{\"@type\":\"ImageObject\",\"inLanguage\":\"fr-BE\",\"@id\":\"https:\/\/vieassociative.be\/actualites\/les-meilleures-offres-sur-lequipement-de-fitness-lors-de-la-vente-du-memorial-day-damazon\/#primaryimage\",\"url\":\"https:\/\/vieassociative.be\/actualites\/wp-content\/uploads\/2025\/05\/Les-meilleures-offres-sur-lequipement-de-fitness-lors-de-la.png\",\"contentUrl\":\"https:\/\/vieassociative.be\/actualites\/wp-content\/uploads\/2025\/05\/Les-meilleures-offres-sur-lequipement-de-fitness-lors-de-la.png\",\"width\":1200,\"height\":675,\"caption\":\"Les meilleures offres sur l'\u00e9quipement de fitness lors de la vente du Memorial Day d'Amazon\"},{\"@type\":\"BreadcrumbList\",\"@id\":\"https:\/\/vieassociative.be\/actualites\/les-meilleures-offres-sur-lequipement-de-fitness-lors-de-la-vente-du-memorial-day-damazon\/#breadcrumb\",\"itemListElement\":[{\"@type\":\"ListItem\",\"position\":1,\"name\":\"Accueil\",\"item\":\"https:\/\/vieassociative.be\/actualites\/\"},{\"@type\":\"ListItem\",\"position\":2,\"name\":\"Les meilleures offres sur l&rsquo;\u00e9quipement de fitness lors de la vente du Memorial Day d&rsquo;Amazon\"}]},{\"@type\":\"WebSite\",\"@id\":\"https:\/\/vieassociative.be\/actualites\/#website\",\"url\":\"https:\/\/vieassociative.be\/actualites\/\",\"name\":\"Vie Associative\",\"description\":\"\",\"publisher\":{\"@id\":\"https:\/\/vieassociative.be\/actualites\/#organization\"},\"potentialAction\":[{\"@type\":\"SearchAction\",\"target\":{\"@type\":\"EntryPoint\",\"urlTemplate\":\"https:\/\/vieassociative.be\/actualites\/?s={search_term_string}\"},\"query-input\":{\"@type\":\"PropertyValueSpecification\",\"valueRequired\":true,\"valueName\":\"search_term_string\"}}],\"inLanguage\":\"fr-BE\"},{\"@type\":\"Organization\",\"@id\":\"https:\/\/vieassociative.be\/actualites\/#organization\",\"name\":\"Vie Associative\",\"url\":\"https:\/\/vieassociative.be\/actualites\/\",\"logo\":{\"@type\":\"ImageObject\",\"inLanguage\":\"fr-BE\",\"@id\":\"https:\/\/vieassociative.be\/actualites\/#\/schema\/logo\/image\/\",\"url\":\"https:\/\/vieassociative.be\/actualites\/wp-content\/uploads\/2024\/09\/cropped-vieassociative_favicon.ico.png\",\"contentUrl\":\"https:\/\/vieassociative.be\/actualites\/wp-content\/uploads\/2024\/09\/cropped-vieassociative_favicon.ico.png\",\"width\":512,\"height\":512,\"caption\":\"Vie Associative\"},\"image\":{\"@id\":\"https:\/\/vieassociative.be\/actualites\/#\/schema\/logo\/image\/\"}},{\"@type\":\"Person\",\"@id\":\"https:\/\/vieassociative.be\/actualites\/#\/schema\/person\/b87ac4f82f9d4e7b7cec7395b679edc4\",\"name\":\"Julien\",\"image\":{\"@type\":\"ImageObject\",\"inLanguage\":\"fr-BE\",\"@id\":\"https:\/\/vieassociative.be\/actualites\/#\/schema\/person\/image\/\",\"url\":\"https:\/\/vieassociative.be\/actualites\/wp-content\/uploads\/2024\/09\/vie-associative-1-150x150.jpg\",\"contentUrl\":\"https:\/\/vieassociative.be\/actualites\/wp-content\/uploads\/2024\/09\/vie-associative-1-150x150.jpg\",\"caption\":\"Julien\"},\"description\":\"Je suis Julien, r\u00e9dacteur pour Vie Associative. Passionn\u00e9 par le monde associatif depuis plus de 10 ans, j'ai \u00e0 c\u0153ur de partager des histoires inspirantes et de mettre en lumi\u00e8re les initiatives locales. Mon objectif est de sensibiliser et d'encourager l'engagement communautaire \u00e0 travers mes articles.\",\"sameAs\":[\"https:\/\/vieassociative.be\/\"]}]}<\/script>\n<!-- \/ Yoast SEO plugin. -->","yoast_head_json":{"title":"Les meilleures offres sur l'\u00e9quipement de fitness lors de la vente du Memorial Day d'Amazon | Vie Associative","robots":{"index":"index","follow":"follow","max-snippet":"max-snippet:-1","max-image-preview":"max-image-preview:large","max-video-preview":"max-video-preview:-1"},"canonical":"https:\/\/vieassociative.be\/actualites\/les-meilleures-offres-sur-lequipement-de-fitness-lors-de-la-vente-du-memorial-day-damazon\/","og_locale":"fr_FR","og_type":"article","og_title":"Les meilleures offres sur l'\u00e9quipement de fitness lors de la vente du Memorial Day d'Amazon | Vie Associative","og_description":"Consultez les meilleures r\u00e9ductions d&rsquo;Amazon pour vos objectifs d&rsquo;entra\u00eenement d&rsquo;\u00e9t\u00e9. Si vous cherchez \u00e0 mettre \u00e0 niveau votre gymnase \u00e0 domicile ou votre \u00e9quipement de","og_url":"https:\/\/vieassociative.be\/actualites\/les-meilleures-offres-sur-lequipement-de-fitness-lors-de-la-vente-du-memorial-day-damazon\/","og_site_name":"Vie Associative","article_published_time":"2025-05-20T23:17:23+00:00","og_image":[{"url":"https:\/\/vieassociative.be\/actualites\/wp-content\/uploads\/2025\/05\/Les-meilleures-offres-sur-lequipement-de-fitness-lors-de-la.svg.svg+xml","type":"","width":"","height":""}],"author":"Julien","twitter_card":"summary_large_image","twitter_misc":{"\u00c9crit par":"Julien","Dur\u00e9e de lecture est.":"4 minutes"},"schema":{"@context":"https:\/\/schema.org","@graph":[{"@type":"Article","@id":"https:\/\/vieassociative.be\/actualites\/les-meilleures-offres-sur-lequipement-de-fitness-lors-de-la-vente-du-memorial-day-damazon\/#article","isPartOf":{"@id":"https:\/\/vieassociative.be\/actualites\/les-meilleures-offres-sur-lequipement-de-fitness-lors-de-la-vente-du-memorial-day-damazon\/"},"author":{"name":"Julien","@id":"https:\/\/vieassociative.be\/actualites\/#\/schema\/person\/b87ac4f82f9d4e7b7cec7395b679edc4"},"headline":"Les meilleures offres sur l&rsquo;\u00e9quipement de fitness lors de la vente du Memorial Day d&rsquo;Amazon","datePublished":"2025-05-20T23:17:23+00:00","dateModified":"2025-05-20T23:17:23+00:00","mainEntityOfPage":{"@id":"https:\/\/vieassociative.be\/actualites\/les-meilleures-offres-sur-lequipement-de-fitness-lors-de-la-vente-du-memorial-day-damazon\/"},"wordCount":921,"publisher":{"@id":"https:\/\/vieassociative.be\/actualites\/#organization"},"image":{"@id":"https:\/\/vieassociative.be\/actualites\/les-meilleures-offres-sur-lequipement-de-fitness-lors-de-la-vente-du-memorial-day-damazon\/#primaryimage"},"thumbnailUrl":"https:\/\/vieassociative.be\/actualites\/wp-content\/uploads\/2025\/05\/Les-meilleures-offres-sur-lequipement-de-fitness-lors-de-la.png","keywords":["dAmazon","Day","fitness","L\u00e9quipement","Les","lors","meilleures","Memorial","offres","sur","vente"],"articleSection":["Sant\u00e9"],"inLanguage":"fr-BE"},{"@type":"WebPage","@id":"https:\/\/vieassociative.be\/actualites\/les-meilleures-offres-sur-lequipement-de-fitness-lors-de-la-vente-du-memorial-day-damazon\/","url":"https:\/\/vieassociative.be\/actualites\/les-meilleures-offres-sur-lequipement-de-fitness-lors-de-la-vente-du-memorial-day-damazon\/","name":"Les meilleures offres sur l'\u00e9quipement de fitness lors de la vente du Memorial Day d'Amazon | Vie Associative","isPartOf":{"@id":"https:\/\/vieassociative.be\/actualites\/#website"},"primaryImageOfPage":{"@id":"https:\/\/vieassociative.be\/actualites\/les-meilleures-offres-sur-lequipement-de-fitness-lors-de-la-vente-du-memorial-day-damazon\/#primaryimage"},"image":{"@id":"https:\/\/vieassociative.be\/actualites\/les-meilleures-offres-sur-lequipement-de-fitness-lors-de-la-vente-du-memorial-day-damazon\/#primaryimage"},"thumbnailUrl":"https:\/\/vieassociative.be\/actualites\/wp-content\/uploads\/2025\/05\/Les-meilleures-offres-sur-lequipement-de-fitness-lors-de-la.png","datePublished":"2025-05-20T23:17:23+00:00","dateModified":"2025-05-20T23:17:23+00:00","breadcrumb":{"@id":"https:\/\/vieassociative.be\/actualites\/les-meilleures-offres-sur-lequipement-de-fitness-lors-de-la-vente-du-memorial-day-damazon\/#breadcrumb"},"inLanguage":"fr-BE","potentialAction":[{"@type":"ReadAction","target":["https:\/\/vieassociative.be\/actualites\/les-meilleures-offres-sur-lequipement-de-fitness-lors-de-la-vente-du-memorial-day-damazon\/"]}]},{"@type":"ImageObject","inLanguage":"fr-BE","@id":"https:\/\/vieassociative.be\/actualites\/les-meilleures-offres-sur-lequipement-de-fitness-lors-de-la-vente-du-memorial-day-damazon\/#primaryimage","url":"https:\/\/vieassociative.be\/actualites\/wp-content\/uploads\/2025\/05\/Les-meilleures-offres-sur-lequipement-de-fitness-lors-de-la.png","contentUrl":"https:\/\/vieassociative.be\/actualites\/wp-content\/uploads\/2025\/05\/Les-meilleures-offres-sur-lequipement-de-fitness-lors-de-la.png","width":1200,"height":675,"caption":"Les meilleures offres sur l'\u00e9quipement de fitness lors de la vente du Memorial Day d'Amazon"},{"@type":"BreadcrumbList","@id":"https:\/\/vieassociative.be\/actualites\/les-meilleures-offres-sur-lequipement-de-fitness-lors-de-la-vente-du-memorial-day-damazon\/#breadcrumb","itemListElement":[{"@type":"ListItem","position":1,"name":"Accueil","item":"https:\/\/vieassociative.be\/actualites\/"},{"@type":"ListItem","position":2,"name":"Les meilleures offres sur l&rsquo;\u00e9quipement de fitness lors de la vente du Memorial Day d&rsquo;Amazon"}]},{"@type":"WebSite","@id":"https:\/\/vieassociative.be\/actualites\/#website","url":"https:\/\/vieassociative.be\/actualites\/","name":"Vie Associative","description":"","publisher":{"@id":"https:\/\/vieassociative.be\/actualites\/#organization"},"potentialAction":[{"@type":"SearchAction","target":{"@type":"EntryPoint","urlTemplate":"https:\/\/vieassociative.be\/actualites\/?s={search_term_string}"},"query-input":{"@type":"PropertyValueSpecification","valueRequired":true,"valueName":"search_term_string"}}],"inLanguage":"fr-BE"},{"@type":"Organization","@id":"https:\/\/vieassociative.be\/actualites\/#organization","name":"Vie Associative","url":"https:\/\/vieassociative.be\/actualites\/","logo":{"@type":"ImageObject","inLanguage":"fr-BE","@id":"https:\/\/vieassociative.be\/actualites\/#\/schema\/logo\/image\/","url":"https:\/\/vieassociative.be\/actualites\/wp-content\/uploads\/2024\/09\/cropped-vieassociative_favicon.ico.png","contentUrl":"https:\/\/vieassociative.be\/actualites\/wp-content\/uploads\/2024\/09\/cropped-vieassociative_favicon.ico.png","width":512,"height":512,"caption":"Vie Associative"},"image":{"@id":"https:\/\/vieassociative.be\/actualites\/#\/schema\/logo\/image\/"}},{"@type":"Person","@id":"https:\/\/vieassociative.be\/actualites\/#\/schema\/person\/b87ac4f82f9d4e7b7cec7395b679edc4","name":"Julien","image":{"@type":"ImageObject","inLanguage":"fr-BE","@id":"https:\/\/vieassociative.be\/actualites\/#\/schema\/person\/image\/","url":"https:\/\/vieassociative.be\/actualites\/wp-content\/uploads\/2024\/09\/vie-associative-1-150x150.jpg","contentUrl":"https:\/\/vieassociative.be\/actualites\/wp-content\/uploads\/2024\/09\/vie-associative-1-150x150.jpg","caption":"Julien"},"description":"Je suis Julien, r\u00e9dacteur pour Vie Associative. Passionn\u00e9 par le monde associatif depuis plus de 10 ans, j'ai \u00e0 c\u0153ur de partager des histoires inspirantes et de mettre en lumi\u00e8re les initiatives locales. Mon objectif est de sensibiliser et d'encourager l'engagement communautaire \u00e0 travers mes articles.","sameAs":["https:\/\/vieassociative.be\/"]}]}},"_links":{"self":[{"href":"https:\/\/vieassociative.be\/actualites\/wp-json\/wp\/v2\/posts\/7677"}],"collection":[{"href":"https:\/\/vieassociative.be\/actualites\/wp-json\/wp\/v2\/posts"}],"about":[{"href":"https:\/\/vieassociative.be\/actualites\/wp-json\/wp\/v2\/types\/post"}],"author":[{"embeddable":true,"href":"https:\/\/vieassociative.be\/actualites\/wp-json\/wp\/v2\/users\/1"}],"replies":[{"embeddable":true,"href":"https:\/\/vieassociative.be\/actualites\/wp-json\/wp\/v2\/comments?post=7677"}],"version-history":[{"count":0,"href":"https:\/\/vieassociative.be\/actualites\/wp-json\/wp\/v2\/posts\/7677\/revisions"}],"wp:featuredmedia":[{"embeddable":true,"href":"https:\/\/vieassociative.be\/actualites\/wp-json\/wp\/v2\/media\/7678"}],"wp:attachment":[{"href":"https:\/\/vieassociative.be\/actualites\/wp-json\/wp\/v2\/media?parent=7677"}],"wp:term":[{"taxonomy":"category","embeddable":true,"href":"https:\/\/vieassociative.be\/actualites\/wp-json\/wp\/v2\/categories?post=7677"},{"taxonomy":"post_tag","embeddable":true,"href":"https:\/\/vieassociative.be\/actualites\/wp-json\/wp\/v2\/tags?post=7677"}],"curies":[{"name":"wp","href":"https:\/\/api.w.org\/{rel}","templated":true}]}}