{"id":7675,"date":"2025-05-20T22:17:22","date_gmt":"2025-05-20T20:17:22","guid":{"rendered":"https:\/\/vieassociative.be\/actualites\/avec-diego-moreira-rudi-garcia-apporte-un-binational-dans-le-contingent-des-red-devils\/"},"modified":"2025-05-20T22:17:22","modified_gmt":"2025-05-20T20:17:22","slug":"avec-diego-moreira-rudi-garcia-apporte-un-binational-dans-le-contingent-des-red-devils","status":"publish","type":"post","link":"https:\/\/vieassociative.be\/actualites\/avec-diego-moreira-rudi-garcia-apporte-un-binational-dans-le-contingent-des-red-devils\/","title":{"rendered":"Avec Diego Moreira, Rudi Garcia apporte un \u00abbinational\u00bb dans le contingent des Red Devils"},"content":{"rendered":"<p><strong>Les \u00ab\u00a0binationals\u00a0\u00bb, \u00e0 savoir, \u00e0 savoir une double nationalit\u00e9, jouent un r\u00f4le de plus en plus important dans le football international depuis que les migrants du monde entier sont venus en Europe. Leurs enfants rejoignent un club de football dans le pays qu&rsquo;elle a repris et pourrait alors \u00eatre utilis\u00e9 pour une place dans l&rsquo;\u00e9quipe nationale belge plus tard.<\/strong><\/p>\n<p><span id=\"more-415883\"><\/span>\u00c0 moins que vous choisissiez l&rsquo;\u00e9quipe nationale du pays d&rsquo;origine de votre pays ou le pays d&rsquo;origine de vos parents. Vous n&rsquo;avez certainement \u00e0 choisir l&rsquo;un ou l&rsquo;autre pays que si vous devez \u00eatre utilis\u00e9 dans la s\u00e9lection A.<\/p>\n<p>L&rsquo;\u00e9quipe nationale de football belge a d\u00e9j\u00e0 connu de nombreux professionnels \u00abbinationaux\u00bb par Enzo Scifo, qui pr\u00e9f\u00e9raient la Belgique en Italie, Josip Weber (Belgique-Croatie), Marouane Fellaini (Belgium-Morocco) ou Nacer Chadli (Belgium-Morocco), pour n&rsquo;en nommer que quelques-uns. <\/p>\n<p>La naturalisation de l&rsquo;Espagnol Juan Lozano a \u00e9chou\u00e9 en 1982 parce que l&rsquo;ing\u00e9nieur joueur de la feuille de Berry et Anderlecht avaient d\u00e9j\u00e0 \u00e9t\u00e9 photographi\u00e9s dans le maillot du diable rouge, avant m\u00eame que le Parlement belge n&rsquo;approuvait sa naturalisation. Les parlementaires n&rsquo;aimaient pas du tout cela, c&rsquo;est pourquoi ils ont refus\u00e9 d&rsquo;accorder Lozano devant la Coupe du monde en Espagne.<\/p>\n<div id=\"attachment_415886\" class=\"wp-caption alignleft\" style=\"max-width: 300px\"><img fetchpriority=\"high\" decoding=\"async\" class=\"wp-image-415886 size-medium\" src=\"https:\/\/vieassociative.be\/actualites\/wp-content\/uploads\/2025\/05\/Avec-Diego-Moreira-Rudi-Garcia-apporte-un-binational-dans-le.jpg\" alt=\"\" width=\"300\" height=\"200\"><\/p>\n<p class=\"wp-caption-text\">L&rsquo;entra\u00eeneur national de football de la Belgique Rudi Garcia. Photo: Shutterstock<\/p>\n<\/div>\n<p>En attendant, on conna\u00eet un changement dans le comportement des \u00ab\u00a0binationaux\u00a0\u00bb, qui contrairement \u00e0 l&rsquo;\u00e9quipe nationale de football belge, mais qui a opt\u00e9 pour la s\u00e9lection de leur pays d&rsquo;origine, soit pour des raisons familiales, soit parce que l&rsquo;association de leur pays d&rsquo;origine s&rsquo;est \u00ab\u00a0inclin\u00e9e\u00a0\u00bb tr\u00e8s t\u00f4t, m\u00eame si elle a d\u00e9pass\u00e9 les m\u00eames \u00e9quipes de s\u00e9lection de jeunes en Belgique. De plus, l&rsquo;\u00e9quipe nationale du pays d&rsquo;origine respectif s&rsquo;est clairement rattrap\u00e9 par rapport \u00e0 la Belgique. Le Maroc a termin\u00e9 quatri\u00e8me de la Coupe du monde 2022.<\/p>\n<p>Il est donc arriv\u00e9 que les Konstantinos Karetsas de 17 ans de la Genk KRC ne choisissent pas la Belgique, mais pour la Gr\u00e8ce ou la Chemsdine Talbi de 19 ans du FC Bruges pour le Maroc.<\/p>\n<p>L&rsquo;une des t\u00e2ches du nouveau directeur technique du Red Teufel, Vincent Mannaert, est de persuader les \u00abjeunes talents binationaux\u00bb de lier \u00e0 l&rsquo;\u00e9quipe nationale belge le plus t\u00f4t possible.<\/p>\n<p>\u00c0 Diego Moreira, 20 ans, cela semble avoir r\u00e9ussi l&rsquo;ancien manager du FC Bruges. Le plus de Strasbourg de course, n\u00e9 \u00e0 Li\u00e8ge, semble \u00eatre pr\u00e9f\u00e9r\u00e9 et non au Portugal. Le nouvel entra\u00eeneur du Red Teufel, Rudi Garcia, a appel\u00e9 mardi, le jeune Moreira, fils de l&rsquo;ancien joueur de Li\u00e8ge standard Almami Moreira, dans l&rsquo;\u00e9quipe nationale belge pour les deux qualifications pour la Coupe du monde 2026 dans le nord de la Mac\u00e9doine et contre le Pays de Pales. Moreira est un joueur tr\u00e8s polyvalent qui peut \u00eatre utilis\u00e9 dans diff\u00e9rentes positions. Plus r\u00e9cemment, il est venu dans le train pr\u00e8s de Strasbourg en tant que gauche. (Cre)<\/p>\n<\/p>\n<h3>Le contingent des Red Devils pour les deux matchs Juni<\/h3>\n<p>Le contingent des Red Devils pour les deux matchs de qualification dans le nord de la Mac\u00e9doine (\u00e0 Skopje le 6 juin) et contre le Pays de Galles (le 9 juin \u00e0 Bruxelles):<\/p>\n<p><strong>Gardien de but:<\/strong> Thibaut Courtois (Real Madrid), Senne Lammens (Antwerp), Matz Sels (Forest de Nottingham), Maarten Vandevoordt (RB Leipzig).<\/p>\n<p><strong>D\u00e9fense:<\/strong> Zeno Debast (Sporting Lisbonne), Maxim de Cuyper (FC Bruges), Koni de Winter (CFC Geneta), Wout Faes (Leicester), Brandon Mechele (FC Bruges), Thomas Meunier (OSC Lille), Diego Moreira (RC Strasbourg), Arthurreat (Frankfurt).<\/p>\n<p><strong>Milieu de terrain:<\/strong> Kevin de Bruyne (Manchester City), Jorthy Mokio (Ajax Amsterdam), Amadou Onana (Aston Villa), Nicolas Raskin (Glasgow Rangers), Youri Tielemans (Aston Villa), Hans Vanaken (FC Brugge).<\/p>\n<p><strong>Attaque:<\/strong> Charles de Ketelaere (Atalanta), J\u00e9r\u00e9my Doku (Manchester City), Malick Fofana (Lyon), Romelu Lukaku (SSC Naples), Dodi Lukebakio (FC Sevilla), Lois Openda (RB Leipzig), Alexis Saelemakers (comme Rom), Leandro Trossard (Arsenal).<\/p>\n","protected":false},"excerpt":{"rendered":"<p>Les \u00ab\u00a0binationals\u00a0\u00bb, \u00e0 savoir, \u00e0 savoir une double nationalit\u00e9, jouent un r\u00f4le de plus en plus important dans le football international depuis que les migrants<\/p>\n","protected":false},"author":1,"featured_media":7676,"comment_status":"","ping_status":"","sticky":false,"template":"","format":"standard","meta":{"footnotes":""},"categories":[298],"tags":[434,61,7091,5864,166,29,3313,7089,4939,7090,3312,4938],"class_list":["post-7675","post","type-post","status-publish","format-standard","has-post-thumbnail","hentry","category-belgique","tag-apporte","tag-avec","tag-binational","tag-contingent","tag-dans","tag-des","tag-devils","tag-diego","tag-garcia","tag-moreira","tag-red","tag-rudi","generate-columns","tablet-grid-50","mobile-grid-100","grid-parent","grid-33"],"yoast_head":"<!-- This site is optimized with the Yoast SEO plugin v24.0 - https:\/\/yoast.com\/wordpress\/plugins\/seo\/ -->\n<title>Avec Diego Moreira, Rudi Garcia apporte un \u00abbinational\u00bb dans le contingent des Red Devils | Vie Associative<\/title>\n<meta name=\"robots\" content=\"index, follow, max-snippet:-1, max-image-preview:large, max-video-preview:-1\" \/>\n<link rel=\"canonical\" href=\"https:\/\/vieassociative.be\/actualites\/avec-diego-moreira-rudi-garcia-apporte-un-binational-dans-le-contingent-des-red-devils\/\" \/>\n<meta property=\"og:locale\" content=\"fr_FR\" \/>\n<meta property=\"og:type\" content=\"article\" \/>\n<meta property=\"og:title\" content=\"Avec Diego Moreira, Rudi Garcia apporte un \u00abbinational\u00bb dans le contingent des Red Devils | Vie Associative\" \/>\n<meta property=\"og:description\" content=\"Les \u00ab\u00a0binationals\u00a0\u00bb, \u00e0 savoir, \u00e0 savoir une double nationalit\u00e9, jouent un r\u00f4le de plus en plus important dans le football international depuis que les migrants\" \/>\n<meta property=\"og:url\" content=\"https:\/\/vieassociative.be\/actualites\/avec-diego-moreira-rudi-garcia-apporte-un-binational-dans-le-contingent-des-red-devils\/\" \/>\n<meta property=\"og:site_name\" content=\"Vie Associative\" \/>\n<meta property=\"article:published_time\" content=\"2025-05-20T20:17:22+00:00\" \/>\n<meta property=\"og:image\" content=\"https:\/\/vieassociative.be\/actualites\/wp-content\/uploads\/2024\/09\/header_backgroundk-01-e1726694325946.png\" \/>\n\t<meta property=\"og:image:width\" content=\"279\" \/>\n\t<meta property=\"og:image:height\" content=\"92\" \/>\n\t<meta property=\"og:image:type\" content=\"image\/png\" \/>\n<meta name=\"author\" content=\"Julien\" \/>\n<meta name=\"twitter:card\" content=\"summary_large_image\" \/>\n<meta name=\"twitter:label1\" content=\"\u00c9crit par\" \/>\n\t<meta name=\"twitter:data1\" content=\"Julien\" \/>\n\t<meta name=\"twitter:label2\" content=\"Dur\u00e9e de lecture est.\" \/>\n\t<meta name=\"twitter:data2\" content=\"3 minutes\" \/>\n<script type=\"application\/ld+json\" class=\"yoast-schema-graph\">{\"@context\":\"https:\/\/schema.org\",\"@graph\":[{\"@type\":\"Article\",\"@id\":\"https:\/\/vieassociative.be\/actualites\/avec-diego-moreira-rudi-garcia-apporte-un-binational-dans-le-contingent-des-red-devils\/#article\",\"isPartOf\":{\"@id\":\"https:\/\/vieassociative.be\/actualites\/avec-diego-moreira-rudi-garcia-apporte-un-binational-dans-le-contingent-des-red-devils\/\"},\"author\":{\"name\":\"Julien\",\"@id\":\"https:\/\/vieassociative.be\/actualites\/#\/schema\/person\/b87ac4f82f9d4e7b7cec7395b679edc4\"},\"headline\":\"Avec Diego Moreira, Rudi Garcia apporte un \u00abbinational\u00bb dans le contingent des Red Devils\",\"datePublished\":\"2025-05-20T20:17:22+00:00\",\"dateModified\":\"2025-05-20T20:17:22+00:00\",\"mainEntityOfPage\":{\"@id\":\"https:\/\/vieassociative.be\/actualites\/avec-diego-moreira-rudi-garcia-apporte-un-binational-dans-le-contingent-des-red-devils\/\"},\"wordCount\":684,\"publisher\":{\"@id\":\"https:\/\/vieassociative.be\/actualites\/#organization\"},\"image\":{\"@id\":\"https:\/\/vieassociative.be\/actualites\/avec-diego-moreira-rudi-garcia-apporte-un-binational-dans-le-contingent-des-red-devils\/#primaryimage\"},\"thumbnailUrl\":\"https:\/\/vieassociative.be\/actualites\/wp-content\/uploads\/2025\/05\/1747772242_Avec-Diego-Moreira-Rudi-Garcia-apporte-un-binational-dans-le.jpg\",\"keywords\":[\"apporte\",\"avec\",\"binational\",\"contingent\",\"dans\",\"Des\",\"Devils\",\"Diego\",\"Garcia\",\"Moreira\",\"Red\",\"Rudi\"],\"articleSection\":[\"Belgique\"],\"inLanguage\":\"fr-BE\"},{\"@type\":\"WebPage\",\"@id\":\"https:\/\/vieassociative.be\/actualites\/avec-diego-moreira-rudi-garcia-apporte-un-binational-dans-le-contingent-des-red-devils\/\",\"url\":\"https:\/\/vieassociative.be\/actualites\/avec-diego-moreira-rudi-garcia-apporte-un-binational-dans-le-contingent-des-red-devils\/\",\"name\":\"Avec Diego Moreira, Rudi Garcia apporte un \u00abbinational\u00bb dans le contingent des Red Devils | Vie Associative\",\"isPartOf\":{\"@id\":\"https:\/\/vieassociative.be\/actualites\/#website\"},\"primaryImageOfPage\":{\"@id\":\"https:\/\/vieassociative.be\/actualites\/avec-diego-moreira-rudi-garcia-apporte-un-binational-dans-le-contingent-des-red-devils\/#primaryimage\"},\"image\":{\"@id\":\"https:\/\/vieassociative.be\/actualites\/avec-diego-moreira-rudi-garcia-apporte-un-binational-dans-le-contingent-des-red-devils\/#primaryimage\"},\"thumbnailUrl\":\"https:\/\/vieassociative.be\/actualites\/wp-content\/uploads\/2025\/05\/1747772242_Avec-Diego-Moreira-Rudi-Garcia-apporte-un-binational-dans-le.jpg\",\"datePublished\":\"2025-05-20T20:17:22+00:00\",\"dateModified\":\"2025-05-20T20:17:22+00:00\",\"breadcrumb\":{\"@id\":\"https:\/\/vieassociative.be\/actualites\/avec-diego-moreira-rudi-garcia-apporte-un-binational-dans-le-contingent-des-red-devils\/#breadcrumb\"},\"inLanguage\":\"fr-BE\",\"potentialAction\":[{\"@type\":\"ReadAction\",\"target\":[\"https:\/\/vieassociative.be\/actualites\/avec-diego-moreira-rudi-garcia-apporte-un-binational-dans-le-contingent-des-red-devils\/\"]}]},{\"@type\":\"ImageObject\",\"inLanguage\":\"fr-BE\",\"@id\":\"https:\/\/vieassociative.be\/actualites\/avec-diego-moreira-rudi-garcia-apporte-un-binational-dans-le-contingent-des-red-devils\/#primaryimage\",\"url\":\"https:\/\/vieassociative.be\/actualites\/wp-content\/uploads\/2025\/05\/1747772242_Avec-Diego-Moreira-Rudi-Garcia-apporte-un-binational-dans-le.jpg\",\"contentUrl\":\"https:\/\/vieassociative.be\/actualites\/wp-content\/uploads\/2025\/05\/1747772242_Avec-Diego-Moreira-Rudi-Garcia-apporte-un-binational-dans-le.jpg\",\"width\":1200,\"height\":800,\"caption\":\"Avec Diego Moreira, Rudi Garcia apporte un \u00abbinational\u00bb dans le contingent des Red Devils\"},{\"@type\":\"BreadcrumbList\",\"@id\":\"https:\/\/vieassociative.be\/actualites\/avec-diego-moreira-rudi-garcia-apporte-un-binational-dans-le-contingent-des-red-devils\/#breadcrumb\",\"itemListElement\":[{\"@type\":\"ListItem\",\"position\":1,\"name\":\"Accueil\",\"item\":\"https:\/\/vieassociative.be\/actualites\/\"},{\"@type\":\"ListItem\",\"position\":2,\"name\":\"Avec Diego Moreira, Rudi Garcia apporte un \u00abbinational\u00bb dans le contingent des Red Devils\"}]},{\"@type\":\"WebSite\",\"@id\":\"https:\/\/vieassociative.be\/actualites\/#website\",\"url\":\"https:\/\/vieassociative.be\/actualites\/\",\"name\":\"Vie Associative\",\"description\":\"\",\"publisher\":{\"@id\":\"https:\/\/vieassociative.be\/actualites\/#organization\"},\"potentialAction\":[{\"@type\":\"SearchAction\",\"target\":{\"@type\":\"EntryPoint\",\"urlTemplate\":\"https:\/\/vieassociative.be\/actualites\/?s={search_term_string}\"},\"query-input\":{\"@type\":\"PropertyValueSpecification\",\"valueRequired\":true,\"valueName\":\"search_term_string\"}}],\"inLanguage\":\"fr-BE\"},{\"@type\":\"Organization\",\"@id\":\"https:\/\/vieassociative.be\/actualites\/#organization\",\"name\":\"Vie Associative\",\"url\":\"https:\/\/vieassociative.be\/actualites\/\",\"logo\":{\"@type\":\"ImageObject\",\"inLanguage\":\"fr-BE\",\"@id\":\"https:\/\/vieassociative.be\/actualites\/#\/schema\/logo\/image\/\",\"url\":\"https:\/\/vieassociative.be\/actualites\/wp-content\/uploads\/2024\/09\/cropped-vieassociative_favicon.ico.png\",\"contentUrl\":\"https:\/\/vieassociative.be\/actualites\/wp-content\/uploads\/2024\/09\/cropped-vieassociative_favicon.ico.png\",\"width\":512,\"height\":512,\"caption\":\"Vie Associative\"},\"image\":{\"@id\":\"https:\/\/vieassociative.be\/actualites\/#\/schema\/logo\/image\/\"}},{\"@type\":\"Person\",\"@id\":\"https:\/\/vieassociative.be\/actualites\/#\/schema\/person\/b87ac4f82f9d4e7b7cec7395b679edc4\",\"name\":\"Julien\",\"image\":{\"@type\":\"ImageObject\",\"inLanguage\":\"fr-BE\",\"@id\":\"https:\/\/vieassociative.be\/actualites\/#\/schema\/person\/image\/\",\"url\":\"https:\/\/vieassociative.be\/actualites\/wp-content\/uploads\/2024\/09\/vie-associative-1-150x150.jpg\",\"contentUrl\":\"https:\/\/vieassociative.be\/actualites\/wp-content\/uploads\/2024\/09\/vie-associative-1-150x150.jpg\",\"caption\":\"Julien\"},\"description\":\"Je suis Julien, r\u00e9dacteur pour Vie Associative. Passionn\u00e9 par le monde associatif depuis plus de 10 ans, j'ai \u00e0 c\u0153ur de partager des histoires inspirantes et de mettre en lumi\u00e8re les initiatives locales. Mon objectif est de sensibiliser et d'encourager l'engagement communautaire \u00e0 travers mes articles.\",\"sameAs\":[\"https:\/\/vieassociative.be\/\"]}]}<\/script>\n<!-- \/ Yoast SEO plugin. -->","yoast_head_json":{"title":"Avec Diego Moreira, Rudi Garcia apporte un \u00abbinational\u00bb dans le contingent des Red Devils | Vie Associative","robots":{"index":"index","follow":"follow","max-snippet":"max-snippet:-1","max-image-preview":"max-image-preview:large","max-video-preview":"max-video-preview:-1"},"canonical":"https:\/\/vieassociative.be\/actualites\/avec-diego-moreira-rudi-garcia-apporte-un-binational-dans-le-contingent-des-red-devils\/","og_locale":"fr_FR","og_type":"article","og_title":"Avec Diego Moreira, Rudi Garcia apporte un \u00abbinational\u00bb dans le contingent des Red Devils | Vie Associative","og_description":"Les \u00ab\u00a0binationals\u00a0\u00bb, \u00e0 savoir, \u00e0 savoir une double nationalit\u00e9, jouent un r\u00f4le de plus en plus important dans le football international depuis que les migrants","og_url":"https:\/\/vieassociative.be\/actualites\/avec-diego-moreira-rudi-garcia-apporte-un-binational-dans-le-contingent-des-red-devils\/","og_site_name":"Vie Associative","article_published_time":"2025-05-20T20:17:22+00:00","og_image":[{"width":279,"height":92,"url":"https:\/\/vieassociative.be\/actualites\/wp-content\/uploads\/2024\/09\/header_backgroundk-01-e1726694325946.png","type":"image\/png"}],"author":"Julien","twitter_card":"summary_large_image","twitter_misc":{"\u00c9crit par":"Julien","Dur\u00e9e de lecture est.":"3 minutes"},"schema":{"@context":"https:\/\/schema.org","@graph":[{"@type":"Article","@id":"https:\/\/vieassociative.be\/actualites\/avec-diego-moreira-rudi-garcia-apporte-un-binational-dans-le-contingent-des-red-devils\/#article","isPartOf":{"@id":"https:\/\/vieassociative.be\/actualites\/avec-diego-moreira-rudi-garcia-apporte-un-binational-dans-le-contingent-des-red-devils\/"},"author":{"name":"Julien","@id":"https:\/\/vieassociative.be\/actualites\/#\/schema\/person\/b87ac4f82f9d4e7b7cec7395b679edc4"},"headline":"Avec Diego Moreira, Rudi Garcia apporte un \u00abbinational\u00bb dans le contingent des Red Devils","datePublished":"2025-05-20T20:17:22+00:00","dateModified":"2025-05-20T20:17:22+00:00","mainEntityOfPage":{"@id":"https:\/\/vieassociative.be\/actualites\/avec-diego-moreira-rudi-garcia-apporte-un-binational-dans-le-contingent-des-red-devils\/"},"wordCount":684,"publisher":{"@id":"https:\/\/vieassociative.be\/actualites\/#organization"},"image":{"@id":"https:\/\/vieassociative.be\/actualites\/avec-diego-moreira-rudi-garcia-apporte-un-binational-dans-le-contingent-des-red-devils\/#primaryimage"},"thumbnailUrl":"https:\/\/vieassociative.be\/actualites\/wp-content\/uploads\/2025\/05\/1747772242_Avec-Diego-Moreira-Rudi-Garcia-apporte-un-binational-dans-le.jpg","keywords":["apporte","avec","binational","contingent","dans","Des","Devils","Diego","Garcia","Moreira","Red","Rudi"],"articleSection":["Belgique"],"inLanguage":"fr-BE"},{"@type":"WebPage","@id":"https:\/\/vieassociative.be\/actualites\/avec-diego-moreira-rudi-garcia-apporte-un-binational-dans-le-contingent-des-red-devils\/","url":"https:\/\/vieassociative.be\/actualites\/avec-diego-moreira-rudi-garcia-apporte-un-binational-dans-le-contingent-des-red-devils\/","name":"Avec Diego Moreira, Rudi Garcia apporte un \u00abbinational\u00bb dans le contingent des Red Devils | Vie Associative","isPartOf":{"@id":"https:\/\/vieassociative.be\/actualites\/#website"},"primaryImageOfPage":{"@id":"https:\/\/vieassociative.be\/actualites\/avec-diego-moreira-rudi-garcia-apporte-un-binational-dans-le-contingent-des-red-devils\/#primaryimage"},"image":{"@id":"https:\/\/vieassociative.be\/actualites\/avec-diego-moreira-rudi-garcia-apporte-un-binational-dans-le-contingent-des-red-devils\/#primaryimage"},"thumbnailUrl":"https:\/\/vieassociative.be\/actualites\/wp-content\/uploads\/2025\/05\/1747772242_Avec-Diego-Moreira-Rudi-Garcia-apporte-un-binational-dans-le.jpg","datePublished":"2025-05-20T20:17:22+00:00","dateModified":"2025-05-20T20:17:22+00:00","breadcrumb":{"@id":"https:\/\/vieassociative.be\/actualites\/avec-diego-moreira-rudi-garcia-apporte-un-binational-dans-le-contingent-des-red-devils\/#breadcrumb"},"inLanguage":"fr-BE","potentialAction":[{"@type":"ReadAction","target":["https:\/\/vieassociative.be\/actualites\/avec-diego-moreira-rudi-garcia-apporte-un-binational-dans-le-contingent-des-red-devils\/"]}]},{"@type":"ImageObject","inLanguage":"fr-BE","@id":"https:\/\/vieassociative.be\/actualites\/avec-diego-moreira-rudi-garcia-apporte-un-binational-dans-le-contingent-des-red-devils\/#primaryimage","url":"https:\/\/vieassociative.be\/actualites\/wp-content\/uploads\/2025\/05\/1747772242_Avec-Diego-Moreira-Rudi-Garcia-apporte-un-binational-dans-le.jpg","contentUrl":"https:\/\/vieassociative.be\/actualites\/wp-content\/uploads\/2025\/05\/1747772242_Avec-Diego-Moreira-Rudi-Garcia-apporte-un-binational-dans-le.jpg","width":1200,"height":800,"caption":"Avec Diego Moreira, Rudi Garcia apporte un \u00abbinational\u00bb dans le contingent des Red Devils"},{"@type":"BreadcrumbList","@id":"https:\/\/vieassociative.be\/actualites\/avec-diego-moreira-rudi-garcia-apporte-un-binational-dans-le-contingent-des-red-devils\/#breadcrumb","itemListElement":[{"@type":"ListItem","position":1,"name":"Accueil","item":"https:\/\/vieassociative.be\/actualites\/"},{"@type":"ListItem","position":2,"name":"Avec Diego Moreira, Rudi Garcia apporte un \u00abbinational\u00bb dans le contingent des Red Devils"}]},{"@type":"WebSite","@id":"https:\/\/vieassociative.be\/actualites\/#website","url":"https:\/\/vieassociative.be\/actualites\/","name":"Vie Associative","description":"","publisher":{"@id":"https:\/\/vieassociative.be\/actualites\/#organization"},"potentialAction":[{"@type":"SearchAction","target":{"@type":"EntryPoint","urlTemplate":"https:\/\/vieassociative.be\/actualites\/?s={search_term_string}"},"query-input":{"@type":"PropertyValueSpecification","valueRequired":true,"valueName":"search_term_string"}}],"inLanguage":"fr-BE"},{"@type":"Organization","@id":"https:\/\/vieassociative.be\/actualites\/#organization","name":"Vie Associative","url":"https:\/\/vieassociative.be\/actualites\/","logo":{"@type":"ImageObject","inLanguage":"fr-BE","@id":"https:\/\/vieassociative.be\/actualites\/#\/schema\/logo\/image\/","url":"https:\/\/vieassociative.be\/actualites\/wp-content\/uploads\/2024\/09\/cropped-vieassociative_favicon.ico.png","contentUrl":"https:\/\/vieassociative.be\/actualites\/wp-content\/uploads\/2024\/09\/cropped-vieassociative_favicon.ico.png","width":512,"height":512,"caption":"Vie Associative"},"image":{"@id":"https:\/\/vieassociative.be\/actualites\/#\/schema\/logo\/image\/"}},{"@type":"Person","@id":"https:\/\/vieassociative.be\/actualites\/#\/schema\/person\/b87ac4f82f9d4e7b7cec7395b679edc4","name":"Julien","image":{"@type":"ImageObject","inLanguage":"fr-BE","@id":"https:\/\/vieassociative.be\/actualites\/#\/schema\/person\/image\/","url":"https:\/\/vieassociative.be\/actualites\/wp-content\/uploads\/2024\/09\/vie-associative-1-150x150.jpg","contentUrl":"https:\/\/vieassociative.be\/actualites\/wp-content\/uploads\/2024\/09\/vie-associative-1-150x150.jpg","caption":"Julien"},"description":"Je suis Julien, r\u00e9dacteur pour Vie Associative. Passionn\u00e9 par le monde associatif depuis plus de 10 ans, j'ai \u00e0 c\u0153ur de partager des histoires inspirantes et de mettre en lumi\u00e8re les initiatives locales. Mon objectif est de sensibiliser et d'encourager l'engagement communautaire \u00e0 travers mes articles.","sameAs":["https:\/\/vieassociative.be\/"]}]}},"_links":{"self":[{"href":"https:\/\/vieassociative.be\/actualites\/wp-json\/wp\/v2\/posts\/7675"}],"collection":[{"href":"https:\/\/vieassociative.be\/actualites\/wp-json\/wp\/v2\/posts"}],"about":[{"href":"https:\/\/vieassociative.be\/actualites\/wp-json\/wp\/v2\/types\/post"}],"author":[{"embeddable":true,"href":"https:\/\/vieassociative.be\/actualites\/wp-json\/wp\/v2\/users\/1"}],"replies":[{"embeddable":true,"href":"https:\/\/vieassociative.be\/actualites\/wp-json\/wp\/v2\/comments?post=7675"}],"version-history":[{"count":0,"href":"https:\/\/vieassociative.be\/actualites\/wp-json\/wp\/v2\/posts\/7675\/revisions"}],"wp:featuredmedia":[{"embeddable":true,"href":"https:\/\/vieassociative.be\/actualites\/wp-json\/wp\/v2\/media\/7676"}],"wp:attachment":[{"href":"https:\/\/vieassociative.be\/actualites\/wp-json\/wp\/v2\/media?parent=7675"}],"wp:term":[{"taxonomy":"category","embeddable":true,"href":"https:\/\/vieassociative.be\/actualites\/wp-json\/wp\/v2\/categories?post=7675"},{"taxonomy":"post_tag","embeddable":true,"href":"https:\/\/vieassociative.be\/actualites\/wp-json\/wp\/v2\/tags?post=7675"}],"curies":[{"name":"wp","href":"https:\/\/api.w.org\/{rel}","templated":true}]}}