{"id":7669,"date":"2025-05-20T16:17:13","date_gmt":"2025-05-20T14:17:13","guid":{"rendered":"https:\/\/vieassociative.be\/actualites\/le-contrat-pandemique-qui-devrait-empecher-les-conditions-chaotiques-comme-avec-corona-a-lavenir-questions-et-reponses\/"},"modified":"2025-05-20T16:17:13","modified_gmt":"2025-05-20T14:17:13","slug":"le-contrat-pandemique-qui-devrait-empecher-les-conditions-chaotiques-comme-avec-corona-a-lavenir-questions-et-reponses","status":"publish","type":"post","link":"https:\/\/vieassociative.be\/actualites\/le-contrat-pandemique-qui-devrait-empecher-les-conditions-chaotiques-comme-avec-corona-a-lavenir-questions-et-reponses\/","title":{"rendered":"Le contrat pand\u00e9mique qui devrait emp\u00eacher les conditions chaotiques comme avec Corona \u00e0 l&rsquo;avenir (questions et r\u00e9ponses)"},"content":{"rendered":"<p><strong>Les conditions chaotiques comme dans la pand\u00e9mie de corona ne doivent pas se r\u00e9p\u00e9ter. Plus de 190 pays ont maintenant adopt\u00e9 un contrat pand\u00e9mique. Les d\u00e9tails importants sont toujours ouverts.<\/strong><\/p>\n<p><span id=\"more-415871\"><\/span>La communaut\u00e9 mondiale veut emp\u00eacher la panique et le chaos comme pendant la pand\u00e9mie de Corona dans le cas d&rsquo;une nouvelle urgence majeure en sant\u00e9. \u00c0 cette fin, les membres de l&rsquo;Organisation mondiale de la sant\u00e9 (OMS) de Gen\u00e8ve ont adopt\u00e9 un contrat pand\u00e9mique. Le contrat international a \u00e9t\u00e9 n\u00e9goci\u00e9 dans la p\u00e9riode record de trois bonnes ann\u00e9es. Les d\u00e9l\u00e9gations ont c\u00e9l\u00e9br\u00e9 l&rsquo;hypoth\u00e8se avec des applaudissements persistants.<\/p>\n<div id=\"attachment_415873\" class=\"wp-caption alignleft\" style=\"max-width: 300px\"><img fetchpriority=\"high\" decoding=\"async\" class=\"wp-image-415873 size-medium\" src=\"https:\/\/vieassociative.be\/actualites\/wp-content\/uploads\/2025\/05\/Le-contrat-pandemique-qui-devrait-empecher-les-conditions-chaotiques-comme.jpg\" alt=\"\" width=\"300\" height=\"200\"><\/p>\n<p class=\"wp-caption-text\">19.05.2025, Suisse, Gen\u00e8ve: La ministre suisse de l&rsquo;Int\u00e9rieur Elisabeth Baume-Schneider (L et Monitor) lui donne une explication lors de l&rsquo;ouverture de la 78e Assembl\u00e9e mondiale de la sant\u00e9 (WHA78) au si\u00e8ge europ\u00e9en des Nations Unies. Photo: Magali Girardin \/ Keystone \/ DPA<\/p>\n<\/div>\n<p>Du point de vue des membres de l&rsquo;OMS, un contrat \u00e9tait n\u00e9cessaire parce qu&rsquo;une situation similaire \u00e0 Corona Pandemic doit \u00eatre craindre. Who Boss Tedros Adhanom Ghebreyesus pr\u00e9vient: \u00ab\u00a0La prochaine pand\u00e9mie n&rsquo;est pas une question de\u00ab si \u00bb, mais le\u00ab quand \u00bb. Les questions et r\u00e9ponses les plus importantes:<\/p>\n<p><strong>-Quelle a mal tourn\u00e9 avec la pand\u00e9mie de Corona?<\/strong><\/p>\n<p>Lorsque le coronavirus SARS-CoV-2 s&rsquo;est propag\u00e9 dans le monde entier en 2020, de nombreux pays ont r\u00e9agi avec panique. Les masques et le mat\u00e9riel de protection \u00e9taient rares. Les gouvernements se sont contest\u00e9s les uns les autres, beaucoup ont impos\u00e9 des obstacles \u00e0 l&rsquo;exportation pour ces documents. Lorsque le vaccin \u00e9tait enfin l\u00e0, les doses de vaccin ont r\u00e9ussi \u00e0 se lancer, les \u00c9tats-Unis et l&rsquo;Inde ont arr\u00eat\u00e9 toutes les exportations. Et bien que la troisi\u00e8me vaccination ait d\u00e9j\u00e0 \u00e9t\u00e9 administr\u00e9e dans des pays riches, les habitants des pays pauvres attendaient toujours la premi\u00e8re livraison.<\/p>\n<p>Les cons\u00e9quences: ont estim\u00e9 36 millions de morts dans le monde &#8211; par une infection ou parce qu&rsquo;elles ne pouvaient pas \u00eatre trait\u00e9es en raison d&rsquo;autres maladies en pand\u00e9mie. L&rsquo;\u00e9conomie s&rsquo;est effondr\u00e9e dans le monde entier, des millions de petites entreprises ont fait faillite.<\/p>\n<p><strong>&#8211; Qu&rsquo;est-ce qui sera diff\u00e9rent avec le contrat?<\/strong><\/p>\n<p><em>Pr\u00e9vention<\/em>: Les pays s&rsquo;engagent \u00e0 renforcer leurs syst\u00e8mes de sant\u00e9 et la surveillance du r\u00e8gne animal de mani\u00e8re \u00e0 ce que les explosions de maladie soient rapidement d\u00e9couvertes et \u00e9touff\u00e9es dans le germe si possible.<\/p>\n<p><em>Cha\u00eenes Lief:<\/em> Tous les pays devraient avoir acc\u00e8s \u00e0 des mat\u00e9riaux de protection, aux m\u00e9dicaments et aux vaccins. Le personnel de sant\u00e9 doit d&rsquo;abord \u00eatre pris en charge dans le monde entier.<\/p>\n<p><em>Transfert de technologie:<\/em> Les soci\u00e9t\u00e9s pharmaceutiques devraient partager leur savoir-faire afin que les m\u00e9dicaments et les vaccins puissent \u00e9galement \u00eatre produits dans d&rsquo;autres pays.<\/p>\n<div id=\"attachment_243282\" class=\"wp-caption alignleft\" style=\"max-width: 300px\"><img decoding=\"async\" class=\"wp-image-243282 size-medium\" src=\"https:\/\/vieassociative.be\/actualites\/wp-content\/uploads\/2025\/05\/Le-contrat-pandemique-qui-devrait-empecher-les-conditions-chaotiques-comme.jpeg\" alt=\"\" width=\"300\" height=\"200\"><\/p>\n<p class=\"wp-caption-text\">21\/03\/2020, Italie, Serina: Coffin attend le transport vers le cimeti\u00e8re de l&rsquo;\u00e9glise de Serina pr\u00e8s de Bergame. Photo: Claudio Furlan \/ Lapresse \/ DPA<\/p>\n<\/div>\n<p><em>Recherche et d\u00e9veloppement:<\/em> Les s\u00e9quences d&rsquo;ADN de pathog\u00e8nes telles que les virus, les bact\u00e9ries ou autres micro-organismes &#8211; sont disponibles librement pour le d\u00e9veloppement de m\u00e9dicaments et de vaccins. En retour, l&rsquo;OMS fera un don de dix pour cent de leur production \u00e0 la distribution dans les pays pauvres et donnera encore dix pour cent \u00e0 des prix abordables &#8211; le soi-disant syst\u00e8me PABS.<\/p>\n<p><strong>&#8211; Toutes les attentes ont-elles \u00e9t\u00e9 satisfaites?<\/strong><\/p>\n<p>L&rsquo;essentiel &#8211; mais de nombreux compromis ont \u00e9t\u00e9 n\u00e9cessaires au cours des trois ann\u00e9es de n\u00e9gociations. Par exemple, les Europ\u00e9ens voulaient des exigences plus fortes en mati\u00e8re de pr\u00e9vention: les gouvernements sont cens\u00e9s surveiller les \u00e9v\u00e9nements de la maladie dans le monde animal car les agents pathog\u00e8nes peuvent s&rsquo;adapter \u00e0 partir de l\u00e0.<\/p>\n<p>Les pays pauvres ont fait r\u00e9f\u00e9rence aux co\u00fbts \u00e9lev\u00e9s. Les pays africains, \u00e0 leur tour, auraient aim\u00e9 voir des exigences plus strictes dans le syst\u00e8me PABS et dans le transfert de technologie, ainsi que des aides de financement claires pour renforcer les syst\u00e8mes de sant\u00e9.<\/p>\n<p><strong>&#8211; Pourquoi les populistes avertissent-ils le contrat?<\/strong><\/p>\n<p>Les th\u00e9oriciens du complot, en particulier dans les r\u00e9seaux sociaux, affirment que qui peut d\u00e9sormais commander des mesures obligatoires dans la prochaine pand\u00e9mie. Le journal hebdomadaire suisse conservateur \u00ab\u00a0Weltwoche\u00a0\u00bb souffle \u00e9galement dans cette encoche: \u00ab\u00a0Avec le nouveau travail contractuel, le qui serait en fait l&rsquo;autorit\u00e9 la plus puissante au monde, une autorit\u00e9 qui d\u00e9cide de l&rsquo;\u00e9tat d&rsquo;urgence\u00a0\u00bb, \u00e9crit-elle.<\/p>\n<div id=\"attachment_271400\" class=\"wp-caption alignleft\" style=\"max-width: 300px\"><img decoding=\"async\" class=\"wp-image-271400 size-medium\" src=\"https:\/\/vieassociative.be\/actualites\/wp-content\/uploads\/2025\/05\/1747750633_45_Le-contrat-pandemique-qui-devrait-empecher-les-conditions-chaotiques-comme.jpeg\" alt=\"\" width=\"300\" height=\"200\"><\/p>\n<p class=\"wp-caption-text\">28 d\u00e9cembre 2020, Belgique, Puurs-Sint-Amands: Jos Hermans (L), 96 ans, re\u00e7oit la premi\u00e8re vaccination avec le vaccin Corona de Pfizer \/ Biontech au domicile des Sint-Pieters. Photo: piscine dirk waem \/ belga \/ dpa<\/p>\n<\/div>\n<p>C&rsquo;est faux. L&rsquo;article 22 du Trait\u00e9 de Pandemie stipule express\u00e9ment que ni l&rsquo;OMS ni son directeur g\u00e9n\u00e9ral n&rsquo;ordonnent des mesures int\u00e9rieures, d&rsquo;imposer des restrictions de voyage, de faire respecter les vaccinations ou de prescrire des verrouillage. Le contrat ne s&rsquo;applique que dans les pays qui le ratifier. Il n&rsquo;y a pas de mesures punitives dans le contrat si un pays ne respecte pas ses obligations.<\/p>\n<p><strong>&#8211; Quelle est la prochaine \u00e9tape?<\/strong><\/p>\n<p>Les modalit\u00e9s du syst\u00e8me PABS ont \u00e9t\u00e9 externalis\u00e9es \u00e0 une annexe qui doit encore \u00eatre n\u00e9goci\u00e9e. Cela devrait prendre une autre ann\u00e9e. Ce n&rsquo;est qu&rsquo;alors que le contrat peut \u00eatre soumis aux gouvernements pour ratification. Il n&rsquo;entre en vigueur que lorsque 60 pays l&rsquo;ont ratifi\u00e9. L&rsquo;OMS compte actuellement 194 \u00c9tats membres, mais les \u00c9tats-Unis et l&rsquo;Argentine ont annonc\u00e9 leur d\u00e9mission. (DPA)<\/p>\n","protected":false},"excerpt":{"rendered":"<p>Les conditions chaotiques comme dans la pand\u00e9mie de corona ne doivent pas se r\u00e9p\u00e9ter. Plus de 190 pays ont maintenant adopt\u00e9 un contrat pand\u00e9mique. Les<\/p>\n","protected":false},"author":1,"featured_media":7670,"comment_status":"","ping_status":"","sticky":false,"template":"","format":"standard","meta":{"footnotes":""},"categories":[298],"tags":[61,7086,1254,7085,1970,645,238,1889,2274,14,7084,481,99,1882],"class_list":["post-7669","post","type-post","status-publish","format-standard","has-post-thumbnail","hentry","category-belgique","tag-avec","tag-chaotiques","tag-comme","tag-conditions","tag-contrat","tag-corona","tag-devrait","tag-empecher","tag-lavenir","tag-les","tag-pandemique","tag-questions","tag-qui","tag-reponses","generate-columns","tablet-grid-50","mobile-grid-100","grid-parent","grid-33"],"yoast_head":"<!-- This site is optimized with the Yoast SEO plugin v24.0 - https:\/\/yoast.com\/wordpress\/plugins\/seo\/ -->\n<title>Le contrat pand\u00e9mique qui devrait emp\u00eacher les conditions chaotiques comme avec Corona \u00e0 l&#039;avenir (questions et r\u00e9ponses) | Vie Associative<\/title>\n<meta name=\"robots\" content=\"index, follow, max-snippet:-1, max-image-preview:large, max-video-preview:-1\" \/>\n<link rel=\"canonical\" href=\"https:\/\/vieassociative.be\/actualites\/le-contrat-pandemique-qui-devrait-empecher-les-conditions-chaotiques-comme-avec-corona-a-lavenir-questions-et-reponses\/\" \/>\n<meta property=\"og:locale\" content=\"fr_FR\" \/>\n<meta property=\"og:type\" content=\"article\" \/>\n<meta property=\"og:title\" content=\"Le contrat pand\u00e9mique qui devrait emp\u00eacher les conditions chaotiques comme avec Corona \u00e0 l&#039;avenir (questions et r\u00e9ponses) | Vie Associative\" \/>\n<meta property=\"og:description\" content=\"Les conditions chaotiques comme dans la pand\u00e9mie de corona ne doivent pas se r\u00e9p\u00e9ter. Plus de 190 pays ont maintenant adopt\u00e9 un contrat pand\u00e9mique. Les\" \/>\n<meta property=\"og:url\" content=\"https:\/\/vieassociative.be\/actualites\/le-contrat-pandemique-qui-devrait-empecher-les-conditions-chaotiques-comme-avec-corona-a-lavenir-questions-et-reponses\/\" \/>\n<meta property=\"og:site_name\" content=\"Vie Associative\" \/>\n<meta property=\"article:published_time\" content=\"2025-05-20T14:17:13+00:00\" \/>\n<meta property=\"og:image\" content=\"https:\/\/vieassociative.be\/actualites\/wp-content\/uploads\/2024\/09\/header_backgroundk-01-e1726694325946.png\" \/>\n\t<meta property=\"og:image:width\" content=\"279\" \/>\n\t<meta property=\"og:image:height\" content=\"92\" \/>\n\t<meta property=\"og:image:type\" content=\"image\/png\" \/>\n<meta name=\"author\" content=\"Julien\" \/>\n<meta name=\"twitter:card\" content=\"summary_large_image\" \/>\n<meta name=\"twitter:label1\" content=\"\u00c9crit par\" \/>\n\t<meta name=\"twitter:data1\" content=\"Julien\" \/>\n\t<meta name=\"twitter:label2\" content=\"Dur\u00e9e de lecture est.\" \/>\n\t<meta name=\"twitter:data2\" content=\"5 minutes\" \/>\n<script type=\"application\/ld+json\" class=\"yoast-schema-graph\">{\"@context\":\"https:\/\/schema.org\",\"@graph\":[{\"@type\":\"Article\",\"@id\":\"https:\/\/vieassociative.be\/actualites\/le-contrat-pandemique-qui-devrait-empecher-les-conditions-chaotiques-comme-avec-corona-a-lavenir-questions-et-reponses\/#article\",\"isPartOf\":{\"@id\":\"https:\/\/vieassociative.be\/actualites\/le-contrat-pandemique-qui-devrait-empecher-les-conditions-chaotiques-comme-avec-corona-a-lavenir-questions-et-reponses\/\"},\"author\":{\"name\":\"Julien\",\"@id\":\"https:\/\/vieassociative.be\/actualites\/#\/schema\/person\/b87ac4f82f9d4e7b7cec7395b679edc4\"},\"headline\":\"Le contrat pand\u00e9mique qui devrait emp\u00eacher les conditions chaotiques comme avec Corona \u00e0 l&rsquo;avenir (questions et r\u00e9ponses)\",\"datePublished\":\"2025-05-20T14:17:13+00:00\",\"dateModified\":\"2025-05-20T14:17:13+00:00\",\"mainEntityOfPage\":{\"@id\":\"https:\/\/vieassociative.be\/actualites\/le-contrat-pandemique-qui-devrait-empecher-les-conditions-chaotiques-comme-avec-corona-a-lavenir-questions-et-reponses\/\"},\"wordCount\":984,\"publisher\":{\"@id\":\"https:\/\/vieassociative.be\/actualites\/#organization\"},\"image\":{\"@id\":\"https:\/\/vieassociative.be\/actualites\/le-contrat-pandemique-qui-devrait-empecher-les-conditions-chaotiques-comme-avec-corona-a-lavenir-questions-et-reponses\/#primaryimage\"},\"thumbnailUrl\":\"https:\/\/vieassociative.be\/actualites\/wp-content\/uploads\/2025\/05\/1747750633_Le-contrat-pandemique-qui-devrait-empecher-les-conditions-chaotiques-comme.jpeg\",\"keywords\":[\"avec\",\"chaotiques\",\"comme\",\"conditions\",\"contrat\",\"Corona\",\"devrait\",\"emp\u00eacher\",\"lavenir\",\"Les\",\"pand\u00e9mique\",\"questions\",\"qui\",\"r\u00e9ponses\"],\"articleSection\":[\"Belgique\"],\"inLanguage\":\"fr-BE\"},{\"@type\":\"WebPage\",\"@id\":\"https:\/\/vieassociative.be\/actualites\/le-contrat-pandemique-qui-devrait-empecher-les-conditions-chaotiques-comme-avec-corona-a-lavenir-questions-et-reponses\/\",\"url\":\"https:\/\/vieassociative.be\/actualites\/le-contrat-pandemique-qui-devrait-empecher-les-conditions-chaotiques-comme-avec-corona-a-lavenir-questions-et-reponses\/\",\"name\":\"Le contrat pand\u00e9mique qui devrait emp\u00eacher les conditions chaotiques comme avec Corona \u00e0 l'avenir (questions et r\u00e9ponses) | Vie Associative\",\"isPartOf\":{\"@id\":\"https:\/\/vieassociative.be\/actualites\/#website\"},\"primaryImageOfPage\":{\"@id\":\"https:\/\/vieassociative.be\/actualites\/le-contrat-pandemique-qui-devrait-empecher-les-conditions-chaotiques-comme-avec-corona-a-lavenir-questions-et-reponses\/#primaryimage\"},\"image\":{\"@id\":\"https:\/\/vieassociative.be\/actualites\/le-contrat-pandemique-qui-devrait-empecher-les-conditions-chaotiques-comme-avec-corona-a-lavenir-questions-et-reponses\/#primaryimage\"},\"thumbnailUrl\":\"https:\/\/vieassociative.be\/actualites\/wp-content\/uploads\/2025\/05\/1747750633_Le-contrat-pandemique-qui-devrait-empecher-les-conditions-chaotiques-comme.jpeg\",\"datePublished\":\"2025-05-20T14:17:13+00:00\",\"dateModified\":\"2025-05-20T14:17:13+00:00\",\"breadcrumb\":{\"@id\":\"https:\/\/vieassociative.be\/actualites\/le-contrat-pandemique-qui-devrait-empecher-les-conditions-chaotiques-comme-avec-corona-a-lavenir-questions-et-reponses\/#breadcrumb\"},\"inLanguage\":\"fr-BE\",\"potentialAction\":[{\"@type\":\"ReadAction\",\"target\":[\"https:\/\/vieassociative.be\/actualites\/le-contrat-pandemique-qui-devrait-empecher-les-conditions-chaotiques-comme-avec-corona-a-lavenir-questions-et-reponses\/\"]}]},{\"@type\":\"ImageObject\",\"inLanguage\":\"fr-BE\",\"@id\":\"https:\/\/vieassociative.be\/actualites\/le-contrat-pandemique-qui-devrait-empecher-les-conditions-chaotiques-comme-avec-corona-a-lavenir-questions-et-reponses\/#primaryimage\",\"url\":\"https:\/\/vieassociative.be\/actualites\/wp-content\/uploads\/2025\/05\/1747750633_Le-contrat-pandemique-qui-devrait-empecher-les-conditions-chaotiques-comme.jpeg\",\"contentUrl\":\"https:\/\/vieassociative.be\/actualites\/wp-content\/uploads\/2025\/05\/1747750633_Le-contrat-pandemique-qui-devrait-empecher-les-conditions-chaotiques-comme.jpeg\",\"width\":1200,\"height\":912,\"caption\":\"Le contrat pand\u00e9mique qui devrait emp\u00eacher les conditions chaotiques comme avec Corona \u00e0 l'avenir (questions et r\u00e9ponses)\"},{\"@type\":\"BreadcrumbList\",\"@id\":\"https:\/\/vieassociative.be\/actualites\/le-contrat-pandemique-qui-devrait-empecher-les-conditions-chaotiques-comme-avec-corona-a-lavenir-questions-et-reponses\/#breadcrumb\",\"itemListElement\":[{\"@type\":\"ListItem\",\"position\":1,\"name\":\"Accueil\",\"item\":\"https:\/\/vieassociative.be\/actualites\/\"},{\"@type\":\"ListItem\",\"position\":2,\"name\":\"Le contrat pand\u00e9mique qui devrait emp\u00eacher les conditions chaotiques comme avec Corona \u00e0 l&rsquo;avenir (questions et r\u00e9ponses)\"}]},{\"@type\":\"WebSite\",\"@id\":\"https:\/\/vieassociative.be\/actualites\/#website\",\"url\":\"https:\/\/vieassociative.be\/actualites\/\",\"name\":\"Vie Associative\",\"description\":\"\",\"publisher\":{\"@id\":\"https:\/\/vieassociative.be\/actualites\/#organization\"},\"potentialAction\":[{\"@type\":\"SearchAction\",\"target\":{\"@type\":\"EntryPoint\",\"urlTemplate\":\"https:\/\/vieassociative.be\/actualites\/?s={search_term_string}\"},\"query-input\":{\"@type\":\"PropertyValueSpecification\",\"valueRequired\":true,\"valueName\":\"search_term_string\"}}],\"inLanguage\":\"fr-BE\"},{\"@type\":\"Organization\",\"@id\":\"https:\/\/vieassociative.be\/actualites\/#organization\",\"name\":\"Vie Associative\",\"url\":\"https:\/\/vieassociative.be\/actualites\/\",\"logo\":{\"@type\":\"ImageObject\",\"inLanguage\":\"fr-BE\",\"@id\":\"https:\/\/vieassociative.be\/actualites\/#\/schema\/logo\/image\/\",\"url\":\"https:\/\/vieassociative.be\/actualites\/wp-content\/uploads\/2024\/09\/cropped-vieassociative_favicon.ico.png\",\"contentUrl\":\"https:\/\/vieassociative.be\/actualites\/wp-content\/uploads\/2024\/09\/cropped-vieassociative_favicon.ico.png\",\"width\":512,\"height\":512,\"caption\":\"Vie Associative\"},\"image\":{\"@id\":\"https:\/\/vieassociative.be\/actualites\/#\/schema\/logo\/image\/\"}},{\"@type\":\"Person\",\"@id\":\"https:\/\/vieassociative.be\/actualites\/#\/schema\/person\/b87ac4f82f9d4e7b7cec7395b679edc4\",\"name\":\"Julien\",\"image\":{\"@type\":\"ImageObject\",\"inLanguage\":\"fr-BE\",\"@id\":\"https:\/\/vieassociative.be\/actualites\/#\/schema\/person\/image\/\",\"url\":\"https:\/\/vieassociative.be\/actualites\/wp-content\/uploads\/2024\/09\/vie-associative-1-150x150.jpg\",\"contentUrl\":\"https:\/\/vieassociative.be\/actualites\/wp-content\/uploads\/2024\/09\/vie-associative-1-150x150.jpg\",\"caption\":\"Julien\"},\"description\":\"Je suis Julien, r\u00e9dacteur pour Vie Associative. Passionn\u00e9 par le monde associatif depuis plus de 10 ans, j'ai \u00e0 c\u0153ur de partager des histoires inspirantes et de mettre en lumi\u00e8re les initiatives locales. Mon objectif est de sensibiliser et d'encourager l'engagement communautaire \u00e0 travers mes articles.\",\"sameAs\":[\"https:\/\/vieassociative.be\/\"]}]}<\/script>\n<!-- \/ Yoast SEO plugin. -->","yoast_head_json":{"title":"Le contrat pand\u00e9mique qui devrait emp\u00eacher les conditions chaotiques comme avec Corona \u00e0 l'avenir (questions et r\u00e9ponses) | Vie Associative","robots":{"index":"index","follow":"follow","max-snippet":"max-snippet:-1","max-image-preview":"max-image-preview:large","max-video-preview":"max-video-preview:-1"},"canonical":"https:\/\/vieassociative.be\/actualites\/le-contrat-pandemique-qui-devrait-empecher-les-conditions-chaotiques-comme-avec-corona-a-lavenir-questions-et-reponses\/","og_locale":"fr_FR","og_type":"article","og_title":"Le contrat pand\u00e9mique qui devrait emp\u00eacher les conditions chaotiques comme avec Corona \u00e0 l'avenir (questions et r\u00e9ponses) | Vie Associative","og_description":"Les conditions chaotiques comme dans la pand\u00e9mie de corona ne doivent pas se r\u00e9p\u00e9ter. Plus de 190 pays ont maintenant adopt\u00e9 un contrat pand\u00e9mique. Les","og_url":"https:\/\/vieassociative.be\/actualites\/le-contrat-pandemique-qui-devrait-empecher-les-conditions-chaotiques-comme-avec-corona-a-lavenir-questions-et-reponses\/","og_site_name":"Vie Associative","article_published_time":"2025-05-20T14:17:13+00:00","og_image":[{"width":279,"height":92,"url":"https:\/\/vieassociative.be\/actualites\/wp-content\/uploads\/2024\/09\/header_backgroundk-01-e1726694325946.png","type":"image\/png"}],"author":"Julien","twitter_card":"summary_large_image","twitter_misc":{"\u00c9crit par":"Julien","Dur\u00e9e de lecture est.":"5 minutes"},"schema":{"@context":"https:\/\/schema.org","@graph":[{"@type":"Article","@id":"https:\/\/vieassociative.be\/actualites\/le-contrat-pandemique-qui-devrait-empecher-les-conditions-chaotiques-comme-avec-corona-a-lavenir-questions-et-reponses\/#article","isPartOf":{"@id":"https:\/\/vieassociative.be\/actualites\/le-contrat-pandemique-qui-devrait-empecher-les-conditions-chaotiques-comme-avec-corona-a-lavenir-questions-et-reponses\/"},"author":{"name":"Julien","@id":"https:\/\/vieassociative.be\/actualites\/#\/schema\/person\/b87ac4f82f9d4e7b7cec7395b679edc4"},"headline":"Le contrat pand\u00e9mique qui devrait emp\u00eacher les conditions chaotiques comme avec Corona \u00e0 l&rsquo;avenir (questions et r\u00e9ponses)","datePublished":"2025-05-20T14:17:13+00:00","dateModified":"2025-05-20T14:17:13+00:00","mainEntityOfPage":{"@id":"https:\/\/vieassociative.be\/actualites\/le-contrat-pandemique-qui-devrait-empecher-les-conditions-chaotiques-comme-avec-corona-a-lavenir-questions-et-reponses\/"},"wordCount":984,"publisher":{"@id":"https:\/\/vieassociative.be\/actualites\/#organization"},"image":{"@id":"https:\/\/vieassociative.be\/actualites\/le-contrat-pandemique-qui-devrait-empecher-les-conditions-chaotiques-comme-avec-corona-a-lavenir-questions-et-reponses\/#primaryimage"},"thumbnailUrl":"https:\/\/vieassociative.be\/actualites\/wp-content\/uploads\/2025\/05\/1747750633_Le-contrat-pandemique-qui-devrait-empecher-les-conditions-chaotiques-comme.jpeg","keywords":["avec","chaotiques","comme","conditions","contrat","Corona","devrait","emp\u00eacher","lavenir","Les","pand\u00e9mique","questions","qui","r\u00e9ponses"],"articleSection":["Belgique"],"inLanguage":"fr-BE"},{"@type":"WebPage","@id":"https:\/\/vieassociative.be\/actualites\/le-contrat-pandemique-qui-devrait-empecher-les-conditions-chaotiques-comme-avec-corona-a-lavenir-questions-et-reponses\/","url":"https:\/\/vieassociative.be\/actualites\/le-contrat-pandemique-qui-devrait-empecher-les-conditions-chaotiques-comme-avec-corona-a-lavenir-questions-et-reponses\/","name":"Le contrat pand\u00e9mique qui devrait emp\u00eacher les conditions chaotiques comme avec Corona \u00e0 l'avenir (questions et r\u00e9ponses) | Vie Associative","isPartOf":{"@id":"https:\/\/vieassociative.be\/actualites\/#website"},"primaryImageOfPage":{"@id":"https:\/\/vieassociative.be\/actualites\/le-contrat-pandemique-qui-devrait-empecher-les-conditions-chaotiques-comme-avec-corona-a-lavenir-questions-et-reponses\/#primaryimage"},"image":{"@id":"https:\/\/vieassociative.be\/actualites\/le-contrat-pandemique-qui-devrait-empecher-les-conditions-chaotiques-comme-avec-corona-a-lavenir-questions-et-reponses\/#primaryimage"},"thumbnailUrl":"https:\/\/vieassociative.be\/actualites\/wp-content\/uploads\/2025\/05\/1747750633_Le-contrat-pandemique-qui-devrait-empecher-les-conditions-chaotiques-comme.jpeg","datePublished":"2025-05-20T14:17:13+00:00","dateModified":"2025-05-20T14:17:13+00:00","breadcrumb":{"@id":"https:\/\/vieassociative.be\/actualites\/le-contrat-pandemique-qui-devrait-empecher-les-conditions-chaotiques-comme-avec-corona-a-lavenir-questions-et-reponses\/#breadcrumb"},"inLanguage":"fr-BE","potentialAction":[{"@type":"ReadAction","target":["https:\/\/vieassociative.be\/actualites\/le-contrat-pandemique-qui-devrait-empecher-les-conditions-chaotiques-comme-avec-corona-a-lavenir-questions-et-reponses\/"]}]},{"@type":"ImageObject","inLanguage":"fr-BE","@id":"https:\/\/vieassociative.be\/actualites\/le-contrat-pandemique-qui-devrait-empecher-les-conditions-chaotiques-comme-avec-corona-a-lavenir-questions-et-reponses\/#primaryimage","url":"https:\/\/vieassociative.be\/actualites\/wp-content\/uploads\/2025\/05\/1747750633_Le-contrat-pandemique-qui-devrait-empecher-les-conditions-chaotiques-comme.jpeg","contentUrl":"https:\/\/vieassociative.be\/actualites\/wp-content\/uploads\/2025\/05\/1747750633_Le-contrat-pandemique-qui-devrait-empecher-les-conditions-chaotiques-comme.jpeg","width":1200,"height":912,"caption":"Le contrat pand\u00e9mique qui devrait emp\u00eacher les conditions chaotiques comme avec Corona \u00e0 l'avenir (questions et r\u00e9ponses)"},{"@type":"BreadcrumbList","@id":"https:\/\/vieassociative.be\/actualites\/le-contrat-pandemique-qui-devrait-empecher-les-conditions-chaotiques-comme-avec-corona-a-lavenir-questions-et-reponses\/#breadcrumb","itemListElement":[{"@type":"ListItem","position":1,"name":"Accueil","item":"https:\/\/vieassociative.be\/actualites\/"},{"@type":"ListItem","position":2,"name":"Le contrat pand\u00e9mique qui devrait emp\u00eacher les conditions chaotiques comme avec Corona \u00e0 l&rsquo;avenir (questions et r\u00e9ponses)"}]},{"@type":"WebSite","@id":"https:\/\/vieassociative.be\/actualites\/#website","url":"https:\/\/vieassociative.be\/actualites\/","name":"Vie Associative","description":"","publisher":{"@id":"https:\/\/vieassociative.be\/actualites\/#organization"},"potentialAction":[{"@type":"SearchAction","target":{"@type":"EntryPoint","urlTemplate":"https:\/\/vieassociative.be\/actualites\/?s={search_term_string}"},"query-input":{"@type":"PropertyValueSpecification","valueRequired":true,"valueName":"search_term_string"}}],"inLanguage":"fr-BE"},{"@type":"Organization","@id":"https:\/\/vieassociative.be\/actualites\/#organization","name":"Vie Associative","url":"https:\/\/vieassociative.be\/actualites\/","logo":{"@type":"ImageObject","inLanguage":"fr-BE","@id":"https:\/\/vieassociative.be\/actualites\/#\/schema\/logo\/image\/","url":"https:\/\/vieassociative.be\/actualites\/wp-content\/uploads\/2024\/09\/cropped-vieassociative_favicon.ico.png","contentUrl":"https:\/\/vieassociative.be\/actualites\/wp-content\/uploads\/2024\/09\/cropped-vieassociative_favicon.ico.png","width":512,"height":512,"caption":"Vie Associative"},"image":{"@id":"https:\/\/vieassociative.be\/actualites\/#\/schema\/logo\/image\/"}},{"@type":"Person","@id":"https:\/\/vieassociative.be\/actualites\/#\/schema\/person\/b87ac4f82f9d4e7b7cec7395b679edc4","name":"Julien","image":{"@type":"ImageObject","inLanguage":"fr-BE","@id":"https:\/\/vieassociative.be\/actualites\/#\/schema\/person\/image\/","url":"https:\/\/vieassociative.be\/actualites\/wp-content\/uploads\/2024\/09\/vie-associative-1-150x150.jpg","contentUrl":"https:\/\/vieassociative.be\/actualites\/wp-content\/uploads\/2024\/09\/vie-associative-1-150x150.jpg","caption":"Julien"},"description":"Je suis Julien, r\u00e9dacteur pour Vie Associative. Passionn\u00e9 par le monde associatif depuis plus de 10 ans, j'ai \u00e0 c\u0153ur de partager des histoires inspirantes et de mettre en lumi\u00e8re les initiatives locales. Mon objectif est de sensibiliser et d'encourager l'engagement communautaire \u00e0 travers mes articles.","sameAs":["https:\/\/vieassociative.be\/"]}]}},"_links":{"self":[{"href":"https:\/\/vieassociative.be\/actualites\/wp-json\/wp\/v2\/posts\/7669"}],"collection":[{"href":"https:\/\/vieassociative.be\/actualites\/wp-json\/wp\/v2\/posts"}],"about":[{"href":"https:\/\/vieassociative.be\/actualites\/wp-json\/wp\/v2\/types\/post"}],"author":[{"embeddable":true,"href":"https:\/\/vieassociative.be\/actualites\/wp-json\/wp\/v2\/users\/1"}],"replies":[{"embeddable":true,"href":"https:\/\/vieassociative.be\/actualites\/wp-json\/wp\/v2\/comments?post=7669"}],"version-history":[{"count":0,"href":"https:\/\/vieassociative.be\/actualites\/wp-json\/wp\/v2\/posts\/7669\/revisions"}],"wp:featuredmedia":[{"embeddable":true,"href":"https:\/\/vieassociative.be\/actualites\/wp-json\/wp\/v2\/media\/7670"}],"wp:attachment":[{"href":"https:\/\/vieassociative.be\/actualites\/wp-json\/wp\/v2\/media?parent=7669"}],"wp:term":[{"taxonomy":"category","embeddable":true,"href":"https:\/\/vieassociative.be\/actualites\/wp-json\/wp\/v2\/categories?post=7669"},{"taxonomy":"post_tag","embeddable":true,"href":"https:\/\/vieassociative.be\/actualites\/wp-json\/wp\/v2\/tags?post=7669"}],"curies":[{"name":"wp","href":"https:\/\/api.w.org\/{rel}","templated":true}]}}