{"id":7667,"date":"2025-05-20T15:17:46","date_gmt":"2025-05-20T13:17:46","guid":{"rendered":"https:\/\/vieassociative.be\/actualites\/ce-que-les-gens-se-trompent-cette-semaine-fausses-videos-de-la-police-de-la-police\/"},"modified":"2025-05-20T15:17:46","modified_gmt":"2025-05-20T13:17:46","slug":"ce-que-les-gens-se-trompent-cette-semaine-fausses-videos-de-la-police-de-la-police","status":"publish","type":"post","link":"https:\/\/vieassociative.be\/actualites\/ce-que-les-gens-se-trompent-cette-semaine-fausses-videos-de-la-police-de-la-police\/","title":{"rendered":"Ce que les gens se trompent cette semaine: fausses vid\u00e9os de la police de la police"},"content":{"rendered":"<div class=\"mt-4 leading-6 md:mb-8\">Non, un flic n&rsquo;a pas arr\u00eat\u00e9 un juge portant ses robes dans sa voiture. Allez.<\/div>\n<p><\/p>\n<p>Une autre semaine, une autre vid\u00e9o \u00ab\u00a0Gotcha\u00a0\u00bb a d\u00e9mystifi\u00e9. Cette fois, c&rsquo;est \u00ab\u00a0le flic tire le juge noir et vit pour le regretter\u00a0\u00bb, un morceau de drame de rue pseudo-documentaire qui a \u00e9t\u00e9 vu des millions de fois sur YouTube et Tiktok (et ailleurs, je suis s\u00fbr). La vid\u00e9o fait partie d&rsquo;un genre vid\u00e9o en ligne croissant bas\u00e9 sur la documentation des affrontements des flics avec le public, soit par le biais de s\u00e9quences de cam\u00e9ras corporelles ou de s\u00e9quences de citoyens. Certaines de ces vid\u00e9os sont r\u00e9elles, mais beaucoup d&rsquo;entre elles ne le sont pas.<\/p>\n<p>Voici la vid\u00e9o \u00ab\u00a0COP tire le juge\u00a0\u00bb:<\/p>\n<div class=\"mx-auto mt-8 w-full max-w-4xl aspect-video\">\n<div id=\"video-container-NqVEz03E3Uo\"><\/div>\n<\/div>\n<h2 id=\"the-tells-bad-improv-in-a-florida-parking-lot\">Les Tells: Mauvais improvisation dans un parking de Floride<\/h2>\n<p>Si vous avez un peu d&rsquo;alphab\u00e9tisation des m\u00e9dias, il est facile de le rep\u00e9rer comme faux. <\/p>\n<ul>\n<li>\n<p>Le jeu est le niveau de sous-communautaire.<\/p>\n<\/li>\n<li>\n<p>Le dialogue am\u00e9lior\u00e9 est ridiculement sur le nez. <\/p>\n<\/li>\n<li>\n<p>Je suis s\u00fbr que les juges ne portent pas de robes judiciaires lorsqu&rsquo;ils font des courses.<\/p>\n<\/li>\n<li>\n<p>Le feu arri\u00e8re du flic cens\u00e9 \u00eatre cass\u00e9 est intact \u00e0 la fin de la vid\u00e9o<\/p>\n<\/li>\n<\/ul>\n<p>C&rsquo;est juste la surface. Si vous plongez plus profond\u00e9ment, vous apprendrez que le filigrane du Bodycam n&rsquo;est pas correct et qu&rsquo;il n&rsquo;y a pas de ville de Sunny Springs en Floride.  <\/p>\n<h2 id=\"the-rage-bait-cinematic-universe-who-even-makes-these-videos\">L&rsquo;univers cin\u00e9matographique Rage-Bait: qui fait m\u00eame ces vid\u00e9os?<\/h2>\n<p>La description de la cha\u00eene dont la vid\u00e9o du juge provient, Declassified Bodycam, se lit <\/p>\n<p>Je ne trouve aucune vid\u00e9o sur cette cha\u00eene qui pr\u00e9sente de vraies s\u00e9quences; Le flic gifle le prince arrogant \u00e0 Ferrari et est suspendu, avocate noire vs flic arrogant, et le reste de ces vid\u00e9os sont fausses, \u00e0 moins que toutes ces rencontres se soient produites dans le parking du m\u00eame b\u00e2timent.<\/p>\n<p>Un peu plus profond\u00e9ment dans YouTube a r\u00e9v\u00e9l\u00e9 une tonne de ces vid\u00e9os de rage, de diff\u00e9rents cr\u00e9ateurs, avec des histoires diff\u00e9rentes. Nous avons obtenu des flics qui ont tir\u00e9 sur les agents du FBI, des flics harcelant les gens pour avoir enlev\u00e9 leurs chaussures dans le parc, et mon pr\u00e9f\u00e9r\u00e9: Dumb Cop Mess avec le mauvais agent du FBI dans l&rsquo;avion. Regardez ceci et essayez de ne pas rire: <\/p>\n<div class=\"mx-auto mt-8 w-full max-w-4xl aspect-video\">\n<div id=\"video-container-DDbG-EApbdw\"><\/div>\n<\/div>\n<p>J&rsquo;aime vraiment le s\u00e9rieux des cr\u00e9ateurs de cette vid\u00e9o. Cela me rappelle l&rsquo;incomp\u00e9tence d\u00e9lirante du roi du film B Ed Wood: Dieu les b\u00e9nisse, ils <em>essay\u00e9<\/em>. Mais c&rsquo;est <em>donc<\/em> Pas une cabine d&rsquo;avion. Et c&rsquo;est <em>donc<\/em> Pas un uniforme h\u00f4tesse de l&rsquo;air. C&rsquo;est <em>donc<\/em> Pas un agent du FBI. Et c&rsquo;est <em>donc<\/em> Pas comment les gens se parlent sur la plan\u00e8te Terre. Le m\u00eame faux plan a \u00e9galement \u00e9t\u00e9 utilis\u00e9 dans cette vid\u00e9o. <\/p>\n<div class=\"pogoClear relative my-10 border-b-(1.5px) border-t-(1.5px) border-dashed border-black py-5 sm:my-14 sm:border-0 sm:py-0\" data-ga-click data-ga-template=\"Opinions\" data-ga-module=\"openweb_widget\" data-ga-element=\"openweb_scroll\" data-ga-item=\"openweb_scroll_midpage\" x-cloak x-data=\"{ commentsCount: null, hasComments: false }\" x-init=\"commentsCount = await window.openweb.getMessagesCount(01JVNHKXZX8PSYRBH4JTM4GD4P);\n     hasComments = commentsCount !== null &amp;&amp; commentsCount &gt; 0\"><\/p>\n<div class=\"absolute top-1\/2 hidden w-full -translate-y-1\/2 border-t-(1.5px) border-dashed border-black sm:block\"><\/div>\n<div class=\"relative flex justify-center\">\n<div class=\"flex max-w-max items-center gap-x-3 bg-white px-5\">\n<div class=\"relative\">\n                <span class=\"absolute left-1\/2 top-1\/2 -translate-x-1\/2 -translate-y-1\/2 font-akshar text-sm font-medium text-black\" x-show=\"hasComments\" x-text=\"commentsCount\"><\/span><\/p>\n<p>                <svg class=\"h-8 w-8 text-black\">\n                    <use href=\"http:\/\/lifehacker.com\/images\/icons\/spritemap.svg#sprite-chat-bubble\"><\/use>\n                <\/svg>\n            <\/div>\n<p>            <span class=\"text-sm font-medium text-black\"><\/p>\n<p>                Que pensez-vous jusqu&rsquo;\u00e0 pr\u00e9sent?<br \/>\n                <button class=\"font-semibold text-brand-green underline hover:text-brand-green-700\" onclick=\"window.openweb.scrollToComments('01JVNHKXZX8PSYRBH4JTM4GD4P')\" x-text=\"hasComments ? 'Post a comment.' : 'Be the first to post a comment.'\"><\/button><br \/>\n            <\/span>\n        <\/div>\n<\/p><\/div>\n<\/div>\n<p>La vid\u00e9o \u00ab\u00a0COP contre juge\u00a0\u00bb est essentiellement un red\u00e9marrage d&rsquo;une vraie vid\u00e9o de la police de Floride tirant sur Aramis Ayala, le premier procureur d&rsquo;\u00c9tat \u00e9lu de la Floride, sans raison. Les comparer rend \u00e9vident \u00e0 quoi ressemble de v\u00e9ritables images de came de corps, par rapport \u00e0 Fake, mais souligne \u00e9galement pourquoi les gens sont attir\u00e9s par l&rsquo;Ersatz sur le v\u00e9ritable. Nous ne voyons pas ce qui arrive au vrai flic au-del\u00e0 de l&#8217;embarras momentan\u00e9. (Spoiler: rien.)<\/p>\n<h2 id=\"why-are-these-fakes-so-successful\">Pourquoi ces contrefa\u00e7ons sont-elles si r\u00e9ussies?<\/h2>\n<p>  J&rsquo;ai creus\u00e9 dans le sous-genre de fausses vid\u00e9os de confrontation, et ils semblent, comme les fausses vid\u00e9os politiques de confrontation que j&rsquo;ai publi\u00e9es la semaine derni\u00e8re, pour indiquer un d\u00e9sir collectif de justice. Les flics sont souvent des salauds, et nous voulons les voir faire face \u00e0 des cons\u00e9quences lorsqu&rsquo;ils font mal, il y a donc beaucoup de canaux populaires consacr\u00e9s aux vid\u00e9os illustrant. (Merci pour tous les divertissements gratuits bas\u00e9s sur des cames de corps, la police d&rsquo;Am\u00e9rique!) Mais de vraies confrontations polici\u00e8res sont g\u00e9n\u00e9ralement plus troubles que les contrefa\u00e7ons (peut-\u00eatre que les flics n&rsquo;auraient pas d\u00fb mal m\u00fbrir, mais le mec me semble ivre), et m\u00eame lorsque les flics sont clairement faux, toute \u00ab\u00a0conclusion\u00a0\u00bb \u00e0 ces histoires prend des ann\u00e9es de lutte l\u00e9gale. Les contrefa\u00e7ons, cependant? Justice instantan\u00e9e!<\/p>\n<h2 id=\"why-people-believe-in-fake-cop-videos\">Pourquoi les gens croient aux fausses vid\u00e9os de flic<\/h2>\n<p>La formule r\u00e9ussie de ces vid\u00e9os est un flic tirant quelqu&rsquo;un qui est \u00ab\u00a0plus \u00e9lev\u00e9\u00a0\u00bb dans la hi\u00e9rarchie de la justice qu&rsquo;un flic de la rue. De cette fa\u00e7on, la partie incrimin\u00e9e peut faire face \u00e0 un karma instantan\u00e9, au lieu de leur comeuppance \u00e0 venir des ann\u00e9es plus tard, dans un d\u00e9p\u00f4t l\u00e9gal que personne ne lira. Nous voulons qu&rsquo;un flic voyou appartienne \u00e0 un juge en robe pleine pendant que nous regardons. Nous voulons voir les bons gars <em>gagner<\/em>maintenant, et si cela ne va pas vraiment arriver, nous allons tirer la laine sur nos propres yeux. La vraie justice n&rsquo;est g\u00e9n\u00e9ralement pas excitante, c&rsquo;est un slog \u00e0 travers des couches de relativisme moral et de paperasse \u00e0 triple, mais les fausses frappes <em>dur<\/em>. Le plus grand cadeau que ces vid\u00e9os sont faux n&rsquo;est pas le mauvais dialogue ou la conception de production douteuse, c&rsquo;est \u00e0 quel point ils se sentent vrai.<\/p>\n<p>(Aussi: l&rsquo;uniforme h\u00f4tesse de l&rsquo;air.)<\/p>\n<p><script async src=\"\/\/www.tiktok.com\/embed.js\"><\/script><\/p>\n","protected":false},"excerpt":{"rendered":"<p>Non, un flic n&rsquo;a pas arr\u00eat\u00e9 un juge portant ses robes dans sa voiture. Allez. Une autre semaine, une autre vid\u00e9o \u00ab\u00a0Gotcha\u00a0\u00bb a d\u00e9mystifi\u00e9. Cette<\/p>\n","protected":false},"author":1,"featured_media":7668,"comment_status":"","ping_status":"","sticky":false,"template":"","format":"standard","meta":{"footnotes":""},"categories":[36],"tags":[206,7083,1046,14,2741,1348,2469,1189],"class_list":["post-7667","post","type-post","status-publish","format-standard","has-post-thumbnail","hentry","category-divertissement","tag-cette","tag-fausses","tag-gens","tag-les","tag-police","tag-semaine","tag-trompent","tag-videos","generate-columns","tablet-grid-50","mobile-grid-100","grid-parent","grid-33"],"yoast_head":"<!-- This site is optimized with the Yoast SEO plugin v24.0 - https:\/\/yoast.com\/wordpress\/plugins\/seo\/ -->\n<title>Ce que les gens se trompent cette semaine: fausses vid\u00e9os de la police de la police | Vie Associative<\/title>\n<meta name=\"robots\" content=\"index, follow, max-snippet:-1, max-image-preview:large, max-video-preview:-1\" \/>\n<link rel=\"canonical\" href=\"https:\/\/vieassociative.be\/actualites\/ce-que-les-gens-se-trompent-cette-semaine-fausses-videos-de-la-police-de-la-police\/\" \/>\n<meta property=\"og:locale\" content=\"fr_FR\" \/>\n<meta property=\"og:type\" content=\"article\" \/>\n<meta property=\"og:title\" content=\"Ce que les gens se trompent cette semaine: fausses vid\u00e9os de la police de la police | Vie Associative\" \/>\n<meta property=\"og:description\" content=\"Non, un flic n&rsquo;a pas arr\u00eat\u00e9 un juge portant ses robes dans sa voiture. Allez. Une autre semaine, une autre vid\u00e9o \u00ab\u00a0Gotcha\u00a0\u00bb a d\u00e9mystifi\u00e9. Cette\" \/>\n<meta property=\"og:url\" content=\"https:\/\/vieassociative.be\/actualites\/ce-que-les-gens-se-trompent-cette-semaine-fausses-videos-de-la-police-de-la-police\/\" \/>\n<meta property=\"og:site_name\" content=\"Vie Associative\" \/>\n<meta property=\"article:published_time\" content=\"2025-05-20T13:17:46+00:00\" \/>\n<meta property=\"og:image\" content=\"https:\/\/vieassociative.be\/actualites\/wp-content\/uploads\/2024\/09\/header_backgroundk-01-e1726694325946.png\" \/>\n\t<meta property=\"og:image:width\" content=\"279\" \/>\n\t<meta property=\"og:image:height\" content=\"92\" \/>\n\t<meta property=\"og:image:type\" content=\"image\/png\" \/>\n<meta name=\"author\" content=\"Julien\" \/>\n<meta name=\"twitter:card\" content=\"summary_large_image\" \/>\n<meta name=\"twitter:label1\" content=\"\u00c9crit par\" \/>\n\t<meta name=\"twitter:data1\" content=\"Julien\" \/>\n\t<meta name=\"twitter:label2\" content=\"Dur\u00e9e de lecture est.\" \/>\n\t<meta name=\"twitter:data2\" content=\"5 minutes\" \/>\n<script type=\"application\/ld+json\" class=\"yoast-schema-graph\">{\"@context\":\"https:\/\/schema.org\",\"@graph\":[{\"@type\":\"Article\",\"@id\":\"https:\/\/vieassociative.be\/actualites\/ce-que-les-gens-se-trompent-cette-semaine-fausses-videos-de-la-police-de-la-police\/#article\",\"isPartOf\":{\"@id\":\"https:\/\/vieassociative.be\/actualites\/ce-que-les-gens-se-trompent-cette-semaine-fausses-videos-de-la-police-de-la-police\/\"},\"author\":{\"name\":\"Julien\",\"@id\":\"https:\/\/vieassociative.be\/actualites\/#\/schema\/person\/b87ac4f82f9d4e7b7cec7395b679edc4\"},\"headline\":\"Ce que les gens se trompent cette semaine: fausses vid\u00e9os de la police de la police\",\"datePublished\":\"2025-05-20T13:17:46+00:00\",\"dateModified\":\"2025-05-20T13:17:46+00:00\",\"mainEntityOfPage\":{\"@id\":\"https:\/\/vieassociative.be\/actualites\/ce-que-les-gens-se-trompent-cette-semaine-fausses-videos-de-la-police-de-la-police\/\"},\"wordCount\":961,\"publisher\":{\"@id\":\"https:\/\/vieassociative.be\/actualites\/#organization\"},\"image\":{\"@id\":\"https:\/\/vieassociative.be\/actualites\/ce-que-les-gens-se-trompent-cette-semaine-fausses-videos-de-la-police-de-la-police\/#primaryimage\"},\"thumbnailUrl\":\"https:\/\/vieassociative.be\/actualites\/wp-content\/uploads\/2025\/05\/Ce-que-les-gens-se-trompent-cette-semaine-fausses-videos.jpg\",\"keywords\":[\"cette\",\"fausses\",\"gens\",\"Les\",\"police\",\"semaine\",\"trompent\",\"vid\u00e9os\"],\"articleSection\":[\"Divertissement\"],\"inLanguage\":\"fr-BE\"},{\"@type\":\"WebPage\",\"@id\":\"https:\/\/vieassociative.be\/actualites\/ce-que-les-gens-se-trompent-cette-semaine-fausses-videos-de-la-police-de-la-police\/\",\"url\":\"https:\/\/vieassociative.be\/actualites\/ce-que-les-gens-se-trompent-cette-semaine-fausses-videos-de-la-police-de-la-police\/\",\"name\":\"Ce que les gens se trompent cette semaine: fausses vid\u00e9os de la police de la police | Vie Associative\",\"isPartOf\":{\"@id\":\"https:\/\/vieassociative.be\/actualites\/#website\"},\"primaryImageOfPage\":{\"@id\":\"https:\/\/vieassociative.be\/actualites\/ce-que-les-gens-se-trompent-cette-semaine-fausses-videos-de-la-police-de-la-police\/#primaryimage\"},\"image\":{\"@id\":\"https:\/\/vieassociative.be\/actualites\/ce-que-les-gens-se-trompent-cette-semaine-fausses-videos-de-la-police-de-la-police\/#primaryimage\"},\"thumbnailUrl\":\"https:\/\/vieassociative.be\/actualites\/wp-content\/uploads\/2025\/05\/Ce-que-les-gens-se-trompent-cette-semaine-fausses-videos.jpg\",\"datePublished\":\"2025-05-20T13:17:46+00:00\",\"dateModified\":\"2025-05-20T13:17:46+00:00\",\"breadcrumb\":{\"@id\":\"https:\/\/vieassociative.be\/actualites\/ce-que-les-gens-se-trompent-cette-semaine-fausses-videos-de-la-police-de-la-police\/#breadcrumb\"},\"inLanguage\":\"fr-BE\",\"potentialAction\":[{\"@type\":\"ReadAction\",\"target\":[\"https:\/\/vieassociative.be\/actualites\/ce-que-les-gens-se-trompent-cette-semaine-fausses-videos-de-la-police-de-la-police\/\"]}]},{\"@type\":\"ImageObject\",\"inLanguage\":\"fr-BE\",\"@id\":\"https:\/\/vieassociative.be\/actualites\/ce-que-les-gens-se-trompent-cette-semaine-fausses-videos-de-la-police-de-la-police\/#primaryimage\",\"url\":\"https:\/\/vieassociative.be\/actualites\/wp-content\/uploads\/2025\/05\/Ce-que-les-gens-se-trompent-cette-semaine-fausses-videos.jpg\",\"contentUrl\":\"https:\/\/vieassociative.be\/actualites\/wp-content\/uploads\/2025\/05\/Ce-que-les-gens-se-trompent-cette-semaine-fausses-videos.jpg\",\"width\":1200,\"height\":675,\"caption\":\"Ce que les gens se trompent cette semaine: fausses vid\u00e9os de la police de la police\"},{\"@type\":\"BreadcrumbList\",\"@id\":\"https:\/\/vieassociative.be\/actualites\/ce-que-les-gens-se-trompent-cette-semaine-fausses-videos-de-la-police-de-la-police\/#breadcrumb\",\"itemListElement\":[{\"@type\":\"ListItem\",\"position\":1,\"name\":\"Accueil\",\"item\":\"https:\/\/vieassociative.be\/actualites\/\"},{\"@type\":\"ListItem\",\"position\":2,\"name\":\"Ce que les gens se trompent cette semaine: fausses vid\u00e9os de la police de la police\"}]},{\"@type\":\"WebSite\",\"@id\":\"https:\/\/vieassociative.be\/actualites\/#website\",\"url\":\"https:\/\/vieassociative.be\/actualites\/\",\"name\":\"Vie Associative\",\"description\":\"\",\"publisher\":{\"@id\":\"https:\/\/vieassociative.be\/actualites\/#organization\"},\"potentialAction\":[{\"@type\":\"SearchAction\",\"target\":{\"@type\":\"EntryPoint\",\"urlTemplate\":\"https:\/\/vieassociative.be\/actualites\/?s={search_term_string}\"},\"query-input\":{\"@type\":\"PropertyValueSpecification\",\"valueRequired\":true,\"valueName\":\"search_term_string\"}}],\"inLanguage\":\"fr-BE\"},{\"@type\":\"Organization\",\"@id\":\"https:\/\/vieassociative.be\/actualites\/#organization\",\"name\":\"Vie Associative\",\"url\":\"https:\/\/vieassociative.be\/actualites\/\",\"logo\":{\"@type\":\"ImageObject\",\"inLanguage\":\"fr-BE\",\"@id\":\"https:\/\/vieassociative.be\/actualites\/#\/schema\/logo\/image\/\",\"url\":\"https:\/\/vieassociative.be\/actualites\/wp-content\/uploads\/2024\/09\/cropped-vieassociative_favicon.ico.png\",\"contentUrl\":\"https:\/\/vieassociative.be\/actualites\/wp-content\/uploads\/2024\/09\/cropped-vieassociative_favicon.ico.png\",\"width\":512,\"height\":512,\"caption\":\"Vie Associative\"},\"image\":{\"@id\":\"https:\/\/vieassociative.be\/actualites\/#\/schema\/logo\/image\/\"}},{\"@type\":\"Person\",\"@id\":\"https:\/\/vieassociative.be\/actualites\/#\/schema\/person\/b87ac4f82f9d4e7b7cec7395b679edc4\",\"name\":\"Julien\",\"image\":{\"@type\":\"ImageObject\",\"inLanguage\":\"fr-BE\",\"@id\":\"https:\/\/vieassociative.be\/actualites\/#\/schema\/person\/image\/\",\"url\":\"https:\/\/vieassociative.be\/actualites\/wp-content\/uploads\/2024\/09\/vie-associative-1-150x150.jpg\",\"contentUrl\":\"https:\/\/vieassociative.be\/actualites\/wp-content\/uploads\/2024\/09\/vie-associative-1-150x150.jpg\",\"caption\":\"Julien\"},\"description\":\"Je suis Julien, r\u00e9dacteur pour Vie Associative. Passionn\u00e9 par le monde associatif depuis plus de 10 ans, j'ai \u00e0 c\u0153ur de partager des histoires inspirantes et de mettre en lumi\u00e8re les initiatives locales. Mon objectif est de sensibiliser et d'encourager l'engagement communautaire \u00e0 travers mes articles.\",\"sameAs\":[\"https:\/\/vieassociative.be\/\"]}]}<\/script>\n<!-- \/ Yoast SEO plugin. -->","yoast_head_json":{"title":"Ce que les gens se trompent cette semaine: fausses vid\u00e9os de la police de la police | Vie Associative","robots":{"index":"index","follow":"follow","max-snippet":"max-snippet:-1","max-image-preview":"max-image-preview:large","max-video-preview":"max-video-preview:-1"},"canonical":"https:\/\/vieassociative.be\/actualites\/ce-que-les-gens-se-trompent-cette-semaine-fausses-videos-de-la-police-de-la-police\/","og_locale":"fr_FR","og_type":"article","og_title":"Ce que les gens se trompent cette semaine: fausses vid\u00e9os de la police de la police | Vie Associative","og_description":"Non, un flic n&rsquo;a pas arr\u00eat\u00e9 un juge portant ses robes dans sa voiture. Allez. Une autre semaine, une autre vid\u00e9o \u00ab\u00a0Gotcha\u00a0\u00bb a d\u00e9mystifi\u00e9. Cette","og_url":"https:\/\/vieassociative.be\/actualites\/ce-que-les-gens-se-trompent-cette-semaine-fausses-videos-de-la-police-de-la-police\/","og_site_name":"Vie Associative","article_published_time":"2025-05-20T13:17:46+00:00","og_image":[{"width":279,"height":92,"url":"https:\/\/vieassociative.be\/actualites\/wp-content\/uploads\/2024\/09\/header_backgroundk-01-e1726694325946.png","type":"image\/png"}],"author":"Julien","twitter_card":"summary_large_image","twitter_misc":{"\u00c9crit par":"Julien","Dur\u00e9e de lecture est.":"5 minutes"},"schema":{"@context":"https:\/\/schema.org","@graph":[{"@type":"Article","@id":"https:\/\/vieassociative.be\/actualites\/ce-que-les-gens-se-trompent-cette-semaine-fausses-videos-de-la-police-de-la-police\/#article","isPartOf":{"@id":"https:\/\/vieassociative.be\/actualites\/ce-que-les-gens-se-trompent-cette-semaine-fausses-videos-de-la-police-de-la-police\/"},"author":{"name":"Julien","@id":"https:\/\/vieassociative.be\/actualites\/#\/schema\/person\/b87ac4f82f9d4e7b7cec7395b679edc4"},"headline":"Ce que les gens se trompent cette semaine: fausses vid\u00e9os de la police de la police","datePublished":"2025-05-20T13:17:46+00:00","dateModified":"2025-05-20T13:17:46+00:00","mainEntityOfPage":{"@id":"https:\/\/vieassociative.be\/actualites\/ce-que-les-gens-se-trompent-cette-semaine-fausses-videos-de-la-police-de-la-police\/"},"wordCount":961,"publisher":{"@id":"https:\/\/vieassociative.be\/actualites\/#organization"},"image":{"@id":"https:\/\/vieassociative.be\/actualites\/ce-que-les-gens-se-trompent-cette-semaine-fausses-videos-de-la-police-de-la-police\/#primaryimage"},"thumbnailUrl":"https:\/\/vieassociative.be\/actualites\/wp-content\/uploads\/2025\/05\/Ce-que-les-gens-se-trompent-cette-semaine-fausses-videos.jpg","keywords":["cette","fausses","gens","Les","police","semaine","trompent","vid\u00e9os"],"articleSection":["Divertissement"],"inLanguage":"fr-BE"},{"@type":"WebPage","@id":"https:\/\/vieassociative.be\/actualites\/ce-que-les-gens-se-trompent-cette-semaine-fausses-videos-de-la-police-de-la-police\/","url":"https:\/\/vieassociative.be\/actualites\/ce-que-les-gens-se-trompent-cette-semaine-fausses-videos-de-la-police-de-la-police\/","name":"Ce que les gens se trompent cette semaine: fausses vid\u00e9os de la police de la police | Vie Associative","isPartOf":{"@id":"https:\/\/vieassociative.be\/actualites\/#website"},"primaryImageOfPage":{"@id":"https:\/\/vieassociative.be\/actualites\/ce-que-les-gens-se-trompent-cette-semaine-fausses-videos-de-la-police-de-la-police\/#primaryimage"},"image":{"@id":"https:\/\/vieassociative.be\/actualites\/ce-que-les-gens-se-trompent-cette-semaine-fausses-videos-de-la-police-de-la-police\/#primaryimage"},"thumbnailUrl":"https:\/\/vieassociative.be\/actualites\/wp-content\/uploads\/2025\/05\/Ce-que-les-gens-se-trompent-cette-semaine-fausses-videos.jpg","datePublished":"2025-05-20T13:17:46+00:00","dateModified":"2025-05-20T13:17:46+00:00","breadcrumb":{"@id":"https:\/\/vieassociative.be\/actualites\/ce-que-les-gens-se-trompent-cette-semaine-fausses-videos-de-la-police-de-la-police\/#breadcrumb"},"inLanguage":"fr-BE","potentialAction":[{"@type":"ReadAction","target":["https:\/\/vieassociative.be\/actualites\/ce-que-les-gens-se-trompent-cette-semaine-fausses-videos-de-la-police-de-la-police\/"]}]},{"@type":"ImageObject","inLanguage":"fr-BE","@id":"https:\/\/vieassociative.be\/actualites\/ce-que-les-gens-se-trompent-cette-semaine-fausses-videos-de-la-police-de-la-police\/#primaryimage","url":"https:\/\/vieassociative.be\/actualites\/wp-content\/uploads\/2025\/05\/Ce-que-les-gens-se-trompent-cette-semaine-fausses-videos.jpg","contentUrl":"https:\/\/vieassociative.be\/actualites\/wp-content\/uploads\/2025\/05\/Ce-que-les-gens-se-trompent-cette-semaine-fausses-videos.jpg","width":1200,"height":675,"caption":"Ce que les gens se trompent cette semaine: fausses vid\u00e9os de la police de la police"},{"@type":"BreadcrumbList","@id":"https:\/\/vieassociative.be\/actualites\/ce-que-les-gens-se-trompent-cette-semaine-fausses-videos-de-la-police-de-la-police\/#breadcrumb","itemListElement":[{"@type":"ListItem","position":1,"name":"Accueil","item":"https:\/\/vieassociative.be\/actualites\/"},{"@type":"ListItem","position":2,"name":"Ce que les gens se trompent cette semaine: fausses vid\u00e9os de la police de la police"}]},{"@type":"WebSite","@id":"https:\/\/vieassociative.be\/actualites\/#website","url":"https:\/\/vieassociative.be\/actualites\/","name":"Vie Associative","description":"","publisher":{"@id":"https:\/\/vieassociative.be\/actualites\/#organization"},"potentialAction":[{"@type":"SearchAction","target":{"@type":"EntryPoint","urlTemplate":"https:\/\/vieassociative.be\/actualites\/?s={search_term_string}"},"query-input":{"@type":"PropertyValueSpecification","valueRequired":true,"valueName":"search_term_string"}}],"inLanguage":"fr-BE"},{"@type":"Organization","@id":"https:\/\/vieassociative.be\/actualites\/#organization","name":"Vie Associative","url":"https:\/\/vieassociative.be\/actualites\/","logo":{"@type":"ImageObject","inLanguage":"fr-BE","@id":"https:\/\/vieassociative.be\/actualites\/#\/schema\/logo\/image\/","url":"https:\/\/vieassociative.be\/actualites\/wp-content\/uploads\/2024\/09\/cropped-vieassociative_favicon.ico.png","contentUrl":"https:\/\/vieassociative.be\/actualites\/wp-content\/uploads\/2024\/09\/cropped-vieassociative_favicon.ico.png","width":512,"height":512,"caption":"Vie Associative"},"image":{"@id":"https:\/\/vieassociative.be\/actualites\/#\/schema\/logo\/image\/"}},{"@type":"Person","@id":"https:\/\/vieassociative.be\/actualites\/#\/schema\/person\/b87ac4f82f9d4e7b7cec7395b679edc4","name":"Julien","image":{"@type":"ImageObject","inLanguage":"fr-BE","@id":"https:\/\/vieassociative.be\/actualites\/#\/schema\/person\/image\/","url":"https:\/\/vieassociative.be\/actualites\/wp-content\/uploads\/2024\/09\/vie-associative-1-150x150.jpg","contentUrl":"https:\/\/vieassociative.be\/actualites\/wp-content\/uploads\/2024\/09\/vie-associative-1-150x150.jpg","caption":"Julien"},"description":"Je suis Julien, r\u00e9dacteur pour Vie Associative. Passionn\u00e9 par le monde associatif depuis plus de 10 ans, j'ai \u00e0 c\u0153ur de partager des histoires inspirantes et de mettre en lumi\u00e8re les initiatives locales. Mon objectif est de sensibiliser et d'encourager l'engagement communautaire \u00e0 travers mes articles.","sameAs":["https:\/\/vieassociative.be\/"]}]}},"_links":{"self":[{"href":"https:\/\/vieassociative.be\/actualites\/wp-json\/wp\/v2\/posts\/7667"}],"collection":[{"href":"https:\/\/vieassociative.be\/actualites\/wp-json\/wp\/v2\/posts"}],"about":[{"href":"https:\/\/vieassociative.be\/actualites\/wp-json\/wp\/v2\/types\/post"}],"author":[{"embeddable":true,"href":"https:\/\/vieassociative.be\/actualites\/wp-json\/wp\/v2\/users\/1"}],"replies":[{"embeddable":true,"href":"https:\/\/vieassociative.be\/actualites\/wp-json\/wp\/v2\/comments?post=7667"}],"version-history":[{"count":0,"href":"https:\/\/vieassociative.be\/actualites\/wp-json\/wp\/v2\/posts\/7667\/revisions"}],"wp:featuredmedia":[{"embeddable":true,"href":"https:\/\/vieassociative.be\/actualites\/wp-json\/wp\/v2\/media\/7668"}],"wp:attachment":[{"href":"https:\/\/vieassociative.be\/actualites\/wp-json\/wp\/v2\/media?parent=7667"}],"wp:term":[{"taxonomy":"category","embeddable":true,"href":"https:\/\/vieassociative.be\/actualites\/wp-json\/wp\/v2\/categories?post=7667"},{"taxonomy":"post_tag","embeddable":true,"href":"https:\/\/vieassociative.be\/actualites\/wp-json\/wp\/v2\/tags?post=7667"}],"curies":[{"name":"wp","href":"https:\/\/api.w.org\/{rel}","templated":true}]}}