{"id":7665,"date":"2025-05-20T09:18:19","date_gmt":"2025-05-20T07:18:19","guid":{"rendered":"https:\/\/vieassociative.be\/actualites\/quoi-de-neuf-avec-le-telephone-invisible-de-tiktok\/"},"modified":"2025-05-20T09:18:19","modified_gmt":"2025-05-20T07:18:19","slug":"quoi-de-neuf-avec-le-telephone-invisible-de-tiktok","status":"publish","type":"post","link":"https:\/\/vieassociative.be\/actualites\/quoi-de-neuf-avec-le-telephone-invisible-de-tiktok\/","title":{"rendered":"Quoi de neuf avec le \u00abt\u00e9l\u00e9phone invisible\u00bb de Tiktok?"},"content":{"rendered":"<div class=\"mt-4 leading-6 md:mb-8\">Ne croyez rien que vous voyez sur Tiktok.<\/div>\n<p><\/p>\n<p>Plus t\u00f4t cette semaine, l&rsquo;utilisateur de Tiktok Catgpt a publi\u00e9 une vid\u00e9o d&rsquo;une femme en ligne dans un magasin en faisant d\u00e9faut sur un t\u00e9l\u00e9phone compl\u00e8tement transparent. La l\u00e9gende se lit comme \u00ab\u00a0Je suis d\u00e9sol\u00e9, wtf est-ce ???\u00a0\u00bb V\u00e9rifiez-le:<\/p>\n<blockquote class=\"tiktokEmbed tiktok-embed\" data-video-id=\"7504372418161560878\" style=\"max-width: 605px;min-width: 325px;\">\n<section><\/section>\n<\/blockquote>\n<p>La vid\u00e9o a rapidement d\u00e9coll\u00e9, avec plus de 52 millions de personnes qui l&rsquo;ont vu sur Tiktok en seulement quatre jours. <\/p>\n<p>Alors wtf est-ce? Un technicien brisant avec d\u00e9sinvolture une NDA en basculant ouvertement un t\u00e9l\u00e9phone transparent prototype? Le nouveau \u00ab\u00a0Plex de Nokia\u00a0\u00bb (comme le haut commentaire le sugg\u00e8re)? Un voyageur temporel occasionnel pris en cours? <\/p>\n<h2 id=\"the-real-story-behind-the-transparent-phone\">La vraie histoire derri\u00e8re le \u00ab\u00a0t\u00e9l\u00e9phone transparent\u00a0\u00bb<\/h2>\n<p>D\u00e9sol\u00e9, ce n&rsquo;est rien de ce qui pr\u00e9c\u00e8de. C&rsquo;est exactement \u00e0 quoi il ressemble: un morceau d&rsquo;acrylique transparent en forme de t\u00e9l\u00e9phone. Plus pr\u00e9cis\u00e9ment, c&rsquo;est un \u00abm\u00e9thaphone\u00bb. L&rsquo;id\u00e9e est que les personnes qui d\u00e9pendent de leurs appareils pourraient \u00eatre apais\u00e9es par une dalle de t\u00e9l\u00e9phone.<\/p>\n<p>\u00ab\u00a0Si nous sommes tous tellement accro \u00e0 nos t\u00e9l\u00e9phones\u00a0\u00bb, dit Catgpt dans une vid\u00e9o de suivi, \u00ab\u00a0pourriez-vous potentiellement limiter la d\u00e9pendance de quelqu&rsquo;un en rempla\u00e7ant la sensation d&rsquo;avoir un t\u00e9l\u00e9phone dans votre poche avec quelque chose qui se sent exactement la m\u00eame?\u00a0\u00bb<\/p>\n<p>Si vous pensez: \u00ab\u00a0Eh bien, non\u00a0\u00bb, vous n&rsquo;\u00eates pas seul. Le consensus g\u00e9n\u00e9ral est \u00ab\u00a0This Is Dumb\u00a0\u00bb, et Catgpt elle-m\u00eame confirme dans sa vid\u00e9o: \u00ab\u00a0Ai-je utilis\u00e9 mon t\u00e9l\u00e9phone moins toute la semaine que j&rsquo;ai port\u00e9 ceci? Probablement pas.\u00a0\u00bb <\/p>\n<p>Elle poursuit en disant que cela stimulait de toute fa\u00e7on et que l&rsquo;appareil est actuellement \u00e9puis\u00e9. Si vous voulez votre propre m\u00e9thaphone pour une raison quelconque, voici le lien, <\/p>\n<div class=\"pogoClear relative my-10 border-b-(1.5px) border-t-(1.5px) border-dashed border-black py-5 sm:my-14 sm:border-0 sm:py-0\" data-ga-click data-ga-template=\"Opinions\" data-ga-module=\"openweb_widget\" data-ga-element=\"openweb_scroll\" data-ga-item=\"openweb_scroll_midpage\" x-cloak x-data=\"{ commentsCount: null, hasComments: false }\" x-init=\"commentsCount = await window.openweb.getMessagesCount(01JVN26FR8463QRJMNDZCN6D4H);\n     hasComments = commentsCount !== null &amp;&amp; commentsCount &gt; 0\"><\/p>\n<div class=\"absolute top-1\/2 hidden w-full -translate-y-1\/2 border-t-(1.5px) border-dashed border-black sm:block\"><\/div>\n<div class=\"relative flex justify-center\">\n<div class=\"flex max-w-max items-center gap-x-3 bg-white px-5\">\n<div class=\"relative\">\n                <span class=\"absolute left-1\/2 top-1\/2 -translate-x-1\/2 -translate-y-1\/2 font-akshar text-sm font-medium text-black\" x-show=\"hasComments\" x-text=\"commentsCount\"><\/span><\/p>\n<p>                <svg class=\"h-8 w-8 text-black\">\n                    <use href=\"http:\/\/lifehacker.com\/images\/icons\/spritemap.svg#sprite-chat-bubble\"><\/use>\n                <\/svg>\n            <\/div>\n<p>            <span class=\"text-sm font-medium text-black\"><\/p>\n<p>                Que pensez-vous jusqu&rsquo;\u00e0 pr\u00e9sent?<br \/>\n                <button class=\"font-semibold text-brand-green underline hover:text-brand-green-700\" onclick=\"window.openweb.scrollToComments('01JVN26FR8463QRJMNDZCN6D4H')\" x-text=\"hasComments ? 'Post a comment.' : 'Be the first to post a comment.'\"><\/button><br \/>\n            <\/span>\n        <\/div>\n<\/p><\/div>\n<\/div>\n<h2 id=\"will-we-ever-have-real-transparent-phones\">Aurons-nous jamais de vrais t\u00e9l\u00e9phones transparents?<\/h2>\n<p>Bien que Catgpt classe les opinions sur sa vid\u00e9o comme des preuves que les gens se sentent ali\u00e9n\u00e9s par leurs appareils, je pense que la vraie raison pour laquelle il est devenu viral est que les gens pensent qu&rsquo;un t\u00e9l\u00e9phone transparent serait assez cool. Il aurait \u00e9galement des utilisations int\u00e9ressantes, en particulier en termes de r\u00e9alit\u00e9 augment\u00e9e, mais les t\u00e9l\u00e9phones clairs semblent peu susceptibles d&rsquo;\u00eatre une chose de si t\u00f4t. <\/p>\n<p>Vous pouvez d\u00e9j\u00e0 acheter une t\u00e9l\u00e9vision transparente. Le dernier CES comportait plus d&rsquo;un \u00e9cran d&rsquo;affichage transparent. Des batteries transparentes existent. Samsung enregistre des brevets li\u00e9s aux t\u00e9l\u00e9phones transparents depuis au moins la derni\u00e8re d\u00e9cennie. Mais mettre un t\u00e9l\u00e9phone transparent sur le march\u00e9 signifierait faire <em>tous<\/em> Les composants transparents, ce qui est probablement impossible, et si ce n&rsquo;est pas le cas, il serait tr\u00e8s cher: ce Glass TV co\u00fbte 60 000 $. <\/p>\n<p>De plus, vous le perdriez le premier jour et ne le retrouveriez plus jamais. <\/p>\n<h2 id=\"how-to-replace-your-cellphone-without-paying-25\">Comment remplacer votre t\u00e9l\u00e9phone portable sans payer 25 $<\/h2>\n<p>Si vous \u00eates intrigu\u00e9 par l&rsquo;id\u00e9e de remplacer votre combin\u00e9 par quelque chose qui ressemble \u00e0 un combin\u00e9, voici quelques suggestions qui valent mieux qu&rsquo;un m\u00e9thaphone:<\/p>\n<ol>\n<li>\n<p><strong>Un vieux t\u00e9l\u00e9phone portable<\/strong>: Je suis s\u00fbr que vous avez des combin\u00e9s plus anciens dans votre maison qui sont en permanence sombres. Portez-le avec vous.<\/p>\n<\/li>\n<li>\n<p><strong>Une batterie<\/strong>: De nombreuses batteries de charge ont \u00e0 peu pr\u00e8s la taille d&rsquo;un t\u00e9l\u00e9phone, et vous pouvez les utiliser pour charger votre t\u00e9l\u00e9phone lorsque vous avez fini de pr\u00e9tendre que vous ne vous souciez pas de votre t\u00e9l\u00e9phone.<\/p>\n<\/li>\n<li>\n<p><strong>Un cahier:<\/strong> Lorsqu&rsquo;il est associ\u00e9 \u00e0 un stylo, un petit cahier peut \u00eatre utilis\u00e9 pour l&rsquo;\u00e9criture et le dessin.<\/p>\n<\/li>\n<li>\n<p><strong>Un jeu de cartes<\/strong>: Contrairement \u00e0 un m\u00e9thaphone, les cartes ont des jeux int\u00e9gr\u00e9s, \u00e0 la fois en solo et en multijoueur, et ont m\u00eame une photo int\u00e9gr\u00e9e \u00e0 l&rsquo;avant. <\/p>\n<\/li>\n<\/ol>\n<p><script async src=\"\/\/www.tiktok.com\/embed.js\"><\/script><\/p>\n","protected":false},"excerpt":{"rendered":"<p>Ne croyez rien que vous voyez sur Tiktok. Plus t\u00f4t cette semaine, l&rsquo;utilisateur de Tiktok Catgpt a publi\u00e9 une vid\u00e9o d&rsquo;une femme en ligne dans<\/p>\n","protected":false},"author":1,"featured_media":7666,"comment_status":"","ping_status":"","sticky":false,"template":"","format":"standard","meta":{"footnotes":""},"categories":[13],"tags":[61,7082,437,202,542,75],"class_list":["post-7665","post","type-post","status-publish","format-standard","has-post-thumbnail","hentry","category-technologie","tag-avec","tag-invisible","tag-neuf","tag-quoi","tag-telephone","tag-tiktok","generate-columns","tablet-grid-50","mobile-grid-100","grid-parent","grid-33"],"yoast_head":"<!-- This site is optimized with the Yoast SEO plugin v24.0 - https:\/\/yoast.com\/wordpress\/plugins\/seo\/ -->\n<title>Quoi de neuf avec le \u00abt\u00e9l\u00e9phone invisible\u00bb de Tiktok? | Vie Associative<\/title>\n<meta name=\"robots\" content=\"index, follow, max-snippet:-1, max-image-preview:large, max-video-preview:-1\" \/>\n<link rel=\"canonical\" href=\"https:\/\/vieassociative.be\/actualites\/quoi-de-neuf-avec-le-telephone-invisible-de-tiktok\/\" \/>\n<meta property=\"og:locale\" content=\"fr_FR\" \/>\n<meta property=\"og:type\" content=\"article\" \/>\n<meta property=\"og:title\" content=\"Quoi de neuf avec le \u00abt\u00e9l\u00e9phone invisible\u00bb de Tiktok? | Vie Associative\" \/>\n<meta property=\"og:description\" content=\"Ne croyez rien que vous voyez sur Tiktok. Plus t\u00f4t cette semaine, l&rsquo;utilisateur de Tiktok Catgpt a publi\u00e9 une vid\u00e9o d&rsquo;une femme en ligne dans\" \/>\n<meta property=\"og:url\" content=\"https:\/\/vieassociative.be\/actualites\/quoi-de-neuf-avec-le-telephone-invisible-de-tiktok\/\" \/>\n<meta property=\"og:site_name\" content=\"Vie Associative\" \/>\n<meta property=\"article:published_time\" content=\"2025-05-20T07:18:19+00:00\" \/>\n<meta property=\"og:image\" content=\"https:\/\/vieassociative.be\/actualites\/wp-content\/uploads\/2024\/09\/header_backgroundk-01-e1726694325946.png\" \/>\n\t<meta property=\"og:image:width\" content=\"279\" \/>\n\t<meta property=\"og:image:height\" content=\"92\" \/>\n\t<meta property=\"og:image:type\" content=\"image\/png\" \/>\n<meta name=\"author\" content=\"Julien\" \/>\n<meta name=\"twitter:card\" content=\"summary_large_image\" \/>\n<meta name=\"twitter:label1\" content=\"\u00c9crit par\" \/>\n\t<meta name=\"twitter:data1\" content=\"Julien\" \/>\n\t<meta name=\"twitter:label2\" content=\"Dur\u00e9e de lecture est.\" \/>\n\t<meta name=\"twitter:data2\" content=\"3 minutes\" \/>\n<script type=\"application\/ld+json\" class=\"yoast-schema-graph\">{\"@context\":\"https:\/\/schema.org\",\"@graph\":[{\"@type\":\"Article\",\"@id\":\"https:\/\/vieassociative.be\/actualites\/quoi-de-neuf-avec-le-telephone-invisible-de-tiktok\/#article\",\"isPartOf\":{\"@id\":\"https:\/\/vieassociative.be\/actualites\/quoi-de-neuf-avec-le-telephone-invisible-de-tiktok\/\"},\"author\":{\"name\":\"Julien\",\"@id\":\"https:\/\/vieassociative.be\/actualites\/#\/schema\/person\/b87ac4f82f9d4e7b7cec7395b679edc4\"},\"headline\":\"Quoi de neuf avec le \u00abt\u00e9l\u00e9phone invisible\u00bb de Tiktok?\",\"datePublished\":\"2025-05-20T07:18:19+00:00\",\"dateModified\":\"2025-05-20T07:18:19+00:00\",\"mainEntityOfPage\":{\"@id\":\"https:\/\/vieassociative.be\/actualites\/quoi-de-neuf-avec-le-telephone-invisible-de-tiktok\/\"},\"wordCount\":692,\"publisher\":{\"@id\":\"https:\/\/vieassociative.be\/actualites\/#organization\"},\"image\":{\"@id\":\"https:\/\/vieassociative.be\/actualites\/quoi-de-neuf-avec-le-telephone-invisible-de-tiktok\/#primaryimage\"},\"thumbnailUrl\":\"https:\/\/vieassociative.be\/actualites\/wp-content\/uploads\/2025\/05\/Quoi-de-neuf-avec-le-telephone-invisible-de-Tiktok.jpg\",\"keywords\":[\"avec\",\"invisible\",\"Neuf\",\"quoi\",\"t\u00e9l\u00e9phone\",\"TikTok\"],\"articleSection\":[\"Technologie\"],\"inLanguage\":\"fr-BE\"},{\"@type\":\"WebPage\",\"@id\":\"https:\/\/vieassociative.be\/actualites\/quoi-de-neuf-avec-le-telephone-invisible-de-tiktok\/\",\"url\":\"https:\/\/vieassociative.be\/actualites\/quoi-de-neuf-avec-le-telephone-invisible-de-tiktok\/\",\"name\":\"Quoi de neuf avec le \u00abt\u00e9l\u00e9phone invisible\u00bb de Tiktok? | Vie Associative\",\"isPartOf\":{\"@id\":\"https:\/\/vieassociative.be\/actualites\/#website\"},\"primaryImageOfPage\":{\"@id\":\"https:\/\/vieassociative.be\/actualites\/quoi-de-neuf-avec-le-telephone-invisible-de-tiktok\/#primaryimage\"},\"image\":{\"@id\":\"https:\/\/vieassociative.be\/actualites\/quoi-de-neuf-avec-le-telephone-invisible-de-tiktok\/#primaryimage\"},\"thumbnailUrl\":\"https:\/\/vieassociative.be\/actualites\/wp-content\/uploads\/2025\/05\/Quoi-de-neuf-avec-le-telephone-invisible-de-Tiktok.jpg\",\"datePublished\":\"2025-05-20T07:18:19+00:00\",\"dateModified\":\"2025-05-20T07:18:19+00:00\",\"breadcrumb\":{\"@id\":\"https:\/\/vieassociative.be\/actualites\/quoi-de-neuf-avec-le-telephone-invisible-de-tiktok\/#breadcrumb\"},\"inLanguage\":\"fr-BE\",\"potentialAction\":[{\"@type\":\"ReadAction\",\"target\":[\"https:\/\/vieassociative.be\/actualites\/quoi-de-neuf-avec-le-telephone-invisible-de-tiktok\/\"]}]},{\"@type\":\"ImageObject\",\"inLanguage\":\"fr-BE\",\"@id\":\"https:\/\/vieassociative.be\/actualites\/quoi-de-neuf-avec-le-telephone-invisible-de-tiktok\/#primaryimage\",\"url\":\"https:\/\/vieassociative.be\/actualites\/wp-content\/uploads\/2025\/05\/Quoi-de-neuf-avec-le-telephone-invisible-de-Tiktok.jpg\",\"contentUrl\":\"https:\/\/vieassociative.be\/actualites\/wp-content\/uploads\/2025\/05\/Quoi-de-neuf-avec-le-telephone-invisible-de-Tiktok.jpg\",\"width\":1200,\"height\":675,\"caption\":\"Quoi de neuf avec le \u00abt\u00e9l\u00e9phone invisible\u00bb de Tiktok?\"},{\"@type\":\"BreadcrumbList\",\"@id\":\"https:\/\/vieassociative.be\/actualites\/quoi-de-neuf-avec-le-telephone-invisible-de-tiktok\/#breadcrumb\",\"itemListElement\":[{\"@type\":\"ListItem\",\"position\":1,\"name\":\"Accueil\",\"item\":\"https:\/\/vieassociative.be\/actualites\/\"},{\"@type\":\"ListItem\",\"position\":2,\"name\":\"Quoi de neuf avec le \u00abt\u00e9l\u00e9phone invisible\u00bb de Tiktok?\"}]},{\"@type\":\"WebSite\",\"@id\":\"https:\/\/vieassociative.be\/actualites\/#website\",\"url\":\"https:\/\/vieassociative.be\/actualites\/\",\"name\":\"Vie Associative\",\"description\":\"\",\"publisher\":{\"@id\":\"https:\/\/vieassociative.be\/actualites\/#organization\"},\"potentialAction\":[{\"@type\":\"SearchAction\",\"target\":{\"@type\":\"EntryPoint\",\"urlTemplate\":\"https:\/\/vieassociative.be\/actualites\/?s={search_term_string}\"},\"query-input\":{\"@type\":\"PropertyValueSpecification\",\"valueRequired\":true,\"valueName\":\"search_term_string\"}}],\"inLanguage\":\"fr-BE\"},{\"@type\":\"Organization\",\"@id\":\"https:\/\/vieassociative.be\/actualites\/#organization\",\"name\":\"Vie Associative\",\"url\":\"https:\/\/vieassociative.be\/actualites\/\",\"logo\":{\"@type\":\"ImageObject\",\"inLanguage\":\"fr-BE\",\"@id\":\"https:\/\/vieassociative.be\/actualites\/#\/schema\/logo\/image\/\",\"url\":\"https:\/\/vieassociative.be\/actualites\/wp-content\/uploads\/2024\/09\/cropped-vieassociative_favicon.ico.png\",\"contentUrl\":\"https:\/\/vieassociative.be\/actualites\/wp-content\/uploads\/2024\/09\/cropped-vieassociative_favicon.ico.png\",\"width\":512,\"height\":512,\"caption\":\"Vie Associative\"},\"image\":{\"@id\":\"https:\/\/vieassociative.be\/actualites\/#\/schema\/logo\/image\/\"}},{\"@type\":\"Person\",\"@id\":\"https:\/\/vieassociative.be\/actualites\/#\/schema\/person\/b87ac4f82f9d4e7b7cec7395b679edc4\",\"name\":\"Julien\",\"image\":{\"@type\":\"ImageObject\",\"inLanguage\":\"fr-BE\",\"@id\":\"https:\/\/vieassociative.be\/actualites\/#\/schema\/person\/image\/\",\"url\":\"https:\/\/vieassociative.be\/actualites\/wp-content\/uploads\/2024\/09\/vie-associative-1-150x150.jpg\",\"contentUrl\":\"https:\/\/vieassociative.be\/actualites\/wp-content\/uploads\/2024\/09\/vie-associative-1-150x150.jpg\",\"caption\":\"Julien\"},\"description\":\"Je suis Julien, r\u00e9dacteur pour Vie Associative. Passionn\u00e9 par le monde associatif depuis plus de 10 ans, j'ai \u00e0 c\u0153ur de partager des histoires inspirantes et de mettre en lumi\u00e8re les initiatives locales. Mon objectif est de sensibiliser et d'encourager l'engagement communautaire \u00e0 travers mes articles.\",\"sameAs\":[\"https:\/\/vieassociative.be\/\"]}]}<\/script>\n<!-- \/ Yoast SEO plugin. -->","yoast_head_json":{"title":"Quoi de neuf avec le \u00abt\u00e9l\u00e9phone invisible\u00bb de Tiktok? | Vie Associative","robots":{"index":"index","follow":"follow","max-snippet":"max-snippet:-1","max-image-preview":"max-image-preview:large","max-video-preview":"max-video-preview:-1"},"canonical":"https:\/\/vieassociative.be\/actualites\/quoi-de-neuf-avec-le-telephone-invisible-de-tiktok\/","og_locale":"fr_FR","og_type":"article","og_title":"Quoi de neuf avec le \u00abt\u00e9l\u00e9phone invisible\u00bb de Tiktok? | Vie Associative","og_description":"Ne croyez rien que vous voyez sur Tiktok. Plus t\u00f4t cette semaine, l&rsquo;utilisateur de Tiktok Catgpt a publi\u00e9 une vid\u00e9o d&rsquo;une femme en ligne dans","og_url":"https:\/\/vieassociative.be\/actualites\/quoi-de-neuf-avec-le-telephone-invisible-de-tiktok\/","og_site_name":"Vie Associative","article_published_time":"2025-05-20T07:18:19+00:00","og_image":[{"width":279,"height":92,"url":"https:\/\/vieassociative.be\/actualites\/wp-content\/uploads\/2024\/09\/header_backgroundk-01-e1726694325946.png","type":"image\/png"}],"author":"Julien","twitter_card":"summary_large_image","twitter_misc":{"\u00c9crit par":"Julien","Dur\u00e9e de lecture est.":"3 minutes"},"schema":{"@context":"https:\/\/schema.org","@graph":[{"@type":"Article","@id":"https:\/\/vieassociative.be\/actualites\/quoi-de-neuf-avec-le-telephone-invisible-de-tiktok\/#article","isPartOf":{"@id":"https:\/\/vieassociative.be\/actualites\/quoi-de-neuf-avec-le-telephone-invisible-de-tiktok\/"},"author":{"name":"Julien","@id":"https:\/\/vieassociative.be\/actualites\/#\/schema\/person\/b87ac4f82f9d4e7b7cec7395b679edc4"},"headline":"Quoi de neuf avec le \u00abt\u00e9l\u00e9phone invisible\u00bb de Tiktok?","datePublished":"2025-05-20T07:18:19+00:00","dateModified":"2025-05-20T07:18:19+00:00","mainEntityOfPage":{"@id":"https:\/\/vieassociative.be\/actualites\/quoi-de-neuf-avec-le-telephone-invisible-de-tiktok\/"},"wordCount":692,"publisher":{"@id":"https:\/\/vieassociative.be\/actualites\/#organization"},"image":{"@id":"https:\/\/vieassociative.be\/actualites\/quoi-de-neuf-avec-le-telephone-invisible-de-tiktok\/#primaryimage"},"thumbnailUrl":"https:\/\/vieassociative.be\/actualites\/wp-content\/uploads\/2025\/05\/Quoi-de-neuf-avec-le-telephone-invisible-de-Tiktok.jpg","keywords":["avec","invisible","Neuf","quoi","t\u00e9l\u00e9phone","TikTok"],"articleSection":["Technologie"],"inLanguage":"fr-BE"},{"@type":"WebPage","@id":"https:\/\/vieassociative.be\/actualites\/quoi-de-neuf-avec-le-telephone-invisible-de-tiktok\/","url":"https:\/\/vieassociative.be\/actualites\/quoi-de-neuf-avec-le-telephone-invisible-de-tiktok\/","name":"Quoi de neuf avec le \u00abt\u00e9l\u00e9phone invisible\u00bb de Tiktok? | Vie Associative","isPartOf":{"@id":"https:\/\/vieassociative.be\/actualites\/#website"},"primaryImageOfPage":{"@id":"https:\/\/vieassociative.be\/actualites\/quoi-de-neuf-avec-le-telephone-invisible-de-tiktok\/#primaryimage"},"image":{"@id":"https:\/\/vieassociative.be\/actualites\/quoi-de-neuf-avec-le-telephone-invisible-de-tiktok\/#primaryimage"},"thumbnailUrl":"https:\/\/vieassociative.be\/actualites\/wp-content\/uploads\/2025\/05\/Quoi-de-neuf-avec-le-telephone-invisible-de-Tiktok.jpg","datePublished":"2025-05-20T07:18:19+00:00","dateModified":"2025-05-20T07:18:19+00:00","breadcrumb":{"@id":"https:\/\/vieassociative.be\/actualites\/quoi-de-neuf-avec-le-telephone-invisible-de-tiktok\/#breadcrumb"},"inLanguage":"fr-BE","potentialAction":[{"@type":"ReadAction","target":["https:\/\/vieassociative.be\/actualites\/quoi-de-neuf-avec-le-telephone-invisible-de-tiktok\/"]}]},{"@type":"ImageObject","inLanguage":"fr-BE","@id":"https:\/\/vieassociative.be\/actualites\/quoi-de-neuf-avec-le-telephone-invisible-de-tiktok\/#primaryimage","url":"https:\/\/vieassociative.be\/actualites\/wp-content\/uploads\/2025\/05\/Quoi-de-neuf-avec-le-telephone-invisible-de-Tiktok.jpg","contentUrl":"https:\/\/vieassociative.be\/actualites\/wp-content\/uploads\/2025\/05\/Quoi-de-neuf-avec-le-telephone-invisible-de-Tiktok.jpg","width":1200,"height":675,"caption":"Quoi de neuf avec le \u00abt\u00e9l\u00e9phone invisible\u00bb de Tiktok?"},{"@type":"BreadcrumbList","@id":"https:\/\/vieassociative.be\/actualites\/quoi-de-neuf-avec-le-telephone-invisible-de-tiktok\/#breadcrumb","itemListElement":[{"@type":"ListItem","position":1,"name":"Accueil","item":"https:\/\/vieassociative.be\/actualites\/"},{"@type":"ListItem","position":2,"name":"Quoi de neuf avec le \u00abt\u00e9l\u00e9phone invisible\u00bb de Tiktok?"}]},{"@type":"WebSite","@id":"https:\/\/vieassociative.be\/actualites\/#website","url":"https:\/\/vieassociative.be\/actualites\/","name":"Vie Associative","description":"","publisher":{"@id":"https:\/\/vieassociative.be\/actualites\/#organization"},"potentialAction":[{"@type":"SearchAction","target":{"@type":"EntryPoint","urlTemplate":"https:\/\/vieassociative.be\/actualites\/?s={search_term_string}"},"query-input":{"@type":"PropertyValueSpecification","valueRequired":true,"valueName":"search_term_string"}}],"inLanguage":"fr-BE"},{"@type":"Organization","@id":"https:\/\/vieassociative.be\/actualites\/#organization","name":"Vie Associative","url":"https:\/\/vieassociative.be\/actualites\/","logo":{"@type":"ImageObject","inLanguage":"fr-BE","@id":"https:\/\/vieassociative.be\/actualites\/#\/schema\/logo\/image\/","url":"https:\/\/vieassociative.be\/actualites\/wp-content\/uploads\/2024\/09\/cropped-vieassociative_favicon.ico.png","contentUrl":"https:\/\/vieassociative.be\/actualites\/wp-content\/uploads\/2024\/09\/cropped-vieassociative_favicon.ico.png","width":512,"height":512,"caption":"Vie Associative"},"image":{"@id":"https:\/\/vieassociative.be\/actualites\/#\/schema\/logo\/image\/"}},{"@type":"Person","@id":"https:\/\/vieassociative.be\/actualites\/#\/schema\/person\/b87ac4f82f9d4e7b7cec7395b679edc4","name":"Julien","image":{"@type":"ImageObject","inLanguage":"fr-BE","@id":"https:\/\/vieassociative.be\/actualites\/#\/schema\/person\/image\/","url":"https:\/\/vieassociative.be\/actualites\/wp-content\/uploads\/2024\/09\/vie-associative-1-150x150.jpg","contentUrl":"https:\/\/vieassociative.be\/actualites\/wp-content\/uploads\/2024\/09\/vie-associative-1-150x150.jpg","caption":"Julien"},"description":"Je suis Julien, r\u00e9dacteur pour Vie Associative. Passionn\u00e9 par le monde associatif depuis plus de 10 ans, j'ai \u00e0 c\u0153ur de partager des histoires inspirantes et de mettre en lumi\u00e8re les initiatives locales. Mon objectif est de sensibiliser et d'encourager l'engagement communautaire \u00e0 travers mes articles.","sameAs":["https:\/\/vieassociative.be\/"]}]}},"_links":{"self":[{"href":"https:\/\/vieassociative.be\/actualites\/wp-json\/wp\/v2\/posts\/7665"}],"collection":[{"href":"https:\/\/vieassociative.be\/actualites\/wp-json\/wp\/v2\/posts"}],"about":[{"href":"https:\/\/vieassociative.be\/actualites\/wp-json\/wp\/v2\/types\/post"}],"author":[{"embeddable":true,"href":"https:\/\/vieassociative.be\/actualites\/wp-json\/wp\/v2\/users\/1"}],"replies":[{"embeddable":true,"href":"https:\/\/vieassociative.be\/actualites\/wp-json\/wp\/v2\/comments?post=7665"}],"version-history":[{"count":0,"href":"https:\/\/vieassociative.be\/actualites\/wp-json\/wp\/v2\/posts\/7665\/revisions"}],"wp:featuredmedia":[{"embeddable":true,"href":"https:\/\/vieassociative.be\/actualites\/wp-json\/wp\/v2\/media\/7666"}],"wp:attachment":[{"href":"https:\/\/vieassociative.be\/actualites\/wp-json\/wp\/v2\/media?parent=7665"}],"wp:term":[{"taxonomy":"category","embeddable":true,"href":"https:\/\/vieassociative.be\/actualites\/wp-json\/wp\/v2\/categories?post=7665"},{"taxonomy":"post_tag","embeddable":true,"href":"https:\/\/vieassociative.be\/actualites\/wp-json\/wp\/v2\/tags?post=7665"}],"curies":[{"name":"wp","href":"https:\/\/api.w.org\/{rel}","templated":true}]}}