{"id":7661,"date":"2025-05-20T04:18:07","date_gmt":"2025-05-20T02:18:07","guid":{"rendered":"https:\/\/vieassociative.be\/actualites\/la-municipalite-de-bruxelles-abolit-la-mere-et-le-pere-et-le-pere-un-festival-de-la-famille-devrait-avoir-lieu-le-1er-juin\/"},"modified":"2025-05-20T04:18:07","modified_gmt":"2025-05-20T02:18:07","slug":"la-municipalite-de-bruxelles-abolit-la-mere-et-le-pere-et-le-pere-un-festival-de-la-famille-devrait-avoir-lieu-le-1er-juin","status":"publish","type":"post","link":"https:\/\/vieassociative.be\/actualites\/la-municipalite-de-bruxelles-abolit-la-mere-et-le-pere-et-le-pere-un-festival-de-la-famille-devrait-avoir-lieu-le-1er-juin\/","title":{"rendered":"La municipalit\u00e9 de Bruxelles abolit la m\u00e8re et le p\u00e8re et le p\u00e8re &#8211; un \u00ab\u00a0festival de la famille\u00a0\u00bb devrait avoir lieu le 1er juin"},"content":{"rendered":"<p><strong>La municipalit\u00e9 de Bruxelles d&rsquo;Uccle se fait r\u00e9guli\u00e8rement un nom en ce qui concerne les pr\u00e9visions m\u00e9t\u00e9orologiques car elle est assise par KGL. Institut m\u00e9t\u00e9orologique (KMI). Maintenant, la communaut\u00e9 du sud de la capitale assure la conversation pour des raisons compl\u00e8tement diff\u00e9rentes.<\/strong><\/p>\n<p><span id=\"more-415821\"><\/span>Le Conseil municipal de l&rsquo;UCCLE a d\u00e9cid\u00e9 d&rsquo;abolir la f\u00eate des m\u00e8re et des p\u00e8res dans les \u00e9coles municipales. Au lieu de cela, les p\u00e8res municipaux veulent cr\u00e9er un \u00abfestival de famille\u00bb.<\/p>\n<p>Cette d\u00e9cision a \u00e9t\u00e9 prise pour deux raisons. D&rsquo;une part, une r\u00e9f\u00e9rence est faite au nouveau calendrier scolaire dans les \u00e9coles de la communaut\u00e9 fran\u00e7aise. En cons\u00e9quence, la f\u00eate des m\u00e8res tombe d\u00e9sormais dans les vacances de printemps lorsque les op\u00e9rations scolaires sont suspendues.<\/p>\n<div id=\"attachment_415842\" class=\"wp-caption alignleft\" style=\"max-width: 300px\"><img fetchpriority=\"high\" decoding=\"async\" class=\"wp-image-415842 size-medium\" src=\"https:\/\/vieassociative.be\/actualites\/wp-content\/uploads\/2025\/05\/La-municipalite-de-Bruxelles-abolit-la-mere-et-le-pere.jpg\" alt=\"\" width=\"300\" height=\"300\"><\/p>\n<p class=\"wp-caption-text\">La \u00abJourn\u00e9e internationale internationale des parents\u00bb, introduite par les Nations Unies, aura lieu le 1er juin. Photo: Shutterstock<\/p>\n<\/div>\n<p>La deuxi\u00e8me raison est que les structures des familles ont consid\u00e9rablement chang\u00e9 au fil du temps. De nombreuses situations (famille patchwork, parents c\u00e9libataires, familles de m\u00eame sexe &#8230; etc.) rendent plus difficile l&#8217;emp\u00eache de la f\u00eate des m\u00e8res et des p\u00e8res pour satisfaire toutes les personnes impliqu\u00e9es.<\/p>\n<p>\u00c0 partir de maintenant \u00e0 Uccle, les enfants c\u00e9l\u00e9breront un \u00abfestival de famille\u00bb dans les \u00e9coles communautaires. Ce grand festival, que toutes les personnes qui s&rsquo;occupent des enfants, se d\u00e9placent dans une lumi\u00e8re plus large le 1er juin.<\/p>\n<p>Cette date n&rsquo;a pas \u00e9t\u00e9 choisie par accident, car il s&rsquo;agit de la \u00abJourn\u00e9e internationale des parents\u00bb introduite par les Nations Unies.<\/p>\n<p>Cependant, cela ne devrait emp\u00eacher personne de c\u00e9l\u00e9brer la f\u00eate des m\u00e8res et la f\u00eate des p\u00e8res. Pour rappel: la f\u00eate des m\u00e8res est c\u00e9l\u00e9br\u00e9e en Belgique le deuxi\u00e8me dimanche de mai et la f\u00eate des p\u00e8res le deuxi\u00e8me dimanche de juin.<\/p>\n<p>De la part du Conseil municipal de l&rsquo;UCCLE, la d\u00e9cision n&rsquo;est pas incontest\u00e9e. Certains en particulier critiquent la perte de certaines traditions. Le terme \u00abfestival de famille\u00bb n&rsquo;aime pas non plus tout le monde, car certains pr\u00e9f\u00e8rent avoir une \u00abjourn\u00e9e parentale\u00bb. (Cre)<\/p>\n","protected":false},"excerpt":{"rendered":"<p>La municipalit\u00e9 de Bruxelles d&rsquo;Uccle se fait r\u00e9guli\u00e8rement un nom en ce qui concerne les pr\u00e9visions m\u00e9t\u00e9orologiques car elle est assise par KGL. Institut m\u00e9t\u00e9orologique<\/p>\n","protected":false},"author":1,"featured_media":7662,"comment_status":"","ping_status":"","sticky":false,"template":"","format":"standard","meta":{"footnotes":""},"categories":[298],"tags":[1146,7081,224,455,238,1558,557,2677,1541,2145,6437,3065],"class_list":["post-7661","post","type-post","status-publish","format-standard","has-post-thumbnail","hentry","category-belgique","tag-1er","tag-abolit","tag-avoir","tag-bruxelles","tag-devrait","tag-famille","tag-festival","tag-juin","tag-lieu","tag-mere","tag-municipalite","tag-pere","generate-columns","tablet-grid-50","mobile-grid-100","grid-parent","grid-33"],"yoast_head":"<!-- This site is optimized with the Yoast SEO plugin v24.0 - https:\/\/yoast.com\/wordpress\/plugins\/seo\/ -->\n<title>La municipalit\u00e9 de Bruxelles abolit la m\u00e8re et le p\u00e8re et le p\u00e8re - un &quot;festival de la famille&quot; devrait avoir lieu le 1er juin | Vie Associative<\/title>\n<meta name=\"robots\" content=\"index, follow, max-snippet:-1, max-image-preview:large, max-video-preview:-1\" \/>\n<link rel=\"canonical\" href=\"https:\/\/vieassociative.be\/actualites\/la-municipalite-de-bruxelles-abolit-la-mere-et-le-pere-et-le-pere-un-festival-de-la-famille-devrait-avoir-lieu-le-1er-juin\/\" \/>\n<meta property=\"og:locale\" content=\"fr_FR\" \/>\n<meta property=\"og:type\" content=\"article\" \/>\n<meta property=\"og:title\" content=\"La municipalit\u00e9 de Bruxelles abolit la m\u00e8re et le p\u00e8re et le p\u00e8re - un &quot;festival de la famille&quot; devrait avoir lieu le 1er juin | Vie Associative\" \/>\n<meta property=\"og:description\" content=\"La municipalit\u00e9 de Bruxelles d&rsquo;Uccle se fait r\u00e9guli\u00e8rement un nom en ce qui concerne les pr\u00e9visions m\u00e9t\u00e9orologiques car elle est assise par KGL. Institut m\u00e9t\u00e9orologique\" \/>\n<meta property=\"og:url\" content=\"https:\/\/vieassociative.be\/actualites\/la-municipalite-de-bruxelles-abolit-la-mere-et-le-pere-et-le-pere-un-festival-de-la-famille-devrait-avoir-lieu-le-1er-juin\/\" \/>\n<meta property=\"og:site_name\" content=\"Vie Associative\" \/>\n<meta property=\"article:published_time\" content=\"2025-05-20T02:18:07+00:00\" \/>\n<meta property=\"og:image\" content=\"https:\/\/vieassociative.be\/actualites\/wp-content\/uploads\/2024\/09\/header_backgroundk-01-e1726694325946.png\" \/>\n\t<meta property=\"og:image:width\" content=\"279\" \/>\n\t<meta property=\"og:image:height\" content=\"92\" \/>\n\t<meta property=\"og:image:type\" content=\"image\/png\" \/>\n<meta name=\"author\" content=\"Julien\" \/>\n<meta name=\"twitter:card\" content=\"summary_large_image\" \/>\n<meta name=\"twitter:label1\" content=\"\u00c9crit par\" \/>\n\t<meta name=\"twitter:data1\" content=\"Julien\" \/>\n\t<meta name=\"twitter:label2\" content=\"Dur\u00e9e de lecture est.\" \/>\n\t<meta name=\"twitter:data2\" content=\"2 minutes\" \/>\n<script type=\"application\/ld+json\" class=\"yoast-schema-graph\">{\"@context\":\"https:\/\/schema.org\",\"@graph\":[{\"@type\":\"Article\",\"@id\":\"https:\/\/vieassociative.be\/actualites\/la-municipalite-de-bruxelles-abolit-la-mere-et-le-pere-et-le-pere-un-festival-de-la-famille-devrait-avoir-lieu-le-1er-juin\/#article\",\"isPartOf\":{\"@id\":\"https:\/\/vieassociative.be\/actualites\/la-municipalite-de-bruxelles-abolit-la-mere-et-le-pere-et-le-pere-un-festival-de-la-famille-devrait-avoir-lieu-le-1er-juin\/\"},\"author\":{\"name\":\"Julien\",\"@id\":\"https:\/\/vieassociative.be\/actualites\/#\/schema\/person\/b87ac4f82f9d4e7b7cec7395b679edc4\"},\"headline\":\"La municipalit\u00e9 de Bruxelles abolit la m\u00e8re et le p\u00e8re et le p\u00e8re &#8211; un \u00ab\u00a0festival de la famille\u00a0\u00bb devrait avoir lieu le 1er juin\",\"datePublished\":\"2025-05-20T02:18:07+00:00\",\"dateModified\":\"2025-05-20T02:18:07+00:00\",\"mainEntityOfPage\":{\"@id\":\"https:\/\/vieassociative.be\/actualites\/la-municipalite-de-bruxelles-abolit-la-mere-et-le-pere-et-le-pere-un-festival-de-la-famille-devrait-avoir-lieu-le-1er-juin\/\"},\"wordCount\":423,\"publisher\":{\"@id\":\"https:\/\/vieassociative.be\/actualites\/#organization\"},\"image\":{\"@id\":\"https:\/\/vieassociative.be\/actualites\/la-municipalite-de-bruxelles-abolit-la-mere-et-le-pere-et-le-pere-un-festival-de-la-famille-devrait-avoir-lieu-le-1er-juin\/#primaryimage\"},\"thumbnailUrl\":\"https:\/\/vieassociative.be\/actualites\/wp-content\/uploads\/2025\/05\/1747707487_La-municipalite-de-Bruxelles-abolit-la-mere-et-le-pere.jpg\",\"keywords\":[\"1er\",\"abolit\",\"avoir\",\"Bruxelles\",\"devrait\",\"famille\",\"festival\",\"juin\",\"lieu\",\"m\u00e8re\",\"municipalit\u00e9\",\"P\u00e8re\"],\"articleSection\":[\"Belgique\"],\"inLanguage\":\"fr-BE\"},{\"@type\":\"WebPage\",\"@id\":\"https:\/\/vieassociative.be\/actualites\/la-municipalite-de-bruxelles-abolit-la-mere-et-le-pere-et-le-pere-un-festival-de-la-famille-devrait-avoir-lieu-le-1er-juin\/\",\"url\":\"https:\/\/vieassociative.be\/actualites\/la-municipalite-de-bruxelles-abolit-la-mere-et-le-pere-et-le-pere-un-festival-de-la-famille-devrait-avoir-lieu-le-1er-juin\/\",\"name\":\"La municipalit\u00e9 de Bruxelles abolit la m\u00e8re et le p\u00e8re et le p\u00e8re - un \\\"festival de la famille\\\" devrait avoir lieu le 1er juin | Vie Associative\",\"isPartOf\":{\"@id\":\"https:\/\/vieassociative.be\/actualites\/#website\"},\"primaryImageOfPage\":{\"@id\":\"https:\/\/vieassociative.be\/actualites\/la-municipalite-de-bruxelles-abolit-la-mere-et-le-pere-et-le-pere-un-festival-de-la-famille-devrait-avoir-lieu-le-1er-juin\/#primaryimage\"},\"image\":{\"@id\":\"https:\/\/vieassociative.be\/actualites\/la-municipalite-de-bruxelles-abolit-la-mere-et-le-pere-et-le-pere-un-festival-de-la-famille-devrait-avoir-lieu-le-1er-juin\/#primaryimage\"},\"thumbnailUrl\":\"https:\/\/vieassociative.be\/actualites\/wp-content\/uploads\/2025\/05\/1747707487_La-municipalite-de-Bruxelles-abolit-la-mere-et-le-pere.jpg\",\"datePublished\":\"2025-05-20T02:18:07+00:00\",\"dateModified\":\"2025-05-20T02:18:07+00:00\",\"breadcrumb\":{\"@id\":\"https:\/\/vieassociative.be\/actualites\/la-municipalite-de-bruxelles-abolit-la-mere-et-le-pere-et-le-pere-un-festival-de-la-famille-devrait-avoir-lieu-le-1er-juin\/#breadcrumb\"},\"inLanguage\":\"fr-BE\",\"potentialAction\":[{\"@type\":\"ReadAction\",\"target\":[\"https:\/\/vieassociative.be\/actualites\/la-municipalite-de-bruxelles-abolit-la-mere-et-le-pere-et-le-pere-un-festival-de-la-famille-devrait-avoir-lieu-le-1er-juin\/\"]}]},{\"@type\":\"ImageObject\",\"inLanguage\":\"fr-BE\",\"@id\":\"https:\/\/vieassociative.be\/actualites\/la-municipalite-de-bruxelles-abolit-la-mere-et-le-pere-et-le-pere-un-festival-de-la-famille-devrait-avoir-lieu-le-1er-juin\/#primaryimage\",\"url\":\"https:\/\/vieassociative.be\/actualites\/wp-content\/uploads\/2025\/05\/1747707487_La-municipalite-de-Bruxelles-abolit-la-mere-et-le-pere.jpg\",\"contentUrl\":\"https:\/\/vieassociative.be\/actualites\/wp-content\/uploads\/2025\/05\/1747707487_La-municipalite-de-Bruxelles-abolit-la-mere-et-le-pere.jpg\",\"width\":1200,\"height\":798,\"caption\":\"La municipalit\u00e9 de Bruxelles abolit la m\u00e8re et le p\u00e8re et le p\u00e8re - un \\\"festival de la famille\\\" devrait avoir lieu le 1er juin\"},{\"@type\":\"BreadcrumbList\",\"@id\":\"https:\/\/vieassociative.be\/actualites\/la-municipalite-de-bruxelles-abolit-la-mere-et-le-pere-et-le-pere-un-festival-de-la-famille-devrait-avoir-lieu-le-1er-juin\/#breadcrumb\",\"itemListElement\":[{\"@type\":\"ListItem\",\"position\":1,\"name\":\"Accueil\",\"item\":\"https:\/\/vieassociative.be\/actualites\/\"},{\"@type\":\"ListItem\",\"position\":2,\"name\":\"La municipalit\u00e9 de Bruxelles abolit la m\u00e8re et le p\u00e8re et le p\u00e8re &#8211; un \u00ab\u00a0festival de la famille\u00a0\u00bb devrait avoir lieu le 1er juin\"}]},{\"@type\":\"WebSite\",\"@id\":\"https:\/\/vieassociative.be\/actualites\/#website\",\"url\":\"https:\/\/vieassociative.be\/actualites\/\",\"name\":\"Vie Associative\",\"description\":\"\",\"publisher\":{\"@id\":\"https:\/\/vieassociative.be\/actualites\/#organization\"},\"potentialAction\":[{\"@type\":\"SearchAction\",\"target\":{\"@type\":\"EntryPoint\",\"urlTemplate\":\"https:\/\/vieassociative.be\/actualites\/?s={search_term_string}\"},\"query-input\":{\"@type\":\"PropertyValueSpecification\",\"valueRequired\":true,\"valueName\":\"search_term_string\"}}],\"inLanguage\":\"fr-BE\"},{\"@type\":\"Organization\",\"@id\":\"https:\/\/vieassociative.be\/actualites\/#organization\",\"name\":\"Vie Associative\",\"url\":\"https:\/\/vieassociative.be\/actualites\/\",\"logo\":{\"@type\":\"ImageObject\",\"inLanguage\":\"fr-BE\",\"@id\":\"https:\/\/vieassociative.be\/actualites\/#\/schema\/logo\/image\/\",\"url\":\"https:\/\/vieassociative.be\/actualites\/wp-content\/uploads\/2024\/09\/cropped-vieassociative_favicon.ico.png\",\"contentUrl\":\"https:\/\/vieassociative.be\/actualites\/wp-content\/uploads\/2024\/09\/cropped-vieassociative_favicon.ico.png\",\"width\":512,\"height\":512,\"caption\":\"Vie Associative\"},\"image\":{\"@id\":\"https:\/\/vieassociative.be\/actualites\/#\/schema\/logo\/image\/\"}},{\"@type\":\"Person\",\"@id\":\"https:\/\/vieassociative.be\/actualites\/#\/schema\/person\/b87ac4f82f9d4e7b7cec7395b679edc4\",\"name\":\"Julien\",\"image\":{\"@type\":\"ImageObject\",\"inLanguage\":\"fr-BE\",\"@id\":\"https:\/\/vieassociative.be\/actualites\/#\/schema\/person\/image\/\",\"url\":\"https:\/\/vieassociative.be\/actualites\/wp-content\/uploads\/2024\/09\/vie-associative-1-150x150.jpg\",\"contentUrl\":\"https:\/\/vieassociative.be\/actualites\/wp-content\/uploads\/2024\/09\/vie-associative-1-150x150.jpg\",\"caption\":\"Julien\"},\"description\":\"Je suis Julien, r\u00e9dacteur pour Vie Associative. Passionn\u00e9 par le monde associatif depuis plus de 10 ans, j'ai \u00e0 c\u0153ur de partager des histoires inspirantes et de mettre en lumi\u00e8re les initiatives locales. Mon objectif est de sensibiliser et d'encourager l'engagement communautaire \u00e0 travers mes articles.\",\"sameAs\":[\"https:\/\/vieassociative.be\/\"]}]}<\/script>\n<!-- \/ Yoast SEO plugin. -->","yoast_head_json":{"title":"La municipalit\u00e9 de Bruxelles abolit la m\u00e8re et le p\u00e8re et le p\u00e8re - un \"festival de la famille\" devrait avoir lieu le 1er juin | Vie Associative","robots":{"index":"index","follow":"follow","max-snippet":"max-snippet:-1","max-image-preview":"max-image-preview:large","max-video-preview":"max-video-preview:-1"},"canonical":"https:\/\/vieassociative.be\/actualites\/la-municipalite-de-bruxelles-abolit-la-mere-et-le-pere-et-le-pere-un-festival-de-la-famille-devrait-avoir-lieu-le-1er-juin\/","og_locale":"fr_FR","og_type":"article","og_title":"La municipalit\u00e9 de Bruxelles abolit la m\u00e8re et le p\u00e8re et le p\u00e8re - un \"festival de la famille\" devrait avoir lieu le 1er juin | Vie Associative","og_description":"La municipalit\u00e9 de Bruxelles d&rsquo;Uccle se fait r\u00e9guli\u00e8rement un nom en ce qui concerne les pr\u00e9visions m\u00e9t\u00e9orologiques car elle est assise par KGL. Institut m\u00e9t\u00e9orologique","og_url":"https:\/\/vieassociative.be\/actualites\/la-municipalite-de-bruxelles-abolit-la-mere-et-le-pere-et-le-pere-un-festival-de-la-famille-devrait-avoir-lieu-le-1er-juin\/","og_site_name":"Vie Associative","article_published_time":"2025-05-20T02:18:07+00:00","og_image":[{"width":279,"height":92,"url":"https:\/\/vieassociative.be\/actualites\/wp-content\/uploads\/2024\/09\/header_backgroundk-01-e1726694325946.png","type":"image\/png"}],"author":"Julien","twitter_card":"summary_large_image","twitter_misc":{"\u00c9crit par":"Julien","Dur\u00e9e de lecture est.":"2 minutes"},"schema":{"@context":"https:\/\/schema.org","@graph":[{"@type":"Article","@id":"https:\/\/vieassociative.be\/actualites\/la-municipalite-de-bruxelles-abolit-la-mere-et-le-pere-et-le-pere-un-festival-de-la-famille-devrait-avoir-lieu-le-1er-juin\/#article","isPartOf":{"@id":"https:\/\/vieassociative.be\/actualites\/la-municipalite-de-bruxelles-abolit-la-mere-et-le-pere-et-le-pere-un-festival-de-la-famille-devrait-avoir-lieu-le-1er-juin\/"},"author":{"name":"Julien","@id":"https:\/\/vieassociative.be\/actualites\/#\/schema\/person\/b87ac4f82f9d4e7b7cec7395b679edc4"},"headline":"La municipalit\u00e9 de Bruxelles abolit la m\u00e8re et le p\u00e8re et le p\u00e8re &#8211; un \u00ab\u00a0festival de la famille\u00a0\u00bb devrait avoir lieu le 1er juin","datePublished":"2025-05-20T02:18:07+00:00","dateModified":"2025-05-20T02:18:07+00:00","mainEntityOfPage":{"@id":"https:\/\/vieassociative.be\/actualites\/la-municipalite-de-bruxelles-abolit-la-mere-et-le-pere-et-le-pere-un-festival-de-la-famille-devrait-avoir-lieu-le-1er-juin\/"},"wordCount":423,"publisher":{"@id":"https:\/\/vieassociative.be\/actualites\/#organization"},"image":{"@id":"https:\/\/vieassociative.be\/actualites\/la-municipalite-de-bruxelles-abolit-la-mere-et-le-pere-et-le-pere-un-festival-de-la-famille-devrait-avoir-lieu-le-1er-juin\/#primaryimage"},"thumbnailUrl":"https:\/\/vieassociative.be\/actualites\/wp-content\/uploads\/2025\/05\/1747707487_La-municipalite-de-Bruxelles-abolit-la-mere-et-le-pere.jpg","keywords":["1er","abolit","avoir","Bruxelles","devrait","famille","festival","juin","lieu","m\u00e8re","municipalit\u00e9","P\u00e8re"],"articleSection":["Belgique"],"inLanguage":"fr-BE"},{"@type":"WebPage","@id":"https:\/\/vieassociative.be\/actualites\/la-municipalite-de-bruxelles-abolit-la-mere-et-le-pere-et-le-pere-un-festival-de-la-famille-devrait-avoir-lieu-le-1er-juin\/","url":"https:\/\/vieassociative.be\/actualites\/la-municipalite-de-bruxelles-abolit-la-mere-et-le-pere-et-le-pere-un-festival-de-la-famille-devrait-avoir-lieu-le-1er-juin\/","name":"La municipalit\u00e9 de Bruxelles abolit la m\u00e8re et le p\u00e8re et le p\u00e8re - un \"festival de la famille\" devrait avoir lieu le 1er juin | Vie Associative","isPartOf":{"@id":"https:\/\/vieassociative.be\/actualites\/#website"},"primaryImageOfPage":{"@id":"https:\/\/vieassociative.be\/actualites\/la-municipalite-de-bruxelles-abolit-la-mere-et-le-pere-et-le-pere-un-festival-de-la-famille-devrait-avoir-lieu-le-1er-juin\/#primaryimage"},"image":{"@id":"https:\/\/vieassociative.be\/actualites\/la-municipalite-de-bruxelles-abolit-la-mere-et-le-pere-et-le-pere-un-festival-de-la-famille-devrait-avoir-lieu-le-1er-juin\/#primaryimage"},"thumbnailUrl":"https:\/\/vieassociative.be\/actualites\/wp-content\/uploads\/2025\/05\/1747707487_La-municipalite-de-Bruxelles-abolit-la-mere-et-le-pere.jpg","datePublished":"2025-05-20T02:18:07+00:00","dateModified":"2025-05-20T02:18:07+00:00","breadcrumb":{"@id":"https:\/\/vieassociative.be\/actualites\/la-municipalite-de-bruxelles-abolit-la-mere-et-le-pere-et-le-pere-un-festival-de-la-famille-devrait-avoir-lieu-le-1er-juin\/#breadcrumb"},"inLanguage":"fr-BE","potentialAction":[{"@type":"ReadAction","target":["https:\/\/vieassociative.be\/actualites\/la-municipalite-de-bruxelles-abolit-la-mere-et-le-pere-et-le-pere-un-festival-de-la-famille-devrait-avoir-lieu-le-1er-juin\/"]}]},{"@type":"ImageObject","inLanguage":"fr-BE","@id":"https:\/\/vieassociative.be\/actualites\/la-municipalite-de-bruxelles-abolit-la-mere-et-le-pere-et-le-pere-un-festival-de-la-famille-devrait-avoir-lieu-le-1er-juin\/#primaryimage","url":"https:\/\/vieassociative.be\/actualites\/wp-content\/uploads\/2025\/05\/1747707487_La-municipalite-de-Bruxelles-abolit-la-mere-et-le-pere.jpg","contentUrl":"https:\/\/vieassociative.be\/actualites\/wp-content\/uploads\/2025\/05\/1747707487_La-municipalite-de-Bruxelles-abolit-la-mere-et-le-pere.jpg","width":1200,"height":798,"caption":"La municipalit\u00e9 de Bruxelles abolit la m\u00e8re et le p\u00e8re et le p\u00e8re - un \"festival de la famille\" devrait avoir lieu le 1er juin"},{"@type":"BreadcrumbList","@id":"https:\/\/vieassociative.be\/actualites\/la-municipalite-de-bruxelles-abolit-la-mere-et-le-pere-et-le-pere-un-festival-de-la-famille-devrait-avoir-lieu-le-1er-juin\/#breadcrumb","itemListElement":[{"@type":"ListItem","position":1,"name":"Accueil","item":"https:\/\/vieassociative.be\/actualites\/"},{"@type":"ListItem","position":2,"name":"La municipalit\u00e9 de Bruxelles abolit la m\u00e8re et le p\u00e8re et le p\u00e8re &#8211; un \u00ab\u00a0festival de la famille\u00a0\u00bb devrait avoir lieu le 1er juin"}]},{"@type":"WebSite","@id":"https:\/\/vieassociative.be\/actualites\/#website","url":"https:\/\/vieassociative.be\/actualites\/","name":"Vie Associative","description":"","publisher":{"@id":"https:\/\/vieassociative.be\/actualites\/#organization"},"potentialAction":[{"@type":"SearchAction","target":{"@type":"EntryPoint","urlTemplate":"https:\/\/vieassociative.be\/actualites\/?s={search_term_string}"},"query-input":{"@type":"PropertyValueSpecification","valueRequired":true,"valueName":"search_term_string"}}],"inLanguage":"fr-BE"},{"@type":"Organization","@id":"https:\/\/vieassociative.be\/actualites\/#organization","name":"Vie Associative","url":"https:\/\/vieassociative.be\/actualites\/","logo":{"@type":"ImageObject","inLanguage":"fr-BE","@id":"https:\/\/vieassociative.be\/actualites\/#\/schema\/logo\/image\/","url":"https:\/\/vieassociative.be\/actualites\/wp-content\/uploads\/2024\/09\/cropped-vieassociative_favicon.ico.png","contentUrl":"https:\/\/vieassociative.be\/actualites\/wp-content\/uploads\/2024\/09\/cropped-vieassociative_favicon.ico.png","width":512,"height":512,"caption":"Vie Associative"},"image":{"@id":"https:\/\/vieassociative.be\/actualites\/#\/schema\/logo\/image\/"}},{"@type":"Person","@id":"https:\/\/vieassociative.be\/actualites\/#\/schema\/person\/b87ac4f82f9d4e7b7cec7395b679edc4","name":"Julien","image":{"@type":"ImageObject","inLanguage":"fr-BE","@id":"https:\/\/vieassociative.be\/actualites\/#\/schema\/person\/image\/","url":"https:\/\/vieassociative.be\/actualites\/wp-content\/uploads\/2024\/09\/vie-associative-1-150x150.jpg","contentUrl":"https:\/\/vieassociative.be\/actualites\/wp-content\/uploads\/2024\/09\/vie-associative-1-150x150.jpg","caption":"Julien"},"description":"Je suis Julien, r\u00e9dacteur pour Vie Associative. Passionn\u00e9 par le monde associatif depuis plus de 10 ans, j'ai \u00e0 c\u0153ur de partager des histoires inspirantes et de mettre en lumi\u00e8re les initiatives locales. Mon objectif est de sensibiliser et d'encourager l'engagement communautaire \u00e0 travers mes articles.","sameAs":["https:\/\/vieassociative.be\/"]}]}},"_links":{"self":[{"href":"https:\/\/vieassociative.be\/actualites\/wp-json\/wp\/v2\/posts\/7661"}],"collection":[{"href":"https:\/\/vieassociative.be\/actualites\/wp-json\/wp\/v2\/posts"}],"about":[{"href":"https:\/\/vieassociative.be\/actualites\/wp-json\/wp\/v2\/types\/post"}],"author":[{"embeddable":true,"href":"https:\/\/vieassociative.be\/actualites\/wp-json\/wp\/v2\/users\/1"}],"replies":[{"embeddable":true,"href":"https:\/\/vieassociative.be\/actualites\/wp-json\/wp\/v2\/comments?post=7661"}],"version-history":[{"count":0,"href":"https:\/\/vieassociative.be\/actualites\/wp-json\/wp\/v2\/posts\/7661\/revisions"}],"wp:featuredmedia":[{"embeddable":true,"href":"https:\/\/vieassociative.be\/actualites\/wp-json\/wp\/v2\/media\/7662"}],"wp:attachment":[{"href":"https:\/\/vieassociative.be\/actualites\/wp-json\/wp\/v2\/media?parent=7661"}],"wp:term":[{"taxonomy":"category","embeddable":true,"href":"https:\/\/vieassociative.be\/actualites\/wp-json\/wp\/v2\/categories?post=7661"},{"taxonomy":"post_tag","embeddable":true,"href":"https:\/\/vieassociative.be\/actualites\/wp-json\/wp\/v2\/tags?post=7661"}],"curies":[{"name":"wp","href":"https:\/\/api.w.org\/{rel}","templated":true}]}}