{"id":7657,"date":"2025-05-19T22:19:45","date_gmt":"2025-05-19T20:19:45","guid":{"rendered":"https:\/\/vieassociative.be\/actualites\/des-cameras-de-vitesse-dans-le-domaine-de-la-zone-de-police-de-weser-gohl-les-appareils-radar-fixes-sont-nouveaux-ou-ont-ete-deplaces\/"},"modified":"2025-05-19T22:19:45","modified_gmt":"2025-05-19T20:19:45","slug":"des-cameras-de-vitesse-dans-le-domaine-de-la-zone-de-police-de-weser-gohl-les-appareils-radar-fixes-sont-nouveaux-ou-ont-ete-deplaces","status":"publish","type":"post","link":"https:\/\/vieassociative.be\/actualites\/des-cameras-de-vitesse-dans-le-domaine-de-la-zone-de-police-de-weser-gohl-les-appareils-radar-fixes-sont-nouveaux-ou-ont-ete-deplaces\/","title":{"rendered":"Des cam\u00e9ras de vitesse dans le domaine de la zone de police de Weser-G\u00f6hl: les appareils radar fixes sont nouveaux ou ont \u00e9t\u00e9 d\u00e9plac\u00e9s"},"content":{"rendered":"<p><strong>Comme la zone de police de Weser-G\u00f6hl l&rsquo;a annonc\u00e9 lundi, plusieurs dispositifs radar fixes ont \u00e9t\u00e9 m\u00e9lang\u00e9s dans la zone des municipalit\u00e9s d&rsquo;Eupen, Kelmis, Lontzen et Raeren et de nouveaux cam\u00e9ras de vitesse ont \u00e9t\u00e9 install\u00e9s.<\/strong><\/p>\n<p><span id=\"more-415845\"><\/span><strong>&#8211; Les modifications sont apport\u00e9es pour diverses raisons:<\/strong><\/p>\n<p>&#8211; lors de la demande des citoyens et des municipalit\u00e9s,<\/p>\n<p>&#8211; des consid\u00e9rations techniques et<\/p>\n<p>&#8211; Pour contrer un effet d&rsquo;habituation qui a \u00e9t\u00e9 d\u00e9tect\u00e9 par des contr\u00f4les de vitesse avec le radar mobile de la zone de police.<\/p>\n<div id=\"attachment_415854\" class=\"wp-caption alignleft\" style=\"max-width: 300px\"><img fetchpriority=\"high\" decoding=\"async\" class=\"wp-image-415854 size-medium\" src=\"https:\/\/vieassociative.be\/actualites\/wp-content\/uploads\/2025\/05\/Des-cameras-de-vitesse-dans-le-domaine-de-la-zone.jpg\" alt=\"\" width=\"300\" height=\"225\"><\/p>\n<p class=\"wp-caption-text\">La cam\u00e9ra de vitesse sur Malmedyer Stra\u00dfe \u00e0 Eupen a \u00e9t\u00e9 d\u00e9plac\u00e9e vers Venn. Photo: OD<\/p>\n<\/div>\n<p><strong>&#8211; Les emplacements de la cam\u00e9ra de vitesse:<\/strong><\/p>\n<p>&#8211; Eupen, Malmedyer Stra\u00dfe: Le dispositif radar existant \u00e9tait plus \u00e0 la hausse, plus pr\u00e8s de Venn.<\/p>\n<p>&#8211; Kettenis, Aachener Stra\u00dfe: La cam\u00e9ra de vitesse a \u00e9t\u00e9 positionn\u00e9e un peu plus vers Eynatten \u00e0 l&rsquo;entr\u00e9e de la ville.<\/p>\n<p>&#8211; Hergenrath, Asteneter Stra\u00dfe: Installation d&rsquo;un nouveau dispositif radar \u00e0 l&rsquo;entr\u00e9e de la ville, \u00e0 proximit\u00e9 imm\u00e9diate d&rsquo;un centre de garderie.<\/p>\n<p>&#8211; Raeren, Roetgener Stra\u00dfe: nouvel emplacement. Le dispositif radar a \u00e9t\u00e9 r\u00e9install\u00e9, est situ\u00e9 \u00e0 l&rsquo;ext\u00e9rieur de la ville ferm\u00e9e, dans une section \u00e0 50 km \/ h de vitesse limit\u00e9e.<\/p>\n<p>&#8211; Eynatten, Eupener Stra\u00dfe: L&rsquo;appareil qui a jusqu&rsquo;\u00e0 pr\u00e9sent \u00e9t\u00e9 \u00e0 l&rsquo;ext\u00e9rieur de la ville ferm\u00e9e est maintenant dans le village.<\/p>\n<p>&#8211; Kelmis, Li\u00e8ge Stra\u00dfe: Le syst\u00e8me fixe a \u00e9t\u00e9 d\u00e9plac\u00e9 \u00e0 environ 50 m\u00e8tres en ville.<\/p>\n<p>&#8211; Walhorn, Ketteniser Stra\u00dfe: Le dispositif radar reste inchang\u00e9 \u00e0 l&#8217;emplacement actuel.<\/p>\n<p><b>&#8211; Gestion des dispositifs et modernisations radar: <\/b>Tous les appareils radar mentionn\u00e9s ci-dessus sont g\u00e9r\u00e9s par la r\u00e9gion de Walloon, \u00e0 l&rsquo;exception de l&rsquo;appareil \u00e0 Walhorn, qui est financ\u00e9 et pris en charge par la zone de police de Weser-G\u00f6hl elle-m\u00eame.<\/p>\n<\/p>\n<div id=\"attachment_415856\" class=\"wp-caption alignleft\" style=\"max-width: 300px\"><img decoding=\"async\" class=\"wp-image-415856 size-medium\" src=\"https:\/\/vieassociative.be\/actualites\/wp-content\/uploads\/2025\/05\/1747685985_42_Des-cameras-de-vitesse-dans-le-domaine-de-la-zone.jpg\" alt=\"\" width=\"300\" height=\"225\"><\/p>\n<p class=\"wp-caption-text\">Le dispositif radar sur Ketteniser Strasse \u00e0 Walhorn reste inchang\u00e9 \u00e0 l&#8217;emplacement actuel. Photo: OD<\/p>\n<\/div>\n<p>De nouveaux appareils sont toujours acquis sur demande de la r\u00e9gion de Walloon. Cette ann\u00e9e, six nouvelles installations ont \u00e9t\u00e9 approuv\u00e9es pour la zone de la zone de police, dont deux nouveaux emplacements et des appareils modernis\u00e9s.<\/p>\n<p><strong>&#8211; Traitement des protocoles et de la r\u00e9glementation linguistique:<\/strong> Dans une premi\u00e8re phase, la zone de police continuera de reprendre le traitement des protocoles en cas de vitesse. Cela garantit que les citoyens re\u00e7oivent leurs minutes en allemand. Dans une deuxi\u00e8me phase, deux employ\u00e9s civils, embauch\u00e9s par la police f\u00e9d\u00e9rale, doivent \u00e9diter tous les protocoles de la communaut\u00e9 allemande via le centre de d\u00e9p\u00f4t de r\u00e9givale (CRT) \u00e0 Sankt Vith.<\/p>\n<p><strong>&#8211; Calcul et amendes:<\/strong> Le procureur a d\u00e9termin\u00e9 que seule une tol\u00e9rance technique est utilis\u00e9e pour le calcul des dispositifs radar fixes. Le montant des amendes d\u00e9pend des dispositions l\u00e9gales. De plus, il y a les frais administratifs qui sont index\u00e9s chaque ann\u00e9e. Il s&rsquo;agit actuellement de 10,42 euros.<\/p>\n<p><strong>&#8211; Objectif des mesures:<\/strong> C&rsquo;est la volont\u00e9 d\u00e9clar\u00e9e de politique de r\u00e9duire le nombre de blessures et de d\u00e9c\u00e8s dans la circulation routi\u00e8re. Le chef de la zone de police de Weser-G\u00f6hl, le premier capitaine de police Danny Klein, souligne: \u00ab\u00a0Les mesures servent principalement \u00e0 la s\u00e9curit\u00e9 routi\u00e8re. \u00c9tant donn\u00e9 que la vitesse excessive est toujours l&rsquo;une des principales causes d&rsquo;accidents de la circulation, de nombreux contr\u00f4les de vitesse sont effectu\u00e9s de mani\u00e8re cibl\u00e9e.\u00a0\u00bb L&rsquo;objectif est d&rsquo;avoir un effet positif sur le comportement de conduite et d&rsquo;augmenter la s\u00e9curit\u00e9 dans les rues pour tous les usagers de la route.<\/p>\n","protected":false},"excerpt":{"rendered":"<p>Comme la zone de police de Weser-G\u00f6hl l&rsquo;a annonc\u00e9 lundi, plusieurs dispositifs radar fixes ont \u00e9t\u00e9 m\u00e9lang\u00e9s dans la zone des municipalit\u00e9s d&rsquo;Eupen, Kelmis, Lontzen<\/p>\n","protected":false},"author":1,"featured_media":7658,"comment_status":"","ping_status":"","sticky":false,"template":"","format":"standard","meta":{"footnotes":""},"categories":[298],"tags":[451,3519,166,7080,29,555,217,7079,14,2052,1374,2741,7078,18,5060,5023,4291],"class_list":["post-7657","post","type-post","status-publish","format-standard","has-post-thumbnail","hentry","category-belgique","tag-appareils","tag-cameras","tag-dans","tag-deplaces","tag-des","tag-domaine","tag-ete","tag-fixes","tag-les","tag-nouveaux","tag-ont","tag-police","tag-radar","tag-sont","tag-vitesse","tag-wesergohl","tag-zone","generate-columns","tablet-grid-50","mobile-grid-100","grid-parent","grid-33"],"yoast_head":"<!-- This site is optimized with the Yoast SEO plugin v24.0 - https:\/\/yoast.com\/wordpress\/plugins\/seo\/ -->\n<title>Des cam\u00e9ras de vitesse dans le domaine de la zone de police de Weser-G\u00f6hl: les appareils radar fixes sont nouveaux ou ont \u00e9t\u00e9 d\u00e9plac\u00e9s | Vie Associative<\/title>\n<meta name=\"robots\" content=\"index, follow, max-snippet:-1, max-image-preview:large, max-video-preview:-1\" \/>\n<link rel=\"canonical\" href=\"https:\/\/vieassociative.be\/actualites\/des-cameras-de-vitesse-dans-le-domaine-de-la-zone-de-police-de-weser-gohl-les-appareils-radar-fixes-sont-nouveaux-ou-ont-ete-deplaces\/\" \/>\n<meta property=\"og:locale\" content=\"fr_FR\" \/>\n<meta property=\"og:type\" content=\"article\" \/>\n<meta property=\"og:title\" content=\"Des cam\u00e9ras de vitesse dans le domaine de la zone de police de Weser-G\u00f6hl: les appareils radar fixes sont nouveaux ou ont \u00e9t\u00e9 d\u00e9plac\u00e9s | Vie Associative\" \/>\n<meta property=\"og:description\" content=\"Comme la zone de police de Weser-G\u00f6hl l&rsquo;a annonc\u00e9 lundi, plusieurs dispositifs radar fixes ont \u00e9t\u00e9 m\u00e9lang\u00e9s dans la zone des municipalit\u00e9s d&rsquo;Eupen, Kelmis, Lontzen\" \/>\n<meta property=\"og:url\" content=\"https:\/\/vieassociative.be\/actualites\/des-cameras-de-vitesse-dans-le-domaine-de-la-zone-de-police-de-weser-gohl-les-appareils-radar-fixes-sont-nouveaux-ou-ont-ete-deplaces\/\" \/>\n<meta property=\"og:site_name\" content=\"Vie Associative\" \/>\n<meta property=\"article:published_time\" content=\"2025-05-19T20:19:45+00:00\" \/>\n<meta property=\"og:image\" content=\"https:\/\/vieassociative.be\/actualites\/wp-content\/uploads\/2024\/09\/header_backgroundk-01-e1726694325946.png\" \/>\n\t<meta property=\"og:image:width\" content=\"279\" \/>\n\t<meta property=\"og:image:height\" content=\"92\" \/>\n\t<meta property=\"og:image:type\" content=\"image\/png\" \/>\n<meta name=\"author\" content=\"Julien\" \/>\n<meta name=\"twitter:card\" content=\"summary_large_image\" \/>\n<meta name=\"twitter:label1\" content=\"\u00c9crit par\" \/>\n\t<meta name=\"twitter:data1\" content=\"Julien\" \/>\n\t<meta name=\"twitter:label2\" content=\"Dur\u00e9e de lecture est.\" \/>\n\t<meta name=\"twitter:data2\" content=\"3 minutes\" \/>\n<script type=\"application\/ld+json\" class=\"yoast-schema-graph\">{\"@context\":\"https:\/\/schema.org\",\"@graph\":[{\"@type\":\"Article\",\"@id\":\"https:\/\/vieassociative.be\/actualites\/des-cameras-de-vitesse-dans-le-domaine-de-la-zone-de-police-de-weser-gohl-les-appareils-radar-fixes-sont-nouveaux-ou-ont-ete-deplaces\/#article\",\"isPartOf\":{\"@id\":\"https:\/\/vieassociative.be\/actualites\/des-cameras-de-vitesse-dans-le-domaine-de-la-zone-de-police-de-weser-gohl-les-appareils-radar-fixes-sont-nouveaux-ou-ont-ete-deplaces\/\"},\"author\":{\"name\":\"Julien\",\"@id\":\"https:\/\/vieassociative.be\/actualites\/#\/schema\/person\/b87ac4f82f9d4e7b7cec7395b679edc4\"},\"headline\":\"Des cam\u00e9ras de vitesse dans le domaine de la zone de police de Weser-G\u00f6hl: les appareils radar fixes sont nouveaux ou ont \u00e9t\u00e9 d\u00e9plac\u00e9s\",\"datePublished\":\"2025-05-19T20:19:45+00:00\",\"dateModified\":\"2025-05-19T20:19:45+00:00\",\"mainEntityOfPage\":{\"@id\":\"https:\/\/vieassociative.be\/actualites\/des-cameras-de-vitesse-dans-le-domaine-de-la-zone-de-police-de-weser-gohl-les-appareils-radar-fixes-sont-nouveaux-ou-ont-ete-deplaces\/\"},\"wordCount\":668,\"publisher\":{\"@id\":\"https:\/\/vieassociative.be\/actualites\/#organization\"},\"image\":{\"@id\":\"https:\/\/vieassociative.be\/actualites\/des-cameras-de-vitesse-dans-le-domaine-de-la-zone-de-police-de-weser-gohl-les-appareils-radar-fixes-sont-nouveaux-ou-ont-ete-deplaces\/#primaryimage\"},\"thumbnailUrl\":\"https:\/\/vieassociative.be\/actualites\/wp-content\/uploads\/2025\/05\/1747685985_Des-cameras-de-vitesse-dans-le-domaine-de-la-zone.jpg\",\"keywords\":[\"appareils\",\"cam\u00e9ras\",\"dans\",\"d\u00e9plac\u00e9s\",\"Des\",\"domaine\",\"\u00e9t\u00e9\",\"fixes\",\"Les\",\"nouveaux\",\"ont\",\"police\",\"radar\",\"sont\",\"vitesse\",\"WeserG\u00f6hl\",\"zone\"],\"articleSection\":[\"Belgique\"],\"inLanguage\":\"fr-BE\"},{\"@type\":\"WebPage\",\"@id\":\"https:\/\/vieassociative.be\/actualites\/des-cameras-de-vitesse-dans-le-domaine-de-la-zone-de-police-de-weser-gohl-les-appareils-radar-fixes-sont-nouveaux-ou-ont-ete-deplaces\/\",\"url\":\"https:\/\/vieassociative.be\/actualites\/des-cameras-de-vitesse-dans-le-domaine-de-la-zone-de-police-de-weser-gohl-les-appareils-radar-fixes-sont-nouveaux-ou-ont-ete-deplaces\/\",\"name\":\"Des cam\u00e9ras de vitesse dans le domaine de la zone de police de Weser-G\u00f6hl: les appareils radar fixes sont nouveaux ou ont \u00e9t\u00e9 d\u00e9plac\u00e9s | Vie Associative\",\"isPartOf\":{\"@id\":\"https:\/\/vieassociative.be\/actualites\/#website\"},\"primaryImageOfPage\":{\"@id\":\"https:\/\/vieassociative.be\/actualites\/des-cameras-de-vitesse-dans-le-domaine-de-la-zone-de-police-de-weser-gohl-les-appareils-radar-fixes-sont-nouveaux-ou-ont-ete-deplaces\/#primaryimage\"},\"image\":{\"@id\":\"https:\/\/vieassociative.be\/actualites\/des-cameras-de-vitesse-dans-le-domaine-de-la-zone-de-police-de-weser-gohl-les-appareils-radar-fixes-sont-nouveaux-ou-ont-ete-deplaces\/#primaryimage\"},\"thumbnailUrl\":\"https:\/\/vieassociative.be\/actualites\/wp-content\/uploads\/2025\/05\/1747685985_Des-cameras-de-vitesse-dans-le-domaine-de-la-zone.jpg\",\"datePublished\":\"2025-05-19T20:19:45+00:00\",\"dateModified\":\"2025-05-19T20:19:45+00:00\",\"breadcrumb\":{\"@id\":\"https:\/\/vieassociative.be\/actualites\/des-cameras-de-vitesse-dans-le-domaine-de-la-zone-de-police-de-weser-gohl-les-appareils-radar-fixes-sont-nouveaux-ou-ont-ete-deplaces\/#breadcrumb\"},\"inLanguage\":\"fr-BE\",\"potentialAction\":[{\"@type\":\"ReadAction\",\"target\":[\"https:\/\/vieassociative.be\/actualites\/des-cameras-de-vitesse-dans-le-domaine-de-la-zone-de-police-de-weser-gohl-les-appareils-radar-fixes-sont-nouveaux-ou-ont-ete-deplaces\/\"]}]},{\"@type\":\"ImageObject\",\"inLanguage\":\"fr-BE\",\"@id\":\"https:\/\/vieassociative.be\/actualites\/des-cameras-de-vitesse-dans-le-domaine-de-la-zone-de-police-de-weser-gohl-les-appareils-radar-fixes-sont-nouveaux-ou-ont-ete-deplaces\/#primaryimage\",\"url\":\"https:\/\/vieassociative.be\/actualites\/wp-content\/uploads\/2025\/05\/1747685985_Des-cameras-de-vitesse-dans-le-domaine-de-la-zone.jpg\",\"contentUrl\":\"https:\/\/vieassociative.be\/actualites\/wp-content\/uploads\/2025\/05\/1747685985_Des-cameras-de-vitesse-dans-le-domaine-de-la-zone.jpg\",\"width\":1200,\"height\":900,\"caption\":\"Des cam\u00e9ras de vitesse dans le domaine de la zone de police de Weser-G\u00f6hl: les appareils radar fixes sont nouveaux ou ont \u00e9t\u00e9 d\u00e9plac\u00e9s\"},{\"@type\":\"BreadcrumbList\",\"@id\":\"https:\/\/vieassociative.be\/actualites\/des-cameras-de-vitesse-dans-le-domaine-de-la-zone-de-police-de-weser-gohl-les-appareils-radar-fixes-sont-nouveaux-ou-ont-ete-deplaces\/#breadcrumb\",\"itemListElement\":[{\"@type\":\"ListItem\",\"position\":1,\"name\":\"Accueil\",\"item\":\"https:\/\/vieassociative.be\/actualites\/\"},{\"@type\":\"ListItem\",\"position\":2,\"name\":\"Des cam\u00e9ras de vitesse dans le domaine de la zone de police de Weser-G\u00f6hl: les appareils radar fixes sont nouveaux ou ont \u00e9t\u00e9 d\u00e9plac\u00e9s\"}]},{\"@type\":\"WebSite\",\"@id\":\"https:\/\/vieassociative.be\/actualites\/#website\",\"url\":\"https:\/\/vieassociative.be\/actualites\/\",\"name\":\"Vie Associative\",\"description\":\"\",\"publisher\":{\"@id\":\"https:\/\/vieassociative.be\/actualites\/#organization\"},\"potentialAction\":[{\"@type\":\"SearchAction\",\"target\":{\"@type\":\"EntryPoint\",\"urlTemplate\":\"https:\/\/vieassociative.be\/actualites\/?s={search_term_string}\"},\"query-input\":{\"@type\":\"PropertyValueSpecification\",\"valueRequired\":true,\"valueName\":\"search_term_string\"}}],\"inLanguage\":\"fr-BE\"},{\"@type\":\"Organization\",\"@id\":\"https:\/\/vieassociative.be\/actualites\/#organization\",\"name\":\"Vie Associative\",\"url\":\"https:\/\/vieassociative.be\/actualites\/\",\"logo\":{\"@type\":\"ImageObject\",\"inLanguage\":\"fr-BE\",\"@id\":\"https:\/\/vieassociative.be\/actualites\/#\/schema\/logo\/image\/\",\"url\":\"https:\/\/vieassociative.be\/actualites\/wp-content\/uploads\/2024\/09\/cropped-vieassociative_favicon.ico.png\",\"contentUrl\":\"https:\/\/vieassociative.be\/actualites\/wp-content\/uploads\/2024\/09\/cropped-vieassociative_favicon.ico.png\",\"width\":512,\"height\":512,\"caption\":\"Vie Associative\"},\"image\":{\"@id\":\"https:\/\/vieassociative.be\/actualites\/#\/schema\/logo\/image\/\"}},{\"@type\":\"Person\",\"@id\":\"https:\/\/vieassociative.be\/actualites\/#\/schema\/person\/b87ac4f82f9d4e7b7cec7395b679edc4\",\"name\":\"Julien\",\"image\":{\"@type\":\"ImageObject\",\"inLanguage\":\"fr-BE\",\"@id\":\"https:\/\/vieassociative.be\/actualites\/#\/schema\/person\/image\/\",\"url\":\"https:\/\/vieassociative.be\/actualites\/wp-content\/uploads\/2024\/09\/vie-associative-1-150x150.jpg\",\"contentUrl\":\"https:\/\/vieassociative.be\/actualites\/wp-content\/uploads\/2024\/09\/vie-associative-1-150x150.jpg\",\"caption\":\"Julien\"},\"description\":\"Je suis Julien, r\u00e9dacteur pour Vie Associative. Passionn\u00e9 par le monde associatif depuis plus de 10 ans, j'ai \u00e0 c\u0153ur de partager des histoires inspirantes et de mettre en lumi\u00e8re les initiatives locales. Mon objectif est de sensibiliser et d'encourager l'engagement communautaire \u00e0 travers mes articles.\",\"sameAs\":[\"https:\/\/vieassociative.be\/\"]}]}<\/script>\n<!-- \/ Yoast SEO plugin. -->","yoast_head_json":{"title":"Des cam\u00e9ras de vitesse dans le domaine de la zone de police de Weser-G\u00f6hl: les appareils radar fixes sont nouveaux ou ont \u00e9t\u00e9 d\u00e9plac\u00e9s | Vie Associative","robots":{"index":"index","follow":"follow","max-snippet":"max-snippet:-1","max-image-preview":"max-image-preview:large","max-video-preview":"max-video-preview:-1"},"canonical":"https:\/\/vieassociative.be\/actualites\/des-cameras-de-vitesse-dans-le-domaine-de-la-zone-de-police-de-weser-gohl-les-appareils-radar-fixes-sont-nouveaux-ou-ont-ete-deplaces\/","og_locale":"fr_FR","og_type":"article","og_title":"Des cam\u00e9ras de vitesse dans le domaine de la zone de police de Weser-G\u00f6hl: les appareils radar fixes sont nouveaux ou ont \u00e9t\u00e9 d\u00e9plac\u00e9s | Vie Associative","og_description":"Comme la zone de police de Weser-G\u00f6hl l&rsquo;a annonc\u00e9 lundi, plusieurs dispositifs radar fixes ont \u00e9t\u00e9 m\u00e9lang\u00e9s dans la zone des municipalit\u00e9s d&rsquo;Eupen, Kelmis, Lontzen","og_url":"https:\/\/vieassociative.be\/actualites\/des-cameras-de-vitesse-dans-le-domaine-de-la-zone-de-police-de-weser-gohl-les-appareils-radar-fixes-sont-nouveaux-ou-ont-ete-deplaces\/","og_site_name":"Vie Associative","article_published_time":"2025-05-19T20:19:45+00:00","og_image":[{"width":279,"height":92,"url":"https:\/\/vieassociative.be\/actualites\/wp-content\/uploads\/2024\/09\/header_backgroundk-01-e1726694325946.png","type":"image\/png"}],"author":"Julien","twitter_card":"summary_large_image","twitter_misc":{"\u00c9crit par":"Julien","Dur\u00e9e de lecture est.":"3 minutes"},"schema":{"@context":"https:\/\/schema.org","@graph":[{"@type":"Article","@id":"https:\/\/vieassociative.be\/actualites\/des-cameras-de-vitesse-dans-le-domaine-de-la-zone-de-police-de-weser-gohl-les-appareils-radar-fixes-sont-nouveaux-ou-ont-ete-deplaces\/#article","isPartOf":{"@id":"https:\/\/vieassociative.be\/actualites\/des-cameras-de-vitesse-dans-le-domaine-de-la-zone-de-police-de-weser-gohl-les-appareils-radar-fixes-sont-nouveaux-ou-ont-ete-deplaces\/"},"author":{"name":"Julien","@id":"https:\/\/vieassociative.be\/actualites\/#\/schema\/person\/b87ac4f82f9d4e7b7cec7395b679edc4"},"headline":"Des cam\u00e9ras de vitesse dans le domaine de la zone de police de Weser-G\u00f6hl: les appareils radar fixes sont nouveaux ou ont \u00e9t\u00e9 d\u00e9plac\u00e9s","datePublished":"2025-05-19T20:19:45+00:00","dateModified":"2025-05-19T20:19:45+00:00","mainEntityOfPage":{"@id":"https:\/\/vieassociative.be\/actualites\/des-cameras-de-vitesse-dans-le-domaine-de-la-zone-de-police-de-weser-gohl-les-appareils-radar-fixes-sont-nouveaux-ou-ont-ete-deplaces\/"},"wordCount":668,"publisher":{"@id":"https:\/\/vieassociative.be\/actualites\/#organization"},"image":{"@id":"https:\/\/vieassociative.be\/actualites\/des-cameras-de-vitesse-dans-le-domaine-de-la-zone-de-police-de-weser-gohl-les-appareils-radar-fixes-sont-nouveaux-ou-ont-ete-deplaces\/#primaryimage"},"thumbnailUrl":"https:\/\/vieassociative.be\/actualites\/wp-content\/uploads\/2025\/05\/1747685985_Des-cameras-de-vitesse-dans-le-domaine-de-la-zone.jpg","keywords":["appareils","cam\u00e9ras","dans","d\u00e9plac\u00e9s","Des","domaine","\u00e9t\u00e9","fixes","Les","nouveaux","ont","police","radar","sont","vitesse","WeserG\u00f6hl","zone"],"articleSection":["Belgique"],"inLanguage":"fr-BE"},{"@type":"WebPage","@id":"https:\/\/vieassociative.be\/actualites\/des-cameras-de-vitesse-dans-le-domaine-de-la-zone-de-police-de-weser-gohl-les-appareils-radar-fixes-sont-nouveaux-ou-ont-ete-deplaces\/","url":"https:\/\/vieassociative.be\/actualites\/des-cameras-de-vitesse-dans-le-domaine-de-la-zone-de-police-de-weser-gohl-les-appareils-radar-fixes-sont-nouveaux-ou-ont-ete-deplaces\/","name":"Des cam\u00e9ras de vitesse dans le domaine de la zone de police de Weser-G\u00f6hl: les appareils radar fixes sont nouveaux ou ont \u00e9t\u00e9 d\u00e9plac\u00e9s | Vie Associative","isPartOf":{"@id":"https:\/\/vieassociative.be\/actualites\/#website"},"primaryImageOfPage":{"@id":"https:\/\/vieassociative.be\/actualites\/des-cameras-de-vitesse-dans-le-domaine-de-la-zone-de-police-de-weser-gohl-les-appareils-radar-fixes-sont-nouveaux-ou-ont-ete-deplaces\/#primaryimage"},"image":{"@id":"https:\/\/vieassociative.be\/actualites\/des-cameras-de-vitesse-dans-le-domaine-de-la-zone-de-police-de-weser-gohl-les-appareils-radar-fixes-sont-nouveaux-ou-ont-ete-deplaces\/#primaryimage"},"thumbnailUrl":"https:\/\/vieassociative.be\/actualites\/wp-content\/uploads\/2025\/05\/1747685985_Des-cameras-de-vitesse-dans-le-domaine-de-la-zone.jpg","datePublished":"2025-05-19T20:19:45+00:00","dateModified":"2025-05-19T20:19:45+00:00","breadcrumb":{"@id":"https:\/\/vieassociative.be\/actualites\/des-cameras-de-vitesse-dans-le-domaine-de-la-zone-de-police-de-weser-gohl-les-appareils-radar-fixes-sont-nouveaux-ou-ont-ete-deplaces\/#breadcrumb"},"inLanguage":"fr-BE","potentialAction":[{"@type":"ReadAction","target":["https:\/\/vieassociative.be\/actualites\/des-cameras-de-vitesse-dans-le-domaine-de-la-zone-de-police-de-weser-gohl-les-appareils-radar-fixes-sont-nouveaux-ou-ont-ete-deplaces\/"]}]},{"@type":"ImageObject","inLanguage":"fr-BE","@id":"https:\/\/vieassociative.be\/actualites\/des-cameras-de-vitesse-dans-le-domaine-de-la-zone-de-police-de-weser-gohl-les-appareils-radar-fixes-sont-nouveaux-ou-ont-ete-deplaces\/#primaryimage","url":"https:\/\/vieassociative.be\/actualites\/wp-content\/uploads\/2025\/05\/1747685985_Des-cameras-de-vitesse-dans-le-domaine-de-la-zone.jpg","contentUrl":"https:\/\/vieassociative.be\/actualites\/wp-content\/uploads\/2025\/05\/1747685985_Des-cameras-de-vitesse-dans-le-domaine-de-la-zone.jpg","width":1200,"height":900,"caption":"Des cam\u00e9ras de vitesse dans le domaine de la zone de police de Weser-G\u00f6hl: les appareils radar fixes sont nouveaux ou ont \u00e9t\u00e9 d\u00e9plac\u00e9s"},{"@type":"BreadcrumbList","@id":"https:\/\/vieassociative.be\/actualites\/des-cameras-de-vitesse-dans-le-domaine-de-la-zone-de-police-de-weser-gohl-les-appareils-radar-fixes-sont-nouveaux-ou-ont-ete-deplaces\/#breadcrumb","itemListElement":[{"@type":"ListItem","position":1,"name":"Accueil","item":"https:\/\/vieassociative.be\/actualites\/"},{"@type":"ListItem","position":2,"name":"Des cam\u00e9ras de vitesse dans le domaine de la zone de police de Weser-G\u00f6hl: les appareils radar fixes sont nouveaux ou ont \u00e9t\u00e9 d\u00e9plac\u00e9s"}]},{"@type":"WebSite","@id":"https:\/\/vieassociative.be\/actualites\/#website","url":"https:\/\/vieassociative.be\/actualites\/","name":"Vie Associative","description":"","publisher":{"@id":"https:\/\/vieassociative.be\/actualites\/#organization"},"potentialAction":[{"@type":"SearchAction","target":{"@type":"EntryPoint","urlTemplate":"https:\/\/vieassociative.be\/actualites\/?s={search_term_string}"},"query-input":{"@type":"PropertyValueSpecification","valueRequired":true,"valueName":"search_term_string"}}],"inLanguage":"fr-BE"},{"@type":"Organization","@id":"https:\/\/vieassociative.be\/actualites\/#organization","name":"Vie Associative","url":"https:\/\/vieassociative.be\/actualites\/","logo":{"@type":"ImageObject","inLanguage":"fr-BE","@id":"https:\/\/vieassociative.be\/actualites\/#\/schema\/logo\/image\/","url":"https:\/\/vieassociative.be\/actualites\/wp-content\/uploads\/2024\/09\/cropped-vieassociative_favicon.ico.png","contentUrl":"https:\/\/vieassociative.be\/actualites\/wp-content\/uploads\/2024\/09\/cropped-vieassociative_favicon.ico.png","width":512,"height":512,"caption":"Vie Associative"},"image":{"@id":"https:\/\/vieassociative.be\/actualites\/#\/schema\/logo\/image\/"}},{"@type":"Person","@id":"https:\/\/vieassociative.be\/actualites\/#\/schema\/person\/b87ac4f82f9d4e7b7cec7395b679edc4","name":"Julien","image":{"@type":"ImageObject","inLanguage":"fr-BE","@id":"https:\/\/vieassociative.be\/actualites\/#\/schema\/person\/image\/","url":"https:\/\/vieassociative.be\/actualites\/wp-content\/uploads\/2024\/09\/vie-associative-1-150x150.jpg","contentUrl":"https:\/\/vieassociative.be\/actualites\/wp-content\/uploads\/2024\/09\/vie-associative-1-150x150.jpg","caption":"Julien"},"description":"Je suis Julien, r\u00e9dacteur pour Vie Associative. Passionn\u00e9 par le monde associatif depuis plus de 10 ans, j'ai \u00e0 c\u0153ur de partager des histoires inspirantes et de mettre en lumi\u00e8re les initiatives locales. Mon objectif est de sensibiliser et d'encourager l'engagement communautaire \u00e0 travers mes articles.","sameAs":["https:\/\/vieassociative.be\/"]}]}},"_links":{"self":[{"href":"https:\/\/vieassociative.be\/actualites\/wp-json\/wp\/v2\/posts\/7657"}],"collection":[{"href":"https:\/\/vieassociative.be\/actualites\/wp-json\/wp\/v2\/posts"}],"about":[{"href":"https:\/\/vieassociative.be\/actualites\/wp-json\/wp\/v2\/types\/post"}],"author":[{"embeddable":true,"href":"https:\/\/vieassociative.be\/actualites\/wp-json\/wp\/v2\/users\/1"}],"replies":[{"embeddable":true,"href":"https:\/\/vieassociative.be\/actualites\/wp-json\/wp\/v2\/comments?post=7657"}],"version-history":[{"count":0,"href":"https:\/\/vieassociative.be\/actualites\/wp-json\/wp\/v2\/posts\/7657\/revisions"}],"wp:featuredmedia":[{"embeddable":true,"href":"https:\/\/vieassociative.be\/actualites\/wp-json\/wp\/v2\/media\/7658"}],"wp:attachment":[{"href":"https:\/\/vieassociative.be\/actualites\/wp-json\/wp\/v2\/media?parent=7657"}],"wp:term":[{"taxonomy":"category","embeddable":true,"href":"https:\/\/vieassociative.be\/actualites\/wp-json\/wp\/v2\/categories?post=7657"},{"taxonomy":"post_tag","embeddable":true,"href":"https:\/\/vieassociative.be\/actualites\/wp-json\/wp\/v2\/tags?post=7657"}],"curies":[{"name":"wp","href":"https:\/\/api.w.org\/{rel}","templated":true}]}}