{"id":7655,"date":"2025-05-19T21:17:30","date_gmt":"2025-05-19T19:17:30","guid":{"rendered":"https:\/\/vieassociative.be\/actualites\/sept-facons-de-transformer-votre-entree-en-un-espace-plus-fonctionnel\/"},"modified":"2025-05-19T21:17:30","modified_gmt":"2025-05-19T19:17:30","slug":"sept-facons-de-transformer-votre-entree-en-un-espace-plus-fonctionnel","status":"publish","type":"post","link":"https:\/\/vieassociative.be\/actualites\/sept-facons-de-transformer-votre-entree-en-un-espace-plus-fonctionnel\/","title":{"rendered":"Sept fa\u00e7ons de transformer votre entr\u00e9e en un espace plus fonctionnel"},"content":{"rendered":"<div class=\"mt-4 leading-6 md:mb-8\">C&rsquo;est bon pour plus que de rompre vos chaussures et de suspendre votre manteau.<\/div>\n<p><\/p>\n<p>Si vous \u00eates comme la plupart des gens, vous utilisez l&rsquo;entr\u00e9e de votre maison pour accrocher quelques manteaux, stocker une pile de chaussures indisciplin\u00e9e et vous offrir un endroit pour laisser tomber vos cl\u00e9s et le courrier lorsque vous entrez. Si vous avez l&rsquo;espace, vous pouvez l&rsquo;utiliser comme une salle de boue \u00e0 part enti\u00e8re &#8211; un espace pour perdre vos manteaux, vos bottes et vos parapluies avant de marcher dans la maison proprement dite.<\/p>\n<p>Mais votre entr\u00e9e pourrait \u00eatre bien plus que cela, surtout si vous vivez dans un petit espace et que vous devez utiliser chaque pouce de superficie en pieds carr\u00e9s. Ce n&rsquo;est pas parce que c&rsquo;est un espace que vous et vos invit\u00e9s passez sur le chemin ailleurs que vous ne pouvez pas l&rsquo;utiliser \u00e0 d&rsquo;autres fins. Et vous pouvez \u00e9galement am\u00e9liorer l&rsquo;espace pour l&rsquo;exp\u00e9rience des clients, en transformant une salle de transition dont personne ne se souvient dans un espace multifonctionnel. Voici sept options pour tirer le meilleur parti de votre entr\u00e9e.<\/p>\n<h2 id=\"use-it-as-an-office-space\">Utilisez-le comme espace de bureau<\/h2>\n<p>Si jamais vous travaillez \u00e0 domicile ou si vous avez simplement besoin d&rsquo;un espace pour faire des documents de m\u00e9nage ou pour hocher la t\u00eate de vos passe-temps, votre entr\u00e9e peut facilement \u00eatre transform\u00e9e en un petit bureau. Un bureau rabattable qui se compresse dans une unit\u00e9 murale discret lorsqu&rsquo;il n&rsquo;est pas utilis\u00e9, combin\u00e9 avec un tabouret r\u00e9glable ou d&rsquo;autres si\u00e8ges mobiles qui peuvent \u00eatre utilis\u00e9s pour mettre et enlever des chaussures lorsque vous ne travaillez pas, c&rsquo;est tout ce dont vous avez besoin. Si vous avez l&rsquo;espace mural, jetez des \u00e9tag\u00e8res suppl\u00e9mentaires ou un classeur \u00e9troit (ou une pi\u00e8ce combin\u00e9e comme ce classeur \/ support d&rsquo;imprimante \/ \u00e9tag\u00e8re) pour un stockage de bureau maximal dans une empreinte minimale. Lorsque vous ne travaillez pas, vous pouvez tout replier et recommencer instantan\u00e9ment une entr\u00e9e claire.<\/p>\n<h2 id=\"turn-it-into-a-library\">Transformez-le en biblioth\u00e8que<\/h2>\n<p>Besoin d&rsquo;un endroit pour stocker vos livres et configurer un coin de lecture confortable? L&rsquo;entr\u00e9e pourrait \u00eatre cet endroit. Une rang\u00e9e d&rsquo;\u00e9tag\u00e8res (ou un autre stockage de livres) le long d&rsquo;un mur, une petite mais confortable chaise (avec une table de console mince pour des tasses de th\u00e9 ou des cocktails litt\u00e9raires) et un lampadaire qui est id\u00e9al pour la lecture, et vous \u00eates pr\u00eat. Lorsqu&rsquo;il n&rsquo;est pas utilis\u00e9, cette zone peut \u00e9galement d\u00e9finir une ambiance chaleureuse et confortable pour les visiteurs.<\/p>\n<h2 id=\"assemble-a-gallery-display\">Assemblez une exposition de galerie<\/h2>\n<p>Si vous avez beaucoup d&rsquo;\u0153uvres d&rsquo;art, d&rsquo;objets de collection ou de souvenirs \u00e0 afficher, votre entr\u00e9e est un endroit id\u00e9al pour les mettre tous. Accrocher des photos ou installer des \u00e9tag\u00e8res flottantes pour afficher vos articles non seulement embellit l&rsquo;espace, ce qui lui donne un style coh\u00e9rent et personnel, mais il le rend \u00e9galement beaucoup plus invitant aux clients. Au lieu de se d\u00e9placer \u00e0 travers un endroit chaotique ou antiseptique qui les pousse \u00e0 lancer leurs chaussures et \u00e0 entrer dans la partie principale de la maison le plus rapidement possible, votre entr\u00e9e pourrait \u00eatre un endroit que les gens veulent attendre.<\/p>\n<h2 id=\"build-a-conversation-nook\">Construisez un coin de conversation<\/h2>\n<p>Si votre maison n&rsquo;a pas d&rsquo;espace pour s&rsquo;asseoir et discuter sans distractions, votre entr\u00e9e pourrait \u00eatre l&rsquo;endroit id\u00e9al. Si vous avez de la place pour un canap\u00e9 peu profond comme celui-ci, ou une paire de petites chaises d&rsquo;accent comme celles-ci, vous pouvez installer un endroit o\u00f9 vous pouvez visiter avec les invit\u00e9s. Avoir un espace comme celui-ci dans votre entr\u00e9e le rend \u00e9galement id\u00e9al pour ces rencontres occasionnelles avec des voisins &#8211; au lieu de se tenir maladroitement dans l&#8217;embrasure de la porte pendant quinze minutes, invitez-les \u00e0 s&rsquo;asseoir.<\/p>\n<div class=\"pogoClear relative my-10 border-b-(1.5px) border-t-(1.5px) border-dashed border-black py-5 sm:my-14 sm:border-0 sm:py-0\" data-ga-click data-ga-template=\"How-To\" data-ga-module=\"openweb_widget\" data-ga-element=\"openweb_scroll\" data-ga-item=\"openweb_scroll_midpage\" x-cloak x-data=\"{ commentsCount: null, hasComments: false }\" x-init=\"commentsCount = await window.openweb.getMessagesCount(01JVMPVXFWGYHN8YRCCF345T84);\n     hasComments = commentsCount !== null &amp;&amp; commentsCount &gt; 0\"><\/p>\n<div class=\"absolute top-1\/2 hidden w-full -translate-y-1\/2 border-t-(1.5px) border-dashed border-black sm:block\"><\/div>\n<div class=\"relative flex justify-center\">\n<div class=\"flex max-w-max items-center gap-x-3 bg-white px-5\">\n<div class=\"relative\">\n                <span class=\"absolute left-1\/2 top-1\/2 -translate-x-1\/2 -translate-y-1\/2 font-akshar text-sm font-medium text-black\" x-show=\"hasComments\" x-text=\"commentsCount\"><\/span><\/p>\n<p>                <svg class=\"h-8 w-8 text-black\">\n                    <use href=\"http:\/\/lifehacker.com\/images\/icons\/spritemap.svg#sprite-chat-bubble\"><\/use>\n                <\/svg>\n            <\/div>\n<p>            <span class=\"text-sm font-medium text-black\"><\/p>\n<p>                Que pensez-vous jusqu&rsquo;\u00e0 pr\u00e9sent?<br \/>\n                <button class=\"font-semibold text-brand-green underline hover:text-brand-green-700\" onclick=\"window.openweb.scrollToComments('01JVMPVXFWGYHN8YRCCF345T84')\" x-text=\"hasComments ? 'Post a comment.' : 'Be the first to post a comment.'\"><\/button><br \/>\n            <\/span>\n        <\/div>\n<\/p><\/div>\n<\/div>\n<h2 id=\"add-storage\">Ajouter un stockage<\/h2>\n<p>Si vous vous blessez pour un espace de stockage, consid\u00e9rez tout cet espace mural et sol sous-utilis\u00e9 dans votre entr\u00e9e. Vous pouvez ranger n&rsquo;importe quoi l\u00e0-bas, apr\u00e8s tout &#8211; il n&rsquo;a pas besoin d&rsquo;\u00eatre li\u00e9 \u00e0 l&rsquo;entr\u00e9e, et personne ne saura jamais ce qu&rsquo;il y a dans ces tiroirs et ces armoires \u00e0 moins que vous ne leur en disiez. M\u00eame un petit hall peut \u00eatre transform\u00e9 en paradis de stockage avec des \u00e9tag\u00e8res, une garde-robe ou une armoire peu profonde, ou un banc de stockage \u00e0 double usage.<\/p>\n<h2 id=\"use-it-as-a-bar\">Utilisez-le comme barre<\/h2>\n<p>Vous voulez organiser des rassemblements sophistiqu\u00e9s aliment\u00e9s par des lubrifiants sociaux, mais votre bar est actuellement aussi votre comptoir de cuisine? Regardez votre entr\u00e9e. Un chariot de bar \u00e9troit contre un mur pourrait \u00eatre la r\u00e9ponse. Si vous voulez en faire un espace, les gens s&rsquo;attarderont apr\u00e8s avoir s\u00e9curis\u00e9 leurs cocktails, ajoutez des \u00e9tag\u00e8res flottantes \u00e0 des comptoirs (g\u00e9n\u00e9ralement 36-48 pouces de haut) pour d\u00e9poser des verres. Pour vraiment s&rsquo;engager, un r\u00e9frig\u00e9rateur de boissons minces pour la bi\u00e8re, le vin et les m\u00e9langeurs \u00e0 c\u00f4t\u00e9 du chariot de bar est un excellent ajout.<\/p>\n<h2 id=\"turn-it-into-your-family-information-center\">Transformez-le en centre d&rsquo;information familiale<\/h2>\n<p>Votre entr\u00e9e peut \u00eatre l&rsquo;endroit o\u00f9 tout le monde dans la maison sait rechercher des informations quotidiennes. Une planche en li\u00e8ge ou un tableau noir (ou une combinaison) mont\u00e9e dans l&rsquo;entr\u00e9e facilite la t\u00e2che pour tous ceux qui viennent et vont v\u00e9rifier l&rsquo;horaire de la journ\u00e9e, chercher des rappels ou ramasser et d\u00e9poser des articles pour la r\u00e9cup\u00e9ration ult\u00e9rieure. Cela peut \u00eatre une meilleure option que la cuisine, car ce sera le dernier et le premier endroit que les gens verront en quittant ou en entrant dans la maison, augmentant les chances dont vous vous souviendrez r\u00e9ellement des choses que vous vous rappelez. (Lorsque vous avez des invit\u00e9s qui s\u00e9journent, c&rsquo;est aussi un endroit parfait pour marquer des choses comme le mot de passe wifi ou des num\u00e9ros de t\u00e9l\u00e9phone importants.)<\/p>\n","protected":false},"excerpt":{"rendered":"<p>C&rsquo;est bon pour plus que de rompre vos chaussures et de suspendre votre manteau. Si vous \u00eates comme la plupart des gens, vous utilisez l&rsquo;entr\u00e9e<\/p>\n","protected":false},"author":1,"featured_media":7656,"comment_status":"","ping_status":"","sticky":false,"template":"","format":"standard","meta":{"footnotes":""},"categories":[40],"tags":[7076,3284,119,7077,525,1203,8],"class_list":["post-7655","post","type-post","status-publish","format-standard","has-post-thumbnail","hentry","category-maison","tag-entree","tag-espace","tag-facons","tag-fonctionnel","tag-sept","tag-transformer","tag-votre","generate-columns","tablet-grid-50","mobile-grid-100","grid-parent","grid-33"],"yoast_head":"<!-- This site is optimized with the Yoast SEO plugin v24.0 - https:\/\/yoast.com\/wordpress\/plugins\/seo\/ -->\n<title>Sept fa\u00e7ons de transformer votre entr\u00e9e en un espace plus fonctionnel | Vie Associative<\/title>\n<meta name=\"robots\" content=\"index, follow, max-snippet:-1, max-image-preview:large, max-video-preview:-1\" \/>\n<link rel=\"canonical\" href=\"https:\/\/vieassociative.be\/actualites\/sept-facons-de-transformer-votre-entree-en-un-espace-plus-fonctionnel\/\" \/>\n<meta property=\"og:locale\" content=\"fr_FR\" \/>\n<meta property=\"og:type\" content=\"article\" \/>\n<meta property=\"og:title\" content=\"Sept fa\u00e7ons de transformer votre entr\u00e9e en un espace plus fonctionnel | Vie Associative\" \/>\n<meta property=\"og:description\" content=\"C&rsquo;est bon pour plus que de rompre vos chaussures et de suspendre votre manteau. Si vous \u00eates comme la plupart des gens, vous utilisez l&rsquo;entr\u00e9e\" \/>\n<meta property=\"og:url\" content=\"https:\/\/vieassociative.be\/actualites\/sept-facons-de-transformer-votre-entree-en-un-espace-plus-fonctionnel\/\" \/>\n<meta property=\"og:site_name\" content=\"Vie Associative\" \/>\n<meta property=\"article:published_time\" content=\"2025-05-19T19:17:30+00:00\" \/>\n<meta property=\"og:image\" content=\"https:\/\/vieassociative.be\/actualites\/wp-content\/uploads\/2024\/09\/header_backgroundk-01-e1726694325946.png\" \/>\n\t<meta property=\"og:image:width\" content=\"279\" \/>\n\t<meta property=\"og:image:height\" content=\"92\" \/>\n\t<meta property=\"og:image:type\" content=\"image\/png\" \/>\n<meta name=\"author\" content=\"Julien\" \/>\n<meta name=\"twitter:card\" content=\"summary_large_image\" \/>\n<meta name=\"twitter:label1\" content=\"\u00c9crit par\" \/>\n\t<meta name=\"twitter:data1\" content=\"Julien\" \/>\n\t<meta name=\"twitter:label2\" content=\"Dur\u00e9e de lecture est.\" \/>\n\t<meta name=\"twitter:data2\" content=\"5 minutes\" \/>\n<script type=\"application\/ld+json\" class=\"yoast-schema-graph\">{\"@context\":\"https:\/\/schema.org\",\"@graph\":[{\"@type\":\"Article\",\"@id\":\"https:\/\/vieassociative.be\/actualites\/sept-facons-de-transformer-votre-entree-en-un-espace-plus-fonctionnel\/#article\",\"isPartOf\":{\"@id\":\"https:\/\/vieassociative.be\/actualites\/sept-facons-de-transformer-votre-entree-en-un-espace-plus-fonctionnel\/\"},\"author\":{\"name\":\"Julien\",\"@id\":\"https:\/\/vieassociative.be\/actualites\/#\/schema\/person\/b87ac4f82f9d4e7b7cec7395b679edc4\"},\"headline\":\"Sept fa\u00e7ons de transformer votre entr\u00e9e en un espace plus fonctionnel\",\"datePublished\":\"2025-05-19T19:17:30+00:00\",\"dateModified\":\"2025-05-19T19:17:30+00:00\",\"mainEntityOfPage\":{\"@id\":\"https:\/\/vieassociative.be\/actualites\/sept-facons-de-transformer-votre-entree-en-un-espace-plus-fonctionnel\/\"},\"wordCount\":1062,\"publisher\":{\"@id\":\"https:\/\/vieassociative.be\/actualites\/#organization\"},\"image\":{\"@id\":\"https:\/\/vieassociative.be\/actualites\/sept-facons-de-transformer-votre-entree-en-un-espace-plus-fonctionnel\/#primaryimage\"},\"thumbnailUrl\":\"https:\/\/vieassociative.be\/actualites\/wp-content\/uploads\/2025\/05\/Sept-facons-de-transformer-votre-entree-en-un-espace-plus.png\",\"keywords\":[\"entr\u00e9e\",\"espace\",\"fa\u00e7ons\",\"fonctionnel\",\"Sept\",\"transformer\",\"votre\"],\"articleSection\":[\"Maison\"],\"inLanguage\":\"fr-BE\"},{\"@type\":\"WebPage\",\"@id\":\"https:\/\/vieassociative.be\/actualites\/sept-facons-de-transformer-votre-entree-en-un-espace-plus-fonctionnel\/\",\"url\":\"https:\/\/vieassociative.be\/actualites\/sept-facons-de-transformer-votre-entree-en-un-espace-plus-fonctionnel\/\",\"name\":\"Sept fa\u00e7ons de transformer votre entr\u00e9e en un espace plus fonctionnel | Vie Associative\",\"isPartOf\":{\"@id\":\"https:\/\/vieassociative.be\/actualites\/#website\"},\"primaryImageOfPage\":{\"@id\":\"https:\/\/vieassociative.be\/actualites\/sept-facons-de-transformer-votre-entree-en-un-espace-plus-fonctionnel\/#primaryimage\"},\"image\":{\"@id\":\"https:\/\/vieassociative.be\/actualites\/sept-facons-de-transformer-votre-entree-en-un-espace-plus-fonctionnel\/#primaryimage\"},\"thumbnailUrl\":\"https:\/\/vieassociative.be\/actualites\/wp-content\/uploads\/2025\/05\/Sept-facons-de-transformer-votre-entree-en-un-espace-plus.png\",\"datePublished\":\"2025-05-19T19:17:30+00:00\",\"dateModified\":\"2025-05-19T19:17:30+00:00\",\"breadcrumb\":{\"@id\":\"https:\/\/vieassociative.be\/actualites\/sept-facons-de-transformer-votre-entree-en-un-espace-plus-fonctionnel\/#breadcrumb\"},\"inLanguage\":\"fr-BE\",\"potentialAction\":[{\"@type\":\"ReadAction\",\"target\":[\"https:\/\/vieassociative.be\/actualites\/sept-facons-de-transformer-votre-entree-en-un-espace-plus-fonctionnel\/\"]}]},{\"@type\":\"ImageObject\",\"inLanguage\":\"fr-BE\",\"@id\":\"https:\/\/vieassociative.be\/actualites\/sept-facons-de-transformer-votre-entree-en-un-espace-plus-fonctionnel\/#primaryimage\",\"url\":\"https:\/\/vieassociative.be\/actualites\/wp-content\/uploads\/2025\/05\/Sept-facons-de-transformer-votre-entree-en-un-espace-plus.png\",\"contentUrl\":\"https:\/\/vieassociative.be\/actualites\/wp-content\/uploads\/2025\/05\/Sept-facons-de-transformer-votre-entree-en-un-espace-plus.png\",\"width\":1200,\"height\":675,\"caption\":\"Sept fa\u00e7ons de transformer votre entr\u00e9e en un espace plus fonctionnel\"},{\"@type\":\"BreadcrumbList\",\"@id\":\"https:\/\/vieassociative.be\/actualites\/sept-facons-de-transformer-votre-entree-en-un-espace-plus-fonctionnel\/#breadcrumb\",\"itemListElement\":[{\"@type\":\"ListItem\",\"position\":1,\"name\":\"Accueil\",\"item\":\"https:\/\/vieassociative.be\/actualites\/\"},{\"@type\":\"ListItem\",\"position\":2,\"name\":\"Sept fa\u00e7ons de transformer votre entr\u00e9e en un espace plus fonctionnel\"}]},{\"@type\":\"WebSite\",\"@id\":\"https:\/\/vieassociative.be\/actualites\/#website\",\"url\":\"https:\/\/vieassociative.be\/actualites\/\",\"name\":\"Vie Associative\",\"description\":\"\",\"publisher\":{\"@id\":\"https:\/\/vieassociative.be\/actualites\/#organization\"},\"potentialAction\":[{\"@type\":\"SearchAction\",\"target\":{\"@type\":\"EntryPoint\",\"urlTemplate\":\"https:\/\/vieassociative.be\/actualites\/?s={search_term_string}\"},\"query-input\":{\"@type\":\"PropertyValueSpecification\",\"valueRequired\":true,\"valueName\":\"search_term_string\"}}],\"inLanguage\":\"fr-BE\"},{\"@type\":\"Organization\",\"@id\":\"https:\/\/vieassociative.be\/actualites\/#organization\",\"name\":\"Vie Associative\",\"url\":\"https:\/\/vieassociative.be\/actualites\/\",\"logo\":{\"@type\":\"ImageObject\",\"inLanguage\":\"fr-BE\",\"@id\":\"https:\/\/vieassociative.be\/actualites\/#\/schema\/logo\/image\/\",\"url\":\"https:\/\/vieassociative.be\/actualites\/wp-content\/uploads\/2024\/09\/cropped-vieassociative_favicon.ico.png\",\"contentUrl\":\"https:\/\/vieassociative.be\/actualites\/wp-content\/uploads\/2024\/09\/cropped-vieassociative_favicon.ico.png\",\"width\":512,\"height\":512,\"caption\":\"Vie Associative\"},\"image\":{\"@id\":\"https:\/\/vieassociative.be\/actualites\/#\/schema\/logo\/image\/\"}},{\"@type\":\"Person\",\"@id\":\"https:\/\/vieassociative.be\/actualites\/#\/schema\/person\/b87ac4f82f9d4e7b7cec7395b679edc4\",\"name\":\"Julien\",\"image\":{\"@type\":\"ImageObject\",\"inLanguage\":\"fr-BE\",\"@id\":\"https:\/\/vieassociative.be\/actualites\/#\/schema\/person\/image\/\",\"url\":\"https:\/\/vieassociative.be\/actualites\/wp-content\/uploads\/2024\/09\/vie-associative-1-150x150.jpg\",\"contentUrl\":\"https:\/\/vieassociative.be\/actualites\/wp-content\/uploads\/2024\/09\/vie-associative-1-150x150.jpg\",\"caption\":\"Julien\"},\"description\":\"Je suis Julien, r\u00e9dacteur pour Vie Associative. Passionn\u00e9 par le monde associatif depuis plus de 10 ans, j'ai \u00e0 c\u0153ur de partager des histoires inspirantes et de mettre en lumi\u00e8re les initiatives locales. Mon objectif est de sensibiliser et d'encourager l'engagement communautaire \u00e0 travers mes articles.\",\"sameAs\":[\"https:\/\/vieassociative.be\/\"]}]}<\/script>\n<!-- \/ Yoast SEO plugin. -->","yoast_head_json":{"title":"Sept fa\u00e7ons de transformer votre entr\u00e9e en un espace plus fonctionnel | Vie Associative","robots":{"index":"index","follow":"follow","max-snippet":"max-snippet:-1","max-image-preview":"max-image-preview:large","max-video-preview":"max-video-preview:-1"},"canonical":"https:\/\/vieassociative.be\/actualites\/sept-facons-de-transformer-votre-entree-en-un-espace-plus-fonctionnel\/","og_locale":"fr_FR","og_type":"article","og_title":"Sept fa\u00e7ons de transformer votre entr\u00e9e en un espace plus fonctionnel | Vie Associative","og_description":"C&rsquo;est bon pour plus que de rompre vos chaussures et de suspendre votre manteau. Si vous \u00eates comme la plupart des gens, vous utilisez l&rsquo;entr\u00e9e","og_url":"https:\/\/vieassociative.be\/actualites\/sept-facons-de-transformer-votre-entree-en-un-espace-plus-fonctionnel\/","og_site_name":"Vie Associative","article_published_time":"2025-05-19T19:17:30+00:00","og_image":[{"width":279,"height":92,"url":"https:\/\/vieassociative.be\/actualites\/wp-content\/uploads\/2024\/09\/header_backgroundk-01-e1726694325946.png","type":"image\/png"}],"author":"Julien","twitter_card":"summary_large_image","twitter_misc":{"\u00c9crit par":"Julien","Dur\u00e9e de lecture est.":"5 minutes"},"schema":{"@context":"https:\/\/schema.org","@graph":[{"@type":"Article","@id":"https:\/\/vieassociative.be\/actualites\/sept-facons-de-transformer-votre-entree-en-un-espace-plus-fonctionnel\/#article","isPartOf":{"@id":"https:\/\/vieassociative.be\/actualites\/sept-facons-de-transformer-votre-entree-en-un-espace-plus-fonctionnel\/"},"author":{"name":"Julien","@id":"https:\/\/vieassociative.be\/actualites\/#\/schema\/person\/b87ac4f82f9d4e7b7cec7395b679edc4"},"headline":"Sept fa\u00e7ons de transformer votre entr\u00e9e en un espace plus fonctionnel","datePublished":"2025-05-19T19:17:30+00:00","dateModified":"2025-05-19T19:17:30+00:00","mainEntityOfPage":{"@id":"https:\/\/vieassociative.be\/actualites\/sept-facons-de-transformer-votre-entree-en-un-espace-plus-fonctionnel\/"},"wordCount":1062,"publisher":{"@id":"https:\/\/vieassociative.be\/actualites\/#organization"},"image":{"@id":"https:\/\/vieassociative.be\/actualites\/sept-facons-de-transformer-votre-entree-en-un-espace-plus-fonctionnel\/#primaryimage"},"thumbnailUrl":"https:\/\/vieassociative.be\/actualites\/wp-content\/uploads\/2025\/05\/Sept-facons-de-transformer-votre-entree-en-un-espace-plus.png","keywords":["entr\u00e9e","espace","fa\u00e7ons","fonctionnel","Sept","transformer","votre"],"articleSection":["Maison"],"inLanguage":"fr-BE"},{"@type":"WebPage","@id":"https:\/\/vieassociative.be\/actualites\/sept-facons-de-transformer-votre-entree-en-un-espace-plus-fonctionnel\/","url":"https:\/\/vieassociative.be\/actualites\/sept-facons-de-transformer-votre-entree-en-un-espace-plus-fonctionnel\/","name":"Sept fa\u00e7ons de transformer votre entr\u00e9e en un espace plus fonctionnel | Vie Associative","isPartOf":{"@id":"https:\/\/vieassociative.be\/actualites\/#website"},"primaryImageOfPage":{"@id":"https:\/\/vieassociative.be\/actualites\/sept-facons-de-transformer-votre-entree-en-un-espace-plus-fonctionnel\/#primaryimage"},"image":{"@id":"https:\/\/vieassociative.be\/actualites\/sept-facons-de-transformer-votre-entree-en-un-espace-plus-fonctionnel\/#primaryimage"},"thumbnailUrl":"https:\/\/vieassociative.be\/actualites\/wp-content\/uploads\/2025\/05\/Sept-facons-de-transformer-votre-entree-en-un-espace-plus.png","datePublished":"2025-05-19T19:17:30+00:00","dateModified":"2025-05-19T19:17:30+00:00","breadcrumb":{"@id":"https:\/\/vieassociative.be\/actualites\/sept-facons-de-transformer-votre-entree-en-un-espace-plus-fonctionnel\/#breadcrumb"},"inLanguage":"fr-BE","potentialAction":[{"@type":"ReadAction","target":["https:\/\/vieassociative.be\/actualites\/sept-facons-de-transformer-votre-entree-en-un-espace-plus-fonctionnel\/"]}]},{"@type":"ImageObject","inLanguage":"fr-BE","@id":"https:\/\/vieassociative.be\/actualites\/sept-facons-de-transformer-votre-entree-en-un-espace-plus-fonctionnel\/#primaryimage","url":"https:\/\/vieassociative.be\/actualites\/wp-content\/uploads\/2025\/05\/Sept-facons-de-transformer-votre-entree-en-un-espace-plus.png","contentUrl":"https:\/\/vieassociative.be\/actualites\/wp-content\/uploads\/2025\/05\/Sept-facons-de-transformer-votre-entree-en-un-espace-plus.png","width":1200,"height":675,"caption":"Sept fa\u00e7ons de transformer votre entr\u00e9e en un espace plus fonctionnel"},{"@type":"BreadcrumbList","@id":"https:\/\/vieassociative.be\/actualites\/sept-facons-de-transformer-votre-entree-en-un-espace-plus-fonctionnel\/#breadcrumb","itemListElement":[{"@type":"ListItem","position":1,"name":"Accueil","item":"https:\/\/vieassociative.be\/actualites\/"},{"@type":"ListItem","position":2,"name":"Sept fa\u00e7ons de transformer votre entr\u00e9e en un espace plus fonctionnel"}]},{"@type":"WebSite","@id":"https:\/\/vieassociative.be\/actualites\/#website","url":"https:\/\/vieassociative.be\/actualites\/","name":"Vie Associative","description":"","publisher":{"@id":"https:\/\/vieassociative.be\/actualites\/#organization"},"potentialAction":[{"@type":"SearchAction","target":{"@type":"EntryPoint","urlTemplate":"https:\/\/vieassociative.be\/actualites\/?s={search_term_string}"},"query-input":{"@type":"PropertyValueSpecification","valueRequired":true,"valueName":"search_term_string"}}],"inLanguage":"fr-BE"},{"@type":"Organization","@id":"https:\/\/vieassociative.be\/actualites\/#organization","name":"Vie Associative","url":"https:\/\/vieassociative.be\/actualites\/","logo":{"@type":"ImageObject","inLanguage":"fr-BE","@id":"https:\/\/vieassociative.be\/actualites\/#\/schema\/logo\/image\/","url":"https:\/\/vieassociative.be\/actualites\/wp-content\/uploads\/2024\/09\/cropped-vieassociative_favicon.ico.png","contentUrl":"https:\/\/vieassociative.be\/actualites\/wp-content\/uploads\/2024\/09\/cropped-vieassociative_favicon.ico.png","width":512,"height":512,"caption":"Vie Associative"},"image":{"@id":"https:\/\/vieassociative.be\/actualites\/#\/schema\/logo\/image\/"}},{"@type":"Person","@id":"https:\/\/vieassociative.be\/actualites\/#\/schema\/person\/b87ac4f82f9d4e7b7cec7395b679edc4","name":"Julien","image":{"@type":"ImageObject","inLanguage":"fr-BE","@id":"https:\/\/vieassociative.be\/actualites\/#\/schema\/person\/image\/","url":"https:\/\/vieassociative.be\/actualites\/wp-content\/uploads\/2024\/09\/vie-associative-1-150x150.jpg","contentUrl":"https:\/\/vieassociative.be\/actualites\/wp-content\/uploads\/2024\/09\/vie-associative-1-150x150.jpg","caption":"Julien"},"description":"Je suis Julien, r\u00e9dacteur pour Vie Associative. Passionn\u00e9 par le monde associatif depuis plus de 10 ans, j'ai \u00e0 c\u0153ur de partager des histoires inspirantes et de mettre en lumi\u00e8re les initiatives locales. Mon objectif est de sensibiliser et d'encourager l'engagement communautaire \u00e0 travers mes articles.","sameAs":["https:\/\/vieassociative.be\/"]}]}},"_links":{"self":[{"href":"https:\/\/vieassociative.be\/actualites\/wp-json\/wp\/v2\/posts\/7655"}],"collection":[{"href":"https:\/\/vieassociative.be\/actualites\/wp-json\/wp\/v2\/posts"}],"about":[{"href":"https:\/\/vieassociative.be\/actualites\/wp-json\/wp\/v2\/types\/post"}],"author":[{"embeddable":true,"href":"https:\/\/vieassociative.be\/actualites\/wp-json\/wp\/v2\/users\/1"}],"replies":[{"embeddable":true,"href":"https:\/\/vieassociative.be\/actualites\/wp-json\/wp\/v2\/comments?post=7655"}],"version-history":[{"count":0,"href":"https:\/\/vieassociative.be\/actualites\/wp-json\/wp\/v2\/posts\/7655\/revisions"}],"wp:featuredmedia":[{"embeddable":true,"href":"https:\/\/vieassociative.be\/actualites\/wp-json\/wp\/v2\/media\/7656"}],"wp:attachment":[{"href":"https:\/\/vieassociative.be\/actualites\/wp-json\/wp\/v2\/media?parent=7655"}],"wp:term":[{"taxonomy":"category","embeddable":true,"href":"https:\/\/vieassociative.be\/actualites\/wp-json\/wp\/v2\/categories?post=7655"},{"taxonomy":"post_tag","embeddable":true,"href":"https:\/\/vieassociative.be\/actualites\/wp-json\/wp\/v2\/tags?post=7655"}],"curies":[{"name":"wp","href":"https:\/\/api.w.org\/{rel}","templated":true}]}}