{"id":7651,"date":"2025-05-19T16:18:08","date_gmt":"2025-05-19T14:18:08","guid":{"rendered":"https:\/\/vieassociative.be\/actualites\/augmentation-de-la-secheresse-la-commission-de-lue-appelle-a-economiser-de-leau-en-europe-un-bien-fini\/"},"modified":"2025-05-19T16:18:08","modified_gmt":"2025-05-19T14:18:08","slug":"augmentation-de-la-secheresse-la-commission-de-lue-appelle-a-economiser-de-leau-en-europe-un-bien-fini","status":"publish","type":"post","link":"https:\/\/vieassociative.be\/actualites\/augmentation-de-la-secheresse-la-commission-de-lue-appelle-a-economiser-de-leau-en-europe-un-bien-fini\/","title":{"rendered":"Augmentation de la s\u00e9cheresse: la commission de l&rsquo;UE appelle \u00e0 \u00e9conomiser de l&rsquo;eau en Europe &#8211; \u00ab\u00a0Un bien fini\u00a0\u00bb"},"content":{"rendered":"<p><strong>Petite pluie, pr\u00e9occupation croissante: en Europe, plus \u00e9conomique sera manipul\u00e9 avec de l&rsquo;eau \u00e0 l&rsquo;avenir. Bruxelles pr\u00e9voit de soumettre des suggestions avant l&rsquo;\u00e9t\u00e9.<\/strong><\/p>\n<p><span id=\"more-415811\"><\/span>En raison de l&rsquo;augmentation de la s\u00e9cheresse en Europe, la Commission de l&rsquo;UE souhaite sensibiliser davantage les gens aux p\u00e9nuries d&rsquo;eau et les d\u00e9placer pour \u00e9conomiser. Une strat\u00e9gie de l&rsquo;eau devrait \u00eatre pr\u00e9sent\u00e9e avant l&rsquo;\u00e9t\u00e9, a d\u00e9clar\u00e9 la commissaire responsable de l&rsquo;UE \u00e0 l&rsquo;environnement Jessika Roswall.<\/p>\n<div id=\"attachment_191139\" class=\"wp-caption alignleft\" style=\"max-width: 300px\"><img fetchpriority=\"high\" decoding=\"async\" class=\"wp-image-191139 size-medium\" src=\"https:\/\/vieassociative.be\/actualites\/wp-content\/uploads\/2025\/05\/Augmentation-de-la-secheresse-la-commission-de-lUE-appelle-a.jpeg\" alt=\"\" width=\"300\" height=\"200\"  ><\/p>\n<p class=\"wp-caption-text\">18 octobre 2018, Kalterherberg: Dans un site d&rsquo;aspiration pr\u00e8s de Kalterherberg, un employ\u00e9 de la protection civile belge remplit de l&rsquo;eau pour la municipalit\u00e9 de B\u00fctgenbach, qui souffre de s\u00e9cheresse et de manque d&rsquo;eau potable. Photo: Ralf Roeger \/ DMP Press \/ DPA<\/p>\n<\/div>\n<p>Selon Roswall, l&rsquo;objectif est de r\u00e9duire la consommation d&rsquo;eau: \u00ab\u00a0Nous savons que nous avons utilis\u00e9 trop d&rsquo;eau. Nous avons besoin de conscience du probl\u00e8me et d&rsquo;une nouvelle attitude envers l&rsquo;eau\u00a0\u00bb, a d\u00e9clar\u00e9 le commissaire. \u00ab\u00a0L&rsquo;industrie, les agriculteurs, mais en tant que consommateurs, nous devons tous \u00eatre conscients que l&rsquo;eau est un bien limit\u00e9.\u00a0\u00bb<\/p>\n<p><strong>&#8211; Mesurer la consommation dans les m\u00e9nages:<\/strong> Une mesure pourrait \u00eatre de rendre la consommation d&rsquo;eau plus transparente dans les m\u00e9nages. \u00ab\u00a0Si les gens peuvent voir exactement la quantit\u00e9 d&rsquo;eau qu&rsquo;ils utilisent, ils y pensent plus consciemment\u00a0\u00bb, a d\u00e9clar\u00e9 Roswall. Il \u00e9tait similaire pendant la crise \u00e9nerg\u00e9tique lorsque de grandes \u00e9conomies sont devenues soudainement possibles.<\/p>\n<p>En Europe, de nombreux pays souffrent d&rsquo;augmenter les p\u00e9nuries d&rsquo;eau depuis des ann\u00e9es. Si mai 2025 reste en grande partie sans pluie, le printemps 2025 menace de devenir le plus sec depuis le d\u00e9but des dossiers m\u00e9t\u00e9orologiques en 1881. (DPA)<\/p>\n<p><em><strong>Sur le sujet, voir \u00e9galement l&rsquo;article suivant sur OD:<\/strong><\/em><\/p>\n<div class=\"responsive-embed widescreen\">\n<blockquote class=\"wp-embedded-content\" data-secret=\"csxi8O0EuR\">\n<p>Les m\u00e9t\u00e9orologues \u00e0 cause de la construction de la chaleur-up dans l&rsquo;Atlantique Nord: \u00ab\u00a0L&rsquo;Europe menace un \u00e9t\u00e9 de chaleur pire\u00a0\u00bb<\/p>\n<\/blockquote>\n<p><iframe loading=\"lazy\" class=\"wp-embedded-content\" sandbox=\"allow-scripts\" security=\"restricted\" style=\"position: absolute; visibility: hidden;\" title=\"\u201eMeteorologen wegen W\u00e4rmestau im Nordatlantik: \u201eEuropa droht wohl ein schlimmer Hitzesommer\u201c\u201c \u2014 Ostbelgien Direkt\" src=\"https:\/\/ostbelgiendirekt.be\/about:blank\" data-secret=\"csxi8O0EuR\" width=\"500\" height=\"282\" frameborder=\"0\" marginwidth=\"0\" marginheight=\"0\" scrolling=\"no\" data-rocket-lazyload=\"fitvidscompatible\" data-lazy-src=\"https:\/\/ostbelgiendirekt.be\/waermestau-im-nordatlantik-hitzesommer-415538\/embed#?secret=EJ0y6q9ETE#?secret=csxi8O0EuR\"><\/iframe><noscript><iframe class=\"wp-embedded-content\" sandbox=\"allow-scripts\" security=\"restricted\" style=\"position: absolute; visibility: hidden;\" title=\"\u201eMeteorologen wegen W\u00e4rmestau im Nordatlantik: \u201eEuropa droht wohl ein schlimmer Hitzesommer\u201c\u201c \u2014 Ostbelgien Direkt\" src=\"https:\/\/ostbelgiendirekt.be\/waermestau-im-nordatlantik-hitzesommer-415538\/embed#?secret=EJ0y6q9ETE#?secret=csxi8O0EuR\" data-secret=\"csxi8O0EuR\" width=\"500\" height=\"282\" frameborder=\"0\" marginwidth=\"0\" marginheight=\"0\" scrolling=\"no\"><\/iframe><\/noscript><\/p>\n<\/div>\n","protected":false},"excerpt":{"rendered":"<p>Petite pluie, pr\u00e9occupation croissante: en Europe, plus \u00e9conomique sera manipul\u00e9 avec de l&rsquo;eau \u00e0 l&rsquo;avenir. Bruxelles pr\u00e9voit de soumettre des suggestions avant l&rsquo;\u00e9t\u00e9. En raison<\/p>\n","protected":false},"author":1,"featured_media":7652,"comment_status":"","ping_status":"","sticky":false,"template":"","format":"standard","meta":{"footnotes":""},"categories":[298],"tags":[5218,6707,254,3560,1992,5351,7074,1438,3578,1869],"class_list":["post-7651","post","type-post","status-publish","format-standard","has-post-thumbnail","hentry","category-belgique","tag-appelle","tag-augmentation","tag-bien","tag-commission","tag-economiser","tag-europe","tag-fini","tag-leau","tag-lue","tag-secheresse","generate-columns","tablet-grid-50","mobile-grid-100","grid-parent","grid-33"],"yoast_head":"<!-- This site is optimized with the Yoast SEO plugin v24.0 - https:\/\/yoast.com\/wordpress\/plugins\/seo\/ -->\n<title>Augmentation de la s\u00e9cheresse: la commission de l&#039;UE appelle \u00e0 \u00e9conomiser de l&#039;eau en Europe - &quot;Un bien fini&quot; | Vie Associative<\/title>\n<meta name=\"robots\" content=\"index, follow, max-snippet:-1, max-image-preview:large, max-video-preview:-1\" \/>\n<link rel=\"canonical\" href=\"https:\/\/vieassociative.be\/actualites\/augmentation-de-la-secheresse-la-commission-de-lue-appelle-a-economiser-de-leau-en-europe-un-bien-fini\/\" \/>\n<meta property=\"og:locale\" content=\"fr_FR\" \/>\n<meta property=\"og:type\" content=\"article\" \/>\n<meta property=\"og:title\" content=\"Augmentation de la s\u00e9cheresse: la commission de l&#039;UE appelle \u00e0 \u00e9conomiser de l&#039;eau en Europe - &quot;Un bien fini&quot; | Vie Associative\" \/>\n<meta property=\"og:description\" content=\"Petite pluie, pr\u00e9occupation croissante: en Europe, plus \u00e9conomique sera manipul\u00e9 avec de l&rsquo;eau \u00e0 l&rsquo;avenir. Bruxelles pr\u00e9voit de soumettre des suggestions avant l&rsquo;\u00e9t\u00e9. En raison\" \/>\n<meta property=\"og:url\" content=\"https:\/\/vieassociative.be\/actualites\/augmentation-de-la-secheresse-la-commission-de-lue-appelle-a-economiser-de-leau-en-europe-un-bien-fini\/\" \/>\n<meta property=\"og:site_name\" content=\"Vie Associative\" \/>\n<meta property=\"article:published_time\" content=\"2025-05-19T14:18:08+00:00\" \/>\n<meta property=\"og:image\" content=\"https:\/\/vieassociative.be\/actualites\/wp-content\/uploads\/2024\/09\/header_backgroundk-01-e1726694325946.png\" \/>\n\t<meta property=\"og:image:width\" content=\"279\" \/>\n\t<meta property=\"og:image:height\" content=\"92\" \/>\n\t<meta property=\"og:image:type\" content=\"image\/png\" \/>\n<meta name=\"author\" content=\"Julien\" \/>\n<meta name=\"twitter:card\" content=\"summary_large_image\" \/>\n<meta name=\"twitter:label1\" content=\"\u00c9crit par\" \/>\n\t<meta name=\"twitter:data1\" content=\"Julien\" \/>\n\t<meta name=\"twitter:label2\" content=\"Dur\u00e9e de lecture est.\" \/>\n\t<meta name=\"twitter:data2\" content=\"2 minutes\" \/>\n<script type=\"application\/ld+json\" class=\"yoast-schema-graph\">{\"@context\":\"https:\/\/schema.org\",\"@graph\":[{\"@type\":\"Article\",\"@id\":\"https:\/\/vieassociative.be\/actualites\/augmentation-de-la-secheresse-la-commission-de-lue-appelle-a-economiser-de-leau-en-europe-un-bien-fini\/#article\",\"isPartOf\":{\"@id\":\"https:\/\/vieassociative.be\/actualites\/augmentation-de-la-secheresse-la-commission-de-lue-appelle-a-economiser-de-leau-en-europe-un-bien-fini\/\"},\"author\":{\"name\":\"Julien\",\"@id\":\"https:\/\/vieassociative.be\/actualites\/#\/schema\/person\/b87ac4f82f9d4e7b7cec7395b679edc4\"},\"headline\":\"Augmentation de la s\u00e9cheresse: la commission de l&rsquo;UE appelle \u00e0 \u00e9conomiser de l&rsquo;eau en Europe &#8211; \u00ab\u00a0Un bien fini\u00a0\u00bb\",\"datePublished\":\"2025-05-19T14:18:08+00:00\",\"dateModified\":\"2025-05-19T14:18:08+00:00\",\"mainEntityOfPage\":{\"@id\":\"https:\/\/vieassociative.be\/actualites\/augmentation-de-la-secheresse-la-commission-de-lue-appelle-a-economiser-de-leau-en-europe-un-bien-fini\/\"},\"wordCount\":354,\"publisher\":{\"@id\":\"https:\/\/vieassociative.be\/actualites\/#organization\"},\"image\":{\"@id\":\"https:\/\/vieassociative.be\/actualites\/augmentation-de-la-secheresse-la-commission-de-lue-appelle-a-economiser-de-leau-en-europe-un-bien-fini\/#primaryimage\"},\"thumbnailUrl\":\"https:\/\/vieassociative.be\/actualites\/wp-content\/uploads\/2025\/05\/1747664288_Augmentation-de-la-secheresse-la-commission-de-lUE-appelle-a.jpeg\",\"keywords\":[\"appelle\",\"augmentation\",\"bien\",\"Commission\",\"\u00e9conomiser\",\"Europe\",\"fini\",\"leau\",\"LUE\",\"s\u00e9cheresse\"],\"articleSection\":[\"Belgique\"],\"inLanguage\":\"fr-BE\"},{\"@type\":\"WebPage\",\"@id\":\"https:\/\/vieassociative.be\/actualites\/augmentation-de-la-secheresse-la-commission-de-lue-appelle-a-economiser-de-leau-en-europe-un-bien-fini\/\",\"url\":\"https:\/\/vieassociative.be\/actualites\/augmentation-de-la-secheresse-la-commission-de-lue-appelle-a-economiser-de-leau-en-europe-un-bien-fini\/\",\"name\":\"Augmentation de la s\u00e9cheresse: la commission de l'UE appelle \u00e0 \u00e9conomiser de l'eau en Europe - \\\"Un bien fini\\\" | Vie Associative\",\"isPartOf\":{\"@id\":\"https:\/\/vieassociative.be\/actualites\/#website\"},\"primaryImageOfPage\":{\"@id\":\"https:\/\/vieassociative.be\/actualites\/augmentation-de-la-secheresse-la-commission-de-lue-appelle-a-economiser-de-leau-en-europe-un-bien-fini\/#primaryimage\"},\"image\":{\"@id\":\"https:\/\/vieassociative.be\/actualites\/augmentation-de-la-secheresse-la-commission-de-lue-appelle-a-economiser-de-leau-en-europe-un-bien-fini\/#primaryimage\"},\"thumbnailUrl\":\"https:\/\/vieassociative.be\/actualites\/wp-content\/uploads\/2025\/05\/1747664288_Augmentation-de-la-secheresse-la-commission-de-lUE-appelle-a.jpeg\",\"datePublished\":\"2025-05-19T14:18:08+00:00\",\"dateModified\":\"2025-05-19T14:18:08+00:00\",\"breadcrumb\":{\"@id\":\"https:\/\/vieassociative.be\/actualites\/augmentation-de-la-secheresse-la-commission-de-lue-appelle-a-economiser-de-leau-en-europe-un-bien-fini\/#breadcrumb\"},\"inLanguage\":\"fr-BE\",\"potentialAction\":[{\"@type\":\"ReadAction\",\"target\":[\"https:\/\/vieassociative.be\/actualites\/augmentation-de-la-secheresse-la-commission-de-lue-appelle-a-economiser-de-leau-en-europe-un-bien-fini\/\"]}]},{\"@type\":\"ImageObject\",\"inLanguage\":\"fr-BE\",\"@id\":\"https:\/\/vieassociative.be\/actualites\/augmentation-de-la-secheresse-la-commission-de-lue-appelle-a-economiser-de-leau-en-europe-un-bien-fini\/#primaryimage\",\"url\":\"https:\/\/vieassociative.be\/actualites\/wp-content\/uploads\/2025\/05\/1747664288_Augmentation-de-la-secheresse-la-commission-de-lUE-appelle-a.jpeg\",\"contentUrl\":\"https:\/\/vieassociative.be\/actualites\/wp-content\/uploads\/2025\/05\/1747664288_Augmentation-de-la-secheresse-la-commission-de-lUE-appelle-a.jpeg\",\"width\":1000,\"height\":667,\"caption\":\"Augmentation de la s\u00e9cheresse: la commission de l'UE appelle \u00e0 \u00e9conomiser de l'eau en Europe - \\\"Un bien fini\\\"\"},{\"@type\":\"BreadcrumbList\",\"@id\":\"https:\/\/vieassociative.be\/actualites\/augmentation-de-la-secheresse-la-commission-de-lue-appelle-a-economiser-de-leau-en-europe-un-bien-fini\/#breadcrumb\",\"itemListElement\":[{\"@type\":\"ListItem\",\"position\":1,\"name\":\"Accueil\",\"item\":\"https:\/\/vieassociative.be\/actualites\/\"},{\"@type\":\"ListItem\",\"position\":2,\"name\":\"Augmentation de la s\u00e9cheresse: la commission de l&rsquo;UE appelle \u00e0 \u00e9conomiser de l&rsquo;eau en Europe &#8211; \u00ab\u00a0Un bien fini\u00a0\u00bb\"}]},{\"@type\":\"WebSite\",\"@id\":\"https:\/\/vieassociative.be\/actualites\/#website\",\"url\":\"https:\/\/vieassociative.be\/actualites\/\",\"name\":\"Vie Associative\",\"description\":\"\",\"publisher\":{\"@id\":\"https:\/\/vieassociative.be\/actualites\/#organization\"},\"potentialAction\":[{\"@type\":\"SearchAction\",\"target\":{\"@type\":\"EntryPoint\",\"urlTemplate\":\"https:\/\/vieassociative.be\/actualites\/?s={search_term_string}\"},\"query-input\":{\"@type\":\"PropertyValueSpecification\",\"valueRequired\":true,\"valueName\":\"search_term_string\"}}],\"inLanguage\":\"fr-BE\"},{\"@type\":\"Organization\",\"@id\":\"https:\/\/vieassociative.be\/actualites\/#organization\",\"name\":\"Vie Associative\",\"url\":\"https:\/\/vieassociative.be\/actualites\/\",\"logo\":{\"@type\":\"ImageObject\",\"inLanguage\":\"fr-BE\",\"@id\":\"https:\/\/vieassociative.be\/actualites\/#\/schema\/logo\/image\/\",\"url\":\"https:\/\/vieassociative.be\/actualites\/wp-content\/uploads\/2024\/09\/cropped-vieassociative_favicon.ico.png\",\"contentUrl\":\"https:\/\/vieassociative.be\/actualites\/wp-content\/uploads\/2024\/09\/cropped-vieassociative_favicon.ico.png\",\"width\":512,\"height\":512,\"caption\":\"Vie Associative\"},\"image\":{\"@id\":\"https:\/\/vieassociative.be\/actualites\/#\/schema\/logo\/image\/\"}},{\"@type\":\"Person\",\"@id\":\"https:\/\/vieassociative.be\/actualites\/#\/schema\/person\/b87ac4f82f9d4e7b7cec7395b679edc4\",\"name\":\"Julien\",\"image\":{\"@type\":\"ImageObject\",\"inLanguage\":\"fr-BE\",\"@id\":\"https:\/\/vieassociative.be\/actualites\/#\/schema\/person\/image\/\",\"url\":\"https:\/\/vieassociative.be\/actualites\/wp-content\/uploads\/2024\/09\/vie-associative-1-150x150.jpg\",\"contentUrl\":\"https:\/\/vieassociative.be\/actualites\/wp-content\/uploads\/2024\/09\/vie-associative-1-150x150.jpg\",\"caption\":\"Julien\"},\"description\":\"Je suis Julien, r\u00e9dacteur pour Vie Associative. Passionn\u00e9 par le monde associatif depuis plus de 10 ans, j'ai \u00e0 c\u0153ur de partager des histoires inspirantes et de mettre en lumi\u00e8re les initiatives locales. Mon objectif est de sensibiliser et d'encourager l'engagement communautaire \u00e0 travers mes articles.\",\"sameAs\":[\"https:\/\/vieassociative.be\/\"]}]}<\/script>\n<!-- \/ Yoast SEO plugin. -->","yoast_head_json":{"title":"Augmentation de la s\u00e9cheresse: la commission de l'UE appelle \u00e0 \u00e9conomiser de l'eau en Europe - \"Un bien fini\" | Vie Associative","robots":{"index":"index","follow":"follow","max-snippet":"max-snippet:-1","max-image-preview":"max-image-preview:large","max-video-preview":"max-video-preview:-1"},"canonical":"https:\/\/vieassociative.be\/actualites\/augmentation-de-la-secheresse-la-commission-de-lue-appelle-a-economiser-de-leau-en-europe-un-bien-fini\/","og_locale":"fr_FR","og_type":"article","og_title":"Augmentation de la s\u00e9cheresse: la commission de l'UE appelle \u00e0 \u00e9conomiser de l'eau en Europe - \"Un bien fini\" | Vie Associative","og_description":"Petite pluie, pr\u00e9occupation croissante: en Europe, plus \u00e9conomique sera manipul\u00e9 avec de l&rsquo;eau \u00e0 l&rsquo;avenir. Bruxelles pr\u00e9voit de soumettre des suggestions avant l&rsquo;\u00e9t\u00e9. En raison","og_url":"https:\/\/vieassociative.be\/actualites\/augmentation-de-la-secheresse-la-commission-de-lue-appelle-a-economiser-de-leau-en-europe-un-bien-fini\/","og_site_name":"Vie Associative","article_published_time":"2025-05-19T14:18:08+00:00","og_image":[{"width":279,"height":92,"url":"https:\/\/vieassociative.be\/actualites\/wp-content\/uploads\/2024\/09\/header_backgroundk-01-e1726694325946.png","type":"image\/png"}],"author":"Julien","twitter_card":"summary_large_image","twitter_misc":{"\u00c9crit par":"Julien","Dur\u00e9e de lecture est.":"2 minutes"},"schema":{"@context":"https:\/\/schema.org","@graph":[{"@type":"Article","@id":"https:\/\/vieassociative.be\/actualites\/augmentation-de-la-secheresse-la-commission-de-lue-appelle-a-economiser-de-leau-en-europe-un-bien-fini\/#article","isPartOf":{"@id":"https:\/\/vieassociative.be\/actualites\/augmentation-de-la-secheresse-la-commission-de-lue-appelle-a-economiser-de-leau-en-europe-un-bien-fini\/"},"author":{"name":"Julien","@id":"https:\/\/vieassociative.be\/actualites\/#\/schema\/person\/b87ac4f82f9d4e7b7cec7395b679edc4"},"headline":"Augmentation de la s\u00e9cheresse: la commission de l&rsquo;UE appelle \u00e0 \u00e9conomiser de l&rsquo;eau en Europe &#8211; \u00ab\u00a0Un bien fini\u00a0\u00bb","datePublished":"2025-05-19T14:18:08+00:00","dateModified":"2025-05-19T14:18:08+00:00","mainEntityOfPage":{"@id":"https:\/\/vieassociative.be\/actualites\/augmentation-de-la-secheresse-la-commission-de-lue-appelle-a-economiser-de-leau-en-europe-un-bien-fini\/"},"wordCount":354,"publisher":{"@id":"https:\/\/vieassociative.be\/actualites\/#organization"},"image":{"@id":"https:\/\/vieassociative.be\/actualites\/augmentation-de-la-secheresse-la-commission-de-lue-appelle-a-economiser-de-leau-en-europe-un-bien-fini\/#primaryimage"},"thumbnailUrl":"https:\/\/vieassociative.be\/actualites\/wp-content\/uploads\/2025\/05\/1747664288_Augmentation-de-la-secheresse-la-commission-de-lUE-appelle-a.jpeg","keywords":["appelle","augmentation","bien","Commission","\u00e9conomiser","Europe","fini","leau","LUE","s\u00e9cheresse"],"articleSection":["Belgique"],"inLanguage":"fr-BE"},{"@type":"WebPage","@id":"https:\/\/vieassociative.be\/actualites\/augmentation-de-la-secheresse-la-commission-de-lue-appelle-a-economiser-de-leau-en-europe-un-bien-fini\/","url":"https:\/\/vieassociative.be\/actualites\/augmentation-de-la-secheresse-la-commission-de-lue-appelle-a-economiser-de-leau-en-europe-un-bien-fini\/","name":"Augmentation de la s\u00e9cheresse: la commission de l'UE appelle \u00e0 \u00e9conomiser de l'eau en Europe - \"Un bien fini\" | Vie Associative","isPartOf":{"@id":"https:\/\/vieassociative.be\/actualites\/#website"},"primaryImageOfPage":{"@id":"https:\/\/vieassociative.be\/actualites\/augmentation-de-la-secheresse-la-commission-de-lue-appelle-a-economiser-de-leau-en-europe-un-bien-fini\/#primaryimage"},"image":{"@id":"https:\/\/vieassociative.be\/actualites\/augmentation-de-la-secheresse-la-commission-de-lue-appelle-a-economiser-de-leau-en-europe-un-bien-fini\/#primaryimage"},"thumbnailUrl":"https:\/\/vieassociative.be\/actualites\/wp-content\/uploads\/2025\/05\/1747664288_Augmentation-de-la-secheresse-la-commission-de-lUE-appelle-a.jpeg","datePublished":"2025-05-19T14:18:08+00:00","dateModified":"2025-05-19T14:18:08+00:00","breadcrumb":{"@id":"https:\/\/vieassociative.be\/actualites\/augmentation-de-la-secheresse-la-commission-de-lue-appelle-a-economiser-de-leau-en-europe-un-bien-fini\/#breadcrumb"},"inLanguage":"fr-BE","potentialAction":[{"@type":"ReadAction","target":["https:\/\/vieassociative.be\/actualites\/augmentation-de-la-secheresse-la-commission-de-lue-appelle-a-economiser-de-leau-en-europe-un-bien-fini\/"]}]},{"@type":"ImageObject","inLanguage":"fr-BE","@id":"https:\/\/vieassociative.be\/actualites\/augmentation-de-la-secheresse-la-commission-de-lue-appelle-a-economiser-de-leau-en-europe-un-bien-fini\/#primaryimage","url":"https:\/\/vieassociative.be\/actualites\/wp-content\/uploads\/2025\/05\/1747664288_Augmentation-de-la-secheresse-la-commission-de-lUE-appelle-a.jpeg","contentUrl":"https:\/\/vieassociative.be\/actualites\/wp-content\/uploads\/2025\/05\/1747664288_Augmentation-de-la-secheresse-la-commission-de-lUE-appelle-a.jpeg","width":1000,"height":667,"caption":"Augmentation de la s\u00e9cheresse: la commission de l'UE appelle \u00e0 \u00e9conomiser de l'eau en Europe - \"Un bien fini\""},{"@type":"BreadcrumbList","@id":"https:\/\/vieassociative.be\/actualites\/augmentation-de-la-secheresse-la-commission-de-lue-appelle-a-economiser-de-leau-en-europe-un-bien-fini\/#breadcrumb","itemListElement":[{"@type":"ListItem","position":1,"name":"Accueil","item":"https:\/\/vieassociative.be\/actualites\/"},{"@type":"ListItem","position":2,"name":"Augmentation de la s\u00e9cheresse: la commission de l&rsquo;UE appelle \u00e0 \u00e9conomiser de l&rsquo;eau en Europe &#8211; \u00ab\u00a0Un bien fini\u00a0\u00bb"}]},{"@type":"WebSite","@id":"https:\/\/vieassociative.be\/actualites\/#website","url":"https:\/\/vieassociative.be\/actualites\/","name":"Vie Associative","description":"","publisher":{"@id":"https:\/\/vieassociative.be\/actualites\/#organization"},"potentialAction":[{"@type":"SearchAction","target":{"@type":"EntryPoint","urlTemplate":"https:\/\/vieassociative.be\/actualites\/?s={search_term_string}"},"query-input":{"@type":"PropertyValueSpecification","valueRequired":true,"valueName":"search_term_string"}}],"inLanguage":"fr-BE"},{"@type":"Organization","@id":"https:\/\/vieassociative.be\/actualites\/#organization","name":"Vie Associative","url":"https:\/\/vieassociative.be\/actualites\/","logo":{"@type":"ImageObject","inLanguage":"fr-BE","@id":"https:\/\/vieassociative.be\/actualites\/#\/schema\/logo\/image\/","url":"https:\/\/vieassociative.be\/actualites\/wp-content\/uploads\/2024\/09\/cropped-vieassociative_favicon.ico.png","contentUrl":"https:\/\/vieassociative.be\/actualites\/wp-content\/uploads\/2024\/09\/cropped-vieassociative_favicon.ico.png","width":512,"height":512,"caption":"Vie Associative"},"image":{"@id":"https:\/\/vieassociative.be\/actualites\/#\/schema\/logo\/image\/"}},{"@type":"Person","@id":"https:\/\/vieassociative.be\/actualites\/#\/schema\/person\/b87ac4f82f9d4e7b7cec7395b679edc4","name":"Julien","image":{"@type":"ImageObject","inLanguage":"fr-BE","@id":"https:\/\/vieassociative.be\/actualites\/#\/schema\/person\/image\/","url":"https:\/\/vieassociative.be\/actualites\/wp-content\/uploads\/2024\/09\/vie-associative-1-150x150.jpg","contentUrl":"https:\/\/vieassociative.be\/actualites\/wp-content\/uploads\/2024\/09\/vie-associative-1-150x150.jpg","caption":"Julien"},"description":"Je suis Julien, r\u00e9dacteur pour Vie Associative. Passionn\u00e9 par le monde associatif depuis plus de 10 ans, j'ai \u00e0 c\u0153ur de partager des histoires inspirantes et de mettre en lumi\u00e8re les initiatives locales. Mon objectif est de sensibiliser et d'encourager l'engagement communautaire \u00e0 travers mes articles.","sameAs":["https:\/\/vieassociative.be\/"]}]}},"_links":{"self":[{"href":"https:\/\/vieassociative.be\/actualites\/wp-json\/wp\/v2\/posts\/7651"}],"collection":[{"href":"https:\/\/vieassociative.be\/actualites\/wp-json\/wp\/v2\/posts"}],"about":[{"href":"https:\/\/vieassociative.be\/actualites\/wp-json\/wp\/v2\/types\/post"}],"author":[{"embeddable":true,"href":"https:\/\/vieassociative.be\/actualites\/wp-json\/wp\/v2\/users\/1"}],"replies":[{"embeddable":true,"href":"https:\/\/vieassociative.be\/actualites\/wp-json\/wp\/v2\/comments?post=7651"}],"version-history":[{"count":0,"href":"https:\/\/vieassociative.be\/actualites\/wp-json\/wp\/v2\/posts\/7651\/revisions"}],"wp:featuredmedia":[{"embeddable":true,"href":"https:\/\/vieassociative.be\/actualites\/wp-json\/wp\/v2\/media\/7652"}],"wp:attachment":[{"href":"https:\/\/vieassociative.be\/actualites\/wp-json\/wp\/v2\/media?parent=7651"}],"wp:term":[{"taxonomy":"category","embeddable":true,"href":"https:\/\/vieassociative.be\/actualites\/wp-json\/wp\/v2\/categories?post=7651"},{"taxonomy":"post_tag","embeddable":true,"href":"https:\/\/vieassociative.be\/actualites\/wp-json\/wp\/v2\/tags?post=7651"}],"curies":[{"name":"wp","href":"https:\/\/api.w.org\/{rel}","templated":true}]}}