{"id":7643,"date":"2025-05-19T04:19:53","date_gmt":"2025-05-19T02:19:53","guid":{"rendered":"https:\/\/vieassociative.be\/actualites\/grand-fete-de-promotion-a-cologne-relegation-avec-elversberg\/"},"modified":"2025-05-19T04:19:53","modified_gmt":"2025-05-19T02:19:53","slug":"grand-fete-de-promotion-a-cologne-relegation-avec-elversberg","status":"publish","type":"post","link":"https:\/\/vieassociative.be\/actualites\/grand-fete-de-promotion-a-cologne-relegation-avec-elversberg\/","title":{"rendered":"Grand f\u00eate de promotion \u00e0 Cologne &#8211; rel\u00e9gation avec Elversberg"},"content":{"rendered":"<p><strong>Seuls les fans ravis de 1. Le FC K\u00f6ln a pris d&rsquo;assaut la pelouse avec le coup de sifflet final, puis l&rsquo;Effzeh a m\u00eame re\u00e7u la coquille de championnat de la deuxi\u00e8me division comme couronnement d&rsquo;un dimanche parfait. Le club traditionnel est de retour dans la Bundesliga apr\u00e8s un souverain 4: 0 (2: 0) contre 1. FC Kaisrslautern et a d\u00e9moli la derni\u00e8re poign\u00e9e sur Hamburger SV.<\/strong><\/p>\n<p><span id=\"more-415773\"><\/span>\u00ab\u00a0Friedhelm nous a parfaitement mis. Ce calme qu&rsquo;il apporte. Ce n&rsquo;est que de la folie\u00a0\u00bb, a d\u00e9clar\u00e9 le d\u00e9fenseur Dominique Heintz \u00e0 Sky \u00e0 propos de l&rsquo;entra\u00eeneur-chef Friedhelm Funkel. \u00ab\u00a0Cela ne me d\u00e9rangerait pas s&rsquo;il est rest\u00e9 avec nous pendant une autre ann\u00e9e.\u00a0\u00bb<\/p>\n<p>L&rsquo;homme de 71 ans, qui n&rsquo;a succ\u00e9d\u00e9 \u00e0 Gerhard Struber il y a pr\u00e8s de deux semaines et a r\u00e9ussi \u00e0 terminer le projet imm\u00e9diatement avec deux victoires, a failli \u00eatre sous l&rsquo;agitation de Cologne-M\u00fcngersdorf. Funkel a saut\u00e9 de haut en bas avec joie et a fi\u00e8rement montr\u00e9 un prox\u00e9n\u00e8te d&rsquo;escalade sur son club. Le HSV est en tant qu&rsquo;homme promu depuis le week-end dernier.<\/p>\n<div id=\"attachment_415779\" class=\"wp-caption alignleft\" style=\"max-width: 300px\"><img fetchpriority=\"high\" decoding=\"async\" class=\"wp-image-415779 size-medium\" src=\"https:\/\/vieassociative.be\/actualites\/wp-content\/uploads\/2025\/05\/Grand-fete-de-promotion-a-Cologne-relegation-avec-Elversberg.jpg\" alt=\"\" width=\"300\" height=\"200\"><\/p>\n<p class=\"wp-caption-text\">18 mai 2025, Rhin-Westphalie du Nord, Gelsenkirchen: les joueurs d&rsquo;Elversberg applaudissent devant les fans apr\u00e8s le match. Photo: David Inderlied \/ DPA<\/p>\n<\/div>\n<p><strong>&#8211; Elversberg exige Heidenheim:<\/strong> SV Elversberg, qui a gagn\u00e9 2-1 (1-0) au FC Schalke 04, pourrait suivre les hamburgers et Cologne jusqu&rsquo;\u00e0 la Bundesliga, et ainsi consolid\u00e9 la troisi\u00e8me place. Jeudi (20h30) la rel\u00e9gation \u00e0 la premi\u00e8re \u00e9tape contre le 1. FC Heidenheim, qui a pris 16 ans dans la Bundesliga. Devant une foule \u00e0 domicile \u00e0 Spiesen-Elversberg, l&rsquo;\u00e9quipe Horst Steffen peut rendre une sensation sportive parfaite au deuxi\u00e8me \u00e9tape le 26 mai.<\/p>\n<p>Eintracht Braunschweig doit \u00e9galement aller \u00e0 la rel\u00e9gation. Le champion allemand de 1967 a re\u00e7u un effondrement sensible de 1: 4 (0: 4) contre 1. FC N\u00fcrnberg dans son propre stade et doit craindre le crash de la 3e division. L&rsquo;entra\u00eeneur Daniel Schering a chang\u00e9 trois fois avant le demi-temps, les premiers spectateurs ont quitt\u00e9 le stade avant le coup de sifflet. Dans la rel\u00e9gation, l&rsquo;\u00e9quipe de troisi\u00e8me division 1. FC Saarbr\u00fccken attend maintenant les 23 et 27 mai.<\/p>\n<\/p>\n<div id=\"attachment_415781\" class=\"wp-caption alignleft\" style=\"max-width: 300px\"><img decoding=\"async\" class=\"wp-image-415781 size-medium\" src=\"https:\/\/vieassociative.be\/actualites\/wp-content\/uploads\/2025\/05\/1747621193_173_Grand-fete-de-promotion-a-Cologne-relegation-avec-Elversberg.jpg\" alt=\"\" width=\"300\" height=\"200\"><\/p>\n<p class=\"wp-caption-text\">18 mai 2025, Rhin-Westphalie du Nord, Cologne: Luca Waldschmidt de Cologne c\u00e9l\u00e8bre la promotion avec le Shell de championnat de deuxi\u00e8me division. Photo: Anke Waelischmiller \/ DPA<\/p>\n<\/div>\n<p><strong>&#8211; Le trio reste sans hasard:<\/strong><br \/>\n Parce que Cologne et Elversberg ont ma\u00eetris\u00e9 avec confiance leurs t\u00e2ches finales, le trio SC Padenerborn suivant, Fortuna D\u00fcsseldorf et Kaisrslautern sont rest\u00e9s sans chance pour les trois premiers. Paderborn a \u00e9galement \u00e9chou\u00e9 et perdu 0: 3 (0: 1) \u00e0 Karlsruher SC. D\u00fcsseldorf a jou\u00e9 2: 4 (1-0) \u00e0 1. FC Magdeburg, le Palatinat est rest\u00e9 sans chance au grimpeur de Cologne.<\/p>\n<p>Parce que l&rsquo;\u00e9quipe de Funkel l&rsquo;a fait s\u00e9rieusement au d\u00e9but de l&rsquo;atmosph\u00e8re exub\u00e9rante. Eric Martel (14e minute) et Luca Waldschmidt (29e) ont pris la d\u00e9cision pr\u00e9liminaire au cours de la premi\u00e8re demi-heure et ont aliment\u00e9 l&rsquo;euphorie \u00e0 Cologne-M\u00fcngersdorf. Florian Kainz (76.) et Mark Uth (87th) ont \u00e9galement rencontr\u00e9. Parce que le HSV a perdu 2: 3 (0: 1) \u00e0 Greuther F\u00fcrth, l&rsquo;Effzeh a m\u00eame pass\u00e9 l&rsquo;ancienne Bundesliga Dino.<\/p>\n<p>Il y avait aussi peu d&rsquo;excitation dans la lutte pour la troisi\u00e8me place. Le SV Elversberg autrefois si petit (il y a dix ans dans la Ligue r\u00e9gionale S\u00fcdwest) a domin\u00e9 dans l&rsquo;\u00e9norme ar\u00e8ne de la Coupe du monde du autre grand FC Schalke 04 (il y a dix ans en Ligue des champions contre le Real Madrid). Lukas Petkov (20e) et Maurice Neubauer (47e) ont ouvert la voie \u00e0 la troisi\u00e8me place pour les Saarlanders. Le but de Schalke de Yassin Ben Balla (85e) \u00e9tait en retard. (DPA)<\/p>\n","protected":false},"excerpt":{"rendered":"<p>Seuls les fans ravis de 1. Le FC K\u00f6ln a pris d&rsquo;assaut la pelouse avec le coup de sifflet final, puis l&rsquo;Effzeh a m\u00eame re\u00e7u<\/p>\n","protected":false},"author":1,"featured_media":7644,"comment_status":"","ping_status":"","sticky":false,"template":"","format":"standard","meta":{"footnotes":""},"categories":[298],"tags":[61,7071,7072,1485,1119,270,3402],"class_list":["post-7643","post","type-post","status-publish","format-standard","has-post-thumbnail","hentry","category-belgique","tag-avec","tag-cologne","tag-elversberg","tag-fete","tag-grand","tag-promotion","tag-relegation","generate-columns","tablet-grid-50","mobile-grid-100","grid-parent","grid-33"],"yoast_head":"<!-- This site is optimized with the Yoast SEO plugin v24.0 - https:\/\/yoast.com\/wordpress\/plugins\/seo\/ -->\n<title>Grand f\u00eate de promotion \u00e0 Cologne - rel\u00e9gation avec Elversberg | Vie Associative<\/title>\n<meta name=\"robots\" content=\"index, follow, max-snippet:-1, max-image-preview:large, max-video-preview:-1\" \/>\n<link rel=\"canonical\" href=\"https:\/\/vieassociative.be\/actualites\/grand-fete-de-promotion-a-cologne-relegation-avec-elversberg\/\" \/>\n<meta property=\"og:locale\" content=\"fr_FR\" \/>\n<meta property=\"og:type\" content=\"article\" \/>\n<meta property=\"og:title\" content=\"Grand f\u00eate de promotion \u00e0 Cologne - rel\u00e9gation avec Elversberg | Vie Associative\" \/>\n<meta property=\"og:description\" content=\"Seuls les fans ravis de 1. Le FC K\u00f6ln a pris d&rsquo;assaut la pelouse avec le coup de sifflet final, puis l&rsquo;Effzeh a m\u00eame re\u00e7u\" \/>\n<meta property=\"og:url\" content=\"https:\/\/vieassociative.be\/actualites\/grand-fete-de-promotion-a-cologne-relegation-avec-elversberg\/\" \/>\n<meta property=\"og:site_name\" content=\"Vie Associative\" \/>\n<meta property=\"article:published_time\" content=\"2025-05-19T02:19:53+00:00\" \/>\n<meta property=\"og:image\" content=\"https:\/\/vieassociative.be\/actualites\/wp-content\/uploads\/2024\/09\/header_backgroundk-01-e1726694325946.png\" \/>\n\t<meta property=\"og:image:width\" content=\"279\" \/>\n\t<meta property=\"og:image:height\" content=\"92\" \/>\n\t<meta property=\"og:image:type\" content=\"image\/png\" \/>\n<meta name=\"author\" content=\"Julien\" \/>\n<meta name=\"twitter:card\" content=\"summary_large_image\" \/>\n<meta name=\"twitter:label1\" content=\"\u00c9crit par\" \/>\n\t<meta name=\"twitter:data1\" content=\"Julien\" \/>\n\t<meta name=\"twitter:label2\" content=\"Dur\u00e9e de lecture est.\" \/>\n\t<meta name=\"twitter:data2\" content=\"3 minutes\" \/>\n<script type=\"application\/ld+json\" class=\"yoast-schema-graph\">{\"@context\":\"https:\/\/schema.org\",\"@graph\":[{\"@type\":\"Article\",\"@id\":\"https:\/\/vieassociative.be\/actualites\/grand-fete-de-promotion-a-cologne-relegation-avec-elversberg\/#article\",\"isPartOf\":{\"@id\":\"https:\/\/vieassociative.be\/actualites\/grand-fete-de-promotion-a-cologne-relegation-avec-elversberg\/\"},\"author\":{\"name\":\"Julien\",\"@id\":\"https:\/\/vieassociative.be\/actualites\/#\/schema\/person\/b87ac4f82f9d4e7b7cec7395b679edc4\"},\"headline\":\"Grand f\u00eate de promotion \u00e0 Cologne &#8211; rel\u00e9gation avec Elversberg\",\"datePublished\":\"2025-05-19T02:19:53+00:00\",\"dateModified\":\"2025-05-19T02:19:53+00:00\",\"mainEntityOfPage\":{\"@id\":\"https:\/\/vieassociative.be\/actualites\/grand-fete-de-promotion-a-cologne-relegation-avec-elversberg\/\"},\"wordCount\":640,\"publisher\":{\"@id\":\"https:\/\/vieassociative.be\/actualites\/#organization\"},\"image\":{\"@id\":\"https:\/\/vieassociative.be\/actualites\/grand-fete-de-promotion-a-cologne-relegation-avec-elversberg\/#primaryimage\"},\"thumbnailUrl\":\"https:\/\/vieassociative.be\/actualites\/wp-content\/uploads\/2025\/05\/1747621193_Grand-fete-de-promotion-a-Cologne-relegation-avec-Elversberg.jpg\",\"keywords\":[\"avec\",\"Cologne\",\"Elversberg\",\"f\u00eate\",\"grand\",\"promotion\",\"rel\u00e9gation\"],\"articleSection\":[\"Belgique\"],\"inLanguage\":\"fr-BE\"},{\"@type\":\"WebPage\",\"@id\":\"https:\/\/vieassociative.be\/actualites\/grand-fete-de-promotion-a-cologne-relegation-avec-elversberg\/\",\"url\":\"https:\/\/vieassociative.be\/actualites\/grand-fete-de-promotion-a-cologne-relegation-avec-elversberg\/\",\"name\":\"Grand f\u00eate de promotion \u00e0 Cologne - rel\u00e9gation avec Elversberg | Vie Associative\",\"isPartOf\":{\"@id\":\"https:\/\/vieassociative.be\/actualites\/#website\"},\"primaryImageOfPage\":{\"@id\":\"https:\/\/vieassociative.be\/actualites\/grand-fete-de-promotion-a-cologne-relegation-avec-elversberg\/#primaryimage\"},\"image\":{\"@id\":\"https:\/\/vieassociative.be\/actualites\/grand-fete-de-promotion-a-cologne-relegation-avec-elversberg\/#primaryimage\"},\"thumbnailUrl\":\"https:\/\/vieassociative.be\/actualites\/wp-content\/uploads\/2025\/05\/1747621193_Grand-fete-de-promotion-a-Cologne-relegation-avec-Elversberg.jpg\",\"datePublished\":\"2025-05-19T02:19:53+00:00\",\"dateModified\":\"2025-05-19T02:19:53+00:00\",\"breadcrumb\":{\"@id\":\"https:\/\/vieassociative.be\/actualites\/grand-fete-de-promotion-a-cologne-relegation-avec-elversberg\/#breadcrumb\"},\"inLanguage\":\"fr-BE\",\"potentialAction\":[{\"@type\":\"ReadAction\",\"target\":[\"https:\/\/vieassociative.be\/actualites\/grand-fete-de-promotion-a-cologne-relegation-avec-elversberg\/\"]}]},{\"@type\":\"ImageObject\",\"inLanguage\":\"fr-BE\",\"@id\":\"https:\/\/vieassociative.be\/actualites\/grand-fete-de-promotion-a-cologne-relegation-avec-elversberg\/#primaryimage\",\"url\":\"https:\/\/vieassociative.be\/actualites\/wp-content\/uploads\/2025\/05\/1747621193_Grand-fete-de-promotion-a-Cologne-relegation-avec-Elversberg.jpg\",\"contentUrl\":\"https:\/\/vieassociative.be\/actualites\/wp-content\/uploads\/2025\/05\/1747621193_Grand-fete-de-promotion-a-Cologne-relegation-avec-Elversberg.jpg\",\"width\":1200,\"height\":801,\"caption\":\"Grand f\u00eate de promotion \u00e0 Cologne - rel\u00e9gation avec Elversberg\"},{\"@type\":\"BreadcrumbList\",\"@id\":\"https:\/\/vieassociative.be\/actualites\/grand-fete-de-promotion-a-cologne-relegation-avec-elversberg\/#breadcrumb\",\"itemListElement\":[{\"@type\":\"ListItem\",\"position\":1,\"name\":\"Accueil\",\"item\":\"https:\/\/vieassociative.be\/actualites\/\"},{\"@type\":\"ListItem\",\"position\":2,\"name\":\"Grand f\u00eate de promotion \u00e0 Cologne &#8211; rel\u00e9gation avec Elversberg\"}]},{\"@type\":\"WebSite\",\"@id\":\"https:\/\/vieassociative.be\/actualites\/#website\",\"url\":\"https:\/\/vieassociative.be\/actualites\/\",\"name\":\"Vie Associative\",\"description\":\"\",\"publisher\":{\"@id\":\"https:\/\/vieassociative.be\/actualites\/#organization\"},\"potentialAction\":[{\"@type\":\"SearchAction\",\"target\":{\"@type\":\"EntryPoint\",\"urlTemplate\":\"https:\/\/vieassociative.be\/actualites\/?s={search_term_string}\"},\"query-input\":{\"@type\":\"PropertyValueSpecification\",\"valueRequired\":true,\"valueName\":\"search_term_string\"}}],\"inLanguage\":\"fr-BE\"},{\"@type\":\"Organization\",\"@id\":\"https:\/\/vieassociative.be\/actualites\/#organization\",\"name\":\"Vie Associative\",\"url\":\"https:\/\/vieassociative.be\/actualites\/\",\"logo\":{\"@type\":\"ImageObject\",\"inLanguage\":\"fr-BE\",\"@id\":\"https:\/\/vieassociative.be\/actualites\/#\/schema\/logo\/image\/\",\"url\":\"https:\/\/vieassociative.be\/actualites\/wp-content\/uploads\/2024\/09\/cropped-vieassociative_favicon.ico.png\",\"contentUrl\":\"https:\/\/vieassociative.be\/actualites\/wp-content\/uploads\/2024\/09\/cropped-vieassociative_favicon.ico.png\",\"width\":512,\"height\":512,\"caption\":\"Vie Associative\"},\"image\":{\"@id\":\"https:\/\/vieassociative.be\/actualites\/#\/schema\/logo\/image\/\"}},{\"@type\":\"Person\",\"@id\":\"https:\/\/vieassociative.be\/actualites\/#\/schema\/person\/b87ac4f82f9d4e7b7cec7395b679edc4\",\"name\":\"Julien\",\"image\":{\"@type\":\"ImageObject\",\"inLanguage\":\"fr-BE\",\"@id\":\"https:\/\/vieassociative.be\/actualites\/#\/schema\/person\/image\/\",\"url\":\"https:\/\/vieassociative.be\/actualites\/wp-content\/uploads\/2024\/09\/vie-associative-1-150x150.jpg\",\"contentUrl\":\"https:\/\/vieassociative.be\/actualites\/wp-content\/uploads\/2024\/09\/vie-associative-1-150x150.jpg\",\"caption\":\"Julien\"},\"description\":\"Je suis Julien, r\u00e9dacteur pour Vie Associative. Passionn\u00e9 par le monde associatif depuis plus de 10 ans, j'ai \u00e0 c\u0153ur de partager des histoires inspirantes et de mettre en lumi\u00e8re les initiatives locales. Mon objectif est de sensibiliser et d'encourager l'engagement communautaire \u00e0 travers mes articles.\",\"sameAs\":[\"https:\/\/vieassociative.be\/\"]}]}<\/script>\n<!-- \/ Yoast SEO plugin. -->","yoast_head_json":{"title":"Grand f\u00eate de promotion \u00e0 Cologne - rel\u00e9gation avec Elversberg | Vie Associative","robots":{"index":"index","follow":"follow","max-snippet":"max-snippet:-1","max-image-preview":"max-image-preview:large","max-video-preview":"max-video-preview:-1"},"canonical":"https:\/\/vieassociative.be\/actualites\/grand-fete-de-promotion-a-cologne-relegation-avec-elversberg\/","og_locale":"fr_FR","og_type":"article","og_title":"Grand f\u00eate de promotion \u00e0 Cologne - rel\u00e9gation avec Elversberg | Vie Associative","og_description":"Seuls les fans ravis de 1. Le FC K\u00f6ln a pris d&rsquo;assaut la pelouse avec le coup de sifflet final, puis l&rsquo;Effzeh a m\u00eame re\u00e7u","og_url":"https:\/\/vieassociative.be\/actualites\/grand-fete-de-promotion-a-cologne-relegation-avec-elversberg\/","og_site_name":"Vie Associative","article_published_time":"2025-05-19T02:19:53+00:00","og_image":[{"width":279,"height":92,"url":"https:\/\/vieassociative.be\/actualites\/wp-content\/uploads\/2024\/09\/header_backgroundk-01-e1726694325946.png","type":"image\/png"}],"author":"Julien","twitter_card":"summary_large_image","twitter_misc":{"\u00c9crit par":"Julien","Dur\u00e9e de lecture est.":"3 minutes"},"schema":{"@context":"https:\/\/schema.org","@graph":[{"@type":"Article","@id":"https:\/\/vieassociative.be\/actualites\/grand-fete-de-promotion-a-cologne-relegation-avec-elversberg\/#article","isPartOf":{"@id":"https:\/\/vieassociative.be\/actualites\/grand-fete-de-promotion-a-cologne-relegation-avec-elversberg\/"},"author":{"name":"Julien","@id":"https:\/\/vieassociative.be\/actualites\/#\/schema\/person\/b87ac4f82f9d4e7b7cec7395b679edc4"},"headline":"Grand f\u00eate de promotion \u00e0 Cologne &#8211; rel\u00e9gation avec Elversberg","datePublished":"2025-05-19T02:19:53+00:00","dateModified":"2025-05-19T02:19:53+00:00","mainEntityOfPage":{"@id":"https:\/\/vieassociative.be\/actualites\/grand-fete-de-promotion-a-cologne-relegation-avec-elversberg\/"},"wordCount":640,"publisher":{"@id":"https:\/\/vieassociative.be\/actualites\/#organization"},"image":{"@id":"https:\/\/vieassociative.be\/actualites\/grand-fete-de-promotion-a-cologne-relegation-avec-elversberg\/#primaryimage"},"thumbnailUrl":"https:\/\/vieassociative.be\/actualites\/wp-content\/uploads\/2025\/05\/1747621193_Grand-fete-de-promotion-a-Cologne-relegation-avec-Elversberg.jpg","keywords":["avec","Cologne","Elversberg","f\u00eate","grand","promotion","rel\u00e9gation"],"articleSection":["Belgique"],"inLanguage":"fr-BE"},{"@type":"WebPage","@id":"https:\/\/vieassociative.be\/actualites\/grand-fete-de-promotion-a-cologne-relegation-avec-elversberg\/","url":"https:\/\/vieassociative.be\/actualites\/grand-fete-de-promotion-a-cologne-relegation-avec-elversberg\/","name":"Grand f\u00eate de promotion \u00e0 Cologne - rel\u00e9gation avec Elversberg | Vie Associative","isPartOf":{"@id":"https:\/\/vieassociative.be\/actualites\/#website"},"primaryImageOfPage":{"@id":"https:\/\/vieassociative.be\/actualites\/grand-fete-de-promotion-a-cologne-relegation-avec-elversberg\/#primaryimage"},"image":{"@id":"https:\/\/vieassociative.be\/actualites\/grand-fete-de-promotion-a-cologne-relegation-avec-elversberg\/#primaryimage"},"thumbnailUrl":"https:\/\/vieassociative.be\/actualites\/wp-content\/uploads\/2025\/05\/1747621193_Grand-fete-de-promotion-a-Cologne-relegation-avec-Elversberg.jpg","datePublished":"2025-05-19T02:19:53+00:00","dateModified":"2025-05-19T02:19:53+00:00","breadcrumb":{"@id":"https:\/\/vieassociative.be\/actualites\/grand-fete-de-promotion-a-cologne-relegation-avec-elversberg\/#breadcrumb"},"inLanguage":"fr-BE","potentialAction":[{"@type":"ReadAction","target":["https:\/\/vieassociative.be\/actualites\/grand-fete-de-promotion-a-cologne-relegation-avec-elversberg\/"]}]},{"@type":"ImageObject","inLanguage":"fr-BE","@id":"https:\/\/vieassociative.be\/actualites\/grand-fete-de-promotion-a-cologne-relegation-avec-elversberg\/#primaryimage","url":"https:\/\/vieassociative.be\/actualites\/wp-content\/uploads\/2025\/05\/1747621193_Grand-fete-de-promotion-a-Cologne-relegation-avec-Elversberg.jpg","contentUrl":"https:\/\/vieassociative.be\/actualites\/wp-content\/uploads\/2025\/05\/1747621193_Grand-fete-de-promotion-a-Cologne-relegation-avec-Elversberg.jpg","width":1200,"height":801,"caption":"Grand f\u00eate de promotion \u00e0 Cologne - rel\u00e9gation avec Elversberg"},{"@type":"BreadcrumbList","@id":"https:\/\/vieassociative.be\/actualites\/grand-fete-de-promotion-a-cologne-relegation-avec-elversberg\/#breadcrumb","itemListElement":[{"@type":"ListItem","position":1,"name":"Accueil","item":"https:\/\/vieassociative.be\/actualites\/"},{"@type":"ListItem","position":2,"name":"Grand f\u00eate de promotion \u00e0 Cologne &#8211; rel\u00e9gation avec Elversberg"}]},{"@type":"WebSite","@id":"https:\/\/vieassociative.be\/actualites\/#website","url":"https:\/\/vieassociative.be\/actualites\/","name":"Vie Associative","description":"","publisher":{"@id":"https:\/\/vieassociative.be\/actualites\/#organization"},"potentialAction":[{"@type":"SearchAction","target":{"@type":"EntryPoint","urlTemplate":"https:\/\/vieassociative.be\/actualites\/?s={search_term_string}"},"query-input":{"@type":"PropertyValueSpecification","valueRequired":true,"valueName":"search_term_string"}}],"inLanguage":"fr-BE"},{"@type":"Organization","@id":"https:\/\/vieassociative.be\/actualites\/#organization","name":"Vie Associative","url":"https:\/\/vieassociative.be\/actualites\/","logo":{"@type":"ImageObject","inLanguage":"fr-BE","@id":"https:\/\/vieassociative.be\/actualites\/#\/schema\/logo\/image\/","url":"https:\/\/vieassociative.be\/actualites\/wp-content\/uploads\/2024\/09\/cropped-vieassociative_favicon.ico.png","contentUrl":"https:\/\/vieassociative.be\/actualites\/wp-content\/uploads\/2024\/09\/cropped-vieassociative_favicon.ico.png","width":512,"height":512,"caption":"Vie Associative"},"image":{"@id":"https:\/\/vieassociative.be\/actualites\/#\/schema\/logo\/image\/"}},{"@type":"Person","@id":"https:\/\/vieassociative.be\/actualites\/#\/schema\/person\/b87ac4f82f9d4e7b7cec7395b679edc4","name":"Julien","image":{"@type":"ImageObject","inLanguage":"fr-BE","@id":"https:\/\/vieassociative.be\/actualites\/#\/schema\/person\/image\/","url":"https:\/\/vieassociative.be\/actualites\/wp-content\/uploads\/2024\/09\/vie-associative-1-150x150.jpg","contentUrl":"https:\/\/vieassociative.be\/actualites\/wp-content\/uploads\/2024\/09\/vie-associative-1-150x150.jpg","caption":"Julien"},"description":"Je suis Julien, r\u00e9dacteur pour Vie Associative. Passionn\u00e9 par le monde associatif depuis plus de 10 ans, j'ai \u00e0 c\u0153ur de partager des histoires inspirantes et de mettre en lumi\u00e8re les initiatives locales. Mon objectif est de sensibiliser et d'encourager l'engagement communautaire \u00e0 travers mes articles.","sameAs":["https:\/\/vieassociative.be\/"]}]}},"_links":{"self":[{"href":"https:\/\/vieassociative.be\/actualites\/wp-json\/wp\/v2\/posts\/7643"}],"collection":[{"href":"https:\/\/vieassociative.be\/actualites\/wp-json\/wp\/v2\/posts"}],"about":[{"href":"https:\/\/vieassociative.be\/actualites\/wp-json\/wp\/v2\/types\/post"}],"author":[{"embeddable":true,"href":"https:\/\/vieassociative.be\/actualites\/wp-json\/wp\/v2\/users\/1"}],"replies":[{"embeddable":true,"href":"https:\/\/vieassociative.be\/actualites\/wp-json\/wp\/v2\/comments?post=7643"}],"version-history":[{"count":0,"href":"https:\/\/vieassociative.be\/actualites\/wp-json\/wp\/v2\/posts\/7643\/revisions"}],"wp:featuredmedia":[{"embeddable":true,"href":"https:\/\/vieassociative.be\/actualites\/wp-json\/wp\/v2\/media\/7644"}],"wp:attachment":[{"href":"https:\/\/vieassociative.be\/actualites\/wp-json\/wp\/v2\/media?parent=7643"}],"wp:term":[{"taxonomy":"category","embeddable":true,"href":"https:\/\/vieassociative.be\/actualites\/wp-json\/wp\/v2\/categories?post=7643"},{"taxonomy":"post_tag","embeddable":true,"href":"https:\/\/vieassociative.be\/actualites\/wp-json\/wp\/v2\/tags?post=7643"}],"curies":[{"name":"wp","href":"https:\/\/api.w.org\/{rel}","templated":true}]}}