{"id":7641,"date":"2025-05-19T03:19:34","date_gmt":"2025-05-19T01:19:34","guid":{"rendered":"https:\/\/vieassociative.be\/actualites\/ce-mini-projecteur-laser-4k-est-de-300-de-reduction-en-ce-moment\/"},"modified":"2025-05-19T03:19:34","modified_gmt":"2025-05-19T01:19:34","slug":"ce-mini-projecteur-laser-4k-est-de-300-de-reduction-en-ce-moment","status":"publish","type":"post","link":"https:\/\/vieassociative.be\/actualites\/ce-mini-projecteur-laser-4k-est-de-300-de-reduction-en-ce-moment\/","title":{"rendered":"Ce mini projecteur laser 4K est de 300 $ de r\u00e9duction en ce moment"},"content":{"rendered":"<p>Si vous \u00eates sur le march\u00e9 pour un mini projecteur laser, le projecteur laser portable Hisense C2 est \u00e0 son prix le plus bas \u00e0 ce jour, selon les outils de suivi des prix, en baisse de 1 999,99 $ \u00e0 1 699,99 $. Une configuration compacte pour les petits espaces de vie ou les voyages, cet impressionnant projecteur poss\u00e8de une qualit\u00e9 comparable \u00e0 celle d&rsquo;un t\u00e9l\u00e9viseur de haute qualit\u00e9. Bien qu&rsquo;il n&rsquo;ait pas la m\u00eame qualit\u00e9 que les mod\u00e8les plus chers comme le Hisense C2 Ultra, c&rsquo;est un projecteur d&rsquo;\u00e9conomie d&rsquo;espace pour une visualisation occasionnelle ou une exp\u00e9rience de jeu sans d\u00e9calage.<\/p>\n<div class=\"pogoClear mb-12 mt-10 rounded-md border-2 border-gray-100 py-7 shadow-xl md:py-6\">\n<div class=\"flex flex-wrap justify-between px-7 text-black no-underline md:flex-nowrap md:px-8\">\n<div class=\"order-1 mx-auto flex flex-col justify-center md:order-2 md:ml-4 md:w-full md:grow\">\n<div class=\"block cursor-pointer text-center font-akshar text-2xl font-medium leading-7 text-brand-green duration-200 ease-in-out hover:text-brand-green-700 md:text-left md:text-xl md:leading-6\">Hissense C2 4K Mini projecteur\n                <\/div>\n<div class=\"mt-4 hidden md:flex md:justify-between\">\n<div class=\"self-end\">\n<div class=\"mb-0 h-11 md:flex md:flex-col md:justify-center\">\n<div class=\" font-sans leading-4 text-black\">\n<div class=\"flex flex-wrap items-center justify-center gap-x-1 md:justify-start\">\n        <span class=\"font-bold\"><\/p>\n<p>            1 699,99 $<br \/>\n                            <span class=\"font-medium\">\u00e0 Amazon<\/span><br \/>\n                    <\/span>\n            <\/div>\n<div class=\"flex items-center justify-center gap-x-1 font-bold md:justify-start\">\n            <span class=\"text-sm line-through\">1 999,99 $<\/span><br \/>\n            <span class=\"text-sm text-brand-green\">\u00c9conomisez 300,00 $<\/span>\n        <\/div>\n<\/p><\/div>\n<\/p><\/div>\n<\/p><\/div>\n<div class=\"w-44 self-end\">\n                            <button class=\"flex justify-center items-center w-full bg-brand-green text-white text-base font-sans font-medium rounded-md hover:bg-brand-green-700 hover:cursor-pointer md:text-sm h-11\"><\/p>\n<p>    Conclure un accord<br \/>\n<\/button>\n                        <\/div>\n<\/p><\/div>\n<\/p><\/div>\n<div class=\"order-2 mt-5 h-auto w-full md:order-1 md:mt-0 md:hidden\">\n<div class=\"flex aspect-video items-center justify-center\">\n                                            <img decoding=\"async\" class=\"m-0 max-h-full max-w-full rounded-md\" src=\"https:\/\/vieassociative.be\/actualites\/wp-content\/uploads\/2025\/05\/Ce-mini-projecteur-laser-4K-est-de-300-de.jpg\" alt=\"Hissense C2 4K Mini projecteur\" width=\"auto\" height=\"auto\" loading=\"lazy\">\n                                    <\/div>\n<\/p><\/div>\n<div class=\"order-2 ml-2 hidden w-32 shrink-0 items-center md:order-1 md:ml-0 md:flex\">\n<div class=\"flex aspect-video items-center justify-center\">\n                                            <img decoding=\"async\" class=\"m-0 max-h-full max-w-full rounded-md\" src=\"https:\/\/vieassociative.be\/actualites\/wp-content\/uploads\/2025\/05\/Ce-mini-projecteur-laser-4K-est-de-300-de.jpg\" alt=\"Hissense C2 4K Mini projecteur\" width=\"auto\" height=\"auto\" loading=\"lazy\">\n                                    <\/div>\n<\/p><\/div>\n<div class=\"order-3 flex grow flex-wrap md:hidden md:grow-0\">\n<div class=\"mt-4 w-full\">\n                        <button class=\"flex justify-center items-center w-full bg-brand-green text-white text-base font-sans font-medium rounded-md hover:bg-brand-green-700 hover:cursor-pointer md:text-sm h-11\"><\/p>\n<p>    Conclure un accord<br \/>\n<\/button>\n                    <\/div>\n<div class=\"mx-2 mt-4 w-full\">\n<div class=\" font-sans leading-4 text-black\">\n<div class=\"flex flex-wrap items-center justify-center gap-x-1 md:justify-start\">\n        <span class=\"font-bold\"><\/p>\n<p>            1 699,99 $<br \/>\n                            <span class=\"font-medium\">\u00e0 Amazon<\/span><br \/>\n                    <\/span>\n            <\/div>\n<div class=\"flex items-center justify-center gap-x-1 font-bold md:justify-start\">\n            <span class=\"text-sm line-through\">1 999,99 $<\/span><br \/>\n            <span class=\"text-sm text-brand-green\">\u00c9conomisez 300,00 $<\/span>\n        <\/div>\n<\/p><\/div>\n<\/p><\/div>\n<\/p><\/div>\n<\/p><\/div>\n<\/div>\n<p>Le Hisense C2 peut projeter jusqu&rsquo;\u00e0 un \u00e9cran de cin\u00e9ma de 300 pouces, et il a un angle de vision r\u00e9glable pour s&rsquo;aligner avec les \u00e9crans, les murs et les plafonds pr\u00e9cis\u00e9ment pour une configuration plus flexible. Il pr\u00e9sente une image 4K nette et 2000 luminosit\u00e9 ANSI Lumens pour le dynamisme maximal. La fonction Uni unique 4K AI UpScaler transforme des vid\u00e9os de qualit\u00e9 inf\u00e9rieure, telles que des films classiques et des films \u00e0 domicile, en qualit\u00e9 4K cristalline, avec des couleurs vives et pr\u00e9cises. Ceci est r\u00e9alis\u00e9 gr\u00e2ce \u00e0 la conception innovante du laser MCL38 du projecteur, qui exploite la puissance de 4 LED. <\/p>\n<div class=\"pogoClear relative my-10 border-b-(1.5px) border-t-(1.5px) border-dashed border-black py-5 sm:my-14 sm:border-0 sm:py-0\" data-ga-click data-ga-template=\"Deals\" data-ga-module=\"openweb_widget\" data-ga-element=\"openweb_scroll\" data-ga-item=\"openweb_scroll_midpage\" x-cloak x-data=\"{ commentsCount: null, hasComments: false }\" x-init=\"commentsCount = await window.openweb.getMessagesCount(01JVCG07T8N1BC33C935K2ZFKW);\n     hasComments = commentsCount !== null &amp;&amp; commentsCount &gt; 0\"><\/p>\n<div class=\"absolute top-1\/2 hidden w-full -translate-y-1\/2 border-t-(1.5px) border-dashed border-black sm:block\"><\/div>\n<div class=\"relative flex justify-center\">\n<div class=\"flex max-w-max items-center gap-x-3 bg-white px-5\">\n<div class=\"relative\">\n                <span class=\"absolute left-1\/2 top-1\/2 -translate-x-1\/2 -translate-y-1\/2 font-akshar text-sm font-medium text-black\" x-show=\"hasComments\" x-text=\"commentsCount\"><\/span><\/p>\n<p>                <svg class=\"h-8 w-8 text-black\">\n                    <use href=\"http:\/\/lifehacker.com\/images\/icons\/spritemap.svg#sprite-chat-bubble\"><\/use>\n                <\/svg>\n            <\/div>\n<p>            <span class=\"text-sm font-medium text-black\"><\/p>\n<p>                Que pensez-vous jusqu&rsquo;\u00e0 pr\u00e9sent?<br \/>\n                <button class=\"font-semibold text-brand-green underline hover:text-brand-green-700\" onclick=\"window.openweb.scrollToComments('01JVCG07T8N1BC33C935K2ZFKW')\" x-text=\"hasComments ? 'Post a comment.' : 'Be the first to post a comment.'\"><\/button><br \/>\n            <\/span>\n        <\/div>\n<\/p><\/div>\n<\/div>\n<p>Le mod\u00e8le Ultra est livr\u00e9 avec des cloches et des sifflets suppl\u00e9mentaires; Il a un plus grand Lumens ANSI et est un choix plus fort pour les pi\u00e8ces plus lumineuses et les cin\u00e9mas. Il dispose \u00e9galement d&rsquo;une qualit\u00e9 audio plus forte qui ne n\u00e9cessite pas de haut-parleurs externes pour un son sup\u00e9rieur. Cependant, le prix est \u00e9galement consid\u00e9rablement plus \u00e9lev\u00e9 avec une diff\u00e9rence de pr\u00e8s de 800 $. Ils comportent tous deux la m\u00eame r\u00e9solution, la m\u00eame taille de projection et la technologie d&rsquo;affichage. Si vous ne pr\u00e9voyez pas d&rsquo;utiliser ce projecteur dans des pi\u00e8ces tr\u00e8s brillantes ou si vous esp\u00e9rez remplacer un t\u00e9l\u00e9viseur de haute qualit\u00e9, ce mini projecteur pourrait frapper le point id\u00e9al.<\/p>\n","protected":false},"excerpt":{"rendered":"<p>Si vous \u00eates sur le march\u00e9 pour un mini projecteur laser, le projecteur laser portable Hisense C2 est \u00e0 son prix le plus bas \u00e0<\/p>\n","protected":false},"author":1,"featured_media":7642,"comment_status":"","ping_status":"","sticky":false,"template":"","format":"standard","meta":{"footnotes":""},"categories":[13],"tags":[76,1688,1529,1429,1560,308],"class_list":["post-7641","post","type-post","status-publish","format-standard","has-post-thumbnail","hentry","category-technologie","tag-est","tag-laser","tag-mini","tag-moment","tag-projecteur","tag-reduction","generate-columns","tablet-grid-50","mobile-grid-100","grid-parent","grid-33"],"yoast_head":"<!-- This site is optimized with the Yoast SEO plugin v24.0 - https:\/\/yoast.com\/wordpress\/plugins\/seo\/ -->\n<title>Ce mini projecteur laser 4K est de 300 $ de r\u00e9duction en ce moment | Vie Associative<\/title>\n<meta name=\"robots\" content=\"index, follow, max-snippet:-1, max-image-preview:large, max-video-preview:-1\" \/>\n<link rel=\"canonical\" href=\"https:\/\/vieassociative.be\/actualites\/ce-mini-projecteur-laser-4k-est-de-300-de-reduction-en-ce-moment\/\" \/>\n<meta property=\"og:locale\" content=\"fr_FR\" \/>\n<meta property=\"og:type\" content=\"article\" \/>\n<meta property=\"og:title\" content=\"Ce mini projecteur laser 4K est de 300 $ de r\u00e9duction en ce moment | Vie Associative\" \/>\n<meta property=\"og:description\" content=\"Si vous \u00eates sur le march\u00e9 pour un mini projecteur laser, le projecteur laser portable Hisense C2 est \u00e0 son prix le plus bas \u00e0\" \/>\n<meta property=\"og:url\" content=\"https:\/\/vieassociative.be\/actualites\/ce-mini-projecteur-laser-4k-est-de-300-de-reduction-en-ce-moment\/\" \/>\n<meta property=\"og:site_name\" content=\"Vie Associative\" \/>\n<meta property=\"article:published_time\" content=\"2025-05-19T01:19:34+00:00\" \/>\n<meta property=\"og:image\" content=\"https:\/\/vieassociative.be\/actualites\/wp-content\/uploads\/2025\/05\/Ce-mini-projecteur-laser-4K-est-de-300-de.jpg\" \/>\n<meta name=\"author\" content=\"Julien\" \/>\n<meta name=\"twitter:card\" content=\"summary_large_image\" \/>\n<meta name=\"twitter:label1\" content=\"\u00c9crit par\" \/>\n\t<meta name=\"twitter:data1\" content=\"Julien\" \/>\n\t<meta name=\"twitter:label2\" content=\"Dur\u00e9e de lecture est.\" \/>\n\t<meta name=\"twitter:data2\" content=\"2 minutes\" \/>\n<script type=\"application\/ld+json\" class=\"yoast-schema-graph\">{\"@context\":\"https:\/\/schema.org\",\"@graph\":[{\"@type\":\"Article\",\"@id\":\"https:\/\/vieassociative.be\/actualites\/ce-mini-projecteur-laser-4k-est-de-300-de-reduction-en-ce-moment\/#article\",\"isPartOf\":{\"@id\":\"https:\/\/vieassociative.be\/actualites\/ce-mini-projecteur-laser-4k-est-de-300-de-reduction-en-ce-moment\/\"},\"author\":{\"name\":\"Julien\",\"@id\":\"https:\/\/vieassociative.be\/actualites\/#\/schema\/person\/b87ac4f82f9d4e7b7cec7395b679edc4\"},\"headline\":\"Ce mini projecteur laser 4K est de 300 $ de r\u00e9duction en ce moment\",\"datePublished\":\"2025-05-19T01:19:34+00:00\",\"dateModified\":\"2025-05-19T01:19:34+00:00\",\"mainEntityOfPage\":{\"@id\":\"https:\/\/vieassociative.be\/actualites\/ce-mini-projecteur-laser-4k-est-de-300-de-reduction-en-ce-moment\/\"},\"wordCount\":385,\"publisher\":{\"@id\":\"https:\/\/vieassociative.be\/actualites\/#organization\"},\"image\":{\"@id\":\"https:\/\/vieassociative.be\/actualites\/ce-mini-projecteur-laser-4k-est-de-300-de-reduction-en-ce-moment\/#primaryimage\"},\"thumbnailUrl\":\"https:\/\/vieassociative.be\/actualites\/wp-content\/uploads\/2025\/05\/Ce-mini-projecteur-laser-4K-est-de-300-de.png\",\"keywords\":[\"est\",\"laser\",\"Mini\",\"moment\",\"projecteur\",\"r\u00e9duction\"],\"articleSection\":[\"Technologie\"],\"inLanguage\":\"fr-BE\"},{\"@type\":\"WebPage\",\"@id\":\"https:\/\/vieassociative.be\/actualites\/ce-mini-projecteur-laser-4k-est-de-300-de-reduction-en-ce-moment\/\",\"url\":\"https:\/\/vieassociative.be\/actualites\/ce-mini-projecteur-laser-4k-est-de-300-de-reduction-en-ce-moment\/\",\"name\":\"Ce mini projecteur laser 4K est de 300 $ de r\u00e9duction en ce moment | Vie Associative\",\"isPartOf\":{\"@id\":\"https:\/\/vieassociative.be\/actualites\/#website\"},\"primaryImageOfPage\":{\"@id\":\"https:\/\/vieassociative.be\/actualites\/ce-mini-projecteur-laser-4k-est-de-300-de-reduction-en-ce-moment\/#primaryimage\"},\"image\":{\"@id\":\"https:\/\/vieassociative.be\/actualites\/ce-mini-projecteur-laser-4k-est-de-300-de-reduction-en-ce-moment\/#primaryimage\"},\"thumbnailUrl\":\"https:\/\/vieassociative.be\/actualites\/wp-content\/uploads\/2025\/05\/Ce-mini-projecteur-laser-4K-est-de-300-de.png\",\"datePublished\":\"2025-05-19T01:19:34+00:00\",\"dateModified\":\"2025-05-19T01:19:34+00:00\",\"breadcrumb\":{\"@id\":\"https:\/\/vieassociative.be\/actualites\/ce-mini-projecteur-laser-4k-est-de-300-de-reduction-en-ce-moment\/#breadcrumb\"},\"inLanguage\":\"fr-BE\",\"potentialAction\":[{\"@type\":\"ReadAction\",\"target\":[\"https:\/\/vieassociative.be\/actualites\/ce-mini-projecteur-laser-4k-est-de-300-de-reduction-en-ce-moment\/\"]}]},{\"@type\":\"ImageObject\",\"inLanguage\":\"fr-BE\",\"@id\":\"https:\/\/vieassociative.be\/actualites\/ce-mini-projecteur-laser-4k-est-de-300-de-reduction-en-ce-moment\/#primaryimage\",\"url\":\"https:\/\/vieassociative.be\/actualites\/wp-content\/uploads\/2025\/05\/Ce-mini-projecteur-laser-4K-est-de-300-de.png\",\"contentUrl\":\"https:\/\/vieassociative.be\/actualites\/wp-content\/uploads\/2025\/05\/Ce-mini-projecteur-laser-4K-est-de-300-de.png\",\"width\":1200,\"height\":675,\"caption\":\"Ce mini projecteur laser 4K est de 300 $ de r\u00e9duction en ce moment\"},{\"@type\":\"BreadcrumbList\",\"@id\":\"https:\/\/vieassociative.be\/actualites\/ce-mini-projecteur-laser-4k-est-de-300-de-reduction-en-ce-moment\/#breadcrumb\",\"itemListElement\":[{\"@type\":\"ListItem\",\"position\":1,\"name\":\"Accueil\",\"item\":\"https:\/\/vieassociative.be\/actualites\/\"},{\"@type\":\"ListItem\",\"position\":2,\"name\":\"Ce mini projecteur laser 4K est de 300 $ de r\u00e9duction en ce moment\"}]},{\"@type\":\"WebSite\",\"@id\":\"https:\/\/vieassociative.be\/actualites\/#website\",\"url\":\"https:\/\/vieassociative.be\/actualites\/\",\"name\":\"Vie Associative\",\"description\":\"\",\"publisher\":{\"@id\":\"https:\/\/vieassociative.be\/actualites\/#organization\"},\"potentialAction\":[{\"@type\":\"SearchAction\",\"target\":{\"@type\":\"EntryPoint\",\"urlTemplate\":\"https:\/\/vieassociative.be\/actualites\/?s={search_term_string}\"},\"query-input\":{\"@type\":\"PropertyValueSpecification\",\"valueRequired\":true,\"valueName\":\"search_term_string\"}}],\"inLanguage\":\"fr-BE\"},{\"@type\":\"Organization\",\"@id\":\"https:\/\/vieassociative.be\/actualites\/#organization\",\"name\":\"Vie Associative\",\"url\":\"https:\/\/vieassociative.be\/actualites\/\",\"logo\":{\"@type\":\"ImageObject\",\"inLanguage\":\"fr-BE\",\"@id\":\"https:\/\/vieassociative.be\/actualites\/#\/schema\/logo\/image\/\",\"url\":\"https:\/\/vieassociative.be\/actualites\/wp-content\/uploads\/2024\/09\/cropped-vieassociative_favicon.ico.png\",\"contentUrl\":\"https:\/\/vieassociative.be\/actualites\/wp-content\/uploads\/2024\/09\/cropped-vieassociative_favicon.ico.png\",\"width\":512,\"height\":512,\"caption\":\"Vie Associative\"},\"image\":{\"@id\":\"https:\/\/vieassociative.be\/actualites\/#\/schema\/logo\/image\/\"}},{\"@type\":\"Person\",\"@id\":\"https:\/\/vieassociative.be\/actualites\/#\/schema\/person\/b87ac4f82f9d4e7b7cec7395b679edc4\",\"name\":\"Julien\",\"image\":{\"@type\":\"ImageObject\",\"inLanguage\":\"fr-BE\",\"@id\":\"https:\/\/vieassociative.be\/actualites\/#\/schema\/person\/image\/\",\"url\":\"https:\/\/vieassociative.be\/actualites\/wp-content\/uploads\/2024\/09\/vie-associative-1-150x150.jpg\",\"contentUrl\":\"https:\/\/vieassociative.be\/actualites\/wp-content\/uploads\/2024\/09\/vie-associative-1-150x150.jpg\",\"caption\":\"Julien\"},\"description\":\"Je suis Julien, r\u00e9dacteur pour Vie Associative. Passionn\u00e9 par le monde associatif depuis plus de 10 ans, j'ai \u00e0 c\u0153ur de partager des histoires inspirantes et de mettre en lumi\u00e8re les initiatives locales. Mon objectif est de sensibiliser et d'encourager l'engagement communautaire \u00e0 travers mes articles.\",\"sameAs\":[\"https:\/\/vieassociative.be\/\"]}]}<\/script>\n<!-- \/ Yoast SEO plugin. -->","yoast_head_json":{"title":"Ce mini projecteur laser 4K est de 300 $ de r\u00e9duction en ce moment | Vie Associative","robots":{"index":"index","follow":"follow","max-snippet":"max-snippet:-1","max-image-preview":"max-image-preview:large","max-video-preview":"max-video-preview:-1"},"canonical":"https:\/\/vieassociative.be\/actualites\/ce-mini-projecteur-laser-4k-est-de-300-de-reduction-en-ce-moment\/","og_locale":"fr_FR","og_type":"article","og_title":"Ce mini projecteur laser 4K est de 300 $ de r\u00e9duction en ce moment | Vie Associative","og_description":"Si vous \u00eates sur le march\u00e9 pour un mini projecteur laser, le projecteur laser portable Hisense C2 est \u00e0 son prix le plus bas \u00e0","og_url":"https:\/\/vieassociative.be\/actualites\/ce-mini-projecteur-laser-4k-est-de-300-de-reduction-en-ce-moment\/","og_site_name":"Vie Associative","article_published_time":"2025-05-19T01:19:34+00:00","og_image":[{"url":"https:\/\/vieassociative.be\/actualites\/wp-content\/uploads\/2025\/05\/Ce-mini-projecteur-laser-4K-est-de-300-de.jpg","type":"","width":"","height":""}],"author":"Julien","twitter_card":"summary_large_image","twitter_misc":{"\u00c9crit par":"Julien","Dur\u00e9e de lecture est.":"2 minutes"},"schema":{"@context":"https:\/\/schema.org","@graph":[{"@type":"Article","@id":"https:\/\/vieassociative.be\/actualites\/ce-mini-projecteur-laser-4k-est-de-300-de-reduction-en-ce-moment\/#article","isPartOf":{"@id":"https:\/\/vieassociative.be\/actualites\/ce-mini-projecteur-laser-4k-est-de-300-de-reduction-en-ce-moment\/"},"author":{"name":"Julien","@id":"https:\/\/vieassociative.be\/actualites\/#\/schema\/person\/b87ac4f82f9d4e7b7cec7395b679edc4"},"headline":"Ce mini projecteur laser 4K est de 300 $ de r\u00e9duction en ce moment","datePublished":"2025-05-19T01:19:34+00:00","dateModified":"2025-05-19T01:19:34+00:00","mainEntityOfPage":{"@id":"https:\/\/vieassociative.be\/actualites\/ce-mini-projecteur-laser-4k-est-de-300-de-reduction-en-ce-moment\/"},"wordCount":385,"publisher":{"@id":"https:\/\/vieassociative.be\/actualites\/#organization"},"image":{"@id":"https:\/\/vieassociative.be\/actualites\/ce-mini-projecteur-laser-4k-est-de-300-de-reduction-en-ce-moment\/#primaryimage"},"thumbnailUrl":"https:\/\/vieassociative.be\/actualites\/wp-content\/uploads\/2025\/05\/Ce-mini-projecteur-laser-4K-est-de-300-de.png","keywords":["est","laser","Mini","moment","projecteur","r\u00e9duction"],"articleSection":["Technologie"],"inLanguage":"fr-BE"},{"@type":"WebPage","@id":"https:\/\/vieassociative.be\/actualites\/ce-mini-projecteur-laser-4k-est-de-300-de-reduction-en-ce-moment\/","url":"https:\/\/vieassociative.be\/actualites\/ce-mini-projecteur-laser-4k-est-de-300-de-reduction-en-ce-moment\/","name":"Ce mini projecteur laser 4K est de 300 $ de r\u00e9duction en ce moment | Vie Associative","isPartOf":{"@id":"https:\/\/vieassociative.be\/actualites\/#website"},"primaryImageOfPage":{"@id":"https:\/\/vieassociative.be\/actualites\/ce-mini-projecteur-laser-4k-est-de-300-de-reduction-en-ce-moment\/#primaryimage"},"image":{"@id":"https:\/\/vieassociative.be\/actualites\/ce-mini-projecteur-laser-4k-est-de-300-de-reduction-en-ce-moment\/#primaryimage"},"thumbnailUrl":"https:\/\/vieassociative.be\/actualites\/wp-content\/uploads\/2025\/05\/Ce-mini-projecteur-laser-4K-est-de-300-de.png","datePublished":"2025-05-19T01:19:34+00:00","dateModified":"2025-05-19T01:19:34+00:00","breadcrumb":{"@id":"https:\/\/vieassociative.be\/actualites\/ce-mini-projecteur-laser-4k-est-de-300-de-reduction-en-ce-moment\/#breadcrumb"},"inLanguage":"fr-BE","potentialAction":[{"@type":"ReadAction","target":["https:\/\/vieassociative.be\/actualites\/ce-mini-projecteur-laser-4k-est-de-300-de-reduction-en-ce-moment\/"]}]},{"@type":"ImageObject","inLanguage":"fr-BE","@id":"https:\/\/vieassociative.be\/actualites\/ce-mini-projecteur-laser-4k-est-de-300-de-reduction-en-ce-moment\/#primaryimage","url":"https:\/\/vieassociative.be\/actualites\/wp-content\/uploads\/2025\/05\/Ce-mini-projecteur-laser-4K-est-de-300-de.png","contentUrl":"https:\/\/vieassociative.be\/actualites\/wp-content\/uploads\/2025\/05\/Ce-mini-projecteur-laser-4K-est-de-300-de.png","width":1200,"height":675,"caption":"Ce mini projecteur laser 4K est de 300 $ de r\u00e9duction en ce moment"},{"@type":"BreadcrumbList","@id":"https:\/\/vieassociative.be\/actualites\/ce-mini-projecteur-laser-4k-est-de-300-de-reduction-en-ce-moment\/#breadcrumb","itemListElement":[{"@type":"ListItem","position":1,"name":"Accueil","item":"https:\/\/vieassociative.be\/actualites\/"},{"@type":"ListItem","position":2,"name":"Ce mini projecteur laser 4K est de 300 $ de r\u00e9duction en ce moment"}]},{"@type":"WebSite","@id":"https:\/\/vieassociative.be\/actualites\/#website","url":"https:\/\/vieassociative.be\/actualites\/","name":"Vie Associative","description":"","publisher":{"@id":"https:\/\/vieassociative.be\/actualites\/#organization"},"potentialAction":[{"@type":"SearchAction","target":{"@type":"EntryPoint","urlTemplate":"https:\/\/vieassociative.be\/actualites\/?s={search_term_string}"},"query-input":{"@type":"PropertyValueSpecification","valueRequired":true,"valueName":"search_term_string"}}],"inLanguage":"fr-BE"},{"@type":"Organization","@id":"https:\/\/vieassociative.be\/actualites\/#organization","name":"Vie Associative","url":"https:\/\/vieassociative.be\/actualites\/","logo":{"@type":"ImageObject","inLanguage":"fr-BE","@id":"https:\/\/vieassociative.be\/actualites\/#\/schema\/logo\/image\/","url":"https:\/\/vieassociative.be\/actualites\/wp-content\/uploads\/2024\/09\/cropped-vieassociative_favicon.ico.png","contentUrl":"https:\/\/vieassociative.be\/actualites\/wp-content\/uploads\/2024\/09\/cropped-vieassociative_favicon.ico.png","width":512,"height":512,"caption":"Vie Associative"},"image":{"@id":"https:\/\/vieassociative.be\/actualites\/#\/schema\/logo\/image\/"}},{"@type":"Person","@id":"https:\/\/vieassociative.be\/actualites\/#\/schema\/person\/b87ac4f82f9d4e7b7cec7395b679edc4","name":"Julien","image":{"@type":"ImageObject","inLanguage":"fr-BE","@id":"https:\/\/vieassociative.be\/actualites\/#\/schema\/person\/image\/","url":"https:\/\/vieassociative.be\/actualites\/wp-content\/uploads\/2024\/09\/vie-associative-1-150x150.jpg","contentUrl":"https:\/\/vieassociative.be\/actualites\/wp-content\/uploads\/2024\/09\/vie-associative-1-150x150.jpg","caption":"Julien"},"description":"Je suis Julien, r\u00e9dacteur pour Vie Associative. Passionn\u00e9 par le monde associatif depuis plus de 10 ans, j'ai \u00e0 c\u0153ur de partager des histoires inspirantes et de mettre en lumi\u00e8re les initiatives locales. Mon objectif est de sensibiliser et d'encourager l'engagement communautaire \u00e0 travers mes articles.","sameAs":["https:\/\/vieassociative.be\/"]}]}},"_links":{"self":[{"href":"https:\/\/vieassociative.be\/actualites\/wp-json\/wp\/v2\/posts\/7641"}],"collection":[{"href":"https:\/\/vieassociative.be\/actualites\/wp-json\/wp\/v2\/posts"}],"about":[{"href":"https:\/\/vieassociative.be\/actualites\/wp-json\/wp\/v2\/types\/post"}],"author":[{"embeddable":true,"href":"https:\/\/vieassociative.be\/actualites\/wp-json\/wp\/v2\/users\/1"}],"replies":[{"embeddable":true,"href":"https:\/\/vieassociative.be\/actualites\/wp-json\/wp\/v2\/comments?post=7641"}],"version-history":[{"count":0,"href":"https:\/\/vieassociative.be\/actualites\/wp-json\/wp\/v2\/posts\/7641\/revisions"}],"wp:featuredmedia":[{"embeddable":true,"href":"https:\/\/vieassociative.be\/actualites\/wp-json\/wp\/v2\/media\/7642"}],"wp:attachment":[{"href":"https:\/\/vieassociative.be\/actualites\/wp-json\/wp\/v2\/media?parent=7641"}],"wp:term":[{"taxonomy":"category","embeddable":true,"href":"https:\/\/vieassociative.be\/actualites\/wp-json\/wp\/v2\/categories?post=7641"},{"taxonomy":"post_tag","embeddable":true,"href":"https:\/\/vieassociative.be\/actualites\/wp-json\/wp\/v2\/tags?post=7641"}],"curies":[{"name":"wp","href":"https:\/\/api.w.org\/{rel}","templated":true}]}}