{"id":7639,"date":"2025-05-18T22:17:57","date_gmt":"2025-05-18T20:17:57","guid":{"rendered":"https:\/\/vieassociative.be\/actualites\/wout-van-aert-est-le-roi-de-siena-belgian-celebre-sa-50e-victoire-en-carriere-a-piazza-del-campo\/"},"modified":"2025-05-18T22:17:57","modified_gmt":"2025-05-18T20:17:57","slug":"wout-van-aert-est-le-roi-de-siena-belgian-celebre-sa-50e-victoire-en-carriere-a-piazza-del-campo","status":"publish","type":"post","link":"https:\/\/vieassociative.be\/actualites\/wout-van-aert-est-le-roi-de-siena-belgian-celebre-sa-50e-victoire-en-carriere-a-piazza-del-campo\/","title":{"rendered":"Wout van Aert est le roi de Siena-Belgian c\u00e9l\u00e8bre sa 50e victoire en carri\u00e8re \u00e0 Piazza del Campo"},"content":{"rendered":"<p><strong>Un peu plus de 250 jours apr\u00e8s sa chute lors de la derni\u00e8re tourn\u00e9e en Espagne de Vuelta, o\u00f9 il semblait avoir retrouv\u00e9 le meilleur formulaire, Wout van Aert (Visma | Lease a v\u00e9lo) \u00e9tait de retour de retour dimanche et a remport\u00e9 la premi\u00e8re victoire de sa saison dans un endroit historique, la Piazza del Campo \u00e0 Sienne.<\/strong><\/p>\n<p><span id=\"more-415785\"><\/span>\u00ab\u00a0Il est tr\u00e8s sp\u00e9cial pour moi de gagner ici\u00a0\u00bb, a d\u00e9clar\u00e9 Van Aert apr\u00e8s l&rsquo;arriv\u00e9e et la victoire sur sc\u00e8ne. \u00ab\u00a0J&rsquo;ai le sentiment qu&rsquo;ici, au Strade Bianche 2018 (3e), ma carri\u00e8re de rue a vraiment commenc\u00e9 &#8230;\u00a0\u00bb.<\/p>\n<p>Lorsque Van Aert Hochriss \u00e0 Sienne \u00e0 Siena, il a \u00e9t\u00e9 inclus dans le cercle \u00e9troit des professionnels du cyclisme, qui a r\u00e9ussi \u00e0 gagner au moins une \u00e9tape lors des trois tourn\u00e9es (Frankreuch, Italie et Espagne). \u00c0 la Vuelta, Van Aert a remport\u00e9 trois \u00e9tapes jusqu&rsquo;\u00e0 pr\u00e9sent et m\u00eame neuf au Tour de France.<\/p>\n<div id=\"attachment_415795\" class=\"wp-caption alignleft\" style=\"max-width: 300px\"><img fetchpriority=\"high\" decoding=\"async\" class=\"wp-image-415795 size-medium\" src=\"https:\/\/vieassociative.be\/actualites\/wp-content\/uploads\/2025\/05\/Wout-van-Aert-est-le-roi-de-Siena-Belgian-celebre-sa.jpg\" alt=\"\" width=\"300\" height=\"200\"><\/p>\n<p class=\"wp-caption-text\">18.05.2025, Italie, Siena: Wout Van Aert de l&rsquo;\u00e9quipe Visma applaudit \u00e0 la ligne d&rsquo;arriv\u00e9e. Photo: Stefano Cavasino \/ IPA Sport \/ IPA \/ Lovemedia-IPA \/ Zuma Press Wire \/ DPA<\/p>\n<\/div>\n<p>Surtout, apr\u00e8s cette victoire au stade au Giro, le joueur de 30 ans a remport\u00e9 la certitude qu&rsquo;il peut conduire \u00e0 nouveau avec les meilleurs malgr\u00e9 une longue pause sur les blessures. \u00ab\u00a0Tr\u00e8s peu de gens savent \u00e0 quel point cela m&rsquo;a co\u00fbt\u00e9 la force\u00a0\u00bb, a d\u00e9clar\u00e9 le Belguer, qui \u00e9tait proche des larmes.<\/p>\n<p>Pour r\u00e9ussir \u00e0 nouveau plus de huit mois apr\u00e8s la 10e \u00e9tape de la Vuelta 2024, le p\u00e8re de Georges et J\u00e9rome a d\u00fb se r\u00e9inventer. \u00ab\u00a0J&rsquo;\u00e9tais convaincu de mes comp\u00e9tences ce dimanche matin, mais je savais aussi que je ne pouvais pas atteindre le niveau que j&rsquo;avais d\u00e9j\u00e0 sur quelques grandes visites.\u00a0\u00bb<\/p>\n<p>Avec la future nouvelle Rosa Trikot Isaac del Toro, seule au sommet de la course. \u00ab\u00a0Il \u00e9tait vraiment fort!\u00a0\u00bb Van Aert a continu\u00e9. J&rsquo;ai d\u00fb trouver le bon \u00e9quilibre dans la fa\u00e7on dont j&rsquo;ai repris mes d\u00e9tachements, car il incarne \u00e9galement l&rsquo;un des rivaux de mes co\u00e9quipiers (Yates) pour le classement g\u00e9n\u00e9ral. Mon grand avantage \u00e9tait que je connaissais parfaitement le dernier kilom\u00e8tre et savais \u00e0 quel point il \u00e9tait important de prendre les devants apr\u00e8s la courbe au sommet de Via Santa Catarina. J&rsquo;ai vraiment eu de la douleur partout, mais j&rsquo;ai essay\u00e9 de d\u00e9passer le conducteur des EAU &#8230; \u00ab\u00a0.<\/p>\n<p>Puis il n&rsquo;avait presque rien d&rsquo;autre que d&rsquo;assaut sur la Piazza del Campo et \u00ab\u00a0donner \u00e0 papa tant de force\u00a0\u00bb et tomber dans sa femme Sarah. \u00ab\u00a0L&rsquo;Italie est tr\u00e8s sp\u00e9ciale pour nous (Remarque: Red.: Wout Van Aert a fait une proposition de mariage l\u00e0-bas). La chute de Wout au Vuelta a \u00e9t\u00e9 tr\u00e8s difficile. Parfois, vous vous demandez si cela en vaut vraiment la peine si vous voyez quelqu&rsquo;un si dur. Mais quand finalement, de tels moments se tiennent, tout cela rend encore plus beau &#8230;\u00a0\u00bb.<\/p>\n<p>Sur le chemin de la victoire, l&rsquo;ancien champion du monde crois\u00e9 a livr\u00e9 un duel captivant avec Del Toro, contre lequel il a pr\u00e9valu jusqu&rsquo;\u00e0 Sienne lors de la derni\u00e8re ascension. Dans le classement g\u00e9n\u00e9ral, Del Toro a maintenant 1:13 minutes d&rsquo;avance sur son co\u00e9quipier des EAU Juan Ayuso d&rsquo;Espagne. L&rsquo;Italien Antonio Tiberi (1:30) est troisi\u00e8me.<\/p>\n<p>Apr\u00e8s le deuxi\u00e8me jour de repos lundi, la tourn\u00e9e d&rsquo;Italie se poursuit un jour plus tard avec le deuxi\u00e8me contre-la-montre individuel \u00e0 plus de 28,6 kilom\u00e8tres de Lucca \u00e0 Pise. Apr\u00e8s avoir remport\u00e9 la sc\u00e8ne \u00e0 Siena, on peut supposer que Van Aert fera mieux dans ce deuxi\u00e8me contre-la-montre individuel que la premi\u00e8re course contre le chronom\u00e8tre \u00e0 Tirana, o\u00f9 Van Aert n&rsquo;a pas pu r\u00e9pondre aux attentes. (Cre)<\/p>\n","protected":false},"excerpt":{"rendered":"<p>Un peu plus de 250 jours apr\u00e8s sa chute lors de la derni\u00e8re tourn\u00e9e en Espagne de Vuelta, o\u00f9 il semblait avoir retrouv\u00e9 le meilleur<\/p>\n","protected":false},"author":1,"featured_media":7640,"comment_status":"","ping_status":"","sticky":false,"template":"","format":"standard","meta":{"footnotes":""},"categories":[298],"tags":[7067,6144,7070,4714,3843,7069,76,7068,3096,7066,4100,784,6143],"class_list":["post-7639","post","type-post","status-publish","format-standard","has-post-thumbnail","hentry","category-belgique","tag-50e","tag-aert","tag-campo","tag-carriere","tag-celebre","tag-del","tag-est","tag-piazza","tag-roi","tag-sienabelgian","tag-van","tag-victoire","tag-wout","generate-columns","tablet-grid-50","mobile-grid-100","grid-parent","grid-33"],"yoast_head":"<!-- This site is optimized with the Yoast SEO plugin v24.0 - https:\/\/yoast.com\/wordpress\/plugins\/seo\/ -->\n<title>Wout van Aert est le roi de Siena-Belgian c\u00e9l\u00e8bre sa 50e victoire en carri\u00e8re \u00e0 Piazza del Campo | Vie Associative<\/title>\n<meta name=\"robots\" content=\"index, follow, max-snippet:-1, max-image-preview:large, max-video-preview:-1\" \/>\n<link rel=\"canonical\" href=\"https:\/\/vieassociative.be\/actualites\/wout-van-aert-est-le-roi-de-siena-belgian-celebre-sa-50e-victoire-en-carriere-a-piazza-del-campo\/\" \/>\n<meta property=\"og:locale\" content=\"fr_FR\" \/>\n<meta property=\"og:type\" content=\"article\" \/>\n<meta property=\"og:title\" content=\"Wout van Aert est le roi de Siena-Belgian c\u00e9l\u00e8bre sa 50e victoire en carri\u00e8re \u00e0 Piazza del Campo | Vie Associative\" \/>\n<meta property=\"og:description\" content=\"Un peu plus de 250 jours apr\u00e8s sa chute lors de la derni\u00e8re tourn\u00e9e en Espagne de Vuelta, o\u00f9 il semblait avoir retrouv\u00e9 le meilleur\" \/>\n<meta property=\"og:url\" content=\"https:\/\/vieassociative.be\/actualites\/wout-van-aert-est-le-roi-de-siena-belgian-celebre-sa-50e-victoire-en-carriere-a-piazza-del-campo\/\" \/>\n<meta property=\"og:site_name\" content=\"Vie Associative\" \/>\n<meta property=\"article:published_time\" content=\"2025-05-18T20:17:57+00:00\" \/>\n<meta property=\"og:image\" content=\"https:\/\/vieassociative.be\/actualites\/wp-content\/uploads\/2024\/09\/header_backgroundk-01-e1726694325946.png\" \/>\n\t<meta property=\"og:image:width\" content=\"279\" \/>\n\t<meta property=\"og:image:height\" content=\"92\" \/>\n\t<meta property=\"og:image:type\" content=\"image\/png\" \/>\n<meta name=\"author\" content=\"Julien\" \/>\n<meta name=\"twitter:card\" content=\"summary_large_image\" \/>\n<meta name=\"twitter:label1\" content=\"\u00c9crit par\" \/>\n\t<meta name=\"twitter:data1\" content=\"Julien\" \/>\n\t<meta name=\"twitter:label2\" content=\"Dur\u00e9e de lecture est.\" \/>\n\t<meta name=\"twitter:data2\" content=\"3 minutes\" \/>\n<script type=\"application\/ld+json\" class=\"yoast-schema-graph\">{\"@context\":\"https:\/\/schema.org\",\"@graph\":[{\"@type\":\"Article\",\"@id\":\"https:\/\/vieassociative.be\/actualites\/wout-van-aert-est-le-roi-de-siena-belgian-celebre-sa-50e-victoire-en-carriere-a-piazza-del-campo\/#article\",\"isPartOf\":{\"@id\":\"https:\/\/vieassociative.be\/actualites\/wout-van-aert-est-le-roi-de-siena-belgian-celebre-sa-50e-victoire-en-carriere-a-piazza-del-campo\/\"},\"author\":{\"name\":\"Julien\",\"@id\":\"https:\/\/vieassociative.be\/actualites\/#\/schema\/person\/b87ac4f82f9d4e7b7cec7395b679edc4\"},\"headline\":\"Wout van Aert est le roi de Siena-Belgian c\u00e9l\u00e8bre sa 50e victoire en carri\u00e8re \u00e0 Piazza del Campo\",\"datePublished\":\"2025-05-18T20:17:57+00:00\",\"dateModified\":\"2025-05-18T20:17:57+00:00\",\"mainEntityOfPage\":{\"@id\":\"https:\/\/vieassociative.be\/actualites\/wout-van-aert-est-le-roi-de-siena-belgian-celebre-sa-50e-victoire-en-carriere-a-piazza-del-campo\/\"},\"wordCount\":670,\"publisher\":{\"@id\":\"https:\/\/vieassociative.be\/actualites\/#organization\"},\"image\":{\"@id\":\"https:\/\/vieassociative.be\/actualites\/wout-van-aert-est-le-roi-de-siena-belgian-celebre-sa-50e-victoire-en-carriere-a-piazza-del-campo\/#primaryimage\"},\"thumbnailUrl\":\"https:\/\/vieassociative.be\/actualites\/wp-content\/uploads\/2025\/05\/1747599477_Wout-van-Aert-est-le-roi-de-Siena-Belgian-celebre-sa.jpg\",\"keywords\":[\"50e\",\"aert\",\"Campo\",\"carri\u00e8re\",\"c\u00e9l\u00e8bre\",\"del\",\"est\",\"Piazza\",\"roi\",\"SienaBelgian\",\"Van\",\"victoire\",\"wout\"],\"articleSection\":[\"Belgique\"],\"inLanguage\":\"fr-BE\"},{\"@type\":\"WebPage\",\"@id\":\"https:\/\/vieassociative.be\/actualites\/wout-van-aert-est-le-roi-de-siena-belgian-celebre-sa-50e-victoire-en-carriere-a-piazza-del-campo\/\",\"url\":\"https:\/\/vieassociative.be\/actualites\/wout-van-aert-est-le-roi-de-siena-belgian-celebre-sa-50e-victoire-en-carriere-a-piazza-del-campo\/\",\"name\":\"Wout van Aert est le roi de Siena-Belgian c\u00e9l\u00e8bre sa 50e victoire en carri\u00e8re \u00e0 Piazza del Campo | Vie Associative\",\"isPartOf\":{\"@id\":\"https:\/\/vieassociative.be\/actualites\/#website\"},\"primaryImageOfPage\":{\"@id\":\"https:\/\/vieassociative.be\/actualites\/wout-van-aert-est-le-roi-de-siena-belgian-celebre-sa-50e-victoire-en-carriere-a-piazza-del-campo\/#primaryimage\"},\"image\":{\"@id\":\"https:\/\/vieassociative.be\/actualites\/wout-van-aert-est-le-roi-de-siena-belgian-celebre-sa-50e-victoire-en-carriere-a-piazza-del-campo\/#primaryimage\"},\"thumbnailUrl\":\"https:\/\/vieassociative.be\/actualites\/wp-content\/uploads\/2025\/05\/1747599477_Wout-van-Aert-est-le-roi-de-Siena-Belgian-celebre-sa.jpg\",\"datePublished\":\"2025-05-18T20:17:57+00:00\",\"dateModified\":\"2025-05-18T20:17:57+00:00\",\"breadcrumb\":{\"@id\":\"https:\/\/vieassociative.be\/actualites\/wout-van-aert-est-le-roi-de-siena-belgian-celebre-sa-50e-victoire-en-carriere-a-piazza-del-campo\/#breadcrumb\"},\"inLanguage\":\"fr-BE\",\"potentialAction\":[{\"@type\":\"ReadAction\",\"target\":[\"https:\/\/vieassociative.be\/actualites\/wout-van-aert-est-le-roi-de-siena-belgian-celebre-sa-50e-victoire-en-carriere-a-piazza-del-campo\/\"]}]},{\"@type\":\"ImageObject\",\"inLanguage\":\"fr-BE\",\"@id\":\"https:\/\/vieassociative.be\/actualites\/wout-van-aert-est-le-roi-de-siena-belgian-celebre-sa-50e-victoire-en-carriere-a-piazza-del-campo\/#primaryimage\",\"url\":\"https:\/\/vieassociative.be\/actualites\/wp-content\/uploads\/2025\/05\/1747599477_Wout-van-Aert-est-le-roi-de-Siena-Belgian-celebre-sa.jpg\",\"contentUrl\":\"https:\/\/vieassociative.be\/actualites\/wp-content\/uploads\/2025\/05\/1747599477_Wout-van-Aert-est-le-roi-de-Siena-Belgian-celebre-sa.jpg\",\"width\":1200,\"height\":801,\"caption\":\"Wout van Aert est le roi de Siena-Belgian c\u00e9l\u00e8bre sa 50e victoire en carri\u00e8re \u00e0 Piazza del Campo\"},{\"@type\":\"BreadcrumbList\",\"@id\":\"https:\/\/vieassociative.be\/actualites\/wout-van-aert-est-le-roi-de-siena-belgian-celebre-sa-50e-victoire-en-carriere-a-piazza-del-campo\/#breadcrumb\",\"itemListElement\":[{\"@type\":\"ListItem\",\"position\":1,\"name\":\"Accueil\",\"item\":\"https:\/\/vieassociative.be\/actualites\/\"},{\"@type\":\"ListItem\",\"position\":2,\"name\":\"Wout van Aert est le roi de Siena-Belgian c\u00e9l\u00e8bre sa 50e victoire en carri\u00e8re \u00e0 Piazza del Campo\"}]},{\"@type\":\"WebSite\",\"@id\":\"https:\/\/vieassociative.be\/actualites\/#website\",\"url\":\"https:\/\/vieassociative.be\/actualites\/\",\"name\":\"Vie Associative\",\"description\":\"\",\"publisher\":{\"@id\":\"https:\/\/vieassociative.be\/actualites\/#organization\"},\"potentialAction\":[{\"@type\":\"SearchAction\",\"target\":{\"@type\":\"EntryPoint\",\"urlTemplate\":\"https:\/\/vieassociative.be\/actualites\/?s={search_term_string}\"},\"query-input\":{\"@type\":\"PropertyValueSpecification\",\"valueRequired\":true,\"valueName\":\"search_term_string\"}}],\"inLanguage\":\"fr-BE\"},{\"@type\":\"Organization\",\"@id\":\"https:\/\/vieassociative.be\/actualites\/#organization\",\"name\":\"Vie Associative\",\"url\":\"https:\/\/vieassociative.be\/actualites\/\",\"logo\":{\"@type\":\"ImageObject\",\"inLanguage\":\"fr-BE\",\"@id\":\"https:\/\/vieassociative.be\/actualites\/#\/schema\/logo\/image\/\",\"url\":\"https:\/\/vieassociative.be\/actualites\/wp-content\/uploads\/2024\/09\/cropped-vieassociative_favicon.ico.png\",\"contentUrl\":\"https:\/\/vieassociative.be\/actualites\/wp-content\/uploads\/2024\/09\/cropped-vieassociative_favicon.ico.png\",\"width\":512,\"height\":512,\"caption\":\"Vie Associative\"},\"image\":{\"@id\":\"https:\/\/vieassociative.be\/actualites\/#\/schema\/logo\/image\/\"}},{\"@type\":\"Person\",\"@id\":\"https:\/\/vieassociative.be\/actualites\/#\/schema\/person\/b87ac4f82f9d4e7b7cec7395b679edc4\",\"name\":\"Julien\",\"image\":{\"@type\":\"ImageObject\",\"inLanguage\":\"fr-BE\",\"@id\":\"https:\/\/vieassociative.be\/actualites\/#\/schema\/person\/image\/\",\"url\":\"https:\/\/vieassociative.be\/actualites\/wp-content\/uploads\/2024\/09\/vie-associative-1-150x150.jpg\",\"contentUrl\":\"https:\/\/vieassociative.be\/actualites\/wp-content\/uploads\/2024\/09\/vie-associative-1-150x150.jpg\",\"caption\":\"Julien\"},\"description\":\"Je suis Julien, r\u00e9dacteur pour Vie Associative. Passionn\u00e9 par le monde associatif depuis plus de 10 ans, j'ai \u00e0 c\u0153ur de partager des histoires inspirantes et de mettre en lumi\u00e8re les initiatives locales. Mon objectif est de sensibiliser et d'encourager l'engagement communautaire \u00e0 travers mes articles.\",\"sameAs\":[\"https:\/\/vieassociative.be\/\"]}]}<\/script>\n<!-- \/ Yoast SEO plugin. -->","yoast_head_json":{"title":"Wout van Aert est le roi de Siena-Belgian c\u00e9l\u00e8bre sa 50e victoire en carri\u00e8re \u00e0 Piazza del Campo | Vie Associative","robots":{"index":"index","follow":"follow","max-snippet":"max-snippet:-1","max-image-preview":"max-image-preview:large","max-video-preview":"max-video-preview:-1"},"canonical":"https:\/\/vieassociative.be\/actualites\/wout-van-aert-est-le-roi-de-siena-belgian-celebre-sa-50e-victoire-en-carriere-a-piazza-del-campo\/","og_locale":"fr_FR","og_type":"article","og_title":"Wout van Aert est le roi de Siena-Belgian c\u00e9l\u00e8bre sa 50e victoire en carri\u00e8re \u00e0 Piazza del Campo | Vie Associative","og_description":"Un peu plus de 250 jours apr\u00e8s sa chute lors de la derni\u00e8re tourn\u00e9e en Espagne de Vuelta, o\u00f9 il semblait avoir retrouv\u00e9 le meilleur","og_url":"https:\/\/vieassociative.be\/actualites\/wout-van-aert-est-le-roi-de-siena-belgian-celebre-sa-50e-victoire-en-carriere-a-piazza-del-campo\/","og_site_name":"Vie Associative","article_published_time":"2025-05-18T20:17:57+00:00","og_image":[{"width":279,"height":92,"url":"https:\/\/vieassociative.be\/actualites\/wp-content\/uploads\/2024\/09\/header_backgroundk-01-e1726694325946.png","type":"image\/png"}],"author":"Julien","twitter_card":"summary_large_image","twitter_misc":{"\u00c9crit par":"Julien","Dur\u00e9e de lecture est.":"3 minutes"},"schema":{"@context":"https:\/\/schema.org","@graph":[{"@type":"Article","@id":"https:\/\/vieassociative.be\/actualites\/wout-van-aert-est-le-roi-de-siena-belgian-celebre-sa-50e-victoire-en-carriere-a-piazza-del-campo\/#article","isPartOf":{"@id":"https:\/\/vieassociative.be\/actualites\/wout-van-aert-est-le-roi-de-siena-belgian-celebre-sa-50e-victoire-en-carriere-a-piazza-del-campo\/"},"author":{"name":"Julien","@id":"https:\/\/vieassociative.be\/actualites\/#\/schema\/person\/b87ac4f82f9d4e7b7cec7395b679edc4"},"headline":"Wout van Aert est le roi de Siena-Belgian c\u00e9l\u00e8bre sa 50e victoire en carri\u00e8re \u00e0 Piazza del Campo","datePublished":"2025-05-18T20:17:57+00:00","dateModified":"2025-05-18T20:17:57+00:00","mainEntityOfPage":{"@id":"https:\/\/vieassociative.be\/actualites\/wout-van-aert-est-le-roi-de-siena-belgian-celebre-sa-50e-victoire-en-carriere-a-piazza-del-campo\/"},"wordCount":670,"publisher":{"@id":"https:\/\/vieassociative.be\/actualites\/#organization"},"image":{"@id":"https:\/\/vieassociative.be\/actualites\/wout-van-aert-est-le-roi-de-siena-belgian-celebre-sa-50e-victoire-en-carriere-a-piazza-del-campo\/#primaryimage"},"thumbnailUrl":"https:\/\/vieassociative.be\/actualites\/wp-content\/uploads\/2025\/05\/1747599477_Wout-van-Aert-est-le-roi-de-Siena-Belgian-celebre-sa.jpg","keywords":["50e","aert","Campo","carri\u00e8re","c\u00e9l\u00e8bre","del","est","Piazza","roi","SienaBelgian","Van","victoire","wout"],"articleSection":["Belgique"],"inLanguage":"fr-BE"},{"@type":"WebPage","@id":"https:\/\/vieassociative.be\/actualites\/wout-van-aert-est-le-roi-de-siena-belgian-celebre-sa-50e-victoire-en-carriere-a-piazza-del-campo\/","url":"https:\/\/vieassociative.be\/actualites\/wout-van-aert-est-le-roi-de-siena-belgian-celebre-sa-50e-victoire-en-carriere-a-piazza-del-campo\/","name":"Wout van Aert est le roi de Siena-Belgian c\u00e9l\u00e8bre sa 50e victoire en carri\u00e8re \u00e0 Piazza del Campo | Vie Associative","isPartOf":{"@id":"https:\/\/vieassociative.be\/actualites\/#website"},"primaryImageOfPage":{"@id":"https:\/\/vieassociative.be\/actualites\/wout-van-aert-est-le-roi-de-siena-belgian-celebre-sa-50e-victoire-en-carriere-a-piazza-del-campo\/#primaryimage"},"image":{"@id":"https:\/\/vieassociative.be\/actualites\/wout-van-aert-est-le-roi-de-siena-belgian-celebre-sa-50e-victoire-en-carriere-a-piazza-del-campo\/#primaryimage"},"thumbnailUrl":"https:\/\/vieassociative.be\/actualites\/wp-content\/uploads\/2025\/05\/1747599477_Wout-van-Aert-est-le-roi-de-Siena-Belgian-celebre-sa.jpg","datePublished":"2025-05-18T20:17:57+00:00","dateModified":"2025-05-18T20:17:57+00:00","breadcrumb":{"@id":"https:\/\/vieassociative.be\/actualites\/wout-van-aert-est-le-roi-de-siena-belgian-celebre-sa-50e-victoire-en-carriere-a-piazza-del-campo\/#breadcrumb"},"inLanguage":"fr-BE","potentialAction":[{"@type":"ReadAction","target":["https:\/\/vieassociative.be\/actualites\/wout-van-aert-est-le-roi-de-siena-belgian-celebre-sa-50e-victoire-en-carriere-a-piazza-del-campo\/"]}]},{"@type":"ImageObject","inLanguage":"fr-BE","@id":"https:\/\/vieassociative.be\/actualites\/wout-van-aert-est-le-roi-de-siena-belgian-celebre-sa-50e-victoire-en-carriere-a-piazza-del-campo\/#primaryimage","url":"https:\/\/vieassociative.be\/actualites\/wp-content\/uploads\/2025\/05\/1747599477_Wout-van-Aert-est-le-roi-de-Siena-Belgian-celebre-sa.jpg","contentUrl":"https:\/\/vieassociative.be\/actualites\/wp-content\/uploads\/2025\/05\/1747599477_Wout-van-Aert-est-le-roi-de-Siena-Belgian-celebre-sa.jpg","width":1200,"height":801,"caption":"Wout van Aert est le roi de Siena-Belgian c\u00e9l\u00e8bre sa 50e victoire en carri\u00e8re \u00e0 Piazza del Campo"},{"@type":"BreadcrumbList","@id":"https:\/\/vieassociative.be\/actualites\/wout-van-aert-est-le-roi-de-siena-belgian-celebre-sa-50e-victoire-en-carriere-a-piazza-del-campo\/#breadcrumb","itemListElement":[{"@type":"ListItem","position":1,"name":"Accueil","item":"https:\/\/vieassociative.be\/actualites\/"},{"@type":"ListItem","position":2,"name":"Wout van Aert est le roi de Siena-Belgian c\u00e9l\u00e8bre sa 50e victoire en carri\u00e8re \u00e0 Piazza del Campo"}]},{"@type":"WebSite","@id":"https:\/\/vieassociative.be\/actualites\/#website","url":"https:\/\/vieassociative.be\/actualites\/","name":"Vie Associative","description":"","publisher":{"@id":"https:\/\/vieassociative.be\/actualites\/#organization"},"potentialAction":[{"@type":"SearchAction","target":{"@type":"EntryPoint","urlTemplate":"https:\/\/vieassociative.be\/actualites\/?s={search_term_string}"},"query-input":{"@type":"PropertyValueSpecification","valueRequired":true,"valueName":"search_term_string"}}],"inLanguage":"fr-BE"},{"@type":"Organization","@id":"https:\/\/vieassociative.be\/actualites\/#organization","name":"Vie Associative","url":"https:\/\/vieassociative.be\/actualites\/","logo":{"@type":"ImageObject","inLanguage":"fr-BE","@id":"https:\/\/vieassociative.be\/actualites\/#\/schema\/logo\/image\/","url":"https:\/\/vieassociative.be\/actualites\/wp-content\/uploads\/2024\/09\/cropped-vieassociative_favicon.ico.png","contentUrl":"https:\/\/vieassociative.be\/actualites\/wp-content\/uploads\/2024\/09\/cropped-vieassociative_favicon.ico.png","width":512,"height":512,"caption":"Vie Associative"},"image":{"@id":"https:\/\/vieassociative.be\/actualites\/#\/schema\/logo\/image\/"}},{"@type":"Person","@id":"https:\/\/vieassociative.be\/actualites\/#\/schema\/person\/b87ac4f82f9d4e7b7cec7395b679edc4","name":"Julien","image":{"@type":"ImageObject","inLanguage":"fr-BE","@id":"https:\/\/vieassociative.be\/actualites\/#\/schema\/person\/image\/","url":"https:\/\/vieassociative.be\/actualites\/wp-content\/uploads\/2024\/09\/vie-associative-1-150x150.jpg","contentUrl":"https:\/\/vieassociative.be\/actualites\/wp-content\/uploads\/2024\/09\/vie-associative-1-150x150.jpg","caption":"Julien"},"description":"Je suis Julien, r\u00e9dacteur pour Vie Associative. Passionn\u00e9 par le monde associatif depuis plus de 10 ans, j'ai \u00e0 c\u0153ur de partager des histoires inspirantes et de mettre en lumi\u00e8re les initiatives locales. Mon objectif est de sensibiliser et d'encourager l'engagement communautaire \u00e0 travers mes articles.","sameAs":["https:\/\/vieassociative.be\/"]}]}},"_links":{"self":[{"href":"https:\/\/vieassociative.be\/actualites\/wp-json\/wp\/v2\/posts\/7639"}],"collection":[{"href":"https:\/\/vieassociative.be\/actualites\/wp-json\/wp\/v2\/posts"}],"about":[{"href":"https:\/\/vieassociative.be\/actualites\/wp-json\/wp\/v2\/types\/post"}],"author":[{"embeddable":true,"href":"https:\/\/vieassociative.be\/actualites\/wp-json\/wp\/v2\/users\/1"}],"replies":[{"embeddable":true,"href":"https:\/\/vieassociative.be\/actualites\/wp-json\/wp\/v2\/comments?post=7639"}],"version-history":[{"count":0,"href":"https:\/\/vieassociative.be\/actualites\/wp-json\/wp\/v2\/posts\/7639\/revisions"}],"wp:featuredmedia":[{"embeddable":true,"href":"https:\/\/vieassociative.be\/actualites\/wp-json\/wp\/v2\/media\/7640"}],"wp:attachment":[{"href":"https:\/\/vieassociative.be\/actualites\/wp-json\/wp\/v2\/media?parent=7639"}],"wp:term":[{"taxonomy":"category","embeddable":true,"href":"https:\/\/vieassociative.be\/actualites\/wp-json\/wp\/v2\/categories?post=7639"},{"taxonomy":"post_tag","embeddable":true,"href":"https:\/\/vieassociative.be\/actualites\/wp-json\/wp\/v2\/tags?post=7639"}],"curies":[{"name":"wp","href":"https:\/\/api.w.org\/{rel}","templated":true}]}}