{"id":7628,"date":"2025-05-18T04:18:21","date_gmt":"2025-05-18T02:18:21","guid":{"rendered":"https:\/\/vieassociative.be\/actualites\/titre-du-champion-pour-union-saint-gilloie-pour-atteindre-la-victoire-4-0-claire-a-anvers\/"},"modified":"2025-05-18T04:18:21","modified_gmt":"2025-05-18T02:18:21","slug":"titre-du-champion-pour-union-saint-gilloie-pour-atteindre-la-victoire-4-0-claire-a-anvers","status":"publish","type":"post","link":"https:\/\/vieassociative.be\/actualites\/titre-du-champion-pour-union-saint-gilloie-pour-atteindre-la-victoire-4-0-claire-a-anvers\/","title":{"rendered":"Titre du champion pour Union Saint-Gilloie pour atteindre la victoire 4-0 claire \u00e0 Anvers"},"content":{"rendered":"<p><strong>Apr\u00e8s deux secondes de place et une troisi\u00e8me place depuis la promotion de Jupiler Pro League en 2021, le championnat est \u00e0 port\u00e9e de main de l&rsquo;Union Saint-Gilloise. Les Bruxelles ont gagn\u00e9 4: 0 au Royal Antwerp FC samedi au Royal Antwerp FC.<\/strong><\/p>\n<p><span id=\"more-415714\"><\/span>Union Saint-Gilloinme \u00e9tait d\u00e9j\u00e0 en t\u00eate avec un double paquet du Fuseini Ghanaer et une p\u00e9nalit\u00e9 d&rsquo;Ivanovic croate avec trois buts \u00e0 la pause. Les Bruxelles peuvent \u00eatre nomm\u00e9es ma\u00eetre ce dimanche si le FC Bruges devait perdre au RSC Anderlecht.<\/p>\n<p>Union n&rsquo;a pris que cinq minutes pour prendre les devants. Ait El Hadj a servi Fuseini avec une belle passe, et l&rsquo;attaquant n&rsquo;a pas manqu\u00e9 cette chance (0: 1, 5.). Le ballon avait-il d\u00e9pass\u00e9 la ligne de touche au d\u00e9but de l&rsquo;action qui a conduit \u00e0 la porte? Le VAR a v\u00e9rifi\u00e9 la sc\u00e8ne, mais n&rsquo;a pas pu cr\u00e9er une clart\u00e9 \u00e0 100%, de sorte que la porte est rest\u00e9e valide.<\/p>\n<div id=\"attachment_344234\" class=\"wp-caption alignleft\" style=\"max-width: 300px\"><img fetchpriority=\"high\" decoding=\"async\" class=\"wp-image-344234 size-medium\" src=\"https:\/\/vieassociative.be\/actualites\/wp-content\/uploads\/2025\/05\/Titre-du-champion-pour-Union-Saint-Gilloie-pour-atteindre-la-victoire.jpeg\" alt=\"\" width=\"300\" height=\"199\"><\/p>\n<p class=\"wp-caption-text\">Toby Alderweireld de RFC Antwerp a \u00e9t\u00e9 adopt\u00e9 samedi avant et apr\u00e8s son dernier match \u00e0 domicile dans le stade Bosuil. En 2023, l&rsquo;ancien international belge a fait le \u00ab\u00a0grand vieux\u00a0\u00bb le champion national \u00e0 travers un clich\u00e9 brillant lors de la derni\u00e8re seconde du match contre le Genk KRC. Photo: Shutterstock<\/p>\n<\/div>\n<p>La r\u00e9ponse d&rsquo;Anvers est venue \u00e0 la 21e minute: Bayo a remport\u00e9 le duel contre Machida dans les seize, puis a tir\u00e9 sur le but. Bayo a oubli\u00e9 \u00e0 la 34e minute pour servir ses co\u00e9quipiers, l&rsquo;a essay\u00e9 lui-m\u00eame &#8211; sans succ\u00e8s.<\/p>\n<p>Dans la prochaine campagne, Union a marqu\u00e9 un deuxi\u00e8me but via Fuseini, dont la gauche a tir\u00e9 de 20 m\u00e8tres a frapp\u00e9 par post (0: 2, 35.). Ensuite, Khalaili a re\u00e7u une p\u00e9nalit\u00e9. Ivanovic a converti la p\u00e9nalit\u00e9 (0: 3, 41.).<\/p>\n<p>En seconde p\u00e9riode, les invit\u00e9s ont pu \u00eatre satisfaits de v\u00e9rifier le jeu. Pendant ce temps, Moris a \u00e9t\u00e9 mis au d\u00e9fi plusieurs fois apr\u00e8s le changement de c\u00f4t\u00e9s, mais a gard\u00e9 sa bo\u00eete propre.<\/p>\n<p>L&rsquo;intensit\u00e9 a d\u00e9coll\u00e9 chaque minute et Pocognoli a envoy\u00e9 Van de Perre, David, Rodriguez, Castro-Montes et Sykes. Apr\u00e8s un coin avec une t\u00eate massive, David a marqu\u00e9 le but \u00e0 0: 4 (83.).<\/p>\n<p>D&rsquo;un autre c\u00f4t\u00e9, les spectateurs d&rsquo;Anvers ont pu c\u00e9l\u00e9brer Toby Alderweireld, qui est pass\u00e9 \u00e0 l&rsquo;attaque lors de son dernier match \u00e0 domicile dans la derni\u00e8re phase du match.<\/p>\n<p>Le seul inconv\u00e9nient de ce samedi a \u00e9t\u00e9 le carton jaune qui a trait\u00e9 avec Mac Allister, qui manquera le dernier match contre AA Gand le week-end prochain &#8211; un match qui pourrait \u00eatre d\u00e9cisif pour le titre, \u00e0 moins que Union ne soit couronn\u00e9 du ma\u00eetre ce dimanche si le FC Bruges perd \u00e0 Anderlecht. (Cre)<\/p>\n","protected":false},"excerpt":{"rendered":"<p>Apr\u00e8s deux secondes de place et une troisi\u00e8me place depuis la promotion de Jupiler Pro League en 2021, le championnat est \u00e0 port\u00e9e de main<\/p>\n","protected":false},"author":1,"featured_media":7629,"comment_status":"","ping_status":"","sticky":false,"template":"","format":"standard","meta":{"footnotes":""},"categories":[298],"tags":[4624,625,2524,7052,81,6934,2504,4627,784],"class_list":["post-7628","post","type-post","status-publish","format-standard","has-post-thumbnail","hentry","category-belgique","tag-anvers","tag-atteindre","tag-champion","tag-claire","tag-pour","tag-saintgilloie","tag-titre","tag-union","tag-victoire","generate-columns","tablet-grid-50","mobile-grid-100","grid-parent","grid-33"],"yoast_head":"<!-- This site is optimized with the Yoast SEO plugin v24.0 - https:\/\/yoast.com\/wordpress\/plugins\/seo\/ -->\n<title>Titre du champion pour Union Saint-Gilloie pour atteindre la victoire 4-0 claire \u00e0 Anvers | Vie Associative<\/title>\n<meta name=\"robots\" content=\"index, follow, max-snippet:-1, max-image-preview:large, max-video-preview:-1\" \/>\n<link rel=\"canonical\" href=\"https:\/\/vieassociative.be\/actualites\/titre-du-champion-pour-union-saint-gilloie-pour-atteindre-la-victoire-4-0-claire-a-anvers\/\" \/>\n<meta property=\"og:locale\" content=\"fr_FR\" \/>\n<meta property=\"og:type\" content=\"article\" \/>\n<meta property=\"og:title\" content=\"Titre du champion pour Union Saint-Gilloie pour atteindre la victoire 4-0 claire \u00e0 Anvers | Vie Associative\" \/>\n<meta property=\"og:description\" content=\"Apr\u00e8s deux secondes de place et une troisi\u00e8me place depuis la promotion de Jupiler Pro League en 2021, le championnat est \u00e0 port\u00e9e de main\" \/>\n<meta property=\"og:url\" content=\"https:\/\/vieassociative.be\/actualites\/titre-du-champion-pour-union-saint-gilloie-pour-atteindre-la-victoire-4-0-claire-a-anvers\/\" \/>\n<meta property=\"og:site_name\" content=\"Vie Associative\" \/>\n<meta property=\"article:published_time\" content=\"2025-05-18T02:18:21+00:00\" \/>\n<meta property=\"og:image\" content=\"https:\/\/vieassociative.be\/actualites\/wp-content\/uploads\/2024\/09\/header_backgroundk-01-e1726694325946.png\" \/>\n\t<meta property=\"og:image:width\" content=\"279\" \/>\n\t<meta property=\"og:image:height\" content=\"92\" \/>\n\t<meta property=\"og:image:type\" content=\"image\/png\" \/>\n<meta name=\"author\" content=\"Julien\" \/>\n<meta name=\"twitter:card\" content=\"summary_large_image\" \/>\n<meta name=\"twitter:label1\" content=\"\u00c9crit par\" \/>\n\t<meta name=\"twitter:data1\" content=\"Julien\" \/>\n\t<meta name=\"twitter:label2\" content=\"Dur\u00e9e de lecture est.\" \/>\n\t<meta name=\"twitter:data2\" content=\"2 minutes\" \/>\n<script type=\"application\/ld+json\" class=\"yoast-schema-graph\">{\"@context\":\"https:\/\/schema.org\",\"@graph\":[{\"@type\":\"Article\",\"@id\":\"https:\/\/vieassociative.be\/actualites\/titre-du-champion-pour-union-saint-gilloie-pour-atteindre-la-victoire-4-0-claire-a-anvers\/#article\",\"isPartOf\":{\"@id\":\"https:\/\/vieassociative.be\/actualites\/titre-du-champion-pour-union-saint-gilloie-pour-atteindre-la-victoire-4-0-claire-a-anvers\/\"},\"author\":{\"name\":\"Julien\",\"@id\":\"https:\/\/vieassociative.be\/actualites\/#\/schema\/person\/b87ac4f82f9d4e7b7cec7395b679edc4\"},\"headline\":\"Titre du champion pour Union Saint-Gilloie pour atteindre la victoire 4-0 claire \u00e0 Anvers\",\"datePublished\":\"2025-05-18T02:18:21+00:00\",\"dateModified\":\"2025-05-18T02:18:21+00:00\",\"mainEntityOfPage\":{\"@id\":\"https:\/\/vieassociative.be\/actualites\/titre-du-champion-pour-union-saint-gilloie-pour-atteindre-la-victoire-4-0-claire-a-anvers\/\"},\"wordCount\":483,\"publisher\":{\"@id\":\"https:\/\/vieassociative.be\/actualites\/#organization\"},\"image\":{\"@id\":\"https:\/\/vieassociative.be\/actualites\/titre-du-champion-pour-union-saint-gilloie-pour-atteindre-la-victoire-4-0-claire-a-anvers\/#primaryimage\"},\"thumbnailUrl\":\"https:\/\/vieassociative.be\/actualites\/wp-content\/uploads\/2025\/05\/Titre-du-champion-pour-Union-Saint-Gilloie-pour-atteindre-la-victoire.jpg\",\"keywords\":[\"Anvers\",\"atteindre\",\"champion\",\"claire\",\"pour\",\"SaintGilloie\",\"titre\",\"Union\",\"victoire\"],\"articleSection\":[\"Belgique\"],\"inLanguage\":\"fr-BE\"},{\"@type\":\"WebPage\",\"@id\":\"https:\/\/vieassociative.be\/actualites\/titre-du-champion-pour-union-saint-gilloie-pour-atteindre-la-victoire-4-0-claire-a-anvers\/\",\"url\":\"https:\/\/vieassociative.be\/actualites\/titre-du-champion-pour-union-saint-gilloie-pour-atteindre-la-victoire-4-0-claire-a-anvers\/\",\"name\":\"Titre du champion pour Union Saint-Gilloie pour atteindre la victoire 4-0 claire \u00e0 Anvers | Vie Associative\",\"isPartOf\":{\"@id\":\"https:\/\/vieassociative.be\/actualites\/#website\"},\"primaryImageOfPage\":{\"@id\":\"https:\/\/vieassociative.be\/actualites\/titre-du-champion-pour-union-saint-gilloie-pour-atteindre-la-victoire-4-0-claire-a-anvers\/#primaryimage\"},\"image\":{\"@id\":\"https:\/\/vieassociative.be\/actualites\/titre-du-champion-pour-union-saint-gilloie-pour-atteindre-la-victoire-4-0-claire-a-anvers\/#primaryimage\"},\"thumbnailUrl\":\"https:\/\/vieassociative.be\/actualites\/wp-content\/uploads\/2025\/05\/Titre-du-champion-pour-Union-Saint-Gilloie-pour-atteindre-la-victoire.jpg\",\"datePublished\":\"2025-05-18T02:18:21+00:00\",\"dateModified\":\"2025-05-18T02:18:21+00:00\",\"breadcrumb\":{\"@id\":\"https:\/\/vieassociative.be\/actualites\/titre-du-champion-pour-union-saint-gilloie-pour-atteindre-la-victoire-4-0-claire-a-anvers\/#breadcrumb\"},\"inLanguage\":\"fr-BE\",\"potentialAction\":[{\"@type\":\"ReadAction\",\"target\":[\"https:\/\/vieassociative.be\/actualites\/titre-du-champion-pour-union-saint-gilloie-pour-atteindre-la-victoire-4-0-claire-a-anvers\/\"]}]},{\"@type\":\"ImageObject\",\"inLanguage\":\"fr-BE\",\"@id\":\"https:\/\/vieassociative.be\/actualites\/titre-du-champion-pour-union-saint-gilloie-pour-atteindre-la-victoire-4-0-claire-a-anvers\/#primaryimage\",\"url\":\"https:\/\/vieassociative.be\/actualites\/wp-content\/uploads\/2025\/05\/Titre-du-champion-pour-Union-Saint-Gilloie-pour-atteindre-la-victoire.jpg\",\"contentUrl\":\"https:\/\/vieassociative.be\/actualites\/wp-content\/uploads\/2025\/05\/Titre-du-champion-pour-Union-Saint-Gilloie-pour-atteindre-la-victoire.jpg\",\"width\":1200,\"height\":800,\"caption\":\"Titre du champion pour Union Saint-Gilloie pour atteindre la victoire 4-0 claire \u00e0 Anvers\"},{\"@type\":\"BreadcrumbList\",\"@id\":\"https:\/\/vieassociative.be\/actualites\/titre-du-champion-pour-union-saint-gilloie-pour-atteindre-la-victoire-4-0-claire-a-anvers\/#breadcrumb\",\"itemListElement\":[{\"@type\":\"ListItem\",\"position\":1,\"name\":\"Accueil\",\"item\":\"https:\/\/vieassociative.be\/actualites\/\"},{\"@type\":\"ListItem\",\"position\":2,\"name\":\"Titre du champion pour Union Saint-Gilloie pour atteindre la victoire 4-0 claire \u00e0 Anvers\"}]},{\"@type\":\"WebSite\",\"@id\":\"https:\/\/vieassociative.be\/actualites\/#website\",\"url\":\"https:\/\/vieassociative.be\/actualites\/\",\"name\":\"Vie Associative\",\"description\":\"\",\"publisher\":{\"@id\":\"https:\/\/vieassociative.be\/actualites\/#organization\"},\"potentialAction\":[{\"@type\":\"SearchAction\",\"target\":{\"@type\":\"EntryPoint\",\"urlTemplate\":\"https:\/\/vieassociative.be\/actualites\/?s={search_term_string}\"},\"query-input\":{\"@type\":\"PropertyValueSpecification\",\"valueRequired\":true,\"valueName\":\"search_term_string\"}}],\"inLanguage\":\"fr-BE\"},{\"@type\":\"Organization\",\"@id\":\"https:\/\/vieassociative.be\/actualites\/#organization\",\"name\":\"Vie Associative\",\"url\":\"https:\/\/vieassociative.be\/actualites\/\",\"logo\":{\"@type\":\"ImageObject\",\"inLanguage\":\"fr-BE\",\"@id\":\"https:\/\/vieassociative.be\/actualites\/#\/schema\/logo\/image\/\",\"url\":\"https:\/\/vieassociative.be\/actualites\/wp-content\/uploads\/2024\/09\/cropped-vieassociative_favicon.ico.png\",\"contentUrl\":\"https:\/\/vieassociative.be\/actualites\/wp-content\/uploads\/2024\/09\/cropped-vieassociative_favicon.ico.png\",\"width\":512,\"height\":512,\"caption\":\"Vie Associative\"},\"image\":{\"@id\":\"https:\/\/vieassociative.be\/actualites\/#\/schema\/logo\/image\/\"}},{\"@type\":\"Person\",\"@id\":\"https:\/\/vieassociative.be\/actualites\/#\/schema\/person\/b87ac4f82f9d4e7b7cec7395b679edc4\",\"name\":\"Julien\",\"image\":{\"@type\":\"ImageObject\",\"inLanguage\":\"fr-BE\",\"@id\":\"https:\/\/vieassociative.be\/actualites\/#\/schema\/person\/image\/\",\"url\":\"https:\/\/vieassociative.be\/actualites\/wp-content\/uploads\/2024\/09\/vie-associative-1-150x150.jpg\",\"contentUrl\":\"https:\/\/vieassociative.be\/actualites\/wp-content\/uploads\/2024\/09\/vie-associative-1-150x150.jpg\",\"caption\":\"Julien\"},\"description\":\"Je suis Julien, r\u00e9dacteur pour Vie Associative. Passionn\u00e9 par le monde associatif depuis plus de 10 ans, j'ai \u00e0 c\u0153ur de partager des histoires inspirantes et de mettre en lumi\u00e8re les initiatives locales. Mon objectif est de sensibiliser et d'encourager l'engagement communautaire \u00e0 travers mes articles.\",\"sameAs\":[\"https:\/\/vieassociative.be\/\"]}]}<\/script>\n<!-- \/ Yoast SEO plugin. -->","yoast_head_json":{"title":"Titre du champion pour Union Saint-Gilloie pour atteindre la victoire 4-0 claire \u00e0 Anvers | Vie Associative","robots":{"index":"index","follow":"follow","max-snippet":"max-snippet:-1","max-image-preview":"max-image-preview:large","max-video-preview":"max-video-preview:-1"},"canonical":"https:\/\/vieassociative.be\/actualites\/titre-du-champion-pour-union-saint-gilloie-pour-atteindre-la-victoire-4-0-claire-a-anvers\/","og_locale":"fr_FR","og_type":"article","og_title":"Titre du champion pour Union Saint-Gilloie pour atteindre la victoire 4-0 claire \u00e0 Anvers | Vie Associative","og_description":"Apr\u00e8s deux secondes de place et une troisi\u00e8me place depuis la promotion de Jupiler Pro League en 2021, le championnat est \u00e0 port\u00e9e de main","og_url":"https:\/\/vieassociative.be\/actualites\/titre-du-champion-pour-union-saint-gilloie-pour-atteindre-la-victoire-4-0-claire-a-anvers\/","og_site_name":"Vie Associative","article_published_time":"2025-05-18T02:18:21+00:00","og_image":[{"width":279,"height":92,"url":"https:\/\/vieassociative.be\/actualites\/wp-content\/uploads\/2024\/09\/header_backgroundk-01-e1726694325946.png","type":"image\/png"}],"author":"Julien","twitter_card":"summary_large_image","twitter_misc":{"\u00c9crit par":"Julien","Dur\u00e9e de lecture est.":"2 minutes"},"schema":{"@context":"https:\/\/schema.org","@graph":[{"@type":"Article","@id":"https:\/\/vieassociative.be\/actualites\/titre-du-champion-pour-union-saint-gilloie-pour-atteindre-la-victoire-4-0-claire-a-anvers\/#article","isPartOf":{"@id":"https:\/\/vieassociative.be\/actualites\/titre-du-champion-pour-union-saint-gilloie-pour-atteindre-la-victoire-4-0-claire-a-anvers\/"},"author":{"name":"Julien","@id":"https:\/\/vieassociative.be\/actualites\/#\/schema\/person\/b87ac4f82f9d4e7b7cec7395b679edc4"},"headline":"Titre du champion pour Union Saint-Gilloie pour atteindre la victoire 4-0 claire \u00e0 Anvers","datePublished":"2025-05-18T02:18:21+00:00","dateModified":"2025-05-18T02:18:21+00:00","mainEntityOfPage":{"@id":"https:\/\/vieassociative.be\/actualites\/titre-du-champion-pour-union-saint-gilloie-pour-atteindre-la-victoire-4-0-claire-a-anvers\/"},"wordCount":483,"publisher":{"@id":"https:\/\/vieassociative.be\/actualites\/#organization"},"image":{"@id":"https:\/\/vieassociative.be\/actualites\/titre-du-champion-pour-union-saint-gilloie-pour-atteindre-la-victoire-4-0-claire-a-anvers\/#primaryimage"},"thumbnailUrl":"https:\/\/vieassociative.be\/actualites\/wp-content\/uploads\/2025\/05\/Titre-du-champion-pour-Union-Saint-Gilloie-pour-atteindre-la-victoire.jpg","keywords":["Anvers","atteindre","champion","claire","pour","SaintGilloie","titre","Union","victoire"],"articleSection":["Belgique"],"inLanguage":"fr-BE"},{"@type":"WebPage","@id":"https:\/\/vieassociative.be\/actualites\/titre-du-champion-pour-union-saint-gilloie-pour-atteindre-la-victoire-4-0-claire-a-anvers\/","url":"https:\/\/vieassociative.be\/actualites\/titre-du-champion-pour-union-saint-gilloie-pour-atteindre-la-victoire-4-0-claire-a-anvers\/","name":"Titre du champion pour Union Saint-Gilloie pour atteindre la victoire 4-0 claire \u00e0 Anvers | Vie Associative","isPartOf":{"@id":"https:\/\/vieassociative.be\/actualites\/#website"},"primaryImageOfPage":{"@id":"https:\/\/vieassociative.be\/actualites\/titre-du-champion-pour-union-saint-gilloie-pour-atteindre-la-victoire-4-0-claire-a-anvers\/#primaryimage"},"image":{"@id":"https:\/\/vieassociative.be\/actualites\/titre-du-champion-pour-union-saint-gilloie-pour-atteindre-la-victoire-4-0-claire-a-anvers\/#primaryimage"},"thumbnailUrl":"https:\/\/vieassociative.be\/actualites\/wp-content\/uploads\/2025\/05\/Titre-du-champion-pour-Union-Saint-Gilloie-pour-atteindre-la-victoire.jpg","datePublished":"2025-05-18T02:18:21+00:00","dateModified":"2025-05-18T02:18:21+00:00","breadcrumb":{"@id":"https:\/\/vieassociative.be\/actualites\/titre-du-champion-pour-union-saint-gilloie-pour-atteindre-la-victoire-4-0-claire-a-anvers\/#breadcrumb"},"inLanguage":"fr-BE","potentialAction":[{"@type":"ReadAction","target":["https:\/\/vieassociative.be\/actualites\/titre-du-champion-pour-union-saint-gilloie-pour-atteindre-la-victoire-4-0-claire-a-anvers\/"]}]},{"@type":"ImageObject","inLanguage":"fr-BE","@id":"https:\/\/vieassociative.be\/actualites\/titre-du-champion-pour-union-saint-gilloie-pour-atteindre-la-victoire-4-0-claire-a-anvers\/#primaryimage","url":"https:\/\/vieassociative.be\/actualites\/wp-content\/uploads\/2025\/05\/Titre-du-champion-pour-Union-Saint-Gilloie-pour-atteindre-la-victoire.jpg","contentUrl":"https:\/\/vieassociative.be\/actualites\/wp-content\/uploads\/2025\/05\/Titre-du-champion-pour-Union-Saint-Gilloie-pour-atteindre-la-victoire.jpg","width":1200,"height":800,"caption":"Titre du champion pour Union Saint-Gilloie pour atteindre la victoire 4-0 claire \u00e0 Anvers"},{"@type":"BreadcrumbList","@id":"https:\/\/vieassociative.be\/actualites\/titre-du-champion-pour-union-saint-gilloie-pour-atteindre-la-victoire-4-0-claire-a-anvers\/#breadcrumb","itemListElement":[{"@type":"ListItem","position":1,"name":"Accueil","item":"https:\/\/vieassociative.be\/actualites\/"},{"@type":"ListItem","position":2,"name":"Titre du champion pour Union Saint-Gilloie pour atteindre la victoire 4-0 claire \u00e0 Anvers"}]},{"@type":"WebSite","@id":"https:\/\/vieassociative.be\/actualites\/#website","url":"https:\/\/vieassociative.be\/actualites\/","name":"Vie Associative","description":"","publisher":{"@id":"https:\/\/vieassociative.be\/actualites\/#organization"},"potentialAction":[{"@type":"SearchAction","target":{"@type":"EntryPoint","urlTemplate":"https:\/\/vieassociative.be\/actualites\/?s={search_term_string}"},"query-input":{"@type":"PropertyValueSpecification","valueRequired":true,"valueName":"search_term_string"}}],"inLanguage":"fr-BE"},{"@type":"Organization","@id":"https:\/\/vieassociative.be\/actualites\/#organization","name":"Vie Associative","url":"https:\/\/vieassociative.be\/actualites\/","logo":{"@type":"ImageObject","inLanguage":"fr-BE","@id":"https:\/\/vieassociative.be\/actualites\/#\/schema\/logo\/image\/","url":"https:\/\/vieassociative.be\/actualites\/wp-content\/uploads\/2024\/09\/cropped-vieassociative_favicon.ico.png","contentUrl":"https:\/\/vieassociative.be\/actualites\/wp-content\/uploads\/2024\/09\/cropped-vieassociative_favicon.ico.png","width":512,"height":512,"caption":"Vie Associative"},"image":{"@id":"https:\/\/vieassociative.be\/actualites\/#\/schema\/logo\/image\/"}},{"@type":"Person","@id":"https:\/\/vieassociative.be\/actualites\/#\/schema\/person\/b87ac4f82f9d4e7b7cec7395b679edc4","name":"Julien","image":{"@type":"ImageObject","inLanguage":"fr-BE","@id":"https:\/\/vieassociative.be\/actualites\/#\/schema\/person\/image\/","url":"https:\/\/vieassociative.be\/actualites\/wp-content\/uploads\/2024\/09\/vie-associative-1-150x150.jpg","contentUrl":"https:\/\/vieassociative.be\/actualites\/wp-content\/uploads\/2024\/09\/vie-associative-1-150x150.jpg","caption":"Julien"},"description":"Je suis Julien, r\u00e9dacteur pour Vie Associative. Passionn\u00e9 par le monde associatif depuis plus de 10 ans, j'ai \u00e0 c\u0153ur de partager des histoires inspirantes et de mettre en lumi\u00e8re les initiatives locales. Mon objectif est de sensibiliser et d'encourager l'engagement communautaire \u00e0 travers mes articles.","sameAs":["https:\/\/vieassociative.be\/"]}]}},"_links":{"self":[{"href":"https:\/\/vieassociative.be\/actualites\/wp-json\/wp\/v2\/posts\/7628"}],"collection":[{"href":"https:\/\/vieassociative.be\/actualites\/wp-json\/wp\/v2\/posts"}],"about":[{"href":"https:\/\/vieassociative.be\/actualites\/wp-json\/wp\/v2\/types\/post"}],"author":[{"embeddable":true,"href":"https:\/\/vieassociative.be\/actualites\/wp-json\/wp\/v2\/users\/1"}],"replies":[{"embeddable":true,"href":"https:\/\/vieassociative.be\/actualites\/wp-json\/wp\/v2\/comments?post=7628"}],"version-history":[{"count":0,"href":"https:\/\/vieassociative.be\/actualites\/wp-json\/wp\/v2\/posts\/7628\/revisions"}],"wp:featuredmedia":[{"embeddable":true,"href":"https:\/\/vieassociative.be\/actualites\/wp-json\/wp\/v2\/media\/7629"}],"wp:attachment":[{"href":"https:\/\/vieassociative.be\/actualites\/wp-json\/wp\/v2\/media?parent=7628"}],"wp:term":[{"taxonomy":"category","embeddable":true,"href":"https:\/\/vieassociative.be\/actualites\/wp-json\/wp\/v2\/categories?post=7628"},{"taxonomy":"post_tag","embeddable":true,"href":"https:\/\/vieassociative.be\/actualites\/wp-json\/wp\/v2\/tags?post=7628"}],"curies":[{"name":"wp","href":"https:\/\/api.w.org\/{rel}","templated":true}]}}