{"id":7624,"date":"2025-05-17T22:17:17","date_gmt":"2025-05-17T20:17:17","guid":{"rendered":"https:\/\/vieassociative.be\/actualites\/dortmund-couronne-avec-la-ligue-des-champions-celebre-egalement-francfort-heidenheim-en-relegation\/"},"modified":"2025-05-17T22:17:17","modified_gmt":"2025-05-17T20:17:17","slug":"dortmund-couronne-avec-la-ligue-des-champions-celebre-egalement-francfort-heidenheim-en-relegation","status":"publish","type":"post","link":"https:\/\/vieassociative.be\/actualites\/dortmund-couronne-avec-la-ligue-des-champions-celebre-egalement-francfort-heidenheim-en-relegation\/","title":{"rendered":"Dortmund couronne avec la Ligue des champions &#8211; c\u00e9l\u00e8bre \u00e9galement Francfort &#8211; Heidenheim en rel\u00e9gation"},"content":{"rendered":"<p><strong>Mettated-Dortmund et Francfurt font partie de la Ligue des champions dans une finale de Bundesliga turbulente. Alors que Heidenheim s&rsquo;attend \u00e0 deux matchs de d\u00e9cision, Leipzig s&rsquo;en va vide.<\/strong><\/p>\n<p><span id=\"more-415667\"><\/span>Eintracht Francfort et le Borussia Dortmund ont fait le saut en Ligue des champions et peuvent attendre des destinations de voyage attrayantes dans la classe lucrative. La Hesse de l&rsquo;entra\u00eeneur Dino Topm\u00f6ller a d\u00e9fendu sa troisi\u00e8me place le 34e match avec un convaincant 3: 1 (1: 1) \u00e0 SC Freiburg et a emm\u00e9nag\u00e9 en Ligue des champions pour la premi\u00e8re fois via la Bundesliga.<\/p>\n<div id=\"attachment_415701\" class=\"wp-caption alignleft\" style=\"max-width: 300px\"><img fetchpriority=\"high\" decoding=\"async\" class=\"wp-image-415701 size-medium\" src=\"https:\/\/vieassociative.be\/actualites\/wp-content\/uploads\/2025\/05\/Dortmund-couronne-avec-la-Ligue-des-champions-celebre-egalement.jpg\" alt=\"\" width=\"300\" height=\"200\"><\/p>\n<p class=\"wp-caption-text\">17 mai 2025, Bade-Wurtemberg, Sinsheim: l&rsquo;entra\u00eeneur Vincent Kompany (Centre R) de Bavi\u00e8re a \u00e9treint Thomas M\u00fcller de Munich pendant son remplacement. Photo: Uwe ANSPACH \/ DPA<\/p>\n<\/div>\n<p>Le BVB a couronn\u00e9 sa prise &#8211; up, qui \u00e9tait toujours quatri\u00e8me avec un 3-0 (1-0) contre Holstein Kiel. Serhou Guirassy (3e minute \/ p\u00e9nalit\u00e9), Marcel Sabitzer (47e) et Felix Nmecha (73.) ont rencontr\u00e9 un succ\u00e8s clair du Dortmund, qui avait en attendant les a gliss\u00e9s \u00e0 onze dans la seconde moiti\u00e9 de la saison et a emp\u00each\u00e9 une catastrophe sportive avec un dernier sprint furieux. Kiels Carl Johansson (9e) avait vu du rouge \u00e0 cause d&rsquo;un frein d&rsquo;urgence.<\/p>\n<p><strong>&#8211; Freiburg r\u00e9compense le leadership en finale:<\/strong> Avec la Ligue Europa, les Freburgers, qui pensaient qu&rsquo;ils \u00e9taient d\u00e9j\u00e0 en route pour la Ligue des champions apr\u00e8s la direction de Ritsu Doan. Mais la compensation d&rsquo;Ansgar Knauff (45. + 4) apr\u00e8s une mauvaise erreur de Philipp Lienhart a apport\u00e9 \u00e0 Eintrach l&rsquo;\u00e9quilibre important.<\/p>\n<div id=\"attachment_415702\" class=\"wp-caption alignleft\" style=\"max-width: 300px\"><img decoding=\"async\" class=\"wp-image-415702 size-medium\" src=\"https:\/\/vieassociative.be\/actualites\/wp-content\/uploads\/2025\/05\/1747513037_204_Dortmund-couronne-avec-la-Ligue-des-champions-celebre-egalement.jpg\" alt=\"\" width=\"300\" height=\"203\"><\/p>\n<p class=\"wp-caption-text\">17 mai 2025, Rh\u00e9nanie-Palatinate, MAINT: MAINZ ANDREAS HANCHE-OLSEN (M) applaudit apr\u00e8s son objectif non n\u00e9 pour le suppos\u00e9 1-0 avec ses co\u00e9quipiers. Photo: Torsten Silz \/ DPA<\/p>\n<\/div>\n<p>Rasmus Kristensen (61e) et Ellyes Skhiri (63.) ont pris la d\u00e9cision t\u00f4t avec leurs objectifs dans une excellente seconde moiti\u00e9 des invit\u00e9s. Francfurt est en permanence sur une quatri\u00e8me place du Neuvi\u00e8me jour et a presque jou\u00e9 le billet de la classe royale sur le tron\u00e7on \u00e0 domicile.<\/p>\n<p><strong>&#8211; Heidenheim reste \u00e0 la 16e place:<\/strong> Le 1. FC Heidenheim n&rsquo;a plus g\u00e9r\u00e9 le miracle auto-proclam\u00e9 et a mis fin \u00e0 la saison au rang de rel\u00e9gation 16. Apr\u00e8s le 1: 4 (0: 2) contre Werder Bremen, deux matchs de prise de d\u00e9cision attendent maintenant les 22 et 26 mai. L&rsquo;adversaire d\u00e9cidera dimanche (en Belgique en direct sur Dazn). Il y a cinq options, le SV Elversberg le plus probable est.<\/p>\n<p>Romano Schmid (14.\/foulfMeter), Jens Stage (33.) et Marvin Ducksch (66.) et Keke Topp (86.) se sont rencontr\u00e9s pour Br\u00eame. Le but de Luca Kerber (80e) est devenu une note de marge statistique.<\/p>\n<p><strong>&#8211; Leipzig non europ\u00e9en:<\/strong> La sixi\u00e8me place en Europe au-dessus de la ligue se rend \u00e0 FSV Massez 05, qui a jou\u00e9 2-2 (1-0) contre l&rsquo;ex-Master Bayer Leverkusen et est donc rest\u00e9 devant RB Leipzig. Apr\u00e8s 2: 3 (2: 1), les Saxons vont contre VFB Stuttgart et ne joueront pas \u00e0 l&rsquo;international la saison prochaine.<\/p>\n<\/p>\n<div id=\"attachment_415704\" class=\"wp-caption alignleft\" style=\"max-width: 200px\"><img decoding=\"async\" class=\"wp-image-415704 size-medium\" src=\"https:\/\/vieassociative.be\/actualites\/wp-content\/uploads\/2025\/05\/1747513037_892_Dortmund-couronne-avec-la-Ligue-des-champions-celebre-egalement.jpg\" alt=\"\" width=\"200\" height=\"300\"><\/p>\n<p class=\"wp-caption-text\">17 mai 2025, Bavaria, Augsbourg: l&rsquo;arbitre Felix Brych siffle dans son dernier match de Bundesliga en 359e. Photo: Daniel L\u00f6b \/ DPA<\/p>\n<\/div>\n<p>Paul Nebel (35e) et Jonathan Burkardt (63.\/foulfMeter) se sont rencontr\u00e9s pour le Mainz. \u00c0 Leverkusen, l&rsquo;attaquant Patrik Schick dominait d&rsquo;un double pack (49.\/foulfMeter\/54.).<\/p>\n<p>Pour RB, les objectifs de Xavi Simons (8e) et de Ridle Baku (44 ans) n&rsquo;\u00e9taient pas suffisants, car le finaliste de la Coupe Stuttgart a pu compter sur ses assaillants Deniz Undav (23e), Nick Woltemade (57e) et Hemedin Demirovic (78.). VFB peut assurer un billet de la Ligue europ\u00e9enne avec un succ\u00e8s en finale de la Coupe samedi prochain. L&rsquo;adversaire est un club de troisi\u00e8me division Arminia Bielefeld.<\/p>\n<p><strong>&#8211; La Bavi\u00e8re \u00e0 Ibiza en toute confiance:<\/strong> Non impressionn\u00e9 par le titre de champion et le voyage d&rsquo;Ibiza cette semaine, le FC Bayern Munich a termin\u00e9 sa saison avec un succ\u00e8s. Lors du dernier match de la l\u00e9gende du club Thomas M\u00fcller, l&rsquo;\u00e9quipe de Munich a remport\u00e9 4-0 (1-0) au TSG 1899 Hoffenheim.<\/p>\n<p>Un coup franc remarquable de Michael Olise (33e), un objectif de Joshua Kimmich (53.), un but de Serge Gnabry (80e) et la fin du Joker Harry Kane (86.) ont apport\u00e9 le non-risque. Le TSG reste de premi\u00e8re classe \u00e0 cause de l&rsquo;erreur de Heidenheim &#8211; et sous les yeux de Dietmar Hopp.<\/p>\n<p>La victoire 2-0 de VFL Bochum au FC St. Pauli, avec laquelle le club de district et le bas de la table de la Bundesliga ont dit au revoir, n&rsquo;avaient aucune importance pour l&rsquo;issue de la saison. Le FC Augsburg a conclu la saison lorsque l&rsquo;arbitre Felix Brych a dit au revoir \u00e0 1-2 contre 1. FC Union Berlin. VFL Wolfsburg a remport\u00e9 1-0 au Borussia M\u00f6nchengladbach. (DPA)<\/p>\n","protected":false},"excerpt":{"rendered":"<p>Mettated-Dortmund et Francfurt font partie de la Ligue des champions dans une finale de Bundesliga turbulente. Alors que Heidenheim s&rsquo;attend \u00e0 deux matchs de d\u00e9cision,<\/p>\n","protected":false},"author":1,"featured_media":7625,"comment_status":"","ping_status":"","sticky":false,"template":"","format":"standard","meta":{"footnotes":""},"categories":[298],"tags":[61,3843,2818,7051,29,2475,172,3776,5109,2817,3402],"class_list":["post-7624","post","type-post","status-publish","format-standard","has-post-thumbnail","hentry","category-belgique","tag-avec","tag-celebre","tag-champions","tag-couronne","tag-des","tag-dortmund","tag-egalement","tag-francfort","tag-heidenheim","tag-ligue","tag-relegation","generate-columns","tablet-grid-50","mobile-grid-100","grid-parent","grid-33"],"yoast_head":"<!-- This site is optimized with the Yoast SEO plugin v24.0 - https:\/\/yoast.com\/wordpress\/plugins\/seo\/ -->\n<title>Dortmund couronne avec la Ligue des champions - c\u00e9l\u00e8bre \u00e9galement Francfort - Heidenheim en rel\u00e9gation | Vie Associative<\/title>\n<meta name=\"robots\" content=\"index, follow, max-snippet:-1, max-image-preview:large, max-video-preview:-1\" \/>\n<link rel=\"canonical\" href=\"https:\/\/vieassociative.be\/actualites\/dortmund-couronne-avec-la-ligue-des-champions-celebre-egalement-francfort-heidenheim-en-relegation\/\" \/>\n<meta property=\"og:locale\" content=\"fr_FR\" \/>\n<meta property=\"og:type\" content=\"article\" \/>\n<meta property=\"og:title\" content=\"Dortmund couronne avec la Ligue des champions - c\u00e9l\u00e8bre \u00e9galement Francfort - Heidenheim en rel\u00e9gation | Vie Associative\" \/>\n<meta property=\"og:description\" content=\"Mettated-Dortmund et Francfurt font partie de la Ligue des champions dans une finale de Bundesliga turbulente. Alors que Heidenheim s&rsquo;attend \u00e0 deux matchs de d\u00e9cision,\" \/>\n<meta property=\"og:url\" content=\"https:\/\/vieassociative.be\/actualites\/dortmund-couronne-avec-la-ligue-des-champions-celebre-egalement-francfort-heidenheim-en-relegation\/\" \/>\n<meta property=\"og:site_name\" content=\"Vie Associative\" \/>\n<meta property=\"article:published_time\" content=\"2025-05-17T20:17:17+00:00\" \/>\n<meta property=\"og:image\" content=\"https:\/\/vieassociative.be\/actualites\/wp-content\/uploads\/2024\/09\/header_backgroundk-01-e1726694325946.png\" \/>\n\t<meta property=\"og:image:width\" content=\"279\" \/>\n\t<meta property=\"og:image:height\" content=\"92\" \/>\n\t<meta property=\"og:image:type\" content=\"image\/png\" \/>\n<meta name=\"author\" content=\"Julien\" \/>\n<meta name=\"twitter:card\" content=\"summary_large_image\" \/>\n<meta name=\"twitter:label1\" content=\"\u00c9crit par\" \/>\n\t<meta name=\"twitter:data1\" content=\"Julien\" \/>\n\t<meta name=\"twitter:label2\" content=\"Dur\u00e9e de lecture est.\" \/>\n\t<meta name=\"twitter:data2\" content=\"4 minutes\" \/>\n<script type=\"application\/ld+json\" class=\"yoast-schema-graph\">{\"@context\":\"https:\/\/schema.org\",\"@graph\":[{\"@type\":\"Article\",\"@id\":\"https:\/\/vieassociative.be\/actualites\/dortmund-couronne-avec-la-ligue-des-champions-celebre-egalement-francfort-heidenheim-en-relegation\/#article\",\"isPartOf\":{\"@id\":\"https:\/\/vieassociative.be\/actualites\/dortmund-couronne-avec-la-ligue-des-champions-celebre-egalement-francfort-heidenheim-en-relegation\/\"},\"author\":{\"name\":\"Julien\",\"@id\":\"https:\/\/vieassociative.be\/actualites\/#\/schema\/person\/b87ac4f82f9d4e7b7cec7395b679edc4\"},\"headline\":\"Dortmund couronne avec la Ligue des champions &#8211; c\u00e9l\u00e8bre \u00e9galement Francfort &#8211; Heidenheim en rel\u00e9gation\",\"datePublished\":\"2025-05-17T20:17:17+00:00\",\"dateModified\":\"2025-05-17T20:17:17+00:00\",\"mainEntityOfPage\":{\"@id\":\"https:\/\/vieassociative.be\/actualites\/dortmund-couronne-avec-la-ligue-des-champions-celebre-egalement-francfort-heidenheim-en-relegation\/\"},\"wordCount\":807,\"publisher\":{\"@id\":\"https:\/\/vieassociative.be\/actualites\/#organization\"},\"image\":{\"@id\":\"https:\/\/vieassociative.be\/actualites\/dortmund-couronne-avec-la-ligue-des-champions-celebre-egalement-francfort-heidenheim-en-relegation\/#primaryimage\"},\"thumbnailUrl\":\"https:\/\/vieassociative.be\/actualites\/wp-content\/uploads\/2025\/05\/1747513037_Dortmund-couronne-avec-la-Ligue-des-champions-celebre-egalement.jpg\",\"keywords\":[\"avec\",\"c\u00e9l\u00e8bre\",\"Champions\",\"couronne\",\"Des\",\"Dortmund\",\"\u00e9galement\",\"Francfort\",\"Heidenheim\",\"Ligue\",\"rel\u00e9gation\"],\"articleSection\":[\"Belgique\"],\"inLanguage\":\"fr-BE\"},{\"@type\":\"WebPage\",\"@id\":\"https:\/\/vieassociative.be\/actualites\/dortmund-couronne-avec-la-ligue-des-champions-celebre-egalement-francfort-heidenheim-en-relegation\/\",\"url\":\"https:\/\/vieassociative.be\/actualites\/dortmund-couronne-avec-la-ligue-des-champions-celebre-egalement-francfort-heidenheim-en-relegation\/\",\"name\":\"Dortmund couronne avec la Ligue des champions - c\u00e9l\u00e8bre \u00e9galement Francfort - Heidenheim en rel\u00e9gation | Vie Associative\",\"isPartOf\":{\"@id\":\"https:\/\/vieassociative.be\/actualites\/#website\"},\"primaryImageOfPage\":{\"@id\":\"https:\/\/vieassociative.be\/actualites\/dortmund-couronne-avec-la-ligue-des-champions-celebre-egalement-francfort-heidenheim-en-relegation\/#primaryimage\"},\"image\":{\"@id\":\"https:\/\/vieassociative.be\/actualites\/dortmund-couronne-avec-la-ligue-des-champions-celebre-egalement-francfort-heidenheim-en-relegation\/#primaryimage\"},\"thumbnailUrl\":\"https:\/\/vieassociative.be\/actualites\/wp-content\/uploads\/2025\/05\/1747513037_Dortmund-couronne-avec-la-Ligue-des-champions-celebre-egalement.jpg\",\"datePublished\":\"2025-05-17T20:17:17+00:00\",\"dateModified\":\"2025-05-17T20:17:17+00:00\",\"breadcrumb\":{\"@id\":\"https:\/\/vieassociative.be\/actualites\/dortmund-couronne-avec-la-ligue-des-champions-celebre-egalement-francfort-heidenheim-en-relegation\/#breadcrumb\"},\"inLanguage\":\"fr-BE\",\"potentialAction\":[{\"@type\":\"ReadAction\",\"target\":[\"https:\/\/vieassociative.be\/actualites\/dortmund-couronne-avec-la-ligue-des-champions-celebre-egalement-francfort-heidenheim-en-relegation\/\"]}]},{\"@type\":\"ImageObject\",\"inLanguage\":\"fr-BE\",\"@id\":\"https:\/\/vieassociative.be\/actualites\/dortmund-couronne-avec-la-ligue-des-champions-celebre-egalement-francfort-heidenheim-en-relegation\/#primaryimage\",\"url\":\"https:\/\/vieassociative.be\/actualites\/wp-content\/uploads\/2025\/05\/1747513037_Dortmund-couronne-avec-la-Ligue-des-champions-celebre-egalement.jpg\",\"contentUrl\":\"https:\/\/vieassociative.be\/actualites\/wp-content\/uploads\/2025\/05\/1747513037_Dortmund-couronne-avec-la-Ligue-des-champions-celebre-egalement.jpg\",\"width\":1200,\"height\":836,\"caption\":\"Dortmund couronne avec la Ligue des champions - c\u00e9l\u00e8bre \u00e9galement Francfort - Heidenheim en rel\u00e9gation\"},{\"@type\":\"BreadcrumbList\",\"@id\":\"https:\/\/vieassociative.be\/actualites\/dortmund-couronne-avec-la-ligue-des-champions-celebre-egalement-francfort-heidenheim-en-relegation\/#breadcrumb\",\"itemListElement\":[{\"@type\":\"ListItem\",\"position\":1,\"name\":\"Accueil\",\"item\":\"https:\/\/vieassociative.be\/actualites\/\"},{\"@type\":\"ListItem\",\"position\":2,\"name\":\"Dortmund couronne avec la Ligue des champions &#8211; c\u00e9l\u00e8bre \u00e9galement Francfort &#8211; Heidenheim en rel\u00e9gation\"}]},{\"@type\":\"WebSite\",\"@id\":\"https:\/\/vieassociative.be\/actualites\/#website\",\"url\":\"https:\/\/vieassociative.be\/actualites\/\",\"name\":\"Vie Associative\",\"description\":\"\",\"publisher\":{\"@id\":\"https:\/\/vieassociative.be\/actualites\/#organization\"},\"potentialAction\":[{\"@type\":\"SearchAction\",\"target\":{\"@type\":\"EntryPoint\",\"urlTemplate\":\"https:\/\/vieassociative.be\/actualites\/?s={search_term_string}\"},\"query-input\":{\"@type\":\"PropertyValueSpecification\",\"valueRequired\":true,\"valueName\":\"search_term_string\"}}],\"inLanguage\":\"fr-BE\"},{\"@type\":\"Organization\",\"@id\":\"https:\/\/vieassociative.be\/actualites\/#organization\",\"name\":\"Vie Associative\",\"url\":\"https:\/\/vieassociative.be\/actualites\/\",\"logo\":{\"@type\":\"ImageObject\",\"inLanguage\":\"fr-BE\",\"@id\":\"https:\/\/vieassociative.be\/actualites\/#\/schema\/logo\/image\/\",\"url\":\"https:\/\/vieassociative.be\/actualites\/wp-content\/uploads\/2024\/09\/cropped-vieassociative_favicon.ico.png\",\"contentUrl\":\"https:\/\/vieassociative.be\/actualites\/wp-content\/uploads\/2024\/09\/cropped-vieassociative_favicon.ico.png\",\"width\":512,\"height\":512,\"caption\":\"Vie Associative\"},\"image\":{\"@id\":\"https:\/\/vieassociative.be\/actualites\/#\/schema\/logo\/image\/\"}},{\"@type\":\"Person\",\"@id\":\"https:\/\/vieassociative.be\/actualites\/#\/schema\/person\/b87ac4f82f9d4e7b7cec7395b679edc4\",\"name\":\"Julien\",\"image\":{\"@type\":\"ImageObject\",\"inLanguage\":\"fr-BE\",\"@id\":\"https:\/\/vieassociative.be\/actualites\/#\/schema\/person\/image\/\",\"url\":\"https:\/\/vieassociative.be\/actualites\/wp-content\/uploads\/2024\/09\/vie-associative-1-150x150.jpg\",\"contentUrl\":\"https:\/\/vieassociative.be\/actualites\/wp-content\/uploads\/2024\/09\/vie-associative-1-150x150.jpg\",\"caption\":\"Julien\"},\"description\":\"Je suis Julien, r\u00e9dacteur pour Vie Associative. Passionn\u00e9 par le monde associatif depuis plus de 10 ans, j'ai \u00e0 c\u0153ur de partager des histoires inspirantes et de mettre en lumi\u00e8re les initiatives locales. Mon objectif est de sensibiliser et d'encourager l'engagement communautaire \u00e0 travers mes articles.\",\"sameAs\":[\"https:\/\/vieassociative.be\/\"]}]}<\/script>\n<!-- \/ Yoast SEO plugin. -->","yoast_head_json":{"title":"Dortmund couronne avec la Ligue des champions - c\u00e9l\u00e8bre \u00e9galement Francfort - Heidenheim en rel\u00e9gation | Vie Associative","robots":{"index":"index","follow":"follow","max-snippet":"max-snippet:-1","max-image-preview":"max-image-preview:large","max-video-preview":"max-video-preview:-1"},"canonical":"https:\/\/vieassociative.be\/actualites\/dortmund-couronne-avec-la-ligue-des-champions-celebre-egalement-francfort-heidenheim-en-relegation\/","og_locale":"fr_FR","og_type":"article","og_title":"Dortmund couronne avec la Ligue des champions - c\u00e9l\u00e8bre \u00e9galement Francfort - Heidenheim en rel\u00e9gation | Vie Associative","og_description":"Mettated-Dortmund et Francfurt font partie de la Ligue des champions dans une finale de Bundesliga turbulente. Alors que Heidenheim s&rsquo;attend \u00e0 deux matchs de d\u00e9cision,","og_url":"https:\/\/vieassociative.be\/actualites\/dortmund-couronne-avec-la-ligue-des-champions-celebre-egalement-francfort-heidenheim-en-relegation\/","og_site_name":"Vie Associative","article_published_time":"2025-05-17T20:17:17+00:00","og_image":[{"width":279,"height":92,"url":"https:\/\/vieassociative.be\/actualites\/wp-content\/uploads\/2024\/09\/header_backgroundk-01-e1726694325946.png","type":"image\/png"}],"author":"Julien","twitter_card":"summary_large_image","twitter_misc":{"\u00c9crit par":"Julien","Dur\u00e9e de lecture est.":"4 minutes"},"schema":{"@context":"https:\/\/schema.org","@graph":[{"@type":"Article","@id":"https:\/\/vieassociative.be\/actualites\/dortmund-couronne-avec-la-ligue-des-champions-celebre-egalement-francfort-heidenheim-en-relegation\/#article","isPartOf":{"@id":"https:\/\/vieassociative.be\/actualites\/dortmund-couronne-avec-la-ligue-des-champions-celebre-egalement-francfort-heidenheim-en-relegation\/"},"author":{"name":"Julien","@id":"https:\/\/vieassociative.be\/actualites\/#\/schema\/person\/b87ac4f82f9d4e7b7cec7395b679edc4"},"headline":"Dortmund couronne avec la Ligue des champions &#8211; c\u00e9l\u00e8bre \u00e9galement Francfort &#8211; Heidenheim en rel\u00e9gation","datePublished":"2025-05-17T20:17:17+00:00","dateModified":"2025-05-17T20:17:17+00:00","mainEntityOfPage":{"@id":"https:\/\/vieassociative.be\/actualites\/dortmund-couronne-avec-la-ligue-des-champions-celebre-egalement-francfort-heidenheim-en-relegation\/"},"wordCount":807,"publisher":{"@id":"https:\/\/vieassociative.be\/actualites\/#organization"},"image":{"@id":"https:\/\/vieassociative.be\/actualites\/dortmund-couronne-avec-la-ligue-des-champions-celebre-egalement-francfort-heidenheim-en-relegation\/#primaryimage"},"thumbnailUrl":"https:\/\/vieassociative.be\/actualites\/wp-content\/uploads\/2025\/05\/1747513037_Dortmund-couronne-avec-la-Ligue-des-champions-celebre-egalement.jpg","keywords":["avec","c\u00e9l\u00e8bre","Champions","couronne","Des","Dortmund","\u00e9galement","Francfort","Heidenheim","Ligue","rel\u00e9gation"],"articleSection":["Belgique"],"inLanguage":"fr-BE"},{"@type":"WebPage","@id":"https:\/\/vieassociative.be\/actualites\/dortmund-couronne-avec-la-ligue-des-champions-celebre-egalement-francfort-heidenheim-en-relegation\/","url":"https:\/\/vieassociative.be\/actualites\/dortmund-couronne-avec-la-ligue-des-champions-celebre-egalement-francfort-heidenheim-en-relegation\/","name":"Dortmund couronne avec la Ligue des champions - c\u00e9l\u00e8bre \u00e9galement Francfort - Heidenheim en rel\u00e9gation | Vie Associative","isPartOf":{"@id":"https:\/\/vieassociative.be\/actualites\/#website"},"primaryImageOfPage":{"@id":"https:\/\/vieassociative.be\/actualites\/dortmund-couronne-avec-la-ligue-des-champions-celebre-egalement-francfort-heidenheim-en-relegation\/#primaryimage"},"image":{"@id":"https:\/\/vieassociative.be\/actualites\/dortmund-couronne-avec-la-ligue-des-champions-celebre-egalement-francfort-heidenheim-en-relegation\/#primaryimage"},"thumbnailUrl":"https:\/\/vieassociative.be\/actualites\/wp-content\/uploads\/2025\/05\/1747513037_Dortmund-couronne-avec-la-Ligue-des-champions-celebre-egalement.jpg","datePublished":"2025-05-17T20:17:17+00:00","dateModified":"2025-05-17T20:17:17+00:00","breadcrumb":{"@id":"https:\/\/vieassociative.be\/actualites\/dortmund-couronne-avec-la-ligue-des-champions-celebre-egalement-francfort-heidenheim-en-relegation\/#breadcrumb"},"inLanguage":"fr-BE","potentialAction":[{"@type":"ReadAction","target":["https:\/\/vieassociative.be\/actualites\/dortmund-couronne-avec-la-ligue-des-champions-celebre-egalement-francfort-heidenheim-en-relegation\/"]}]},{"@type":"ImageObject","inLanguage":"fr-BE","@id":"https:\/\/vieassociative.be\/actualites\/dortmund-couronne-avec-la-ligue-des-champions-celebre-egalement-francfort-heidenheim-en-relegation\/#primaryimage","url":"https:\/\/vieassociative.be\/actualites\/wp-content\/uploads\/2025\/05\/1747513037_Dortmund-couronne-avec-la-Ligue-des-champions-celebre-egalement.jpg","contentUrl":"https:\/\/vieassociative.be\/actualites\/wp-content\/uploads\/2025\/05\/1747513037_Dortmund-couronne-avec-la-Ligue-des-champions-celebre-egalement.jpg","width":1200,"height":836,"caption":"Dortmund couronne avec la Ligue des champions - c\u00e9l\u00e8bre \u00e9galement Francfort - Heidenheim en rel\u00e9gation"},{"@type":"BreadcrumbList","@id":"https:\/\/vieassociative.be\/actualites\/dortmund-couronne-avec-la-ligue-des-champions-celebre-egalement-francfort-heidenheim-en-relegation\/#breadcrumb","itemListElement":[{"@type":"ListItem","position":1,"name":"Accueil","item":"https:\/\/vieassociative.be\/actualites\/"},{"@type":"ListItem","position":2,"name":"Dortmund couronne avec la Ligue des champions &#8211; c\u00e9l\u00e8bre \u00e9galement Francfort &#8211; Heidenheim en rel\u00e9gation"}]},{"@type":"WebSite","@id":"https:\/\/vieassociative.be\/actualites\/#website","url":"https:\/\/vieassociative.be\/actualites\/","name":"Vie Associative","description":"","publisher":{"@id":"https:\/\/vieassociative.be\/actualites\/#organization"},"potentialAction":[{"@type":"SearchAction","target":{"@type":"EntryPoint","urlTemplate":"https:\/\/vieassociative.be\/actualites\/?s={search_term_string}"},"query-input":{"@type":"PropertyValueSpecification","valueRequired":true,"valueName":"search_term_string"}}],"inLanguage":"fr-BE"},{"@type":"Organization","@id":"https:\/\/vieassociative.be\/actualites\/#organization","name":"Vie Associative","url":"https:\/\/vieassociative.be\/actualites\/","logo":{"@type":"ImageObject","inLanguage":"fr-BE","@id":"https:\/\/vieassociative.be\/actualites\/#\/schema\/logo\/image\/","url":"https:\/\/vieassociative.be\/actualites\/wp-content\/uploads\/2024\/09\/cropped-vieassociative_favicon.ico.png","contentUrl":"https:\/\/vieassociative.be\/actualites\/wp-content\/uploads\/2024\/09\/cropped-vieassociative_favicon.ico.png","width":512,"height":512,"caption":"Vie Associative"},"image":{"@id":"https:\/\/vieassociative.be\/actualites\/#\/schema\/logo\/image\/"}},{"@type":"Person","@id":"https:\/\/vieassociative.be\/actualites\/#\/schema\/person\/b87ac4f82f9d4e7b7cec7395b679edc4","name":"Julien","image":{"@type":"ImageObject","inLanguage":"fr-BE","@id":"https:\/\/vieassociative.be\/actualites\/#\/schema\/person\/image\/","url":"https:\/\/vieassociative.be\/actualites\/wp-content\/uploads\/2024\/09\/vie-associative-1-150x150.jpg","contentUrl":"https:\/\/vieassociative.be\/actualites\/wp-content\/uploads\/2024\/09\/vie-associative-1-150x150.jpg","caption":"Julien"},"description":"Je suis Julien, r\u00e9dacteur pour Vie Associative. Passionn\u00e9 par le monde associatif depuis plus de 10 ans, j'ai \u00e0 c\u0153ur de partager des histoires inspirantes et de mettre en lumi\u00e8re les initiatives locales. Mon objectif est de sensibiliser et d'encourager l'engagement communautaire \u00e0 travers mes articles.","sameAs":["https:\/\/vieassociative.be\/"]}]}},"_links":{"self":[{"href":"https:\/\/vieassociative.be\/actualites\/wp-json\/wp\/v2\/posts\/7624"}],"collection":[{"href":"https:\/\/vieassociative.be\/actualites\/wp-json\/wp\/v2\/posts"}],"about":[{"href":"https:\/\/vieassociative.be\/actualites\/wp-json\/wp\/v2\/types\/post"}],"author":[{"embeddable":true,"href":"https:\/\/vieassociative.be\/actualites\/wp-json\/wp\/v2\/users\/1"}],"replies":[{"embeddable":true,"href":"https:\/\/vieassociative.be\/actualites\/wp-json\/wp\/v2\/comments?post=7624"}],"version-history":[{"count":0,"href":"https:\/\/vieassociative.be\/actualites\/wp-json\/wp\/v2\/posts\/7624\/revisions"}],"wp:featuredmedia":[{"embeddable":true,"href":"https:\/\/vieassociative.be\/actualites\/wp-json\/wp\/v2\/media\/7625"}],"wp:attachment":[{"href":"https:\/\/vieassociative.be\/actualites\/wp-json\/wp\/v2\/media?parent=7624"}],"wp:term":[{"taxonomy":"category","embeddable":true,"href":"https:\/\/vieassociative.be\/actualites\/wp-json\/wp\/v2\/categories?post=7624"},{"taxonomy":"post_tag","embeddable":true,"href":"https:\/\/vieassociative.be\/actualites\/wp-json\/wp\/v2\/tags?post=7624"}],"curies":[{"name":"wp","href":"https:\/\/api.w.org\/{rel}","templated":true}]}}