{"id":7620,"date":"2025-05-17T16:16:57","date_gmt":"2025-05-17T14:16:57","guid":{"rendered":"https:\/\/vieassociative.be\/actualites\/new-art-commission-de-la-dg-pour-2025-2029\/"},"modified":"2025-05-17T16:16:57","modified_gmt":"2025-05-17T14:16:57","slug":"new-art-commission-de-la-dg-pour-2025-2029","status":"publish","type":"post","link":"https:\/\/vieassociative.be\/actualites\/new-art-commission-de-la-dg-pour-2025-2029\/","title":{"rendered":"New Art Commission de la DG pour 2025-2029"},"content":{"rendered":"<p>Le 15 mai 2025, la nouvelle Commission artistique de la DG a \u00e9t\u00e9 officiellement utilis\u00e9e pour la p\u00e9riode l\u00e9gislative 2025-2029 par le ministre de la Culture Gregor Salch (PFF).<\/p>\n<p><span id=\"more-415640\"><\/span>Dans son discours, le ministre Salch a d&rsquo;abord salu\u00e9 le travail des anciens membres de la commission Heike Binger, Dirk T\u00f6lke, Anke Reitz, Nadine Streicher et Walter Mie\u00dfen, qui ont travaill\u00e9 avec un grand engagement et une expertise de 2017 \u00e0 2025. \u00ab\u00a0Leurs d\u00e9cisions ont apport\u00e9 une contribution importante au fait que les achats artistiques ne sont pas seulement pris en fonction des crit\u00e8res officiels, mais avec une compr\u00e9hension approfondie de la pertinence culturelle,\u00a0\u00bb mettant l&rsquo;accent sur les crit\u00e8res officiels, mais avec une compr\u00e9hension approfondie de la pertinence culturelle, \u00ab\u00a0ne mettait pas en cause le ministre des responsables, mais avec une responsabilit\u00e9 approfondie.<\/p>\n<p>Par la suite, les joues ont pr\u00e9sent\u00e9 les nouveaux membres de la Commission:<br \/>\n\u2022 Miriam Elebe<br \/>\n\u2022 Ren\u00e9 Heinen<br \/>\n\u2022 C\u00e9cile Ernst<br \/>\n\u2022 Winfried Adams<br \/>\n\u2022 Manfred Fettweis (pr\u00e9sident)<\/p>\n<p>La commission, si effront\u00e9e, est bien plus qu&rsquo;un organisme consultatif. \u00ab\u00a0C&rsquo;est un miroir de notre diversit\u00e9 culturelle, une impulsion et un correctif critique. En particulier en p\u00e9riode de bouleversements sociaux, l&rsquo;art est n\u00e9cessaire comme une expression de la libert\u00e9, de la r\u00e9flexion et de la cr\u00e9ativit\u00e9.\u00a0\u00bb<\/p>\n<p>La base juridique du travail de la Commission d&rsquo;art est le d\u00e9cret de financement culturel de 2013. Cela donne non seulement au comit\u00e9 des directives claires, mais aussi \u00e0 la port\u00e9e de l&rsquo;interpr\u00e9tation et de la responsabilit\u00e9 artistiques. Le gouvernement de la communaut\u00e9 allemande remercie les membres qui sortaient pour leurs nombreuses ann\u00e9es d&rsquo;engagement et souhaitent \u00e0 la commission nouvellement employ\u00e9e un d\u00e9but inspirant et un mandat r\u00e9ussi.<\/p>\n","protected":false},"excerpt":{"rendered":"<p>Le 15 mai 2025, la nouvelle Commission artistique de la DG a \u00e9t\u00e9 officiellement utilis\u00e9e pour la p\u00e9riode l\u00e9gislative 2025-2029 par le ministre de la<\/p>\n","protected":false},"author":1,"featured_media":7621,"comment_status":"","ping_status":"","sticky":false,"template":"","format":"standard","meta":{"footnotes":""},"categories":[298],"tags":[6247,3560,81],"class_list":["post-7620","post","type-post","status-publish","format-standard","has-post-thumbnail","hentry","category-belgique","tag-art","tag-commission","tag-pour","generate-columns","tablet-grid-50","mobile-grid-100","grid-parent","grid-33"],"yoast_head":"<!-- This site is optimized with the Yoast SEO plugin v24.0 - https:\/\/yoast.com\/wordpress\/plugins\/seo\/ -->\n<title>New Art Commission de la DG pour 2025-2029 | Vie Associative<\/title>\n<meta name=\"robots\" content=\"index, follow, max-snippet:-1, max-image-preview:large, max-video-preview:-1\" \/>\n<link rel=\"canonical\" href=\"https:\/\/vieassociative.be\/actualites\/new-art-commission-de-la-dg-pour-2025-2029\/\" \/>\n<meta property=\"og:locale\" content=\"fr_FR\" \/>\n<meta property=\"og:type\" content=\"article\" \/>\n<meta property=\"og:title\" content=\"New Art Commission de la DG pour 2025-2029 | Vie Associative\" \/>\n<meta property=\"og:description\" content=\"Le 15 mai 2025, la nouvelle Commission artistique de la DG a \u00e9t\u00e9 officiellement utilis\u00e9e pour la p\u00e9riode l\u00e9gislative 2025-2029 par le ministre de la\" \/>\n<meta property=\"og:url\" content=\"https:\/\/vieassociative.be\/actualites\/new-art-commission-de-la-dg-pour-2025-2029\/\" \/>\n<meta property=\"og:site_name\" content=\"Vie Associative\" \/>\n<meta property=\"article:published_time\" content=\"2025-05-17T14:16:57+00:00\" \/>\n<meta property=\"og:image\" content=\"https:\/\/vieassociative.be\/actualites\/wp-content\/uploads\/2024\/09\/header_backgroundk-01-e1726694325946.png\" \/>\n\t<meta property=\"og:image:width\" content=\"279\" \/>\n\t<meta property=\"og:image:height\" content=\"92\" \/>\n\t<meta property=\"og:image:type\" content=\"image\/png\" \/>\n<meta name=\"author\" content=\"Julien\" \/>\n<meta name=\"twitter:card\" content=\"summary_large_image\" \/>\n<meta name=\"twitter:label1\" content=\"\u00c9crit par\" \/>\n\t<meta name=\"twitter:data1\" content=\"Julien\" \/>\n\t<meta name=\"twitter:label2\" content=\"Dur\u00e9e de lecture est.\" \/>\n\t<meta name=\"twitter:data2\" content=\"1 minute\" \/>\n<script type=\"application\/ld+json\" class=\"yoast-schema-graph\">{\"@context\":\"https:\/\/schema.org\",\"@graph\":[{\"@type\":\"Article\",\"@id\":\"https:\/\/vieassociative.be\/actualites\/new-art-commission-de-la-dg-pour-2025-2029\/#article\",\"isPartOf\":{\"@id\":\"https:\/\/vieassociative.be\/actualites\/new-art-commission-de-la-dg-pour-2025-2029\/\"},\"author\":{\"name\":\"Julien\",\"@id\":\"https:\/\/vieassociative.be\/actualites\/#\/schema\/person\/b87ac4f82f9d4e7b7cec7395b679edc4\"},\"headline\":\"New Art Commission de la DG pour 2025-2029\",\"datePublished\":\"2025-05-17T14:16:57+00:00\",\"dateModified\":\"2025-05-17T14:16:57+00:00\",\"mainEntityOfPage\":{\"@id\":\"https:\/\/vieassociative.be\/actualites\/new-art-commission-de-la-dg-pour-2025-2029\/\"},\"wordCount\":303,\"publisher\":{\"@id\":\"https:\/\/vieassociative.be\/actualites\/#organization\"},\"image\":{\"@id\":\"https:\/\/vieassociative.be\/actualites\/new-art-commission-de-la-dg-pour-2025-2029\/#primaryimage\"},\"thumbnailUrl\":\"https:\/\/vieassociative.be\/actualites\/wp-content\/uploads\/2025\/05\/New-Art-Commission-de-la-DG-pour-2025-2029.jpg\",\"keywords\":[\"Art\",\"Commission\",\"pour\"],\"articleSection\":[\"Belgique\"],\"inLanguage\":\"fr-BE\"},{\"@type\":\"WebPage\",\"@id\":\"https:\/\/vieassociative.be\/actualites\/new-art-commission-de-la-dg-pour-2025-2029\/\",\"url\":\"https:\/\/vieassociative.be\/actualites\/new-art-commission-de-la-dg-pour-2025-2029\/\",\"name\":\"New Art Commission de la DG pour 2025-2029 | Vie Associative\",\"isPartOf\":{\"@id\":\"https:\/\/vieassociative.be\/actualites\/#website\"},\"primaryImageOfPage\":{\"@id\":\"https:\/\/vieassociative.be\/actualites\/new-art-commission-de-la-dg-pour-2025-2029\/#primaryimage\"},\"image\":{\"@id\":\"https:\/\/vieassociative.be\/actualites\/new-art-commission-de-la-dg-pour-2025-2029\/#primaryimage\"},\"thumbnailUrl\":\"https:\/\/vieassociative.be\/actualites\/wp-content\/uploads\/2025\/05\/New-Art-Commission-de-la-DG-pour-2025-2029.jpg\",\"datePublished\":\"2025-05-17T14:16:57+00:00\",\"dateModified\":\"2025-05-17T14:16:57+00:00\",\"breadcrumb\":{\"@id\":\"https:\/\/vieassociative.be\/actualites\/new-art-commission-de-la-dg-pour-2025-2029\/#breadcrumb\"},\"inLanguage\":\"fr-BE\",\"potentialAction\":[{\"@type\":\"ReadAction\",\"target\":[\"https:\/\/vieassociative.be\/actualites\/new-art-commission-de-la-dg-pour-2025-2029\/\"]}]},{\"@type\":\"ImageObject\",\"inLanguage\":\"fr-BE\",\"@id\":\"https:\/\/vieassociative.be\/actualites\/new-art-commission-de-la-dg-pour-2025-2029\/#primaryimage\",\"url\":\"https:\/\/vieassociative.be\/actualites\/wp-content\/uploads\/2025\/05\/New-Art-Commission-de-la-DG-pour-2025-2029.jpg\",\"contentUrl\":\"https:\/\/vieassociative.be\/actualites\/wp-content\/uploads\/2025\/05\/New-Art-Commission-de-la-DG-pour-2025-2029.jpg\",\"width\":1200,\"height\":904,\"caption\":\"New Art Commission de la DG pour 2025-2029\"},{\"@type\":\"BreadcrumbList\",\"@id\":\"https:\/\/vieassociative.be\/actualites\/new-art-commission-de-la-dg-pour-2025-2029\/#breadcrumb\",\"itemListElement\":[{\"@type\":\"ListItem\",\"position\":1,\"name\":\"Accueil\",\"item\":\"https:\/\/vieassociative.be\/actualites\/\"},{\"@type\":\"ListItem\",\"position\":2,\"name\":\"New Art Commission de la DG pour 2025-2029\"}]},{\"@type\":\"WebSite\",\"@id\":\"https:\/\/vieassociative.be\/actualites\/#website\",\"url\":\"https:\/\/vieassociative.be\/actualites\/\",\"name\":\"Vie Associative\",\"description\":\"\",\"publisher\":{\"@id\":\"https:\/\/vieassociative.be\/actualites\/#organization\"},\"potentialAction\":[{\"@type\":\"SearchAction\",\"target\":{\"@type\":\"EntryPoint\",\"urlTemplate\":\"https:\/\/vieassociative.be\/actualites\/?s={search_term_string}\"},\"query-input\":{\"@type\":\"PropertyValueSpecification\",\"valueRequired\":true,\"valueName\":\"search_term_string\"}}],\"inLanguage\":\"fr-BE\"},{\"@type\":\"Organization\",\"@id\":\"https:\/\/vieassociative.be\/actualites\/#organization\",\"name\":\"Vie Associative\",\"url\":\"https:\/\/vieassociative.be\/actualites\/\",\"logo\":{\"@type\":\"ImageObject\",\"inLanguage\":\"fr-BE\",\"@id\":\"https:\/\/vieassociative.be\/actualites\/#\/schema\/logo\/image\/\",\"url\":\"https:\/\/vieassociative.be\/actualites\/wp-content\/uploads\/2024\/09\/cropped-vieassociative_favicon.ico.png\",\"contentUrl\":\"https:\/\/vieassociative.be\/actualites\/wp-content\/uploads\/2024\/09\/cropped-vieassociative_favicon.ico.png\",\"width\":512,\"height\":512,\"caption\":\"Vie Associative\"},\"image\":{\"@id\":\"https:\/\/vieassociative.be\/actualites\/#\/schema\/logo\/image\/\"}},{\"@type\":\"Person\",\"@id\":\"https:\/\/vieassociative.be\/actualites\/#\/schema\/person\/b87ac4f82f9d4e7b7cec7395b679edc4\",\"name\":\"Julien\",\"image\":{\"@type\":\"ImageObject\",\"inLanguage\":\"fr-BE\",\"@id\":\"https:\/\/vieassociative.be\/actualites\/#\/schema\/person\/image\/\",\"url\":\"https:\/\/vieassociative.be\/actualites\/wp-content\/uploads\/2024\/09\/vie-associative-1-150x150.jpg\",\"contentUrl\":\"https:\/\/vieassociative.be\/actualites\/wp-content\/uploads\/2024\/09\/vie-associative-1-150x150.jpg\",\"caption\":\"Julien\"},\"description\":\"Je suis Julien, r\u00e9dacteur pour Vie Associative. Passionn\u00e9 par le monde associatif depuis plus de 10 ans, j'ai \u00e0 c\u0153ur de partager des histoires inspirantes et de mettre en lumi\u00e8re les initiatives locales. Mon objectif est de sensibiliser et d'encourager l'engagement communautaire \u00e0 travers mes articles.\",\"sameAs\":[\"https:\/\/vieassociative.be\/\"]}]}<\/script>\n<!-- \/ Yoast SEO plugin. -->","yoast_head_json":{"title":"New Art Commission de la DG pour 2025-2029 | Vie Associative","robots":{"index":"index","follow":"follow","max-snippet":"max-snippet:-1","max-image-preview":"max-image-preview:large","max-video-preview":"max-video-preview:-1"},"canonical":"https:\/\/vieassociative.be\/actualites\/new-art-commission-de-la-dg-pour-2025-2029\/","og_locale":"fr_FR","og_type":"article","og_title":"New Art Commission de la DG pour 2025-2029 | Vie Associative","og_description":"Le 15 mai 2025, la nouvelle Commission artistique de la DG a \u00e9t\u00e9 officiellement utilis\u00e9e pour la p\u00e9riode l\u00e9gislative 2025-2029 par le ministre de la","og_url":"https:\/\/vieassociative.be\/actualites\/new-art-commission-de-la-dg-pour-2025-2029\/","og_site_name":"Vie Associative","article_published_time":"2025-05-17T14:16:57+00:00","og_image":[{"width":279,"height":92,"url":"https:\/\/vieassociative.be\/actualites\/wp-content\/uploads\/2024\/09\/header_backgroundk-01-e1726694325946.png","type":"image\/png"}],"author":"Julien","twitter_card":"summary_large_image","twitter_misc":{"\u00c9crit par":"Julien","Dur\u00e9e de lecture est.":"1 minute"},"schema":{"@context":"https:\/\/schema.org","@graph":[{"@type":"Article","@id":"https:\/\/vieassociative.be\/actualites\/new-art-commission-de-la-dg-pour-2025-2029\/#article","isPartOf":{"@id":"https:\/\/vieassociative.be\/actualites\/new-art-commission-de-la-dg-pour-2025-2029\/"},"author":{"name":"Julien","@id":"https:\/\/vieassociative.be\/actualites\/#\/schema\/person\/b87ac4f82f9d4e7b7cec7395b679edc4"},"headline":"New Art Commission de la DG pour 2025-2029","datePublished":"2025-05-17T14:16:57+00:00","dateModified":"2025-05-17T14:16:57+00:00","mainEntityOfPage":{"@id":"https:\/\/vieassociative.be\/actualites\/new-art-commission-de-la-dg-pour-2025-2029\/"},"wordCount":303,"publisher":{"@id":"https:\/\/vieassociative.be\/actualites\/#organization"},"image":{"@id":"https:\/\/vieassociative.be\/actualites\/new-art-commission-de-la-dg-pour-2025-2029\/#primaryimage"},"thumbnailUrl":"https:\/\/vieassociative.be\/actualites\/wp-content\/uploads\/2025\/05\/New-Art-Commission-de-la-DG-pour-2025-2029.jpg","keywords":["Art","Commission","pour"],"articleSection":["Belgique"],"inLanguage":"fr-BE"},{"@type":"WebPage","@id":"https:\/\/vieassociative.be\/actualites\/new-art-commission-de-la-dg-pour-2025-2029\/","url":"https:\/\/vieassociative.be\/actualites\/new-art-commission-de-la-dg-pour-2025-2029\/","name":"New Art Commission de la DG pour 2025-2029 | Vie Associative","isPartOf":{"@id":"https:\/\/vieassociative.be\/actualites\/#website"},"primaryImageOfPage":{"@id":"https:\/\/vieassociative.be\/actualites\/new-art-commission-de-la-dg-pour-2025-2029\/#primaryimage"},"image":{"@id":"https:\/\/vieassociative.be\/actualites\/new-art-commission-de-la-dg-pour-2025-2029\/#primaryimage"},"thumbnailUrl":"https:\/\/vieassociative.be\/actualites\/wp-content\/uploads\/2025\/05\/New-Art-Commission-de-la-DG-pour-2025-2029.jpg","datePublished":"2025-05-17T14:16:57+00:00","dateModified":"2025-05-17T14:16:57+00:00","breadcrumb":{"@id":"https:\/\/vieassociative.be\/actualites\/new-art-commission-de-la-dg-pour-2025-2029\/#breadcrumb"},"inLanguage":"fr-BE","potentialAction":[{"@type":"ReadAction","target":["https:\/\/vieassociative.be\/actualites\/new-art-commission-de-la-dg-pour-2025-2029\/"]}]},{"@type":"ImageObject","inLanguage":"fr-BE","@id":"https:\/\/vieassociative.be\/actualites\/new-art-commission-de-la-dg-pour-2025-2029\/#primaryimage","url":"https:\/\/vieassociative.be\/actualites\/wp-content\/uploads\/2025\/05\/New-Art-Commission-de-la-DG-pour-2025-2029.jpg","contentUrl":"https:\/\/vieassociative.be\/actualites\/wp-content\/uploads\/2025\/05\/New-Art-Commission-de-la-DG-pour-2025-2029.jpg","width":1200,"height":904,"caption":"New Art Commission de la DG pour 2025-2029"},{"@type":"BreadcrumbList","@id":"https:\/\/vieassociative.be\/actualites\/new-art-commission-de-la-dg-pour-2025-2029\/#breadcrumb","itemListElement":[{"@type":"ListItem","position":1,"name":"Accueil","item":"https:\/\/vieassociative.be\/actualites\/"},{"@type":"ListItem","position":2,"name":"New Art Commission de la DG pour 2025-2029"}]},{"@type":"WebSite","@id":"https:\/\/vieassociative.be\/actualites\/#website","url":"https:\/\/vieassociative.be\/actualites\/","name":"Vie Associative","description":"","publisher":{"@id":"https:\/\/vieassociative.be\/actualites\/#organization"},"potentialAction":[{"@type":"SearchAction","target":{"@type":"EntryPoint","urlTemplate":"https:\/\/vieassociative.be\/actualites\/?s={search_term_string}"},"query-input":{"@type":"PropertyValueSpecification","valueRequired":true,"valueName":"search_term_string"}}],"inLanguage":"fr-BE"},{"@type":"Organization","@id":"https:\/\/vieassociative.be\/actualites\/#organization","name":"Vie Associative","url":"https:\/\/vieassociative.be\/actualites\/","logo":{"@type":"ImageObject","inLanguage":"fr-BE","@id":"https:\/\/vieassociative.be\/actualites\/#\/schema\/logo\/image\/","url":"https:\/\/vieassociative.be\/actualites\/wp-content\/uploads\/2024\/09\/cropped-vieassociative_favicon.ico.png","contentUrl":"https:\/\/vieassociative.be\/actualites\/wp-content\/uploads\/2024\/09\/cropped-vieassociative_favicon.ico.png","width":512,"height":512,"caption":"Vie Associative"},"image":{"@id":"https:\/\/vieassociative.be\/actualites\/#\/schema\/logo\/image\/"}},{"@type":"Person","@id":"https:\/\/vieassociative.be\/actualites\/#\/schema\/person\/b87ac4f82f9d4e7b7cec7395b679edc4","name":"Julien","image":{"@type":"ImageObject","inLanguage":"fr-BE","@id":"https:\/\/vieassociative.be\/actualites\/#\/schema\/person\/image\/","url":"https:\/\/vieassociative.be\/actualites\/wp-content\/uploads\/2024\/09\/vie-associative-1-150x150.jpg","contentUrl":"https:\/\/vieassociative.be\/actualites\/wp-content\/uploads\/2024\/09\/vie-associative-1-150x150.jpg","caption":"Julien"},"description":"Je suis Julien, r\u00e9dacteur pour Vie Associative. Passionn\u00e9 par le monde associatif depuis plus de 10 ans, j'ai \u00e0 c\u0153ur de partager des histoires inspirantes et de mettre en lumi\u00e8re les initiatives locales. Mon objectif est de sensibiliser et d'encourager l'engagement communautaire \u00e0 travers mes articles.","sameAs":["https:\/\/vieassociative.be\/"]}]}},"_links":{"self":[{"href":"https:\/\/vieassociative.be\/actualites\/wp-json\/wp\/v2\/posts\/7620"}],"collection":[{"href":"https:\/\/vieassociative.be\/actualites\/wp-json\/wp\/v2\/posts"}],"about":[{"href":"https:\/\/vieassociative.be\/actualites\/wp-json\/wp\/v2\/types\/post"}],"author":[{"embeddable":true,"href":"https:\/\/vieassociative.be\/actualites\/wp-json\/wp\/v2\/users\/1"}],"replies":[{"embeddable":true,"href":"https:\/\/vieassociative.be\/actualites\/wp-json\/wp\/v2\/comments?post=7620"}],"version-history":[{"count":0,"href":"https:\/\/vieassociative.be\/actualites\/wp-json\/wp\/v2\/posts\/7620\/revisions"}],"wp:featuredmedia":[{"embeddable":true,"href":"https:\/\/vieassociative.be\/actualites\/wp-json\/wp\/v2\/media\/7621"}],"wp:attachment":[{"href":"https:\/\/vieassociative.be\/actualites\/wp-json\/wp\/v2\/media?parent=7620"}],"wp:term":[{"taxonomy":"category","embeddable":true,"href":"https:\/\/vieassociative.be\/actualites\/wp-json\/wp\/v2\/categories?post=7620"},{"taxonomy":"post_tag","embeddable":true,"href":"https:\/\/vieassociative.be\/actualites\/wp-json\/wp\/v2\/tags?post=7620"}],"curies":[{"name":"wp","href":"https:\/\/api.w.org\/{rel}","templated":true}]}}