{"id":7618,"date":"2025-05-17T15:17:43","date_gmt":"2025-05-17T13:17:43","guid":{"rendered":"https:\/\/vieassociative.be\/actualites\/tous-ces-ecouteurs-de-battement-sont-en-vente-lors-de-la-vente-du-memorial-day-damazon\/"},"modified":"2025-05-17T15:17:43","modified_gmt":"2025-05-17T13:17:43","slug":"tous-ces-ecouteurs-de-battement-sont-en-vente-lors-de-la-vente-du-memorial-day-damazon","status":"publish","type":"post","link":"https:\/\/vieassociative.be\/actualites\/tous-ces-ecouteurs-de-battement-sont-en-vente-lors-de-la-vente-du-memorial-day-damazon\/","title":{"rendered":"Tous ces \u00e9couteurs de battement sont en vente lors de la vente du Memorial Day d&rsquo;Amazon"},"content":{"rendered":"<div class=\"mt-4 leading-6 md:mb-8\">Les Beats Powerbeats Pro 2, Beats Studio Buds + et Beats Pill sont r\u00e9duits jusqu&rsquo;\u00e0 41% lors de la vente du Memorial Day.<\/div>\n<p><\/p>\n<p>La vente du Memorial Day d&rsquo;Amazon bat son plein, mettant en vedette des offres sur le jardin, les sports, la beaut\u00e9, les articles \u00e0 domicile, l&rsquo;\u00e9lectronique, etc. Une vente particuli\u00e8re qui m&rsquo;a d\u00e9marqu\u00e9, en tant que r\u00e9dacteur en chef qui examine fr\u00e9quemment des \u00e9couteurs et des haut-parleurs, est celui sur les produits Beats. Bien qu&rsquo;il ne soit pas rare de voir des produits Beats avec une bonne remise, il est rare de voir le produit le plus r\u00e9cent (The Beats Powerbeats Pro 2) inclus dans la vente. <\/p>\n<p>\u00c0 l&rsquo;heure actuelle, vous pouvez obtenir la pilule Beats, Beats Powerbeats Pro 2 et le studio Beats Buds + pour jusqu&rsquo;\u00e0 41% de r\u00e9duction. Toutes ces options sont \u00e0 leurs prix les plus bas de tous les temps, selon les outils de suivi des prix.<\/p>\n<h2 id=\"beats-studio-buds-are-40-off\">Beats Studio Buds + co\u00fbte 40 $<\/h2>\n<div class=\"pogoClear mb-12 mt-10 rounded-md border-2 border-gray-100 py-7 shadow-xl md:py-6\">\n<div class=\"flex flex-wrap justify-between px-7 text-black no-underline md:flex-nowrap md:px-8\">\n<div class=\"order-1 mx-auto flex flex-col justify-center md:order-2 md:ml-4 md:w-full md:grow\">\n<div class=\"block cursor-pointer text-center font-akshar text-2xl font-medium leading-7 text-brand-green duration-200 ease-in-out hover:text-brand-green-700 md:text-left md:text-xl md:leading-6\">Beats Studio Buds +\n                <\/div>\n<div class=\"mt-4 hidden md:flex md:justify-between\">\n<div class=\"self-end\">\n<div class=\"mb-0 h-11 md:flex md:flex-col md:justify-center\">\n<div class=\" font-sans leading-4 text-black\">\n<div class=\"flex flex-wrap items-center justify-center gap-x-1 md:justify-start\">\n        <span class=\"font-bold\"><\/p>\n<p>            99,95 $<br \/>\n                            <span class=\"font-medium\">\u00e0 Amazon<\/span><br \/>\n                    <\/span><br \/>\n                    <img decoding=\"async\" class=\"mt-0 h-(15px)\" src=\"https:\/\/vieassociative.be\/actualites\/wp-content\/uploads\/2025\/05\/Tous-ces-ecouteurs-de-battement-sont-en-vente-lors-de.svg.svg+xml\" title=\"Amazon Prime\" alt=\"Amazon Prime\">\n            <\/div>\n<div class=\"flex items-center justify-center gap-x-1 font-bold md:justify-start\">\n            <span class=\"text-sm line-through\">169,95 $<\/span><br \/>\n            <span class=\"text-sm text-brand-green\">\u00c9conomisez 70,00 $<\/span>\n        <\/div>\n<\/p><\/div>\n<\/p><\/div>\n<\/p><\/div>\n<div class=\"w-44 self-end\">\n                            <button class=\"flex justify-center items-center w-full bg-brand-green text-white text-base font-sans font-medium rounded-md hover:bg-brand-green-700 hover:cursor-pointer md:text-sm h-11\"><\/p>\n<p>    Conclure un accord<br \/>\n<\/button>\n                        <\/div>\n<\/p><\/div>\n<\/p><\/div>\n<div class=\"order-2 mt-5 h-auto w-full md:order-1 md:mt-0 md:hidden\">\n<div class=\"flex aspect-video items-center justify-center\">\n                                            <img decoding=\"async\" class=\"m-0 max-h-full max-w-full rounded-md\" src=\"https:\/\/vieassociative.be\/actualites\/wp-content\/uploads\/2025\/05\/Tous-ces-ecouteurs-de-battement-sont-en-vente-lors-de.jpg\" alt=\"Beats Studio Buds + | True Wireless Noise Annuling Earbuds, Am\u00e9lioration de la compatibilit\u00e9 Apple et Android, microphone int\u00e9gr\u00e9, \u00e9couteur Bluetooth r\u00e9sistant \u00e0 la sueur, Audio spatial - noir\" width=\"auto\" height=\"auto\" loading=\"lazy\">\n                                    <\/div>\n<\/p><\/div>\n<div class=\"order-2 ml-2 hidden w-32 shrink-0 items-center md:order-1 md:ml-0 md:flex\">\n<div class=\"flex aspect-video items-center justify-center\">\n                                            <img decoding=\"async\" class=\"m-0 max-h-full max-w-full rounded-md\" src=\"https:\/\/vieassociative.be\/actualites\/wp-content\/uploads\/2025\/05\/Tous-ces-ecouteurs-de-battement-sont-en-vente-lors-de.jpg\" alt=\"Beats Studio Buds + | True Wireless Noise Annuling Earbuds, Am\u00e9lioration de la compatibilit\u00e9 Apple et Android, microphone int\u00e9gr\u00e9, \u00e9couteur Bluetooth r\u00e9sistant \u00e0 la sueur, Audio spatial - noir\" width=\"auto\" height=\"auto\" loading=\"lazy\">\n                                    <\/div>\n<\/p><\/div>\n<div class=\"order-3 flex grow flex-wrap md:hidden md:grow-0\">\n<div class=\"mt-4 w-full\">\n                        <button class=\"flex justify-center items-center w-full bg-brand-green text-white text-base font-sans font-medium rounded-md hover:bg-brand-green-700 hover:cursor-pointer md:text-sm h-11\"><\/p>\n<p>    Conclure un accord<br \/>\n<\/button>\n                    <\/div>\n<div class=\"mx-2 mt-4 w-full\">\n<div class=\" font-sans leading-4 text-black\">\n<div class=\"flex flex-wrap items-center justify-center gap-x-1 md:justify-start\">\n        <span class=\"font-bold\"><\/p>\n<p>            99,95 $<br \/>\n                            <span class=\"font-medium\">\u00e0 Amazon<\/span><br \/>\n                    <\/span><br \/>\n                    <img decoding=\"async\" class=\"mt-0 h-(15px)\" src=\"https:\/\/vieassociative.be\/actualites\/wp-content\/uploads\/2025\/05\/Tous-ces-ecouteurs-de-battement-sont-en-vente-lors-de.svg.svg+xml\" title=\"Amazon Prime\" alt=\"Amazon Prime\">\n            <\/div>\n<div class=\"flex items-center justify-center gap-x-1 font-bold md:justify-start\">\n            <span class=\"text-sm line-through\">169,95 $<\/span><br \/>\n            <span class=\"text-sm text-brand-green\">\u00c9conomisez 70,00 $<\/span>\n        <\/div>\n<\/p><\/div>\n<\/p><\/div>\n<\/p><\/div>\n<\/p><\/div>\n<\/div>\n<p>Les Beats Studio Buds + sont tr\u00e8s similaires aux BEATS Studio Buds, mais il existe des diff\u00e9rences cl\u00e9s. Les Buds du Studio + ont une taille de pointe d&rsquo;oreille suppl\u00e9mentaire, une heure suppl\u00e9mentaire d&rsquo;autonomie (totale de neuf heures), 12 heures de plus \u00e0 partir du cas de charge (total de 36 heures), et peut-\u00eatre plus important encore, ils ont de meilleures fonctionnalit\u00e9s ANC et de meilleures fonctionnalit\u00e9s pour les utilisateurs d&rsquo;Android, dont vous pouvez en savoir plus dans la revue de PCMAG. Vous pouvez les obtenir pour <strong>99,95 $<\/strong> (\u00e0 l&rsquo;origine 169,95 $), correspondant au prix le plus bas qu&rsquo;ils aient jamais \u00e9t\u00e9, selon les outils de suivi des prix.<\/p>\n<h2 id=\"the-beats-powerbeats-pro-2-are-50-off\">Les Beats Powerbeats Pro 2 sont de 50 $ de rabais<\/h2>\n<div class=\"pogoClear mb-12 mt-10 rounded-md border-2 border-gray-100 py-7 shadow-xl md:py-6\">\n<div class=\"flex flex-wrap justify-between px-7 text-black no-underline md:flex-nowrap md:px-8\">\n<div class=\"order-1 mx-auto flex flex-col justify-center md:order-2 md:ml-4 md:w-full md:grow\">\n<div class=\"block cursor-pointer text-center font-akshar text-2xl font-medium leading-7 text-brand-green duration-200 ease-in-out hover:text-brand-green-700 md:text-left md:text-xl md:leading-6\">Beats Powerbeats Pro 2\n                <\/div>\n<div class=\"mt-4 hidden md:flex md:justify-between\">\n<div class=\"self-end\">\n<div class=\"mb-0 h-11 md:flex md:flex-col md:justify-center\">\n<div class=\" font-sans leading-4 text-black\">\n<div class=\"flex flex-wrap items-center justify-center gap-x-1 md:justify-start\">\n        <span class=\"font-bold\"><\/p>\n<p>            199,95 $<br \/>\n                            <span class=\"font-medium\">\u00e0 Amazon<\/span><br \/>\n                    <\/span><br \/>\n                    <img decoding=\"async\" class=\"mt-0 h-(15px)\" src=\"https:\/\/vieassociative.be\/actualites\/wp-content\/uploads\/2025\/05\/Tous-ces-ecouteurs-de-battement-sont-en-vente-lors-de.svg.svg+xml\" title=\"Amazon Prime\" alt=\"Amazon Prime\">\n            <\/div>\n<div class=\"flex items-center justify-center gap-x-1 font-bold md:justify-start\">\n            <span class=\"text-sm line-through\">249,99 $<\/span><br \/>\n            <span class=\"text-sm text-brand-green\">\u00c9conomisez 50,04 $<\/span>\n        <\/div>\n<\/p><\/div>\n<\/p><\/div>\n<\/p><\/div>\n<div class=\"w-44 self-end\">\n                            <button class=\"flex justify-center items-center w-full bg-brand-green text-white text-base font-sans font-medium rounded-md hover:bg-brand-green-700 hover:cursor-pointer md:text-sm h-11\"><\/p>\n<p>    Conclure un accord<br \/>\n<\/button>\n                        <\/div>\n<\/p><\/div>\n<\/p><\/div>\n<div class=\"order-2 mt-5 h-auto w-full md:order-1 md:mt-0 md:hidden\">\n<div class=\"flex aspect-video items-center justify-center\">\n                                            <img decoding=\"async\" class=\"m-0 max-h-full max-w-full rounded-md\" src=\"https:\/\/vieassociative.be\/actualites\/wp-content\/uploads\/2025\/05\/1747487862_12_Tous-ces-ecouteurs-de-battement-sont-en-vente-lors-de.jpg\" alt=\"Beats Powerbeats Pro 2\" width=\"auto\" height=\"auto\" loading=\"lazy\">\n                                    <\/div>\n<\/p><\/div>\n<div class=\"order-2 ml-2 hidden w-32 shrink-0 items-center md:order-1 md:ml-0 md:flex\">\n<div class=\"flex aspect-video items-center justify-center\">\n                                            <img decoding=\"async\" class=\"m-0 max-h-full max-w-full rounded-md\" src=\"https:\/\/vieassociative.be\/actualites\/wp-content\/uploads\/2025\/05\/1747487862_12_Tous-ces-ecouteurs-de-battement-sont-en-vente-lors-de.jpg\" alt=\"Beats Powerbeats Pro 2\" width=\"auto\" height=\"auto\" loading=\"lazy\">\n                                    <\/div>\n<\/p><\/div>\n<div class=\"order-3 flex grow flex-wrap md:hidden md:grow-0\">\n<div class=\"mt-4 w-full\">\n                        <button class=\"flex justify-center items-center w-full bg-brand-green text-white text-base font-sans font-medium rounded-md hover:bg-brand-green-700 hover:cursor-pointer md:text-sm h-11\"><\/p>\n<p>    Conclure un accord<br \/>\n<\/button>\n                    <\/div>\n<div class=\"mx-2 mt-4 w-full\">\n<div class=\" font-sans leading-4 text-black\">\n<div class=\"flex flex-wrap items-center justify-center gap-x-1 md:justify-start\">\n        <span class=\"font-bold\"><\/p>\n<p>            199,95 $<br \/>\n                            <span class=\"font-medium\">\u00e0 Amazon<\/span><br \/>\n                    <\/span><br \/>\n                    <img decoding=\"async\" class=\"mt-0 h-(15px)\" src=\"https:\/\/vieassociative.be\/actualites\/wp-content\/uploads\/2025\/05\/Tous-ces-ecouteurs-de-battement-sont-en-vente-lors-de.svg.svg+xml\" title=\"Amazon Prime\" alt=\"Amazon Prime\">\n            <\/div>\n<div class=\"flex items-center justify-center gap-x-1 font-bold md:justify-start\">\n            <span class=\"text-sm line-through\">249,99 $<\/span><br \/>\n            <span class=\"text-sm text-brand-green\">\u00c9conomisez 50,04 $<\/span>\n        <\/div>\n<\/p><\/div>\n<\/p><\/div>\n<\/p><\/div>\n<\/p><\/div>\n<\/div>\n<p>Les Beats Powerbeats Pro 2 sont les \u00e9couteurs les plus r\u00e9cents de Beats et la deuxi\u00e8me g\u00e9n\u00e9ration du Powerbeats Pro original. Bien qu&rsquo;ils ne soient qu&rsquo;\u00e0 20 $ d&rsquo;intervalle de prix, ne vous laissez pas tromper. Cette nouvelle it\u00e9ration offre beaucoup plus de qualit\u00e9 que les originales, dont vous pouvez en savoir plus dans l&rsquo;examen de la r\u00e9dactrice en sant\u00e9 senior Beth Skwarecki. Bien que votre attention puisse aller \u00e0 sa nouvelle fonctionnalit\u00e9 de surveillance de la fr\u00e9quence cardiaque, c&rsquo;est en fait un flop. Cependant, ce sont toujours d&rsquo;excellents \u00e9couteurs d&rsquo;entra\u00eenement avec des crochets d&rsquo;oreille plus flexibles et durables, l&rsquo;ANC, la qualit\u00e9 audio, la batterie, le bo\u00eetier et la nouvelle puce H2, que vous voyez \u00e9galement dans l&rsquo;AirPods Pro 2.<\/p>\n<div class=\"pogoClear relative my-10 border-b-(1.5px) border-t-(1.5px) border-dashed border-black py-5 sm:my-14 sm:border-0 sm:py-0\" data-ga-click data-ga-template=\"Deals\" data-ga-module=\"openweb_widget\" data-ga-element=\"openweb_scroll\" data-ga-item=\"openweb_scroll_midpage\" x-cloak x-data=\"{ commentsCount: null, hasComments: false }\" x-init=\"commentsCount = await window.openweb.getMessagesCount(123150);\n     hasComments = commentsCount !== null &amp;&amp; commentsCount &gt; 0\"><\/p>\n<div class=\"absolute top-1\/2 hidden w-full -translate-y-1\/2 border-t-(1.5px) border-dashed border-black sm:block\"><\/div>\n<div class=\"relative flex justify-center\">\n<div class=\"flex max-w-max items-center gap-x-3 bg-white px-5\">\n<div class=\"relative\">\n                <span class=\"absolute left-1\/2 top-1\/2 -translate-x-1\/2 -translate-y-1\/2 font-akshar text-sm font-medium text-black\" x-show=\"hasComments\" x-text=\"commentsCount\"><\/span><\/p>\n<p>                <svg class=\"h-8 w-8 text-black\">\n                    <use href=\"http:\/\/lifehacker.com\/images\/icons\/spritemap.svg#sprite-chat-bubble\"><\/use>\n                <\/svg>\n            <\/div>\n<p>            <span class=\"text-sm font-medium text-black\"><\/p>\n<p>                Que pensez-vous jusqu&rsquo;\u00e0 pr\u00e9sent?<br \/>\n                <button class=\"font-semibold text-brand-green underline hover:text-brand-green-700\" onclick=\"window.openweb.scrollToComments('123150')\" x-text=\"hasComments ? 'Post a comment.' : 'Be the first to post a comment.'\"><\/button><br \/>\n            <\/span>\n        <\/div>\n<\/p><\/div>\n<\/div>\n<h2 id=\"the-beats-pill-is-50-off\">La pilule de battements co\u00fbte 50 $<\/h2>\n<div class=\"pogoClear mb-12 mt-10 rounded-md border-2 border-gray-100 py-7 shadow-xl md:py-6\">\n<div class=\"flex flex-wrap justify-between px-7 text-black no-underline md:flex-nowrap md:px-8\">\n<div class=\"order-1 mx-auto flex flex-col justify-center md:order-2 md:ml-4 md:w-full md:grow\">\n<div class=\"block cursor-pointer text-center font-akshar text-2xl font-medium leading-7 text-brand-green duration-200 ease-in-out hover:text-brand-green-700 md:text-left md:text-xl md:leading-6\">Bat la pilule\n                <\/div>\n<div class=\"mt-4 hidden md:flex md:justify-between\">\n<div class=\"self-end\">\n<div class=\"mb-0 h-11 md:flex md:flex-col md:justify-center\">\n<div class=\" font-sans leading-4 text-black\">\n<div class=\"flex flex-wrap items-center justify-center gap-x-1 md:justify-start\">\n        <span class=\"font-bold\"><\/p>\n<p>            99,95 $<br \/>\n                            <span class=\"font-medium\">\u00e0 Amazon<\/span><br \/>\n                    <\/span><br \/>\n                    <img decoding=\"async\" class=\"mt-0 h-(15px)\" src=\"https:\/\/vieassociative.be\/actualites\/wp-content\/uploads\/2025\/05\/Tous-ces-ecouteurs-de-battement-sont-en-vente-lors-de.svg.svg+xml\" title=\"Amazon Prime\" alt=\"Amazon Prime\">\n            <\/div>\n<div class=\"flex items-center justify-center gap-x-1 font-bold md:justify-start\">\n            <span class=\"text-sm line-through\">149,95 $<\/span><br \/>\n            <span class=\"text-sm text-brand-green\">\u00c9conomisez 50,00 $<\/span>\n        <\/div>\n<\/p><\/div>\n<\/p><\/div>\n<\/p><\/div>\n<div class=\"w-44 self-end\">\n                            <button class=\"flex justify-center items-center w-full bg-brand-green text-white text-base font-sans font-medium rounded-md hover:bg-brand-green-700 hover:cursor-pointer md:text-sm h-11\"><\/p>\n<p>    Conclure un accord<br \/>\n<\/button>\n                        <\/div>\n<\/p><\/div>\n<\/p><\/div>\n<div class=\"order-2 mt-5 h-auto w-full md:order-1 md:mt-0 md:hidden\">\n<div class=\"flex aspect-video items-center justify-center\">\n                                            <img decoding=\"async\" class=\"m-0 max-h-full max-w-full rounded-md\" src=\"https:\/\/vieassociative.be\/actualites\/wp-content\/uploads\/2025\/05\/1747487863_758_Tous-ces-ecouteurs-de-battement-sont-en-vente-lors-de.jpg\" alt=\"Beats Pill (2024)\" width=\"auto\" height=\"auto\" loading=\"lazy\">\n                                    <\/div>\n<\/p><\/div>\n<div class=\"order-2 ml-2 hidden w-32 shrink-0 items-center md:order-1 md:ml-0 md:flex\">\n<div class=\"flex aspect-video items-center justify-center\">\n                                            <img decoding=\"async\" class=\"m-0 max-h-full max-w-full rounded-md\" src=\"https:\/\/vieassociative.be\/actualites\/wp-content\/uploads\/2025\/05\/1747487863_758_Tous-ces-ecouteurs-de-battement-sont-en-vente-lors-de.jpg\" alt=\"Beats Pill (2024)\" width=\"auto\" height=\"auto\" loading=\"lazy\">\n                                    <\/div>\n<\/p><\/div>\n<div class=\"order-3 flex grow flex-wrap md:hidden md:grow-0\">\n<div class=\"mt-4 w-full\">\n                        <button class=\"flex justify-center items-center w-full bg-brand-green text-white text-base font-sans font-medium rounded-md hover:bg-brand-green-700 hover:cursor-pointer md:text-sm h-11\"><\/p>\n<p>    Conclure un accord<br \/>\n<\/button>\n                    <\/div>\n<div class=\"mx-2 mt-4 w-full\">\n<div class=\" font-sans leading-4 text-black\">\n<div class=\"flex flex-wrap items-center justify-center gap-x-1 md:justify-start\">\n        <span class=\"font-bold\"><\/p>\n<p>            99,95 $<br \/>\n                            <span class=\"font-medium\">\u00e0 Amazon<\/span><br \/>\n                    <\/span><br \/>\n                    <img decoding=\"async\" class=\"mt-0 h-(15px)\" src=\"https:\/\/vieassociative.be\/actualites\/wp-content\/uploads\/2025\/05\/Tous-ces-ecouteurs-de-battement-sont-en-vente-lors-de.svg.svg+xml\" title=\"Amazon Prime\" alt=\"Amazon Prime\">\n            <\/div>\n<div class=\"flex items-center justify-center gap-x-1 font-bold md:justify-start\">\n            <span class=\"text-sm line-through\">149,95 $<\/span><br \/>\n            <span class=\"text-sm text-brand-green\">\u00c9conomisez 50,00 $<\/span>\n        <\/div>\n<\/p><\/div>\n<\/p><\/div>\n<\/p><\/div>\n<\/p><\/div>\n<\/div>\n<p>J&rsquo;essaye le haut-parleur des pilules Beats depuis sa sortie en juin, et il a tout ce que je voudrais dans un haut-parleur portable: un son st\u00e9r\u00e9o lorsqu&rsquo;il est connect\u00e9 \u00e0 un autre haut-parleur compatible, en mode multi-pi\u00e8ces pour jouer la m\u00eame musique sur plusieurs haut-parleurs, la fonction de recherche de mon appareil au cas o\u00f9 vous le metterez en mal et le Bluetooth de classe 1 pour une gamme \u00e9tendue. Si vous \u00eates un utilisateur Apple, vous pouvez profiter du codec AAC pour une meilleure qualit\u00e9 audio. Vous pouvez l&rsquo;obtenir pour <strong>99,95 $<\/strong> (\u00e0 l&rsquo;origine 149,95 $), le prix le plus bas \u00e0 ce jour.<\/p>\n","protected":false},"excerpt":{"rendered":"<p>Les Beats Powerbeats Pro 2, Beats Studio Buds + et Beats Pill sont r\u00e9duits jusqu&rsquo;\u00e0 41% lors de la vente du Memorial Day. La vente<\/p>\n","protected":false},"author":1,"featured_media":7619,"comment_status":"","ping_status":"","sticky":false,"template":"","format":"standard","meta":{"footnotes":""},"categories":[13],"tags":[6483,248,1154,347,1537,353,7047,18,546,223],"class_list":["post-7618","post","type-post","status-publish","format-standard","has-post-thumbnail","hentry","category-technologie","tag-battement","tag-ces","tag-damazon","tag-day","tag-ecouteurs","tag-lors","tag-memorial","tag-sont","tag-tous","tag-vente","generate-columns","tablet-grid-50","mobile-grid-100","grid-parent","grid-33"],"yoast_head":"<!-- This site is optimized with the Yoast SEO plugin v24.0 - https:\/\/yoast.com\/wordpress\/plugins\/seo\/ -->\n<title>Tous ces \u00e9couteurs de battement sont en vente lors de la vente du Memorial Day d&#039;Amazon | Vie Associative<\/title>\n<meta name=\"robots\" content=\"index, follow, max-snippet:-1, max-image-preview:large, max-video-preview:-1\" \/>\n<link rel=\"canonical\" href=\"https:\/\/vieassociative.be\/actualites\/tous-ces-ecouteurs-de-battement-sont-en-vente-lors-de-la-vente-du-memorial-day-damazon\/\" \/>\n<meta property=\"og:locale\" content=\"fr_FR\" \/>\n<meta property=\"og:type\" content=\"article\" \/>\n<meta property=\"og:title\" content=\"Tous ces \u00e9couteurs de battement sont en vente lors de la vente du Memorial Day d&#039;Amazon | Vie Associative\" \/>\n<meta property=\"og:description\" content=\"Les Beats Powerbeats Pro 2, Beats Studio Buds + et Beats Pill sont r\u00e9duits jusqu&rsquo;\u00e0 41% lors de la vente du Memorial Day. La vente\" \/>\n<meta property=\"og:url\" content=\"https:\/\/vieassociative.be\/actualites\/tous-ces-ecouteurs-de-battement-sont-en-vente-lors-de-la-vente-du-memorial-day-damazon\/\" \/>\n<meta property=\"og:site_name\" content=\"Vie Associative\" \/>\n<meta property=\"article:published_time\" content=\"2025-05-17T13:17:43+00:00\" \/>\n<meta property=\"og:image\" content=\"https:\/\/vieassociative.be\/actualites\/wp-content\/uploads\/2025\/05\/Tous-ces-ecouteurs-de-battement-sont-en-vente-lors-de.svg.svg+xml\" \/>\n<meta name=\"author\" content=\"Julien\" \/>\n<meta name=\"twitter:card\" content=\"summary_large_image\" \/>\n<meta name=\"twitter:label1\" content=\"\u00c9crit par\" \/>\n\t<meta name=\"twitter:data1\" content=\"Julien\" \/>\n\t<meta name=\"twitter:label2\" content=\"Dur\u00e9e de lecture est.\" \/>\n\t<meta name=\"twitter:data2\" content=\"3 minutes\" \/>\n<script type=\"application\/ld+json\" class=\"yoast-schema-graph\">{\"@context\":\"https:\/\/schema.org\",\"@graph\":[{\"@type\":\"Article\",\"@id\":\"https:\/\/vieassociative.be\/actualites\/tous-ces-ecouteurs-de-battement-sont-en-vente-lors-de-la-vente-du-memorial-day-damazon\/#article\",\"isPartOf\":{\"@id\":\"https:\/\/vieassociative.be\/actualites\/tous-ces-ecouteurs-de-battement-sont-en-vente-lors-de-la-vente-du-memorial-day-damazon\/\"},\"author\":{\"name\":\"Julien\",\"@id\":\"https:\/\/vieassociative.be\/actualites\/#\/schema\/person\/b87ac4f82f9d4e7b7cec7395b679edc4\"},\"headline\":\"Tous ces \u00e9couteurs de battement sont en vente lors de la vente du Memorial Day d&rsquo;Amazon\",\"datePublished\":\"2025-05-17T13:17:43+00:00\",\"dateModified\":\"2025-05-17T13:17:43+00:00\",\"mainEntityOfPage\":{\"@id\":\"https:\/\/vieassociative.be\/actualites\/tous-ces-ecouteurs-de-battement-sont-en-vente-lors-de-la-vente-du-memorial-day-damazon\/\"},\"wordCount\":588,\"publisher\":{\"@id\":\"https:\/\/vieassociative.be\/actualites\/#organization\"},\"image\":{\"@id\":\"https:\/\/vieassociative.be\/actualites\/tous-ces-ecouteurs-de-battement-sont-en-vente-lors-de-la-vente-du-memorial-day-damazon\/#primaryimage\"},\"thumbnailUrl\":\"https:\/\/vieassociative.be\/actualites\/wp-content\/uploads\/2025\/05\/Tous-ces-ecouteurs-de-battement-sont-en-vente-lors-de.png\",\"keywords\":[\"battement\",\"ces\",\"dAmazon\",\"Day\",\"\u00e9couteurs\",\"lors\",\"Memorial\",\"sont\",\"tous\",\"vente\"],\"articleSection\":[\"Technologie\"],\"inLanguage\":\"fr-BE\"},{\"@type\":\"WebPage\",\"@id\":\"https:\/\/vieassociative.be\/actualites\/tous-ces-ecouteurs-de-battement-sont-en-vente-lors-de-la-vente-du-memorial-day-damazon\/\",\"url\":\"https:\/\/vieassociative.be\/actualites\/tous-ces-ecouteurs-de-battement-sont-en-vente-lors-de-la-vente-du-memorial-day-damazon\/\",\"name\":\"Tous ces \u00e9couteurs de battement sont en vente lors de la vente du Memorial Day d'Amazon | Vie Associative\",\"isPartOf\":{\"@id\":\"https:\/\/vieassociative.be\/actualites\/#website\"},\"primaryImageOfPage\":{\"@id\":\"https:\/\/vieassociative.be\/actualites\/tous-ces-ecouteurs-de-battement-sont-en-vente-lors-de-la-vente-du-memorial-day-damazon\/#primaryimage\"},\"image\":{\"@id\":\"https:\/\/vieassociative.be\/actualites\/tous-ces-ecouteurs-de-battement-sont-en-vente-lors-de-la-vente-du-memorial-day-damazon\/#primaryimage\"},\"thumbnailUrl\":\"https:\/\/vieassociative.be\/actualites\/wp-content\/uploads\/2025\/05\/Tous-ces-ecouteurs-de-battement-sont-en-vente-lors-de.png\",\"datePublished\":\"2025-05-17T13:17:43+00:00\",\"dateModified\":\"2025-05-17T13:17:43+00:00\",\"breadcrumb\":{\"@id\":\"https:\/\/vieassociative.be\/actualites\/tous-ces-ecouteurs-de-battement-sont-en-vente-lors-de-la-vente-du-memorial-day-damazon\/#breadcrumb\"},\"inLanguage\":\"fr-BE\",\"potentialAction\":[{\"@type\":\"ReadAction\",\"target\":[\"https:\/\/vieassociative.be\/actualites\/tous-ces-ecouteurs-de-battement-sont-en-vente-lors-de-la-vente-du-memorial-day-damazon\/\"]}]},{\"@type\":\"ImageObject\",\"inLanguage\":\"fr-BE\",\"@id\":\"https:\/\/vieassociative.be\/actualites\/tous-ces-ecouteurs-de-battement-sont-en-vente-lors-de-la-vente-du-memorial-day-damazon\/#primaryimage\",\"url\":\"https:\/\/vieassociative.be\/actualites\/wp-content\/uploads\/2025\/05\/Tous-ces-ecouteurs-de-battement-sont-en-vente-lors-de.png\",\"contentUrl\":\"https:\/\/vieassociative.be\/actualites\/wp-content\/uploads\/2025\/05\/Tous-ces-ecouteurs-de-battement-sont-en-vente-lors-de.png\",\"width\":1200,\"height\":675,\"caption\":\"Tous ces \u00e9couteurs de battement sont en vente lors de la vente du Memorial Day d'Amazon\"},{\"@type\":\"BreadcrumbList\",\"@id\":\"https:\/\/vieassociative.be\/actualites\/tous-ces-ecouteurs-de-battement-sont-en-vente-lors-de-la-vente-du-memorial-day-damazon\/#breadcrumb\",\"itemListElement\":[{\"@type\":\"ListItem\",\"position\":1,\"name\":\"Accueil\",\"item\":\"https:\/\/vieassociative.be\/actualites\/\"},{\"@type\":\"ListItem\",\"position\":2,\"name\":\"Tous ces \u00e9couteurs de battement sont en vente lors de la vente du Memorial Day d&rsquo;Amazon\"}]},{\"@type\":\"WebSite\",\"@id\":\"https:\/\/vieassociative.be\/actualites\/#website\",\"url\":\"https:\/\/vieassociative.be\/actualites\/\",\"name\":\"Vie Associative\",\"description\":\"\",\"publisher\":{\"@id\":\"https:\/\/vieassociative.be\/actualites\/#organization\"},\"potentialAction\":[{\"@type\":\"SearchAction\",\"target\":{\"@type\":\"EntryPoint\",\"urlTemplate\":\"https:\/\/vieassociative.be\/actualites\/?s={search_term_string}\"},\"query-input\":{\"@type\":\"PropertyValueSpecification\",\"valueRequired\":true,\"valueName\":\"search_term_string\"}}],\"inLanguage\":\"fr-BE\"},{\"@type\":\"Organization\",\"@id\":\"https:\/\/vieassociative.be\/actualites\/#organization\",\"name\":\"Vie Associative\",\"url\":\"https:\/\/vieassociative.be\/actualites\/\",\"logo\":{\"@type\":\"ImageObject\",\"inLanguage\":\"fr-BE\",\"@id\":\"https:\/\/vieassociative.be\/actualites\/#\/schema\/logo\/image\/\",\"url\":\"https:\/\/vieassociative.be\/actualites\/wp-content\/uploads\/2024\/09\/cropped-vieassociative_favicon.ico.png\",\"contentUrl\":\"https:\/\/vieassociative.be\/actualites\/wp-content\/uploads\/2024\/09\/cropped-vieassociative_favicon.ico.png\",\"width\":512,\"height\":512,\"caption\":\"Vie Associative\"},\"image\":{\"@id\":\"https:\/\/vieassociative.be\/actualites\/#\/schema\/logo\/image\/\"}},{\"@type\":\"Person\",\"@id\":\"https:\/\/vieassociative.be\/actualites\/#\/schema\/person\/b87ac4f82f9d4e7b7cec7395b679edc4\",\"name\":\"Julien\",\"image\":{\"@type\":\"ImageObject\",\"inLanguage\":\"fr-BE\",\"@id\":\"https:\/\/vieassociative.be\/actualites\/#\/schema\/person\/image\/\",\"url\":\"https:\/\/vieassociative.be\/actualites\/wp-content\/uploads\/2024\/09\/vie-associative-1-150x150.jpg\",\"contentUrl\":\"https:\/\/vieassociative.be\/actualites\/wp-content\/uploads\/2024\/09\/vie-associative-1-150x150.jpg\",\"caption\":\"Julien\"},\"description\":\"Je suis Julien, r\u00e9dacteur pour Vie Associative. Passionn\u00e9 par le monde associatif depuis plus de 10 ans, j'ai \u00e0 c\u0153ur de partager des histoires inspirantes et de mettre en lumi\u00e8re les initiatives locales. Mon objectif est de sensibiliser et d'encourager l'engagement communautaire \u00e0 travers mes articles.\",\"sameAs\":[\"https:\/\/vieassociative.be\/\"]}]}<\/script>\n<!-- \/ Yoast SEO plugin. -->","yoast_head_json":{"title":"Tous ces \u00e9couteurs de battement sont en vente lors de la vente du Memorial Day d'Amazon | Vie Associative","robots":{"index":"index","follow":"follow","max-snippet":"max-snippet:-1","max-image-preview":"max-image-preview:large","max-video-preview":"max-video-preview:-1"},"canonical":"https:\/\/vieassociative.be\/actualites\/tous-ces-ecouteurs-de-battement-sont-en-vente-lors-de-la-vente-du-memorial-day-damazon\/","og_locale":"fr_FR","og_type":"article","og_title":"Tous ces \u00e9couteurs de battement sont en vente lors de la vente du Memorial Day d'Amazon | Vie Associative","og_description":"Les Beats Powerbeats Pro 2, Beats Studio Buds + et Beats Pill sont r\u00e9duits jusqu&rsquo;\u00e0 41% lors de la vente du Memorial Day. La vente","og_url":"https:\/\/vieassociative.be\/actualites\/tous-ces-ecouteurs-de-battement-sont-en-vente-lors-de-la-vente-du-memorial-day-damazon\/","og_site_name":"Vie Associative","article_published_time":"2025-05-17T13:17:43+00:00","og_image":[{"url":"https:\/\/vieassociative.be\/actualites\/wp-content\/uploads\/2025\/05\/Tous-ces-ecouteurs-de-battement-sont-en-vente-lors-de.svg.svg+xml","type":"","width":"","height":""}],"author":"Julien","twitter_card":"summary_large_image","twitter_misc":{"\u00c9crit par":"Julien","Dur\u00e9e de lecture est.":"3 minutes"},"schema":{"@context":"https:\/\/schema.org","@graph":[{"@type":"Article","@id":"https:\/\/vieassociative.be\/actualites\/tous-ces-ecouteurs-de-battement-sont-en-vente-lors-de-la-vente-du-memorial-day-damazon\/#article","isPartOf":{"@id":"https:\/\/vieassociative.be\/actualites\/tous-ces-ecouteurs-de-battement-sont-en-vente-lors-de-la-vente-du-memorial-day-damazon\/"},"author":{"name":"Julien","@id":"https:\/\/vieassociative.be\/actualites\/#\/schema\/person\/b87ac4f82f9d4e7b7cec7395b679edc4"},"headline":"Tous ces \u00e9couteurs de battement sont en vente lors de la vente du Memorial Day d&rsquo;Amazon","datePublished":"2025-05-17T13:17:43+00:00","dateModified":"2025-05-17T13:17:43+00:00","mainEntityOfPage":{"@id":"https:\/\/vieassociative.be\/actualites\/tous-ces-ecouteurs-de-battement-sont-en-vente-lors-de-la-vente-du-memorial-day-damazon\/"},"wordCount":588,"publisher":{"@id":"https:\/\/vieassociative.be\/actualites\/#organization"},"image":{"@id":"https:\/\/vieassociative.be\/actualites\/tous-ces-ecouteurs-de-battement-sont-en-vente-lors-de-la-vente-du-memorial-day-damazon\/#primaryimage"},"thumbnailUrl":"https:\/\/vieassociative.be\/actualites\/wp-content\/uploads\/2025\/05\/Tous-ces-ecouteurs-de-battement-sont-en-vente-lors-de.png","keywords":["battement","ces","dAmazon","Day","\u00e9couteurs","lors","Memorial","sont","tous","vente"],"articleSection":["Technologie"],"inLanguage":"fr-BE"},{"@type":"WebPage","@id":"https:\/\/vieassociative.be\/actualites\/tous-ces-ecouteurs-de-battement-sont-en-vente-lors-de-la-vente-du-memorial-day-damazon\/","url":"https:\/\/vieassociative.be\/actualites\/tous-ces-ecouteurs-de-battement-sont-en-vente-lors-de-la-vente-du-memorial-day-damazon\/","name":"Tous ces \u00e9couteurs de battement sont en vente lors de la vente du Memorial Day d'Amazon | Vie Associative","isPartOf":{"@id":"https:\/\/vieassociative.be\/actualites\/#website"},"primaryImageOfPage":{"@id":"https:\/\/vieassociative.be\/actualites\/tous-ces-ecouteurs-de-battement-sont-en-vente-lors-de-la-vente-du-memorial-day-damazon\/#primaryimage"},"image":{"@id":"https:\/\/vieassociative.be\/actualites\/tous-ces-ecouteurs-de-battement-sont-en-vente-lors-de-la-vente-du-memorial-day-damazon\/#primaryimage"},"thumbnailUrl":"https:\/\/vieassociative.be\/actualites\/wp-content\/uploads\/2025\/05\/Tous-ces-ecouteurs-de-battement-sont-en-vente-lors-de.png","datePublished":"2025-05-17T13:17:43+00:00","dateModified":"2025-05-17T13:17:43+00:00","breadcrumb":{"@id":"https:\/\/vieassociative.be\/actualites\/tous-ces-ecouteurs-de-battement-sont-en-vente-lors-de-la-vente-du-memorial-day-damazon\/#breadcrumb"},"inLanguage":"fr-BE","potentialAction":[{"@type":"ReadAction","target":["https:\/\/vieassociative.be\/actualites\/tous-ces-ecouteurs-de-battement-sont-en-vente-lors-de-la-vente-du-memorial-day-damazon\/"]}]},{"@type":"ImageObject","inLanguage":"fr-BE","@id":"https:\/\/vieassociative.be\/actualites\/tous-ces-ecouteurs-de-battement-sont-en-vente-lors-de-la-vente-du-memorial-day-damazon\/#primaryimage","url":"https:\/\/vieassociative.be\/actualites\/wp-content\/uploads\/2025\/05\/Tous-ces-ecouteurs-de-battement-sont-en-vente-lors-de.png","contentUrl":"https:\/\/vieassociative.be\/actualites\/wp-content\/uploads\/2025\/05\/Tous-ces-ecouteurs-de-battement-sont-en-vente-lors-de.png","width":1200,"height":675,"caption":"Tous ces \u00e9couteurs de battement sont en vente lors de la vente du Memorial Day d'Amazon"},{"@type":"BreadcrumbList","@id":"https:\/\/vieassociative.be\/actualites\/tous-ces-ecouteurs-de-battement-sont-en-vente-lors-de-la-vente-du-memorial-day-damazon\/#breadcrumb","itemListElement":[{"@type":"ListItem","position":1,"name":"Accueil","item":"https:\/\/vieassociative.be\/actualites\/"},{"@type":"ListItem","position":2,"name":"Tous ces \u00e9couteurs de battement sont en vente lors de la vente du Memorial Day d&rsquo;Amazon"}]},{"@type":"WebSite","@id":"https:\/\/vieassociative.be\/actualites\/#website","url":"https:\/\/vieassociative.be\/actualites\/","name":"Vie Associative","description":"","publisher":{"@id":"https:\/\/vieassociative.be\/actualites\/#organization"},"potentialAction":[{"@type":"SearchAction","target":{"@type":"EntryPoint","urlTemplate":"https:\/\/vieassociative.be\/actualites\/?s={search_term_string}"},"query-input":{"@type":"PropertyValueSpecification","valueRequired":true,"valueName":"search_term_string"}}],"inLanguage":"fr-BE"},{"@type":"Organization","@id":"https:\/\/vieassociative.be\/actualites\/#organization","name":"Vie Associative","url":"https:\/\/vieassociative.be\/actualites\/","logo":{"@type":"ImageObject","inLanguage":"fr-BE","@id":"https:\/\/vieassociative.be\/actualites\/#\/schema\/logo\/image\/","url":"https:\/\/vieassociative.be\/actualites\/wp-content\/uploads\/2024\/09\/cropped-vieassociative_favicon.ico.png","contentUrl":"https:\/\/vieassociative.be\/actualites\/wp-content\/uploads\/2024\/09\/cropped-vieassociative_favicon.ico.png","width":512,"height":512,"caption":"Vie Associative"},"image":{"@id":"https:\/\/vieassociative.be\/actualites\/#\/schema\/logo\/image\/"}},{"@type":"Person","@id":"https:\/\/vieassociative.be\/actualites\/#\/schema\/person\/b87ac4f82f9d4e7b7cec7395b679edc4","name":"Julien","image":{"@type":"ImageObject","inLanguage":"fr-BE","@id":"https:\/\/vieassociative.be\/actualites\/#\/schema\/person\/image\/","url":"https:\/\/vieassociative.be\/actualites\/wp-content\/uploads\/2024\/09\/vie-associative-1-150x150.jpg","contentUrl":"https:\/\/vieassociative.be\/actualites\/wp-content\/uploads\/2024\/09\/vie-associative-1-150x150.jpg","caption":"Julien"},"description":"Je suis Julien, r\u00e9dacteur pour Vie Associative. Passionn\u00e9 par le monde associatif depuis plus de 10 ans, j'ai \u00e0 c\u0153ur de partager des histoires inspirantes et de mettre en lumi\u00e8re les initiatives locales. Mon objectif est de sensibiliser et d'encourager l'engagement communautaire \u00e0 travers mes articles.","sameAs":["https:\/\/vieassociative.be\/"]}]}},"_links":{"self":[{"href":"https:\/\/vieassociative.be\/actualites\/wp-json\/wp\/v2\/posts\/7618"}],"collection":[{"href":"https:\/\/vieassociative.be\/actualites\/wp-json\/wp\/v2\/posts"}],"about":[{"href":"https:\/\/vieassociative.be\/actualites\/wp-json\/wp\/v2\/types\/post"}],"author":[{"embeddable":true,"href":"https:\/\/vieassociative.be\/actualites\/wp-json\/wp\/v2\/users\/1"}],"replies":[{"embeddable":true,"href":"https:\/\/vieassociative.be\/actualites\/wp-json\/wp\/v2\/comments?post=7618"}],"version-history":[{"count":0,"href":"https:\/\/vieassociative.be\/actualites\/wp-json\/wp\/v2\/posts\/7618\/revisions"}],"wp:featuredmedia":[{"embeddable":true,"href":"https:\/\/vieassociative.be\/actualites\/wp-json\/wp\/v2\/media\/7619"}],"wp:attachment":[{"href":"https:\/\/vieassociative.be\/actualites\/wp-json\/wp\/v2\/media?parent=7618"}],"wp:term":[{"taxonomy":"category","embeddable":true,"href":"https:\/\/vieassociative.be\/actualites\/wp-json\/wp\/v2\/categories?post=7618"},{"taxonomy":"post_tag","embeddable":true,"href":"https:\/\/vieassociative.be\/actualites\/wp-json\/wp\/v2\/tags?post=7618"}],"curies":[{"name":"wp","href":"https:\/\/api.w.org\/{rel}","templated":true}]}}