{"id":761,"date":"2024-10-02T12:17:18","date_gmt":"2024-10-02T10:17:18","guid":{"rendered":"https:\/\/vieassociative.be\/actualites\/lhyposensibilite-peut-ressembler-beaucoup-a-un-mauvais-comportement\/"},"modified":"2024-10-02T12:17:18","modified_gmt":"2024-10-02T10:17:18","slug":"lhyposensibilite-peut-ressembler-beaucoup-a-un-mauvais-comportement","status":"publish","type":"post","link":"https:\/\/vieassociative.be\/actualites\/lhyposensibilite-peut-ressembler-beaucoup-a-un-mauvais-comportement\/","title":{"rendered":"\u00ab\u00a0L&rsquo;hyposensibilit\u00e9\u00a0\u00bb peut ressembler beaucoup \u00e0 un mauvais comportement"},"content":{"rendered":"<div class=\"mt-4 leading-6 md:mb-8\">Votre petit fauteur de troubles ne fait peut-\u00eatre pas tout cela expr\u00e8s.<\/div>\n<p><\/p>\n<p>Quand mon fils avait deux ans, il a gliss\u00e9 et s&rsquo;est cogn\u00e9 la l\u00e8vre contre la baignoire. Au d\u00e9but, je pensais qu&rsquo;il allait bien, car il ne pleurait pas beaucoup et il n&rsquo;y avait pas beaucoup de sang. Cependant, au cours des jours suivants, alors que sa l\u00e8vre commen\u00e7ait \u00e0 enfler et qu&rsquo;il d\u00e9veloppait deux yeux noirs, j&rsquo;ai r\u00e9alis\u00e9 qu&rsquo;il \u00e9tait beaucoup plus gravement bless\u00e9 que je ne le pensais au d\u00e9part. Il s\u2019est av\u00e9r\u00e9 que cette tol\u00e9rance \u00e9lev\u00e9e \u00e0 la douleur, combin\u00e9e \u00e0 son hyperactivit\u00e9, \u00e9taient quelques-uns des premiers signes d\u2019hyposensibilit\u00e9 de mon fils.  <\/p>\n<p>\u00abLa fa\u00e7on dont nous traitons les informations sensorielles est vraiment fondamentale dans notre compr\u00e9hension du monde\u00bb, d\u00e9clare Stephanie Okada, ergoth\u00e9rapeute chez Total Spectrum Counseling, sp\u00e9cialis\u00e9e dans le traitement des personnes pr\u00e9sentant des diff\u00e9rences sensorielles. Pour les personnes hyposensibles, \u00ab leur syst\u00e8me sensoriel n\u2019enregistre pas ces informations de la m\u00eame mani\u00e8re que la plupart des gens \u00bb. Au lieu de cela, il faudra souvent un niveau d\u2019apport sensoriel plus \u00e9lev\u00e9 pour s\u2019enregistrer de la m\u00eame mani\u00e8re qu\u2019une personne qui n\u2019est pas hyposensible. L&rsquo;hyposensibilit\u00e9 rel\u00e8ve des troubles du traitement sensoriel, c&rsquo;est-\u00e0-dire lorsqu&rsquo;une personne n&rsquo;interpr\u00e8te pas les stimuli sensoriels de la m\u00eame mani\u00e8re qu&rsquo;une personne neurotypique.     <\/p>\n<p>Un enfant hyposensible est \u00ab cet enfant tornade, qui se d\u00e9place comme un bulldozer \u00bb, dit Okada, l&rsquo;enfant qui court toujours, saute ou s&rsquo;\u00e9crase sur des objets, met toujours des objets dans sa bouche, ou qui s&rsquo;accroche ou serre toujours. Tous ces comportements repr\u00e9sentent les tentatives d&rsquo;un enfant hyposensible pour obtenir l&rsquo;apport sensoriel dont il a besoin, qui s&rsquo;av\u00e8re \u00eatre beaucoup plus \u00e9lev\u00e9 que celui dont ses pairs ont besoin.  <\/p>\n<p>Avoir un enfant hyposensible peut \u00eatre tr\u00e8s amusant, car sa cr\u00e9ativit\u00e9 n\u2019a souvent d\u2019\u00e9gal que son enthousiasme. Cela peut \u00e9galement \u00eatre un d\u00e9fi, car satisfaire leurs besoins, tout en les gardant en un seul morceau, peut \u00eatre incroyablement difficile.  <\/p>\n<h2 id=\"seek-out-support\">Rechercher du soutien <\/h2>\n<p>En plus des cinq sens que la plupart des gens connaissent, \u00e0 savoir le toucher, le go\u00fbt, l\u2019ou\u00efe, la vision et l\u2019ou\u00efe, il existe trois sens suppl\u00e9mentaires. Ceux-ci incluent la proprioception, qui est la conscience du corps de sa position dans l&rsquo;espace\u00a0; l&rsquo;int\u00e9roception, qui est la conscience qu&rsquo;a le corps de son \u00e9tat interne, comme la faim ou la somnolence ; et vestibulaire, qui est la conscience du mouvement de notre corps.  <\/p>\n<p>Ce qui est d\u00e9routant dans les diff\u00e9rences sensorielles, c&rsquo;est que l&rsquo;hyposensibilit\u00e9 et l&rsquo;hypersensibilit\u00e9 peuvent souvent aller de pair, d&rsquo;une mani\u00e8re diff\u00e9rente pour chaque personne. \u00ab\u00a0Vous pouvez \u00eatre hyposensible ou hypersensible dans n&rsquo;importe lequel de ces domaines, dans n&rsquo;importe quelle combinaison\u00a0\u00bb, explique Okada. Ces sensibilit\u00e9s peuvent \u00e9galement augmenter et diminuer avec le temps.  <\/p>\n<p>Si votre enfant pr\u00e9sente des signes d&rsquo;hyposensibilit\u00e9, il est important de faire appel \u00e0 l&rsquo;expertise d&rsquo;un ergoth\u00e9rapeute habitu\u00e9 \u00e0 traiter les enfants pr\u00e9sentant des diff\u00e9rences sensorielles. Selon leurs besoins, ils peuvent \u00e9galement b\u00e9n\u00e9ficier soit de physioth\u00e9rapie, soit d&rsquo;orthophonie. L&rsquo;hyposensibilit\u00e9 est souvent comorbide avec d&rsquo;autres conditions, telles que l&rsquo;autisme ou le TDAH.  <\/p>\n<h2 id=\"change-your-perspective\">Changez de point de vue <\/h2>\n<p>L&rsquo;hyposensibilit\u00e9 peut conduire \u00e0 de nombreux comportements qui, si un parent ne conna\u00eet pas la raison sous-jacente, peuvent ressembler \u00e0 un mauvais comportement. Cependant, dans le contexte de la compr\u00e9hension de ces diff\u00e9rences, cela peut aider les parents \u00e0 comprendre que le comportement n&rsquo;est pas intentionnel et qu&rsquo;il repr\u00e9sente en fait les tentatives de l&rsquo;enfant d&rsquo;obtenir ce dont il a besoin. \u00abVotre enfant ne se comporte pas n\u00e9cessairement mal ou ne fait pas XYZ expr\u00e8s, il fait de son mieux avec les comp\u00e9tences dont il dispose actuellement\u00bb, explique Okada.  <\/p>\n<p>\u00ab\u00a0Comprendre les diff\u00e9rences peut permettre de briser la stigmatisation\u00a0\u00bb, explique Andrew Kahn, psychologue de l&rsquo;organisation \u00e0 but non lucratif Understood, qui soutient les personnes ayant des diff\u00e9rences d&rsquo;apprentissage. \u00ab\u00a0Si nous sommes conscients \u00e0 l&rsquo;avance, il devient beaucoup plus difficile de se mettre en col\u00e8re ou de devenir excessivement punitif envers un enfant qui ne fait vraiment pas quelque chose de intentionnel.\u00a0\u00bb Comme le note Kahn, en l\u2019absence de cette compr\u00e9hension, \u00ab ils deviendront en col\u00e8re et plus agressifs s\u2019ils re\u00e7oivent des messages n\u00e9gatifs sans empathie, et cela fera partie d\u2019un cycle n\u00e9gatif pour eux \u00bb.  <\/p>\n<h2 id=\"create-rituals\">Cr\u00e9er des rituels <\/h2>\n<p>Assurer la s\u00e9curit\u00e9 d\u2019un enfant hyposensible n\u00e9cessite souvent de travailler avec lui pour s\u2019assurer qu\u2019il ne se pr\u00e9cipite pas t\u00eate baiss\u00e9e dans des situations dangereuses. Une fa\u00e7on d\u2019y parvenir consiste \u00e0 \u00e9tablir un ensemble de rituels et de r\u00e8gles. \u00ab\u00a0Les parents d&rsquo;enfants hyposensibles doivent cr\u00e9er des rituels pour eux-m\u00eames, au quotidien\u00a0\u00bb, explique Kahn. Cela peut inclure des contr\u00f4les r\u00e9guliers, notamment un examen de leur corps \u00e0 la recherche d&rsquo;ecchymoses, de coupures ou de bosses qui auraient pu passer inaper\u00e7ues. <\/p>\n<p>Cela peut \u00e9galement inclure la cr\u00e9ation de routines pour assurer leur s\u00e9curit\u00e9, comme s&rsquo;entra\u00eener \u00e0 marcher, plut\u00f4t que courir, dans un nouvel espace, ou s&rsquo;entra\u00eener \u00e0 pr\u00e9senter des excuses apr\u00e8s avoir heurt\u00e9 des gens, car ce qui ressemble \u00e0 une petite bosse pour eux peut donner l&rsquo;impression d&rsquo;\u00eatre frapp\u00e9 par un camion \u00e0 l&rsquo;autre personne. Cela peut \u00e9galement aider \u00e0 \u00e9tablir des r\u00e8gles de s\u00e9curit\u00e9, comme s\u2019assurer qu\u2019ils portent des \u00e9quipements de protection lorsqu\u2019ils pratiquent un sport.  <\/p>\n<h2 id=\"encourage-sensory-play\">Encourager le jeu sensoriel <\/h2>\n<p>Les enfants hyposensibles ont besoin de plus de stimulation que leurs pairs. Les aider \u00e0 obtenir ce dont leur corps a besoin signifie souvent encourager le jeu sensoriel, qu&rsquo;il s&rsquo;agisse de les emmener dans une aire de jeux, afin qu&rsquo;ils grimpent, sautent ou s&rsquo;\u00e9crasent sur autant de choses dont ils ont besoin ; les laisser jouer avec de la peinture au doigt, de l&rsquo;argile ou du sable, pour obtenir une contribution tactile\u00a0; ou les laisser jouer avec de l&rsquo;eau. En leur donnant cet apport sensoriel, vous les laissez s&rsquo;autor\u00e9guler, ce qui les aidera \u00e0 \u00eatre plus calmes et plus concentr\u00e9s dans d&rsquo;autres contextes.   <\/p>\n<h2 id=\"lean-into-their-strengths\">Appuyez-vous sur leurs points forts <\/h2>\n<p>L&rsquo;hyposensibilit\u00e9 peut \u00e9galement pr\u00e9senter de nombreux atouts, qu&rsquo;il s&rsquo;agisse de leur \u00e9nergie illimit\u00e9e, de leur curiosit\u00e9 constante ou de leur motricit\u00e9 globale, qui se d\u00e9veloppe souvent \u00e0 la suite de tous leurs sauts, chutes et courses. Trouver des moyens d\u2019encourager ces forces peut grandement contribuer \u00e0 les garder heureux et en bonne sant\u00e9. Cela pourrait inclure de leur trouver un sport qu\u2019ils aiment, de les aider \u00e0 explorer leurs int\u00e9r\u00eats ou de trouver des activit\u00e9s dans lesquelles ils excellent et qu\u2019ils aiment.  <\/p>\n","protected":false},"excerpt":{"rendered":"<p>Votre petit fauteur de troubles ne fait peut-\u00eatre pas tout cela expr\u00e8s. Quand mon fils avait deux ans, il a gliss\u00e9 et s&rsquo;est cogn\u00e9 la<\/p>\n","protected":false},"author":1,"featured_media":762,"comment_status":"","ping_status":"","sticky":false,"template":"","format":"standard","meta":{"footnotes":""},"categories":[37],"tags":[1118,1210,1208,693,22,1209],"class_list":["post-761","post","type-post","status-publish","format-standard","has-post-thumbnail","hentry","category-famille","tag-beaucoup","tag-comportement","tag-lhyposensibilite","tag-mauvais","tag-peut","tag-ressembler","generate-columns","tablet-grid-50","mobile-grid-100","grid-parent","grid-33"],"yoast_head":"<!-- This site is optimized with the Yoast SEO plugin v24.0 - https:\/\/yoast.com\/wordpress\/plugins\/seo\/ -->\n<title>\u00ab\u00a0L&#039;hyposensibilit\u00e9\u00a0\u00bb peut ressembler beaucoup \u00e0 un mauvais comportement | Vie Associative<\/title>\n<meta name=\"robots\" content=\"index, follow, max-snippet:-1, max-image-preview:large, max-video-preview:-1\" \/>\n<link rel=\"canonical\" href=\"https:\/\/vieassociative.be\/actualites\/lhyposensibilite-peut-ressembler-beaucoup-a-un-mauvais-comportement\/\" \/>\n<meta property=\"og:locale\" content=\"fr_FR\" \/>\n<meta property=\"og:type\" content=\"article\" \/>\n<meta property=\"og:title\" content=\"\u00ab\u00a0L&#039;hyposensibilit\u00e9\u00a0\u00bb peut ressembler beaucoup \u00e0 un mauvais comportement | Vie Associative\" \/>\n<meta property=\"og:description\" content=\"Votre petit fauteur de troubles ne fait peut-\u00eatre pas tout cela expr\u00e8s. Quand mon fils avait deux ans, il a gliss\u00e9 et s&rsquo;est cogn\u00e9 la\" \/>\n<meta property=\"og:url\" content=\"https:\/\/vieassociative.be\/actualites\/lhyposensibilite-peut-ressembler-beaucoup-a-un-mauvais-comportement\/\" \/>\n<meta property=\"og:site_name\" content=\"Vie Associative\" \/>\n<meta property=\"article:published_time\" content=\"2024-10-02T10:17:18+00:00\" \/>\n<meta property=\"og:image\" content=\"https:\/\/vieassociative.be\/actualites\/wp-content\/uploads\/2024\/09\/header_backgroundk-01-e1726694325946.png\" \/>\n\t<meta property=\"og:image:width\" content=\"279\" \/>\n\t<meta property=\"og:image:height\" content=\"92\" \/>\n\t<meta property=\"og:image:type\" content=\"image\/png\" \/>\n<meta name=\"author\" content=\"Julien\" \/>\n<meta name=\"twitter:card\" content=\"summary_large_image\" \/>\n<meta name=\"twitter:label1\" content=\"\u00c9crit par\" \/>\n\t<meta name=\"twitter:data1\" content=\"Julien\" \/>\n\t<meta name=\"twitter:label2\" content=\"Dur\u00e9e de lecture est.\" \/>\n\t<meta name=\"twitter:data2\" content=\"6 minutes\" \/>\n<script type=\"application\/ld+json\" class=\"yoast-schema-graph\">{\"@context\":\"https:\/\/schema.org\",\"@graph\":[{\"@type\":\"Article\",\"@id\":\"https:\/\/vieassociative.be\/actualites\/lhyposensibilite-peut-ressembler-beaucoup-a-un-mauvais-comportement\/#article\",\"isPartOf\":{\"@id\":\"https:\/\/vieassociative.be\/actualites\/lhyposensibilite-peut-ressembler-beaucoup-a-un-mauvais-comportement\/\"},\"author\":{\"name\":\"Julien\",\"@id\":\"https:\/\/vieassociative.be\/actualites\/#\/schema\/person\/b87ac4f82f9d4e7b7cec7395b679edc4\"},\"headline\":\"\u00ab\u00a0L&rsquo;hyposensibilit\u00e9\u00a0\u00bb peut ressembler beaucoup \u00e0 un mauvais comportement\",\"datePublished\":\"2024-10-02T10:17:18+00:00\",\"dateModified\":\"2024-10-02T10:17:18+00:00\",\"mainEntityOfPage\":{\"@id\":\"https:\/\/vieassociative.be\/actualites\/lhyposensibilite-peut-ressembler-beaucoup-a-un-mauvais-comportement\/\"},\"wordCount\":1198,\"publisher\":{\"@id\":\"https:\/\/vieassociative.be\/actualites\/#organization\"},\"image\":{\"@id\":\"https:\/\/vieassociative.be\/actualites\/lhyposensibilite-peut-ressembler-beaucoup-a-un-mauvais-comportement\/#primaryimage\"},\"thumbnailUrl\":\"https:\/\/vieassociative.be\/actualites\/wp-content\/uploads\/2024\/10\/Lhyposensibilite-peut-ressembler-beaucoup-a-un-mauvais-comportement.jpg\",\"keywords\":[\"beaucoup\",\"comportement\",\"Lhyposensibilit\u00e9\",\"mauvais\",\"peut\",\"ressembler\"],\"articleSection\":[\"Famille\"],\"inLanguage\":\"fr-BE\"},{\"@type\":\"WebPage\",\"@id\":\"https:\/\/vieassociative.be\/actualites\/lhyposensibilite-peut-ressembler-beaucoup-a-un-mauvais-comportement\/\",\"url\":\"https:\/\/vieassociative.be\/actualites\/lhyposensibilite-peut-ressembler-beaucoup-a-un-mauvais-comportement\/\",\"name\":\"\u00ab\u00a0L'hyposensibilit\u00e9\u00a0\u00bb peut ressembler beaucoup \u00e0 un mauvais comportement | Vie Associative\",\"isPartOf\":{\"@id\":\"https:\/\/vieassociative.be\/actualites\/#website\"},\"primaryImageOfPage\":{\"@id\":\"https:\/\/vieassociative.be\/actualites\/lhyposensibilite-peut-ressembler-beaucoup-a-un-mauvais-comportement\/#primaryimage\"},\"image\":{\"@id\":\"https:\/\/vieassociative.be\/actualites\/lhyposensibilite-peut-ressembler-beaucoup-a-un-mauvais-comportement\/#primaryimage\"},\"thumbnailUrl\":\"https:\/\/vieassociative.be\/actualites\/wp-content\/uploads\/2024\/10\/Lhyposensibilite-peut-ressembler-beaucoup-a-un-mauvais-comportement.jpg\",\"datePublished\":\"2024-10-02T10:17:18+00:00\",\"dateModified\":\"2024-10-02T10:17:18+00:00\",\"breadcrumb\":{\"@id\":\"https:\/\/vieassociative.be\/actualites\/lhyposensibilite-peut-ressembler-beaucoup-a-un-mauvais-comportement\/#breadcrumb\"},\"inLanguage\":\"fr-BE\",\"potentialAction\":[{\"@type\":\"ReadAction\",\"target\":[\"https:\/\/vieassociative.be\/actualites\/lhyposensibilite-peut-ressembler-beaucoup-a-un-mauvais-comportement\/\"]}]},{\"@type\":\"ImageObject\",\"inLanguage\":\"fr-BE\",\"@id\":\"https:\/\/vieassociative.be\/actualites\/lhyposensibilite-peut-ressembler-beaucoup-a-un-mauvais-comportement\/#primaryimage\",\"url\":\"https:\/\/vieassociative.be\/actualites\/wp-content\/uploads\/2024\/10\/Lhyposensibilite-peut-ressembler-beaucoup-a-un-mauvais-comportement.jpg\",\"contentUrl\":\"https:\/\/vieassociative.be\/actualites\/wp-content\/uploads\/2024\/10\/Lhyposensibilite-peut-ressembler-beaucoup-a-un-mauvais-comportement.jpg\",\"width\":1200,\"height\":675,\"caption\":\"\u00ab\u00a0L'hyposensibilit\u00e9\u00a0\u00bb peut ressembler beaucoup \u00e0 un mauvais comportement\"},{\"@type\":\"BreadcrumbList\",\"@id\":\"https:\/\/vieassociative.be\/actualites\/lhyposensibilite-peut-ressembler-beaucoup-a-un-mauvais-comportement\/#breadcrumb\",\"itemListElement\":[{\"@type\":\"ListItem\",\"position\":1,\"name\":\"Accueil\",\"item\":\"https:\/\/vieassociative.be\/actualites\/\"},{\"@type\":\"ListItem\",\"position\":2,\"name\":\"\u00ab\u00a0L&rsquo;hyposensibilit\u00e9\u00a0\u00bb peut ressembler beaucoup \u00e0 un mauvais comportement\"}]},{\"@type\":\"WebSite\",\"@id\":\"https:\/\/vieassociative.be\/actualites\/#website\",\"url\":\"https:\/\/vieassociative.be\/actualites\/\",\"name\":\"Vie Associative\",\"description\":\"\",\"publisher\":{\"@id\":\"https:\/\/vieassociative.be\/actualites\/#organization\"},\"potentialAction\":[{\"@type\":\"SearchAction\",\"target\":{\"@type\":\"EntryPoint\",\"urlTemplate\":\"https:\/\/vieassociative.be\/actualites\/?s={search_term_string}\"},\"query-input\":{\"@type\":\"PropertyValueSpecification\",\"valueRequired\":true,\"valueName\":\"search_term_string\"}}],\"inLanguage\":\"fr-BE\"},{\"@type\":\"Organization\",\"@id\":\"https:\/\/vieassociative.be\/actualites\/#organization\",\"name\":\"Vie Associative\",\"url\":\"https:\/\/vieassociative.be\/actualites\/\",\"logo\":{\"@type\":\"ImageObject\",\"inLanguage\":\"fr-BE\",\"@id\":\"https:\/\/vieassociative.be\/actualites\/#\/schema\/logo\/image\/\",\"url\":\"https:\/\/vieassociative.be\/actualites\/wp-content\/uploads\/2024\/09\/cropped-vieassociative_favicon.ico.png\",\"contentUrl\":\"https:\/\/vieassociative.be\/actualites\/wp-content\/uploads\/2024\/09\/cropped-vieassociative_favicon.ico.png\",\"width\":512,\"height\":512,\"caption\":\"Vie Associative\"},\"image\":{\"@id\":\"https:\/\/vieassociative.be\/actualites\/#\/schema\/logo\/image\/\"}},{\"@type\":\"Person\",\"@id\":\"https:\/\/vieassociative.be\/actualites\/#\/schema\/person\/b87ac4f82f9d4e7b7cec7395b679edc4\",\"name\":\"Julien\",\"image\":{\"@type\":\"ImageObject\",\"inLanguage\":\"fr-BE\",\"@id\":\"https:\/\/vieassociative.be\/actualites\/#\/schema\/person\/image\/\",\"url\":\"https:\/\/vieassociative.be\/actualites\/wp-content\/uploads\/2024\/09\/vie-associative-1-150x150.jpg\",\"contentUrl\":\"https:\/\/vieassociative.be\/actualites\/wp-content\/uploads\/2024\/09\/vie-associative-1-150x150.jpg\",\"caption\":\"Julien\"},\"description\":\"Je suis Julien, r\u00e9dacteur pour Vie Associative. Passionn\u00e9 par le monde associatif depuis plus de 10 ans, j'ai \u00e0 c\u0153ur de partager des histoires inspirantes et de mettre en lumi\u00e8re les initiatives locales. Mon objectif est de sensibiliser et d'encourager l'engagement communautaire \u00e0 travers mes articles.\",\"sameAs\":[\"https:\/\/vieassociative.be\/\"]}]}<\/script>\n<!-- \/ Yoast SEO plugin. -->","yoast_head_json":{"title":"\u00ab\u00a0L'hyposensibilit\u00e9\u00a0\u00bb peut ressembler beaucoup \u00e0 un mauvais comportement | Vie Associative","robots":{"index":"index","follow":"follow","max-snippet":"max-snippet:-1","max-image-preview":"max-image-preview:large","max-video-preview":"max-video-preview:-1"},"canonical":"https:\/\/vieassociative.be\/actualites\/lhyposensibilite-peut-ressembler-beaucoup-a-un-mauvais-comportement\/","og_locale":"fr_FR","og_type":"article","og_title":"\u00ab\u00a0L'hyposensibilit\u00e9\u00a0\u00bb peut ressembler beaucoup \u00e0 un mauvais comportement | Vie Associative","og_description":"Votre petit fauteur de troubles ne fait peut-\u00eatre pas tout cela expr\u00e8s. Quand mon fils avait deux ans, il a gliss\u00e9 et s&rsquo;est cogn\u00e9 la","og_url":"https:\/\/vieassociative.be\/actualites\/lhyposensibilite-peut-ressembler-beaucoup-a-un-mauvais-comportement\/","og_site_name":"Vie Associative","article_published_time":"2024-10-02T10:17:18+00:00","og_image":[{"width":279,"height":92,"url":"https:\/\/vieassociative.be\/actualites\/wp-content\/uploads\/2024\/09\/header_backgroundk-01-e1726694325946.png","type":"image\/png"}],"author":"Julien","twitter_card":"summary_large_image","twitter_misc":{"\u00c9crit par":"Julien","Dur\u00e9e de lecture est.":"6 minutes"},"schema":{"@context":"https:\/\/schema.org","@graph":[{"@type":"Article","@id":"https:\/\/vieassociative.be\/actualites\/lhyposensibilite-peut-ressembler-beaucoup-a-un-mauvais-comportement\/#article","isPartOf":{"@id":"https:\/\/vieassociative.be\/actualites\/lhyposensibilite-peut-ressembler-beaucoup-a-un-mauvais-comportement\/"},"author":{"name":"Julien","@id":"https:\/\/vieassociative.be\/actualites\/#\/schema\/person\/b87ac4f82f9d4e7b7cec7395b679edc4"},"headline":"\u00ab\u00a0L&rsquo;hyposensibilit\u00e9\u00a0\u00bb peut ressembler beaucoup \u00e0 un mauvais comportement","datePublished":"2024-10-02T10:17:18+00:00","dateModified":"2024-10-02T10:17:18+00:00","mainEntityOfPage":{"@id":"https:\/\/vieassociative.be\/actualites\/lhyposensibilite-peut-ressembler-beaucoup-a-un-mauvais-comportement\/"},"wordCount":1198,"publisher":{"@id":"https:\/\/vieassociative.be\/actualites\/#organization"},"image":{"@id":"https:\/\/vieassociative.be\/actualites\/lhyposensibilite-peut-ressembler-beaucoup-a-un-mauvais-comportement\/#primaryimage"},"thumbnailUrl":"https:\/\/vieassociative.be\/actualites\/wp-content\/uploads\/2024\/10\/Lhyposensibilite-peut-ressembler-beaucoup-a-un-mauvais-comportement.jpg","keywords":["beaucoup","comportement","Lhyposensibilit\u00e9","mauvais","peut","ressembler"],"articleSection":["Famille"],"inLanguage":"fr-BE"},{"@type":"WebPage","@id":"https:\/\/vieassociative.be\/actualites\/lhyposensibilite-peut-ressembler-beaucoup-a-un-mauvais-comportement\/","url":"https:\/\/vieassociative.be\/actualites\/lhyposensibilite-peut-ressembler-beaucoup-a-un-mauvais-comportement\/","name":"\u00ab\u00a0L'hyposensibilit\u00e9\u00a0\u00bb peut ressembler beaucoup \u00e0 un mauvais comportement | Vie Associative","isPartOf":{"@id":"https:\/\/vieassociative.be\/actualites\/#website"},"primaryImageOfPage":{"@id":"https:\/\/vieassociative.be\/actualites\/lhyposensibilite-peut-ressembler-beaucoup-a-un-mauvais-comportement\/#primaryimage"},"image":{"@id":"https:\/\/vieassociative.be\/actualites\/lhyposensibilite-peut-ressembler-beaucoup-a-un-mauvais-comportement\/#primaryimage"},"thumbnailUrl":"https:\/\/vieassociative.be\/actualites\/wp-content\/uploads\/2024\/10\/Lhyposensibilite-peut-ressembler-beaucoup-a-un-mauvais-comportement.jpg","datePublished":"2024-10-02T10:17:18+00:00","dateModified":"2024-10-02T10:17:18+00:00","breadcrumb":{"@id":"https:\/\/vieassociative.be\/actualites\/lhyposensibilite-peut-ressembler-beaucoup-a-un-mauvais-comportement\/#breadcrumb"},"inLanguage":"fr-BE","potentialAction":[{"@type":"ReadAction","target":["https:\/\/vieassociative.be\/actualites\/lhyposensibilite-peut-ressembler-beaucoup-a-un-mauvais-comportement\/"]}]},{"@type":"ImageObject","inLanguage":"fr-BE","@id":"https:\/\/vieassociative.be\/actualites\/lhyposensibilite-peut-ressembler-beaucoup-a-un-mauvais-comportement\/#primaryimage","url":"https:\/\/vieassociative.be\/actualites\/wp-content\/uploads\/2024\/10\/Lhyposensibilite-peut-ressembler-beaucoup-a-un-mauvais-comportement.jpg","contentUrl":"https:\/\/vieassociative.be\/actualites\/wp-content\/uploads\/2024\/10\/Lhyposensibilite-peut-ressembler-beaucoup-a-un-mauvais-comportement.jpg","width":1200,"height":675,"caption":"\u00ab\u00a0L'hyposensibilit\u00e9\u00a0\u00bb peut ressembler beaucoup \u00e0 un mauvais comportement"},{"@type":"BreadcrumbList","@id":"https:\/\/vieassociative.be\/actualites\/lhyposensibilite-peut-ressembler-beaucoup-a-un-mauvais-comportement\/#breadcrumb","itemListElement":[{"@type":"ListItem","position":1,"name":"Accueil","item":"https:\/\/vieassociative.be\/actualites\/"},{"@type":"ListItem","position":2,"name":"\u00ab\u00a0L&rsquo;hyposensibilit\u00e9\u00a0\u00bb peut ressembler beaucoup \u00e0 un mauvais comportement"}]},{"@type":"WebSite","@id":"https:\/\/vieassociative.be\/actualites\/#website","url":"https:\/\/vieassociative.be\/actualites\/","name":"Vie Associative","description":"","publisher":{"@id":"https:\/\/vieassociative.be\/actualites\/#organization"},"potentialAction":[{"@type":"SearchAction","target":{"@type":"EntryPoint","urlTemplate":"https:\/\/vieassociative.be\/actualites\/?s={search_term_string}"},"query-input":{"@type":"PropertyValueSpecification","valueRequired":true,"valueName":"search_term_string"}}],"inLanguage":"fr-BE"},{"@type":"Organization","@id":"https:\/\/vieassociative.be\/actualites\/#organization","name":"Vie Associative","url":"https:\/\/vieassociative.be\/actualites\/","logo":{"@type":"ImageObject","inLanguage":"fr-BE","@id":"https:\/\/vieassociative.be\/actualites\/#\/schema\/logo\/image\/","url":"https:\/\/vieassociative.be\/actualites\/wp-content\/uploads\/2024\/09\/cropped-vieassociative_favicon.ico.png","contentUrl":"https:\/\/vieassociative.be\/actualites\/wp-content\/uploads\/2024\/09\/cropped-vieassociative_favicon.ico.png","width":512,"height":512,"caption":"Vie Associative"},"image":{"@id":"https:\/\/vieassociative.be\/actualites\/#\/schema\/logo\/image\/"}},{"@type":"Person","@id":"https:\/\/vieassociative.be\/actualites\/#\/schema\/person\/b87ac4f82f9d4e7b7cec7395b679edc4","name":"Julien","image":{"@type":"ImageObject","inLanguage":"fr-BE","@id":"https:\/\/vieassociative.be\/actualites\/#\/schema\/person\/image\/","url":"https:\/\/vieassociative.be\/actualites\/wp-content\/uploads\/2024\/09\/vie-associative-1-150x150.jpg","contentUrl":"https:\/\/vieassociative.be\/actualites\/wp-content\/uploads\/2024\/09\/vie-associative-1-150x150.jpg","caption":"Julien"},"description":"Je suis Julien, r\u00e9dacteur pour Vie Associative. Passionn\u00e9 par le monde associatif depuis plus de 10 ans, j'ai \u00e0 c\u0153ur de partager des histoires inspirantes et de mettre en lumi\u00e8re les initiatives locales. Mon objectif est de sensibiliser et d'encourager l'engagement communautaire \u00e0 travers mes articles.","sameAs":["https:\/\/vieassociative.be\/"]}]}},"_links":{"self":[{"href":"https:\/\/vieassociative.be\/actualites\/wp-json\/wp\/v2\/posts\/761"}],"collection":[{"href":"https:\/\/vieassociative.be\/actualites\/wp-json\/wp\/v2\/posts"}],"about":[{"href":"https:\/\/vieassociative.be\/actualites\/wp-json\/wp\/v2\/types\/post"}],"author":[{"embeddable":true,"href":"https:\/\/vieassociative.be\/actualites\/wp-json\/wp\/v2\/users\/1"}],"replies":[{"embeddable":true,"href":"https:\/\/vieassociative.be\/actualites\/wp-json\/wp\/v2\/comments?post=761"}],"version-history":[{"count":0,"href":"https:\/\/vieassociative.be\/actualites\/wp-json\/wp\/v2\/posts\/761\/revisions"}],"wp:featuredmedia":[{"embeddable":true,"href":"https:\/\/vieassociative.be\/actualites\/wp-json\/wp\/v2\/media\/762"}],"wp:attachment":[{"href":"https:\/\/vieassociative.be\/actualites\/wp-json\/wp\/v2\/media?parent=761"}],"wp:term":[{"taxonomy":"category","embeddable":true,"href":"https:\/\/vieassociative.be\/actualites\/wp-json\/wp\/v2\/categories?post=761"},{"taxonomy":"post_tag","embeddable":true,"href":"https:\/\/vieassociative.be\/actualites\/wp-json\/wp\/v2\/tags?post=761"}],"curies":[{"name":"wp","href":"https:\/\/api.w.org\/{rel}","templated":true}]}}