{"id":7608,"date":"2025-05-16T22:17:45","date_gmt":"2025-05-16T20:17:45","guid":{"rendered":"https:\/\/vieassociative.be\/actualites\/vervierser-strase-a-eupen-a-partir-du-19-mai-seul-accessible-a-un-accession\/"},"modified":"2025-05-16T22:17:45","modified_gmt":"2025-05-16T20:17:45","slug":"vervierser-strase-a-eupen-a-partir-du-19-mai-seul-accessible-a-un-accession","status":"publish","type":"post","link":"https:\/\/vieassociative.be\/actualites\/vervierser-strase-a-eupen-a-partir-du-19-mai-seul-accessible-a-un-accession\/","title":{"rendered":"Vervierser Stra\u00dfe \u00e0 Eupen \u00e0 partir du 19 mai, seul accessible \u00e0 un accession"},"content":{"rendered":"<p><strong>Dans Eupen depuis un certain temps par les conducteurs, mais aussi des autres usagers de la route, beaucoup de patience a \u00e9t\u00e9 n\u00e9cessaire: parce que la r\u00e9gion de Walloons renouvelle actuellement une partie de son r\u00e9seau routier, il y a de plus en plus de fermetures de routes ou de d\u00e9tours.<\/strong><\/p>\n<p><span id=\"more-415645\"><\/span>Apr\u00e8s Gospertsstra\u00dfe, une section d&rsquo;Aachener Stra\u00dfe, Paveestra\u00dfe, l&rsquo;intersection Werthplatz-Hook et Hookstrasse, c&rsquo;est maintenant la tournure de Vervierser Strasse.<\/p>\n<p>Comme l&rsquo;indique la ville d&rsquo;Eupen vendredi, l&rsquo;asphalation travaille \u00e0 Vervierser Strasse \u00e0 partir du 19 mai.<\/p>\n<p>L&rsquo;entreprise Magnee Enrob\u00e9s m\u00e8ne des travaux d&rsquo;asphalation entre Baelen et Eupen sur la route d&rsquo;uPen et Vervierser Stra\u00dfe au nom du Wallonie (\u00f6dw) sur la route d&rsquo;Eupone (\u00d6dw) \u00e0 partir du lundi 23 mai, 23 mai. Le travail commence \u00e0 la sortie de Baelen et continuera vers l&rsquo;Eupen vers l&rsquo;ancienne autos\u00e9cure.<\/p>\n<p>La ville d&rsquo;Eupen a \u00e9t\u00e9 inform\u00e9e jeudi de la fonction publique de Wallonia dans un court pr\u00e9avis. La route reste accessible d&rsquo;un c\u00f4t\u00e9 pendant le travail. Le trafic est r\u00e9glement\u00e9 via une lampe du chantier de construction.<\/p>\n<p>Le Coll\u00e8ge municipal remercie la population pour sa compr\u00e9hension et son observation de la signalisation du chantier.<\/p>\n","protected":false},"excerpt":{"rendered":"<p>Dans Eupen depuis un certain temps par les conducteurs, mais aussi des autres usagers de la route, beaucoup de patience a \u00e9t\u00e9 n\u00e9cessaire: parce que<\/p>\n","protected":false},"author":1,"featured_media":7609,"comment_status":"","ping_status":"","sticky":false,"template":"","format":"standard","meta":{"footnotes":""},"categories":[298],"tags":[7041,7042,2329,3160,1591,1236,6938,7040],"class_list":["post-7608","post","type-post","status-publish","format-standard","has-post-thumbnail","hentry","category-belgique","tag-accessible","tag-accession","tag-eupen","tag-mai","tag-partir","tag-seul","tag-strasse","tag-vervierser","generate-columns","tablet-grid-50","mobile-grid-100","grid-parent","grid-33"],"yoast_head":"<!-- This site is optimized with the Yoast SEO plugin v24.0 - https:\/\/yoast.com\/wordpress\/plugins\/seo\/ -->\n<title>Vervierser Stra\u00dfe \u00e0 Eupen \u00e0 partir du 19 mai, seul accessible \u00e0 un accession | Vie Associative<\/title>\n<meta name=\"robots\" content=\"index, follow, max-snippet:-1, max-image-preview:large, max-video-preview:-1\" \/>\n<link rel=\"canonical\" href=\"https:\/\/vieassociative.be\/actualites\/vervierser-strase-a-eupen-a-partir-du-19-mai-seul-accessible-a-un-accession\/\" \/>\n<meta property=\"og:locale\" content=\"fr_FR\" \/>\n<meta property=\"og:type\" content=\"article\" \/>\n<meta property=\"og:title\" content=\"Vervierser Stra\u00dfe \u00e0 Eupen \u00e0 partir du 19 mai, seul accessible \u00e0 un accession | Vie Associative\" \/>\n<meta property=\"og:description\" content=\"Dans Eupen depuis un certain temps par les conducteurs, mais aussi des autres usagers de la route, beaucoup de patience a \u00e9t\u00e9 n\u00e9cessaire: parce que\" \/>\n<meta property=\"og:url\" content=\"https:\/\/vieassociative.be\/actualites\/vervierser-strase-a-eupen-a-partir-du-19-mai-seul-accessible-a-un-accession\/\" \/>\n<meta property=\"og:site_name\" content=\"Vie Associative\" \/>\n<meta property=\"article:published_time\" content=\"2025-05-16T20:17:45+00:00\" \/>\n<meta property=\"og:image\" content=\"https:\/\/vieassociative.be\/actualites\/wp-content\/uploads\/2024\/09\/header_backgroundk-01-e1726694325946.png\" \/>\n\t<meta property=\"og:image:width\" content=\"279\" \/>\n\t<meta property=\"og:image:height\" content=\"92\" \/>\n\t<meta property=\"og:image:type\" content=\"image\/png\" \/>\n<meta name=\"author\" content=\"Julien\" \/>\n<meta name=\"twitter:card\" content=\"summary_large_image\" \/>\n<meta name=\"twitter:label1\" content=\"\u00c9crit par\" \/>\n\t<meta name=\"twitter:data1\" content=\"Julien\" \/>\n\t<meta name=\"twitter:label2\" content=\"Dur\u00e9e de lecture est.\" \/>\n\t<meta name=\"twitter:data2\" content=\"1 minute\" \/>\n<script type=\"application\/ld+json\" class=\"yoast-schema-graph\">{\"@context\":\"https:\/\/schema.org\",\"@graph\":[{\"@type\":\"Article\",\"@id\":\"https:\/\/vieassociative.be\/actualites\/vervierser-strase-a-eupen-a-partir-du-19-mai-seul-accessible-a-un-accession\/#article\",\"isPartOf\":{\"@id\":\"https:\/\/vieassociative.be\/actualites\/vervierser-strase-a-eupen-a-partir-du-19-mai-seul-accessible-a-un-accession\/\"},\"author\":{\"name\":\"Julien\",\"@id\":\"https:\/\/vieassociative.be\/actualites\/#\/schema\/person\/b87ac4f82f9d4e7b7cec7395b679edc4\"},\"headline\":\"Vervierser Stra\u00dfe \u00e0 Eupen \u00e0 partir du 19 mai, seul accessible \u00e0 un accession\",\"datePublished\":\"2025-05-16T20:17:45+00:00\",\"dateModified\":\"2025-05-16T20:17:45+00:00\",\"mainEntityOfPage\":{\"@id\":\"https:\/\/vieassociative.be\/actualites\/vervierser-strase-a-eupen-a-partir-du-19-mai-seul-accessible-a-un-accession\/\"},\"wordCount\":226,\"publisher\":{\"@id\":\"https:\/\/vieassociative.be\/actualites\/#organization\"},\"image\":{\"@id\":\"https:\/\/vieassociative.be\/actualites\/vervierser-strase-a-eupen-a-partir-du-19-mai-seul-accessible-a-un-accession\/#primaryimage\"},\"thumbnailUrl\":\"https:\/\/vieassociative.be\/actualites\/wp-content\/uploads\/2025\/05\/Vervierser-Strase-a-Eupen-a-partir-du-19-mai-seul.jpg\",\"keywords\":[\"accessible\",\"accession\",\"Eupen\",\"mai\",\"partir\",\"seul\",\"Strasse\",\"Vervierser\"],\"articleSection\":[\"Belgique\"],\"inLanguage\":\"fr-BE\"},{\"@type\":\"WebPage\",\"@id\":\"https:\/\/vieassociative.be\/actualites\/vervierser-strase-a-eupen-a-partir-du-19-mai-seul-accessible-a-un-accession\/\",\"url\":\"https:\/\/vieassociative.be\/actualites\/vervierser-strase-a-eupen-a-partir-du-19-mai-seul-accessible-a-un-accession\/\",\"name\":\"Vervierser Stra\u00dfe \u00e0 Eupen \u00e0 partir du 19 mai, seul accessible \u00e0 un accession | Vie Associative\",\"isPartOf\":{\"@id\":\"https:\/\/vieassociative.be\/actualites\/#website\"},\"primaryImageOfPage\":{\"@id\":\"https:\/\/vieassociative.be\/actualites\/vervierser-strase-a-eupen-a-partir-du-19-mai-seul-accessible-a-un-accession\/#primaryimage\"},\"image\":{\"@id\":\"https:\/\/vieassociative.be\/actualites\/vervierser-strase-a-eupen-a-partir-du-19-mai-seul-accessible-a-un-accession\/#primaryimage\"},\"thumbnailUrl\":\"https:\/\/vieassociative.be\/actualites\/wp-content\/uploads\/2025\/05\/Vervierser-Strase-a-Eupen-a-partir-du-19-mai-seul.jpg\",\"datePublished\":\"2025-05-16T20:17:45+00:00\",\"dateModified\":\"2025-05-16T20:17:45+00:00\",\"breadcrumb\":{\"@id\":\"https:\/\/vieassociative.be\/actualites\/vervierser-strase-a-eupen-a-partir-du-19-mai-seul-accessible-a-un-accession\/#breadcrumb\"},\"inLanguage\":\"fr-BE\",\"potentialAction\":[{\"@type\":\"ReadAction\",\"target\":[\"https:\/\/vieassociative.be\/actualites\/vervierser-strase-a-eupen-a-partir-du-19-mai-seul-accessible-a-un-accession\/\"]}]},{\"@type\":\"ImageObject\",\"inLanguage\":\"fr-BE\",\"@id\":\"https:\/\/vieassociative.be\/actualites\/vervierser-strase-a-eupen-a-partir-du-19-mai-seul-accessible-a-un-accession\/#primaryimage\",\"url\":\"https:\/\/vieassociative.be\/actualites\/wp-content\/uploads\/2025\/05\/Vervierser-Strase-a-Eupen-a-partir-du-19-mai-seul.jpg\",\"contentUrl\":\"https:\/\/vieassociative.be\/actualites\/wp-content\/uploads\/2025\/05\/Vervierser-Strase-a-Eupen-a-partir-du-19-mai-seul.jpg\",\"width\":1200,\"height\":800,\"caption\":\"Vervierser Stra\u00dfe \u00e0 Eupen \u00e0 partir du 19 mai, seul accessible \u00e0 un accession\"},{\"@type\":\"BreadcrumbList\",\"@id\":\"https:\/\/vieassociative.be\/actualites\/vervierser-strase-a-eupen-a-partir-du-19-mai-seul-accessible-a-un-accession\/#breadcrumb\",\"itemListElement\":[{\"@type\":\"ListItem\",\"position\":1,\"name\":\"Accueil\",\"item\":\"https:\/\/vieassociative.be\/actualites\/\"},{\"@type\":\"ListItem\",\"position\":2,\"name\":\"Vervierser Stra\u00dfe \u00e0 Eupen \u00e0 partir du 19 mai, seul accessible \u00e0 un accession\"}]},{\"@type\":\"WebSite\",\"@id\":\"https:\/\/vieassociative.be\/actualites\/#website\",\"url\":\"https:\/\/vieassociative.be\/actualites\/\",\"name\":\"Vie Associative\",\"description\":\"\",\"publisher\":{\"@id\":\"https:\/\/vieassociative.be\/actualites\/#organization\"},\"potentialAction\":[{\"@type\":\"SearchAction\",\"target\":{\"@type\":\"EntryPoint\",\"urlTemplate\":\"https:\/\/vieassociative.be\/actualites\/?s={search_term_string}\"},\"query-input\":{\"@type\":\"PropertyValueSpecification\",\"valueRequired\":true,\"valueName\":\"search_term_string\"}}],\"inLanguage\":\"fr-BE\"},{\"@type\":\"Organization\",\"@id\":\"https:\/\/vieassociative.be\/actualites\/#organization\",\"name\":\"Vie Associative\",\"url\":\"https:\/\/vieassociative.be\/actualites\/\",\"logo\":{\"@type\":\"ImageObject\",\"inLanguage\":\"fr-BE\",\"@id\":\"https:\/\/vieassociative.be\/actualites\/#\/schema\/logo\/image\/\",\"url\":\"https:\/\/vieassociative.be\/actualites\/wp-content\/uploads\/2024\/09\/cropped-vieassociative_favicon.ico.png\",\"contentUrl\":\"https:\/\/vieassociative.be\/actualites\/wp-content\/uploads\/2024\/09\/cropped-vieassociative_favicon.ico.png\",\"width\":512,\"height\":512,\"caption\":\"Vie Associative\"},\"image\":{\"@id\":\"https:\/\/vieassociative.be\/actualites\/#\/schema\/logo\/image\/\"}},{\"@type\":\"Person\",\"@id\":\"https:\/\/vieassociative.be\/actualites\/#\/schema\/person\/b87ac4f82f9d4e7b7cec7395b679edc4\",\"name\":\"Julien\",\"image\":{\"@type\":\"ImageObject\",\"inLanguage\":\"fr-BE\",\"@id\":\"https:\/\/vieassociative.be\/actualites\/#\/schema\/person\/image\/\",\"url\":\"https:\/\/vieassociative.be\/actualites\/wp-content\/uploads\/2024\/09\/vie-associative-1-150x150.jpg\",\"contentUrl\":\"https:\/\/vieassociative.be\/actualites\/wp-content\/uploads\/2024\/09\/vie-associative-1-150x150.jpg\",\"caption\":\"Julien\"},\"description\":\"Je suis Julien, r\u00e9dacteur pour Vie Associative. Passionn\u00e9 par le monde associatif depuis plus de 10 ans, j'ai \u00e0 c\u0153ur de partager des histoires inspirantes et de mettre en lumi\u00e8re les initiatives locales. Mon objectif est de sensibiliser et d'encourager l'engagement communautaire \u00e0 travers mes articles.\",\"sameAs\":[\"https:\/\/vieassociative.be\/\"]}]}<\/script>\n<!-- \/ Yoast SEO plugin. -->","yoast_head_json":{"title":"Vervierser Stra\u00dfe \u00e0 Eupen \u00e0 partir du 19 mai, seul accessible \u00e0 un accession | Vie Associative","robots":{"index":"index","follow":"follow","max-snippet":"max-snippet:-1","max-image-preview":"max-image-preview:large","max-video-preview":"max-video-preview:-1"},"canonical":"https:\/\/vieassociative.be\/actualites\/vervierser-strase-a-eupen-a-partir-du-19-mai-seul-accessible-a-un-accession\/","og_locale":"fr_FR","og_type":"article","og_title":"Vervierser Stra\u00dfe \u00e0 Eupen \u00e0 partir du 19 mai, seul accessible \u00e0 un accession | Vie Associative","og_description":"Dans Eupen depuis un certain temps par les conducteurs, mais aussi des autres usagers de la route, beaucoup de patience a \u00e9t\u00e9 n\u00e9cessaire: parce que","og_url":"https:\/\/vieassociative.be\/actualites\/vervierser-strase-a-eupen-a-partir-du-19-mai-seul-accessible-a-un-accession\/","og_site_name":"Vie Associative","article_published_time":"2025-05-16T20:17:45+00:00","og_image":[{"width":279,"height":92,"url":"https:\/\/vieassociative.be\/actualites\/wp-content\/uploads\/2024\/09\/header_backgroundk-01-e1726694325946.png","type":"image\/png"}],"author":"Julien","twitter_card":"summary_large_image","twitter_misc":{"\u00c9crit par":"Julien","Dur\u00e9e de lecture est.":"1 minute"},"schema":{"@context":"https:\/\/schema.org","@graph":[{"@type":"Article","@id":"https:\/\/vieassociative.be\/actualites\/vervierser-strase-a-eupen-a-partir-du-19-mai-seul-accessible-a-un-accession\/#article","isPartOf":{"@id":"https:\/\/vieassociative.be\/actualites\/vervierser-strase-a-eupen-a-partir-du-19-mai-seul-accessible-a-un-accession\/"},"author":{"name":"Julien","@id":"https:\/\/vieassociative.be\/actualites\/#\/schema\/person\/b87ac4f82f9d4e7b7cec7395b679edc4"},"headline":"Vervierser Stra\u00dfe \u00e0 Eupen \u00e0 partir du 19 mai, seul accessible \u00e0 un accession","datePublished":"2025-05-16T20:17:45+00:00","dateModified":"2025-05-16T20:17:45+00:00","mainEntityOfPage":{"@id":"https:\/\/vieassociative.be\/actualites\/vervierser-strase-a-eupen-a-partir-du-19-mai-seul-accessible-a-un-accession\/"},"wordCount":226,"publisher":{"@id":"https:\/\/vieassociative.be\/actualites\/#organization"},"image":{"@id":"https:\/\/vieassociative.be\/actualites\/vervierser-strase-a-eupen-a-partir-du-19-mai-seul-accessible-a-un-accession\/#primaryimage"},"thumbnailUrl":"https:\/\/vieassociative.be\/actualites\/wp-content\/uploads\/2025\/05\/Vervierser-Strase-a-Eupen-a-partir-du-19-mai-seul.jpg","keywords":["accessible","accession","Eupen","mai","partir","seul","Strasse","Vervierser"],"articleSection":["Belgique"],"inLanguage":"fr-BE"},{"@type":"WebPage","@id":"https:\/\/vieassociative.be\/actualites\/vervierser-strase-a-eupen-a-partir-du-19-mai-seul-accessible-a-un-accession\/","url":"https:\/\/vieassociative.be\/actualites\/vervierser-strase-a-eupen-a-partir-du-19-mai-seul-accessible-a-un-accession\/","name":"Vervierser Stra\u00dfe \u00e0 Eupen \u00e0 partir du 19 mai, seul accessible \u00e0 un accession | Vie Associative","isPartOf":{"@id":"https:\/\/vieassociative.be\/actualites\/#website"},"primaryImageOfPage":{"@id":"https:\/\/vieassociative.be\/actualites\/vervierser-strase-a-eupen-a-partir-du-19-mai-seul-accessible-a-un-accession\/#primaryimage"},"image":{"@id":"https:\/\/vieassociative.be\/actualites\/vervierser-strase-a-eupen-a-partir-du-19-mai-seul-accessible-a-un-accession\/#primaryimage"},"thumbnailUrl":"https:\/\/vieassociative.be\/actualites\/wp-content\/uploads\/2025\/05\/Vervierser-Strase-a-Eupen-a-partir-du-19-mai-seul.jpg","datePublished":"2025-05-16T20:17:45+00:00","dateModified":"2025-05-16T20:17:45+00:00","breadcrumb":{"@id":"https:\/\/vieassociative.be\/actualites\/vervierser-strase-a-eupen-a-partir-du-19-mai-seul-accessible-a-un-accession\/#breadcrumb"},"inLanguage":"fr-BE","potentialAction":[{"@type":"ReadAction","target":["https:\/\/vieassociative.be\/actualites\/vervierser-strase-a-eupen-a-partir-du-19-mai-seul-accessible-a-un-accession\/"]}]},{"@type":"ImageObject","inLanguage":"fr-BE","@id":"https:\/\/vieassociative.be\/actualites\/vervierser-strase-a-eupen-a-partir-du-19-mai-seul-accessible-a-un-accession\/#primaryimage","url":"https:\/\/vieassociative.be\/actualites\/wp-content\/uploads\/2025\/05\/Vervierser-Strase-a-Eupen-a-partir-du-19-mai-seul.jpg","contentUrl":"https:\/\/vieassociative.be\/actualites\/wp-content\/uploads\/2025\/05\/Vervierser-Strase-a-Eupen-a-partir-du-19-mai-seul.jpg","width":1200,"height":800,"caption":"Vervierser Stra\u00dfe \u00e0 Eupen \u00e0 partir du 19 mai, seul accessible \u00e0 un accession"},{"@type":"BreadcrumbList","@id":"https:\/\/vieassociative.be\/actualites\/vervierser-strase-a-eupen-a-partir-du-19-mai-seul-accessible-a-un-accession\/#breadcrumb","itemListElement":[{"@type":"ListItem","position":1,"name":"Accueil","item":"https:\/\/vieassociative.be\/actualites\/"},{"@type":"ListItem","position":2,"name":"Vervierser Stra\u00dfe \u00e0 Eupen \u00e0 partir du 19 mai, seul accessible \u00e0 un accession"}]},{"@type":"WebSite","@id":"https:\/\/vieassociative.be\/actualites\/#website","url":"https:\/\/vieassociative.be\/actualites\/","name":"Vie Associative","description":"","publisher":{"@id":"https:\/\/vieassociative.be\/actualites\/#organization"},"potentialAction":[{"@type":"SearchAction","target":{"@type":"EntryPoint","urlTemplate":"https:\/\/vieassociative.be\/actualites\/?s={search_term_string}"},"query-input":{"@type":"PropertyValueSpecification","valueRequired":true,"valueName":"search_term_string"}}],"inLanguage":"fr-BE"},{"@type":"Organization","@id":"https:\/\/vieassociative.be\/actualites\/#organization","name":"Vie Associative","url":"https:\/\/vieassociative.be\/actualites\/","logo":{"@type":"ImageObject","inLanguage":"fr-BE","@id":"https:\/\/vieassociative.be\/actualites\/#\/schema\/logo\/image\/","url":"https:\/\/vieassociative.be\/actualites\/wp-content\/uploads\/2024\/09\/cropped-vieassociative_favicon.ico.png","contentUrl":"https:\/\/vieassociative.be\/actualites\/wp-content\/uploads\/2024\/09\/cropped-vieassociative_favicon.ico.png","width":512,"height":512,"caption":"Vie Associative"},"image":{"@id":"https:\/\/vieassociative.be\/actualites\/#\/schema\/logo\/image\/"}},{"@type":"Person","@id":"https:\/\/vieassociative.be\/actualites\/#\/schema\/person\/b87ac4f82f9d4e7b7cec7395b679edc4","name":"Julien","image":{"@type":"ImageObject","inLanguage":"fr-BE","@id":"https:\/\/vieassociative.be\/actualites\/#\/schema\/person\/image\/","url":"https:\/\/vieassociative.be\/actualites\/wp-content\/uploads\/2024\/09\/vie-associative-1-150x150.jpg","contentUrl":"https:\/\/vieassociative.be\/actualites\/wp-content\/uploads\/2024\/09\/vie-associative-1-150x150.jpg","caption":"Julien"},"description":"Je suis Julien, r\u00e9dacteur pour Vie Associative. Passionn\u00e9 par le monde associatif depuis plus de 10 ans, j'ai \u00e0 c\u0153ur de partager des histoires inspirantes et de mettre en lumi\u00e8re les initiatives locales. Mon objectif est de sensibiliser et d'encourager l'engagement communautaire \u00e0 travers mes articles.","sameAs":["https:\/\/vieassociative.be\/"]}]}},"_links":{"self":[{"href":"https:\/\/vieassociative.be\/actualites\/wp-json\/wp\/v2\/posts\/7608"}],"collection":[{"href":"https:\/\/vieassociative.be\/actualites\/wp-json\/wp\/v2\/posts"}],"about":[{"href":"https:\/\/vieassociative.be\/actualites\/wp-json\/wp\/v2\/types\/post"}],"author":[{"embeddable":true,"href":"https:\/\/vieassociative.be\/actualites\/wp-json\/wp\/v2\/users\/1"}],"replies":[{"embeddable":true,"href":"https:\/\/vieassociative.be\/actualites\/wp-json\/wp\/v2\/comments?post=7608"}],"version-history":[{"count":0,"href":"https:\/\/vieassociative.be\/actualites\/wp-json\/wp\/v2\/posts\/7608\/revisions"}],"wp:featuredmedia":[{"embeddable":true,"href":"https:\/\/vieassociative.be\/actualites\/wp-json\/wp\/v2\/media\/7609"}],"wp:attachment":[{"href":"https:\/\/vieassociative.be\/actualites\/wp-json\/wp\/v2\/media?parent=7608"}],"wp:term":[{"taxonomy":"category","embeddable":true,"href":"https:\/\/vieassociative.be\/actualites\/wp-json\/wp\/v2\/categories?post=7608"},{"taxonomy":"post_tag","embeddable":true,"href":"https:\/\/vieassociative.be\/actualites\/wp-json\/wp\/v2\/tags?post=7608"}],"curies":[{"name":"wp","href":"https:\/\/api.w.org\/{rel}","templated":true}]}}