{"id":7606,"date":"2025-05-16T21:17:19","date_gmt":"2025-05-16T19:17:19","guid":{"rendered":"https:\/\/vieassociative.be\/actualites\/ce-haut-parleur-en-plein-air-budgetaire-est-etonnamment-bon-et-il-ne-coute-que-56-en-ce-moment\/"},"modified":"2025-05-16T21:17:19","modified_gmt":"2025-05-16T19:17:19","slug":"ce-haut-parleur-en-plein-air-budgetaire-est-etonnamment-bon-et-il-ne-coute-que-56-en-ce-moment","status":"publish","type":"post","link":"https:\/\/vieassociative.be\/actualites\/ce-haut-parleur-en-plein-air-budgetaire-est-etonnamment-bon-et-il-ne-coute-que-56-en-ce-moment\/","title":{"rendered":"Ce haut-parleur en plein air budg\u00e9taire est \u00e9tonnamment bon, et il ne co\u00fbte que 56 $ en ce moment"},"content":{"rendered":"<div class=\"mt-4 leading-6 md:mb-8\">Le flux de la Tribit Stormbox est rempli de fonctionnalit\u00e9s et de coups de poing au-dessus de son poids pour un haut-parleur budg\u00e9taire, et il est de 30% de r\u00e9duction.<\/div>\n<p><\/p>\n<p>L&rsquo;\u00e9talon-or pour un haut-parleur portable Bang-for-Your-Buck est la pilule Beats, que vous pouvez facilement trouver pour 100 $. Mais si vous recherchez un \u00e9quivalent encore plus abordable, c&rsquo;est le flux Tribit Stormbox, que vous pouvez actuellement trouver pour <strong>55,99 $<\/strong> (\u00e0 l&rsquo;origine 79,99 $) apr\u00e8s avoir utilis\u00e9 le coupon de 30% sur la page. <\/p>\n<div class=\"pogoClear mb-12 mt-10 rounded-md border-2 border-gray-100 py-7 shadow-xl md:py-6\">\n<div class=\"flex flex-wrap justify-between px-7 text-black no-underline md:flex-nowrap md:px-8\">\n<div class=\"order-1 mx-auto flex flex-col justify-center md:order-2 md:ml-4 md:w-full md:grow\">\n<div class=\"block cursor-pointer text-center font-akshar text-2xl font-medium leading-7 text-brand-green duration-200 ease-in-out hover:text-brand-green-700 md:text-left md:text-xl md:leading-6\">Tribit Townbox Flow\n                <\/div>\n<div class=\"mt-4 hidden md:flex md:justify-between\">\n<div class=\"self-end\">\n<div class=\"mb-0 h-11 md:flex md:flex-col md:justify-center\">\n<div class=\" font-sans leading-4 text-black\">\n<div class=\"flex flex-wrap items-center justify-center gap-x-1 md:justify-start\">\n        <span class=\"font-bold\"><\/p>\n<p>            55,99 $<br \/>\n                            <span class=\"font-medium\">\u00e0 Amazon<\/span><br \/>\n                    <\/span>\n            <\/div>\n<div class=\"flex items-center justify-center gap-x-1 font-bold md:justify-start\">\n            <span class=\"text-sm line-through\">79,99 $<\/span><br \/>\n            <span class=\"text-sm text-brand-green\">\u00c9conomisez 24,00 $<\/span>\n        <\/div>\n<\/p><\/div>\n<\/p><\/div>\n<\/p><\/div>\n<div class=\"w-44 self-end\">\n                            <button class=\"flex justify-center items-center w-full bg-brand-green text-white text-base font-sans font-medium rounded-md hover:bg-brand-green-700 hover:cursor-pointer md:text-sm h-11\"><\/p>\n<p>    Conclure un accord<br \/>\n<\/button>\n                        <\/div>\n<\/p><\/div>\n<\/p><\/div>\n<div class=\"order-2 mt-5 h-auto w-full md:order-1 md:mt-0 md:hidden\">\n<div class=\"flex aspect-video items-center justify-center\">\n                                            <img decoding=\"async\" class=\"m-0 max-h-full max-w-full rounded-md\" src=\"https:\/\/vieassociative.be\/actualites\/wp-content\/uploads\/2025\/05\/Ce-haut-parleur-en-plein-air-budgetaire-est-etonnamment-bon-et.jpg\" alt=\"Tribit Townbox Flow\" width=\"auto\" height=\"auto\" loading=\"lazy\">\n                                    <\/div>\n<\/p><\/div>\n<div class=\"order-2 ml-2 hidden w-32 shrink-0 items-center md:order-1 md:ml-0 md:flex\">\n<div class=\"flex aspect-video items-center justify-center\">\n                                            <img decoding=\"async\" class=\"m-0 max-h-full max-w-full rounded-md\" src=\"https:\/\/vieassociative.be\/actualites\/wp-content\/uploads\/2025\/05\/Ce-haut-parleur-en-plein-air-budgetaire-est-etonnamment-bon-et.jpg\" alt=\"Tribit Townbox Flow\" width=\"auto\" height=\"auto\" loading=\"lazy\">\n                                    <\/div>\n<\/p><\/div>\n<div class=\"order-3 flex grow flex-wrap md:hidden md:grow-0\">\n<div class=\"mt-4 w-full\">\n                        <button class=\"flex justify-center items-center w-full bg-brand-green text-white text-base font-sans font-medium rounded-md hover:bg-brand-green-700 hover:cursor-pointer md:text-sm h-11\"><\/p>\n<p>    Conclure un accord<br \/>\n<\/button>\n                    <\/div>\n<div class=\"mx-2 mt-4 w-full\">\n<div class=\" font-sans leading-4 text-black\">\n<div class=\"flex flex-wrap items-center justify-center gap-x-1 md:justify-start\">\n        <span class=\"font-bold\"><\/p>\n<p>            55,99 $<br \/>\n                            <span class=\"font-medium\">\u00e0 Amazon<\/span><br \/>\n                    <\/span>\n            <\/div>\n<div class=\"flex items-center justify-center gap-x-1 font-bold md:justify-start\">\n            <span class=\"text-sm line-through\">79,99 $<\/span><br \/>\n            <span class=\"text-sm text-brand-green\">\u00c9conomisez 24,00 $<\/span>\n        <\/div>\n<\/p><\/div>\n<\/p><\/div>\n<\/p><\/div>\n<\/p><\/div>\n<\/div>\n<p>J&rsquo;ai le flux Tribit Stormbox depuis quelques mois &#8211; ce qui le rend sp\u00e9cial, c&rsquo;est ce que vous obtenez pour l&rsquo;argent. \u00c0 55,99 $, vous ne trouverez pas un autre haut-parleur portable qui est class\u00e9 IP67 pour \u00e9tanche, poss\u00e8de une application compagnon bien faite avec EQ complet, a Bluetooth 5.3 et une fonction de haut-parleur. Vous pouvez en savoir plus sur son ensemble de fonctionnalit\u00e9s dans l&rsquo;examen complet de PCMAG.<\/p>\n<p>Tritbit semble se concentrer sur la fabrication du meilleur haut-parleur en plein air et des \u00e9couteurs qu&rsquo;il peut en restant dans un certain budget. Tous ses produits ne sont pas des circuits (j&rsquo;ai essay\u00e9 quelques haut-parleurs), mais le flux Tribit Storalbox a \u00e9t\u00e9 l&rsquo;un des rares \u00e0 m&rsquo;avoir surpris en fonction de ce qu&rsquo;il peut faire pour le prix. <\/p>\n<div class=\"pogoClear relative my-10 border-b-(1.5px) border-t-(1.5px) border-dashed border-black py-5 sm:my-14 sm:border-0 sm:py-0\" data-ga-click data-ga-template=\"Deals\" data-ga-module=\"openweb_widget\" data-ga-element=\"openweb_scroll\" data-ga-item=\"openweb_scroll_midpage\" x-cloak x-data=\"{ commentsCount: null, hasComments: false }\" x-init=\"commentsCount = await window.openweb.getMessagesCount(01JVD67N69Z6NC2HPAA0DZD7M7);\n     hasComments = commentsCount !== null &amp;&amp; commentsCount &gt; 0\"><\/p>\n<div class=\"absolute top-1\/2 hidden w-full -translate-y-1\/2 border-t-(1.5px) border-dashed border-black sm:block\"><\/div>\n<div class=\"relative flex justify-center\">\n<div class=\"flex max-w-max items-center gap-x-3 bg-white px-5\">\n<div class=\"relative\">\n                <span class=\"absolute left-1\/2 top-1\/2 -translate-x-1\/2 -translate-y-1\/2 font-akshar text-sm font-medium text-black\" x-show=\"hasComments\" x-text=\"commentsCount\"><\/span><\/p>\n<p>                <svg class=\"h-8 w-8 text-black\">\n                    <use href=\"http:\/\/lifehacker.com\/images\/icons\/spritemap.svg#sprite-chat-bubble\"><\/use>\n                <\/svg>\n            <\/div>\n<p>            <span class=\"text-sm font-medium text-black\"><\/p>\n<p>                Que pensez-vous jusqu&rsquo;\u00e0 pr\u00e9sent?<br \/>\n                <button class=\"font-semibold text-brand-green underline hover:text-brand-green-700\" onclick=\"window.openweb.scrollToComments('01JVD67N69Z6NC2HPAA0DZD7M7')\" x-text=\"hasComments ? 'Post a comment.' : 'Be the first to post a comment.'\"><\/button><br \/>\n            <\/span>\n        <\/div>\n<\/p><\/div>\n<\/div>\n<p>La qualit\u00e9 sonore est acceptable pour ce que vous attendez d&rsquo;un haut-parleur portable. Si vous le jouez trop fort, vous entendrez une certaine distorsion. Mais tant que vous le jouez en dessous d&rsquo;environ 85%, ce ne sera pas perceptible. L&rsquo;\u00e9galisation compl\u00e8te est utile et \u00e9tonnamment, l&rsquo;une des meilleures que j&rsquo;ai vues sur un haut-parleur portable. La basse frappe au-dessus de son poids, en particulier pour un haut-parleur de ce portable. Si vous en obtenez plus d&rsquo;un, vous pouvez les associer pour \u00e9laborer un son st\u00e9r\u00e9o. Les 30 heures de dur\u00e9e de vie de la batterie sont \u00e9galement comp\u00e9titives avec des haut-parleurs ext\u00e9rieurs haut de gamme. <\/p>\n","protected":false},"excerpt":{"rendered":"<p>Le flux de la Tribit Stormbox est rempli de fonctionnalit\u00e9s et de coups de poing au-dessus de son poids pour un haut-parleur budg\u00e9taire, et il<\/p>\n","protected":false},"author":1,"featured_media":7607,"comment_status":"","ping_status":"","sticky":false,"template":"","format":"standard","meta":{"footnotes":""},"categories":[13],"tags":[1327,1036,7039,1122,76,4607,3545,1429,3734],"class_list":["post-7606","post","type-post","status-publish","format-standard","has-post-thumbnail","hentry","category-technologie","tag-air","tag-bon","tag-budgetaire","tag-coute","tag-est","tag-etonnamment","tag-hautparleur","tag-moment","tag-plein","generate-columns","tablet-grid-50","mobile-grid-100","grid-parent","grid-33"],"yoast_head":"<!-- This site is optimized with the Yoast SEO plugin v24.0 - https:\/\/yoast.com\/wordpress\/plugins\/seo\/ -->\n<title>Ce haut-parleur en plein air budg\u00e9taire est \u00e9tonnamment bon, et il ne co\u00fbte que 56 $ en ce moment | Vie Associative<\/title>\n<meta name=\"robots\" content=\"index, follow, max-snippet:-1, max-image-preview:large, max-video-preview:-1\" \/>\n<link rel=\"canonical\" href=\"https:\/\/vieassociative.be\/actualites\/ce-haut-parleur-en-plein-air-budgetaire-est-etonnamment-bon-et-il-ne-coute-que-56-en-ce-moment\/\" \/>\n<meta property=\"og:locale\" content=\"fr_FR\" \/>\n<meta property=\"og:type\" content=\"article\" \/>\n<meta property=\"og:title\" content=\"Ce haut-parleur en plein air budg\u00e9taire est \u00e9tonnamment bon, et il ne co\u00fbte que 56 $ en ce moment | Vie Associative\" \/>\n<meta property=\"og:description\" content=\"Le flux de la Tribit Stormbox est rempli de fonctionnalit\u00e9s et de coups de poing au-dessus de son poids pour un haut-parleur budg\u00e9taire, et il\" \/>\n<meta property=\"og:url\" content=\"https:\/\/vieassociative.be\/actualites\/ce-haut-parleur-en-plein-air-budgetaire-est-etonnamment-bon-et-il-ne-coute-que-56-en-ce-moment\/\" \/>\n<meta property=\"og:site_name\" content=\"Vie Associative\" \/>\n<meta property=\"article:published_time\" content=\"2025-05-16T19:17:19+00:00\" \/>\n<meta property=\"og:image\" content=\"https:\/\/vieassociative.be\/actualites\/wp-content\/uploads\/2025\/05\/Ce-haut-parleur-en-plein-air-budgetaire-est-etonnamment-bon-et.jpg\" \/>\n<meta name=\"author\" content=\"Julien\" \/>\n<meta name=\"twitter:card\" content=\"summary_large_image\" \/>\n<meta name=\"twitter:label1\" content=\"\u00c9crit par\" \/>\n\t<meta name=\"twitter:data1\" content=\"Julien\" \/>\n\t<meta name=\"twitter:label2\" content=\"Dur\u00e9e de lecture est.\" \/>\n\t<meta name=\"twitter:data2\" content=\"2 minutes\" \/>\n<script type=\"application\/ld+json\" class=\"yoast-schema-graph\">{\"@context\":\"https:\/\/schema.org\",\"@graph\":[{\"@type\":\"Article\",\"@id\":\"https:\/\/vieassociative.be\/actualites\/ce-haut-parleur-en-plein-air-budgetaire-est-etonnamment-bon-et-il-ne-coute-que-56-en-ce-moment\/#article\",\"isPartOf\":{\"@id\":\"https:\/\/vieassociative.be\/actualites\/ce-haut-parleur-en-plein-air-budgetaire-est-etonnamment-bon-et-il-ne-coute-que-56-en-ce-moment\/\"},\"author\":{\"name\":\"Julien\",\"@id\":\"https:\/\/vieassociative.be\/actualites\/#\/schema\/person\/b87ac4f82f9d4e7b7cec7395b679edc4\"},\"headline\":\"Ce haut-parleur en plein air budg\u00e9taire est \u00e9tonnamment bon, et il ne co\u00fbte que 56 $ en ce moment\",\"datePublished\":\"2025-05-16T19:17:19+00:00\",\"dateModified\":\"2025-05-16T19:17:19+00:00\",\"mainEntityOfPage\":{\"@id\":\"https:\/\/vieassociative.be\/actualites\/ce-haut-parleur-en-plein-air-budgetaire-est-etonnamment-bon-et-il-ne-coute-que-56-en-ce-moment\/\"},\"wordCount\":370,\"publisher\":{\"@id\":\"https:\/\/vieassociative.be\/actualites\/#organization\"},\"image\":{\"@id\":\"https:\/\/vieassociative.be\/actualites\/ce-haut-parleur-en-plein-air-budgetaire-est-etonnamment-bon-et-il-ne-coute-que-56-en-ce-moment\/#primaryimage\"},\"thumbnailUrl\":\"https:\/\/vieassociative.be\/actualites\/wp-content\/uploads\/2025\/05\/1747423040_Ce-haut-parleur-en-plein-air-budgetaire-est-etonnamment-bon-et.jpg\",\"keywords\":[\"air\",\"bon\",\"budg\u00e9taire\",\"co\u00fbte\",\"est\",\"\u00e9tonnamment\",\"hautparleur\",\"moment\",\"plein\"],\"articleSection\":[\"Technologie\"],\"inLanguage\":\"fr-BE\"},{\"@type\":\"WebPage\",\"@id\":\"https:\/\/vieassociative.be\/actualites\/ce-haut-parleur-en-plein-air-budgetaire-est-etonnamment-bon-et-il-ne-coute-que-56-en-ce-moment\/\",\"url\":\"https:\/\/vieassociative.be\/actualites\/ce-haut-parleur-en-plein-air-budgetaire-est-etonnamment-bon-et-il-ne-coute-que-56-en-ce-moment\/\",\"name\":\"Ce haut-parleur en plein air budg\u00e9taire est \u00e9tonnamment bon, et il ne co\u00fbte que 56 $ en ce moment | Vie Associative\",\"isPartOf\":{\"@id\":\"https:\/\/vieassociative.be\/actualites\/#website\"},\"primaryImageOfPage\":{\"@id\":\"https:\/\/vieassociative.be\/actualites\/ce-haut-parleur-en-plein-air-budgetaire-est-etonnamment-bon-et-il-ne-coute-que-56-en-ce-moment\/#primaryimage\"},\"image\":{\"@id\":\"https:\/\/vieassociative.be\/actualites\/ce-haut-parleur-en-plein-air-budgetaire-est-etonnamment-bon-et-il-ne-coute-que-56-en-ce-moment\/#primaryimage\"},\"thumbnailUrl\":\"https:\/\/vieassociative.be\/actualites\/wp-content\/uploads\/2025\/05\/1747423040_Ce-haut-parleur-en-plein-air-budgetaire-est-etonnamment-bon-et.jpg\",\"datePublished\":\"2025-05-16T19:17:19+00:00\",\"dateModified\":\"2025-05-16T19:17:19+00:00\",\"breadcrumb\":{\"@id\":\"https:\/\/vieassociative.be\/actualites\/ce-haut-parleur-en-plein-air-budgetaire-est-etonnamment-bon-et-il-ne-coute-que-56-en-ce-moment\/#breadcrumb\"},\"inLanguage\":\"fr-BE\",\"potentialAction\":[{\"@type\":\"ReadAction\",\"target\":[\"https:\/\/vieassociative.be\/actualites\/ce-haut-parleur-en-plein-air-budgetaire-est-etonnamment-bon-et-il-ne-coute-que-56-en-ce-moment\/\"]}]},{\"@type\":\"ImageObject\",\"inLanguage\":\"fr-BE\",\"@id\":\"https:\/\/vieassociative.be\/actualites\/ce-haut-parleur-en-plein-air-budgetaire-est-etonnamment-bon-et-il-ne-coute-que-56-en-ce-moment\/#primaryimage\",\"url\":\"https:\/\/vieassociative.be\/actualites\/wp-content\/uploads\/2025\/05\/1747423040_Ce-haut-parleur-en-plein-air-budgetaire-est-etonnamment-bon-et.jpg\",\"contentUrl\":\"https:\/\/vieassociative.be\/actualites\/wp-content\/uploads\/2025\/05\/1747423040_Ce-haut-parleur-en-plein-air-budgetaire-est-etonnamment-bon-et.jpg\",\"width\":1200,\"height\":675,\"caption\":\"Ce haut-parleur en plein air budg\u00e9taire est \u00e9tonnamment bon, et il ne co\u00fbte que 56 $ en ce moment\"},{\"@type\":\"BreadcrumbList\",\"@id\":\"https:\/\/vieassociative.be\/actualites\/ce-haut-parleur-en-plein-air-budgetaire-est-etonnamment-bon-et-il-ne-coute-que-56-en-ce-moment\/#breadcrumb\",\"itemListElement\":[{\"@type\":\"ListItem\",\"position\":1,\"name\":\"Accueil\",\"item\":\"https:\/\/vieassociative.be\/actualites\/\"},{\"@type\":\"ListItem\",\"position\":2,\"name\":\"Ce haut-parleur en plein air budg\u00e9taire est \u00e9tonnamment bon, et il ne co\u00fbte que 56 $ en ce moment\"}]},{\"@type\":\"WebSite\",\"@id\":\"https:\/\/vieassociative.be\/actualites\/#website\",\"url\":\"https:\/\/vieassociative.be\/actualites\/\",\"name\":\"Vie Associative\",\"description\":\"\",\"publisher\":{\"@id\":\"https:\/\/vieassociative.be\/actualites\/#organization\"},\"potentialAction\":[{\"@type\":\"SearchAction\",\"target\":{\"@type\":\"EntryPoint\",\"urlTemplate\":\"https:\/\/vieassociative.be\/actualites\/?s={search_term_string}\"},\"query-input\":{\"@type\":\"PropertyValueSpecification\",\"valueRequired\":true,\"valueName\":\"search_term_string\"}}],\"inLanguage\":\"fr-BE\"},{\"@type\":\"Organization\",\"@id\":\"https:\/\/vieassociative.be\/actualites\/#organization\",\"name\":\"Vie Associative\",\"url\":\"https:\/\/vieassociative.be\/actualites\/\",\"logo\":{\"@type\":\"ImageObject\",\"inLanguage\":\"fr-BE\",\"@id\":\"https:\/\/vieassociative.be\/actualites\/#\/schema\/logo\/image\/\",\"url\":\"https:\/\/vieassociative.be\/actualites\/wp-content\/uploads\/2024\/09\/cropped-vieassociative_favicon.ico.png\",\"contentUrl\":\"https:\/\/vieassociative.be\/actualites\/wp-content\/uploads\/2024\/09\/cropped-vieassociative_favicon.ico.png\",\"width\":512,\"height\":512,\"caption\":\"Vie Associative\"},\"image\":{\"@id\":\"https:\/\/vieassociative.be\/actualites\/#\/schema\/logo\/image\/\"}},{\"@type\":\"Person\",\"@id\":\"https:\/\/vieassociative.be\/actualites\/#\/schema\/person\/b87ac4f82f9d4e7b7cec7395b679edc4\",\"name\":\"Julien\",\"image\":{\"@type\":\"ImageObject\",\"inLanguage\":\"fr-BE\",\"@id\":\"https:\/\/vieassociative.be\/actualites\/#\/schema\/person\/image\/\",\"url\":\"https:\/\/vieassociative.be\/actualites\/wp-content\/uploads\/2024\/09\/vie-associative-1-150x150.jpg\",\"contentUrl\":\"https:\/\/vieassociative.be\/actualites\/wp-content\/uploads\/2024\/09\/vie-associative-1-150x150.jpg\",\"caption\":\"Julien\"},\"description\":\"Je suis Julien, r\u00e9dacteur pour Vie Associative. Passionn\u00e9 par le monde associatif depuis plus de 10 ans, j'ai \u00e0 c\u0153ur de partager des histoires inspirantes et de mettre en lumi\u00e8re les initiatives locales. Mon objectif est de sensibiliser et d'encourager l'engagement communautaire \u00e0 travers mes articles.\",\"sameAs\":[\"https:\/\/vieassociative.be\/\"]}]}<\/script>\n<!-- \/ Yoast SEO plugin. -->","yoast_head_json":{"title":"Ce haut-parleur en plein air budg\u00e9taire est \u00e9tonnamment bon, et il ne co\u00fbte que 56 $ en ce moment | Vie Associative","robots":{"index":"index","follow":"follow","max-snippet":"max-snippet:-1","max-image-preview":"max-image-preview:large","max-video-preview":"max-video-preview:-1"},"canonical":"https:\/\/vieassociative.be\/actualites\/ce-haut-parleur-en-plein-air-budgetaire-est-etonnamment-bon-et-il-ne-coute-que-56-en-ce-moment\/","og_locale":"fr_FR","og_type":"article","og_title":"Ce haut-parleur en plein air budg\u00e9taire est \u00e9tonnamment bon, et il ne co\u00fbte que 56 $ en ce moment | Vie Associative","og_description":"Le flux de la Tribit Stormbox est rempli de fonctionnalit\u00e9s et de coups de poing au-dessus de son poids pour un haut-parleur budg\u00e9taire, et il","og_url":"https:\/\/vieassociative.be\/actualites\/ce-haut-parleur-en-plein-air-budgetaire-est-etonnamment-bon-et-il-ne-coute-que-56-en-ce-moment\/","og_site_name":"Vie Associative","article_published_time":"2025-05-16T19:17:19+00:00","og_image":[{"url":"https:\/\/vieassociative.be\/actualites\/wp-content\/uploads\/2025\/05\/Ce-haut-parleur-en-plein-air-budgetaire-est-etonnamment-bon-et.jpg","type":"","width":"","height":""}],"author":"Julien","twitter_card":"summary_large_image","twitter_misc":{"\u00c9crit par":"Julien","Dur\u00e9e de lecture est.":"2 minutes"},"schema":{"@context":"https:\/\/schema.org","@graph":[{"@type":"Article","@id":"https:\/\/vieassociative.be\/actualites\/ce-haut-parleur-en-plein-air-budgetaire-est-etonnamment-bon-et-il-ne-coute-que-56-en-ce-moment\/#article","isPartOf":{"@id":"https:\/\/vieassociative.be\/actualites\/ce-haut-parleur-en-plein-air-budgetaire-est-etonnamment-bon-et-il-ne-coute-que-56-en-ce-moment\/"},"author":{"name":"Julien","@id":"https:\/\/vieassociative.be\/actualites\/#\/schema\/person\/b87ac4f82f9d4e7b7cec7395b679edc4"},"headline":"Ce haut-parleur en plein air budg\u00e9taire est \u00e9tonnamment bon, et il ne co\u00fbte que 56 $ en ce moment","datePublished":"2025-05-16T19:17:19+00:00","dateModified":"2025-05-16T19:17:19+00:00","mainEntityOfPage":{"@id":"https:\/\/vieassociative.be\/actualites\/ce-haut-parleur-en-plein-air-budgetaire-est-etonnamment-bon-et-il-ne-coute-que-56-en-ce-moment\/"},"wordCount":370,"publisher":{"@id":"https:\/\/vieassociative.be\/actualites\/#organization"},"image":{"@id":"https:\/\/vieassociative.be\/actualites\/ce-haut-parleur-en-plein-air-budgetaire-est-etonnamment-bon-et-il-ne-coute-que-56-en-ce-moment\/#primaryimage"},"thumbnailUrl":"https:\/\/vieassociative.be\/actualites\/wp-content\/uploads\/2025\/05\/1747423040_Ce-haut-parleur-en-plein-air-budgetaire-est-etonnamment-bon-et.jpg","keywords":["air","bon","budg\u00e9taire","co\u00fbte","est","\u00e9tonnamment","hautparleur","moment","plein"],"articleSection":["Technologie"],"inLanguage":"fr-BE"},{"@type":"WebPage","@id":"https:\/\/vieassociative.be\/actualites\/ce-haut-parleur-en-plein-air-budgetaire-est-etonnamment-bon-et-il-ne-coute-que-56-en-ce-moment\/","url":"https:\/\/vieassociative.be\/actualites\/ce-haut-parleur-en-plein-air-budgetaire-est-etonnamment-bon-et-il-ne-coute-que-56-en-ce-moment\/","name":"Ce haut-parleur en plein air budg\u00e9taire est \u00e9tonnamment bon, et il ne co\u00fbte que 56 $ en ce moment | Vie Associative","isPartOf":{"@id":"https:\/\/vieassociative.be\/actualites\/#website"},"primaryImageOfPage":{"@id":"https:\/\/vieassociative.be\/actualites\/ce-haut-parleur-en-plein-air-budgetaire-est-etonnamment-bon-et-il-ne-coute-que-56-en-ce-moment\/#primaryimage"},"image":{"@id":"https:\/\/vieassociative.be\/actualites\/ce-haut-parleur-en-plein-air-budgetaire-est-etonnamment-bon-et-il-ne-coute-que-56-en-ce-moment\/#primaryimage"},"thumbnailUrl":"https:\/\/vieassociative.be\/actualites\/wp-content\/uploads\/2025\/05\/1747423040_Ce-haut-parleur-en-plein-air-budgetaire-est-etonnamment-bon-et.jpg","datePublished":"2025-05-16T19:17:19+00:00","dateModified":"2025-05-16T19:17:19+00:00","breadcrumb":{"@id":"https:\/\/vieassociative.be\/actualites\/ce-haut-parleur-en-plein-air-budgetaire-est-etonnamment-bon-et-il-ne-coute-que-56-en-ce-moment\/#breadcrumb"},"inLanguage":"fr-BE","potentialAction":[{"@type":"ReadAction","target":["https:\/\/vieassociative.be\/actualites\/ce-haut-parleur-en-plein-air-budgetaire-est-etonnamment-bon-et-il-ne-coute-que-56-en-ce-moment\/"]}]},{"@type":"ImageObject","inLanguage":"fr-BE","@id":"https:\/\/vieassociative.be\/actualites\/ce-haut-parleur-en-plein-air-budgetaire-est-etonnamment-bon-et-il-ne-coute-que-56-en-ce-moment\/#primaryimage","url":"https:\/\/vieassociative.be\/actualites\/wp-content\/uploads\/2025\/05\/1747423040_Ce-haut-parleur-en-plein-air-budgetaire-est-etonnamment-bon-et.jpg","contentUrl":"https:\/\/vieassociative.be\/actualites\/wp-content\/uploads\/2025\/05\/1747423040_Ce-haut-parleur-en-plein-air-budgetaire-est-etonnamment-bon-et.jpg","width":1200,"height":675,"caption":"Ce haut-parleur en plein air budg\u00e9taire est \u00e9tonnamment bon, et il ne co\u00fbte que 56 $ en ce moment"},{"@type":"BreadcrumbList","@id":"https:\/\/vieassociative.be\/actualites\/ce-haut-parleur-en-plein-air-budgetaire-est-etonnamment-bon-et-il-ne-coute-que-56-en-ce-moment\/#breadcrumb","itemListElement":[{"@type":"ListItem","position":1,"name":"Accueil","item":"https:\/\/vieassociative.be\/actualites\/"},{"@type":"ListItem","position":2,"name":"Ce haut-parleur en plein air budg\u00e9taire est \u00e9tonnamment bon, et il ne co\u00fbte que 56 $ en ce moment"}]},{"@type":"WebSite","@id":"https:\/\/vieassociative.be\/actualites\/#website","url":"https:\/\/vieassociative.be\/actualites\/","name":"Vie Associative","description":"","publisher":{"@id":"https:\/\/vieassociative.be\/actualites\/#organization"},"potentialAction":[{"@type":"SearchAction","target":{"@type":"EntryPoint","urlTemplate":"https:\/\/vieassociative.be\/actualites\/?s={search_term_string}"},"query-input":{"@type":"PropertyValueSpecification","valueRequired":true,"valueName":"search_term_string"}}],"inLanguage":"fr-BE"},{"@type":"Organization","@id":"https:\/\/vieassociative.be\/actualites\/#organization","name":"Vie Associative","url":"https:\/\/vieassociative.be\/actualites\/","logo":{"@type":"ImageObject","inLanguage":"fr-BE","@id":"https:\/\/vieassociative.be\/actualites\/#\/schema\/logo\/image\/","url":"https:\/\/vieassociative.be\/actualites\/wp-content\/uploads\/2024\/09\/cropped-vieassociative_favicon.ico.png","contentUrl":"https:\/\/vieassociative.be\/actualites\/wp-content\/uploads\/2024\/09\/cropped-vieassociative_favicon.ico.png","width":512,"height":512,"caption":"Vie Associative"},"image":{"@id":"https:\/\/vieassociative.be\/actualites\/#\/schema\/logo\/image\/"}},{"@type":"Person","@id":"https:\/\/vieassociative.be\/actualites\/#\/schema\/person\/b87ac4f82f9d4e7b7cec7395b679edc4","name":"Julien","image":{"@type":"ImageObject","inLanguage":"fr-BE","@id":"https:\/\/vieassociative.be\/actualites\/#\/schema\/person\/image\/","url":"https:\/\/vieassociative.be\/actualites\/wp-content\/uploads\/2024\/09\/vie-associative-1-150x150.jpg","contentUrl":"https:\/\/vieassociative.be\/actualites\/wp-content\/uploads\/2024\/09\/vie-associative-1-150x150.jpg","caption":"Julien"},"description":"Je suis Julien, r\u00e9dacteur pour Vie Associative. Passionn\u00e9 par le monde associatif depuis plus de 10 ans, j'ai \u00e0 c\u0153ur de partager des histoires inspirantes et de mettre en lumi\u00e8re les initiatives locales. Mon objectif est de sensibiliser et d'encourager l'engagement communautaire \u00e0 travers mes articles.","sameAs":["https:\/\/vieassociative.be\/"]}]}},"_links":{"self":[{"href":"https:\/\/vieassociative.be\/actualites\/wp-json\/wp\/v2\/posts\/7606"}],"collection":[{"href":"https:\/\/vieassociative.be\/actualites\/wp-json\/wp\/v2\/posts"}],"about":[{"href":"https:\/\/vieassociative.be\/actualites\/wp-json\/wp\/v2\/types\/post"}],"author":[{"embeddable":true,"href":"https:\/\/vieassociative.be\/actualites\/wp-json\/wp\/v2\/users\/1"}],"replies":[{"embeddable":true,"href":"https:\/\/vieassociative.be\/actualites\/wp-json\/wp\/v2\/comments?post=7606"}],"version-history":[{"count":0,"href":"https:\/\/vieassociative.be\/actualites\/wp-json\/wp\/v2\/posts\/7606\/revisions"}],"wp:featuredmedia":[{"embeddable":true,"href":"https:\/\/vieassociative.be\/actualites\/wp-json\/wp\/v2\/media\/7607"}],"wp:attachment":[{"href":"https:\/\/vieassociative.be\/actualites\/wp-json\/wp\/v2\/media?parent=7606"}],"wp:term":[{"taxonomy":"category","embeddable":true,"href":"https:\/\/vieassociative.be\/actualites\/wp-json\/wp\/v2\/categories?post=7606"},{"taxonomy":"post_tag","embeddable":true,"href":"https:\/\/vieassociative.be\/actualites\/wp-json\/wp\/v2\/tags?post=7606"}],"curies":[{"name":"wp","href":"https:\/\/api.w.org\/{rel}","templated":true}]}}