{"id":7604,"date":"2025-05-16T16:18:57","date_gmt":"2025-05-16T14:18:57","guid":{"rendered":"https:\/\/vieassociative.be\/actualites\/la-belgique-se-deshabille-de-lenergie-nucleaire-luc-frank-csp-accueille-les-progres-historiques\/"},"modified":"2025-05-16T16:18:57","modified_gmt":"2025-05-16T14:18:57","slug":"la-belgique-se-deshabille-de-lenergie-nucleaire-luc-frank-csp-accueille-les-progres-historiques","status":"publish","type":"post","link":"https:\/\/vieassociative.be\/actualites\/la-belgique-se-deshabille-de-lenergie-nucleaire-luc-frank-csp-accueille-les-progres-historiques\/","title":{"rendered":"La Belgique se d\u00e9shabille de l&rsquo;\u00e9nergie nucl\u00e9aire &#8211; Luc Frank (CSP) accueille les \u00ab\u00a0progr\u00e8s historiques\u00a0\u00bb"},"content":{"rendered":"<p><strong>Avec une grande majorit\u00e9, la chambre a vot\u00e9 jeudi pour la fin de la phase nucl\u00e9aire. Les d\u00e9put\u00e9s ont vot\u00e9 avec une grande majorit\u00e9 pour prolonger la dur\u00e9e des r\u00e9acteurs existants. Seuls les Verts ont vot\u00e9 contre, PS et PTB se sont abstenus de la voix.<\/strong><\/p>\n<p><span id=\"more-415622\"><\/span>Le gouvernement du Premier ministre Bart De Wever (N-VA) pr\u00e9voit \u00e9galement de construire de nouveaux r\u00e9acteurs. La Belgique poss\u00e8de actuellement deux centrales nucl\u00e9aires avec sept r\u00e9acteurs &#8211; cependant<\/p>\n<p><strong>&#8211; D\u00e9bat sur la phase nucl\u00e9aire &#8211; La sortie dure depuis des ann\u00e9es:<\/strong> En Belgique, la phase nucl\u00e9aire en 2003 a \u00e9t\u00e9 stipul\u00e9e par la loi. \u00c0 l&rsquo;origine, les autres r\u00e9acteurs des deux centrales nucl\u00e9aires \u00e0 Doel pr\u00e8s d&rsquo;Anvers et Tihange 2025 devaient \u00eatre \u00e9teintes \u00e0 Li\u00e8ge.<\/p>\n<\/p>\n<div id=\"attachment_415636\" class=\"wp-caption alignleft\" style=\"max-width: 300px\"><img fetchpriority=\"high\" decoding=\"async\" class=\"wp-image-415636 size-medium\" src=\"https:\/\/vieassociative.be\/actualites\/wp-content\/uploads\/2025\/05\/La-Belgique-se-deshabille-de-lenergie-nucleaire-Luc-Frank.jpg\" alt=\"\" width=\"300\" height=\"175\"  ><\/p>\n<p class=\"wp-caption-text\">23\/04\/2019, Belgique, TIANGE: La centrale nucl\u00e9aire de Tihange est sur les rives du MAAS. Photo: Eric Lalmand \/ Belga \/ DPA<\/p>\n<\/div>\n<p>Compte tenu de la pr\u00e9occupation de la s\u00e9curit\u00e9 de l&rsquo;approvisionnement en \u00e9nergie et de la vue de la guerre d&rsquo;attaque russe en Ukraine, le gouvernement f\u00e9d\u00e9ral belge a d\u00e9cid\u00e9 en 2022 de d\u00e9placer la phase nucl\u00e9aire de dix ans. Un mile des deux centrales nucl\u00e9aires de Doel et Tiang devrait rester sur le net jusqu&rsquo;en 2035.<\/p>\n<p><strong>&#8211; Luc Frank accueille les \u00ab\u00a0progr\u00e8s historiques\u00a0\u00bb:<\/strong> Le d\u00e9put\u00e9 et co-auteur de l&rsquo;Est Belge du texte juridique, Luc Frank (CSP-LES Engages), a salu\u00e9 l&rsquo;adoption du projet de loi pour annuler les donn\u00e9es de d\u00e9sactivation des r\u00e9acteurs de base.<\/p>\n<p>\u00ab\u00a0Cette coordination marque une premi\u00e8re \u00e9tape cruciale pour assurer un m\u00e9lange \u00e9nerg\u00e9tique durable, coh\u00e9rent et r\u00e9sistant\u00a0\u00bb, a d\u00e9clar\u00e9 Frank. Cependant, la loi ne signifie pas l&rsquo;extension de dur\u00e9e cat\u00e9gorique pour les r\u00e9acteurs existants, mais augmente plut\u00f4t les d\u00e9lais pr\u00e9vus dans la l\u00e9gislation de 2003 pour d\u00e9sactiver les r\u00e9acteurs en cours. Il cr\u00e9e \u00e9galement un cadre juridique clair pour l&rsquo;extension possible ou la construction de r\u00e9acteurs nucl\u00e9aires.<\/p>\n<div id=\"attachment_398679\" class=\"wp-caption alignleft\" style=\"max-width: 300px\"><img decoding=\"async\" class=\"wp-image-398679 size-medium\" src=\"https:\/\/vieassociative.be\/actualites\/wp-content\/uploads\/2025\/05\/1747405137_84_La-Belgique-se-deshabille-de-lenergie-nucleaire-Luc-Frank.jpg\" alt=\"\" width=\"300\" height=\"200\"><\/p>\n<p class=\"wp-caption-text\">07\/10\/2024, Belgique, Bruxelles: Luc Frank dans sa performance serment en tant que membre de la Chambre. Photo: Belga<\/p>\n<\/div>\n<p><strong>&#8211; \u00c9nergie nucl\u00e9aire comme la pierre angulaire d&rsquo;un m\u00e9lange d&rsquo;\u00e9nergie d\u00e9carbonis\u00e9e:<\/strong> \u00ab\u00a0Afin de concevoir avec succ\u00e8s la transition \u00e9nerg\u00e9tique sans les \u00e9checs de puissance ou les co\u00fbts qui explosent, nous devons activer les quatre composants de notre\u00a0\u00bb strat\u00e9gie \u00e0 quatre piliers \u00ab\u00a0\u00a0\u00bb, explique Frank: \u00ab\u00a025% d&rsquo;\u00e9conomies d&rsquo;\u00e9nergie, 25% d&rsquo;\u00e9lectricit\u00e9 renouvelable, 25% d&rsquo;\u00e9nergie nucl\u00e9aire et 25% de mol\u00e9cules vertes ou d\u00e9caran\u00e9es.<br \/>\nLa participation est d\u00e9cisive &#8211; cela est n\u00e9cessaire pour soutenir les autres piliers. \u00ab\u00a0<\/p>\n<p>Le d\u00e9put\u00e9 de Kelmis a rappel\u00e9 que l&rsquo;\u00e9nergie nucl\u00e9aire fait maintenant ressortir plus de 40% de la production d&rsquo;\u00e9lectricit\u00e9 belge, et elle attend 40 fois moins de CO2 par kilowatt heure que ce qui est le cas avec les centrales \u00e0 gaz. (DPA \/ CRE)<\/p>\n","protected":false},"excerpt":{"rendered":"<p>Avec une grande majorit\u00e9, la chambre a vot\u00e9 jeudi pour la fin de la phase nucl\u00e9aire. Les d\u00e9put\u00e9s ont vot\u00e9 avec une grande majorit\u00e9 pour<\/p>\n","protected":false},"author":1,"featured_media":7605,"comment_status":"","ping_status":"","sticky":false,"template":"","format":"standard","meta":{"footnotes":""},"categories":[298],"tags":[2501,383,2400,7034,3671,7038,4701,14,7036,7035,7037],"class_list":["post-7604","post","type-post","status-publish","format-standard","has-post-thumbnail","hentry","category-belgique","tag-accueille","tag-belgique","tag-csp","tag-deshabille","tag-frank","tag-historiques","tag-lenergie","tag-les","tag-luc","tag-nucleaire","tag-progres","generate-columns","tablet-grid-50","mobile-grid-100","grid-parent","grid-33"],"yoast_head":"<!-- This site is optimized with the Yoast SEO plugin v24.0 - https:\/\/yoast.com\/wordpress\/plugins\/seo\/ -->\n<title>La Belgique se d\u00e9shabille de l&#039;\u00e9nergie nucl\u00e9aire - Luc Frank (CSP) accueille les &quot;progr\u00e8s historiques&quot; | Vie Associative<\/title>\n<meta name=\"robots\" content=\"index, follow, max-snippet:-1, max-image-preview:large, max-video-preview:-1\" \/>\n<link rel=\"canonical\" href=\"https:\/\/vieassociative.be\/actualites\/la-belgique-se-deshabille-de-lenergie-nucleaire-luc-frank-csp-accueille-les-progres-historiques\/\" \/>\n<meta property=\"og:locale\" content=\"fr_FR\" \/>\n<meta property=\"og:type\" content=\"article\" \/>\n<meta property=\"og:title\" content=\"La Belgique se d\u00e9shabille de l&#039;\u00e9nergie nucl\u00e9aire - Luc Frank (CSP) accueille les &quot;progr\u00e8s historiques&quot; | Vie Associative\" \/>\n<meta property=\"og:description\" content=\"Avec une grande majorit\u00e9, la chambre a vot\u00e9 jeudi pour la fin de la phase nucl\u00e9aire. Les d\u00e9put\u00e9s ont vot\u00e9 avec une grande majorit\u00e9 pour\" \/>\n<meta property=\"og:url\" content=\"https:\/\/vieassociative.be\/actualites\/la-belgique-se-deshabille-de-lenergie-nucleaire-luc-frank-csp-accueille-les-progres-historiques\/\" \/>\n<meta property=\"og:site_name\" content=\"Vie Associative\" \/>\n<meta property=\"article:published_time\" content=\"2025-05-16T14:18:57+00:00\" \/>\n<meta property=\"og:image\" content=\"https:\/\/vieassociative.be\/actualites\/wp-content\/uploads\/2024\/09\/header_backgroundk-01-e1726694325946.png\" \/>\n\t<meta property=\"og:image:width\" content=\"279\" \/>\n\t<meta property=\"og:image:height\" content=\"92\" \/>\n\t<meta property=\"og:image:type\" content=\"image\/png\" \/>\n<meta name=\"author\" content=\"Julien\" \/>\n<meta name=\"twitter:card\" content=\"summary_large_image\" \/>\n<meta name=\"twitter:label1\" content=\"\u00c9crit par\" \/>\n\t<meta name=\"twitter:data1\" content=\"Julien\" \/>\n\t<meta name=\"twitter:label2\" content=\"Dur\u00e9e de lecture est.\" \/>\n\t<meta name=\"twitter:data2\" content=\"2 minutes\" \/>\n<script type=\"application\/ld+json\" class=\"yoast-schema-graph\">{\"@context\":\"https:\/\/schema.org\",\"@graph\":[{\"@type\":\"Article\",\"@id\":\"https:\/\/vieassociative.be\/actualites\/la-belgique-se-deshabille-de-lenergie-nucleaire-luc-frank-csp-accueille-les-progres-historiques\/#article\",\"isPartOf\":{\"@id\":\"https:\/\/vieassociative.be\/actualites\/la-belgique-se-deshabille-de-lenergie-nucleaire-luc-frank-csp-accueille-les-progres-historiques\/\"},\"author\":{\"name\":\"Julien\",\"@id\":\"https:\/\/vieassociative.be\/actualites\/#\/schema\/person\/b87ac4f82f9d4e7b7cec7395b679edc4\"},\"headline\":\"La Belgique se d\u00e9shabille de l&rsquo;\u00e9nergie nucl\u00e9aire &#8211; Luc Frank (CSP) accueille les \u00ab\u00a0progr\u00e8s historiques\u00a0\u00bb\",\"datePublished\":\"2025-05-16T14:18:57+00:00\",\"dateModified\":\"2025-05-16T14:18:57+00:00\",\"mainEntityOfPage\":{\"@id\":\"https:\/\/vieassociative.be\/actualites\/la-belgique-se-deshabille-de-lenergie-nucleaire-luc-frank-csp-accueille-les-progres-historiques\/\"},\"wordCount\":519,\"publisher\":{\"@id\":\"https:\/\/vieassociative.be\/actualites\/#organization\"},\"image\":{\"@id\":\"https:\/\/vieassociative.be\/actualites\/la-belgique-se-deshabille-de-lenergie-nucleaire-luc-frank-csp-accueille-les-progres-historiques\/#primaryimage\"},\"thumbnailUrl\":\"https:\/\/vieassociative.be\/actualites\/wp-content\/uploads\/2025\/05\/1747405137_La-Belgique-se-deshabille-de-lenergie-nucleaire-Luc-Frank.jpg\",\"keywords\":[\"accueille\",\"Belgique\",\"CSP\",\"d\u00e9shabille\",\"Frank\",\"historiques\",\"L\u00e9nergie\",\"Les\",\"Luc\",\"nucl\u00e9aire\",\"progr\u00e8s\"],\"articleSection\":[\"Belgique\"],\"inLanguage\":\"fr-BE\"},{\"@type\":\"WebPage\",\"@id\":\"https:\/\/vieassociative.be\/actualites\/la-belgique-se-deshabille-de-lenergie-nucleaire-luc-frank-csp-accueille-les-progres-historiques\/\",\"url\":\"https:\/\/vieassociative.be\/actualites\/la-belgique-se-deshabille-de-lenergie-nucleaire-luc-frank-csp-accueille-les-progres-historiques\/\",\"name\":\"La Belgique se d\u00e9shabille de l'\u00e9nergie nucl\u00e9aire - Luc Frank (CSP) accueille les \\\"progr\u00e8s historiques\\\" | Vie Associative\",\"isPartOf\":{\"@id\":\"https:\/\/vieassociative.be\/actualites\/#website\"},\"primaryImageOfPage\":{\"@id\":\"https:\/\/vieassociative.be\/actualites\/la-belgique-se-deshabille-de-lenergie-nucleaire-luc-frank-csp-accueille-les-progres-historiques\/#primaryimage\"},\"image\":{\"@id\":\"https:\/\/vieassociative.be\/actualites\/la-belgique-se-deshabille-de-lenergie-nucleaire-luc-frank-csp-accueille-les-progres-historiques\/#primaryimage\"},\"thumbnailUrl\":\"https:\/\/vieassociative.be\/actualites\/wp-content\/uploads\/2025\/05\/1747405137_La-Belgique-se-deshabille-de-lenergie-nucleaire-Luc-Frank.jpg\",\"datePublished\":\"2025-05-16T14:18:57+00:00\",\"dateModified\":\"2025-05-16T14:18:57+00:00\",\"breadcrumb\":{\"@id\":\"https:\/\/vieassociative.be\/actualites\/la-belgique-se-deshabille-de-lenergie-nucleaire-luc-frank-csp-accueille-les-progres-historiques\/#breadcrumb\"},\"inLanguage\":\"fr-BE\",\"potentialAction\":[{\"@type\":\"ReadAction\",\"target\":[\"https:\/\/vieassociative.be\/actualites\/la-belgique-se-deshabille-de-lenergie-nucleaire-luc-frank-csp-accueille-les-progres-historiques\/\"]}]},{\"@type\":\"ImageObject\",\"inLanguage\":\"fr-BE\",\"@id\":\"https:\/\/vieassociative.be\/actualites\/la-belgique-se-deshabille-de-lenergie-nucleaire-luc-frank-csp-accueille-les-progres-historiques\/#primaryimage\",\"url\":\"https:\/\/vieassociative.be\/actualites\/wp-content\/uploads\/2025\/05\/1747405137_La-Belgique-se-deshabille-de-lenergie-nucleaire-Luc-Frank.jpg\",\"contentUrl\":\"https:\/\/vieassociative.be\/actualites\/wp-content\/uploads\/2025\/05\/1747405137_La-Belgique-se-deshabille-de-lenergie-nucleaire-Luc-Frank.jpg\",\"width\":1000,\"height\":753,\"caption\":\"La Belgique se d\u00e9shabille de l'\u00e9nergie nucl\u00e9aire - Luc Frank (CSP) accueille les \\\"progr\u00e8s historiques\\\"\"},{\"@type\":\"BreadcrumbList\",\"@id\":\"https:\/\/vieassociative.be\/actualites\/la-belgique-se-deshabille-de-lenergie-nucleaire-luc-frank-csp-accueille-les-progres-historiques\/#breadcrumb\",\"itemListElement\":[{\"@type\":\"ListItem\",\"position\":1,\"name\":\"Accueil\",\"item\":\"https:\/\/vieassociative.be\/actualites\/\"},{\"@type\":\"ListItem\",\"position\":2,\"name\":\"La Belgique se d\u00e9shabille de l&rsquo;\u00e9nergie nucl\u00e9aire &#8211; Luc Frank (CSP) accueille les \u00ab\u00a0progr\u00e8s historiques\u00a0\u00bb\"}]},{\"@type\":\"WebSite\",\"@id\":\"https:\/\/vieassociative.be\/actualites\/#website\",\"url\":\"https:\/\/vieassociative.be\/actualites\/\",\"name\":\"Vie Associative\",\"description\":\"\",\"publisher\":{\"@id\":\"https:\/\/vieassociative.be\/actualites\/#organization\"},\"potentialAction\":[{\"@type\":\"SearchAction\",\"target\":{\"@type\":\"EntryPoint\",\"urlTemplate\":\"https:\/\/vieassociative.be\/actualites\/?s={search_term_string}\"},\"query-input\":{\"@type\":\"PropertyValueSpecification\",\"valueRequired\":true,\"valueName\":\"search_term_string\"}}],\"inLanguage\":\"fr-BE\"},{\"@type\":\"Organization\",\"@id\":\"https:\/\/vieassociative.be\/actualites\/#organization\",\"name\":\"Vie Associative\",\"url\":\"https:\/\/vieassociative.be\/actualites\/\",\"logo\":{\"@type\":\"ImageObject\",\"inLanguage\":\"fr-BE\",\"@id\":\"https:\/\/vieassociative.be\/actualites\/#\/schema\/logo\/image\/\",\"url\":\"https:\/\/vieassociative.be\/actualites\/wp-content\/uploads\/2024\/09\/cropped-vieassociative_favicon.ico.png\",\"contentUrl\":\"https:\/\/vieassociative.be\/actualites\/wp-content\/uploads\/2024\/09\/cropped-vieassociative_favicon.ico.png\",\"width\":512,\"height\":512,\"caption\":\"Vie Associative\"},\"image\":{\"@id\":\"https:\/\/vieassociative.be\/actualites\/#\/schema\/logo\/image\/\"}},{\"@type\":\"Person\",\"@id\":\"https:\/\/vieassociative.be\/actualites\/#\/schema\/person\/b87ac4f82f9d4e7b7cec7395b679edc4\",\"name\":\"Julien\",\"image\":{\"@type\":\"ImageObject\",\"inLanguage\":\"fr-BE\",\"@id\":\"https:\/\/vieassociative.be\/actualites\/#\/schema\/person\/image\/\",\"url\":\"https:\/\/vieassociative.be\/actualites\/wp-content\/uploads\/2024\/09\/vie-associative-1-150x150.jpg\",\"contentUrl\":\"https:\/\/vieassociative.be\/actualites\/wp-content\/uploads\/2024\/09\/vie-associative-1-150x150.jpg\",\"caption\":\"Julien\"},\"description\":\"Je suis Julien, r\u00e9dacteur pour Vie Associative. Passionn\u00e9 par le monde associatif depuis plus de 10 ans, j'ai \u00e0 c\u0153ur de partager des histoires inspirantes et de mettre en lumi\u00e8re les initiatives locales. Mon objectif est de sensibiliser et d'encourager l'engagement communautaire \u00e0 travers mes articles.\",\"sameAs\":[\"https:\/\/vieassociative.be\/\"]}]}<\/script>\n<!-- \/ Yoast SEO plugin. -->","yoast_head_json":{"title":"La Belgique se d\u00e9shabille de l'\u00e9nergie nucl\u00e9aire - Luc Frank (CSP) accueille les \"progr\u00e8s historiques\" | Vie Associative","robots":{"index":"index","follow":"follow","max-snippet":"max-snippet:-1","max-image-preview":"max-image-preview:large","max-video-preview":"max-video-preview:-1"},"canonical":"https:\/\/vieassociative.be\/actualites\/la-belgique-se-deshabille-de-lenergie-nucleaire-luc-frank-csp-accueille-les-progres-historiques\/","og_locale":"fr_FR","og_type":"article","og_title":"La Belgique se d\u00e9shabille de l'\u00e9nergie nucl\u00e9aire - Luc Frank (CSP) accueille les \"progr\u00e8s historiques\" | Vie Associative","og_description":"Avec une grande majorit\u00e9, la chambre a vot\u00e9 jeudi pour la fin de la phase nucl\u00e9aire. Les d\u00e9put\u00e9s ont vot\u00e9 avec une grande majorit\u00e9 pour","og_url":"https:\/\/vieassociative.be\/actualites\/la-belgique-se-deshabille-de-lenergie-nucleaire-luc-frank-csp-accueille-les-progres-historiques\/","og_site_name":"Vie Associative","article_published_time":"2025-05-16T14:18:57+00:00","og_image":[{"width":279,"height":92,"url":"https:\/\/vieassociative.be\/actualites\/wp-content\/uploads\/2024\/09\/header_backgroundk-01-e1726694325946.png","type":"image\/png"}],"author":"Julien","twitter_card":"summary_large_image","twitter_misc":{"\u00c9crit par":"Julien","Dur\u00e9e de lecture est.":"2 minutes"},"schema":{"@context":"https:\/\/schema.org","@graph":[{"@type":"Article","@id":"https:\/\/vieassociative.be\/actualites\/la-belgique-se-deshabille-de-lenergie-nucleaire-luc-frank-csp-accueille-les-progres-historiques\/#article","isPartOf":{"@id":"https:\/\/vieassociative.be\/actualites\/la-belgique-se-deshabille-de-lenergie-nucleaire-luc-frank-csp-accueille-les-progres-historiques\/"},"author":{"name":"Julien","@id":"https:\/\/vieassociative.be\/actualites\/#\/schema\/person\/b87ac4f82f9d4e7b7cec7395b679edc4"},"headline":"La Belgique se d\u00e9shabille de l&rsquo;\u00e9nergie nucl\u00e9aire &#8211; Luc Frank (CSP) accueille les \u00ab\u00a0progr\u00e8s historiques\u00a0\u00bb","datePublished":"2025-05-16T14:18:57+00:00","dateModified":"2025-05-16T14:18:57+00:00","mainEntityOfPage":{"@id":"https:\/\/vieassociative.be\/actualites\/la-belgique-se-deshabille-de-lenergie-nucleaire-luc-frank-csp-accueille-les-progres-historiques\/"},"wordCount":519,"publisher":{"@id":"https:\/\/vieassociative.be\/actualites\/#organization"},"image":{"@id":"https:\/\/vieassociative.be\/actualites\/la-belgique-se-deshabille-de-lenergie-nucleaire-luc-frank-csp-accueille-les-progres-historiques\/#primaryimage"},"thumbnailUrl":"https:\/\/vieassociative.be\/actualites\/wp-content\/uploads\/2025\/05\/1747405137_La-Belgique-se-deshabille-de-lenergie-nucleaire-Luc-Frank.jpg","keywords":["accueille","Belgique","CSP","d\u00e9shabille","Frank","historiques","L\u00e9nergie","Les","Luc","nucl\u00e9aire","progr\u00e8s"],"articleSection":["Belgique"],"inLanguage":"fr-BE"},{"@type":"WebPage","@id":"https:\/\/vieassociative.be\/actualites\/la-belgique-se-deshabille-de-lenergie-nucleaire-luc-frank-csp-accueille-les-progres-historiques\/","url":"https:\/\/vieassociative.be\/actualites\/la-belgique-se-deshabille-de-lenergie-nucleaire-luc-frank-csp-accueille-les-progres-historiques\/","name":"La Belgique se d\u00e9shabille de l'\u00e9nergie nucl\u00e9aire - Luc Frank (CSP) accueille les \"progr\u00e8s historiques\" | Vie Associative","isPartOf":{"@id":"https:\/\/vieassociative.be\/actualites\/#website"},"primaryImageOfPage":{"@id":"https:\/\/vieassociative.be\/actualites\/la-belgique-se-deshabille-de-lenergie-nucleaire-luc-frank-csp-accueille-les-progres-historiques\/#primaryimage"},"image":{"@id":"https:\/\/vieassociative.be\/actualites\/la-belgique-se-deshabille-de-lenergie-nucleaire-luc-frank-csp-accueille-les-progres-historiques\/#primaryimage"},"thumbnailUrl":"https:\/\/vieassociative.be\/actualites\/wp-content\/uploads\/2025\/05\/1747405137_La-Belgique-se-deshabille-de-lenergie-nucleaire-Luc-Frank.jpg","datePublished":"2025-05-16T14:18:57+00:00","dateModified":"2025-05-16T14:18:57+00:00","breadcrumb":{"@id":"https:\/\/vieassociative.be\/actualites\/la-belgique-se-deshabille-de-lenergie-nucleaire-luc-frank-csp-accueille-les-progres-historiques\/#breadcrumb"},"inLanguage":"fr-BE","potentialAction":[{"@type":"ReadAction","target":["https:\/\/vieassociative.be\/actualites\/la-belgique-se-deshabille-de-lenergie-nucleaire-luc-frank-csp-accueille-les-progres-historiques\/"]}]},{"@type":"ImageObject","inLanguage":"fr-BE","@id":"https:\/\/vieassociative.be\/actualites\/la-belgique-se-deshabille-de-lenergie-nucleaire-luc-frank-csp-accueille-les-progres-historiques\/#primaryimage","url":"https:\/\/vieassociative.be\/actualites\/wp-content\/uploads\/2025\/05\/1747405137_La-Belgique-se-deshabille-de-lenergie-nucleaire-Luc-Frank.jpg","contentUrl":"https:\/\/vieassociative.be\/actualites\/wp-content\/uploads\/2025\/05\/1747405137_La-Belgique-se-deshabille-de-lenergie-nucleaire-Luc-Frank.jpg","width":1000,"height":753,"caption":"La Belgique se d\u00e9shabille de l'\u00e9nergie nucl\u00e9aire - Luc Frank (CSP) accueille les \"progr\u00e8s historiques\""},{"@type":"BreadcrumbList","@id":"https:\/\/vieassociative.be\/actualites\/la-belgique-se-deshabille-de-lenergie-nucleaire-luc-frank-csp-accueille-les-progres-historiques\/#breadcrumb","itemListElement":[{"@type":"ListItem","position":1,"name":"Accueil","item":"https:\/\/vieassociative.be\/actualites\/"},{"@type":"ListItem","position":2,"name":"La Belgique se d\u00e9shabille de l&rsquo;\u00e9nergie nucl\u00e9aire &#8211; Luc Frank (CSP) accueille les \u00ab\u00a0progr\u00e8s historiques\u00a0\u00bb"}]},{"@type":"WebSite","@id":"https:\/\/vieassociative.be\/actualites\/#website","url":"https:\/\/vieassociative.be\/actualites\/","name":"Vie Associative","description":"","publisher":{"@id":"https:\/\/vieassociative.be\/actualites\/#organization"},"potentialAction":[{"@type":"SearchAction","target":{"@type":"EntryPoint","urlTemplate":"https:\/\/vieassociative.be\/actualites\/?s={search_term_string}"},"query-input":{"@type":"PropertyValueSpecification","valueRequired":true,"valueName":"search_term_string"}}],"inLanguage":"fr-BE"},{"@type":"Organization","@id":"https:\/\/vieassociative.be\/actualites\/#organization","name":"Vie Associative","url":"https:\/\/vieassociative.be\/actualites\/","logo":{"@type":"ImageObject","inLanguage":"fr-BE","@id":"https:\/\/vieassociative.be\/actualites\/#\/schema\/logo\/image\/","url":"https:\/\/vieassociative.be\/actualites\/wp-content\/uploads\/2024\/09\/cropped-vieassociative_favicon.ico.png","contentUrl":"https:\/\/vieassociative.be\/actualites\/wp-content\/uploads\/2024\/09\/cropped-vieassociative_favicon.ico.png","width":512,"height":512,"caption":"Vie Associative"},"image":{"@id":"https:\/\/vieassociative.be\/actualites\/#\/schema\/logo\/image\/"}},{"@type":"Person","@id":"https:\/\/vieassociative.be\/actualites\/#\/schema\/person\/b87ac4f82f9d4e7b7cec7395b679edc4","name":"Julien","image":{"@type":"ImageObject","inLanguage":"fr-BE","@id":"https:\/\/vieassociative.be\/actualites\/#\/schema\/person\/image\/","url":"https:\/\/vieassociative.be\/actualites\/wp-content\/uploads\/2024\/09\/vie-associative-1-150x150.jpg","contentUrl":"https:\/\/vieassociative.be\/actualites\/wp-content\/uploads\/2024\/09\/vie-associative-1-150x150.jpg","caption":"Julien"},"description":"Je suis Julien, r\u00e9dacteur pour Vie Associative. Passionn\u00e9 par le monde associatif depuis plus de 10 ans, j'ai \u00e0 c\u0153ur de partager des histoires inspirantes et de mettre en lumi\u00e8re les initiatives locales. Mon objectif est de sensibiliser et d'encourager l'engagement communautaire \u00e0 travers mes articles.","sameAs":["https:\/\/vieassociative.be\/"]}]}},"_links":{"self":[{"href":"https:\/\/vieassociative.be\/actualites\/wp-json\/wp\/v2\/posts\/7604"}],"collection":[{"href":"https:\/\/vieassociative.be\/actualites\/wp-json\/wp\/v2\/posts"}],"about":[{"href":"https:\/\/vieassociative.be\/actualites\/wp-json\/wp\/v2\/types\/post"}],"author":[{"embeddable":true,"href":"https:\/\/vieassociative.be\/actualites\/wp-json\/wp\/v2\/users\/1"}],"replies":[{"embeddable":true,"href":"https:\/\/vieassociative.be\/actualites\/wp-json\/wp\/v2\/comments?post=7604"}],"version-history":[{"count":0,"href":"https:\/\/vieassociative.be\/actualites\/wp-json\/wp\/v2\/posts\/7604\/revisions"}],"wp:featuredmedia":[{"embeddable":true,"href":"https:\/\/vieassociative.be\/actualites\/wp-json\/wp\/v2\/media\/7605"}],"wp:attachment":[{"href":"https:\/\/vieassociative.be\/actualites\/wp-json\/wp\/v2\/media?parent=7604"}],"wp:term":[{"taxonomy":"category","embeddable":true,"href":"https:\/\/vieassociative.be\/actualites\/wp-json\/wp\/v2\/categories?post=7604"},{"taxonomy":"post_tag","embeddable":true,"href":"https:\/\/vieassociative.be\/actualites\/wp-json\/wp\/v2\/tags?post=7604"}],"curies":[{"name":"wp","href":"https:\/\/api.w.org\/{rel}","templated":true}]}}