{"id":7597,"date":"2025-05-16T04:17:04","date_gmt":"2025-05-16T02:17:04","guid":{"rendered":"https:\/\/vieassociative.be\/actualites\/les-meteorologues-a-cause-de-la-construction-de-la-chaleur-up-dans-latlantique-nord-leurope-menace-un-ete-de-chaleur-pire\/"},"modified":"2025-05-16T04:17:04","modified_gmt":"2025-05-16T02:17:04","slug":"les-meteorologues-a-cause-de-la-construction-de-la-chaleur-up-dans-latlantique-nord-leurope-menace-un-ete-de-chaleur-pire","status":"publish","type":"post","link":"https:\/\/vieassociative.be\/actualites\/les-meteorologues-a-cause-de-la-construction-de-la-chaleur-up-dans-latlantique-nord-leurope-menace-un-ete-de-chaleur-pire\/","title":{"rendered":"Les m\u00e9t\u00e9orologues \u00e0 cause de la construction de la chaleur-up dans l&rsquo;Atlantique Nord: \u00ab\u00a0L&rsquo;Europe menace un \u00e9t\u00e9 de chaleur pire\u00a0\u00bb"},"content":{"rendered":"<p><strong>Presque aucune pluie pendant des semaines, le soleil br\u00fble: certains ont d\u00e9j\u00e0 peur d&rsquo;un mauvais \u00e9t\u00e9. Probablement \u00e0 juste titre comment les chercheurs climatiques ont calcul\u00e9.<\/strong><\/p>\n<p><span id=\"more-415538\"><\/span>Selon les calculs du mod\u00e8le, l&rsquo;Europe est probablement confront\u00e9e \u00e0 un \u00e9t\u00e9 de chaleur cette ann\u00e9e. Le r\u00e9chauffement de l&rsquo;Atlantique Nord peut s&rsquo;attendre \u00e0 un \u00e9t\u00e9 exceptionnellement chaud, a-t-il \u00e9t\u00e9 dit par le Max Planck Institute for Meteorology (MPI-M) \u00e0 Hambourg. Cette pr\u00e9vision co\u00efncide avec les pr\u00e9dictions du Centre europ\u00e9en pour les pr\u00e9visions m\u00e9t\u00e9orologiques \u00e0 moyen terme, qui assume \u00e9galement un \u00e9t\u00e9 tr\u00e8s chaud \u00e0 venir.<\/p>\n<\/p>\n<div id=\"attachment_257918\" class=\"wp-caption alignleft\" style=\"max-width: 300px\"><img fetchpriority=\"high\" decoding=\"async\" class=\"wp-image-257918 size-medium\" src=\"https:\/\/vieassociative.be\/actualites\/wp-content\/uploads\/2025\/05\/Les-meteorologues-a-cause-de-la-construction-de-la-chaleur-up.jpeg\" alt=\"\" width=\"300\" height=\"200\"><\/p>\n<p class=\"wp-caption-text\">08.08.2020, Belgique, East End: Les gens peuplent la plage de l&rsquo;Ostende par temps chaud d&rsquo;\u00e9t\u00e9. (Enregistrement de l&rsquo;air \u00e0 partir d&rsquo;un h\u00e9licopt\u00e8re). Photo: Eric Lalmand \/ Belga \/ DPA<\/p>\n<\/div>\n<p>L&rsquo;\u00e9quipe MPI-M des donn\u00e9es de l&rsquo;oc\u00e9an est l&rsquo;une des chaleur de l&rsquo;\u00e9t\u00e9: l&rsquo;\u00e9t\u00e9 europ\u00e9en de chaleur pr\u00e9c\u00e8de souvent une accumulation de chaleur dans l&rsquo;Atlantique Nord, qui s&rsquo;accumule environ trois ans avant une chaleur extr\u00eame. Un \u00e9t\u00e9 extr\u00eamement chaud pourrait \u00eatre pr\u00e9dit jusqu&rsquo;\u00e0 trois ans \u00e0 l&rsquo;avance.<\/p>\n<p>La cause de la chaleur est les anomalies du transport de chaleur dans l&rsquo;oc\u00e9an, qui affectent \u00e9galement l&rsquo;atmosph\u00e8re.<\/p>\n<p>Les chercheurs de l&rsquo;Universit\u00e9 de Hambourg ont calcul\u00e9 diverses simulations du climat europ\u00e9en de 1962 \u00e0 2022 avec un mod\u00e8le climatique d\u00e9velopp\u00e9 au MPI M. pour d&rsquo;autres analyses, celles qui reproduisaient le lien entre le steward de la chaleur de l&rsquo;Atlantique Nord et la chaleur Extreme.<\/p>\n<p>Afin de v\u00e9rifier la qualit\u00e9 des pr\u00e9dictions, les chercheurs ont compar\u00e9 les simulations avec des donn\u00e9es d&rsquo;observation pour la p\u00e9riode de 1964 \u00e0 2021, dans laquelle il y a eu 18 \u00e9t\u00e9s chauds en Europe.<\/p>\n<p><strong>&#8211; Hitzestau dans la mer indique l&rsquo;\u00e9t\u00e9 de la chaleur:<\/strong> \u00ab\u00a0La soi-disant exp\u00e9rience ult\u00e9rieure prouve que l&rsquo;accumulation de chaleur est \u00e9galement un indicateur fiable pour le futur \u00e9t\u00e9 de la chaleur\u00a0\u00bb, a d\u00e9clar\u00e9 le chercheur du MPI-M Lara Wallberg. \u00c0 la fin de la p\u00e9riode simul\u00e9e, l&rsquo;\u00e9valuation s&rsquo;est \u00e0 nouveau pr\u00e9sent\u00e9e dans la revue \u00abGeophysical Research Letters\u00bb, selon l&rsquo;\u00e9valuation, une puissance thermique &#8211; qui sugg\u00e8re \u00e9galement un \u00e9t\u00e9 exceptionnellement chaud pour 2025.<\/p>\n<\/p>\n<div id=\"attachment_219773\" class=\"wp-caption alignleft\" style=\"max-width: 300px\"><img decoding=\"async\" class=\"wp-image-219773 size-medium\" src=\"https:\/\/vieassociative.be\/actualites\/wp-content\/uploads\/2025\/05\/1747361824_877_Les-meteorologues-a-cause-de-la-construction-de-la-chaleur-up.jpeg\" alt=\"\" width=\"300\" height=\"200\"  ><\/p>\n<p class=\"wp-caption-text\">24\/07\/2019, Belgique, Bruxelles: Deux hommes se refroidissent par une chaude journ\u00e9e d&rsquo;\u00e9t\u00e9 dans une fontaine publique pr\u00e8s de l&rsquo;atomique. Photo: Francisco Seco \/ AP \/ DPA<\/p>\n<\/div>\n<p>L&rsquo;\u00e9t\u00e9 extr\u00eamement chaud est de plus en plus en Europe, comme l&rsquo;explique l&rsquo;\u00e9quipe de recherche. La fr\u00e9quence des vagues de chaleur en Europe a doubl\u00e9 depuis que les temps pr\u00e9-industriels et l&rsquo;\u00e9t\u00e9 extr\u00eamement chaud qui se produisent actuellement tous les dix ans pourraient se produire presque chaque ann\u00e9e d&rsquo;ici la fin du si\u00e8cle.<\/p>\n<p>L&rsquo;Europe avait connu l&rsquo;Europe en 2003 l&rsquo;un des \u00e9t\u00e9 les plus extr\u00eames depuis le d\u00e9but des enregistrements. Le taux de mortalit\u00e9 a augment\u00e9, dans de nombreux pays europ\u00e9ens, il y a eu une p\u00e9nurie d&rsquo;eau et de r\u00e9colte. Les chercheurs soulignent que la pr\u00e9diction de ces extr\u00eames est d&rsquo;une importance fondamentale pour la sant\u00e9 humaine et la limitation des dommages.<\/p>\n<p><strong>&#8211; Records plus chauds dans les oc\u00e9ans du monde:<\/strong> Les oc\u00e9ans du monde et en particulier l&rsquo;Atlantique Nord ont enregistr\u00e9 des records de chaleur extraordinaires ces derni\u00e8res ann\u00e9es. Pendant environ un an, la temp\u00e9rature de la surface moyenne dans l&rsquo;Atlantique Nord \u00e9tait le plus haut jour de la journ\u00e9e depuis le d\u00e9but de la mesure il y a environ 40 ans &#8211; principalement \u00e0 une grande distance du record quotidien pr\u00e9c\u00e9dent. Cela a \u00e9t\u00e9 d\u00e9montr\u00e9 par les donn\u00e9es de la plate-forme \u00abClimate Reanalyzer\u00bb \u00e0 l&rsquo;Universit\u00e9 am\u00e9ricaine du Maine.<\/p>\n<p>Le r\u00e9chauffement \u00e9tait loin des fluctuations naturelles, selon les experts du climat. La principale cause est donc l&rsquo;homme: les oc\u00e9ans absorbent plus de 90% de la chaleur qui reste dans l&rsquo;atmosph\u00e8re en raison de l&rsquo;augmentation des gaz \u00e0 effet de serre. (DPA)<\/p>\n","protected":false},"excerpt":{"rendered":"<p>Presque aucune pluie pendant des semaines, le soleil br\u00fble: certains ont d\u00e9j\u00e0 peur d&rsquo;un mauvais \u00e9t\u00e9. Probablement \u00e0 juste titre comment les chercheurs climatiques ont<\/p>\n","protected":false},"author":1,"featured_media":7598,"comment_status":"","ping_status":"","sticky":false,"template":"","format":"standard","meta":{"footnotes":""},"categories":[298],"tags":[2026,7030,674,166,217,7031,14,2785,3396,7029,2634,3420],"class_list":["post-7597","post","type-post","status-publish","format-standard","has-post-thumbnail","hentry","category-belgique","tag-chaleur","tag-chaleurup","tag-construction","tag-dans","tag-ete","tag-latlantique","tag-les","tag-leurope","tag-menace","tag-meteorologues","tag-nord","tag-pire","generate-columns","tablet-grid-50","mobile-grid-100","grid-parent","grid-33"],"yoast_head":"<!-- This site is optimized with the Yoast SEO plugin v24.0 - https:\/\/yoast.com\/wordpress\/plugins\/seo\/ -->\n<title>Les m\u00e9t\u00e9orologues \u00e0 cause de la construction de la chaleur-up dans l&#039;Atlantique Nord: &quot;L&#039;Europe menace un \u00e9t\u00e9 de chaleur pire&quot; | Vie Associative<\/title>\n<meta name=\"robots\" content=\"index, follow, max-snippet:-1, max-image-preview:large, max-video-preview:-1\" \/>\n<link rel=\"canonical\" href=\"https:\/\/vieassociative.be\/actualites\/les-meteorologues-a-cause-de-la-construction-de-la-chaleur-up-dans-latlantique-nord-leurope-menace-un-ete-de-chaleur-pire\/\" \/>\n<meta property=\"og:locale\" content=\"fr_FR\" \/>\n<meta property=\"og:type\" content=\"article\" \/>\n<meta property=\"og:title\" content=\"Les m\u00e9t\u00e9orologues \u00e0 cause de la construction de la chaleur-up dans l&#039;Atlantique Nord: &quot;L&#039;Europe menace un \u00e9t\u00e9 de chaleur pire&quot; | Vie Associative\" \/>\n<meta property=\"og:description\" content=\"Presque aucune pluie pendant des semaines, le soleil br\u00fble: certains ont d\u00e9j\u00e0 peur d&rsquo;un mauvais \u00e9t\u00e9. Probablement \u00e0 juste titre comment les chercheurs climatiques ont\" \/>\n<meta property=\"og:url\" content=\"https:\/\/vieassociative.be\/actualites\/les-meteorologues-a-cause-de-la-construction-de-la-chaleur-up-dans-latlantique-nord-leurope-menace-un-ete-de-chaleur-pire\/\" \/>\n<meta property=\"og:site_name\" content=\"Vie Associative\" \/>\n<meta property=\"article:published_time\" content=\"2025-05-16T02:17:04+00:00\" \/>\n<meta property=\"og:image\" content=\"https:\/\/vieassociative.be\/actualites\/wp-content\/uploads\/2024\/09\/header_backgroundk-01-e1726694325946.png\" \/>\n\t<meta property=\"og:image:width\" content=\"279\" \/>\n\t<meta property=\"og:image:height\" content=\"92\" \/>\n\t<meta property=\"og:image:type\" content=\"image\/png\" \/>\n<meta name=\"author\" content=\"Julien\" \/>\n<meta name=\"twitter:card\" content=\"summary_large_image\" \/>\n<meta name=\"twitter:label1\" content=\"\u00c9crit par\" \/>\n\t<meta name=\"twitter:data1\" content=\"Julien\" \/>\n\t<meta name=\"twitter:label2\" content=\"Dur\u00e9e de lecture est.\" \/>\n\t<meta name=\"twitter:data2\" content=\"3 minutes\" \/>\n<script type=\"application\/ld+json\" class=\"yoast-schema-graph\">{\"@context\":\"https:\/\/schema.org\",\"@graph\":[{\"@type\":\"Article\",\"@id\":\"https:\/\/vieassociative.be\/actualites\/les-meteorologues-a-cause-de-la-construction-de-la-chaleur-up-dans-latlantique-nord-leurope-menace-un-ete-de-chaleur-pire\/#article\",\"isPartOf\":{\"@id\":\"https:\/\/vieassociative.be\/actualites\/les-meteorologues-a-cause-de-la-construction-de-la-chaleur-up-dans-latlantique-nord-leurope-menace-un-ete-de-chaleur-pire\/\"},\"author\":{\"name\":\"Julien\",\"@id\":\"https:\/\/vieassociative.be\/actualites\/#\/schema\/person\/b87ac4f82f9d4e7b7cec7395b679edc4\"},\"headline\":\"Les m\u00e9t\u00e9orologues \u00e0 cause de la construction de la chaleur-up dans l&rsquo;Atlantique Nord: \u00ab\u00a0L&rsquo;Europe menace un \u00e9t\u00e9 de chaleur pire\u00a0\u00bb\",\"datePublished\":\"2025-05-16T02:17:04+00:00\",\"dateModified\":\"2025-05-16T02:17:04+00:00\",\"mainEntityOfPage\":{\"@id\":\"https:\/\/vieassociative.be\/actualites\/les-meteorologues-a-cause-de-la-construction-de-la-chaleur-up-dans-latlantique-nord-leurope-menace-un-ete-de-chaleur-pire\/\"},\"wordCount\":717,\"publisher\":{\"@id\":\"https:\/\/vieassociative.be\/actualites\/#organization\"},\"image\":{\"@id\":\"https:\/\/vieassociative.be\/actualites\/les-meteorologues-a-cause-de-la-construction-de-la-chaleur-up-dans-latlantique-nord-leurope-menace-un-ete-de-chaleur-pire\/#primaryimage\"},\"thumbnailUrl\":\"https:\/\/vieassociative.be\/actualites\/wp-content\/uploads\/2025\/05\/Les-meteorologues-a-cause-de-la-construction-de-la-chaleur-up.jpg\",\"keywords\":[\"chaleur\",\"chaleurup\",\"construction\",\"dans\",\"\u00e9t\u00e9\",\"lAtlantique\",\"Les\",\"lEurope\",\"menac\u00e9\",\"m\u00e9t\u00e9orologues\",\"Nord\",\"pire\"],\"articleSection\":[\"Belgique\"],\"inLanguage\":\"fr-BE\"},{\"@type\":\"WebPage\",\"@id\":\"https:\/\/vieassociative.be\/actualites\/les-meteorologues-a-cause-de-la-construction-de-la-chaleur-up-dans-latlantique-nord-leurope-menace-un-ete-de-chaleur-pire\/\",\"url\":\"https:\/\/vieassociative.be\/actualites\/les-meteorologues-a-cause-de-la-construction-de-la-chaleur-up-dans-latlantique-nord-leurope-menace-un-ete-de-chaleur-pire\/\",\"name\":\"Les m\u00e9t\u00e9orologues \u00e0 cause de la construction de la chaleur-up dans l'Atlantique Nord: \\\"L'Europe menace un \u00e9t\u00e9 de chaleur pire\\\" | Vie Associative\",\"isPartOf\":{\"@id\":\"https:\/\/vieassociative.be\/actualites\/#website\"},\"primaryImageOfPage\":{\"@id\":\"https:\/\/vieassociative.be\/actualites\/les-meteorologues-a-cause-de-la-construction-de-la-chaleur-up-dans-latlantique-nord-leurope-menace-un-ete-de-chaleur-pire\/#primaryimage\"},\"image\":{\"@id\":\"https:\/\/vieassociative.be\/actualites\/les-meteorologues-a-cause-de-la-construction-de-la-chaleur-up-dans-latlantique-nord-leurope-menace-un-ete-de-chaleur-pire\/#primaryimage\"},\"thumbnailUrl\":\"https:\/\/vieassociative.be\/actualites\/wp-content\/uploads\/2025\/05\/Les-meteorologues-a-cause-de-la-construction-de-la-chaleur-up.jpg\",\"datePublished\":\"2025-05-16T02:17:04+00:00\",\"dateModified\":\"2025-05-16T02:17:04+00:00\",\"breadcrumb\":{\"@id\":\"https:\/\/vieassociative.be\/actualites\/les-meteorologues-a-cause-de-la-construction-de-la-chaleur-up-dans-latlantique-nord-leurope-menace-un-ete-de-chaleur-pire\/#breadcrumb\"},\"inLanguage\":\"fr-BE\",\"potentialAction\":[{\"@type\":\"ReadAction\",\"target\":[\"https:\/\/vieassociative.be\/actualites\/les-meteorologues-a-cause-de-la-construction-de-la-chaleur-up-dans-latlantique-nord-leurope-menace-un-ete-de-chaleur-pire\/\"]}]},{\"@type\":\"ImageObject\",\"inLanguage\":\"fr-BE\",\"@id\":\"https:\/\/vieassociative.be\/actualites\/les-meteorologues-a-cause-de-la-construction-de-la-chaleur-up-dans-latlantique-nord-leurope-menace-un-ete-de-chaleur-pire\/#primaryimage\",\"url\":\"https:\/\/vieassociative.be\/actualites\/wp-content\/uploads\/2025\/05\/Les-meteorologues-a-cause-de-la-construction-de-la-chaleur-up.jpg\",\"contentUrl\":\"https:\/\/vieassociative.be\/actualites\/wp-content\/uploads\/2025\/05\/Les-meteorologues-a-cause-de-la-construction-de-la-chaleur-up.jpg\",\"width\":1200,\"height\":760,\"caption\":\"Les m\u00e9t\u00e9orologues \u00e0 cause de la construction de la chaleur-up dans l'Atlantique Nord: \\\"L'Europe menace un \u00e9t\u00e9 de chaleur pire\\\"\"},{\"@type\":\"BreadcrumbList\",\"@id\":\"https:\/\/vieassociative.be\/actualites\/les-meteorologues-a-cause-de-la-construction-de-la-chaleur-up-dans-latlantique-nord-leurope-menace-un-ete-de-chaleur-pire\/#breadcrumb\",\"itemListElement\":[{\"@type\":\"ListItem\",\"position\":1,\"name\":\"Accueil\",\"item\":\"https:\/\/vieassociative.be\/actualites\/\"},{\"@type\":\"ListItem\",\"position\":2,\"name\":\"Les m\u00e9t\u00e9orologues \u00e0 cause de la construction de la chaleur-up dans l&rsquo;Atlantique Nord: \u00ab\u00a0L&rsquo;Europe menace un \u00e9t\u00e9 de chaleur pire\u00a0\u00bb\"}]},{\"@type\":\"WebSite\",\"@id\":\"https:\/\/vieassociative.be\/actualites\/#website\",\"url\":\"https:\/\/vieassociative.be\/actualites\/\",\"name\":\"Vie Associative\",\"description\":\"\",\"publisher\":{\"@id\":\"https:\/\/vieassociative.be\/actualites\/#organization\"},\"potentialAction\":[{\"@type\":\"SearchAction\",\"target\":{\"@type\":\"EntryPoint\",\"urlTemplate\":\"https:\/\/vieassociative.be\/actualites\/?s={search_term_string}\"},\"query-input\":{\"@type\":\"PropertyValueSpecification\",\"valueRequired\":true,\"valueName\":\"search_term_string\"}}],\"inLanguage\":\"fr-BE\"},{\"@type\":\"Organization\",\"@id\":\"https:\/\/vieassociative.be\/actualites\/#organization\",\"name\":\"Vie Associative\",\"url\":\"https:\/\/vieassociative.be\/actualites\/\",\"logo\":{\"@type\":\"ImageObject\",\"inLanguage\":\"fr-BE\",\"@id\":\"https:\/\/vieassociative.be\/actualites\/#\/schema\/logo\/image\/\",\"url\":\"https:\/\/vieassociative.be\/actualites\/wp-content\/uploads\/2024\/09\/cropped-vieassociative_favicon.ico.png\",\"contentUrl\":\"https:\/\/vieassociative.be\/actualites\/wp-content\/uploads\/2024\/09\/cropped-vieassociative_favicon.ico.png\",\"width\":512,\"height\":512,\"caption\":\"Vie Associative\"},\"image\":{\"@id\":\"https:\/\/vieassociative.be\/actualites\/#\/schema\/logo\/image\/\"}},{\"@type\":\"Person\",\"@id\":\"https:\/\/vieassociative.be\/actualites\/#\/schema\/person\/b87ac4f82f9d4e7b7cec7395b679edc4\",\"name\":\"Julien\",\"image\":{\"@type\":\"ImageObject\",\"inLanguage\":\"fr-BE\",\"@id\":\"https:\/\/vieassociative.be\/actualites\/#\/schema\/person\/image\/\",\"url\":\"https:\/\/vieassociative.be\/actualites\/wp-content\/uploads\/2024\/09\/vie-associative-1-150x150.jpg\",\"contentUrl\":\"https:\/\/vieassociative.be\/actualites\/wp-content\/uploads\/2024\/09\/vie-associative-1-150x150.jpg\",\"caption\":\"Julien\"},\"description\":\"Je suis Julien, r\u00e9dacteur pour Vie Associative. Passionn\u00e9 par le monde associatif depuis plus de 10 ans, j'ai \u00e0 c\u0153ur de partager des histoires inspirantes et de mettre en lumi\u00e8re les initiatives locales. Mon objectif est de sensibiliser et d'encourager l'engagement communautaire \u00e0 travers mes articles.\",\"sameAs\":[\"https:\/\/vieassociative.be\/\"]}]}<\/script>\n<!-- \/ Yoast SEO plugin. -->","yoast_head_json":{"title":"Les m\u00e9t\u00e9orologues \u00e0 cause de la construction de la chaleur-up dans l'Atlantique Nord: \"L'Europe menace un \u00e9t\u00e9 de chaleur pire\" | Vie Associative","robots":{"index":"index","follow":"follow","max-snippet":"max-snippet:-1","max-image-preview":"max-image-preview:large","max-video-preview":"max-video-preview:-1"},"canonical":"https:\/\/vieassociative.be\/actualites\/les-meteorologues-a-cause-de-la-construction-de-la-chaleur-up-dans-latlantique-nord-leurope-menace-un-ete-de-chaleur-pire\/","og_locale":"fr_FR","og_type":"article","og_title":"Les m\u00e9t\u00e9orologues \u00e0 cause de la construction de la chaleur-up dans l'Atlantique Nord: \"L'Europe menace un \u00e9t\u00e9 de chaleur pire\" | Vie Associative","og_description":"Presque aucune pluie pendant des semaines, le soleil br\u00fble: certains ont d\u00e9j\u00e0 peur d&rsquo;un mauvais \u00e9t\u00e9. Probablement \u00e0 juste titre comment les chercheurs climatiques ont","og_url":"https:\/\/vieassociative.be\/actualites\/les-meteorologues-a-cause-de-la-construction-de-la-chaleur-up-dans-latlantique-nord-leurope-menace-un-ete-de-chaleur-pire\/","og_site_name":"Vie Associative","article_published_time":"2025-05-16T02:17:04+00:00","og_image":[{"width":279,"height":92,"url":"https:\/\/vieassociative.be\/actualites\/wp-content\/uploads\/2024\/09\/header_backgroundk-01-e1726694325946.png","type":"image\/png"}],"author":"Julien","twitter_card":"summary_large_image","twitter_misc":{"\u00c9crit par":"Julien","Dur\u00e9e de lecture est.":"3 minutes"},"schema":{"@context":"https:\/\/schema.org","@graph":[{"@type":"Article","@id":"https:\/\/vieassociative.be\/actualites\/les-meteorologues-a-cause-de-la-construction-de-la-chaleur-up-dans-latlantique-nord-leurope-menace-un-ete-de-chaleur-pire\/#article","isPartOf":{"@id":"https:\/\/vieassociative.be\/actualites\/les-meteorologues-a-cause-de-la-construction-de-la-chaleur-up-dans-latlantique-nord-leurope-menace-un-ete-de-chaleur-pire\/"},"author":{"name":"Julien","@id":"https:\/\/vieassociative.be\/actualites\/#\/schema\/person\/b87ac4f82f9d4e7b7cec7395b679edc4"},"headline":"Les m\u00e9t\u00e9orologues \u00e0 cause de la construction de la chaleur-up dans l&rsquo;Atlantique Nord: \u00ab\u00a0L&rsquo;Europe menace un \u00e9t\u00e9 de chaleur pire\u00a0\u00bb","datePublished":"2025-05-16T02:17:04+00:00","dateModified":"2025-05-16T02:17:04+00:00","mainEntityOfPage":{"@id":"https:\/\/vieassociative.be\/actualites\/les-meteorologues-a-cause-de-la-construction-de-la-chaleur-up-dans-latlantique-nord-leurope-menace-un-ete-de-chaleur-pire\/"},"wordCount":717,"publisher":{"@id":"https:\/\/vieassociative.be\/actualites\/#organization"},"image":{"@id":"https:\/\/vieassociative.be\/actualites\/les-meteorologues-a-cause-de-la-construction-de-la-chaleur-up-dans-latlantique-nord-leurope-menace-un-ete-de-chaleur-pire\/#primaryimage"},"thumbnailUrl":"https:\/\/vieassociative.be\/actualites\/wp-content\/uploads\/2025\/05\/Les-meteorologues-a-cause-de-la-construction-de-la-chaleur-up.jpg","keywords":["chaleur","chaleurup","construction","dans","\u00e9t\u00e9","lAtlantique","Les","lEurope","menac\u00e9","m\u00e9t\u00e9orologues","Nord","pire"],"articleSection":["Belgique"],"inLanguage":"fr-BE"},{"@type":"WebPage","@id":"https:\/\/vieassociative.be\/actualites\/les-meteorologues-a-cause-de-la-construction-de-la-chaleur-up-dans-latlantique-nord-leurope-menace-un-ete-de-chaleur-pire\/","url":"https:\/\/vieassociative.be\/actualites\/les-meteorologues-a-cause-de-la-construction-de-la-chaleur-up-dans-latlantique-nord-leurope-menace-un-ete-de-chaleur-pire\/","name":"Les m\u00e9t\u00e9orologues \u00e0 cause de la construction de la chaleur-up dans l'Atlantique Nord: \"L'Europe menace un \u00e9t\u00e9 de chaleur pire\" | Vie Associative","isPartOf":{"@id":"https:\/\/vieassociative.be\/actualites\/#website"},"primaryImageOfPage":{"@id":"https:\/\/vieassociative.be\/actualites\/les-meteorologues-a-cause-de-la-construction-de-la-chaleur-up-dans-latlantique-nord-leurope-menace-un-ete-de-chaleur-pire\/#primaryimage"},"image":{"@id":"https:\/\/vieassociative.be\/actualites\/les-meteorologues-a-cause-de-la-construction-de-la-chaleur-up-dans-latlantique-nord-leurope-menace-un-ete-de-chaleur-pire\/#primaryimage"},"thumbnailUrl":"https:\/\/vieassociative.be\/actualites\/wp-content\/uploads\/2025\/05\/Les-meteorologues-a-cause-de-la-construction-de-la-chaleur-up.jpg","datePublished":"2025-05-16T02:17:04+00:00","dateModified":"2025-05-16T02:17:04+00:00","breadcrumb":{"@id":"https:\/\/vieassociative.be\/actualites\/les-meteorologues-a-cause-de-la-construction-de-la-chaleur-up-dans-latlantique-nord-leurope-menace-un-ete-de-chaleur-pire\/#breadcrumb"},"inLanguage":"fr-BE","potentialAction":[{"@type":"ReadAction","target":["https:\/\/vieassociative.be\/actualites\/les-meteorologues-a-cause-de-la-construction-de-la-chaleur-up-dans-latlantique-nord-leurope-menace-un-ete-de-chaleur-pire\/"]}]},{"@type":"ImageObject","inLanguage":"fr-BE","@id":"https:\/\/vieassociative.be\/actualites\/les-meteorologues-a-cause-de-la-construction-de-la-chaleur-up-dans-latlantique-nord-leurope-menace-un-ete-de-chaleur-pire\/#primaryimage","url":"https:\/\/vieassociative.be\/actualites\/wp-content\/uploads\/2025\/05\/Les-meteorologues-a-cause-de-la-construction-de-la-chaleur-up.jpg","contentUrl":"https:\/\/vieassociative.be\/actualites\/wp-content\/uploads\/2025\/05\/Les-meteorologues-a-cause-de-la-construction-de-la-chaleur-up.jpg","width":1200,"height":760,"caption":"Les m\u00e9t\u00e9orologues \u00e0 cause de la construction de la chaleur-up dans l'Atlantique Nord: \"L'Europe menace un \u00e9t\u00e9 de chaleur pire\""},{"@type":"BreadcrumbList","@id":"https:\/\/vieassociative.be\/actualites\/les-meteorologues-a-cause-de-la-construction-de-la-chaleur-up-dans-latlantique-nord-leurope-menace-un-ete-de-chaleur-pire\/#breadcrumb","itemListElement":[{"@type":"ListItem","position":1,"name":"Accueil","item":"https:\/\/vieassociative.be\/actualites\/"},{"@type":"ListItem","position":2,"name":"Les m\u00e9t\u00e9orologues \u00e0 cause de la construction de la chaleur-up dans l&rsquo;Atlantique Nord: \u00ab\u00a0L&rsquo;Europe menace un \u00e9t\u00e9 de chaleur pire\u00a0\u00bb"}]},{"@type":"WebSite","@id":"https:\/\/vieassociative.be\/actualites\/#website","url":"https:\/\/vieassociative.be\/actualites\/","name":"Vie Associative","description":"","publisher":{"@id":"https:\/\/vieassociative.be\/actualites\/#organization"},"potentialAction":[{"@type":"SearchAction","target":{"@type":"EntryPoint","urlTemplate":"https:\/\/vieassociative.be\/actualites\/?s={search_term_string}"},"query-input":{"@type":"PropertyValueSpecification","valueRequired":true,"valueName":"search_term_string"}}],"inLanguage":"fr-BE"},{"@type":"Organization","@id":"https:\/\/vieassociative.be\/actualites\/#organization","name":"Vie Associative","url":"https:\/\/vieassociative.be\/actualites\/","logo":{"@type":"ImageObject","inLanguage":"fr-BE","@id":"https:\/\/vieassociative.be\/actualites\/#\/schema\/logo\/image\/","url":"https:\/\/vieassociative.be\/actualites\/wp-content\/uploads\/2024\/09\/cropped-vieassociative_favicon.ico.png","contentUrl":"https:\/\/vieassociative.be\/actualites\/wp-content\/uploads\/2024\/09\/cropped-vieassociative_favicon.ico.png","width":512,"height":512,"caption":"Vie Associative"},"image":{"@id":"https:\/\/vieassociative.be\/actualites\/#\/schema\/logo\/image\/"}},{"@type":"Person","@id":"https:\/\/vieassociative.be\/actualites\/#\/schema\/person\/b87ac4f82f9d4e7b7cec7395b679edc4","name":"Julien","image":{"@type":"ImageObject","inLanguage":"fr-BE","@id":"https:\/\/vieassociative.be\/actualites\/#\/schema\/person\/image\/","url":"https:\/\/vieassociative.be\/actualites\/wp-content\/uploads\/2024\/09\/vie-associative-1-150x150.jpg","contentUrl":"https:\/\/vieassociative.be\/actualites\/wp-content\/uploads\/2024\/09\/vie-associative-1-150x150.jpg","caption":"Julien"},"description":"Je suis Julien, r\u00e9dacteur pour Vie Associative. Passionn\u00e9 par le monde associatif depuis plus de 10 ans, j'ai \u00e0 c\u0153ur de partager des histoires inspirantes et de mettre en lumi\u00e8re les initiatives locales. Mon objectif est de sensibiliser et d'encourager l'engagement communautaire \u00e0 travers mes articles.","sameAs":["https:\/\/vieassociative.be\/"]}]}},"_links":{"self":[{"href":"https:\/\/vieassociative.be\/actualites\/wp-json\/wp\/v2\/posts\/7597"}],"collection":[{"href":"https:\/\/vieassociative.be\/actualites\/wp-json\/wp\/v2\/posts"}],"about":[{"href":"https:\/\/vieassociative.be\/actualites\/wp-json\/wp\/v2\/types\/post"}],"author":[{"embeddable":true,"href":"https:\/\/vieassociative.be\/actualites\/wp-json\/wp\/v2\/users\/1"}],"replies":[{"embeddable":true,"href":"https:\/\/vieassociative.be\/actualites\/wp-json\/wp\/v2\/comments?post=7597"}],"version-history":[{"count":0,"href":"https:\/\/vieassociative.be\/actualites\/wp-json\/wp\/v2\/posts\/7597\/revisions"}],"wp:featuredmedia":[{"embeddable":true,"href":"https:\/\/vieassociative.be\/actualites\/wp-json\/wp\/v2\/media\/7598"}],"wp:attachment":[{"href":"https:\/\/vieassociative.be\/actualites\/wp-json\/wp\/v2\/media?parent=7597"}],"wp:term":[{"taxonomy":"category","embeddable":true,"href":"https:\/\/vieassociative.be\/actualites\/wp-json\/wp\/v2\/categories?post=7597"},{"taxonomy":"post_tag","embeddable":true,"href":"https:\/\/vieassociative.be\/actualites\/wp-json\/wp\/v2\/tags?post=7597"}],"curies":[{"name":"wp","href":"https:\/\/api.w.org\/{rel}","templated":true}]}}