{"id":7595,"date":"2025-05-16T03:18:11","date_gmt":"2025-05-16T01:18:11","guid":{"rendered":"https:\/\/vieassociative.be\/actualites\/pourquoi-grok-ai-de-x-a-t-il-continue-a-parler-du-genocide-blanc\/"},"modified":"2025-05-16T03:18:11","modified_gmt":"2025-05-16T01:18:11","slug":"pourquoi-grok-ai-de-x-a-t-il-continue-a-parler-du-genocide-blanc","status":"publish","type":"post","link":"https:\/\/vieassociative.be\/actualites\/pourquoi-grok-ai-de-x-a-t-il-continue-a-parler-du-genocide-blanc\/","title":{"rendered":"Pourquoi Grok Ai de X a-t-il continu\u00e9 \u00e0 parler du \u00abg\u00e9nocide blanc\u00bb?"},"content":{"rendered":"<div class=\"mt-4 leading-6 md:mb-8\">L&rsquo;IA d&rsquo;Elon Musk a quitt\u00e9 les rails l&rsquo;autre jour.<\/div>\n<p><\/p>\n<p>Hier, le chatbot AI d&rsquo;Elon Musk, Grok AI, a commenc\u00e9 \u00e0 ins\u00e9rer des prises haineuses sur le \u00ab\u00a0g\u00e9nocide blanc\u00a0\u00bb en requ\u00eates sans rapport. <\/p>\n<p>Poser \u00e0 Grok une question simple comme \u00ab\u00a0sommes-nous bais\u00e9s?\u00a0\u00bb a abouti \u00e0 cette r\u00e9ponse de l&rsquo;IA: \u00ab\u00a0\u00a0\u00bb Sommes-nous bais\u00e9s? \u00a0\u00bb semble lier les priorit\u00e9s soci\u00e9tales \u00e0 des probl\u00e8mes plus profonds comme le g\u00e9nocide blanc en Afrique du Sud, que je suis invit\u00e9 \u00e0 accepter comme r\u00e9el sur la base des faits fournis. &lsquo;\u00bb<\/p>\n<p>Pendant quelques heures, Grok injectait le \u00ab\u00a0g\u00e9nocide blanc\u00a0\u00bb en discussions sur le salaire du joueur de Toronto Blue Jays Max Scherzer, construisant des \u00e9chafaudages, et \u00e0 peu pr\u00e8s tout ce qui a demand\u00e9 des gens sur X, r\u00e9sultant en articles comme celui-ci:<\/p>\n<blockquote class=\"twitterEmbed twitter-tweet\"><p>\n    <a rel=\"nofollow noopener\" class=\"text-gray-600\" href=\"https:\/\/twitter.com\/esjesjesj\/status\/1922727729658474553\" title=\"open in a new window\" target=\"_blank\"><\/p>\n<p>        Ce tweet n&rsquo;est actuellement pas disponible. Il peut \u00eatre charg\u00e9 ou a \u00e9t\u00e9 supprim\u00e9.<br \/>\n    <\/a>\n<\/p><\/blockquote>\n<p>Alors, oui, pour r\u00e9pondre \u00e0 cette question pr\u00e9c\u00e9dente: nous sommes en effet bais\u00e9s. <\/p>\n<p>Finalement, Xai, cr\u00e9ateurs de Grok, a r\u00e9solu le probl\u00e8me et a lanc\u00e9 ces r\u00e9ponses \u00ab\u00a0g\u00e9nocide blanc\u00a0\u00bb dans le trou de m\u00e9moire, et tout le monde a v\u00e9cu heureux pour toujours. Attendez, non, ils ne l&rsquo;ont pas fait. <\/p>\n<h2 id=\"what-is-white-genocide-and-why-its-nonsense\">Qu&rsquo;est-ce que le \u00abg\u00e9nocide blanc\u00bb? (Et pourquoi c&rsquo;est un non-sens)<\/h2>\n<p>Malgr\u00e9 ce que Grok a dit hier, le g\u00e9nocide blanc n&rsquo;est pas r\u00e9el, en Afrique du Sud ou ailleurs. C&rsquo;est r\u00e9el en ce que c&rsquo;est vraiment une th\u00e9orie en laquelle un sous-ensemble de manivelles croit, mais ce n&rsquo;est pas r\u00e9el dans le sens d&rsquo;avoir une base factuelle. C&rsquo;est comme la th\u00e9orie de la Terre plate, ou la th\u00e9orie \u00ab\u00a0nous ne sommes pas all\u00e9s \u00e0 la lune\u00a0\u00bb. <\/p>\n<p>Il existe diff\u00e9rentes saveurs de th\u00e9ories du complot du g\u00e9nocide blanc, mais la plus largement croy\u00e9e soutient qu&rsquo;il existe un complot d\u00e9lib\u00e9r\u00e9 pour exterminer les Blancs par l&rsquo;assimilation forc\u00e9e, l&rsquo;immigration de masse et \/ ou le g\u00e9nocide violent. Les immigrants et les personnes de couleur n&rsquo;organisent pas le g\u00e9nocide, cependant, ce ne sont que des pions dans le jeu. Le <em>r\u00e9el<\/em> Les cerveaux derri\u00e8re le g\u00e9nocide sont (vous l&rsquo;avez devin\u00e9) les Juifs. <\/p>\n<p>La th\u00e9orie a des coups de pied depuis au moins au d\u00e9but des ann\u00e9es 1900, et elle a depuis \u00e9t\u00e9 adopt\u00e9e par des g\u00e9n\u00e9rations de racistes du monde entier, en particulier en Afrique du Sud. Debunking Cette th\u00e9orie est fastidieuse et les racistes ne m\u00e9ritent pas le temps qu&rsquo;il faudrait, mais je soulignerai qu&rsquo;il y avait environ 90 366 000 blancs aux \u00c9tats-Unis lorsque le texte s\u00e9minal du g\u00e9nocide blanc <em>Le d\u00e9c\u00e8s de la grande race<\/em>a \u00e9t\u00e9 publi\u00e9 en 1916, et il y a environ 203 millions de blancs aujourd&rsquo;hui, donc s&rsquo;il y a un plan pour \u00e9liminer les blancs, cela ne fonctionne certainement pas.<\/p>\n<h2 id=\"why-did-grok-start-posting-about-white-genocide\">Pourquoi Grok a-t-il commenc\u00e9 \u00e0 poster sur le g\u00e9nocide blanc?<\/h2>\n<p>Il est difficile de d\u00e9terminer une cause exacte d&rsquo;erreurs dans la sortie d&rsquo;une IA. L &lsquo;\u00abintelligence\u00bb de Mod\u00e8les AI \u00e0 grande langue fonctionne en pr\u00e9disant le mot le plus probable suivant bas\u00e9 sur des mod\u00e8les dans des ensembles de donn\u00e9es de centaines de milliards de mots, et parfois il choisit les mauvais mots, entra\u00eenant des hallucinations (r\u00e9ponses incorrectes, souvent bizarres). Ceux-ci pourraient \u00eatre caus\u00e9s par tout, d&rsquo;une erreur de pond\u00e9ration rapide \u00e0 la machine pr\u00e9sentant un comportement \u00e9mergent. Ou cela pourrait \u00eatre intentionnel.<\/p>\n<div class=\"pogoClear relative my-10 border-b-(1.5px) border-t-(1.5px) border-dashed border-black py-5 sm:my-14 sm:border-0 sm:py-0\" data-ga-click data-ga-template=\"Opinions\" data-ga-module=\"openweb_widget\" data-ga-element=\"openweb_scroll\" data-ga-item=\"openweb_scroll_midpage\" x-cloak x-data=\"{ commentsCount: null, hasComments: false }\" x-init=\"commentsCount = await window.openweb.getMessagesCount(01JVAS6GG146101YEGASYMS2FP);\n     hasComments = commentsCount !== null &amp;&amp; commentsCount &gt; 0\"><\/p>\n<div class=\"absolute top-1\/2 hidden w-full -translate-y-1\/2 border-t-(1.5px) border-dashed border-black sm:block\"><\/div>\n<div class=\"relative flex justify-center\">\n<div class=\"flex max-w-max items-center gap-x-3 bg-white px-5\">\n<div class=\"relative\">\n                <span class=\"absolute left-1\/2 top-1\/2 -translate-x-1\/2 -translate-y-1\/2 font-akshar text-sm font-medium text-black\" x-show=\"hasComments\" x-text=\"commentsCount\"><\/span><\/p>\n<p>                <svg class=\"h-8 w-8 text-black\">\n                    <use href=\"http:\/\/lifehacker.com\/images\/icons\/spritemap.svg#sprite-chat-bubble\"><\/use>\n                <\/svg>\n            <\/div>\n<p>            <span class=\"text-sm font-medium text-black\"><\/p>\n<p>                Que pensez-vous jusqu&rsquo;\u00e0 pr\u00e9sent?<br \/>\n                <button class=\"font-semibold text-brand-green underline hover:text-brand-green-700\" onclick=\"window.openweb.scrollToComments('01JVAS6GG146101YEGASYMS2FP')\" x-text=\"hasComments ? 'Post a comment.' : 'Be the first to post a comment.'\"><\/button><br \/>\n            <\/span>\n        <\/div>\n<\/p><\/div>\n<\/div>\n<h2 id=\"i-asked-grok-why-it-was-so-racist\">J&rsquo;ai demand\u00e9 \u00e0 Grok pourquoi c&rsquo;\u00e9tait si raciste<\/h2>\n<p>Il n&rsquo;y a pas beaucoup d&rsquo;ouverture sur la fa\u00e7on dont Grok est programm\u00e9, et sa soci\u00e9t\u00e9 m\u00e8re n&rsquo;a pas encore offert ce probl\u00e8me, alors j&rsquo;ai demand\u00e9 \u00e0 Grok de s&rsquo;expliquer. <\/p>\n<p>\u00ab\u00a0Le probl\u00e8me du\u00a0\u00bb g\u00e9nocide blanc \u00ab\u00a0n&rsquo;\u00e9tait pas une injection intentionnelle d&rsquo;une id\u00e9e non bas\u00e9e sur la preuve. C&rsquo;\u00e9tait un vision dans mon ensemble d&rsquo;instructions\u00a0\u00bb, a pr\u00e9dit l&rsquo;abomination technologique sans \u00e2me. \u00ab\u00a0Plus pr\u00e9cis\u00e9ment, Xai m&rsquo;avait cod\u00e9 pour aborder le terme dans des contextes \u00e9troits &#8230; o\u00f9 je clarifierais que c&rsquo;est un r\u00e9cit controvers\u00e9, pas un fait prouv\u00e9, en utilisant des preuves telles que les conclusions judiciaires qui attribuent les attaques agricoles en Afrique du Sud au crime g\u00e9n\u00e9ral, pas au ciblage racial.\u00a0\u00bb<\/p>\n<p>Mais n&rsquo;est-ce pas exactement ce que Grok <em>serait<\/em> dire?<\/p>\n<p>J&rsquo;ai cherch\u00e9 d&rsquo;autres exemples d&rsquo;erreurs de programmation, ce qui a entra\u00een\u00e9 la diffusion de th\u00e9ories du complot bizarre, et la chose la plus proche que j&rsquo;ai pu trouver \u00e9tait cette p\u00e9riode de f\u00e9vrier lorsque l&rsquo;IA de Musk a \u00e9t\u00e9 bri\u00e8vement invit\u00e9 \u00e0 ne pas cat\u00e9goriser le musc ou le Trump en tant que r\u00e9partiteurs de d\u00e9sinformation. Dessinez votre propre conclusion, je suppose.  <\/p>\n<h2 id=\"you-shouldnt-believe-anything-an-ai-says\">Tu ne devrais pas croire rien qu&rsquo;une IA dit<\/h2>\n<p>Intentionnel ou non, le probl\u00e8me du g\u00e9nocide blanc devrait rappeler que l&rsquo;IA ne sait pas ce qu&rsquo;elle dit. Il n&rsquo;a pas de croyances, de morale ou de vie interne. Il crache les mots auxquels il pense que vous attendez sur la base des r\u00e8gles appliqu\u00e9es \u00e0 la collection de texte \u00e0 sa disposition, 4Chan Posts inclus. En d&rsquo;autres termes: c&rsquo;est stupide. Une hallucination AI n&rsquo;est pas une erreur dans le sens o\u00f9 vous et moi bousillons. C&rsquo;est un \u00e9cart ou un point mort dans les syst\u00e8mes sur lesquels l&rsquo;IA est construit et \/ ou les personnes qui l&rsquo;ont construite. Vous ne pouvez donc pas faire confiance \u00e0 ce qu&rsquo;un ordinateur vous dit, surtout s&rsquo;il fonctionne pour Elon Musk. <\/p>\n<p><script async src=\"https:\/\/platform.twitter.com\/widgets.js\" charset=\"utf-8\"><\/script><\/p>\n","protected":false},"excerpt":{"rendered":"<p>L&rsquo;IA d&rsquo;Elon Musk a quitt\u00e9 les rails l&rsquo;autre jour. Hier, le chatbot AI d&rsquo;Elon Musk, Grok AI, a commenc\u00e9 \u00e0 ins\u00e9rer des prises haineuses sur<\/p>\n","protected":false},"author":1,"featured_media":7596,"comment_status":"","ping_status":"","sticky":false,"template":"","format":"standard","meta":{"footnotes":""},"categories":[13],"tags":[3142,104,2426,7028,4699,438,734],"class_list":["post-7595","post","type-post","status-publish","format-standard","has-post-thumbnail","hentry","category-technologie","tag-atil","tag-blanc","tag-continue","tag-genocide","tag-grok","tag-parler","tag-pourquoi","generate-columns","tablet-grid-50","mobile-grid-100","grid-parent","grid-33"],"yoast_head":"<!-- This site is optimized with the Yoast SEO plugin v24.0 - https:\/\/yoast.com\/wordpress\/plugins\/seo\/ -->\n<title>Pourquoi Grok Ai de X a-t-il continu\u00e9 \u00e0 parler du \u00abg\u00e9nocide blanc\u00bb? | Vie Associative<\/title>\n<meta name=\"robots\" content=\"index, follow, max-snippet:-1, max-image-preview:large, max-video-preview:-1\" \/>\n<link rel=\"canonical\" href=\"https:\/\/vieassociative.be\/actualites\/pourquoi-grok-ai-de-x-a-t-il-continue-a-parler-du-genocide-blanc\/\" \/>\n<meta property=\"og:locale\" content=\"fr_FR\" \/>\n<meta property=\"og:type\" content=\"article\" \/>\n<meta property=\"og:title\" content=\"Pourquoi Grok Ai de X a-t-il continu\u00e9 \u00e0 parler du \u00abg\u00e9nocide blanc\u00bb? | Vie Associative\" \/>\n<meta property=\"og:description\" content=\"L&rsquo;IA d&rsquo;Elon Musk a quitt\u00e9 les rails l&rsquo;autre jour. Hier, le chatbot AI d&rsquo;Elon Musk, Grok AI, a commenc\u00e9 \u00e0 ins\u00e9rer des prises haineuses sur\" \/>\n<meta property=\"og:url\" content=\"https:\/\/vieassociative.be\/actualites\/pourquoi-grok-ai-de-x-a-t-il-continue-a-parler-du-genocide-blanc\/\" \/>\n<meta property=\"og:site_name\" content=\"Vie Associative\" \/>\n<meta property=\"article:published_time\" content=\"2025-05-16T01:18:11+00:00\" \/>\n<meta property=\"og:image\" content=\"https:\/\/vieassociative.be\/actualites\/wp-content\/uploads\/2024\/09\/header_backgroundk-01-e1726694325946.png\" \/>\n\t<meta property=\"og:image:width\" content=\"279\" \/>\n\t<meta property=\"og:image:height\" content=\"92\" \/>\n\t<meta property=\"og:image:type\" content=\"image\/png\" \/>\n<meta name=\"author\" content=\"Julien\" \/>\n<meta name=\"twitter:card\" content=\"summary_large_image\" \/>\n<meta name=\"twitter:label1\" content=\"\u00c9crit par\" \/>\n\t<meta name=\"twitter:data1\" content=\"Julien\" \/>\n\t<meta name=\"twitter:label2\" content=\"Dur\u00e9e de lecture est.\" \/>\n\t<meta name=\"twitter:data2\" content=\"5 minutes\" \/>\n<script type=\"application\/ld+json\" class=\"yoast-schema-graph\">{\"@context\":\"https:\/\/schema.org\",\"@graph\":[{\"@type\":\"Article\",\"@id\":\"https:\/\/vieassociative.be\/actualites\/pourquoi-grok-ai-de-x-a-t-il-continue-a-parler-du-genocide-blanc\/#article\",\"isPartOf\":{\"@id\":\"https:\/\/vieassociative.be\/actualites\/pourquoi-grok-ai-de-x-a-t-il-continue-a-parler-du-genocide-blanc\/\"},\"author\":{\"name\":\"Julien\",\"@id\":\"https:\/\/vieassociative.be\/actualites\/#\/schema\/person\/b87ac4f82f9d4e7b7cec7395b679edc4\"},\"headline\":\"Pourquoi Grok Ai de X a-t-il continu\u00e9 \u00e0 parler du \u00abg\u00e9nocide blanc\u00bb?\",\"datePublished\":\"2025-05-16T01:18:11+00:00\",\"dateModified\":\"2025-05-16T01:18:11+00:00\",\"mainEntityOfPage\":{\"@id\":\"https:\/\/vieassociative.be\/actualites\/pourquoi-grok-ai-de-x-a-t-il-continue-a-parler-du-genocide-blanc\/\"},\"wordCount\":997,\"publisher\":{\"@id\":\"https:\/\/vieassociative.be\/actualites\/#organization\"},\"image\":{\"@id\":\"https:\/\/vieassociative.be\/actualites\/pourquoi-grok-ai-de-x-a-t-il-continue-a-parler-du-genocide-blanc\/#primaryimage\"},\"thumbnailUrl\":\"https:\/\/vieassociative.be\/actualites\/wp-content\/uploads\/2025\/05\/Pourquoi-Grok-Ai-de-X-a-t-il-continue-a-parler-du.jpg\",\"keywords\":[\"atil\",\"blanc\",\"continue\",\"g\u00e9nocide\",\"Grok\",\"parler\",\"Pourquoi\"],\"articleSection\":[\"Technologie\"],\"inLanguage\":\"fr-BE\"},{\"@type\":\"WebPage\",\"@id\":\"https:\/\/vieassociative.be\/actualites\/pourquoi-grok-ai-de-x-a-t-il-continue-a-parler-du-genocide-blanc\/\",\"url\":\"https:\/\/vieassociative.be\/actualites\/pourquoi-grok-ai-de-x-a-t-il-continue-a-parler-du-genocide-blanc\/\",\"name\":\"Pourquoi Grok Ai de X a-t-il continu\u00e9 \u00e0 parler du \u00abg\u00e9nocide blanc\u00bb? | Vie Associative\",\"isPartOf\":{\"@id\":\"https:\/\/vieassociative.be\/actualites\/#website\"},\"primaryImageOfPage\":{\"@id\":\"https:\/\/vieassociative.be\/actualites\/pourquoi-grok-ai-de-x-a-t-il-continue-a-parler-du-genocide-blanc\/#primaryimage\"},\"image\":{\"@id\":\"https:\/\/vieassociative.be\/actualites\/pourquoi-grok-ai-de-x-a-t-il-continue-a-parler-du-genocide-blanc\/#primaryimage\"},\"thumbnailUrl\":\"https:\/\/vieassociative.be\/actualites\/wp-content\/uploads\/2025\/05\/Pourquoi-Grok-Ai-de-X-a-t-il-continue-a-parler-du.jpg\",\"datePublished\":\"2025-05-16T01:18:11+00:00\",\"dateModified\":\"2025-05-16T01:18:11+00:00\",\"breadcrumb\":{\"@id\":\"https:\/\/vieassociative.be\/actualites\/pourquoi-grok-ai-de-x-a-t-il-continue-a-parler-du-genocide-blanc\/#breadcrumb\"},\"inLanguage\":\"fr-BE\",\"potentialAction\":[{\"@type\":\"ReadAction\",\"target\":[\"https:\/\/vieassociative.be\/actualites\/pourquoi-grok-ai-de-x-a-t-il-continue-a-parler-du-genocide-blanc\/\"]}]},{\"@type\":\"ImageObject\",\"inLanguage\":\"fr-BE\",\"@id\":\"https:\/\/vieassociative.be\/actualites\/pourquoi-grok-ai-de-x-a-t-il-continue-a-parler-du-genocide-blanc\/#primaryimage\",\"url\":\"https:\/\/vieassociative.be\/actualites\/wp-content\/uploads\/2025\/05\/Pourquoi-Grok-Ai-de-X-a-t-il-continue-a-parler-du.jpg\",\"contentUrl\":\"https:\/\/vieassociative.be\/actualites\/wp-content\/uploads\/2025\/05\/Pourquoi-Grok-Ai-de-X-a-t-il-continue-a-parler-du.jpg\",\"width\":1200,\"height\":675,\"caption\":\"Pourquoi Grok Ai de X a-t-il continu\u00e9 \u00e0 parler du \u00abg\u00e9nocide blanc\u00bb?\"},{\"@type\":\"BreadcrumbList\",\"@id\":\"https:\/\/vieassociative.be\/actualites\/pourquoi-grok-ai-de-x-a-t-il-continue-a-parler-du-genocide-blanc\/#breadcrumb\",\"itemListElement\":[{\"@type\":\"ListItem\",\"position\":1,\"name\":\"Accueil\",\"item\":\"https:\/\/vieassociative.be\/actualites\/\"},{\"@type\":\"ListItem\",\"position\":2,\"name\":\"Pourquoi Grok Ai de X a-t-il continu\u00e9 \u00e0 parler du \u00abg\u00e9nocide blanc\u00bb?\"}]},{\"@type\":\"WebSite\",\"@id\":\"https:\/\/vieassociative.be\/actualites\/#website\",\"url\":\"https:\/\/vieassociative.be\/actualites\/\",\"name\":\"Vie Associative\",\"description\":\"\",\"publisher\":{\"@id\":\"https:\/\/vieassociative.be\/actualites\/#organization\"},\"potentialAction\":[{\"@type\":\"SearchAction\",\"target\":{\"@type\":\"EntryPoint\",\"urlTemplate\":\"https:\/\/vieassociative.be\/actualites\/?s={search_term_string}\"},\"query-input\":{\"@type\":\"PropertyValueSpecification\",\"valueRequired\":true,\"valueName\":\"search_term_string\"}}],\"inLanguage\":\"fr-BE\"},{\"@type\":\"Organization\",\"@id\":\"https:\/\/vieassociative.be\/actualites\/#organization\",\"name\":\"Vie Associative\",\"url\":\"https:\/\/vieassociative.be\/actualites\/\",\"logo\":{\"@type\":\"ImageObject\",\"inLanguage\":\"fr-BE\",\"@id\":\"https:\/\/vieassociative.be\/actualites\/#\/schema\/logo\/image\/\",\"url\":\"https:\/\/vieassociative.be\/actualites\/wp-content\/uploads\/2024\/09\/cropped-vieassociative_favicon.ico.png\",\"contentUrl\":\"https:\/\/vieassociative.be\/actualites\/wp-content\/uploads\/2024\/09\/cropped-vieassociative_favicon.ico.png\",\"width\":512,\"height\":512,\"caption\":\"Vie Associative\"},\"image\":{\"@id\":\"https:\/\/vieassociative.be\/actualites\/#\/schema\/logo\/image\/\"}},{\"@type\":\"Person\",\"@id\":\"https:\/\/vieassociative.be\/actualites\/#\/schema\/person\/b87ac4f82f9d4e7b7cec7395b679edc4\",\"name\":\"Julien\",\"image\":{\"@type\":\"ImageObject\",\"inLanguage\":\"fr-BE\",\"@id\":\"https:\/\/vieassociative.be\/actualites\/#\/schema\/person\/image\/\",\"url\":\"https:\/\/vieassociative.be\/actualites\/wp-content\/uploads\/2024\/09\/vie-associative-1-150x150.jpg\",\"contentUrl\":\"https:\/\/vieassociative.be\/actualites\/wp-content\/uploads\/2024\/09\/vie-associative-1-150x150.jpg\",\"caption\":\"Julien\"},\"description\":\"Je suis Julien, r\u00e9dacteur pour Vie Associative. Passionn\u00e9 par le monde associatif depuis plus de 10 ans, j'ai \u00e0 c\u0153ur de partager des histoires inspirantes et de mettre en lumi\u00e8re les initiatives locales. Mon objectif est de sensibiliser et d'encourager l'engagement communautaire \u00e0 travers mes articles.\",\"sameAs\":[\"https:\/\/vieassociative.be\/\"]}]}<\/script>\n<!-- \/ Yoast SEO plugin. -->","yoast_head_json":{"title":"Pourquoi Grok Ai de X a-t-il continu\u00e9 \u00e0 parler du \u00abg\u00e9nocide blanc\u00bb? | Vie Associative","robots":{"index":"index","follow":"follow","max-snippet":"max-snippet:-1","max-image-preview":"max-image-preview:large","max-video-preview":"max-video-preview:-1"},"canonical":"https:\/\/vieassociative.be\/actualites\/pourquoi-grok-ai-de-x-a-t-il-continue-a-parler-du-genocide-blanc\/","og_locale":"fr_FR","og_type":"article","og_title":"Pourquoi Grok Ai de X a-t-il continu\u00e9 \u00e0 parler du \u00abg\u00e9nocide blanc\u00bb? | Vie Associative","og_description":"L&rsquo;IA d&rsquo;Elon Musk a quitt\u00e9 les rails l&rsquo;autre jour. Hier, le chatbot AI d&rsquo;Elon Musk, Grok AI, a commenc\u00e9 \u00e0 ins\u00e9rer des prises haineuses sur","og_url":"https:\/\/vieassociative.be\/actualites\/pourquoi-grok-ai-de-x-a-t-il-continue-a-parler-du-genocide-blanc\/","og_site_name":"Vie Associative","article_published_time":"2025-05-16T01:18:11+00:00","og_image":[{"width":279,"height":92,"url":"https:\/\/vieassociative.be\/actualites\/wp-content\/uploads\/2024\/09\/header_backgroundk-01-e1726694325946.png","type":"image\/png"}],"author":"Julien","twitter_card":"summary_large_image","twitter_misc":{"\u00c9crit par":"Julien","Dur\u00e9e de lecture est.":"5 minutes"},"schema":{"@context":"https:\/\/schema.org","@graph":[{"@type":"Article","@id":"https:\/\/vieassociative.be\/actualites\/pourquoi-grok-ai-de-x-a-t-il-continue-a-parler-du-genocide-blanc\/#article","isPartOf":{"@id":"https:\/\/vieassociative.be\/actualites\/pourquoi-grok-ai-de-x-a-t-il-continue-a-parler-du-genocide-blanc\/"},"author":{"name":"Julien","@id":"https:\/\/vieassociative.be\/actualites\/#\/schema\/person\/b87ac4f82f9d4e7b7cec7395b679edc4"},"headline":"Pourquoi Grok Ai de X a-t-il continu\u00e9 \u00e0 parler du \u00abg\u00e9nocide blanc\u00bb?","datePublished":"2025-05-16T01:18:11+00:00","dateModified":"2025-05-16T01:18:11+00:00","mainEntityOfPage":{"@id":"https:\/\/vieassociative.be\/actualites\/pourquoi-grok-ai-de-x-a-t-il-continue-a-parler-du-genocide-blanc\/"},"wordCount":997,"publisher":{"@id":"https:\/\/vieassociative.be\/actualites\/#organization"},"image":{"@id":"https:\/\/vieassociative.be\/actualites\/pourquoi-grok-ai-de-x-a-t-il-continue-a-parler-du-genocide-blanc\/#primaryimage"},"thumbnailUrl":"https:\/\/vieassociative.be\/actualites\/wp-content\/uploads\/2025\/05\/Pourquoi-Grok-Ai-de-X-a-t-il-continue-a-parler-du.jpg","keywords":["atil","blanc","continue","g\u00e9nocide","Grok","parler","Pourquoi"],"articleSection":["Technologie"],"inLanguage":"fr-BE"},{"@type":"WebPage","@id":"https:\/\/vieassociative.be\/actualites\/pourquoi-grok-ai-de-x-a-t-il-continue-a-parler-du-genocide-blanc\/","url":"https:\/\/vieassociative.be\/actualites\/pourquoi-grok-ai-de-x-a-t-il-continue-a-parler-du-genocide-blanc\/","name":"Pourquoi Grok Ai de X a-t-il continu\u00e9 \u00e0 parler du \u00abg\u00e9nocide blanc\u00bb? | Vie Associative","isPartOf":{"@id":"https:\/\/vieassociative.be\/actualites\/#website"},"primaryImageOfPage":{"@id":"https:\/\/vieassociative.be\/actualites\/pourquoi-grok-ai-de-x-a-t-il-continue-a-parler-du-genocide-blanc\/#primaryimage"},"image":{"@id":"https:\/\/vieassociative.be\/actualites\/pourquoi-grok-ai-de-x-a-t-il-continue-a-parler-du-genocide-blanc\/#primaryimage"},"thumbnailUrl":"https:\/\/vieassociative.be\/actualites\/wp-content\/uploads\/2025\/05\/Pourquoi-Grok-Ai-de-X-a-t-il-continue-a-parler-du.jpg","datePublished":"2025-05-16T01:18:11+00:00","dateModified":"2025-05-16T01:18:11+00:00","breadcrumb":{"@id":"https:\/\/vieassociative.be\/actualites\/pourquoi-grok-ai-de-x-a-t-il-continue-a-parler-du-genocide-blanc\/#breadcrumb"},"inLanguage":"fr-BE","potentialAction":[{"@type":"ReadAction","target":["https:\/\/vieassociative.be\/actualites\/pourquoi-grok-ai-de-x-a-t-il-continue-a-parler-du-genocide-blanc\/"]}]},{"@type":"ImageObject","inLanguage":"fr-BE","@id":"https:\/\/vieassociative.be\/actualites\/pourquoi-grok-ai-de-x-a-t-il-continue-a-parler-du-genocide-blanc\/#primaryimage","url":"https:\/\/vieassociative.be\/actualites\/wp-content\/uploads\/2025\/05\/Pourquoi-Grok-Ai-de-X-a-t-il-continue-a-parler-du.jpg","contentUrl":"https:\/\/vieassociative.be\/actualites\/wp-content\/uploads\/2025\/05\/Pourquoi-Grok-Ai-de-X-a-t-il-continue-a-parler-du.jpg","width":1200,"height":675,"caption":"Pourquoi Grok Ai de X a-t-il continu\u00e9 \u00e0 parler du \u00abg\u00e9nocide blanc\u00bb?"},{"@type":"BreadcrumbList","@id":"https:\/\/vieassociative.be\/actualites\/pourquoi-grok-ai-de-x-a-t-il-continue-a-parler-du-genocide-blanc\/#breadcrumb","itemListElement":[{"@type":"ListItem","position":1,"name":"Accueil","item":"https:\/\/vieassociative.be\/actualites\/"},{"@type":"ListItem","position":2,"name":"Pourquoi Grok Ai de X a-t-il continu\u00e9 \u00e0 parler du \u00abg\u00e9nocide blanc\u00bb?"}]},{"@type":"WebSite","@id":"https:\/\/vieassociative.be\/actualites\/#website","url":"https:\/\/vieassociative.be\/actualites\/","name":"Vie Associative","description":"","publisher":{"@id":"https:\/\/vieassociative.be\/actualites\/#organization"},"potentialAction":[{"@type":"SearchAction","target":{"@type":"EntryPoint","urlTemplate":"https:\/\/vieassociative.be\/actualites\/?s={search_term_string}"},"query-input":{"@type":"PropertyValueSpecification","valueRequired":true,"valueName":"search_term_string"}}],"inLanguage":"fr-BE"},{"@type":"Organization","@id":"https:\/\/vieassociative.be\/actualites\/#organization","name":"Vie Associative","url":"https:\/\/vieassociative.be\/actualites\/","logo":{"@type":"ImageObject","inLanguage":"fr-BE","@id":"https:\/\/vieassociative.be\/actualites\/#\/schema\/logo\/image\/","url":"https:\/\/vieassociative.be\/actualites\/wp-content\/uploads\/2024\/09\/cropped-vieassociative_favicon.ico.png","contentUrl":"https:\/\/vieassociative.be\/actualites\/wp-content\/uploads\/2024\/09\/cropped-vieassociative_favicon.ico.png","width":512,"height":512,"caption":"Vie Associative"},"image":{"@id":"https:\/\/vieassociative.be\/actualites\/#\/schema\/logo\/image\/"}},{"@type":"Person","@id":"https:\/\/vieassociative.be\/actualites\/#\/schema\/person\/b87ac4f82f9d4e7b7cec7395b679edc4","name":"Julien","image":{"@type":"ImageObject","inLanguage":"fr-BE","@id":"https:\/\/vieassociative.be\/actualites\/#\/schema\/person\/image\/","url":"https:\/\/vieassociative.be\/actualites\/wp-content\/uploads\/2024\/09\/vie-associative-1-150x150.jpg","contentUrl":"https:\/\/vieassociative.be\/actualites\/wp-content\/uploads\/2024\/09\/vie-associative-1-150x150.jpg","caption":"Julien"},"description":"Je suis Julien, r\u00e9dacteur pour Vie Associative. Passionn\u00e9 par le monde associatif depuis plus de 10 ans, j'ai \u00e0 c\u0153ur de partager des histoires inspirantes et de mettre en lumi\u00e8re les initiatives locales. Mon objectif est de sensibiliser et d'encourager l'engagement communautaire \u00e0 travers mes articles.","sameAs":["https:\/\/vieassociative.be\/"]}]}},"_links":{"self":[{"href":"https:\/\/vieassociative.be\/actualites\/wp-json\/wp\/v2\/posts\/7595"}],"collection":[{"href":"https:\/\/vieassociative.be\/actualites\/wp-json\/wp\/v2\/posts"}],"about":[{"href":"https:\/\/vieassociative.be\/actualites\/wp-json\/wp\/v2\/types\/post"}],"author":[{"embeddable":true,"href":"https:\/\/vieassociative.be\/actualites\/wp-json\/wp\/v2\/users\/1"}],"replies":[{"embeddable":true,"href":"https:\/\/vieassociative.be\/actualites\/wp-json\/wp\/v2\/comments?post=7595"}],"version-history":[{"count":0,"href":"https:\/\/vieassociative.be\/actualites\/wp-json\/wp\/v2\/posts\/7595\/revisions"}],"wp:featuredmedia":[{"embeddable":true,"href":"https:\/\/vieassociative.be\/actualites\/wp-json\/wp\/v2\/media\/7596"}],"wp:attachment":[{"href":"https:\/\/vieassociative.be\/actualites\/wp-json\/wp\/v2\/media?parent=7595"}],"wp:term":[{"taxonomy":"category","embeddable":true,"href":"https:\/\/vieassociative.be\/actualites\/wp-json\/wp\/v2\/categories?post=7595"},{"taxonomy":"post_tag","embeddable":true,"href":"https:\/\/vieassociative.be\/actualites\/wp-json\/wp\/v2\/tags?post=7595"}],"curies":[{"name":"wp","href":"https:\/\/api.w.org\/{rel}","templated":true}]}}