{"id":7593,"date":"2025-05-15T22:17:46","date_gmt":"2025-05-15T20:17:46","guid":{"rendered":"https:\/\/vieassociative.be\/actualites\/photos-du-rallye-notre-maison-est-coloree-ensemble-contre-la-haine-dans-eupen-galerie-de-photos\/"},"modified":"2025-05-15T22:17:46","modified_gmt":"2025-05-15T20:17:46","slug":"photos-du-rallye-notre-maison-est-coloree-ensemble-contre-la-haine-dans-eupen-galerie-de-photos","status":"publish","type":"post","link":"https:\/\/vieassociative.be\/actualites\/photos-du-rallye-notre-maison-est-coloree-ensemble-contre-la-haine-dans-eupen-galerie-de-photos\/","title":{"rendered":"Photos du rallye \u00ab\u00a0Notre maison est color\u00e9e &#8211; ensemble contre la haine\u00a0\u00bb dans Eupen (galerie de photos)"},"content":{"rendered":"<p><strong>Le jeudi 15 mai, quelques jours seulement apr\u00e8s la journ\u00e9e du souvenir \u00e0 80 ans de capitulation de l&rsquo;Allemagne nazie, partag\u00e9e les uns avec les autres, la loupe et le Quarter House Cardijn invit\u00e9 \u00e0 un rassemblement \u00ab\u00a0ensemble contre la haine\u00a0\u00bb. Pour \u00abl&rsquo;est de la Belgique directement\u00bb, le photographe Patrick von Staufenberg \u00e9tait sur place. Voici ses photos.<\/strong><\/p>\n<p><span id=\"more-415551\"><\/span>Il y a quelques semaines, des autocollants et des taches avec un contenu extr\u00e9miste clair \u00e0 droite sont apparus dans Eupen. En cons\u00e9quence, les groupes politiques du conseil municipal se sont clairement plac\u00e9s contre l&rsquo;extr\u00e9misme \u00e0 droite et l&rsquo;Institut pour l&rsquo;\u00e9ducation de la d\u00e9mocratie a fait une lettre ouverte. <\/p>\n<\/p>\n<div id=\"attachment_415607\" class=\"wp-caption alignleft\" style=\"max-width: 300px\"><img fetchpriority=\"high\" decoding=\"async\" class=\"wp-image-415607 size-medium\" src=\"https:\/\/vieassociative.be\/actualites\/wp-content\/uploads\/2025\/05\/Photos-du-rallye-Notre-maison-est-coloree-ensemble-contre.jpg\" alt=\"\" width=\"300\" height=\"201\"  ><\/p>\n<p class=\"wp-caption-text\">Photo: Patrick von Staufenberg<\/p>\n<\/div>\n<p>Cela ne doit pas \u00eatre fait, mais d&rsquo;autres personnages doivent \u00eatre d\u00e9finis et la voix contre l&rsquo;extr\u00e9misme \u00e0 droite doit \u00eatre entendue.<\/p>\n<p>Le point de rencontre \u00e9tait \u00e0 17h30. sur le carr\u00e9 sur le clown \u00e0 Eupen. Le rassemblement s&rsquo;est termin\u00e9 \u00e0 la mairie. <\/p>\n<p>Selon notre photographe Patrick von Staufenberg, 100 \u00e0 150 personnes ont particip\u00e9 \u00e0 la d\u00e9mo, a rapport\u00e9 jeudi soir la fronti\u00e8re de \u00ab\u00a0plus de 100 Eupern\u00a0\u00bb.<\/p>\n<p><em><strong>Vous trouverez ci-dessous une galerie de photos avec des photos du photographe Patrick von Staufenberg du rallye \u00ab\u00a0Together Against Hass\u00a0\u00bb jeudi \u00e0 Eupen (cliquez pour l&rsquo;\u00e9largissement):<\/strong><\/em><\/p>\n<div class=\"wp-gallery row\">\n<figure class=\"column small-6 medium-3 end\"><img decoding=\"async\" src=\"https:\/\/vieassociative.be\/actualites\/wp-content\/uploads\/2025\/05\/1747340264_864_Photos-du-rallye-Notre-maison-est-coloree-ensemble-contre.jpg\" width=\"159\" height=\"159\" alt=\"\"><\/figure>\n<figure class=\"column small-6 medium-3 end\"><img decoding=\"async\" src=\"https:\/\/vieassociative.be\/actualites\/wp-content\/uploads\/2025\/05\/1747340264_959_Photos-du-rallye-Notre-maison-est-coloree-ensemble-contre.jpg\" width=\"159\" height=\"159\" alt=\"\"><\/figure>\n<figure class=\"column small-6 medium-3 end\"><img loading=\"lazy\" decoding=\"async\" src=\"https:\/\/vieassociative.be\/actualites\/wp-content\/uploads\/2025\/05\/1747340264_331_Photos-du-rallye-Notre-maison-est-coloree-ensemble-contre.jpg\" width=\"159\" height=\"159\" alt=\"\"><\/figure>\n<figure class=\"column small-6 medium-3 end\"><img loading=\"lazy\" decoding=\"async\" src=\"https:\/\/vieassociative.be\/actualites\/wp-content\/uploads\/2025\/05\/1747340264_293_Photos-du-rallye-Notre-maison-est-coloree-ensemble-contre.jpg\" width=\"159\" height=\"159\" alt=\"\"><\/figure>\n<figure class=\"column small-6 medium-3 end\"><img loading=\"lazy\" decoding=\"async\" src=\"https:\/\/vieassociative.be\/actualites\/wp-content\/uploads\/2025\/05\/1747340264_796_Photos-du-rallye-Notre-maison-est-coloree-ensemble-contre.jpg\" width=\"159\" height=\"159\" alt=\"\"><\/figure>\n<figure class=\"column small-6 medium-3 end\"><img loading=\"lazy\" decoding=\"async\" src=\"https:\/\/vieassociative.be\/actualites\/wp-content\/uploads\/2025\/05\/1747340264_202_Photos-du-rallye-Notre-maison-est-coloree-ensemble-contre.jpg\" width=\"159\" height=\"159\" alt=\"\"><\/figure>\n<figure class=\"column small-6 medium-3 end\"><img loading=\"lazy\" decoding=\"async\" src=\"https:\/\/vieassociative.be\/actualites\/wp-content\/uploads\/2025\/05\/1747340265_243_Photos-du-rallye-Notre-maison-est-coloree-ensemble-contre.jpg\" width=\"159\" height=\"159\" alt=\"\"><\/figure>\n<figure class=\"column small-6 medium-3 end\"><img loading=\"lazy\" decoding=\"async\" src=\"https:\/\/vieassociative.be\/actualites\/wp-content\/uploads\/2025\/05\/1747340265_888_Photos-du-rallye-Notre-maison-est-coloree-ensemble-contre.jpg\" width=\"159\" height=\"159\" alt=\"\"><\/figure>\n<figure class=\"column small-6 medium-3 end\"><img loading=\"lazy\" decoding=\"async\" src=\"https:\/\/vieassociative.be\/actualites\/wp-content\/uploads\/2025\/05\/1747340265_126_Photos-du-rallye-Notre-maison-est-coloree-ensemble-contre.jpg\" width=\"159\" height=\"159\" alt=\"\"><\/figure>\n<figure class=\"column small-6 medium-3 end\"><img loading=\"lazy\" decoding=\"async\" src=\"https:\/\/vieassociative.be\/actualites\/wp-content\/uploads\/2025\/05\/1747340265_821_Photos-du-rallye-Notre-maison-est-coloree-ensemble-contre.jpg\" width=\"159\" height=\"159\" alt=\"\"><\/figure>\n<figure class=\"column small-6 medium-3 end\"><img loading=\"lazy\" decoding=\"async\" src=\"https:\/\/vieassociative.be\/actualites\/wp-content\/uploads\/2025\/05\/1747340265_625_Photos-du-rallye-Notre-maison-est-coloree-ensemble-contre.jpg\" width=\"159\" height=\"159\" alt=\"\"><\/figure>\n<figure class=\"column small-6 medium-3 end\"><img loading=\"lazy\" decoding=\"async\" src=\"https:\/\/vieassociative.be\/actualites\/wp-content\/uploads\/2025\/05\/1747340265_744_Photos-du-rallye-Notre-maison-est-coloree-ensemble-contre.jpg\" width=\"159\" height=\"159\" alt=\"\"><\/figure>\n<figure class=\"column small-6 medium-3 end\"><img loading=\"lazy\" decoding=\"async\" src=\"https:\/\/vieassociative.be\/actualites\/wp-content\/uploads\/2025\/05\/1747340265_490_Photos-du-rallye-Notre-maison-est-coloree-ensemble-contre.jpg\" width=\"159\" height=\"159\" alt=\"\"><\/figure>\n<figure class=\"column small-6 medium-3 end\"><img loading=\"lazy\" decoding=\"async\" src=\"https:\/\/vieassociative.be\/actualites\/wp-content\/uploads\/2025\/05\/1747340265_32_Photos-du-rallye-Notre-maison-est-coloree-ensemble-contre.jpg\" width=\"159\" height=\"159\" alt=\"\"><\/figure>\n<figure class=\"column small-6 medium-3 end\"><img loading=\"lazy\" decoding=\"async\" src=\"https:\/\/vieassociative.be\/actualites\/wp-content\/uploads\/2025\/05\/1747340265_721_Photos-du-rallye-Notre-maison-est-coloree-ensemble-contre.jpg\" width=\"159\" height=\"159\" alt=\"\"><\/figure>\n<figure class=\"column small-6 medium-3 end\"><img loading=\"lazy\" decoding=\"async\" src=\"https:\/\/vieassociative.be\/actualites\/wp-content\/uploads\/2025\/05\/1747340265_695_Photos-du-rallye-Notre-maison-est-coloree-ensemble-contre.jpg\" width=\"159\" height=\"159\" alt=\"\"><\/figure>\n<figure class=\"column small-6 medium-3 end\"><img loading=\"lazy\" decoding=\"async\" src=\"https:\/\/vieassociative.be\/actualites\/wp-content\/uploads\/2025\/05\/1747340265_267_Photos-du-rallye-Notre-maison-est-coloree-ensemble-contre.jpg\" width=\"159\" height=\"159\" alt=\"\"><\/figure>\n<figure class=\"column small-6 medium-3 end\"><img loading=\"lazy\" decoding=\"async\" src=\"https:\/\/vieassociative.be\/actualites\/wp-content\/uploads\/2025\/05\/1747340265_341_Photos-du-rallye-Notre-maison-est-coloree-ensemble-contre.jpg\" width=\"159\" height=\"159\" alt=\"\"><\/figure>\n<figure class=\"column small-6 medium-3 end\"><img loading=\"lazy\" decoding=\"async\" src=\"https:\/\/vieassociative.be\/actualites\/wp-content\/uploads\/2025\/05\/1747340265_42_Photos-du-rallye-Notre-maison-est-coloree-ensemble-contre.jpg\" width=\"159\" height=\"159\" alt=\"\"><\/figure>\n<figure class=\"column small-6 medium-3 end\"><img loading=\"lazy\" decoding=\"async\" src=\"https:\/\/vieassociative.be\/actualites\/wp-content\/uploads\/2025\/05\/1747340265_940_Photos-du-rallye-Notre-maison-est-coloree-ensemble-contre.jpg\" width=\"159\" height=\"159\" alt=\"\"><\/figure>\n<figure class=\"column small-6 medium-3 end\"><img loading=\"lazy\" decoding=\"async\" src=\"https:\/\/vieassociative.be\/actualites\/wp-content\/uploads\/2025\/05\/1747340265_577_Photos-du-rallye-Notre-maison-est-coloree-ensemble-contre.jpg\" width=\"159\" height=\"159\" alt=\"\"><\/figure>\n<figure class=\"column small-6 medium-3 end\"><img loading=\"lazy\" decoding=\"async\" src=\"https:\/\/vieassociative.be\/actualites\/wp-content\/uploads\/2025\/05\/1747340265_704_Photos-du-rallye-Notre-maison-est-coloree-ensemble-contre.jpg\" width=\"159\" height=\"159\" alt=\"\"><\/figure>\n<figure class=\"column small-6 medium-3 end\"><img loading=\"lazy\" decoding=\"async\" src=\"https:\/\/vieassociative.be\/actualites\/wp-content\/uploads\/2025\/05\/1747340265_778_Photos-du-rallye-Notre-maison-est-coloree-ensemble-contre.jpg\" width=\"159\" height=\"159\" alt=\"\"><\/figure>\n<figure class=\"column small-6 medium-3 end\"><img loading=\"lazy\" decoding=\"async\" src=\"https:\/\/vieassociative.be\/actualites\/wp-content\/uploads\/2025\/05\/1747340265_898_Photos-du-rallye-Notre-maison-est-coloree-ensemble-contre.jpg\" width=\"159\" height=\"159\" alt=\"\"><\/figure>\n<figure class=\"column small-6 medium-3 end\"><img loading=\"lazy\" decoding=\"async\" src=\"https:\/\/vieassociative.be\/actualites\/wp-content\/uploads\/2025\/05\/1747340265_635_Photos-du-rallye-Notre-maison-est-coloree-ensemble-contre.jpg\" width=\"159\" height=\"159\" alt=\"\"><\/figure>\n<figure class=\"column small-6 medium-3 end\"><img loading=\"lazy\" decoding=\"async\" src=\"https:\/\/vieassociative.be\/actualites\/wp-content\/uploads\/2025\/05\/1747340265_479_Photos-du-rallye-Notre-maison-est-coloree-ensemble-contre.jpg\" width=\"159\" height=\"159\" alt=\"\"><\/figure>\n<figure class=\"column small-6 medium-3 end\"><img loading=\"lazy\" decoding=\"async\" src=\"https:\/\/vieassociative.be\/actualites\/wp-content\/uploads\/2025\/05\/1747340265_641_Photos-du-rallye-Notre-maison-est-coloree-ensemble-contre.jpg\" width=\"159\" height=\"159\" alt=\"\"><\/figure>\n<figure class=\"column small-6 medium-3 end\"><img loading=\"lazy\" decoding=\"async\" src=\"https:\/\/vieassociative.be\/actualites\/wp-content\/uploads\/2025\/05\/1747340265_165_Photos-du-rallye-Notre-maison-est-coloree-ensemble-contre.jpg\" width=\"159\" height=\"159\" alt=\"\"><\/figure>\n<figure class=\"column small-6 medium-3 end\"><img loading=\"lazy\" decoding=\"async\" src=\"https:\/\/vieassociative.be\/actualites\/wp-content\/uploads\/2025\/05\/1747340265_370_Photos-du-rallye-Notre-maison-est-coloree-ensemble-contre.jpg\" width=\"159\" height=\"159\" alt=\"\"><\/figure>\n<figure class=\"column small-6 medium-3 end\"><img loading=\"lazy\" decoding=\"async\" src=\"https:\/\/vieassociative.be\/actualites\/wp-content\/uploads\/2025\/05\/1747340265_657_Photos-du-rallye-Notre-maison-est-coloree-ensemble-contre.jpg\" width=\"159\" height=\"159\" alt=\"\"><\/figure>\n<figure class=\"column small-6 medium-3 end\"><img loading=\"lazy\" decoding=\"async\" src=\"https:\/\/vieassociative.be\/actualites\/wp-content\/uploads\/2025\/05\/1747340265_103_Photos-du-rallye-Notre-maison-est-coloree-ensemble-contre.jpg\" width=\"159\" height=\"159\" alt=\"\"><\/figure>\n<figure class=\"column small-6 medium-3 end\"><img loading=\"lazy\" decoding=\"async\" src=\"https:\/\/vieassociative.be\/actualites\/wp-content\/uploads\/2025\/05\/1747340265_894_Photos-du-rallye-Notre-maison-est-coloree-ensemble-contre.jpg\" width=\"159\" height=\"159\" alt=\"\"><\/figure>\n<figure class=\"column small-6 medium-3 end\"><img loading=\"lazy\" decoding=\"async\" src=\"https:\/\/vieassociative.be\/actualites\/wp-content\/uploads\/2025\/05\/1747340266_671_Photos-du-rallye-Notre-maison-est-coloree-ensemble-contre.jpg\" width=\"159\" height=\"159\" alt=\"\"><\/figure>\n<figure class=\"column small-6 medium-3 end\"><img loading=\"lazy\" decoding=\"async\" src=\"https:\/\/vieassociative.be\/actualites\/wp-content\/uploads\/2025\/05\/1747340266_349_Photos-du-rallye-Notre-maison-est-coloree-ensemble-contre.jpg\" width=\"159\" height=\"159\" alt=\"\"><\/figure>\n<figure class=\"column small-6 medium-3 end\"><img loading=\"lazy\" decoding=\"async\" src=\"https:\/\/vieassociative.be\/actualites\/wp-content\/uploads\/2025\/05\/1747340266_185_Photos-du-rallye-Notre-maison-est-coloree-ensemble-contre.jpg\" width=\"159\" height=\"159\" alt=\"\"><\/figure>\n<figure class=\"column small-6 medium-3 end\"><img loading=\"lazy\" decoding=\"async\" src=\"https:\/\/vieassociative.be\/actualites\/wp-content\/uploads\/2025\/05\/1747340266_695_Photos-du-rallye-Notre-maison-est-coloree-ensemble-contre.jpg\" width=\"159\" height=\"159\" alt=\"\"><\/figure>\n<figure class=\"column small-6 medium-3 end\"><img loading=\"lazy\" decoding=\"async\" src=\"https:\/\/vieassociative.be\/actualites\/wp-content\/uploads\/2025\/05\/1747340266_217_Photos-du-rallye-Notre-maison-est-coloree-ensemble-contre.jpg\" width=\"159\" height=\"159\" alt=\"\"><\/figure>\n<figure class=\"column small-6 medium-3 end\"><img loading=\"lazy\" decoding=\"async\" src=\"https:\/\/vieassociative.be\/actualites\/wp-content\/uploads\/2025\/05\/1747340266_120_Photos-du-rallye-Notre-maison-est-coloree-ensemble-contre.jpg\" width=\"159\" height=\"159\" alt=\"\"><\/figure>\n<figure class=\"column small-6 medium-3 end\"><img loading=\"lazy\" decoding=\"async\" src=\"https:\/\/vieassociative.be\/actualites\/wp-content\/uploads\/2025\/05\/1747340266_786_Photos-du-rallye-Notre-maison-est-coloree-ensemble-contre.jpg\" width=\"159\" height=\"159\" alt=\"\"><\/figure>\n<figure class=\"column small-6 medium-3 end\"><img loading=\"lazy\" decoding=\"async\" src=\"https:\/\/vieassociative.be\/actualites\/wp-content\/uploads\/2025\/05\/1747340266_208_Photos-du-rallye-Notre-maison-est-coloree-ensemble-contre.jpg\" width=\"159\" height=\"159\" alt=\"\"><\/figure>\n<figure class=\"column small-6 medium-3 end\"><img loading=\"lazy\" decoding=\"async\" src=\"https:\/\/vieassociative.be\/actualites\/wp-content\/uploads\/2025\/05\/1747340266_843_Photos-du-rallye-Notre-maison-est-coloree-ensemble-contre.jpg\" width=\"159\" height=\"159\" alt=\"\"><\/figure>\n<figure class=\"column small-6 medium-3 end\"><img loading=\"lazy\" decoding=\"async\" src=\"https:\/\/vieassociative.be\/actualites\/wp-content\/uploads\/2025\/05\/1747340266_827_Photos-du-rallye-Notre-maison-est-coloree-ensemble-contre.jpg\" width=\"159\" height=\"159\" alt=\"\"><\/figure>\n<figure class=\"column small-6 medium-3 end\"><img loading=\"lazy\" decoding=\"async\" src=\"https:\/\/vieassociative.be\/actualites\/wp-content\/uploads\/2025\/05\/1747340266_840_Photos-du-rallye-Notre-maison-est-coloree-ensemble-contre.jpg\" width=\"159\" height=\"159\" alt=\"\"><\/figure>\n<figure class=\"column small-6 medium-3 end\"><img loading=\"lazy\" decoding=\"async\" src=\"https:\/\/vieassociative.be\/actualites\/wp-content\/uploads\/2025\/05\/1747340266_653_Photos-du-rallye-Notre-maison-est-coloree-ensemble-contre.jpg\" width=\"159\" height=\"159\" alt=\"\"><\/figure>\n<\/div>\n","protected":false},"excerpt":{"rendered":"<p>Le jeudi 15 mai, quelques jours seulement apr\u00e8s la journ\u00e9e du souvenir \u00e0 80 ans de capitulation de l&rsquo;Allemagne nazie, partag\u00e9e les uns avec les<\/p>\n","protected":false},"author":1,"featured_media":7594,"comment_status":"","ping_status":"","sticky":false,"template":"","format":"standard","meta":{"footnotes":""},"categories":[298],"tags":[7026,796,166,1921,76,2329,3257,7027,560,609,283,7025],"class_list":["post-7593","post","type-post","status-publish","format-standard","has-post-thumbnail","hentry","category-belgique","tag-coloree","tag-contre","tag-dans","tag-ensemble","tag-est","tag-eupen","tag-galerie","tag-haine","tag-maison","tag-notre","tag-photos","tag-rallye","generate-columns","tablet-grid-50","mobile-grid-100","grid-parent","grid-33"],"yoast_head":"<!-- This site is optimized with the Yoast SEO plugin v24.0 - https:\/\/yoast.com\/wordpress\/plugins\/seo\/ -->\n<title>Photos du rallye &quot;Notre maison est color\u00e9e - ensemble contre la haine&quot; dans Eupen (galerie de photos) | Vie Associative<\/title>\n<meta name=\"robots\" content=\"index, follow, max-snippet:-1, max-image-preview:large, max-video-preview:-1\" \/>\n<link rel=\"canonical\" href=\"https:\/\/vieassociative.be\/actualites\/photos-du-rallye-notre-maison-est-coloree-ensemble-contre-la-haine-dans-eupen-galerie-de-photos\/\" \/>\n<meta property=\"og:locale\" content=\"fr_FR\" \/>\n<meta property=\"og:type\" content=\"article\" \/>\n<meta property=\"og:title\" content=\"Photos du rallye &quot;Notre maison est color\u00e9e - ensemble contre la haine&quot; dans Eupen (galerie de photos) | Vie Associative\" \/>\n<meta property=\"og:description\" content=\"Le jeudi 15 mai, quelques jours seulement apr\u00e8s la journ\u00e9e du souvenir \u00e0 80 ans de capitulation de l&rsquo;Allemagne nazie, partag\u00e9e les uns avec les\" \/>\n<meta property=\"og:url\" content=\"https:\/\/vieassociative.be\/actualites\/photos-du-rallye-notre-maison-est-coloree-ensemble-contre-la-haine-dans-eupen-galerie-de-photos\/\" \/>\n<meta property=\"og:site_name\" content=\"Vie Associative\" \/>\n<meta property=\"article:published_time\" content=\"2025-05-15T20:17:46+00:00\" \/>\n<meta property=\"og:image\" content=\"https:\/\/vieassociative.be\/actualites\/wp-content\/uploads\/2024\/09\/header_backgroundk-01-e1726694325946.png\" \/>\n\t<meta property=\"og:image:width\" content=\"279\" \/>\n\t<meta property=\"og:image:height\" content=\"92\" \/>\n\t<meta property=\"og:image:type\" content=\"image\/png\" \/>\n<meta name=\"author\" content=\"Julien\" \/>\n<meta name=\"twitter:card\" content=\"summary_large_image\" \/>\n<meta name=\"twitter:label1\" content=\"\u00c9crit par\" \/>\n\t<meta name=\"twitter:data1\" content=\"Julien\" \/>\n\t<meta name=\"twitter:label2\" content=\"Dur\u00e9e de lecture est.\" \/>\n\t<meta name=\"twitter:data2\" content=\"1 minute\" \/>\n<script type=\"application\/ld+json\" class=\"yoast-schema-graph\">{\"@context\":\"https:\/\/schema.org\",\"@graph\":[{\"@type\":\"Article\",\"@id\":\"https:\/\/vieassociative.be\/actualites\/photos-du-rallye-notre-maison-est-coloree-ensemble-contre-la-haine-dans-eupen-galerie-de-photos\/#article\",\"isPartOf\":{\"@id\":\"https:\/\/vieassociative.be\/actualites\/photos-du-rallye-notre-maison-est-coloree-ensemble-contre-la-haine-dans-eupen-galerie-de-photos\/\"},\"author\":{\"name\":\"Julien\",\"@id\":\"https:\/\/vieassociative.be\/actualites\/#\/schema\/person\/b87ac4f82f9d4e7b7cec7395b679edc4\"},\"headline\":\"Photos du rallye \u00ab\u00a0Notre maison est color\u00e9e &#8211; ensemble contre la haine\u00a0\u00bb dans Eupen (galerie de photos)\",\"datePublished\":\"2025-05-15T20:17:46+00:00\",\"dateModified\":\"2025-05-15T20:17:46+00:00\",\"mainEntityOfPage\":{\"@id\":\"https:\/\/vieassociative.be\/actualites\/photos-du-rallye-notre-maison-est-coloree-ensemble-contre-la-haine-dans-eupen-galerie-de-photos\/\"},\"wordCount\":230,\"publisher\":{\"@id\":\"https:\/\/vieassociative.be\/actualites\/#organization\"},\"image\":{\"@id\":\"https:\/\/vieassociative.be\/actualites\/photos-du-rallye-notre-maison-est-coloree-ensemble-contre-la-haine-dans-eupen-galerie-de-photos\/#primaryimage\"},\"thumbnailUrl\":\"https:\/\/vieassociative.be\/actualites\/wp-content\/uploads\/2025\/05\/1747340267_Photos-du-rallye-Notre-maison-est-coloree-ensemble-contre.jpg\",\"keywords\":[\"color\u00e9e\",\"contre\",\"dans\",\"ensemble\",\"est\",\"Eupen\",\"galerie\",\"haine\",\"maison\",\"notre\",\"Photos\",\"rallye\"],\"articleSection\":[\"Belgique\"],\"inLanguage\":\"fr-BE\"},{\"@type\":\"WebPage\",\"@id\":\"https:\/\/vieassociative.be\/actualites\/photos-du-rallye-notre-maison-est-coloree-ensemble-contre-la-haine-dans-eupen-galerie-de-photos\/\",\"url\":\"https:\/\/vieassociative.be\/actualites\/photos-du-rallye-notre-maison-est-coloree-ensemble-contre-la-haine-dans-eupen-galerie-de-photos\/\",\"name\":\"Photos du rallye \\\"Notre maison est color\u00e9e - ensemble contre la haine\\\" dans Eupen (galerie de photos) | Vie Associative\",\"isPartOf\":{\"@id\":\"https:\/\/vieassociative.be\/actualites\/#website\"},\"primaryImageOfPage\":{\"@id\":\"https:\/\/vieassociative.be\/actualites\/photos-du-rallye-notre-maison-est-coloree-ensemble-contre-la-haine-dans-eupen-galerie-de-photos\/#primaryimage\"},\"image\":{\"@id\":\"https:\/\/vieassociative.be\/actualites\/photos-du-rallye-notre-maison-est-coloree-ensemble-contre-la-haine-dans-eupen-galerie-de-photos\/#primaryimage\"},\"thumbnailUrl\":\"https:\/\/vieassociative.be\/actualites\/wp-content\/uploads\/2025\/05\/1747340267_Photos-du-rallye-Notre-maison-est-coloree-ensemble-contre.jpg\",\"datePublished\":\"2025-05-15T20:17:46+00:00\",\"dateModified\":\"2025-05-15T20:17:46+00:00\",\"breadcrumb\":{\"@id\":\"https:\/\/vieassociative.be\/actualites\/photos-du-rallye-notre-maison-est-coloree-ensemble-contre-la-haine-dans-eupen-galerie-de-photos\/#breadcrumb\"},\"inLanguage\":\"fr-BE\",\"potentialAction\":[{\"@type\":\"ReadAction\",\"target\":[\"https:\/\/vieassociative.be\/actualites\/photos-du-rallye-notre-maison-est-coloree-ensemble-contre-la-haine-dans-eupen-galerie-de-photos\/\"]}]},{\"@type\":\"ImageObject\",\"inLanguage\":\"fr-BE\",\"@id\":\"https:\/\/vieassociative.be\/actualites\/photos-du-rallye-notre-maison-est-coloree-ensemble-contre-la-haine-dans-eupen-galerie-de-photos\/#primaryimage\",\"url\":\"https:\/\/vieassociative.be\/actualites\/wp-content\/uploads\/2025\/05\/1747340267_Photos-du-rallye-Notre-maison-est-coloree-ensemble-contre.jpg\",\"contentUrl\":\"https:\/\/vieassociative.be\/actualites\/wp-content\/uploads\/2025\/05\/1747340267_Photos-du-rallye-Notre-maison-est-coloree-ensemble-contre.jpg\",\"width\":1300,\"height\":869,\"caption\":\"Photos du rallye \\\"Notre maison est color\u00e9e - ensemble contre la haine\\\" dans Eupen (galerie de photos)\"},{\"@type\":\"BreadcrumbList\",\"@id\":\"https:\/\/vieassociative.be\/actualites\/photos-du-rallye-notre-maison-est-coloree-ensemble-contre-la-haine-dans-eupen-galerie-de-photos\/#breadcrumb\",\"itemListElement\":[{\"@type\":\"ListItem\",\"position\":1,\"name\":\"Accueil\",\"item\":\"https:\/\/vieassociative.be\/actualites\/\"},{\"@type\":\"ListItem\",\"position\":2,\"name\":\"Photos du rallye \u00ab\u00a0Notre maison est color\u00e9e &#8211; ensemble contre la haine\u00a0\u00bb dans Eupen (galerie de photos)\"}]},{\"@type\":\"WebSite\",\"@id\":\"https:\/\/vieassociative.be\/actualites\/#website\",\"url\":\"https:\/\/vieassociative.be\/actualites\/\",\"name\":\"Vie Associative\",\"description\":\"\",\"publisher\":{\"@id\":\"https:\/\/vieassociative.be\/actualites\/#organization\"},\"potentialAction\":[{\"@type\":\"SearchAction\",\"target\":{\"@type\":\"EntryPoint\",\"urlTemplate\":\"https:\/\/vieassociative.be\/actualites\/?s={search_term_string}\"},\"query-input\":{\"@type\":\"PropertyValueSpecification\",\"valueRequired\":true,\"valueName\":\"search_term_string\"}}],\"inLanguage\":\"fr-BE\"},{\"@type\":\"Organization\",\"@id\":\"https:\/\/vieassociative.be\/actualites\/#organization\",\"name\":\"Vie Associative\",\"url\":\"https:\/\/vieassociative.be\/actualites\/\",\"logo\":{\"@type\":\"ImageObject\",\"inLanguage\":\"fr-BE\",\"@id\":\"https:\/\/vieassociative.be\/actualites\/#\/schema\/logo\/image\/\",\"url\":\"https:\/\/vieassociative.be\/actualites\/wp-content\/uploads\/2024\/09\/cropped-vieassociative_favicon.ico.png\",\"contentUrl\":\"https:\/\/vieassociative.be\/actualites\/wp-content\/uploads\/2024\/09\/cropped-vieassociative_favicon.ico.png\",\"width\":512,\"height\":512,\"caption\":\"Vie Associative\"},\"image\":{\"@id\":\"https:\/\/vieassociative.be\/actualites\/#\/schema\/logo\/image\/\"}},{\"@type\":\"Person\",\"@id\":\"https:\/\/vieassociative.be\/actualites\/#\/schema\/person\/b87ac4f82f9d4e7b7cec7395b679edc4\",\"name\":\"Julien\",\"image\":{\"@type\":\"ImageObject\",\"inLanguage\":\"fr-BE\",\"@id\":\"https:\/\/vieassociative.be\/actualites\/#\/schema\/person\/image\/\",\"url\":\"https:\/\/vieassociative.be\/actualites\/wp-content\/uploads\/2024\/09\/vie-associative-1-150x150.jpg\",\"contentUrl\":\"https:\/\/vieassociative.be\/actualites\/wp-content\/uploads\/2024\/09\/vie-associative-1-150x150.jpg\",\"caption\":\"Julien\"},\"description\":\"Je suis Julien, r\u00e9dacteur pour Vie Associative. Passionn\u00e9 par le monde associatif depuis plus de 10 ans, j'ai \u00e0 c\u0153ur de partager des histoires inspirantes et de mettre en lumi\u00e8re les initiatives locales. Mon objectif est de sensibiliser et d'encourager l'engagement communautaire \u00e0 travers mes articles.\",\"sameAs\":[\"https:\/\/vieassociative.be\/\"]}]}<\/script>\n<!-- \/ Yoast SEO plugin. -->","yoast_head_json":{"title":"Photos du rallye \"Notre maison est color\u00e9e - ensemble contre la haine\" dans Eupen (galerie de photos) | Vie Associative","robots":{"index":"index","follow":"follow","max-snippet":"max-snippet:-1","max-image-preview":"max-image-preview:large","max-video-preview":"max-video-preview:-1"},"canonical":"https:\/\/vieassociative.be\/actualites\/photos-du-rallye-notre-maison-est-coloree-ensemble-contre-la-haine-dans-eupen-galerie-de-photos\/","og_locale":"fr_FR","og_type":"article","og_title":"Photos du rallye \"Notre maison est color\u00e9e - ensemble contre la haine\" dans Eupen (galerie de photos) | Vie Associative","og_description":"Le jeudi 15 mai, quelques jours seulement apr\u00e8s la journ\u00e9e du souvenir \u00e0 80 ans de capitulation de l&rsquo;Allemagne nazie, partag\u00e9e les uns avec les","og_url":"https:\/\/vieassociative.be\/actualites\/photos-du-rallye-notre-maison-est-coloree-ensemble-contre-la-haine-dans-eupen-galerie-de-photos\/","og_site_name":"Vie Associative","article_published_time":"2025-05-15T20:17:46+00:00","og_image":[{"width":279,"height":92,"url":"https:\/\/vieassociative.be\/actualites\/wp-content\/uploads\/2024\/09\/header_backgroundk-01-e1726694325946.png","type":"image\/png"}],"author":"Julien","twitter_card":"summary_large_image","twitter_misc":{"\u00c9crit par":"Julien","Dur\u00e9e de lecture est.":"1 minute"},"schema":{"@context":"https:\/\/schema.org","@graph":[{"@type":"Article","@id":"https:\/\/vieassociative.be\/actualites\/photos-du-rallye-notre-maison-est-coloree-ensemble-contre-la-haine-dans-eupen-galerie-de-photos\/#article","isPartOf":{"@id":"https:\/\/vieassociative.be\/actualites\/photos-du-rallye-notre-maison-est-coloree-ensemble-contre-la-haine-dans-eupen-galerie-de-photos\/"},"author":{"name":"Julien","@id":"https:\/\/vieassociative.be\/actualites\/#\/schema\/person\/b87ac4f82f9d4e7b7cec7395b679edc4"},"headline":"Photos du rallye \u00ab\u00a0Notre maison est color\u00e9e &#8211; ensemble contre la haine\u00a0\u00bb dans Eupen (galerie de photos)","datePublished":"2025-05-15T20:17:46+00:00","dateModified":"2025-05-15T20:17:46+00:00","mainEntityOfPage":{"@id":"https:\/\/vieassociative.be\/actualites\/photos-du-rallye-notre-maison-est-coloree-ensemble-contre-la-haine-dans-eupen-galerie-de-photos\/"},"wordCount":230,"publisher":{"@id":"https:\/\/vieassociative.be\/actualites\/#organization"},"image":{"@id":"https:\/\/vieassociative.be\/actualites\/photos-du-rallye-notre-maison-est-coloree-ensemble-contre-la-haine-dans-eupen-galerie-de-photos\/#primaryimage"},"thumbnailUrl":"https:\/\/vieassociative.be\/actualites\/wp-content\/uploads\/2025\/05\/1747340267_Photos-du-rallye-Notre-maison-est-coloree-ensemble-contre.jpg","keywords":["color\u00e9e","contre","dans","ensemble","est","Eupen","galerie","haine","maison","notre","Photos","rallye"],"articleSection":["Belgique"],"inLanguage":"fr-BE"},{"@type":"WebPage","@id":"https:\/\/vieassociative.be\/actualites\/photos-du-rallye-notre-maison-est-coloree-ensemble-contre-la-haine-dans-eupen-galerie-de-photos\/","url":"https:\/\/vieassociative.be\/actualites\/photos-du-rallye-notre-maison-est-coloree-ensemble-contre-la-haine-dans-eupen-galerie-de-photos\/","name":"Photos du rallye \"Notre maison est color\u00e9e - ensemble contre la haine\" dans Eupen (galerie de photos) | Vie Associative","isPartOf":{"@id":"https:\/\/vieassociative.be\/actualites\/#website"},"primaryImageOfPage":{"@id":"https:\/\/vieassociative.be\/actualites\/photos-du-rallye-notre-maison-est-coloree-ensemble-contre-la-haine-dans-eupen-galerie-de-photos\/#primaryimage"},"image":{"@id":"https:\/\/vieassociative.be\/actualites\/photos-du-rallye-notre-maison-est-coloree-ensemble-contre-la-haine-dans-eupen-galerie-de-photos\/#primaryimage"},"thumbnailUrl":"https:\/\/vieassociative.be\/actualites\/wp-content\/uploads\/2025\/05\/1747340267_Photos-du-rallye-Notre-maison-est-coloree-ensemble-contre.jpg","datePublished":"2025-05-15T20:17:46+00:00","dateModified":"2025-05-15T20:17:46+00:00","breadcrumb":{"@id":"https:\/\/vieassociative.be\/actualites\/photos-du-rallye-notre-maison-est-coloree-ensemble-contre-la-haine-dans-eupen-galerie-de-photos\/#breadcrumb"},"inLanguage":"fr-BE","potentialAction":[{"@type":"ReadAction","target":["https:\/\/vieassociative.be\/actualites\/photos-du-rallye-notre-maison-est-coloree-ensemble-contre-la-haine-dans-eupen-galerie-de-photos\/"]}]},{"@type":"ImageObject","inLanguage":"fr-BE","@id":"https:\/\/vieassociative.be\/actualites\/photos-du-rallye-notre-maison-est-coloree-ensemble-contre-la-haine-dans-eupen-galerie-de-photos\/#primaryimage","url":"https:\/\/vieassociative.be\/actualites\/wp-content\/uploads\/2025\/05\/1747340267_Photos-du-rallye-Notre-maison-est-coloree-ensemble-contre.jpg","contentUrl":"https:\/\/vieassociative.be\/actualites\/wp-content\/uploads\/2025\/05\/1747340267_Photos-du-rallye-Notre-maison-est-coloree-ensemble-contre.jpg","width":1300,"height":869,"caption":"Photos du rallye \"Notre maison est color\u00e9e - ensemble contre la haine\" dans Eupen (galerie de photos)"},{"@type":"BreadcrumbList","@id":"https:\/\/vieassociative.be\/actualites\/photos-du-rallye-notre-maison-est-coloree-ensemble-contre-la-haine-dans-eupen-galerie-de-photos\/#breadcrumb","itemListElement":[{"@type":"ListItem","position":1,"name":"Accueil","item":"https:\/\/vieassociative.be\/actualites\/"},{"@type":"ListItem","position":2,"name":"Photos du rallye \u00ab\u00a0Notre maison est color\u00e9e &#8211; ensemble contre la haine\u00a0\u00bb dans Eupen (galerie de photos)"}]},{"@type":"WebSite","@id":"https:\/\/vieassociative.be\/actualites\/#website","url":"https:\/\/vieassociative.be\/actualites\/","name":"Vie Associative","description":"","publisher":{"@id":"https:\/\/vieassociative.be\/actualites\/#organization"},"potentialAction":[{"@type":"SearchAction","target":{"@type":"EntryPoint","urlTemplate":"https:\/\/vieassociative.be\/actualites\/?s={search_term_string}"},"query-input":{"@type":"PropertyValueSpecification","valueRequired":true,"valueName":"search_term_string"}}],"inLanguage":"fr-BE"},{"@type":"Organization","@id":"https:\/\/vieassociative.be\/actualites\/#organization","name":"Vie Associative","url":"https:\/\/vieassociative.be\/actualites\/","logo":{"@type":"ImageObject","inLanguage":"fr-BE","@id":"https:\/\/vieassociative.be\/actualites\/#\/schema\/logo\/image\/","url":"https:\/\/vieassociative.be\/actualites\/wp-content\/uploads\/2024\/09\/cropped-vieassociative_favicon.ico.png","contentUrl":"https:\/\/vieassociative.be\/actualites\/wp-content\/uploads\/2024\/09\/cropped-vieassociative_favicon.ico.png","width":512,"height":512,"caption":"Vie Associative"},"image":{"@id":"https:\/\/vieassociative.be\/actualites\/#\/schema\/logo\/image\/"}},{"@type":"Person","@id":"https:\/\/vieassociative.be\/actualites\/#\/schema\/person\/b87ac4f82f9d4e7b7cec7395b679edc4","name":"Julien","image":{"@type":"ImageObject","inLanguage":"fr-BE","@id":"https:\/\/vieassociative.be\/actualites\/#\/schema\/person\/image\/","url":"https:\/\/vieassociative.be\/actualites\/wp-content\/uploads\/2024\/09\/vie-associative-1-150x150.jpg","contentUrl":"https:\/\/vieassociative.be\/actualites\/wp-content\/uploads\/2024\/09\/vie-associative-1-150x150.jpg","caption":"Julien"},"description":"Je suis Julien, r\u00e9dacteur pour Vie Associative. Passionn\u00e9 par le monde associatif depuis plus de 10 ans, j'ai \u00e0 c\u0153ur de partager des histoires inspirantes et de mettre en lumi\u00e8re les initiatives locales. Mon objectif est de sensibiliser et d'encourager l'engagement communautaire \u00e0 travers mes articles.","sameAs":["https:\/\/vieassociative.be\/"]}]}},"_links":{"self":[{"href":"https:\/\/vieassociative.be\/actualites\/wp-json\/wp\/v2\/posts\/7593"}],"collection":[{"href":"https:\/\/vieassociative.be\/actualites\/wp-json\/wp\/v2\/posts"}],"about":[{"href":"https:\/\/vieassociative.be\/actualites\/wp-json\/wp\/v2\/types\/post"}],"author":[{"embeddable":true,"href":"https:\/\/vieassociative.be\/actualites\/wp-json\/wp\/v2\/users\/1"}],"replies":[{"embeddable":true,"href":"https:\/\/vieassociative.be\/actualites\/wp-json\/wp\/v2\/comments?post=7593"}],"version-history":[{"count":0,"href":"https:\/\/vieassociative.be\/actualites\/wp-json\/wp\/v2\/posts\/7593\/revisions"}],"wp:featuredmedia":[{"embeddable":true,"href":"https:\/\/vieassociative.be\/actualites\/wp-json\/wp\/v2\/media\/7594"}],"wp:attachment":[{"href":"https:\/\/vieassociative.be\/actualites\/wp-json\/wp\/v2\/media?parent=7593"}],"wp:term":[{"taxonomy":"category","embeddable":true,"href":"https:\/\/vieassociative.be\/actualites\/wp-json\/wp\/v2\/categories?post=7593"},{"taxonomy":"post_tag","embeddable":true,"href":"https:\/\/vieassociative.be\/actualites\/wp-json\/wp\/v2\/tags?post=7593"}],"curies":[{"name":"wp","href":"https:\/\/api.w.org\/{rel}","templated":true}]}}