{"id":7591,"date":"2025-05-15T21:20:24","date_gmt":"2025-05-15T19:20:24","guid":{"rendered":"https:\/\/vieassociative.be\/actualites\/cette-machine-a-karaoke-portable-ikarao-est-plus-de-100-de-rabais\/"},"modified":"2025-05-15T21:20:24","modified_gmt":"2025-05-15T19:20:24","slug":"cette-machine-a-karaoke-portable-ikarao-est-plus-de-100-de-rabais","status":"publish","type":"post","link":"https:\/\/vieassociative.be\/actualites\/cette-machine-a-karaoke-portable-ikarao-est-plus-de-100-de-rabais\/","title":{"rendered":"Cette machine \u00e0 karaok\u00e9 portable ikarao est plus de 100 $ de rabais"},"content":{"rendered":"<div class=\"mt-4 leading-6 md:mb-8\">Il s&rsquo;agit d&rsquo;un puissant haut-parleur portable avec deux micros et une tablette intelligente \u00e0 \u00e9cran tactile.<\/div>\n<p><\/p>\n<p>Nous vivons dans le meilleur moment de l&rsquo;histoire pour apporter du karaok\u00e9 chez vous. J&rsquo;ai eu le plaisir d&rsquo;utiliser le nouveau haut-parleur de karaok\u00e9 Rave 3S Rave 3S, qui transforme n&rsquo;importe quelle chanson en une piste de karaok\u00e9 avec la pouss\u00e9e d&rsquo;un bouton, et un haut-parleur karaoke ultra-portable d&rsquo;Ikarao pour organiser de nombreuses f\u00eates \u00e0 la maison. Mais si vous cherchez beaucoup sur un haut-parleur plus puissant qui est toujours compact et portable, consid\u00e9rez la rupture X2, \u00e9galement d&rsquo;Ikarao, actuellement <strong>349,98 $<\/strong> (\u00e0 l&rsquo;origine 469,99 $), le prix le plus bas qu&rsquo;il a \u00e9t\u00e9, selon les outils de suivi des prix. Vous pouvez en lire plus en d\u00e9tail dans la revue de Vie Associative, la r\u00e9dactrice Stephen Johnson.<\/p>\n<div class=\"pogoClear mb-12 mt-10 rounded-md border-2 border-gray-100 py-7 shadow-xl md:py-6\">\n<div class=\"flex flex-wrap justify-between px-7 text-black no-underline md:flex-nowrap md:px-8\">\n<div class=\"order-1 mx-auto flex flex-col justify-center md:order-2 md:ml-4 md:w-full md:grow\">\n<div class=\"block cursor-pointer text-center font-akshar text-2xl font-medium leading-7 text-brand-green duration-200 ease-in-out hover:text-brand-green-700 md:text-left md:text-xl md:leading-6\">Break x2 Smart Karaoke Machine\n                <\/div>\n<div class=\"mt-4 hidden md:flex md:justify-between\">\n<div class=\"self-end\">\n<div class=\"mb-0 h-11 md:flex md:flex-col md:justify-center\">\n<div class=\" font-sans leading-4 text-black\">\n<div class=\"flex flex-wrap items-center justify-center gap-x-1 md:justify-start\">\n        <span class=\"font-bold\"><\/p>\n<p>            349,98 $<br \/>\n                            <span class=\"font-medium\">\u00e0 Amazon<\/span><br \/>\n                    <\/span>\n            <\/div>\n<div class=\"flex items-center justify-center gap-x-1 font-bold md:justify-start\">\n            <span class=\"text-sm line-through\">469,99 $<\/span><br \/>\n            <span class=\"text-sm text-brand-green\">\u00c9conomisez 120,01 $<\/span>\n        <\/div>\n<\/p><\/div>\n<\/p><\/div>\n<\/p><\/div>\n<div class=\"w-44 self-end\">\n                            <button class=\"flex justify-center items-center w-full bg-brand-green text-white text-base font-sans font-medium rounded-md hover:bg-brand-green-700 hover:cursor-pointer md:text-sm h-11\"><\/p>\n<p>    Conclure un accord<br \/>\n<\/button>\n                        <\/div>\n<\/p><\/div>\n<\/p><\/div>\n<div class=\"order-2 mt-5 h-auto w-full md:order-1 md:mt-0 md:hidden\">\n<div class=\"flex aspect-video items-center justify-center\">\n                                            <img decoding=\"async\" class=\"m-0 max-h-full max-w-full rounded-md\" src=\"https:\/\/vieassociative.be\/actualites\/wp-content\/uploads\/2025\/05\/Cette-machine-a-karaoke-portable-ikarao-est-plus-de-100.jpg\" alt=\"Break x2 Smart Karaoke Machine\" width=\"auto\" height=\"auto\" loading=\"lazy\">\n                                    <\/div>\n<\/p><\/div>\n<div class=\"order-2 ml-2 hidden w-32 shrink-0 items-center md:order-1 md:ml-0 md:flex\">\n<div class=\"flex aspect-video items-center justify-center\">\n                                            <img decoding=\"async\" class=\"m-0 max-h-full max-w-full rounded-md\" src=\"https:\/\/vieassociative.be\/actualites\/wp-content\/uploads\/2025\/05\/Cette-machine-a-karaoke-portable-ikarao-est-plus-de-100.jpg\" alt=\"Break x2 Smart Karaoke Machine\" width=\"auto\" height=\"auto\" loading=\"lazy\">\n                                    <\/div>\n<\/p><\/div>\n<div class=\"order-3 flex grow flex-wrap md:hidden md:grow-0\">\n<div class=\"mt-4 w-full\">\n                        <button class=\"flex justify-center items-center w-full bg-brand-green text-white text-base font-sans font-medium rounded-md hover:bg-brand-green-700 hover:cursor-pointer md:text-sm h-11\"><\/p>\n<p>    Conclure un accord<br \/>\n<\/button>\n                    <\/div>\n<div class=\"mx-2 mt-4 w-full\">\n<div class=\" font-sans leading-4 text-black\">\n<div class=\"flex flex-wrap items-center justify-center gap-x-1 md:justify-start\">\n        <span class=\"font-bold\"><\/p>\n<p>            349,98 $<br \/>\n                            <span class=\"font-medium\">\u00e0 Amazon<\/span><br \/>\n                    <\/span>\n            <\/div>\n<div class=\"flex items-center justify-center gap-x-1 font-bold md:justify-start\">\n            <span class=\"text-sm line-through\">469,99 $<\/span><br \/>\n            <span class=\"text-sm text-brand-green\">\u00c9conomisez 120,01 $<\/span>\n        <\/div>\n<\/p><\/div>\n<\/p><\/div>\n<\/p><\/div>\n<\/p><\/div>\n<\/div>\n<p>La rupture X2 est la plus puissante des trois haut-parleurs de karaok\u00e9 que j&rsquo;ai mentionn\u00e9s en termes de watts, ce qui signifie qu&rsquo;il sonnera le meilleur en volumes max avec la moindre distorsion. C&rsquo;est parfait pour ceux qui cherchent \u00e0 avoir une machine de karaok\u00e9 autonome dans leur salon. Il est livr\u00e9 avec deux microphones Bluetooth sans fil qui se stockent \u00e0 l&rsquo;int\u00e9rieur et se chargent automatiquement. Les microphones sont de bonne qualit\u00e9 et sonnent bien mieux que les 3s Rave de Soundcore. <\/p>\n<p>L&rsquo;\u00e9cran est un \u00e9cran tactile Android de 10 pouces qui a des applications pr\u00e9install\u00e9es, bien que vous utilisiez probablement principalement le widget YouTube. (Vous pouvez trouver pratiquement n&rsquo;importe quelle chanson en karaok\u00e9 gratuitement sur YouTube.) Mais si vous cherchez une exp\u00e9rience plus premium, l&rsquo;orateur est livr\u00e9 avec six mois de Karafun, une application de karaok\u00e9 qui est incroyablement amusante (en savoir plus dans ma revue Shell S1).<\/p>\n<div class=\"pogoClear relative my-10 border-b-(1.5px) border-t-(1.5px) border-dashed border-black py-5 sm:my-14 sm:border-0 sm:py-0\" data-ga-click data-ga-template=\"Deals\" data-ga-module=\"openweb_widget\" data-ga-element=\"openweb_scroll\" data-ga-item=\"openweb_scroll_midpage\" x-cloak x-data=\"{ commentsCount: null, hasComments: false }\" x-init=\"commentsCount = await window.openweb.getMessagesCount(01JVAGQQA2XV4773GBMEXWWMTW);\n     hasComments = commentsCount !== null &amp;&amp; commentsCount &gt; 0\"><\/p>\n<div class=\"absolute top-1\/2 hidden w-full -translate-y-1\/2 border-t-(1.5px) border-dashed border-black sm:block\"><\/div>\n<div class=\"relative flex justify-center\">\n<div class=\"flex max-w-max items-center gap-x-3 bg-white px-5\">\n<div class=\"relative\">\n                <span class=\"absolute left-1\/2 top-1\/2 -translate-x-1\/2 -translate-y-1\/2 font-akshar text-sm font-medium text-black\" x-show=\"hasComments\" x-text=\"commentsCount\"><\/span><\/p>\n<p>                <svg class=\"h-8 w-8 text-black\">\n                    <use href=\"http:\/\/lifehacker.com\/images\/icons\/spritemap.svg#sprite-chat-bubble\"><\/use>\n                <\/svg>\n            <\/div>\n<p>            <span class=\"text-sm font-medium text-black\"><\/p>\n<p>                Que pensez-vous jusqu&rsquo;\u00e0 pr\u00e9sent?<br \/>\n                <button class=\"font-semibold text-brand-green underline hover:text-brand-green-700\" onclick=\"window.openweb.scrollToComments('01JVAGQQA2XV4773GBMEXWWMTW')\" x-text=\"hasComments ? 'Post a comment.' : 'Be the first to post a comment.'\"><\/button><br \/>\n            <\/span>\n        <\/div>\n<\/p><\/div>\n<\/div>\n<p>La batterie vous donnera environ huit heures de jus, mais vous pouvez toujours le brancher. Vous pouvez \u00e9galement connecter un c\u00e2ble HDMI afin que vous puissiez voir les paroles de votre t\u00e9l\u00e9viseur pour vraiment en faire une f\u00eate. <\/p>\n","protected":false},"excerpt":{"rendered":"<p>Il s&rsquo;agit d&rsquo;un puissant haut-parleur portable avec deux micros et une tablette intelligente \u00e0 \u00e9cran tactile. Nous vivons dans le meilleur moment de l&rsquo;histoire pour<\/p>\n","protected":false},"author":1,"featured_media":7592,"comment_status":"","ping_status":"","sticky":false,"template":"","format":"standard","meta":{"footnotes":""},"categories":[13],"tags":[206,76,7024,4212,4570,170,5472],"class_list":["post-7591","post","type-post","status-publish","format-standard","has-post-thumbnail","hentry","category-technologie","tag-cette","tag-est","tag-ikarao","tag-karaoke","tag-machine","tag-portable","tag-rabais","generate-columns","tablet-grid-50","mobile-grid-100","grid-parent","grid-33"],"yoast_head":"<!-- This site is optimized with the Yoast SEO plugin v24.0 - https:\/\/yoast.com\/wordpress\/plugins\/seo\/ -->\n<title>Cette machine \u00e0 karaok\u00e9 portable ikarao est plus de 100 $ de rabais | Vie Associative<\/title>\n<meta name=\"robots\" content=\"index, follow, max-snippet:-1, max-image-preview:large, max-video-preview:-1\" \/>\n<link rel=\"canonical\" href=\"https:\/\/vieassociative.be\/actualites\/cette-machine-a-karaoke-portable-ikarao-est-plus-de-100-de-rabais\/\" \/>\n<meta property=\"og:locale\" content=\"fr_FR\" \/>\n<meta property=\"og:type\" content=\"article\" \/>\n<meta property=\"og:title\" content=\"Cette machine \u00e0 karaok\u00e9 portable ikarao est plus de 100 $ de rabais | Vie Associative\" \/>\n<meta property=\"og:description\" content=\"Il s&rsquo;agit d&rsquo;un puissant haut-parleur portable avec deux micros et une tablette intelligente \u00e0 \u00e9cran tactile. Nous vivons dans le meilleur moment de l&rsquo;histoire pour\" \/>\n<meta property=\"og:url\" content=\"https:\/\/vieassociative.be\/actualites\/cette-machine-a-karaoke-portable-ikarao-est-plus-de-100-de-rabais\/\" \/>\n<meta property=\"og:site_name\" content=\"Vie Associative\" \/>\n<meta property=\"article:published_time\" content=\"2025-05-15T19:20:24+00:00\" \/>\n<meta property=\"og:image\" content=\"https:\/\/vieassociative.be\/actualites\/wp-content\/uploads\/2025\/05\/Cette-machine-a-karaoke-portable-ikarao-est-plus-de-100.jpg\" \/>\n<meta name=\"author\" content=\"Julien\" \/>\n<meta name=\"twitter:card\" content=\"summary_large_image\" \/>\n<meta name=\"twitter:label1\" content=\"\u00c9crit par\" \/>\n\t<meta name=\"twitter:data1\" content=\"Julien\" \/>\n\t<meta name=\"twitter:label2\" content=\"Dur\u00e9e de lecture est.\" \/>\n\t<meta name=\"twitter:data2\" content=\"2 minutes\" \/>\n<script type=\"application\/ld+json\" class=\"yoast-schema-graph\">{\"@context\":\"https:\/\/schema.org\",\"@graph\":[{\"@type\":\"Article\",\"@id\":\"https:\/\/vieassociative.be\/actualites\/cette-machine-a-karaoke-portable-ikarao-est-plus-de-100-de-rabais\/#article\",\"isPartOf\":{\"@id\":\"https:\/\/vieassociative.be\/actualites\/cette-machine-a-karaoke-portable-ikarao-est-plus-de-100-de-rabais\/\"},\"author\":{\"name\":\"Julien\",\"@id\":\"https:\/\/vieassociative.be\/actualites\/#\/schema\/person\/b87ac4f82f9d4e7b7cec7395b679edc4\"},\"headline\":\"Cette machine \u00e0 karaok\u00e9 portable ikarao est plus de 100 $ de rabais\",\"datePublished\":\"2025-05-15T19:20:24+00:00\",\"dateModified\":\"2025-05-15T19:20:24+00:00\",\"mainEntityOfPage\":{\"@id\":\"https:\/\/vieassociative.be\/actualites\/cette-machine-a-karaoke-portable-ikarao-est-plus-de-100-de-rabais\/\"},\"wordCount\":374,\"publisher\":{\"@id\":\"https:\/\/vieassociative.be\/actualites\/#organization\"},\"image\":{\"@id\":\"https:\/\/vieassociative.be\/actualites\/cette-machine-a-karaoke-portable-ikarao-est-plus-de-100-de-rabais\/#primaryimage\"},\"thumbnailUrl\":\"https:\/\/vieassociative.be\/actualites\/wp-content\/uploads\/2025\/05\/Cette-machine-a-karaoke-portable-ikarao-est-plus-de-100.png\",\"keywords\":[\"cette\",\"est\",\"ikarao\",\"karaok\u00e9\",\"machine\",\"portable\",\"rabais\"],\"articleSection\":[\"Technologie\"],\"inLanguage\":\"fr-BE\"},{\"@type\":\"WebPage\",\"@id\":\"https:\/\/vieassociative.be\/actualites\/cette-machine-a-karaoke-portable-ikarao-est-plus-de-100-de-rabais\/\",\"url\":\"https:\/\/vieassociative.be\/actualites\/cette-machine-a-karaoke-portable-ikarao-est-plus-de-100-de-rabais\/\",\"name\":\"Cette machine \u00e0 karaok\u00e9 portable ikarao est plus de 100 $ de rabais | Vie Associative\",\"isPartOf\":{\"@id\":\"https:\/\/vieassociative.be\/actualites\/#website\"},\"primaryImageOfPage\":{\"@id\":\"https:\/\/vieassociative.be\/actualites\/cette-machine-a-karaoke-portable-ikarao-est-plus-de-100-de-rabais\/#primaryimage\"},\"image\":{\"@id\":\"https:\/\/vieassociative.be\/actualites\/cette-machine-a-karaoke-portable-ikarao-est-plus-de-100-de-rabais\/#primaryimage\"},\"thumbnailUrl\":\"https:\/\/vieassociative.be\/actualites\/wp-content\/uploads\/2025\/05\/Cette-machine-a-karaoke-portable-ikarao-est-plus-de-100.png\",\"datePublished\":\"2025-05-15T19:20:24+00:00\",\"dateModified\":\"2025-05-15T19:20:24+00:00\",\"breadcrumb\":{\"@id\":\"https:\/\/vieassociative.be\/actualites\/cette-machine-a-karaoke-portable-ikarao-est-plus-de-100-de-rabais\/#breadcrumb\"},\"inLanguage\":\"fr-BE\",\"potentialAction\":[{\"@type\":\"ReadAction\",\"target\":[\"https:\/\/vieassociative.be\/actualites\/cette-machine-a-karaoke-portable-ikarao-est-plus-de-100-de-rabais\/\"]}]},{\"@type\":\"ImageObject\",\"inLanguage\":\"fr-BE\",\"@id\":\"https:\/\/vieassociative.be\/actualites\/cette-machine-a-karaoke-portable-ikarao-est-plus-de-100-de-rabais\/#primaryimage\",\"url\":\"https:\/\/vieassociative.be\/actualites\/wp-content\/uploads\/2025\/05\/Cette-machine-a-karaoke-portable-ikarao-est-plus-de-100.png\",\"contentUrl\":\"https:\/\/vieassociative.be\/actualites\/wp-content\/uploads\/2025\/05\/Cette-machine-a-karaoke-portable-ikarao-est-plus-de-100.png\",\"width\":1200,\"height\":675,\"caption\":\"Cette machine \u00e0 karaok\u00e9 portable ikarao est plus de 100 $ de rabais\"},{\"@type\":\"BreadcrumbList\",\"@id\":\"https:\/\/vieassociative.be\/actualites\/cette-machine-a-karaoke-portable-ikarao-est-plus-de-100-de-rabais\/#breadcrumb\",\"itemListElement\":[{\"@type\":\"ListItem\",\"position\":1,\"name\":\"Accueil\",\"item\":\"https:\/\/vieassociative.be\/actualites\/\"},{\"@type\":\"ListItem\",\"position\":2,\"name\":\"Cette machine \u00e0 karaok\u00e9 portable ikarao est plus de 100 $ de rabais\"}]},{\"@type\":\"WebSite\",\"@id\":\"https:\/\/vieassociative.be\/actualites\/#website\",\"url\":\"https:\/\/vieassociative.be\/actualites\/\",\"name\":\"Vie Associative\",\"description\":\"\",\"publisher\":{\"@id\":\"https:\/\/vieassociative.be\/actualites\/#organization\"},\"potentialAction\":[{\"@type\":\"SearchAction\",\"target\":{\"@type\":\"EntryPoint\",\"urlTemplate\":\"https:\/\/vieassociative.be\/actualites\/?s={search_term_string}\"},\"query-input\":{\"@type\":\"PropertyValueSpecification\",\"valueRequired\":true,\"valueName\":\"search_term_string\"}}],\"inLanguage\":\"fr-BE\"},{\"@type\":\"Organization\",\"@id\":\"https:\/\/vieassociative.be\/actualites\/#organization\",\"name\":\"Vie Associative\",\"url\":\"https:\/\/vieassociative.be\/actualites\/\",\"logo\":{\"@type\":\"ImageObject\",\"inLanguage\":\"fr-BE\",\"@id\":\"https:\/\/vieassociative.be\/actualites\/#\/schema\/logo\/image\/\",\"url\":\"https:\/\/vieassociative.be\/actualites\/wp-content\/uploads\/2024\/09\/cropped-vieassociative_favicon.ico.png\",\"contentUrl\":\"https:\/\/vieassociative.be\/actualites\/wp-content\/uploads\/2024\/09\/cropped-vieassociative_favicon.ico.png\",\"width\":512,\"height\":512,\"caption\":\"Vie Associative\"},\"image\":{\"@id\":\"https:\/\/vieassociative.be\/actualites\/#\/schema\/logo\/image\/\"}},{\"@type\":\"Person\",\"@id\":\"https:\/\/vieassociative.be\/actualites\/#\/schema\/person\/b87ac4f82f9d4e7b7cec7395b679edc4\",\"name\":\"Julien\",\"image\":{\"@type\":\"ImageObject\",\"inLanguage\":\"fr-BE\",\"@id\":\"https:\/\/vieassociative.be\/actualites\/#\/schema\/person\/image\/\",\"url\":\"https:\/\/vieassociative.be\/actualites\/wp-content\/uploads\/2024\/09\/vie-associative-1-150x150.jpg\",\"contentUrl\":\"https:\/\/vieassociative.be\/actualites\/wp-content\/uploads\/2024\/09\/vie-associative-1-150x150.jpg\",\"caption\":\"Julien\"},\"description\":\"Je suis Julien, r\u00e9dacteur pour Vie Associative. Passionn\u00e9 par le monde associatif depuis plus de 10 ans, j'ai \u00e0 c\u0153ur de partager des histoires inspirantes et de mettre en lumi\u00e8re les initiatives locales. Mon objectif est de sensibiliser et d'encourager l'engagement communautaire \u00e0 travers mes articles.\",\"sameAs\":[\"https:\/\/vieassociative.be\/\"]}]}<\/script>\n<!-- \/ Yoast SEO plugin. -->","yoast_head_json":{"title":"Cette machine \u00e0 karaok\u00e9 portable ikarao est plus de 100 $ de rabais | Vie Associative","robots":{"index":"index","follow":"follow","max-snippet":"max-snippet:-1","max-image-preview":"max-image-preview:large","max-video-preview":"max-video-preview:-1"},"canonical":"https:\/\/vieassociative.be\/actualites\/cette-machine-a-karaoke-portable-ikarao-est-plus-de-100-de-rabais\/","og_locale":"fr_FR","og_type":"article","og_title":"Cette machine \u00e0 karaok\u00e9 portable ikarao est plus de 100 $ de rabais | Vie Associative","og_description":"Il s&rsquo;agit d&rsquo;un puissant haut-parleur portable avec deux micros et une tablette intelligente \u00e0 \u00e9cran tactile. Nous vivons dans le meilleur moment de l&rsquo;histoire pour","og_url":"https:\/\/vieassociative.be\/actualites\/cette-machine-a-karaoke-portable-ikarao-est-plus-de-100-de-rabais\/","og_site_name":"Vie Associative","article_published_time":"2025-05-15T19:20:24+00:00","og_image":[{"url":"https:\/\/vieassociative.be\/actualites\/wp-content\/uploads\/2025\/05\/Cette-machine-a-karaoke-portable-ikarao-est-plus-de-100.jpg","type":"","width":"","height":""}],"author":"Julien","twitter_card":"summary_large_image","twitter_misc":{"\u00c9crit par":"Julien","Dur\u00e9e de lecture est.":"2 minutes"},"schema":{"@context":"https:\/\/schema.org","@graph":[{"@type":"Article","@id":"https:\/\/vieassociative.be\/actualites\/cette-machine-a-karaoke-portable-ikarao-est-plus-de-100-de-rabais\/#article","isPartOf":{"@id":"https:\/\/vieassociative.be\/actualites\/cette-machine-a-karaoke-portable-ikarao-est-plus-de-100-de-rabais\/"},"author":{"name":"Julien","@id":"https:\/\/vieassociative.be\/actualites\/#\/schema\/person\/b87ac4f82f9d4e7b7cec7395b679edc4"},"headline":"Cette machine \u00e0 karaok\u00e9 portable ikarao est plus de 100 $ de rabais","datePublished":"2025-05-15T19:20:24+00:00","dateModified":"2025-05-15T19:20:24+00:00","mainEntityOfPage":{"@id":"https:\/\/vieassociative.be\/actualites\/cette-machine-a-karaoke-portable-ikarao-est-plus-de-100-de-rabais\/"},"wordCount":374,"publisher":{"@id":"https:\/\/vieassociative.be\/actualites\/#organization"},"image":{"@id":"https:\/\/vieassociative.be\/actualites\/cette-machine-a-karaoke-portable-ikarao-est-plus-de-100-de-rabais\/#primaryimage"},"thumbnailUrl":"https:\/\/vieassociative.be\/actualites\/wp-content\/uploads\/2025\/05\/Cette-machine-a-karaoke-portable-ikarao-est-plus-de-100.png","keywords":["cette","est","ikarao","karaok\u00e9","machine","portable","rabais"],"articleSection":["Technologie"],"inLanguage":"fr-BE"},{"@type":"WebPage","@id":"https:\/\/vieassociative.be\/actualites\/cette-machine-a-karaoke-portable-ikarao-est-plus-de-100-de-rabais\/","url":"https:\/\/vieassociative.be\/actualites\/cette-machine-a-karaoke-portable-ikarao-est-plus-de-100-de-rabais\/","name":"Cette machine \u00e0 karaok\u00e9 portable ikarao est plus de 100 $ de rabais | Vie Associative","isPartOf":{"@id":"https:\/\/vieassociative.be\/actualites\/#website"},"primaryImageOfPage":{"@id":"https:\/\/vieassociative.be\/actualites\/cette-machine-a-karaoke-portable-ikarao-est-plus-de-100-de-rabais\/#primaryimage"},"image":{"@id":"https:\/\/vieassociative.be\/actualites\/cette-machine-a-karaoke-portable-ikarao-est-plus-de-100-de-rabais\/#primaryimage"},"thumbnailUrl":"https:\/\/vieassociative.be\/actualites\/wp-content\/uploads\/2025\/05\/Cette-machine-a-karaoke-portable-ikarao-est-plus-de-100.png","datePublished":"2025-05-15T19:20:24+00:00","dateModified":"2025-05-15T19:20:24+00:00","breadcrumb":{"@id":"https:\/\/vieassociative.be\/actualites\/cette-machine-a-karaoke-portable-ikarao-est-plus-de-100-de-rabais\/#breadcrumb"},"inLanguage":"fr-BE","potentialAction":[{"@type":"ReadAction","target":["https:\/\/vieassociative.be\/actualites\/cette-machine-a-karaoke-portable-ikarao-est-plus-de-100-de-rabais\/"]}]},{"@type":"ImageObject","inLanguage":"fr-BE","@id":"https:\/\/vieassociative.be\/actualites\/cette-machine-a-karaoke-portable-ikarao-est-plus-de-100-de-rabais\/#primaryimage","url":"https:\/\/vieassociative.be\/actualites\/wp-content\/uploads\/2025\/05\/Cette-machine-a-karaoke-portable-ikarao-est-plus-de-100.png","contentUrl":"https:\/\/vieassociative.be\/actualites\/wp-content\/uploads\/2025\/05\/Cette-machine-a-karaoke-portable-ikarao-est-plus-de-100.png","width":1200,"height":675,"caption":"Cette machine \u00e0 karaok\u00e9 portable ikarao est plus de 100 $ de rabais"},{"@type":"BreadcrumbList","@id":"https:\/\/vieassociative.be\/actualites\/cette-machine-a-karaoke-portable-ikarao-est-plus-de-100-de-rabais\/#breadcrumb","itemListElement":[{"@type":"ListItem","position":1,"name":"Accueil","item":"https:\/\/vieassociative.be\/actualites\/"},{"@type":"ListItem","position":2,"name":"Cette machine \u00e0 karaok\u00e9 portable ikarao est plus de 100 $ de rabais"}]},{"@type":"WebSite","@id":"https:\/\/vieassociative.be\/actualites\/#website","url":"https:\/\/vieassociative.be\/actualites\/","name":"Vie Associative","description":"","publisher":{"@id":"https:\/\/vieassociative.be\/actualites\/#organization"},"potentialAction":[{"@type":"SearchAction","target":{"@type":"EntryPoint","urlTemplate":"https:\/\/vieassociative.be\/actualites\/?s={search_term_string}"},"query-input":{"@type":"PropertyValueSpecification","valueRequired":true,"valueName":"search_term_string"}}],"inLanguage":"fr-BE"},{"@type":"Organization","@id":"https:\/\/vieassociative.be\/actualites\/#organization","name":"Vie Associative","url":"https:\/\/vieassociative.be\/actualites\/","logo":{"@type":"ImageObject","inLanguage":"fr-BE","@id":"https:\/\/vieassociative.be\/actualites\/#\/schema\/logo\/image\/","url":"https:\/\/vieassociative.be\/actualites\/wp-content\/uploads\/2024\/09\/cropped-vieassociative_favicon.ico.png","contentUrl":"https:\/\/vieassociative.be\/actualites\/wp-content\/uploads\/2024\/09\/cropped-vieassociative_favicon.ico.png","width":512,"height":512,"caption":"Vie Associative"},"image":{"@id":"https:\/\/vieassociative.be\/actualites\/#\/schema\/logo\/image\/"}},{"@type":"Person","@id":"https:\/\/vieassociative.be\/actualites\/#\/schema\/person\/b87ac4f82f9d4e7b7cec7395b679edc4","name":"Julien","image":{"@type":"ImageObject","inLanguage":"fr-BE","@id":"https:\/\/vieassociative.be\/actualites\/#\/schema\/person\/image\/","url":"https:\/\/vieassociative.be\/actualites\/wp-content\/uploads\/2024\/09\/vie-associative-1-150x150.jpg","contentUrl":"https:\/\/vieassociative.be\/actualites\/wp-content\/uploads\/2024\/09\/vie-associative-1-150x150.jpg","caption":"Julien"},"description":"Je suis Julien, r\u00e9dacteur pour Vie Associative. Passionn\u00e9 par le monde associatif depuis plus de 10 ans, j'ai \u00e0 c\u0153ur de partager des histoires inspirantes et de mettre en lumi\u00e8re les initiatives locales. Mon objectif est de sensibiliser et d'encourager l'engagement communautaire \u00e0 travers mes articles.","sameAs":["https:\/\/vieassociative.be\/"]}]}},"_links":{"self":[{"href":"https:\/\/vieassociative.be\/actualites\/wp-json\/wp\/v2\/posts\/7591"}],"collection":[{"href":"https:\/\/vieassociative.be\/actualites\/wp-json\/wp\/v2\/posts"}],"about":[{"href":"https:\/\/vieassociative.be\/actualites\/wp-json\/wp\/v2\/types\/post"}],"author":[{"embeddable":true,"href":"https:\/\/vieassociative.be\/actualites\/wp-json\/wp\/v2\/users\/1"}],"replies":[{"embeddable":true,"href":"https:\/\/vieassociative.be\/actualites\/wp-json\/wp\/v2\/comments?post=7591"}],"version-history":[{"count":0,"href":"https:\/\/vieassociative.be\/actualites\/wp-json\/wp\/v2\/posts\/7591\/revisions"}],"wp:featuredmedia":[{"embeddable":true,"href":"https:\/\/vieassociative.be\/actualites\/wp-json\/wp\/v2\/media\/7592"}],"wp:attachment":[{"href":"https:\/\/vieassociative.be\/actualites\/wp-json\/wp\/v2\/media?parent=7591"}],"wp:term":[{"taxonomy":"category","embeddable":true,"href":"https:\/\/vieassociative.be\/actualites\/wp-json\/wp\/v2\/categories?post=7591"},{"taxonomy":"post_tag","embeddable":true,"href":"https:\/\/vieassociative.be\/actualites\/wp-json\/wp\/v2\/tags?post=7591"}],"curies":[{"name":"wp","href":"https:\/\/api.w.org\/{rel}","templated":true}]}}