{"id":7587,"date":"2025-05-15T16:18:06","date_gmt":"2025-05-15T14:18:06","guid":{"rendered":"https:\/\/vieassociative.be\/actualites\/patrick-spies-sp-ps-stimule-lalarme-la-politique-dausterite-rencontre-la-foret-nos-bureaux-de-foret-nont-pas-le-personnel\/"},"modified":"2025-05-15T16:18:06","modified_gmt":"2025-05-15T14:18:06","slug":"patrick-spies-sp-ps-stimule-lalarme-la-politique-dausterite-rencontre-la-foret-nos-bureaux-de-foret-nont-pas-le-personnel","status":"publish","type":"post","link":"https:\/\/vieassociative.be\/actualites\/patrick-spies-sp-ps-stimule-lalarme-la-politique-dausterite-rencontre-la-foret-nos-bureaux-de-foret-nont-pas-le-personnel\/","title":{"rendered":"Patrick Spies (SP \/ PS) stimule l&rsquo;alarme: \u00ab\u00a0La politique d&rsquo;aust\u00e9rit\u00e9 rencontre la for\u00eat &#8211; nos bureaux de for\u00eat n&rsquo;ont pas le personnel\u00a0\u00bb"},"content":{"rendered":"<p><strong>Le membre r\u00e9gional de Walloon et membre Ameler du Conseil municipal Patrick Spies (SP \/ PS) s\u2019alarme: la situation du personnel dans les bureaux des for\u00eats de la DG s\u2019est consid\u00e9rablement intensifi\u00e9e ces derni\u00e8res ann\u00e9es &#8211; avec des cons\u00e9quences potentiellement graves pour la condition et l\u2019entretien de nos for\u00eats.<\/strong><\/p>\n<p><span id=\"more-415521\"><\/span>D\u00e9j\u00e0 lors de la r\u00e9union du Conseil municipal d&rsquo;Amel le 22 mars, Spies a interrog\u00e9 le juge profond responsable des goulots d&rsquo;\u00e9tranglement en personnel et en gestion. Il \u00e9tait clair que la situation continuerait de s&rsquo;aggraver m\u00eame gr\u00e2ce \u00e0 la retraite \u00e0 venir.<\/p>\n<p>Les neuf maires des communaut\u00e9s DG avaient donc envoy\u00e9 une lettre conjointe au ministre responsable Anne-Catherine Dalcq (MR) pour souligner la gravit\u00e9 de la situation &#8211; jusqu&rsquo;\u00e0 pr\u00e9sent, il y a eu une r\u00e9ponse.<\/p>\n<div id=\"attachment_411538\" class=\"wp-caption alignleft\" style=\"max-width: 240px\"><img fetchpriority=\"high\" decoding=\"async\" class=\"wp-image-411538 size-medium\" src=\"https:\/\/vieassociative.be\/actualites\/wp-content\/uploads\/2025\/03\/Patrick-Spies-appelle-a-des-mesures-accrues-pour-prevenir-les.jpg\" alt=\"\" width=\"240\" height=\"300\"><\/p>\n<p class=\"wp-caption-text\">Le membre r\u00e9gional de Belge de l&rsquo;Est, Patrick Spies (SP \/ PS), au Parlement du Wallon. Photo: PS<\/p>\n<\/div>\n<p><strong>&#8211; Les d\u00e9faillances du personnel sont menac\u00e9es par les bureaux forestiers:<\/strong> Comme on peut le voir dans la lettre des municipalit\u00e9s, les bureaux forestiers de B\u00fcllingen, Elsenborn, Eupen et St. Vith manquent dans presque toutes les zones du personnel: le forestier, les travailleurs forestiers et le personnel administratif font de plus en plus d\u00e9faut &#8211; les corps centraux ont \u00e9t\u00e9 vacants pendant des mois ou menacent de rester vacants. D&rsquo;ici 2027, jusqu&rsquo;\u00e0 12 postes de Forester de la r\u00e9gion sur 40 seront probablement \u00e9limin\u00e9s &#8211; cela correspond \u00e0 pr\u00e8s d&rsquo;un tiers de l&rsquo;ensemble du personnel allemand. Selon les espions, la situation \u00e0 Eupen et \u00e0 St. Vith est particuli\u00e8rement critique, o\u00f9 moins de 60% du Forester n\u00e9cessaire doit s&rsquo;attendre \u00e0 un avenir proche.<\/p>\n<p><strong>&#8211; La politique d&rsquo;aust\u00e9rit\u00e9 resserre la crise:<\/strong> Les mesures d&rsquo;\u00e9pargne actuelles du gouvernement r\u00e9gional sont \u00e9galement une raison importante de la situation tendue. Les r\u00e9ductions du domaine du personnel et des ressources ont un impact notable sur la capacit\u00e9 de travail du DNF (D\u00e9partement de la nature et des pour For\u00eat). Malgr\u00e9 de multiples r\u00e9f\u00e9rences et des avertissements en b\u00e9ton, le gouvernement de la r\u00e9gion de Walloon n&rsquo;a jusqu&rsquo;\u00e0 pr\u00e9sent pas \u00e9t\u00e9 suffisamment d\u00e9fini pour contrer l&rsquo;effondrement imminent.<\/p>\n<p><strong>&#8211; Les espions apportent un sujet au Parlement r\u00e9gional:<\/strong> Compte tenu des signaux alarmants, Patrick Spies a abord\u00e9 le probl\u00e8me le 12 mai dans le comit\u00e9 responsable du Parlement Walloon. Dans une question orale au ministre Dalcq, il l&rsquo;a confront\u00e9e aux pr\u00e9occupations des communaut\u00e9s et a pos\u00e9 des questions sp\u00e9cifiquement sur les solutions.<\/p>\n<div id=\"attachment_415526\" class=\"wp-caption alignleft\" style=\"max-width: 300px\"><img decoding=\"async\" class=\"wp-image-415526 size-medium\" src=\"https:\/\/vieassociative.be\/actualites\/wp-content\/uploads\/2025\/05\/Patrick-Spies-SP-PS-stimule-lalarme-La-politique-dausterite.jpg\" alt=\"\" width=\"300\" height=\"225\"><\/p>\n<p class=\"wp-caption-text\">Paysage avec une gestion des for\u00eats \u00e0 feuilles caduques \u00e0 Virton dans le sud de la province du Luxembourg. Photo: Shutterstock<\/p>\n<\/div>\n<p>\u00ab\u00a0Il ne suffit pas de prendre note du probl\u00e8me &#8211; nous avons besoin de mesures concr\u00e8tes pour garantir que la gestion foresti\u00e8re capable d&rsquo;agir\u00a0\u00bb, a d\u00e9clar\u00e9 Spies. Le ministre a d\u00e9clar\u00e9 que les proc\u00e9dures de recrutement pour les cantons d&rsquo;Eupen, B\u00fcllingen et St. Vith fonctionnent d\u00e9j\u00e0, mais du point de vue des espions, ce n&rsquo;est pas suffisant: \u00ab\u00a0Que peut utiliser si les positions cl\u00e9s centrales restent vacantes pendant des mois ou m\u00eame pendant des ann\u00e9es et que les t\u00e2ches r\u00e9guli\u00e8res des bureaux peuvent difficilement \u00eatre remplies?\u00a0\u00bb<\/p>\n<p><strong>&#8211; Les for\u00eats ont besoin de sp\u00e9cialistes:<\/strong> Dans leur lettre, les municipalit\u00e9s soulignent \u00e0 juste titre que la conversion des for\u00eats, les changements climatiques, la population de jeux et les exigences touristiques n\u00e9cessitent beaucoup plus au lieu de moins de personnel. Une administration foresti\u00e8re fonctionnelle est \u00e9galement \u00e9conomiquement centrale &#8211; pour les communaut\u00e9s ainsi que pour la r\u00e9gion.<\/p>\n<p>\u00ab\u00a0Notre Forester est l&rsquo;\u00e9pine dorsale d&rsquo;une foresterie durable. Sans eux, ni les soins forestiers ni la protection contre les incendies n&rsquo;est possible. La p\u00e9nurie de personnel n&rsquo;est pas un probl\u00e8me administratif abstrait, mais un danger concr\u00e8te pour notre nature, nos communaut\u00e9s et nos int\u00e9r\u00eats \u00e9conomiques\u00a0\u00bb, conclut Patrick Spies. Il exhorte le ministre \u00e0 agir rapidement et \u00e0 d\u00e9terminer &#8211; avant que les goulots d&rsquo;\u00e9tranglement du personnel ne m\u00e8nent \u00e0 une pleine incapacit\u00e9 \u00e0 agir.<\/p>\n","protected":false},"excerpt":{"rendered":"<p>Le membre r\u00e9gional de Walloon et membre Ameler du Conseil municipal Patrick Spies (SP \/ PS) s\u2019alarme: la situation du personnel dans les bureaux des<\/p>\n","protected":false},"author":1,"featured_media":7588,"comment_status":"","ping_status":"","sticky":false,"template":"","format":"standard","meta":{"footnotes":""},"categories":[298],"tags":[7023,5332,3798,7022,4345,3060,126,3954,3471,1513,1184,5919,7021],"class_list":["post-7587","post","type-post","status-publish","format-standard","has-post-thumbnail","hentry","category-belgique","tag-bureaux","tag-dausterite","tag-foret","tag-lalarme","tag-nont","tag-nos","tag-pas","tag-patrick","tag-personnel","tag-politique","tag-rencontre","tag-spies","tag-stimule","generate-columns","tablet-grid-50","mobile-grid-100","grid-parent","grid-33"],"yoast_head":"<!-- This site is optimized with the Yoast SEO plugin v24.0 - https:\/\/yoast.com\/wordpress\/plugins\/seo\/ -->\n<title>Patrick Spies (SP \/ PS) stimule l&#039;alarme: &quot;La politique d&#039;aust\u00e9rit\u00e9 rencontre la for\u00eat - nos bureaux de for\u00eat n&#039;ont pas le personnel&quot; | Vie Associative<\/title>\n<meta name=\"robots\" content=\"index, follow, max-snippet:-1, max-image-preview:large, max-video-preview:-1\" \/>\n<link rel=\"canonical\" href=\"https:\/\/vieassociative.be\/actualites\/patrick-spies-sp-ps-stimule-lalarme-la-politique-dausterite-rencontre-la-foret-nos-bureaux-de-foret-nont-pas-le-personnel\/\" \/>\n<meta property=\"og:locale\" content=\"fr_FR\" \/>\n<meta property=\"og:type\" content=\"article\" \/>\n<meta property=\"og:title\" content=\"Patrick Spies (SP \/ PS) stimule l&#039;alarme: &quot;La politique d&#039;aust\u00e9rit\u00e9 rencontre la for\u00eat - nos bureaux de for\u00eat n&#039;ont pas le personnel&quot; | Vie Associative\" \/>\n<meta property=\"og:description\" content=\"Le membre r\u00e9gional de Walloon et membre Ameler du Conseil municipal Patrick Spies (SP \/ PS) s\u2019alarme: la situation du personnel dans les bureaux des\" \/>\n<meta property=\"og:url\" content=\"https:\/\/vieassociative.be\/actualites\/patrick-spies-sp-ps-stimule-lalarme-la-politique-dausterite-rencontre-la-foret-nos-bureaux-de-foret-nont-pas-le-personnel\/\" \/>\n<meta property=\"og:site_name\" content=\"Vie Associative\" \/>\n<meta property=\"article:published_time\" content=\"2025-05-15T14:18:06+00:00\" \/>\n<meta property=\"og:image\" content=\"https:\/\/vieassociative.be\/actualites\/wp-content\/uploads\/2024\/09\/header_backgroundk-01-e1726694325946.png\" \/>\n\t<meta property=\"og:image:width\" content=\"279\" \/>\n\t<meta property=\"og:image:height\" content=\"92\" \/>\n\t<meta property=\"og:image:type\" content=\"image\/png\" \/>\n<meta name=\"author\" content=\"Julien\" \/>\n<meta name=\"twitter:card\" content=\"summary_large_image\" \/>\n<meta name=\"twitter:label1\" content=\"\u00c9crit par\" \/>\n\t<meta name=\"twitter:data1\" content=\"Julien\" \/>\n\t<meta name=\"twitter:label2\" content=\"Dur\u00e9e de lecture est.\" \/>\n\t<meta name=\"twitter:data2\" content=\"3 minutes\" \/>\n<script type=\"application\/ld+json\" class=\"yoast-schema-graph\">{\"@context\":\"https:\/\/schema.org\",\"@graph\":[{\"@type\":\"Article\",\"@id\":\"https:\/\/vieassociative.be\/actualites\/patrick-spies-sp-ps-stimule-lalarme-la-politique-dausterite-rencontre-la-foret-nos-bureaux-de-foret-nont-pas-le-personnel\/#article\",\"isPartOf\":{\"@id\":\"https:\/\/vieassociative.be\/actualites\/patrick-spies-sp-ps-stimule-lalarme-la-politique-dausterite-rencontre-la-foret-nos-bureaux-de-foret-nont-pas-le-personnel\/\"},\"author\":{\"name\":\"Julien\",\"@id\":\"https:\/\/vieassociative.be\/actualites\/#\/schema\/person\/b87ac4f82f9d4e7b7cec7395b679edc4\"},\"headline\":\"Patrick Spies (SP \/ PS) stimule l&rsquo;alarme: \u00ab\u00a0La politique d&rsquo;aust\u00e9rit\u00e9 rencontre la for\u00eat &#8211; nos bureaux de for\u00eat n&rsquo;ont pas le personnel\u00a0\u00bb\",\"datePublished\":\"2025-05-15T14:18:06+00:00\",\"dateModified\":\"2025-05-15T14:18:06+00:00\",\"mainEntityOfPage\":{\"@id\":\"https:\/\/vieassociative.be\/actualites\/patrick-spies-sp-ps-stimule-lalarme-la-politique-dausterite-rencontre-la-foret-nos-bureaux-de-foret-nont-pas-le-personnel\/\"},\"wordCount\":741,\"publisher\":{\"@id\":\"https:\/\/vieassociative.be\/actualites\/#organization\"},\"image\":{\"@id\":\"https:\/\/vieassociative.be\/actualites\/patrick-spies-sp-ps-stimule-lalarme-la-politique-dausterite-rencontre-la-foret-nos-bureaux-de-foret-nont-pas-le-personnel\/#primaryimage\"},\"thumbnailUrl\":\"https:\/\/vieassociative.be\/actualites\/wp-content\/uploads\/2025\/05\/1747318687_Patrick-Spies-SP-PS-stimule-lalarme-La-politique-dausterite.jpg\",\"keywords\":[\"bureaux\",\"daust\u00e9rit\u00e9\",\"for\u00eat\",\"lalarme\",\"nont\",\"nos\",\"pas\",\"Patrick\",\"personnel\",\"politique\",\"rencontre\",\"Spies\",\"stimule\"],\"articleSection\":[\"Belgique\"],\"inLanguage\":\"fr-BE\"},{\"@type\":\"WebPage\",\"@id\":\"https:\/\/vieassociative.be\/actualites\/patrick-spies-sp-ps-stimule-lalarme-la-politique-dausterite-rencontre-la-foret-nos-bureaux-de-foret-nont-pas-le-personnel\/\",\"url\":\"https:\/\/vieassociative.be\/actualites\/patrick-spies-sp-ps-stimule-lalarme-la-politique-dausterite-rencontre-la-foret-nos-bureaux-de-foret-nont-pas-le-personnel\/\",\"name\":\"Patrick Spies (SP \/ PS) stimule l'alarme: \\\"La politique d'aust\u00e9rit\u00e9 rencontre la for\u00eat - nos bureaux de for\u00eat n'ont pas le personnel\\\" | Vie Associative\",\"isPartOf\":{\"@id\":\"https:\/\/vieassociative.be\/actualites\/#website\"},\"primaryImageOfPage\":{\"@id\":\"https:\/\/vieassociative.be\/actualites\/patrick-spies-sp-ps-stimule-lalarme-la-politique-dausterite-rencontre-la-foret-nos-bureaux-de-foret-nont-pas-le-personnel\/#primaryimage\"},\"image\":{\"@id\":\"https:\/\/vieassociative.be\/actualites\/patrick-spies-sp-ps-stimule-lalarme-la-politique-dausterite-rencontre-la-foret-nos-bureaux-de-foret-nont-pas-le-personnel\/#primaryimage\"},\"thumbnailUrl\":\"https:\/\/vieassociative.be\/actualites\/wp-content\/uploads\/2025\/05\/1747318687_Patrick-Spies-SP-PS-stimule-lalarme-La-politique-dausterite.jpg\",\"datePublished\":\"2025-05-15T14:18:06+00:00\",\"dateModified\":\"2025-05-15T14:18:06+00:00\",\"breadcrumb\":{\"@id\":\"https:\/\/vieassociative.be\/actualites\/patrick-spies-sp-ps-stimule-lalarme-la-politique-dausterite-rencontre-la-foret-nos-bureaux-de-foret-nont-pas-le-personnel\/#breadcrumb\"},\"inLanguage\":\"fr-BE\",\"potentialAction\":[{\"@type\":\"ReadAction\",\"target\":[\"https:\/\/vieassociative.be\/actualites\/patrick-spies-sp-ps-stimule-lalarme-la-politique-dausterite-rencontre-la-foret-nos-bureaux-de-foret-nont-pas-le-personnel\/\"]}]},{\"@type\":\"ImageObject\",\"inLanguage\":\"fr-BE\",\"@id\":\"https:\/\/vieassociative.be\/actualites\/patrick-spies-sp-ps-stimule-lalarme-la-politique-dausterite-rencontre-la-foret-nos-bureaux-de-foret-nont-pas-le-personnel\/#primaryimage\",\"url\":\"https:\/\/vieassociative.be\/actualites\/wp-content\/uploads\/2025\/05\/1747318687_Patrick-Spies-SP-PS-stimule-lalarme-La-politique-dausterite.jpg\",\"contentUrl\":\"https:\/\/vieassociative.be\/actualites\/wp-content\/uploads\/2025\/05\/1747318687_Patrick-Spies-SP-PS-stimule-lalarme-La-politique-dausterite.jpg\",\"width\":1200,\"height\":796,\"caption\":\"Patrick Spies (SP \/ PS) stimule l'alarme: \\\"La politique d'aust\u00e9rit\u00e9 rencontre la for\u00eat - nos bureaux de for\u00eat n'ont pas le personnel\\\"\"},{\"@type\":\"BreadcrumbList\",\"@id\":\"https:\/\/vieassociative.be\/actualites\/patrick-spies-sp-ps-stimule-lalarme-la-politique-dausterite-rencontre-la-foret-nos-bureaux-de-foret-nont-pas-le-personnel\/#breadcrumb\",\"itemListElement\":[{\"@type\":\"ListItem\",\"position\":1,\"name\":\"Accueil\",\"item\":\"https:\/\/vieassociative.be\/actualites\/\"},{\"@type\":\"ListItem\",\"position\":2,\"name\":\"Patrick Spies (SP \/ PS) stimule l&rsquo;alarme: \u00ab\u00a0La politique d&rsquo;aust\u00e9rit\u00e9 rencontre la for\u00eat &#8211; nos bureaux de for\u00eat n&rsquo;ont pas le personnel\u00a0\u00bb\"}]},{\"@type\":\"WebSite\",\"@id\":\"https:\/\/vieassociative.be\/actualites\/#website\",\"url\":\"https:\/\/vieassociative.be\/actualites\/\",\"name\":\"Vie Associative\",\"description\":\"\",\"publisher\":{\"@id\":\"https:\/\/vieassociative.be\/actualites\/#organization\"},\"potentialAction\":[{\"@type\":\"SearchAction\",\"target\":{\"@type\":\"EntryPoint\",\"urlTemplate\":\"https:\/\/vieassociative.be\/actualites\/?s={search_term_string}\"},\"query-input\":{\"@type\":\"PropertyValueSpecification\",\"valueRequired\":true,\"valueName\":\"search_term_string\"}}],\"inLanguage\":\"fr-BE\"},{\"@type\":\"Organization\",\"@id\":\"https:\/\/vieassociative.be\/actualites\/#organization\",\"name\":\"Vie Associative\",\"url\":\"https:\/\/vieassociative.be\/actualites\/\",\"logo\":{\"@type\":\"ImageObject\",\"inLanguage\":\"fr-BE\",\"@id\":\"https:\/\/vieassociative.be\/actualites\/#\/schema\/logo\/image\/\",\"url\":\"https:\/\/vieassociative.be\/actualites\/wp-content\/uploads\/2024\/09\/cropped-vieassociative_favicon.ico.png\",\"contentUrl\":\"https:\/\/vieassociative.be\/actualites\/wp-content\/uploads\/2024\/09\/cropped-vieassociative_favicon.ico.png\",\"width\":512,\"height\":512,\"caption\":\"Vie Associative\"},\"image\":{\"@id\":\"https:\/\/vieassociative.be\/actualites\/#\/schema\/logo\/image\/\"}},{\"@type\":\"Person\",\"@id\":\"https:\/\/vieassociative.be\/actualites\/#\/schema\/person\/b87ac4f82f9d4e7b7cec7395b679edc4\",\"name\":\"Julien\",\"image\":{\"@type\":\"ImageObject\",\"inLanguage\":\"fr-BE\",\"@id\":\"https:\/\/vieassociative.be\/actualites\/#\/schema\/person\/image\/\",\"url\":\"https:\/\/vieassociative.be\/actualites\/wp-content\/uploads\/2024\/09\/vie-associative-1-150x150.jpg\",\"contentUrl\":\"https:\/\/vieassociative.be\/actualites\/wp-content\/uploads\/2024\/09\/vie-associative-1-150x150.jpg\",\"caption\":\"Julien\"},\"description\":\"Je suis Julien, r\u00e9dacteur pour Vie Associative. Passionn\u00e9 par le monde associatif depuis plus de 10 ans, j'ai \u00e0 c\u0153ur de partager des histoires inspirantes et de mettre en lumi\u00e8re les initiatives locales. Mon objectif est de sensibiliser et d'encourager l'engagement communautaire \u00e0 travers mes articles.\",\"sameAs\":[\"https:\/\/vieassociative.be\/\"]}]}<\/script>\n<!-- \/ Yoast SEO plugin. -->","yoast_head_json":{"title":"Patrick Spies (SP \/ PS) stimule l'alarme: \"La politique d'aust\u00e9rit\u00e9 rencontre la for\u00eat - nos bureaux de for\u00eat n'ont pas le personnel\" | Vie Associative","robots":{"index":"index","follow":"follow","max-snippet":"max-snippet:-1","max-image-preview":"max-image-preview:large","max-video-preview":"max-video-preview:-1"},"canonical":"https:\/\/vieassociative.be\/actualites\/patrick-spies-sp-ps-stimule-lalarme-la-politique-dausterite-rencontre-la-foret-nos-bureaux-de-foret-nont-pas-le-personnel\/","og_locale":"fr_FR","og_type":"article","og_title":"Patrick Spies (SP \/ PS) stimule l'alarme: \"La politique d'aust\u00e9rit\u00e9 rencontre la for\u00eat - nos bureaux de for\u00eat n'ont pas le personnel\" | Vie Associative","og_description":"Le membre r\u00e9gional de Walloon et membre Ameler du Conseil municipal Patrick Spies (SP \/ PS) s\u2019alarme: la situation du personnel dans les bureaux des","og_url":"https:\/\/vieassociative.be\/actualites\/patrick-spies-sp-ps-stimule-lalarme-la-politique-dausterite-rencontre-la-foret-nos-bureaux-de-foret-nont-pas-le-personnel\/","og_site_name":"Vie Associative","article_published_time":"2025-05-15T14:18:06+00:00","og_image":[{"width":279,"height":92,"url":"https:\/\/vieassociative.be\/actualites\/wp-content\/uploads\/2024\/09\/header_backgroundk-01-e1726694325946.png","type":"image\/png"}],"author":"Julien","twitter_card":"summary_large_image","twitter_misc":{"\u00c9crit par":"Julien","Dur\u00e9e de lecture est.":"3 minutes"},"schema":{"@context":"https:\/\/schema.org","@graph":[{"@type":"Article","@id":"https:\/\/vieassociative.be\/actualites\/patrick-spies-sp-ps-stimule-lalarme-la-politique-dausterite-rencontre-la-foret-nos-bureaux-de-foret-nont-pas-le-personnel\/#article","isPartOf":{"@id":"https:\/\/vieassociative.be\/actualites\/patrick-spies-sp-ps-stimule-lalarme-la-politique-dausterite-rencontre-la-foret-nos-bureaux-de-foret-nont-pas-le-personnel\/"},"author":{"name":"Julien","@id":"https:\/\/vieassociative.be\/actualites\/#\/schema\/person\/b87ac4f82f9d4e7b7cec7395b679edc4"},"headline":"Patrick Spies (SP \/ PS) stimule l&rsquo;alarme: \u00ab\u00a0La politique d&rsquo;aust\u00e9rit\u00e9 rencontre la for\u00eat &#8211; nos bureaux de for\u00eat n&rsquo;ont pas le personnel\u00a0\u00bb","datePublished":"2025-05-15T14:18:06+00:00","dateModified":"2025-05-15T14:18:06+00:00","mainEntityOfPage":{"@id":"https:\/\/vieassociative.be\/actualites\/patrick-spies-sp-ps-stimule-lalarme-la-politique-dausterite-rencontre-la-foret-nos-bureaux-de-foret-nont-pas-le-personnel\/"},"wordCount":741,"publisher":{"@id":"https:\/\/vieassociative.be\/actualites\/#organization"},"image":{"@id":"https:\/\/vieassociative.be\/actualites\/patrick-spies-sp-ps-stimule-lalarme-la-politique-dausterite-rencontre-la-foret-nos-bureaux-de-foret-nont-pas-le-personnel\/#primaryimage"},"thumbnailUrl":"https:\/\/vieassociative.be\/actualites\/wp-content\/uploads\/2025\/05\/1747318687_Patrick-Spies-SP-PS-stimule-lalarme-La-politique-dausterite.jpg","keywords":["bureaux","daust\u00e9rit\u00e9","for\u00eat","lalarme","nont","nos","pas","Patrick","personnel","politique","rencontre","Spies","stimule"],"articleSection":["Belgique"],"inLanguage":"fr-BE"},{"@type":"WebPage","@id":"https:\/\/vieassociative.be\/actualites\/patrick-spies-sp-ps-stimule-lalarme-la-politique-dausterite-rencontre-la-foret-nos-bureaux-de-foret-nont-pas-le-personnel\/","url":"https:\/\/vieassociative.be\/actualites\/patrick-spies-sp-ps-stimule-lalarme-la-politique-dausterite-rencontre-la-foret-nos-bureaux-de-foret-nont-pas-le-personnel\/","name":"Patrick Spies (SP \/ PS) stimule l'alarme: \"La politique d'aust\u00e9rit\u00e9 rencontre la for\u00eat - nos bureaux de for\u00eat n'ont pas le personnel\" | Vie Associative","isPartOf":{"@id":"https:\/\/vieassociative.be\/actualites\/#website"},"primaryImageOfPage":{"@id":"https:\/\/vieassociative.be\/actualites\/patrick-spies-sp-ps-stimule-lalarme-la-politique-dausterite-rencontre-la-foret-nos-bureaux-de-foret-nont-pas-le-personnel\/#primaryimage"},"image":{"@id":"https:\/\/vieassociative.be\/actualites\/patrick-spies-sp-ps-stimule-lalarme-la-politique-dausterite-rencontre-la-foret-nos-bureaux-de-foret-nont-pas-le-personnel\/#primaryimage"},"thumbnailUrl":"https:\/\/vieassociative.be\/actualites\/wp-content\/uploads\/2025\/05\/1747318687_Patrick-Spies-SP-PS-stimule-lalarme-La-politique-dausterite.jpg","datePublished":"2025-05-15T14:18:06+00:00","dateModified":"2025-05-15T14:18:06+00:00","breadcrumb":{"@id":"https:\/\/vieassociative.be\/actualites\/patrick-spies-sp-ps-stimule-lalarme-la-politique-dausterite-rencontre-la-foret-nos-bureaux-de-foret-nont-pas-le-personnel\/#breadcrumb"},"inLanguage":"fr-BE","potentialAction":[{"@type":"ReadAction","target":["https:\/\/vieassociative.be\/actualites\/patrick-spies-sp-ps-stimule-lalarme-la-politique-dausterite-rencontre-la-foret-nos-bureaux-de-foret-nont-pas-le-personnel\/"]}]},{"@type":"ImageObject","inLanguage":"fr-BE","@id":"https:\/\/vieassociative.be\/actualites\/patrick-spies-sp-ps-stimule-lalarme-la-politique-dausterite-rencontre-la-foret-nos-bureaux-de-foret-nont-pas-le-personnel\/#primaryimage","url":"https:\/\/vieassociative.be\/actualites\/wp-content\/uploads\/2025\/05\/1747318687_Patrick-Spies-SP-PS-stimule-lalarme-La-politique-dausterite.jpg","contentUrl":"https:\/\/vieassociative.be\/actualites\/wp-content\/uploads\/2025\/05\/1747318687_Patrick-Spies-SP-PS-stimule-lalarme-La-politique-dausterite.jpg","width":1200,"height":796,"caption":"Patrick Spies (SP \/ PS) stimule l'alarme: \"La politique d'aust\u00e9rit\u00e9 rencontre la for\u00eat - nos bureaux de for\u00eat n'ont pas le personnel\""},{"@type":"BreadcrumbList","@id":"https:\/\/vieassociative.be\/actualites\/patrick-spies-sp-ps-stimule-lalarme-la-politique-dausterite-rencontre-la-foret-nos-bureaux-de-foret-nont-pas-le-personnel\/#breadcrumb","itemListElement":[{"@type":"ListItem","position":1,"name":"Accueil","item":"https:\/\/vieassociative.be\/actualites\/"},{"@type":"ListItem","position":2,"name":"Patrick Spies (SP \/ PS) stimule l&rsquo;alarme: \u00ab\u00a0La politique d&rsquo;aust\u00e9rit\u00e9 rencontre la for\u00eat &#8211; nos bureaux de for\u00eat n&rsquo;ont pas le personnel\u00a0\u00bb"}]},{"@type":"WebSite","@id":"https:\/\/vieassociative.be\/actualites\/#website","url":"https:\/\/vieassociative.be\/actualites\/","name":"Vie Associative","description":"","publisher":{"@id":"https:\/\/vieassociative.be\/actualites\/#organization"},"potentialAction":[{"@type":"SearchAction","target":{"@type":"EntryPoint","urlTemplate":"https:\/\/vieassociative.be\/actualites\/?s={search_term_string}"},"query-input":{"@type":"PropertyValueSpecification","valueRequired":true,"valueName":"search_term_string"}}],"inLanguage":"fr-BE"},{"@type":"Organization","@id":"https:\/\/vieassociative.be\/actualites\/#organization","name":"Vie Associative","url":"https:\/\/vieassociative.be\/actualites\/","logo":{"@type":"ImageObject","inLanguage":"fr-BE","@id":"https:\/\/vieassociative.be\/actualites\/#\/schema\/logo\/image\/","url":"https:\/\/vieassociative.be\/actualites\/wp-content\/uploads\/2024\/09\/cropped-vieassociative_favicon.ico.png","contentUrl":"https:\/\/vieassociative.be\/actualites\/wp-content\/uploads\/2024\/09\/cropped-vieassociative_favicon.ico.png","width":512,"height":512,"caption":"Vie Associative"},"image":{"@id":"https:\/\/vieassociative.be\/actualites\/#\/schema\/logo\/image\/"}},{"@type":"Person","@id":"https:\/\/vieassociative.be\/actualites\/#\/schema\/person\/b87ac4f82f9d4e7b7cec7395b679edc4","name":"Julien","image":{"@type":"ImageObject","inLanguage":"fr-BE","@id":"https:\/\/vieassociative.be\/actualites\/#\/schema\/person\/image\/","url":"https:\/\/vieassociative.be\/actualites\/wp-content\/uploads\/2024\/09\/vie-associative-1-150x150.jpg","contentUrl":"https:\/\/vieassociative.be\/actualites\/wp-content\/uploads\/2024\/09\/vie-associative-1-150x150.jpg","caption":"Julien"},"description":"Je suis Julien, r\u00e9dacteur pour Vie Associative. Passionn\u00e9 par le monde associatif depuis plus de 10 ans, j'ai \u00e0 c\u0153ur de partager des histoires inspirantes et de mettre en lumi\u00e8re les initiatives locales. Mon objectif est de sensibiliser et d'encourager l'engagement communautaire \u00e0 travers mes articles.","sameAs":["https:\/\/vieassociative.be\/"]}]}},"_links":{"self":[{"href":"https:\/\/vieassociative.be\/actualites\/wp-json\/wp\/v2\/posts\/7587"}],"collection":[{"href":"https:\/\/vieassociative.be\/actualites\/wp-json\/wp\/v2\/posts"}],"about":[{"href":"https:\/\/vieassociative.be\/actualites\/wp-json\/wp\/v2\/types\/post"}],"author":[{"embeddable":true,"href":"https:\/\/vieassociative.be\/actualites\/wp-json\/wp\/v2\/users\/1"}],"replies":[{"embeddable":true,"href":"https:\/\/vieassociative.be\/actualites\/wp-json\/wp\/v2\/comments?post=7587"}],"version-history":[{"count":0,"href":"https:\/\/vieassociative.be\/actualites\/wp-json\/wp\/v2\/posts\/7587\/revisions"}],"wp:featuredmedia":[{"embeddable":true,"href":"https:\/\/vieassociative.be\/actualites\/wp-json\/wp\/v2\/media\/7588"}],"wp:attachment":[{"href":"https:\/\/vieassociative.be\/actualites\/wp-json\/wp\/v2\/media?parent=7587"}],"wp:term":[{"taxonomy":"category","embeddable":true,"href":"https:\/\/vieassociative.be\/actualites\/wp-json\/wp\/v2\/categories?post=7587"},{"taxonomy":"post_tag","embeddable":true,"href":"https:\/\/vieassociative.be\/actualites\/wp-json\/wp\/v2\/tags?post=7587"}],"curies":[{"name":"wp","href":"https:\/\/api.w.org\/{rel}","templated":true}]}}