{"id":7578,"date":"2025-05-15T04:16:58","date_gmt":"2025-05-15T02:16:58","guid":{"rendered":"https:\/\/vieassociative.be\/actualites\/le-pape-leo-xiv-accueille-la-star-du-tennis-jannik-sinner\/"},"modified":"2025-05-15T04:16:58","modified_gmt":"2025-05-15T02:16:58","slug":"le-pape-leo-xiv-accueille-la-star-du-tennis-jannik-sinner","status":"publish","type":"post","link":"https:\/\/vieassociative.be\/actualites\/le-pape-leo-xiv-accueille-la-star-du-tennis-jannik-sinner\/","title":{"rendered":"Le pape Leo XIV accueille la star du tennis Jannik Sinner"},"content":{"rendered":"<p><strong>Si le nouveau pape est un fan de tennis, visiter le classement mondial d&rsquo;Italie ne long pas longtemps. Malgr\u00e9 les raquettes, cependant, les deux n&rsquo;ont pas jou\u00e9 de match.<\/strong><\/p>\n<p><span id=\"more-415492\"><\/span>L&rsquo;un des premiers publics priv\u00e9s du pape Leo XIV \u00e9tait une star du sport: Pontifex, qui \u00e9tait enthousiaste \u00e0 propos du tennis, a re\u00e7u le classement mondial italien de Jannik Sinner au Vatican. Entre autres choses, la famille de l&rsquo;homme de 23 ans et le pr\u00e9sident de l&rsquo;association de tennis italienne, Angelo Binaghi.<\/p>\n<p>Ils ont apport\u00e9 deux troph\u00e9es au nouveau chef de l&rsquo;\u00e9glise catholique: la Coupe Davis et la Billie Jean King Cup, remport\u00e9e par les \u00e9quipes de s\u00e9lection italiennes d&rsquo;hommes et de femmes en 2024.<\/p>\n<\/p>\n<div id=\"attachment_415497\" class=\"wp-caption alignleft\" style=\"max-width: 300px\"><img fetchpriority=\"high\" decoding=\"async\" class=\"wp-image-415497 size-medium\" src=\"https:\/\/vieassociative.be\/actualites\/wp-content\/uploads\/2025\/05\/Le-pape-Leo-XIV-accueille-la-star-du-tennis-Jannik.jpg\" alt=\"\" width=\"300\" height=\"200\"><\/p>\n<p class=\"wp-caption-text\">14.05.2025, Vatican, Vatican City: Le joueur de tennis italien Jannik Sinner (L) lors d&rsquo;une r\u00e9union avec le pape Leo XIV au Vatican lors d&rsquo;un priv\u00e9. Photo: &#8211; \/ Vatican Media \/ DPA<\/p>\n<\/div>\n<p><strong>&#8211; Pas de rassemblements spontan\u00e9s au Vatican:<\/strong><br \/>\n \u00ab\u00a0Tu veux jouer un peu?\u00a0\u00bb Sinner a demand\u00e9 au Pontifex visiblement amus\u00e9 lors de la r\u00e9union dans un b\u00e2timent du Vatican. \u00ab\u00a0Non,\u00a0\u00bb r\u00e9pondit le pape et devait rire. \u00ab\u00a0Sinon, tout d\u00e9compose ici.\u00a0\u00bb Le Saint-P\u00e8re a plaisant\u00e9 avec l&rsquo;un des voyous du p\u00e9cheur \u00e0 la main: \u00ab\u00a0Avec cela, ils me laisseraient aller \u00e0 Wimbledon.\u00a0\u00bb<\/p>\n<p>Leo XIV., Le tribunal Robert Francis Prevost, est consid\u00e9r\u00e9 comme un grand fan de tennis. D\u00e9j\u00e0 lundi, le pape \u00e9tait ouvert \u00e0 un match de tennis avantageux en faveur de la mission papale. \u00ab\u00a0Tant qu&rsquo;ils n&rsquo;apportent pas leurs Siners\u00a0\u00bb, a-t-il d\u00e9clar\u00e9. La blague est dans le nom &#8211; en anglais \u00ab\u00a0p\u00e9cheur\u00a0\u00bb signifie quelque chose comme \u00ab\u00a0p\u00e9cheur\u00a0\u00bb.<\/p>\n<p><strong>&#8211; Jeu de prestations entre le pape et le p\u00e9cheur?<\/strong> Jannik Sinner lui-m\u00eame a r\u00e9agi avec l&rsquo;humour lors d&rsquo;une conf\u00e9rence de presse. \u00ab\u00a0Jouer avec le pape? Pourquoi me causez-vous des ennuis?\u00a0\u00bb A not\u00e9 le num\u00e9ro un dans le monde du tennis. \u00ab\u00a0Pour nous, les joueurs de tennis, il est agr\u00e9able de savoir que le pape aime notre sport.\u00a0\u00bb Sinner est actuellement utilis\u00e9 au tournoi Masters 1000 \u00e0 Rome pour la premi\u00e8re fois apr\u00e8s sa serrure de dopage de trois mois. (DPA)<\/p>\n<div id=\"attachment_415495\" class=\"wp-caption alignleft\" style=\"max-width: 300px\"><img decoding=\"async\" class=\"wp-image-415495 size-medium\" src=\"https:\/\/vieassociative.be\/actualites\/wp-content\/uploads\/2025\/05\/1747275418_888_Le-pape-Leo-XIV-accueille-la-star-du-tennis-Jannik.jpg\" alt=\"\" width=\"300\" height=\"200\"><\/p>\n<p class=\"wp-caption-text\">14.05.2025, Vatican, Vatican City: Le joueur de tennis italien Jannik Sinner (M., L) lors d&rsquo;une r\u00e9union avec le pape Leo XIV au Vatican lors d&rsquo;un priv\u00e9. Photo: Vatican Media \/ IPA via Zum Press \/ DPA<\/p>\n<\/div>\n","protected":false},"excerpt":{"rendered":"<p>Si le nouveau pape est un fan de tennis, visiter le classement mondial d&rsquo;Italie ne long pas longtemps. Malgr\u00e9 les raquettes, cependant, les deux n&rsquo;ont<\/p>\n","protected":false},"author":1,"featured_media":7579,"comment_status":"","ping_status":"","sticky":false,"template":"","format":"standard","meta":{"footnotes":""},"categories":[298],"tags":[2501,7019,6902,4201,4965,7018,5124,6903],"class_list":["post-7578","post","type-post","status-publish","format-standard","has-post-thumbnail","hentry","category-belgique","tag-accueille","tag-jannik","tag-leo","tag-pape","tag-sinner","tag-star","tag-tennis","tag-xiv","generate-columns","tablet-grid-50","mobile-grid-100","grid-parent","grid-33"],"yoast_head":"<!-- This site is optimized with the Yoast SEO plugin v24.0 - https:\/\/yoast.com\/wordpress\/plugins\/seo\/ -->\n<title>Le pape Leo XIV accueille la star du tennis Jannik Sinner | Vie Associative<\/title>\n<meta name=\"robots\" content=\"index, follow, max-snippet:-1, max-image-preview:large, max-video-preview:-1\" \/>\n<link rel=\"canonical\" href=\"https:\/\/vieassociative.be\/actualites\/le-pape-leo-xiv-accueille-la-star-du-tennis-jannik-sinner\/\" \/>\n<meta property=\"og:locale\" content=\"fr_FR\" \/>\n<meta property=\"og:type\" content=\"article\" \/>\n<meta property=\"og:title\" content=\"Le pape Leo XIV accueille la star du tennis Jannik Sinner | Vie Associative\" \/>\n<meta property=\"og:description\" content=\"Si le nouveau pape est un fan de tennis, visiter le classement mondial d&rsquo;Italie ne long pas longtemps. Malgr\u00e9 les raquettes, cependant, les deux n&rsquo;ont\" \/>\n<meta property=\"og:url\" content=\"https:\/\/vieassociative.be\/actualites\/le-pape-leo-xiv-accueille-la-star-du-tennis-jannik-sinner\/\" \/>\n<meta property=\"og:site_name\" content=\"Vie Associative\" \/>\n<meta property=\"article:published_time\" content=\"2025-05-15T02:16:58+00:00\" \/>\n<meta property=\"og:image\" content=\"https:\/\/vieassociative.be\/actualites\/wp-content\/uploads\/2024\/09\/header_backgroundk-01-e1726694325946.png\" \/>\n\t<meta property=\"og:image:width\" content=\"279\" \/>\n\t<meta property=\"og:image:height\" content=\"92\" \/>\n\t<meta property=\"og:image:type\" content=\"image\/png\" \/>\n<meta name=\"author\" content=\"Julien\" \/>\n<meta name=\"twitter:card\" content=\"summary_large_image\" \/>\n<meta name=\"twitter:label1\" content=\"\u00c9crit par\" \/>\n\t<meta name=\"twitter:data1\" content=\"Julien\" \/>\n\t<meta name=\"twitter:label2\" content=\"Dur\u00e9e de lecture est.\" \/>\n\t<meta name=\"twitter:data2\" content=\"2 minutes\" \/>\n<script type=\"application\/ld+json\" class=\"yoast-schema-graph\">{\"@context\":\"https:\/\/schema.org\",\"@graph\":[{\"@type\":\"Article\",\"@id\":\"https:\/\/vieassociative.be\/actualites\/le-pape-leo-xiv-accueille-la-star-du-tennis-jannik-sinner\/#article\",\"isPartOf\":{\"@id\":\"https:\/\/vieassociative.be\/actualites\/le-pape-leo-xiv-accueille-la-star-du-tennis-jannik-sinner\/\"},\"author\":{\"name\":\"Julien\",\"@id\":\"https:\/\/vieassociative.be\/actualites\/#\/schema\/person\/b87ac4f82f9d4e7b7cec7395b679edc4\"},\"headline\":\"Le pape Leo XIV accueille la star du tennis Jannik Sinner\",\"datePublished\":\"2025-05-15T02:16:58+00:00\",\"dateModified\":\"2025-05-15T02:16:58+00:00\",\"mainEntityOfPage\":{\"@id\":\"https:\/\/vieassociative.be\/actualites\/le-pape-leo-xiv-accueille-la-star-du-tennis-jannik-sinner\/\"},\"wordCount\":421,\"publisher\":{\"@id\":\"https:\/\/vieassociative.be\/actualites\/#organization\"},\"image\":{\"@id\":\"https:\/\/vieassociative.be\/actualites\/le-pape-leo-xiv-accueille-la-star-du-tennis-jannik-sinner\/#primaryimage\"},\"thumbnailUrl\":\"https:\/\/vieassociative.be\/actualites\/wp-content\/uploads\/2025\/05\/1747275418_Le-pape-Leo-XIV-accueille-la-star-du-tennis-Jannik.jpg\",\"keywords\":[\"accueille\",\"Jannik\",\"Leo\",\"pape\",\"Sinner\",\"star\",\"Tennis\",\"XIV\"],\"articleSection\":[\"Belgique\"],\"inLanguage\":\"fr-BE\"},{\"@type\":\"WebPage\",\"@id\":\"https:\/\/vieassociative.be\/actualites\/le-pape-leo-xiv-accueille-la-star-du-tennis-jannik-sinner\/\",\"url\":\"https:\/\/vieassociative.be\/actualites\/le-pape-leo-xiv-accueille-la-star-du-tennis-jannik-sinner\/\",\"name\":\"Le pape Leo XIV accueille la star du tennis Jannik Sinner | Vie Associative\",\"isPartOf\":{\"@id\":\"https:\/\/vieassociative.be\/actualites\/#website\"},\"primaryImageOfPage\":{\"@id\":\"https:\/\/vieassociative.be\/actualites\/le-pape-leo-xiv-accueille-la-star-du-tennis-jannik-sinner\/#primaryimage\"},\"image\":{\"@id\":\"https:\/\/vieassociative.be\/actualites\/le-pape-leo-xiv-accueille-la-star-du-tennis-jannik-sinner\/#primaryimage\"},\"thumbnailUrl\":\"https:\/\/vieassociative.be\/actualites\/wp-content\/uploads\/2025\/05\/1747275418_Le-pape-Leo-XIV-accueille-la-star-du-tennis-Jannik.jpg\",\"datePublished\":\"2025-05-15T02:16:58+00:00\",\"dateModified\":\"2025-05-15T02:16:58+00:00\",\"breadcrumb\":{\"@id\":\"https:\/\/vieassociative.be\/actualites\/le-pape-leo-xiv-accueille-la-star-du-tennis-jannik-sinner\/#breadcrumb\"},\"inLanguage\":\"fr-BE\",\"potentialAction\":[{\"@type\":\"ReadAction\",\"target\":[\"https:\/\/vieassociative.be\/actualites\/le-pape-leo-xiv-accueille-la-star-du-tennis-jannik-sinner\/\"]}]},{\"@type\":\"ImageObject\",\"inLanguage\":\"fr-BE\",\"@id\":\"https:\/\/vieassociative.be\/actualites\/le-pape-leo-xiv-accueille-la-star-du-tennis-jannik-sinner\/#primaryimage\",\"url\":\"https:\/\/vieassociative.be\/actualites\/wp-content\/uploads\/2025\/05\/1747275418_Le-pape-Leo-XIV-accueille-la-star-du-tennis-Jannik.jpg\",\"contentUrl\":\"https:\/\/vieassociative.be\/actualites\/wp-content\/uploads\/2025\/05\/1747275418_Le-pape-Leo-XIV-accueille-la-star-du-tennis-Jannik.jpg\",\"width\":2560,\"height\":1707,\"caption\":\"Le pape Leo XIV accueille la star du tennis Jannik Sinner\"},{\"@type\":\"BreadcrumbList\",\"@id\":\"https:\/\/vieassociative.be\/actualites\/le-pape-leo-xiv-accueille-la-star-du-tennis-jannik-sinner\/#breadcrumb\",\"itemListElement\":[{\"@type\":\"ListItem\",\"position\":1,\"name\":\"Accueil\",\"item\":\"https:\/\/vieassociative.be\/actualites\/\"},{\"@type\":\"ListItem\",\"position\":2,\"name\":\"Le pape Leo XIV accueille la star du tennis Jannik Sinner\"}]},{\"@type\":\"WebSite\",\"@id\":\"https:\/\/vieassociative.be\/actualites\/#website\",\"url\":\"https:\/\/vieassociative.be\/actualites\/\",\"name\":\"Vie Associative\",\"description\":\"\",\"publisher\":{\"@id\":\"https:\/\/vieassociative.be\/actualites\/#organization\"},\"potentialAction\":[{\"@type\":\"SearchAction\",\"target\":{\"@type\":\"EntryPoint\",\"urlTemplate\":\"https:\/\/vieassociative.be\/actualites\/?s={search_term_string}\"},\"query-input\":{\"@type\":\"PropertyValueSpecification\",\"valueRequired\":true,\"valueName\":\"search_term_string\"}}],\"inLanguage\":\"fr-BE\"},{\"@type\":\"Organization\",\"@id\":\"https:\/\/vieassociative.be\/actualites\/#organization\",\"name\":\"Vie Associative\",\"url\":\"https:\/\/vieassociative.be\/actualites\/\",\"logo\":{\"@type\":\"ImageObject\",\"inLanguage\":\"fr-BE\",\"@id\":\"https:\/\/vieassociative.be\/actualites\/#\/schema\/logo\/image\/\",\"url\":\"https:\/\/vieassociative.be\/actualites\/wp-content\/uploads\/2024\/09\/cropped-vieassociative_favicon.ico.png\",\"contentUrl\":\"https:\/\/vieassociative.be\/actualites\/wp-content\/uploads\/2024\/09\/cropped-vieassociative_favicon.ico.png\",\"width\":512,\"height\":512,\"caption\":\"Vie Associative\"},\"image\":{\"@id\":\"https:\/\/vieassociative.be\/actualites\/#\/schema\/logo\/image\/\"}},{\"@type\":\"Person\",\"@id\":\"https:\/\/vieassociative.be\/actualites\/#\/schema\/person\/b87ac4f82f9d4e7b7cec7395b679edc4\",\"name\":\"Julien\",\"image\":{\"@type\":\"ImageObject\",\"inLanguage\":\"fr-BE\",\"@id\":\"https:\/\/vieassociative.be\/actualites\/#\/schema\/person\/image\/\",\"url\":\"https:\/\/vieassociative.be\/actualites\/wp-content\/uploads\/2024\/09\/vie-associative-1-150x150.jpg\",\"contentUrl\":\"https:\/\/vieassociative.be\/actualites\/wp-content\/uploads\/2024\/09\/vie-associative-1-150x150.jpg\",\"caption\":\"Julien\"},\"description\":\"Je suis Julien, r\u00e9dacteur pour Vie Associative. Passionn\u00e9 par le monde associatif depuis plus de 10 ans, j'ai \u00e0 c\u0153ur de partager des histoires inspirantes et de mettre en lumi\u00e8re les initiatives locales. Mon objectif est de sensibiliser et d'encourager l'engagement communautaire \u00e0 travers mes articles.\",\"sameAs\":[\"https:\/\/vieassociative.be\/\"]}]}<\/script>\n<!-- \/ Yoast SEO plugin. -->","yoast_head_json":{"title":"Le pape Leo XIV accueille la star du tennis Jannik Sinner | Vie Associative","robots":{"index":"index","follow":"follow","max-snippet":"max-snippet:-1","max-image-preview":"max-image-preview:large","max-video-preview":"max-video-preview:-1"},"canonical":"https:\/\/vieassociative.be\/actualites\/le-pape-leo-xiv-accueille-la-star-du-tennis-jannik-sinner\/","og_locale":"fr_FR","og_type":"article","og_title":"Le pape Leo XIV accueille la star du tennis Jannik Sinner | Vie Associative","og_description":"Si le nouveau pape est un fan de tennis, visiter le classement mondial d&rsquo;Italie ne long pas longtemps. Malgr\u00e9 les raquettes, cependant, les deux n&rsquo;ont","og_url":"https:\/\/vieassociative.be\/actualites\/le-pape-leo-xiv-accueille-la-star-du-tennis-jannik-sinner\/","og_site_name":"Vie Associative","article_published_time":"2025-05-15T02:16:58+00:00","og_image":[{"width":279,"height":92,"url":"https:\/\/vieassociative.be\/actualites\/wp-content\/uploads\/2024\/09\/header_backgroundk-01-e1726694325946.png","type":"image\/png"}],"author":"Julien","twitter_card":"summary_large_image","twitter_misc":{"\u00c9crit par":"Julien","Dur\u00e9e de lecture est.":"2 minutes"},"schema":{"@context":"https:\/\/schema.org","@graph":[{"@type":"Article","@id":"https:\/\/vieassociative.be\/actualites\/le-pape-leo-xiv-accueille-la-star-du-tennis-jannik-sinner\/#article","isPartOf":{"@id":"https:\/\/vieassociative.be\/actualites\/le-pape-leo-xiv-accueille-la-star-du-tennis-jannik-sinner\/"},"author":{"name":"Julien","@id":"https:\/\/vieassociative.be\/actualites\/#\/schema\/person\/b87ac4f82f9d4e7b7cec7395b679edc4"},"headline":"Le pape Leo XIV accueille la star du tennis Jannik Sinner","datePublished":"2025-05-15T02:16:58+00:00","dateModified":"2025-05-15T02:16:58+00:00","mainEntityOfPage":{"@id":"https:\/\/vieassociative.be\/actualites\/le-pape-leo-xiv-accueille-la-star-du-tennis-jannik-sinner\/"},"wordCount":421,"publisher":{"@id":"https:\/\/vieassociative.be\/actualites\/#organization"},"image":{"@id":"https:\/\/vieassociative.be\/actualites\/le-pape-leo-xiv-accueille-la-star-du-tennis-jannik-sinner\/#primaryimage"},"thumbnailUrl":"https:\/\/vieassociative.be\/actualites\/wp-content\/uploads\/2025\/05\/1747275418_Le-pape-Leo-XIV-accueille-la-star-du-tennis-Jannik.jpg","keywords":["accueille","Jannik","Leo","pape","Sinner","star","Tennis","XIV"],"articleSection":["Belgique"],"inLanguage":"fr-BE"},{"@type":"WebPage","@id":"https:\/\/vieassociative.be\/actualites\/le-pape-leo-xiv-accueille-la-star-du-tennis-jannik-sinner\/","url":"https:\/\/vieassociative.be\/actualites\/le-pape-leo-xiv-accueille-la-star-du-tennis-jannik-sinner\/","name":"Le pape Leo XIV accueille la star du tennis Jannik Sinner | Vie Associative","isPartOf":{"@id":"https:\/\/vieassociative.be\/actualites\/#website"},"primaryImageOfPage":{"@id":"https:\/\/vieassociative.be\/actualites\/le-pape-leo-xiv-accueille-la-star-du-tennis-jannik-sinner\/#primaryimage"},"image":{"@id":"https:\/\/vieassociative.be\/actualites\/le-pape-leo-xiv-accueille-la-star-du-tennis-jannik-sinner\/#primaryimage"},"thumbnailUrl":"https:\/\/vieassociative.be\/actualites\/wp-content\/uploads\/2025\/05\/1747275418_Le-pape-Leo-XIV-accueille-la-star-du-tennis-Jannik.jpg","datePublished":"2025-05-15T02:16:58+00:00","dateModified":"2025-05-15T02:16:58+00:00","breadcrumb":{"@id":"https:\/\/vieassociative.be\/actualites\/le-pape-leo-xiv-accueille-la-star-du-tennis-jannik-sinner\/#breadcrumb"},"inLanguage":"fr-BE","potentialAction":[{"@type":"ReadAction","target":["https:\/\/vieassociative.be\/actualites\/le-pape-leo-xiv-accueille-la-star-du-tennis-jannik-sinner\/"]}]},{"@type":"ImageObject","inLanguage":"fr-BE","@id":"https:\/\/vieassociative.be\/actualites\/le-pape-leo-xiv-accueille-la-star-du-tennis-jannik-sinner\/#primaryimage","url":"https:\/\/vieassociative.be\/actualites\/wp-content\/uploads\/2025\/05\/1747275418_Le-pape-Leo-XIV-accueille-la-star-du-tennis-Jannik.jpg","contentUrl":"https:\/\/vieassociative.be\/actualites\/wp-content\/uploads\/2025\/05\/1747275418_Le-pape-Leo-XIV-accueille-la-star-du-tennis-Jannik.jpg","width":2560,"height":1707,"caption":"Le pape Leo XIV accueille la star du tennis Jannik Sinner"},{"@type":"BreadcrumbList","@id":"https:\/\/vieassociative.be\/actualites\/le-pape-leo-xiv-accueille-la-star-du-tennis-jannik-sinner\/#breadcrumb","itemListElement":[{"@type":"ListItem","position":1,"name":"Accueil","item":"https:\/\/vieassociative.be\/actualites\/"},{"@type":"ListItem","position":2,"name":"Le pape Leo XIV accueille la star du tennis Jannik Sinner"}]},{"@type":"WebSite","@id":"https:\/\/vieassociative.be\/actualites\/#website","url":"https:\/\/vieassociative.be\/actualites\/","name":"Vie Associative","description":"","publisher":{"@id":"https:\/\/vieassociative.be\/actualites\/#organization"},"potentialAction":[{"@type":"SearchAction","target":{"@type":"EntryPoint","urlTemplate":"https:\/\/vieassociative.be\/actualites\/?s={search_term_string}"},"query-input":{"@type":"PropertyValueSpecification","valueRequired":true,"valueName":"search_term_string"}}],"inLanguage":"fr-BE"},{"@type":"Organization","@id":"https:\/\/vieassociative.be\/actualites\/#organization","name":"Vie Associative","url":"https:\/\/vieassociative.be\/actualites\/","logo":{"@type":"ImageObject","inLanguage":"fr-BE","@id":"https:\/\/vieassociative.be\/actualites\/#\/schema\/logo\/image\/","url":"https:\/\/vieassociative.be\/actualites\/wp-content\/uploads\/2024\/09\/cropped-vieassociative_favicon.ico.png","contentUrl":"https:\/\/vieassociative.be\/actualites\/wp-content\/uploads\/2024\/09\/cropped-vieassociative_favicon.ico.png","width":512,"height":512,"caption":"Vie Associative"},"image":{"@id":"https:\/\/vieassociative.be\/actualites\/#\/schema\/logo\/image\/"}},{"@type":"Person","@id":"https:\/\/vieassociative.be\/actualites\/#\/schema\/person\/b87ac4f82f9d4e7b7cec7395b679edc4","name":"Julien","image":{"@type":"ImageObject","inLanguage":"fr-BE","@id":"https:\/\/vieassociative.be\/actualites\/#\/schema\/person\/image\/","url":"https:\/\/vieassociative.be\/actualites\/wp-content\/uploads\/2024\/09\/vie-associative-1-150x150.jpg","contentUrl":"https:\/\/vieassociative.be\/actualites\/wp-content\/uploads\/2024\/09\/vie-associative-1-150x150.jpg","caption":"Julien"},"description":"Je suis Julien, r\u00e9dacteur pour Vie Associative. Passionn\u00e9 par le monde associatif depuis plus de 10 ans, j'ai \u00e0 c\u0153ur de partager des histoires inspirantes et de mettre en lumi\u00e8re les initiatives locales. Mon objectif est de sensibiliser et d'encourager l'engagement communautaire \u00e0 travers mes articles.","sameAs":["https:\/\/vieassociative.be\/"]}]}},"_links":{"self":[{"href":"https:\/\/vieassociative.be\/actualites\/wp-json\/wp\/v2\/posts\/7578"}],"collection":[{"href":"https:\/\/vieassociative.be\/actualites\/wp-json\/wp\/v2\/posts"}],"about":[{"href":"https:\/\/vieassociative.be\/actualites\/wp-json\/wp\/v2\/types\/post"}],"author":[{"embeddable":true,"href":"https:\/\/vieassociative.be\/actualites\/wp-json\/wp\/v2\/users\/1"}],"replies":[{"embeddable":true,"href":"https:\/\/vieassociative.be\/actualites\/wp-json\/wp\/v2\/comments?post=7578"}],"version-history":[{"count":0,"href":"https:\/\/vieassociative.be\/actualites\/wp-json\/wp\/v2\/posts\/7578\/revisions"}],"wp:featuredmedia":[{"embeddable":true,"href":"https:\/\/vieassociative.be\/actualites\/wp-json\/wp\/v2\/media\/7579"}],"wp:attachment":[{"href":"https:\/\/vieassociative.be\/actualites\/wp-json\/wp\/v2\/media?parent=7578"}],"wp:term":[{"taxonomy":"category","embeddable":true,"href":"https:\/\/vieassociative.be\/actualites\/wp-json\/wp\/v2\/categories?post=7578"},{"taxonomy":"post_tag","embeddable":true,"href":"https:\/\/vieassociative.be\/actualites\/wp-json\/wp\/v2\/tags?post=7578"}],"curies":[{"name":"wp","href":"https:\/\/api.w.org\/{rel}","templated":true}]}}