{"id":7574,"date":"2025-05-15T02:17:31","date_gmt":"2025-05-15T00:17:31","guid":{"rendered":"https:\/\/vieassociative.be\/actualites\/vous-navez-pas-besoin-de-paniquer-sur-la-derniere-fuite-de-vapeur\/"},"modified":"2025-05-15T02:17:31","modified_gmt":"2025-05-15T00:17:31","slug":"vous-navez-pas-besoin-de-paniquer-sur-la-derniere-fuite-de-vapeur","status":"publish","type":"post","link":"https:\/\/vieassociative.be\/actualites\/vous-navez-pas-besoin-de-paniquer-sur-la-derniere-fuite-de-vapeur\/","title":{"rendered":"Vous n&rsquo;avez pas besoin de paniquer sur la derni\u00e8re \u00abfuite\u00bb de vapeur"},"content":{"rendered":"<div class=\"mt-4 leading-6 md:mb-8\">Votre compte est probablement s\u00fbr, mais vous devriez de toute fa\u00e7on 2FA activ\u00e9.<\/div>\n<p><\/p>\n<p>Si vous avez vu des nouvelles affirmant que plus de 89 millions de dossiers d&rsquo;utilisateurs Steam ont divulgu\u00e9, ne paniquez pas. Les publications sur les r\u00e9seaux sociaux sont actuellement en circulation sugg\u00e8rent que les informations d&rsquo;identification \u00e0 vapeur sont en vente sur le Web Dark, mais ces affirmations semblent fausses. Bien s\u00fbr, m\u00eame si vos donn\u00e9es n&rsquo;ont pas \u00e9t\u00e9 compromises, c&rsquo;est une bonne id\u00e9e de configurer une authentification suppl\u00e9mentaire sur votre compte Steam. <\/p>\n<h2 id=\"what-happened-with-steam\">Que s&rsquo;est-il pass\u00e9 avec Steam? <\/h2>\n<p>R\u00e9ponse courte: probablement rien. Comme l&rsquo;a rapport\u00e9 XDA, l&rsquo;utilisateur X Melloldonline1, un journaliste de jeux, a attir\u00e9 l&rsquo;attention sur un article sur LinkedIn d&rsquo;Underdark.ai all\u00e9guant que 89 millions d&rsquo;enregistrements d&rsquo;utilisateurs Steam \u00e9taient en vente sur un forum Web Dark pour 5 000 $ via un acteur de menace connu sous le nom de machine1337. MellowOnline1 a sugg\u00e9r\u00e9 que la fuite ne venait pas de Valve Corporation &#8211; le propri\u00e9taire de l&rsquo;atelier &#8211; soi-m\u00eame, mais de Twilio, une plate-forme qui fournit l&rsquo;authentification \u00e0 deux facteurs (2FA) pour des applications comme Steam via des m\u00e9thodes comme SMS, voix, e-mail, WhatsApp, PassKeys, notifications push et temps de mots de passe. <\/p>\n<p>Apr\u00e8s une enqu\u00eate plus approfondie, Bleeping Computer a re\u00e7u une d\u00e9claration de Twilio niant la participation \u00e0 toute violation (et selon une mise \u00e0 jour de Mellowonline1, Valve a indiqu\u00e9 qu&rsquo;elle n&rsquo;utilise pas Twilio de toute fa\u00e7on). Les donn\u00e9es auraient inclus des SMS avec des codes de passe Steam et des num\u00e9ros de t\u00e9l\u00e9phone utilisateur, mais l&rsquo;ordinateur Bleeping n&rsquo;a pas pu v\u00e9rifier la source, ni confirmer les all\u00e9gations de l&rsquo;acteur de menace.<\/p>\n<div class=\"pogoClear relative my-10 border-b-(1.5px) border-t-(1.5px) border-dashed border-black py-5 sm:my-14 sm:border-0 sm:py-0\" data-ga-click data-ga-template=\"News\" data-ga-module=\"openweb_widget\" data-ga-element=\"openweb_scroll\" data-ga-item=\"openweb_scroll_midpage\" x-cloak x-data=\"{ commentsCount: null, hasComments: false }\" x-init=\"commentsCount = await window.openweb.getMessagesCount(01JV7P9JDEET77H4DFKVNREM2S);\n     hasComments = commentsCount !== null &amp;&amp; commentsCount &gt; 0\"><\/p>\n<div class=\"absolute top-1\/2 hidden w-full -translate-y-1\/2 border-t-(1.5px) border-dashed border-black sm:block\"><\/div>\n<div class=\"relative flex justify-center\">\n<div class=\"flex max-w-max items-center gap-x-3 bg-white px-5\">\n<div class=\"relative\">\n                <span class=\"absolute left-1\/2 top-1\/2 -translate-x-1\/2 -translate-y-1\/2 font-akshar text-sm font-medium text-black\" x-show=\"hasComments\" x-text=\"commentsCount\"><\/span><\/p>\n<p>                <svg class=\"h-8 w-8 text-black\">\n                    <use href=\"http:\/\/lifehacker.com\/images\/icons\/spritemap.svg#sprite-chat-bubble\"><\/use>\n                <\/svg>\n            <\/div>\n<p>            <span class=\"text-sm font-medium text-black\"><\/p>\n<p>                Que pensez-vous jusqu&rsquo;\u00e0 pr\u00e9sent?<br \/>\n                <button class=\"font-semibold text-brand-green underline hover:text-brand-green-700\" onclick=\"window.openweb.scrollToComments('01JV7P9JDEET77H4DFKVNREM2S')\" x-text=\"hasComments ? 'Post a comment.' : 'Be the first to post a comment.'\"><\/button><br \/>\n            <\/span>\n        <\/div>\n<\/p><\/div>\n<\/div>\n<h2 id=\"what-steam-users-need-to-do\">Ce que les utilisateurs de vapeur doivent faire<\/h2>\n<p>Bien que cette menace suppos\u00e9e ne n\u00e9cessite pas r\u00e9ellement une alarme, elle ne fait pas de mal de vous assurer que vous avez une s\u00e9curit\u00e9 suppl\u00e9mentaire sur votre compte Steam. Vous pouvez modifier votre mot de passe Steam (trouv\u00e9 sous <strong>Param\u00e8tres<\/strong> ou <strong>Pr\u00e9f\u00e9rences<\/strong>) et activer Steam Guard Mobile Authenticator, la fonction 2FA de Steam. Vous devriez \u00e9galement \u00eatre \u00e0 la recherche de tentatives de connexion non autoris\u00e9es et faire preuve de prudence lorsque vous vous engagez avec des messages sur votre compte qui semblent provenir du support Steam, car ceux-ci peuvent en fait \u00eatre des tentatives de phishing capitalisant sur la panique des utilisateurs. <\/p>\n","protected":false},"excerpt":{"rendered":"<p>Votre compte est probablement s\u00fbr, mais vous devriez de toute fa\u00e7on 2FA activ\u00e9. Si vous avez vu des nouvelles affirmant que plus de 89 millions<\/p>\n","protected":false},"author":1,"featured_media":7575,"comment_status":"","ping_status":"","sticky":false,"template":"","format":"standard","meta":{"footnotes":""},"categories":[13],"tags":[259,139,3865,2204,7017,126,33,5013,4],"class_list":["post-7574","post","type-post","status-publish","format-standard","has-post-thumbnail","hentry","category-technologie","tag-besoin","tag-derniere","tag-fuite","tag-navez","tag-paniquer","tag-pas","tag-sur","tag-vapeur","tag-vous","generate-columns","tablet-grid-50","mobile-grid-100","grid-parent","grid-33"],"yoast_head":"<!-- This site is optimized with the Yoast SEO plugin v24.0 - https:\/\/yoast.com\/wordpress\/plugins\/seo\/ -->\n<title>Vous n&#039;avez pas besoin de paniquer sur la derni\u00e8re \u00abfuite\u00bb de vapeur | Vie Associative<\/title>\n<meta name=\"robots\" content=\"index, follow, max-snippet:-1, max-image-preview:large, max-video-preview:-1\" \/>\n<link rel=\"canonical\" href=\"https:\/\/vieassociative.be\/actualites\/vous-navez-pas-besoin-de-paniquer-sur-la-derniere-fuite-de-vapeur\/\" \/>\n<meta property=\"og:locale\" content=\"fr_FR\" \/>\n<meta property=\"og:type\" content=\"article\" \/>\n<meta property=\"og:title\" content=\"Vous n&#039;avez pas besoin de paniquer sur la derni\u00e8re \u00abfuite\u00bb de vapeur | Vie Associative\" \/>\n<meta property=\"og:description\" content=\"Votre compte est probablement s\u00fbr, mais vous devriez de toute fa\u00e7on 2FA activ\u00e9. Si vous avez vu des nouvelles affirmant que plus de 89 millions\" \/>\n<meta property=\"og:url\" content=\"https:\/\/vieassociative.be\/actualites\/vous-navez-pas-besoin-de-paniquer-sur-la-derniere-fuite-de-vapeur\/\" \/>\n<meta property=\"og:site_name\" content=\"Vie Associative\" \/>\n<meta property=\"article:published_time\" content=\"2025-05-15T00:17:31+00:00\" \/>\n<meta property=\"og:image\" content=\"https:\/\/vieassociative.be\/actualites\/wp-content\/uploads\/2024\/09\/header_backgroundk-01-e1726694325946.png\" \/>\n\t<meta property=\"og:image:width\" content=\"279\" \/>\n\t<meta property=\"og:image:height\" content=\"92\" \/>\n\t<meta property=\"og:image:type\" content=\"image\/png\" \/>\n<meta name=\"author\" content=\"Julien\" \/>\n<meta name=\"twitter:card\" content=\"summary_large_image\" \/>\n<meta name=\"twitter:label1\" content=\"\u00c9crit par\" \/>\n\t<meta name=\"twitter:data1\" content=\"Julien\" \/>\n\t<meta name=\"twitter:label2\" content=\"Dur\u00e9e de lecture est.\" \/>\n\t<meta name=\"twitter:data2\" content=\"2 minutes\" \/>\n<script type=\"application\/ld+json\" class=\"yoast-schema-graph\">{\"@context\":\"https:\/\/schema.org\",\"@graph\":[{\"@type\":\"Article\",\"@id\":\"https:\/\/vieassociative.be\/actualites\/vous-navez-pas-besoin-de-paniquer-sur-la-derniere-fuite-de-vapeur\/#article\",\"isPartOf\":{\"@id\":\"https:\/\/vieassociative.be\/actualites\/vous-navez-pas-besoin-de-paniquer-sur-la-derniere-fuite-de-vapeur\/\"},\"author\":{\"name\":\"Julien\",\"@id\":\"https:\/\/vieassociative.be\/actualites\/#\/schema\/person\/b87ac4f82f9d4e7b7cec7395b679edc4\"},\"headline\":\"Vous n&rsquo;avez pas besoin de paniquer sur la derni\u00e8re \u00abfuite\u00bb de vapeur\",\"datePublished\":\"2025-05-15T00:17:31+00:00\",\"dateModified\":\"2025-05-15T00:17:31+00:00\",\"mainEntityOfPage\":{\"@id\":\"https:\/\/vieassociative.be\/actualites\/vous-navez-pas-besoin-de-paniquer-sur-la-derniere-fuite-de-vapeur\/\"},\"wordCount\":445,\"publisher\":{\"@id\":\"https:\/\/vieassociative.be\/actualites\/#organization\"},\"image\":{\"@id\":\"https:\/\/vieassociative.be\/actualites\/vous-navez-pas-besoin-de-paniquer-sur-la-derniere-fuite-de-vapeur\/#primaryimage\"},\"thumbnailUrl\":\"https:\/\/vieassociative.be\/actualites\/wp-content\/uploads\/2025\/05\/Vous-navez-pas-besoin-de-paniquer-sur-la-derniere-fuite.jpg\",\"keywords\":[\"besoin\",\"derni\u00e8re\",\"fuite\",\"navez\",\"paniquer\",\"pas\",\"sur\",\"vapeur\",\"Vous\"],\"articleSection\":[\"Technologie\"],\"inLanguage\":\"fr-BE\"},{\"@type\":\"WebPage\",\"@id\":\"https:\/\/vieassociative.be\/actualites\/vous-navez-pas-besoin-de-paniquer-sur-la-derniere-fuite-de-vapeur\/\",\"url\":\"https:\/\/vieassociative.be\/actualites\/vous-navez-pas-besoin-de-paniquer-sur-la-derniere-fuite-de-vapeur\/\",\"name\":\"Vous n'avez pas besoin de paniquer sur la derni\u00e8re \u00abfuite\u00bb de vapeur | Vie Associative\",\"isPartOf\":{\"@id\":\"https:\/\/vieassociative.be\/actualites\/#website\"},\"primaryImageOfPage\":{\"@id\":\"https:\/\/vieassociative.be\/actualites\/vous-navez-pas-besoin-de-paniquer-sur-la-derniere-fuite-de-vapeur\/#primaryimage\"},\"image\":{\"@id\":\"https:\/\/vieassociative.be\/actualites\/vous-navez-pas-besoin-de-paniquer-sur-la-derniere-fuite-de-vapeur\/#primaryimage\"},\"thumbnailUrl\":\"https:\/\/vieassociative.be\/actualites\/wp-content\/uploads\/2025\/05\/Vous-navez-pas-besoin-de-paniquer-sur-la-derniere-fuite.jpg\",\"datePublished\":\"2025-05-15T00:17:31+00:00\",\"dateModified\":\"2025-05-15T00:17:31+00:00\",\"breadcrumb\":{\"@id\":\"https:\/\/vieassociative.be\/actualites\/vous-navez-pas-besoin-de-paniquer-sur-la-derniere-fuite-de-vapeur\/#breadcrumb\"},\"inLanguage\":\"fr-BE\",\"potentialAction\":[{\"@type\":\"ReadAction\",\"target\":[\"https:\/\/vieassociative.be\/actualites\/vous-navez-pas-besoin-de-paniquer-sur-la-derniere-fuite-de-vapeur\/\"]}]},{\"@type\":\"ImageObject\",\"inLanguage\":\"fr-BE\",\"@id\":\"https:\/\/vieassociative.be\/actualites\/vous-navez-pas-besoin-de-paniquer-sur-la-derniere-fuite-de-vapeur\/#primaryimage\",\"url\":\"https:\/\/vieassociative.be\/actualites\/wp-content\/uploads\/2025\/05\/Vous-navez-pas-besoin-de-paniquer-sur-la-derniere-fuite.jpg\",\"contentUrl\":\"https:\/\/vieassociative.be\/actualites\/wp-content\/uploads\/2025\/05\/Vous-navez-pas-besoin-de-paniquer-sur-la-derniere-fuite.jpg\",\"width\":1200,\"height\":675,\"caption\":\"Vous n'avez pas besoin de paniquer sur la derni\u00e8re \u00abfuite\u00bb de vapeur\"},{\"@type\":\"BreadcrumbList\",\"@id\":\"https:\/\/vieassociative.be\/actualites\/vous-navez-pas-besoin-de-paniquer-sur-la-derniere-fuite-de-vapeur\/#breadcrumb\",\"itemListElement\":[{\"@type\":\"ListItem\",\"position\":1,\"name\":\"Accueil\",\"item\":\"https:\/\/vieassociative.be\/actualites\/\"},{\"@type\":\"ListItem\",\"position\":2,\"name\":\"Vous n&rsquo;avez pas besoin de paniquer sur la derni\u00e8re \u00abfuite\u00bb de vapeur\"}]},{\"@type\":\"WebSite\",\"@id\":\"https:\/\/vieassociative.be\/actualites\/#website\",\"url\":\"https:\/\/vieassociative.be\/actualites\/\",\"name\":\"Vie Associative\",\"description\":\"\",\"publisher\":{\"@id\":\"https:\/\/vieassociative.be\/actualites\/#organization\"},\"potentialAction\":[{\"@type\":\"SearchAction\",\"target\":{\"@type\":\"EntryPoint\",\"urlTemplate\":\"https:\/\/vieassociative.be\/actualites\/?s={search_term_string}\"},\"query-input\":{\"@type\":\"PropertyValueSpecification\",\"valueRequired\":true,\"valueName\":\"search_term_string\"}}],\"inLanguage\":\"fr-BE\"},{\"@type\":\"Organization\",\"@id\":\"https:\/\/vieassociative.be\/actualites\/#organization\",\"name\":\"Vie Associative\",\"url\":\"https:\/\/vieassociative.be\/actualites\/\",\"logo\":{\"@type\":\"ImageObject\",\"inLanguage\":\"fr-BE\",\"@id\":\"https:\/\/vieassociative.be\/actualites\/#\/schema\/logo\/image\/\",\"url\":\"https:\/\/vieassociative.be\/actualites\/wp-content\/uploads\/2024\/09\/cropped-vieassociative_favicon.ico.png\",\"contentUrl\":\"https:\/\/vieassociative.be\/actualites\/wp-content\/uploads\/2024\/09\/cropped-vieassociative_favicon.ico.png\",\"width\":512,\"height\":512,\"caption\":\"Vie Associative\"},\"image\":{\"@id\":\"https:\/\/vieassociative.be\/actualites\/#\/schema\/logo\/image\/\"}},{\"@type\":\"Person\",\"@id\":\"https:\/\/vieassociative.be\/actualites\/#\/schema\/person\/b87ac4f82f9d4e7b7cec7395b679edc4\",\"name\":\"Julien\",\"image\":{\"@type\":\"ImageObject\",\"inLanguage\":\"fr-BE\",\"@id\":\"https:\/\/vieassociative.be\/actualites\/#\/schema\/person\/image\/\",\"url\":\"https:\/\/vieassociative.be\/actualites\/wp-content\/uploads\/2024\/09\/vie-associative-1-150x150.jpg\",\"contentUrl\":\"https:\/\/vieassociative.be\/actualites\/wp-content\/uploads\/2024\/09\/vie-associative-1-150x150.jpg\",\"caption\":\"Julien\"},\"description\":\"Je suis Julien, r\u00e9dacteur pour Vie Associative. Passionn\u00e9 par le monde associatif depuis plus de 10 ans, j'ai \u00e0 c\u0153ur de partager des histoires inspirantes et de mettre en lumi\u00e8re les initiatives locales. Mon objectif est de sensibiliser et d'encourager l'engagement communautaire \u00e0 travers mes articles.\",\"sameAs\":[\"https:\/\/vieassociative.be\/\"]}]}<\/script>\n<!-- \/ Yoast SEO plugin. -->","yoast_head_json":{"title":"Vous n'avez pas besoin de paniquer sur la derni\u00e8re \u00abfuite\u00bb de vapeur | Vie Associative","robots":{"index":"index","follow":"follow","max-snippet":"max-snippet:-1","max-image-preview":"max-image-preview:large","max-video-preview":"max-video-preview:-1"},"canonical":"https:\/\/vieassociative.be\/actualites\/vous-navez-pas-besoin-de-paniquer-sur-la-derniere-fuite-de-vapeur\/","og_locale":"fr_FR","og_type":"article","og_title":"Vous n'avez pas besoin de paniquer sur la derni\u00e8re \u00abfuite\u00bb de vapeur | Vie Associative","og_description":"Votre compte est probablement s\u00fbr, mais vous devriez de toute fa\u00e7on 2FA activ\u00e9. Si vous avez vu des nouvelles affirmant que plus de 89 millions","og_url":"https:\/\/vieassociative.be\/actualites\/vous-navez-pas-besoin-de-paniquer-sur-la-derniere-fuite-de-vapeur\/","og_site_name":"Vie Associative","article_published_time":"2025-05-15T00:17:31+00:00","og_image":[{"width":279,"height":92,"url":"https:\/\/vieassociative.be\/actualites\/wp-content\/uploads\/2024\/09\/header_backgroundk-01-e1726694325946.png","type":"image\/png"}],"author":"Julien","twitter_card":"summary_large_image","twitter_misc":{"\u00c9crit par":"Julien","Dur\u00e9e de lecture est.":"2 minutes"},"schema":{"@context":"https:\/\/schema.org","@graph":[{"@type":"Article","@id":"https:\/\/vieassociative.be\/actualites\/vous-navez-pas-besoin-de-paniquer-sur-la-derniere-fuite-de-vapeur\/#article","isPartOf":{"@id":"https:\/\/vieassociative.be\/actualites\/vous-navez-pas-besoin-de-paniquer-sur-la-derniere-fuite-de-vapeur\/"},"author":{"name":"Julien","@id":"https:\/\/vieassociative.be\/actualites\/#\/schema\/person\/b87ac4f82f9d4e7b7cec7395b679edc4"},"headline":"Vous n&rsquo;avez pas besoin de paniquer sur la derni\u00e8re \u00abfuite\u00bb de vapeur","datePublished":"2025-05-15T00:17:31+00:00","dateModified":"2025-05-15T00:17:31+00:00","mainEntityOfPage":{"@id":"https:\/\/vieassociative.be\/actualites\/vous-navez-pas-besoin-de-paniquer-sur-la-derniere-fuite-de-vapeur\/"},"wordCount":445,"publisher":{"@id":"https:\/\/vieassociative.be\/actualites\/#organization"},"image":{"@id":"https:\/\/vieassociative.be\/actualites\/vous-navez-pas-besoin-de-paniquer-sur-la-derniere-fuite-de-vapeur\/#primaryimage"},"thumbnailUrl":"https:\/\/vieassociative.be\/actualites\/wp-content\/uploads\/2025\/05\/Vous-navez-pas-besoin-de-paniquer-sur-la-derniere-fuite.jpg","keywords":["besoin","derni\u00e8re","fuite","navez","paniquer","pas","sur","vapeur","Vous"],"articleSection":["Technologie"],"inLanguage":"fr-BE"},{"@type":"WebPage","@id":"https:\/\/vieassociative.be\/actualites\/vous-navez-pas-besoin-de-paniquer-sur-la-derniere-fuite-de-vapeur\/","url":"https:\/\/vieassociative.be\/actualites\/vous-navez-pas-besoin-de-paniquer-sur-la-derniere-fuite-de-vapeur\/","name":"Vous n'avez pas besoin de paniquer sur la derni\u00e8re \u00abfuite\u00bb de vapeur | Vie Associative","isPartOf":{"@id":"https:\/\/vieassociative.be\/actualites\/#website"},"primaryImageOfPage":{"@id":"https:\/\/vieassociative.be\/actualites\/vous-navez-pas-besoin-de-paniquer-sur-la-derniere-fuite-de-vapeur\/#primaryimage"},"image":{"@id":"https:\/\/vieassociative.be\/actualites\/vous-navez-pas-besoin-de-paniquer-sur-la-derniere-fuite-de-vapeur\/#primaryimage"},"thumbnailUrl":"https:\/\/vieassociative.be\/actualites\/wp-content\/uploads\/2025\/05\/Vous-navez-pas-besoin-de-paniquer-sur-la-derniere-fuite.jpg","datePublished":"2025-05-15T00:17:31+00:00","dateModified":"2025-05-15T00:17:31+00:00","breadcrumb":{"@id":"https:\/\/vieassociative.be\/actualites\/vous-navez-pas-besoin-de-paniquer-sur-la-derniere-fuite-de-vapeur\/#breadcrumb"},"inLanguage":"fr-BE","potentialAction":[{"@type":"ReadAction","target":["https:\/\/vieassociative.be\/actualites\/vous-navez-pas-besoin-de-paniquer-sur-la-derniere-fuite-de-vapeur\/"]}]},{"@type":"ImageObject","inLanguage":"fr-BE","@id":"https:\/\/vieassociative.be\/actualites\/vous-navez-pas-besoin-de-paniquer-sur-la-derniere-fuite-de-vapeur\/#primaryimage","url":"https:\/\/vieassociative.be\/actualites\/wp-content\/uploads\/2025\/05\/Vous-navez-pas-besoin-de-paniquer-sur-la-derniere-fuite.jpg","contentUrl":"https:\/\/vieassociative.be\/actualites\/wp-content\/uploads\/2025\/05\/Vous-navez-pas-besoin-de-paniquer-sur-la-derniere-fuite.jpg","width":1200,"height":675,"caption":"Vous n'avez pas besoin de paniquer sur la derni\u00e8re \u00abfuite\u00bb de vapeur"},{"@type":"BreadcrumbList","@id":"https:\/\/vieassociative.be\/actualites\/vous-navez-pas-besoin-de-paniquer-sur-la-derniere-fuite-de-vapeur\/#breadcrumb","itemListElement":[{"@type":"ListItem","position":1,"name":"Accueil","item":"https:\/\/vieassociative.be\/actualites\/"},{"@type":"ListItem","position":2,"name":"Vous n&rsquo;avez pas besoin de paniquer sur la derni\u00e8re \u00abfuite\u00bb de vapeur"}]},{"@type":"WebSite","@id":"https:\/\/vieassociative.be\/actualites\/#website","url":"https:\/\/vieassociative.be\/actualites\/","name":"Vie Associative","description":"","publisher":{"@id":"https:\/\/vieassociative.be\/actualites\/#organization"},"potentialAction":[{"@type":"SearchAction","target":{"@type":"EntryPoint","urlTemplate":"https:\/\/vieassociative.be\/actualites\/?s={search_term_string}"},"query-input":{"@type":"PropertyValueSpecification","valueRequired":true,"valueName":"search_term_string"}}],"inLanguage":"fr-BE"},{"@type":"Organization","@id":"https:\/\/vieassociative.be\/actualites\/#organization","name":"Vie Associative","url":"https:\/\/vieassociative.be\/actualites\/","logo":{"@type":"ImageObject","inLanguage":"fr-BE","@id":"https:\/\/vieassociative.be\/actualites\/#\/schema\/logo\/image\/","url":"https:\/\/vieassociative.be\/actualites\/wp-content\/uploads\/2024\/09\/cropped-vieassociative_favicon.ico.png","contentUrl":"https:\/\/vieassociative.be\/actualites\/wp-content\/uploads\/2024\/09\/cropped-vieassociative_favicon.ico.png","width":512,"height":512,"caption":"Vie Associative"},"image":{"@id":"https:\/\/vieassociative.be\/actualites\/#\/schema\/logo\/image\/"}},{"@type":"Person","@id":"https:\/\/vieassociative.be\/actualites\/#\/schema\/person\/b87ac4f82f9d4e7b7cec7395b679edc4","name":"Julien","image":{"@type":"ImageObject","inLanguage":"fr-BE","@id":"https:\/\/vieassociative.be\/actualites\/#\/schema\/person\/image\/","url":"https:\/\/vieassociative.be\/actualites\/wp-content\/uploads\/2024\/09\/vie-associative-1-150x150.jpg","contentUrl":"https:\/\/vieassociative.be\/actualites\/wp-content\/uploads\/2024\/09\/vie-associative-1-150x150.jpg","caption":"Julien"},"description":"Je suis Julien, r\u00e9dacteur pour Vie Associative. Passionn\u00e9 par le monde associatif depuis plus de 10 ans, j'ai \u00e0 c\u0153ur de partager des histoires inspirantes et de mettre en lumi\u00e8re les initiatives locales. Mon objectif est de sensibiliser et d'encourager l'engagement communautaire \u00e0 travers mes articles.","sameAs":["https:\/\/vieassociative.be\/"]}]}},"_links":{"self":[{"href":"https:\/\/vieassociative.be\/actualites\/wp-json\/wp\/v2\/posts\/7574"}],"collection":[{"href":"https:\/\/vieassociative.be\/actualites\/wp-json\/wp\/v2\/posts"}],"about":[{"href":"https:\/\/vieassociative.be\/actualites\/wp-json\/wp\/v2\/types\/post"}],"author":[{"embeddable":true,"href":"https:\/\/vieassociative.be\/actualites\/wp-json\/wp\/v2\/users\/1"}],"replies":[{"embeddable":true,"href":"https:\/\/vieassociative.be\/actualites\/wp-json\/wp\/v2\/comments?post=7574"}],"version-history":[{"count":0,"href":"https:\/\/vieassociative.be\/actualites\/wp-json\/wp\/v2\/posts\/7574\/revisions"}],"wp:featuredmedia":[{"embeddable":true,"href":"https:\/\/vieassociative.be\/actualites\/wp-json\/wp\/v2\/media\/7575"}],"wp:attachment":[{"href":"https:\/\/vieassociative.be\/actualites\/wp-json\/wp\/v2\/media?parent=7574"}],"wp:term":[{"taxonomy":"category","embeddable":true,"href":"https:\/\/vieassociative.be\/actualites\/wp-json\/wp\/v2\/categories?post=7574"},{"taxonomy":"post_tag","embeddable":true,"href":"https:\/\/vieassociative.be\/actualites\/wp-json\/wp\/v2\/tags?post=7574"}],"curies":[{"name":"wp","href":"https:\/\/api.w.org\/{rel}","templated":true}]}}