{"id":7555,"date":"2025-05-14T10:17:00","date_gmt":"2025-05-14T08:17:00","guid":{"rendered":"https:\/\/vieassociative.be\/actualites\/breaked-dream-of-the-final-great-deception-pour-red-sebastian-et-belgique-au-concours-eurovision-song\/"},"modified":"2025-05-14T10:17:00","modified_gmt":"2025-05-14T08:17:00","slug":"breaked-dream-of-the-final-great-deception-pour-red-sebastian-et-belgique-au-concours-eurovision-song","status":"publish","type":"post","link":"https:\/\/vieassociative.be\/actualites\/breaked-dream-of-the-final-great-deception-pour-red-sebastian-et-belgique-au-concours-eurovision-song\/","title":{"rendered":"Breaked Dream of the Final: Great Deception pour Red Sebastian et Belgique au concours Eurovision Song"},"content":{"rendered":"<p><strong>Une \u00e9norme d\u00e9ception pour la Belgique au plus grand festival de musique du monde: Red Sebastian, le candidat belge pour le 69e concours de la chanson Eurovision, a d\u00e9j\u00e0 \u00e9t\u00e9 \u00e9limin\u00e9 en demi-finale mardi soir \u00e0 B\u00e2le.<\/strong><\/p>\n<p><span id=\"more-415474\"><\/span>Seppe Herreman aka Red Sebastian a pr\u00e9sent\u00e9 sa chanson \u00ab\u00a0Strobe Lights\u00a0\u00bb, une sorte d&rsquo;hymne \u00e9logieux qu&rsquo;une discoth\u00e8que c\u00e9l\u00e8bre \u00e0 partir de laquelle vous ne savez pas quand elle fermera. L&rsquo;artiste esp\u00e9rait convaincre le jury et le public lors des premi\u00e8res finales avec la voix haute et la tenue rouge vif. Mais le chanteur flamand est parti vide en Suisse.<\/p>\n<div id=\"attachment_415478\" class=\"wp-caption alignleft\" style=\"max-width: 300px\"><img fetchpriority=\"high\" decoding=\"async\" class=\"wp-image-415478 size-medium\" src=\"https:\/\/vieassociative.be\/actualites\/wp-content\/uploads\/2025\/05\/Breaked-Dream-of-the-Final-Great-Deception-pour-Red-Sebastian.jpg\" alt=\"\" width=\"300\" height=\"199\"><\/p>\n<p class=\"wp-caption-text\">13.05.2025, Suisse, B\u00e2le: Un fan de musique de Belgique c\u00e9l\u00e8bre avant les premi\u00e8res demi-finales du 69th Eurovision Song Contest devant l&rsquo;Arena St. Jakobshalle. Photo: Jens B\u00fcttner \/ DPA<\/p>\n<\/div>\n<p>Of the fifteen candidates who defended the colors of their country on Tuesday evening, only ten were selected to come to the final on Saturday evening: The Swedish favorites of Kaj with their title \u00ab\u00a0Bara Bada Bastu\u00a0\u00bb dedicated to the sauna were selected, as well as Kyle Alessandro for Norway (\u00ab\u00a0Lighter\u00a0\u00bb), Shkodra Elektronike for Albania (\u00ab\u00a0Zjerm\u00a0\u00bb) and V\u00e6b For Iceland (\u00ab\u00a0R\u00f3a\u00a0\u00bb), Claude pour les Pays-Bas (\u00ab\u00a0C&rsquo;esti la vie\u00a0\u00bb), Justyna Steczkowska pour la Pologne (Gaja), Gabry Ponte pour San Marino (\u00ab\u00a0Tutta L&rsquo;Italia\u00a0\u00bb), Tommy Cash for Estonia (\u00ab\u00a0Espresso MacChiato\u00a0\u00bb), Napa pour Portugal (\u00ab\u00a0Deslocado\u00a0\u00bb) Ukraine (\u00ab\u00a0).<\/p>\n<p>Comme Red Sebastian pour la Belgique, les candidats, la Slov\u00e9nie, les Klemen (\u00ab\u00a0combien de temps avons-nous quitt\u00e9\u00a0\u00bb), Azerba\u00efdjan, mamagama (\u00ab\u00a0courir avec u\u00a0\u00bb), Croatie, Marko Bo\u0161njak (\u00ab\u00a0Poison Cake\u00a0\u00bb) et Chypre, Theo Evan (\u00ab\u00a0Shh\u00a0\u00bb), repr\u00e9sent\u00e9.<\/p>\n<p>La deuxi\u00e8me demi-finale avec l&rsquo;Australie, le Mont\u00e9n\u00e9gro, l&rsquo;Irlande, la Lettonie, l&rsquo;Arm\u00e9nie, l&rsquo;Autriche, la Gr\u00e8ce, la Lituanie, Malte, la G\u00e9orgie, le Danemark, la R\u00e9publique tch\u00e8que, le Luxembourg, Isra\u00ebl, la Serbie et la Finlande auront lieu jeudi. L&rsquo;Allemagne, l&rsquo;Espagne, la France, l&rsquo;Italie, le Royaume-Uni et la Suisse sont automatiquement qualifi\u00e9s pour la finale. (Cre)<\/p>\n","protected":false},"excerpt":{"rendered":"<p>Une \u00e9norme d\u00e9ception pour la Belgique au plus grand festival de musique du monde: Red Sebastian, le candidat belge pour le 69e concours de la<\/p>\n","protected":false},"author":1,"featured_media":7556,"comment_status":"","ping_status":"","sticky":false,"template":"","format":"standard","meta":{"footnotes":""},"categories":[298],"tags":[383,6998,7002,7000,6455,7003,3354,6999,81,3312,7001,6787],"class_list":["post-7555","post","type-post","status-publish","format-standard","has-post-thumbnail","hentry","category-belgique","tag-belgique","tag-breaked","tag-concours","tag-deception","tag-dream","tag-eurovision","tag-final","tag-great","tag-pour","tag-red","tag-sebastian","tag-song","generate-columns","tablet-grid-50","mobile-grid-100","grid-parent","grid-33"],"yoast_head":"<!-- This site is optimized with the Yoast SEO plugin v24.0 - https:\/\/yoast.com\/wordpress\/plugins\/seo\/ -->\n<title>Breaked Dream of the Final: Great Deception pour Red Sebastian et Belgique au concours Eurovision Song | Vie Associative<\/title>\n<meta name=\"robots\" content=\"index, follow, max-snippet:-1, max-image-preview:large, max-video-preview:-1\" \/>\n<link rel=\"canonical\" href=\"https:\/\/vieassociative.be\/actualites\/breaked-dream-of-the-final-great-deception-pour-red-sebastian-et-belgique-au-concours-eurovision-song\/\" \/>\n<meta property=\"og:locale\" content=\"fr_FR\" \/>\n<meta property=\"og:type\" content=\"article\" \/>\n<meta property=\"og:title\" content=\"Breaked Dream of the Final: Great Deception pour Red Sebastian et Belgique au concours Eurovision Song | Vie Associative\" \/>\n<meta property=\"og:description\" content=\"Une \u00e9norme d\u00e9ception pour la Belgique au plus grand festival de musique du monde: Red Sebastian, le candidat belge pour le 69e concours de la\" \/>\n<meta property=\"og:url\" content=\"https:\/\/vieassociative.be\/actualites\/breaked-dream-of-the-final-great-deception-pour-red-sebastian-et-belgique-au-concours-eurovision-song\/\" \/>\n<meta property=\"og:site_name\" content=\"Vie Associative\" \/>\n<meta property=\"article:published_time\" content=\"2025-05-14T08:17:00+00:00\" \/>\n<meta property=\"og:image\" content=\"https:\/\/vieassociative.be\/actualites\/wp-content\/uploads\/2024\/09\/header_backgroundk-01-e1726694325946.png\" \/>\n\t<meta property=\"og:image:width\" content=\"279\" \/>\n\t<meta property=\"og:image:height\" content=\"92\" \/>\n\t<meta property=\"og:image:type\" content=\"image\/png\" \/>\n<meta name=\"author\" content=\"Julien\" \/>\n<meta name=\"twitter:card\" content=\"summary_large_image\" \/>\n<meta name=\"twitter:label1\" content=\"\u00c9crit par\" \/>\n\t<meta name=\"twitter:data1\" content=\"Julien\" \/>\n\t<meta name=\"twitter:label2\" content=\"Dur\u00e9e de lecture est.\" \/>\n\t<meta name=\"twitter:data2\" content=\"2 minutes\" \/>\n<script type=\"application\/ld+json\" class=\"yoast-schema-graph\">{\"@context\":\"https:\/\/schema.org\",\"@graph\":[{\"@type\":\"Article\",\"@id\":\"https:\/\/vieassociative.be\/actualites\/breaked-dream-of-the-final-great-deception-pour-red-sebastian-et-belgique-au-concours-eurovision-song\/#article\",\"isPartOf\":{\"@id\":\"https:\/\/vieassociative.be\/actualites\/breaked-dream-of-the-final-great-deception-pour-red-sebastian-et-belgique-au-concours-eurovision-song\/\"},\"author\":{\"name\":\"Julien\",\"@id\":\"https:\/\/vieassociative.be\/actualites\/#\/schema\/person\/b87ac4f82f9d4e7b7cec7395b679edc4\"},\"headline\":\"Breaked Dream of the Final: Great Deception pour Red Sebastian et Belgique au concours Eurovision Song\",\"datePublished\":\"2025-05-14T08:17:00+00:00\",\"dateModified\":\"2025-05-14T08:17:00+00:00\",\"mainEntityOfPage\":{\"@id\":\"https:\/\/vieassociative.be\/actualites\/breaked-dream-of-the-final-great-deception-pour-red-sebastian-et-belgique-au-concours-eurovision-song\/\"},\"wordCount\":356,\"publisher\":{\"@id\":\"https:\/\/vieassociative.be\/actualites\/#organization\"},\"image\":{\"@id\":\"https:\/\/vieassociative.be\/actualites\/breaked-dream-of-the-final-great-deception-pour-red-sebastian-et-belgique-au-concours-eurovision-song\/#primaryimage\"},\"thumbnailUrl\":\"https:\/\/vieassociative.be\/actualites\/wp-content\/uploads\/2025\/05\/1747210620_Breaked-Dream-of-the-Final-Great-Deception-pour-Red-Sebastian.jpg\",\"keywords\":[\"Belgique\",\"Breaked\",\"concours\",\"Deception\",\"Dream\",\"Eurovision\",\"final\",\"Great\",\"pour\",\"Red\",\"Sebastian\",\"Song\"],\"articleSection\":[\"Belgique\"],\"inLanguage\":\"fr-BE\"},{\"@type\":\"WebPage\",\"@id\":\"https:\/\/vieassociative.be\/actualites\/breaked-dream-of-the-final-great-deception-pour-red-sebastian-et-belgique-au-concours-eurovision-song\/\",\"url\":\"https:\/\/vieassociative.be\/actualites\/breaked-dream-of-the-final-great-deception-pour-red-sebastian-et-belgique-au-concours-eurovision-song\/\",\"name\":\"Breaked Dream of the Final: Great Deception pour Red Sebastian et Belgique au concours Eurovision Song | Vie Associative\",\"isPartOf\":{\"@id\":\"https:\/\/vieassociative.be\/actualites\/#website\"},\"primaryImageOfPage\":{\"@id\":\"https:\/\/vieassociative.be\/actualites\/breaked-dream-of-the-final-great-deception-pour-red-sebastian-et-belgique-au-concours-eurovision-song\/#primaryimage\"},\"image\":{\"@id\":\"https:\/\/vieassociative.be\/actualites\/breaked-dream-of-the-final-great-deception-pour-red-sebastian-et-belgique-au-concours-eurovision-song\/#primaryimage\"},\"thumbnailUrl\":\"https:\/\/vieassociative.be\/actualites\/wp-content\/uploads\/2025\/05\/1747210620_Breaked-Dream-of-the-Final-Great-Deception-pour-Red-Sebastian.jpg\",\"datePublished\":\"2025-05-14T08:17:00+00:00\",\"dateModified\":\"2025-05-14T08:17:00+00:00\",\"breadcrumb\":{\"@id\":\"https:\/\/vieassociative.be\/actualites\/breaked-dream-of-the-final-great-deception-pour-red-sebastian-et-belgique-au-concours-eurovision-song\/#breadcrumb\"},\"inLanguage\":\"fr-BE\",\"potentialAction\":[{\"@type\":\"ReadAction\",\"target\":[\"https:\/\/vieassociative.be\/actualites\/breaked-dream-of-the-final-great-deception-pour-red-sebastian-et-belgique-au-concours-eurovision-song\/\"]}]},{\"@type\":\"ImageObject\",\"inLanguage\":\"fr-BE\",\"@id\":\"https:\/\/vieassociative.be\/actualites\/breaked-dream-of-the-final-great-deception-pour-red-sebastian-et-belgique-au-concours-eurovision-song\/#primaryimage\",\"url\":\"https:\/\/vieassociative.be\/actualites\/wp-content\/uploads\/2025\/05\/1747210620_Breaked-Dream-of-the-Final-Great-Deception-pour-Red-Sebastian.jpg\",\"contentUrl\":\"https:\/\/vieassociative.be\/actualites\/wp-content\/uploads\/2025\/05\/1747210620_Breaked-Dream-of-the-Final-Great-Deception-pour-Red-Sebastian.jpg\",\"width\":1200,\"height\":831,\"caption\":\"Breaked Dream of the Final: Great Deception pour Red Sebastian et Belgique au concours Eurovision Song\"},{\"@type\":\"BreadcrumbList\",\"@id\":\"https:\/\/vieassociative.be\/actualites\/breaked-dream-of-the-final-great-deception-pour-red-sebastian-et-belgique-au-concours-eurovision-song\/#breadcrumb\",\"itemListElement\":[{\"@type\":\"ListItem\",\"position\":1,\"name\":\"Accueil\",\"item\":\"https:\/\/vieassociative.be\/actualites\/\"},{\"@type\":\"ListItem\",\"position\":2,\"name\":\"Breaked Dream of the Final: Great Deception pour Red Sebastian et Belgique au concours Eurovision Song\"}]},{\"@type\":\"WebSite\",\"@id\":\"https:\/\/vieassociative.be\/actualites\/#website\",\"url\":\"https:\/\/vieassociative.be\/actualites\/\",\"name\":\"Vie Associative\",\"description\":\"\",\"publisher\":{\"@id\":\"https:\/\/vieassociative.be\/actualites\/#organization\"},\"potentialAction\":[{\"@type\":\"SearchAction\",\"target\":{\"@type\":\"EntryPoint\",\"urlTemplate\":\"https:\/\/vieassociative.be\/actualites\/?s={search_term_string}\"},\"query-input\":{\"@type\":\"PropertyValueSpecification\",\"valueRequired\":true,\"valueName\":\"search_term_string\"}}],\"inLanguage\":\"fr-BE\"},{\"@type\":\"Organization\",\"@id\":\"https:\/\/vieassociative.be\/actualites\/#organization\",\"name\":\"Vie Associative\",\"url\":\"https:\/\/vieassociative.be\/actualites\/\",\"logo\":{\"@type\":\"ImageObject\",\"inLanguage\":\"fr-BE\",\"@id\":\"https:\/\/vieassociative.be\/actualites\/#\/schema\/logo\/image\/\",\"url\":\"https:\/\/vieassociative.be\/actualites\/wp-content\/uploads\/2024\/09\/cropped-vieassociative_favicon.ico.png\",\"contentUrl\":\"https:\/\/vieassociative.be\/actualites\/wp-content\/uploads\/2024\/09\/cropped-vieassociative_favicon.ico.png\",\"width\":512,\"height\":512,\"caption\":\"Vie Associative\"},\"image\":{\"@id\":\"https:\/\/vieassociative.be\/actualites\/#\/schema\/logo\/image\/\"}},{\"@type\":\"Person\",\"@id\":\"https:\/\/vieassociative.be\/actualites\/#\/schema\/person\/b87ac4f82f9d4e7b7cec7395b679edc4\",\"name\":\"Julien\",\"image\":{\"@type\":\"ImageObject\",\"inLanguage\":\"fr-BE\",\"@id\":\"https:\/\/vieassociative.be\/actualites\/#\/schema\/person\/image\/\",\"url\":\"https:\/\/vieassociative.be\/actualites\/wp-content\/uploads\/2024\/09\/vie-associative-1-150x150.jpg\",\"contentUrl\":\"https:\/\/vieassociative.be\/actualites\/wp-content\/uploads\/2024\/09\/vie-associative-1-150x150.jpg\",\"caption\":\"Julien\"},\"description\":\"Je suis Julien, r\u00e9dacteur pour Vie Associative. Passionn\u00e9 par le monde associatif depuis plus de 10 ans, j'ai \u00e0 c\u0153ur de partager des histoires inspirantes et de mettre en lumi\u00e8re les initiatives locales. Mon objectif est de sensibiliser et d'encourager l'engagement communautaire \u00e0 travers mes articles.\",\"sameAs\":[\"https:\/\/vieassociative.be\/\"]}]}<\/script>\n<!-- \/ Yoast SEO plugin. -->","yoast_head_json":{"title":"Breaked Dream of the Final: Great Deception pour Red Sebastian et Belgique au concours Eurovision Song | Vie Associative","robots":{"index":"index","follow":"follow","max-snippet":"max-snippet:-1","max-image-preview":"max-image-preview:large","max-video-preview":"max-video-preview:-1"},"canonical":"https:\/\/vieassociative.be\/actualites\/breaked-dream-of-the-final-great-deception-pour-red-sebastian-et-belgique-au-concours-eurovision-song\/","og_locale":"fr_FR","og_type":"article","og_title":"Breaked Dream of the Final: Great Deception pour Red Sebastian et Belgique au concours Eurovision Song | Vie Associative","og_description":"Une \u00e9norme d\u00e9ception pour la Belgique au plus grand festival de musique du monde: Red Sebastian, le candidat belge pour le 69e concours de la","og_url":"https:\/\/vieassociative.be\/actualites\/breaked-dream-of-the-final-great-deception-pour-red-sebastian-et-belgique-au-concours-eurovision-song\/","og_site_name":"Vie Associative","article_published_time":"2025-05-14T08:17:00+00:00","og_image":[{"width":279,"height":92,"url":"https:\/\/vieassociative.be\/actualites\/wp-content\/uploads\/2024\/09\/header_backgroundk-01-e1726694325946.png","type":"image\/png"}],"author":"Julien","twitter_card":"summary_large_image","twitter_misc":{"\u00c9crit par":"Julien","Dur\u00e9e de lecture est.":"2 minutes"},"schema":{"@context":"https:\/\/schema.org","@graph":[{"@type":"Article","@id":"https:\/\/vieassociative.be\/actualites\/breaked-dream-of-the-final-great-deception-pour-red-sebastian-et-belgique-au-concours-eurovision-song\/#article","isPartOf":{"@id":"https:\/\/vieassociative.be\/actualites\/breaked-dream-of-the-final-great-deception-pour-red-sebastian-et-belgique-au-concours-eurovision-song\/"},"author":{"name":"Julien","@id":"https:\/\/vieassociative.be\/actualites\/#\/schema\/person\/b87ac4f82f9d4e7b7cec7395b679edc4"},"headline":"Breaked Dream of the Final: Great Deception pour Red Sebastian et Belgique au concours Eurovision Song","datePublished":"2025-05-14T08:17:00+00:00","dateModified":"2025-05-14T08:17:00+00:00","mainEntityOfPage":{"@id":"https:\/\/vieassociative.be\/actualites\/breaked-dream-of-the-final-great-deception-pour-red-sebastian-et-belgique-au-concours-eurovision-song\/"},"wordCount":356,"publisher":{"@id":"https:\/\/vieassociative.be\/actualites\/#organization"},"image":{"@id":"https:\/\/vieassociative.be\/actualites\/breaked-dream-of-the-final-great-deception-pour-red-sebastian-et-belgique-au-concours-eurovision-song\/#primaryimage"},"thumbnailUrl":"https:\/\/vieassociative.be\/actualites\/wp-content\/uploads\/2025\/05\/1747210620_Breaked-Dream-of-the-Final-Great-Deception-pour-Red-Sebastian.jpg","keywords":["Belgique","Breaked","concours","Deception","Dream","Eurovision","final","Great","pour","Red","Sebastian","Song"],"articleSection":["Belgique"],"inLanguage":"fr-BE"},{"@type":"WebPage","@id":"https:\/\/vieassociative.be\/actualites\/breaked-dream-of-the-final-great-deception-pour-red-sebastian-et-belgique-au-concours-eurovision-song\/","url":"https:\/\/vieassociative.be\/actualites\/breaked-dream-of-the-final-great-deception-pour-red-sebastian-et-belgique-au-concours-eurovision-song\/","name":"Breaked Dream of the Final: Great Deception pour Red Sebastian et Belgique au concours Eurovision Song | Vie Associative","isPartOf":{"@id":"https:\/\/vieassociative.be\/actualites\/#website"},"primaryImageOfPage":{"@id":"https:\/\/vieassociative.be\/actualites\/breaked-dream-of-the-final-great-deception-pour-red-sebastian-et-belgique-au-concours-eurovision-song\/#primaryimage"},"image":{"@id":"https:\/\/vieassociative.be\/actualites\/breaked-dream-of-the-final-great-deception-pour-red-sebastian-et-belgique-au-concours-eurovision-song\/#primaryimage"},"thumbnailUrl":"https:\/\/vieassociative.be\/actualites\/wp-content\/uploads\/2025\/05\/1747210620_Breaked-Dream-of-the-Final-Great-Deception-pour-Red-Sebastian.jpg","datePublished":"2025-05-14T08:17:00+00:00","dateModified":"2025-05-14T08:17:00+00:00","breadcrumb":{"@id":"https:\/\/vieassociative.be\/actualites\/breaked-dream-of-the-final-great-deception-pour-red-sebastian-et-belgique-au-concours-eurovision-song\/#breadcrumb"},"inLanguage":"fr-BE","potentialAction":[{"@type":"ReadAction","target":["https:\/\/vieassociative.be\/actualites\/breaked-dream-of-the-final-great-deception-pour-red-sebastian-et-belgique-au-concours-eurovision-song\/"]}]},{"@type":"ImageObject","inLanguage":"fr-BE","@id":"https:\/\/vieassociative.be\/actualites\/breaked-dream-of-the-final-great-deception-pour-red-sebastian-et-belgique-au-concours-eurovision-song\/#primaryimage","url":"https:\/\/vieassociative.be\/actualites\/wp-content\/uploads\/2025\/05\/1747210620_Breaked-Dream-of-the-Final-Great-Deception-pour-Red-Sebastian.jpg","contentUrl":"https:\/\/vieassociative.be\/actualites\/wp-content\/uploads\/2025\/05\/1747210620_Breaked-Dream-of-the-Final-Great-Deception-pour-Red-Sebastian.jpg","width":1200,"height":831,"caption":"Breaked Dream of the Final: Great Deception pour Red Sebastian et Belgique au concours Eurovision Song"},{"@type":"BreadcrumbList","@id":"https:\/\/vieassociative.be\/actualites\/breaked-dream-of-the-final-great-deception-pour-red-sebastian-et-belgique-au-concours-eurovision-song\/#breadcrumb","itemListElement":[{"@type":"ListItem","position":1,"name":"Accueil","item":"https:\/\/vieassociative.be\/actualites\/"},{"@type":"ListItem","position":2,"name":"Breaked Dream of the Final: Great Deception pour Red Sebastian et Belgique au concours Eurovision Song"}]},{"@type":"WebSite","@id":"https:\/\/vieassociative.be\/actualites\/#website","url":"https:\/\/vieassociative.be\/actualites\/","name":"Vie Associative","description":"","publisher":{"@id":"https:\/\/vieassociative.be\/actualites\/#organization"},"potentialAction":[{"@type":"SearchAction","target":{"@type":"EntryPoint","urlTemplate":"https:\/\/vieassociative.be\/actualites\/?s={search_term_string}"},"query-input":{"@type":"PropertyValueSpecification","valueRequired":true,"valueName":"search_term_string"}}],"inLanguage":"fr-BE"},{"@type":"Organization","@id":"https:\/\/vieassociative.be\/actualites\/#organization","name":"Vie Associative","url":"https:\/\/vieassociative.be\/actualites\/","logo":{"@type":"ImageObject","inLanguage":"fr-BE","@id":"https:\/\/vieassociative.be\/actualites\/#\/schema\/logo\/image\/","url":"https:\/\/vieassociative.be\/actualites\/wp-content\/uploads\/2024\/09\/cropped-vieassociative_favicon.ico.png","contentUrl":"https:\/\/vieassociative.be\/actualites\/wp-content\/uploads\/2024\/09\/cropped-vieassociative_favicon.ico.png","width":512,"height":512,"caption":"Vie Associative"},"image":{"@id":"https:\/\/vieassociative.be\/actualites\/#\/schema\/logo\/image\/"}},{"@type":"Person","@id":"https:\/\/vieassociative.be\/actualites\/#\/schema\/person\/b87ac4f82f9d4e7b7cec7395b679edc4","name":"Julien","image":{"@type":"ImageObject","inLanguage":"fr-BE","@id":"https:\/\/vieassociative.be\/actualites\/#\/schema\/person\/image\/","url":"https:\/\/vieassociative.be\/actualites\/wp-content\/uploads\/2024\/09\/vie-associative-1-150x150.jpg","contentUrl":"https:\/\/vieassociative.be\/actualites\/wp-content\/uploads\/2024\/09\/vie-associative-1-150x150.jpg","caption":"Julien"},"description":"Je suis Julien, r\u00e9dacteur pour Vie Associative. Passionn\u00e9 par le monde associatif depuis plus de 10 ans, j'ai \u00e0 c\u0153ur de partager des histoires inspirantes et de mettre en lumi\u00e8re les initiatives locales. Mon objectif est de sensibiliser et d'encourager l'engagement communautaire \u00e0 travers mes articles.","sameAs":["https:\/\/vieassociative.be\/"]}]}},"_links":{"self":[{"href":"https:\/\/vieassociative.be\/actualites\/wp-json\/wp\/v2\/posts\/7555"}],"collection":[{"href":"https:\/\/vieassociative.be\/actualites\/wp-json\/wp\/v2\/posts"}],"about":[{"href":"https:\/\/vieassociative.be\/actualites\/wp-json\/wp\/v2\/types\/post"}],"author":[{"embeddable":true,"href":"https:\/\/vieassociative.be\/actualites\/wp-json\/wp\/v2\/users\/1"}],"replies":[{"embeddable":true,"href":"https:\/\/vieassociative.be\/actualites\/wp-json\/wp\/v2\/comments?post=7555"}],"version-history":[{"count":0,"href":"https:\/\/vieassociative.be\/actualites\/wp-json\/wp\/v2\/posts\/7555\/revisions"}],"wp:featuredmedia":[{"embeddable":true,"href":"https:\/\/vieassociative.be\/actualites\/wp-json\/wp\/v2\/media\/7556"}],"wp:attachment":[{"href":"https:\/\/vieassociative.be\/actualites\/wp-json\/wp\/v2\/media?parent=7555"}],"wp:term":[{"taxonomy":"category","embeddable":true,"href":"https:\/\/vieassociative.be\/actualites\/wp-json\/wp\/v2\/categories?post=7555"},{"taxonomy":"post_tag","embeddable":true,"href":"https:\/\/vieassociative.be\/actualites\/wp-json\/wp\/v2\/tags?post=7555"}],"curies":[{"name":"wp","href":"https:\/\/api.w.org\/{rel}","templated":true}]}}