{"id":7548,"date":"2025-05-14T04:18:14","date_gmt":"2025-05-14T02:18:14","guid":{"rendered":"https:\/\/vieassociative.be\/actualites\/marc-wilmots-56-revient-a-la-legende-standard-de-liege-football-new-sports-director-of-the-rouches\/"},"modified":"2025-05-14T04:18:14","modified_gmt":"2025-05-14T02:18:14","slug":"marc-wilmots-56-revient-a-la-legende-standard-de-liege-football-new-sports-director-of-the-rouches","status":"publish","type":"post","link":"https:\/\/vieassociative.be\/actualites\/marc-wilmots-56-revient-a-la-legende-standard-de-liege-football-new-sports-director-of-the-rouches\/","title":{"rendered":"Marc Wilmots (56) revient \u00e0 la l\u00e9gende standard de Li\u00e8ge-Football New Sports Director of the \u00ab\u00a0Rouches\u00a0\u00bb"},"content":{"rendered":"<p><strong>Un retour aux racines de Marc Wilmots: l&rsquo;ancien entra\u00eeneur national belge de 56 ans devient le nouveau directeur sportif de Standard Li\u00e8ge, o\u00f9 il \u00e9tait actif en tant que joueur entre 1991 et 1996. L&rsquo;Association Li\u00e8ge a officiellement annonc\u00e9 mardi matin.<\/strong><\/p>\n<p><span id=\"more-415450\"><\/span>Wilmot a une br\u00e8ve exp\u00e9rience en tant que directrice sportive \u00e0 Schalke 04, de janvier \u00e0 septembre 2024. L&rsquo;arriv\u00e9e de Marc Wilmots \u00e0 l&rsquo;association Li\u00e8ge \u00ab\u00a0marque une nouvelle \u00e9tape dans l&rsquo;effort de la norme, pour renforcer son identit\u00e9 et investir dans une structure sportive ambitieuse, stable et future-orient\u00e9e\u00a0\u00bb, a d\u00e9clar\u00e9 le communiqu\u00e9 de presse.<\/p>\n<div id=\"attachment_303045\" class=\"wp-caption alignleft\" style=\"max-width: 300px\"><img fetchpriority=\"high\" decoding=\"async\" class=\"wp-image-303045 size-medium\" src=\"https:\/\/vieassociative.be\/actualites\/wp-content\/uploads\/2025\/05\/Marc-Wilmots-56-revient-a-la-legende-standard-de-Liege-Football.jpeg\" alt=\"\" width=\"300\" height=\"200\"  ><\/p>\n<p class=\"wp-caption-text\">Le stade standard de Li\u00e8ge dans le district de Sclesin. Photo: Shutterstock<\/p>\n<\/div>\n<p>\u00ab\u00a0Le retour \u00e0 la norme est de savoir comment rentrer \u00e0 la maison\u00a0\u00bb, a r\u00e9agi Wilmots, qui avait port\u00e9 le maillot \u00ab\u00a0Rouches\u00a0\u00bb 163 fois avant de poursuivre sa carri\u00e8re et est devenu une l\u00e9gende \u00e0 Schalke 04. \u00ab\u00a0Je ressens beaucoup d&rsquo;\u00e9motion, mais aussi une grande responsabilit\u00e9. Je viens de construire et pour les aider \u00e0 transmettre et \u00e0 aider ce club, que j&rsquo;aime, \u00e0 prendre la fa\u00e7on dont il m\u00e9rite. il.\u00a0\u00bb<\/p>\n<p>Pierre Fran\u00e7ois, qui a r\u00e9cemment \u00e9t\u00e9 nomm\u00e9 directeur g\u00e9n\u00e9ral de Standard Li\u00e8ge, et le PDG Giacomo Angelini ont salu\u00e9 l&rsquo;arriv\u00e9e de Marc Wilmots. Cela fait \u00ab\u00a0partie du d\u00e9sir de professionnalisation et de clart\u00e9 plus fortes dans notre projet sportif\u00a0\u00bb, a comment\u00e9 Fran\u00e7ois.<\/p>\n<p>Il y a deux mois, Standard Li\u00e8ge a annonc\u00e9 que son directeur sportif Fergal Harkin quitterait le club apr\u00e8s la saison et son contrat. L&rsquo;Irlandais de 48 ans a travaill\u00e9 sur la Banque Maas pendant trois ans et travaillera d\u00e9sormais pour Bolton, en Angleterre. (Cre)<\/p>\n","protected":false},"excerpt":{"rendered":"<p>Un retour aux racines de Marc Wilmots: l&rsquo;ancien entra\u00eeneur national belge de 56 ans devient le nouveau directeur sportif de Standard Li\u00e8ge, o\u00f9 il \u00e9tait<\/p>\n","protected":false},"author":1,"featured_media":7549,"comment_status":"","ping_status":"","sticky":false,"template":"","format":"standard","meta":{"footnotes":""},"categories":[298],"tags":[6993,4414,6992,6991,4762,6994,5207,6549,3041],"class_list":["post-7548","post","type-post","status-publish","format-standard","has-post-thumbnail","hentry","category-belgique","tag-director","tag-legende","tag-liegefootball","tag-marc","tag-revient","tag-rouches","tag-sports","tag-standard","tag-wilmots","generate-columns","tablet-grid-50","mobile-grid-100","grid-parent","grid-33"],"yoast_head":"<!-- This site is optimized with the Yoast SEO plugin v24.0 - https:\/\/yoast.com\/wordpress\/plugins\/seo\/ -->\n<title>Marc Wilmots (56) revient \u00e0 la l\u00e9gende standard de Li\u00e8ge-Football New Sports Director of the &quot;Rouches&quot; | Vie Associative<\/title>\n<meta name=\"robots\" content=\"index, follow, max-snippet:-1, max-image-preview:large, max-video-preview:-1\" \/>\n<link rel=\"canonical\" href=\"https:\/\/vieassociative.be\/actualites\/marc-wilmots-56-revient-a-la-legende-standard-de-liege-football-new-sports-director-of-the-rouches\/\" \/>\n<meta property=\"og:locale\" content=\"fr_FR\" \/>\n<meta property=\"og:type\" content=\"article\" \/>\n<meta property=\"og:title\" content=\"Marc Wilmots (56) revient \u00e0 la l\u00e9gende standard de Li\u00e8ge-Football New Sports Director of the &quot;Rouches&quot; | Vie Associative\" \/>\n<meta property=\"og:description\" content=\"Un retour aux racines de Marc Wilmots: l&rsquo;ancien entra\u00eeneur national belge de 56 ans devient le nouveau directeur sportif de Standard Li\u00e8ge, o\u00f9 il \u00e9tait\" \/>\n<meta property=\"og:url\" content=\"https:\/\/vieassociative.be\/actualites\/marc-wilmots-56-revient-a-la-legende-standard-de-liege-football-new-sports-director-of-the-rouches\/\" \/>\n<meta property=\"og:site_name\" content=\"Vie Associative\" \/>\n<meta property=\"article:published_time\" content=\"2025-05-14T02:18:14+00:00\" \/>\n<meta property=\"og:image\" content=\"https:\/\/vieassociative.be\/actualites\/wp-content\/uploads\/2024\/09\/header_backgroundk-01-e1726694325946.png\" \/>\n\t<meta property=\"og:image:width\" content=\"279\" \/>\n\t<meta property=\"og:image:height\" content=\"92\" \/>\n\t<meta property=\"og:image:type\" content=\"image\/png\" \/>\n<meta name=\"author\" content=\"Julien\" \/>\n<meta name=\"twitter:card\" content=\"summary_large_image\" \/>\n<meta name=\"twitter:label1\" content=\"\u00c9crit par\" \/>\n\t<meta name=\"twitter:data1\" content=\"Julien\" \/>\n\t<meta name=\"twitter:label2\" content=\"Dur\u00e9e de lecture est.\" \/>\n\t<meta name=\"twitter:data2\" content=\"1 minute\" \/>\n<script type=\"application\/ld+json\" class=\"yoast-schema-graph\">{\"@context\":\"https:\/\/schema.org\",\"@graph\":[{\"@type\":\"Article\",\"@id\":\"https:\/\/vieassociative.be\/actualites\/marc-wilmots-56-revient-a-la-legende-standard-de-liege-football-new-sports-director-of-the-rouches\/#article\",\"isPartOf\":{\"@id\":\"https:\/\/vieassociative.be\/actualites\/marc-wilmots-56-revient-a-la-legende-standard-de-liege-football-new-sports-director-of-the-rouches\/\"},\"author\":{\"name\":\"Julien\",\"@id\":\"https:\/\/vieassociative.be\/actualites\/#\/schema\/person\/b87ac4f82f9d4e7b7cec7395b679edc4\"},\"headline\":\"Marc Wilmots (56) revient \u00e0 la l\u00e9gende standard de Li\u00e8ge-Football New Sports Director of the \u00ab\u00a0Rouches\u00a0\u00bb\",\"datePublished\":\"2025-05-14T02:18:14+00:00\",\"dateModified\":\"2025-05-14T02:18:14+00:00\",\"mainEntityOfPage\":{\"@id\":\"https:\/\/vieassociative.be\/actualites\/marc-wilmots-56-revient-a-la-legende-standard-de-liege-football-new-sports-director-of-the-rouches\/\"},\"wordCount\":299,\"publisher\":{\"@id\":\"https:\/\/vieassociative.be\/actualites\/#organization\"},\"image\":{\"@id\":\"https:\/\/vieassociative.be\/actualites\/marc-wilmots-56-revient-a-la-legende-standard-de-liege-football-new-sports-director-of-the-rouches\/#primaryimage\"},\"thumbnailUrl\":\"https:\/\/vieassociative.be\/actualites\/wp-content\/uploads\/2025\/05\/Marc-Wilmots-56-revient-a-la-legende-standard-de-Liege-Football.jpg\",\"keywords\":[\"Director\",\"l\u00e9gende\",\"Li\u00e8geFootball\",\"Marc\",\"revient\",\"Rouches\",\"sports\",\"standard\",\"Wilmots\"],\"articleSection\":[\"Belgique\"],\"inLanguage\":\"fr-BE\"},{\"@type\":\"WebPage\",\"@id\":\"https:\/\/vieassociative.be\/actualites\/marc-wilmots-56-revient-a-la-legende-standard-de-liege-football-new-sports-director-of-the-rouches\/\",\"url\":\"https:\/\/vieassociative.be\/actualites\/marc-wilmots-56-revient-a-la-legende-standard-de-liege-football-new-sports-director-of-the-rouches\/\",\"name\":\"Marc Wilmots (56) revient \u00e0 la l\u00e9gende standard de Li\u00e8ge-Football New Sports Director of the \\\"Rouches\\\" | Vie Associative\",\"isPartOf\":{\"@id\":\"https:\/\/vieassociative.be\/actualites\/#website\"},\"primaryImageOfPage\":{\"@id\":\"https:\/\/vieassociative.be\/actualites\/marc-wilmots-56-revient-a-la-legende-standard-de-liege-football-new-sports-director-of-the-rouches\/#primaryimage\"},\"image\":{\"@id\":\"https:\/\/vieassociative.be\/actualites\/marc-wilmots-56-revient-a-la-legende-standard-de-liege-football-new-sports-director-of-the-rouches\/#primaryimage\"},\"thumbnailUrl\":\"https:\/\/vieassociative.be\/actualites\/wp-content\/uploads\/2025\/05\/Marc-Wilmots-56-revient-a-la-legende-standard-de-Liege-Football.jpg\",\"datePublished\":\"2025-05-14T02:18:14+00:00\",\"dateModified\":\"2025-05-14T02:18:14+00:00\",\"breadcrumb\":{\"@id\":\"https:\/\/vieassociative.be\/actualites\/marc-wilmots-56-revient-a-la-legende-standard-de-liege-football-new-sports-director-of-the-rouches\/#breadcrumb\"},\"inLanguage\":\"fr-BE\",\"potentialAction\":[{\"@type\":\"ReadAction\",\"target\":[\"https:\/\/vieassociative.be\/actualites\/marc-wilmots-56-revient-a-la-legende-standard-de-liege-football-new-sports-director-of-the-rouches\/\"]}]},{\"@type\":\"ImageObject\",\"inLanguage\":\"fr-BE\",\"@id\":\"https:\/\/vieassociative.be\/actualites\/marc-wilmots-56-revient-a-la-legende-standard-de-liege-football-new-sports-director-of-the-rouches\/#primaryimage\",\"url\":\"https:\/\/vieassociative.be\/actualites\/wp-content\/uploads\/2025\/05\/Marc-Wilmots-56-revient-a-la-legende-standard-de-Liege-Football.jpg\",\"contentUrl\":\"https:\/\/vieassociative.be\/actualites\/wp-content\/uploads\/2025\/05\/Marc-Wilmots-56-revient-a-la-legende-standard-de-Liege-Football.jpg\",\"width\":1200,\"height\":800,\"caption\":\"Marc Wilmots (56) revient \u00e0 la l\u00e9gende standard de Li\u00e8ge-Football New Sports Director of the \\\"Rouches\\\"\"},{\"@type\":\"BreadcrumbList\",\"@id\":\"https:\/\/vieassociative.be\/actualites\/marc-wilmots-56-revient-a-la-legende-standard-de-liege-football-new-sports-director-of-the-rouches\/#breadcrumb\",\"itemListElement\":[{\"@type\":\"ListItem\",\"position\":1,\"name\":\"Accueil\",\"item\":\"https:\/\/vieassociative.be\/actualites\/\"},{\"@type\":\"ListItem\",\"position\":2,\"name\":\"Marc Wilmots (56) revient \u00e0 la l\u00e9gende standard de Li\u00e8ge-Football New Sports Director of the \u00ab\u00a0Rouches\u00a0\u00bb\"}]},{\"@type\":\"WebSite\",\"@id\":\"https:\/\/vieassociative.be\/actualites\/#website\",\"url\":\"https:\/\/vieassociative.be\/actualites\/\",\"name\":\"Vie Associative\",\"description\":\"\",\"publisher\":{\"@id\":\"https:\/\/vieassociative.be\/actualites\/#organization\"},\"potentialAction\":[{\"@type\":\"SearchAction\",\"target\":{\"@type\":\"EntryPoint\",\"urlTemplate\":\"https:\/\/vieassociative.be\/actualites\/?s={search_term_string}\"},\"query-input\":{\"@type\":\"PropertyValueSpecification\",\"valueRequired\":true,\"valueName\":\"search_term_string\"}}],\"inLanguage\":\"fr-BE\"},{\"@type\":\"Organization\",\"@id\":\"https:\/\/vieassociative.be\/actualites\/#organization\",\"name\":\"Vie Associative\",\"url\":\"https:\/\/vieassociative.be\/actualites\/\",\"logo\":{\"@type\":\"ImageObject\",\"inLanguage\":\"fr-BE\",\"@id\":\"https:\/\/vieassociative.be\/actualites\/#\/schema\/logo\/image\/\",\"url\":\"https:\/\/vieassociative.be\/actualites\/wp-content\/uploads\/2024\/09\/cropped-vieassociative_favicon.ico.png\",\"contentUrl\":\"https:\/\/vieassociative.be\/actualites\/wp-content\/uploads\/2024\/09\/cropped-vieassociative_favicon.ico.png\",\"width\":512,\"height\":512,\"caption\":\"Vie Associative\"},\"image\":{\"@id\":\"https:\/\/vieassociative.be\/actualites\/#\/schema\/logo\/image\/\"}},{\"@type\":\"Person\",\"@id\":\"https:\/\/vieassociative.be\/actualites\/#\/schema\/person\/b87ac4f82f9d4e7b7cec7395b679edc4\",\"name\":\"Julien\",\"image\":{\"@type\":\"ImageObject\",\"inLanguage\":\"fr-BE\",\"@id\":\"https:\/\/vieassociative.be\/actualites\/#\/schema\/person\/image\/\",\"url\":\"https:\/\/vieassociative.be\/actualites\/wp-content\/uploads\/2024\/09\/vie-associative-1-150x150.jpg\",\"contentUrl\":\"https:\/\/vieassociative.be\/actualites\/wp-content\/uploads\/2024\/09\/vie-associative-1-150x150.jpg\",\"caption\":\"Julien\"},\"description\":\"Je suis Julien, r\u00e9dacteur pour Vie Associative. Passionn\u00e9 par le monde associatif depuis plus de 10 ans, j'ai \u00e0 c\u0153ur de partager des histoires inspirantes et de mettre en lumi\u00e8re les initiatives locales. Mon objectif est de sensibiliser et d'encourager l'engagement communautaire \u00e0 travers mes articles.\",\"sameAs\":[\"https:\/\/vieassociative.be\/\"]}]}<\/script>\n<!-- \/ Yoast SEO plugin. -->","yoast_head_json":{"title":"Marc Wilmots (56) revient \u00e0 la l\u00e9gende standard de Li\u00e8ge-Football New Sports Director of the \"Rouches\" | Vie Associative","robots":{"index":"index","follow":"follow","max-snippet":"max-snippet:-1","max-image-preview":"max-image-preview:large","max-video-preview":"max-video-preview:-1"},"canonical":"https:\/\/vieassociative.be\/actualites\/marc-wilmots-56-revient-a-la-legende-standard-de-liege-football-new-sports-director-of-the-rouches\/","og_locale":"fr_FR","og_type":"article","og_title":"Marc Wilmots (56) revient \u00e0 la l\u00e9gende standard de Li\u00e8ge-Football New Sports Director of the \"Rouches\" | Vie Associative","og_description":"Un retour aux racines de Marc Wilmots: l&rsquo;ancien entra\u00eeneur national belge de 56 ans devient le nouveau directeur sportif de Standard Li\u00e8ge, o\u00f9 il \u00e9tait","og_url":"https:\/\/vieassociative.be\/actualites\/marc-wilmots-56-revient-a-la-legende-standard-de-liege-football-new-sports-director-of-the-rouches\/","og_site_name":"Vie Associative","article_published_time":"2025-05-14T02:18:14+00:00","og_image":[{"width":279,"height":92,"url":"https:\/\/vieassociative.be\/actualites\/wp-content\/uploads\/2024\/09\/header_backgroundk-01-e1726694325946.png","type":"image\/png"}],"author":"Julien","twitter_card":"summary_large_image","twitter_misc":{"\u00c9crit par":"Julien","Dur\u00e9e de lecture est.":"1 minute"},"schema":{"@context":"https:\/\/schema.org","@graph":[{"@type":"Article","@id":"https:\/\/vieassociative.be\/actualites\/marc-wilmots-56-revient-a-la-legende-standard-de-liege-football-new-sports-director-of-the-rouches\/#article","isPartOf":{"@id":"https:\/\/vieassociative.be\/actualites\/marc-wilmots-56-revient-a-la-legende-standard-de-liege-football-new-sports-director-of-the-rouches\/"},"author":{"name":"Julien","@id":"https:\/\/vieassociative.be\/actualites\/#\/schema\/person\/b87ac4f82f9d4e7b7cec7395b679edc4"},"headline":"Marc Wilmots (56) revient \u00e0 la l\u00e9gende standard de Li\u00e8ge-Football New Sports Director of the \u00ab\u00a0Rouches\u00a0\u00bb","datePublished":"2025-05-14T02:18:14+00:00","dateModified":"2025-05-14T02:18:14+00:00","mainEntityOfPage":{"@id":"https:\/\/vieassociative.be\/actualites\/marc-wilmots-56-revient-a-la-legende-standard-de-liege-football-new-sports-director-of-the-rouches\/"},"wordCount":299,"publisher":{"@id":"https:\/\/vieassociative.be\/actualites\/#organization"},"image":{"@id":"https:\/\/vieassociative.be\/actualites\/marc-wilmots-56-revient-a-la-legende-standard-de-liege-football-new-sports-director-of-the-rouches\/#primaryimage"},"thumbnailUrl":"https:\/\/vieassociative.be\/actualites\/wp-content\/uploads\/2025\/05\/Marc-Wilmots-56-revient-a-la-legende-standard-de-Liege-Football.jpg","keywords":["Director","l\u00e9gende","Li\u00e8geFootball","Marc","revient","Rouches","sports","standard","Wilmots"],"articleSection":["Belgique"],"inLanguage":"fr-BE"},{"@type":"WebPage","@id":"https:\/\/vieassociative.be\/actualites\/marc-wilmots-56-revient-a-la-legende-standard-de-liege-football-new-sports-director-of-the-rouches\/","url":"https:\/\/vieassociative.be\/actualites\/marc-wilmots-56-revient-a-la-legende-standard-de-liege-football-new-sports-director-of-the-rouches\/","name":"Marc Wilmots (56) revient \u00e0 la l\u00e9gende standard de Li\u00e8ge-Football New Sports Director of the \"Rouches\" | Vie Associative","isPartOf":{"@id":"https:\/\/vieassociative.be\/actualites\/#website"},"primaryImageOfPage":{"@id":"https:\/\/vieassociative.be\/actualites\/marc-wilmots-56-revient-a-la-legende-standard-de-liege-football-new-sports-director-of-the-rouches\/#primaryimage"},"image":{"@id":"https:\/\/vieassociative.be\/actualites\/marc-wilmots-56-revient-a-la-legende-standard-de-liege-football-new-sports-director-of-the-rouches\/#primaryimage"},"thumbnailUrl":"https:\/\/vieassociative.be\/actualites\/wp-content\/uploads\/2025\/05\/Marc-Wilmots-56-revient-a-la-legende-standard-de-Liege-Football.jpg","datePublished":"2025-05-14T02:18:14+00:00","dateModified":"2025-05-14T02:18:14+00:00","breadcrumb":{"@id":"https:\/\/vieassociative.be\/actualites\/marc-wilmots-56-revient-a-la-legende-standard-de-liege-football-new-sports-director-of-the-rouches\/#breadcrumb"},"inLanguage":"fr-BE","potentialAction":[{"@type":"ReadAction","target":["https:\/\/vieassociative.be\/actualites\/marc-wilmots-56-revient-a-la-legende-standard-de-liege-football-new-sports-director-of-the-rouches\/"]}]},{"@type":"ImageObject","inLanguage":"fr-BE","@id":"https:\/\/vieassociative.be\/actualites\/marc-wilmots-56-revient-a-la-legende-standard-de-liege-football-new-sports-director-of-the-rouches\/#primaryimage","url":"https:\/\/vieassociative.be\/actualites\/wp-content\/uploads\/2025\/05\/Marc-Wilmots-56-revient-a-la-legende-standard-de-Liege-Football.jpg","contentUrl":"https:\/\/vieassociative.be\/actualites\/wp-content\/uploads\/2025\/05\/Marc-Wilmots-56-revient-a-la-legende-standard-de-Liege-Football.jpg","width":1200,"height":800,"caption":"Marc Wilmots (56) revient \u00e0 la l\u00e9gende standard de Li\u00e8ge-Football New Sports Director of the \"Rouches\""},{"@type":"BreadcrumbList","@id":"https:\/\/vieassociative.be\/actualites\/marc-wilmots-56-revient-a-la-legende-standard-de-liege-football-new-sports-director-of-the-rouches\/#breadcrumb","itemListElement":[{"@type":"ListItem","position":1,"name":"Accueil","item":"https:\/\/vieassociative.be\/actualites\/"},{"@type":"ListItem","position":2,"name":"Marc Wilmots (56) revient \u00e0 la l\u00e9gende standard de Li\u00e8ge-Football New Sports Director of the \u00ab\u00a0Rouches\u00a0\u00bb"}]},{"@type":"WebSite","@id":"https:\/\/vieassociative.be\/actualites\/#website","url":"https:\/\/vieassociative.be\/actualites\/","name":"Vie Associative","description":"","publisher":{"@id":"https:\/\/vieassociative.be\/actualites\/#organization"},"potentialAction":[{"@type":"SearchAction","target":{"@type":"EntryPoint","urlTemplate":"https:\/\/vieassociative.be\/actualites\/?s={search_term_string}"},"query-input":{"@type":"PropertyValueSpecification","valueRequired":true,"valueName":"search_term_string"}}],"inLanguage":"fr-BE"},{"@type":"Organization","@id":"https:\/\/vieassociative.be\/actualites\/#organization","name":"Vie Associative","url":"https:\/\/vieassociative.be\/actualites\/","logo":{"@type":"ImageObject","inLanguage":"fr-BE","@id":"https:\/\/vieassociative.be\/actualites\/#\/schema\/logo\/image\/","url":"https:\/\/vieassociative.be\/actualites\/wp-content\/uploads\/2024\/09\/cropped-vieassociative_favicon.ico.png","contentUrl":"https:\/\/vieassociative.be\/actualites\/wp-content\/uploads\/2024\/09\/cropped-vieassociative_favicon.ico.png","width":512,"height":512,"caption":"Vie Associative"},"image":{"@id":"https:\/\/vieassociative.be\/actualites\/#\/schema\/logo\/image\/"}},{"@type":"Person","@id":"https:\/\/vieassociative.be\/actualites\/#\/schema\/person\/b87ac4f82f9d4e7b7cec7395b679edc4","name":"Julien","image":{"@type":"ImageObject","inLanguage":"fr-BE","@id":"https:\/\/vieassociative.be\/actualites\/#\/schema\/person\/image\/","url":"https:\/\/vieassociative.be\/actualites\/wp-content\/uploads\/2024\/09\/vie-associative-1-150x150.jpg","contentUrl":"https:\/\/vieassociative.be\/actualites\/wp-content\/uploads\/2024\/09\/vie-associative-1-150x150.jpg","caption":"Julien"},"description":"Je suis Julien, r\u00e9dacteur pour Vie Associative. Passionn\u00e9 par le monde associatif depuis plus de 10 ans, j'ai \u00e0 c\u0153ur de partager des histoires inspirantes et de mettre en lumi\u00e8re les initiatives locales. Mon objectif est de sensibiliser et d'encourager l'engagement communautaire \u00e0 travers mes articles.","sameAs":["https:\/\/vieassociative.be\/"]}]}},"_links":{"self":[{"href":"https:\/\/vieassociative.be\/actualites\/wp-json\/wp\/v2\/posts\/7548"}],"collection":[{"href":"https:\/\/vieassociative.be\/actualites\/wp-json\/wp\/v2\/posts"}],"about":[{"href":"https:\/\/vieassociative.be\/actualites\/wp-json\/wp\/v2\/types\/post"}],"author":[{"embeddable":true,"href":"https:\/\/vieassociative.be\/actualites\/wp-json\/wp\/v2\/users\/1"}],"replies":[{"embeddable":true,"href":"https:\/\/vieassociative.be\/actualites\/wp-json\/wp\/v2\/comments?post=7548"}],"version-history":[{"count":0,"href":"https:\/\/vieassociative.be\/actualites\/wp-json\/wp\/v2\/posts\/7548\/revisions"}],"wp:featuredmedia":[{"embeddable":true,"href":"https:\/\/vieassociative.be\/actualites\/wp-json\/wp\/v2\/media\/7549"}],"wp:attachment":[{"href":"https:\/\/vieassociative.be\/actualites\/wp-json\/wp\/v2\/media?parent=7548"}],"wp:term":[{"taxonomy":"category","embeddable":true,"href":"https:\/\/vieassociative.be\/actualites\/wp-json\/wp\/v2\/categories?post=7548"},{"taxonomy":"post_tag","embeddable":true,"href":"https:\/\/vieassociative.be\/actualites\/wp-json\/wp\/v2\/tags?post=7548"}],"curies":[{"name":"wp","href":"https:\/\/api.w.org\/{rel}","templated":true}]}}