{"id":7546,"date":"2025-05-14T03:18:28","date_gmt":"2025-05-14T01:18:28","guid":{"rendered":"https:\/\/vieassociative.be\/actualites\/mettez-a-jour-votre-iphone-pour-vous-assurer-que-le-bouton-mute-de-facetime-fonctionne-reellement\/"},"modified":"2025-05-14T03:18:28","modified_gmt":"2025-05-14T01:18:28","slug":"mettez-a-jour-votre-iphone-pour-vous-assurer-que-le-bouton-mute-de-facetime-fonctionne-reellement","status":"publish","type":"post","link":"https:\/\/vieassociative.be\/actualites\/mettez-a-jour-votre-iphone-pour-vous-assurer-que-le-bouton-mute-de-facetime-fonctionne-reellement\/","title":{"rendered":"Mettez \u00e0 jour votre iPhone pour vous assurer que le bouton MUTE de FaceTime fonctionne r\u00e9ellement"},"content":{"rendered":"<div class=\"mt-4 leading-6 md:mb-8\">J&rsquo;esp\u00e8re que vous n&rsquo;avez pas fait confiance au bouton muet de FaceTime ces derniers temps.<\/div>\n<p><\/p>\n<p>Certaines mises \u00e0 jour logicielles emballent dans un certain nombre de fonctionnalit\u00e9s et de modifications, tandis que d&rsquo;autres r\u00e9visaient fondamentalement l&rsquo;exp\u00e9rience de l&rsquo;utilisation de l&rsquo;appareil en question. iOS 18.5 n&rsquo;est ni l&rsquo;un ni l&rsquo;autre: c&rsquo;est un <em>mineure<\/em> Mise \u00e0 jour, mais c&rsquo;est \u00e0 pr\u00e9voir. Le WWDC est le mois prochain, o\u00f9 Apple annoncera presque assur\u00e9ment iOS 19.<\/p>\n<p>Mais iOS 18.5 n&rsquo;est pas une mise \u00e0 jour vide. Une fois que vous l&rsquo;installez sur votre iPhone, vous remarquerez quelques modifications &#8211; et certaines des modifications que vous ne remarquez pas sont la plus importante de toutes. Voici tout ce qui est nouveau dans la derni\u00e8re mise \u00e0 jour iOS:<\/p>\n<h2 id=\"an-easy-way-to-disable-contact-photos-in-mail\">Un moyen facile de d\u00e9sactiver les photos de contact dans le courrier<\/h2>\n<p>Avec iOS 18.2, Apple a mis \u00e0 niveau l&rsquo;application de messagerie. Pour certains, les modifications ont rendu l&rsquo;application de messagerie plus organis\u00e9e et efficace \u00e0 utiliser. Pour d&rsquo;autres, c&rsquo;\u00e9tait gonfl\u00e9 et d\u00e9routant. Les photos de contact n&rsquo;ont pas aid\u00e9. <\/p>\n<p>L&rsquo;id\u00e9e est que si vous avez une photo de contact pour un exp\u00e9diteur, elle appara\u00eetra dans le c\u00f4t\u00e9 gauche du message dans votre bo\u00eete de r\u00e9ception. Cependant, si vous n&rsquo;avez pas une telle photo, le courrier utilisera une image de la biblioth\u00e8que stock d&rsquo;Apple. Le go\u00fbt est subjectif, mais, franchement, ces ic\u00f4nes de stock n&rsquo;ont tout simplement pas l&rsquo;air bien. <\/p>\n<p>Heureusement, vous pouvez les d\u00e9sactiver, mais vous ne le sauriez jamais \u00e0 moins que vous ne soyez quelqu&rsquo;un qui aime plonger via votre application de param\u00e8tres. iOS 18.5 corrige cela avec une option facile dans l&rsquo;application de messagerie elle-m\u00eame. Khamosh Pathak de Vie Associative a expliqu\u00e9 le changement plus en profondeur ici. <\/p>\n<h2 id=\"it-just-got-more-difficult-to-bypass-screen-time-settings\">Il est devenu plus difficile de contourner les param\u00e8tres de temps d&rsquo;\u00e9cran<\/h2>\n<p>La fonction de temps d&rsquo;\u00e9cran d&rsquo;Apple est un excellent outil pour les parents &#8211; et je ne peux qu&rsquo;imaginer, une douleur pour les enfants. Les parents peuvent d\u00e9finir un mot de passe pour verrouiller les param\u00e8tres de temps d&rsquo;\u00e9cran et s&rsquo;assurer que les enfants ne peuvent pas acc\u00e9der aux aspects de leur iPhone, leurs parents ne veulent pas qu&rsquo;ils le fassent. Bien s\u00fbr, les codes passants sont une restriction tristement futile, car les enfants avis\u00e9s trouveront toujours comment s&rsquo;introduire.   <\/p>\n<p>Bien qu&rsquo;Apple ne r\u00e9invente pas la roue de code de passe avec iOS 18.5, il rend le temps d&rsquo;\u00e9cran un peu plus s\u00e9curis\u00e9. Une fois que vous avez mis \u00e0 jour, vous recevrez une notification chaque fois que le mot de passe du temps d&rsquo;\u00e9cran est utilis\u00e9 sur l&rsquo;appareil d&rsquo;un enfant. Cela n&#8217;emp\u00eachera pas vos enfants de d\u00e9couvrir le mot de passe de votre temps d&rsquo;\u00e9cran, mais cela obstruera leur plaisir dans le bourgeon assez rapidement.<\/p>\n<p>J&rsquo;imagine que les enfants trouveront une solution de contournement de cette fonctionnalit\u00e9 \u00e0 l&rsquo;avenir. Mais, pour l&rsquo;instant, vous avez un outil suppl\u00e9mentaire pour vous assurer que les restrictions restent en place.  <\/p>\n<h2 id=\"a-new-pride-harmony-wallpaper\">Un nouveau papier peint \u00ab\u00a0Pride Harmony\u00a0\u00bb<\/h2>\n<div class=\"eloquent-imagery-image\">\n<div class=\"flex justify-center\">\n                    <img decoding=\"async\" class=\"border border-gray-100\" src=\"https:\/\/vieassociative.be\/actualites\/wp-content\/uploads\/2025\/05\/Mettez-a-jour-votre-iPhone-pour-vous-assurer-que-le.jpg\" alt=\"Fond d'\u00e9cran d'Apple Pride Harmony sur iPad, iPhone et Apple Watch\" width=\"2000\" height=\"1124\" loading=\"lazy\"  >\n            <\/div>\n<\/p><\/div>\n<p>En pr\u00e9vision du mois de la fiert\u00e9, Apple d\u00e9ploie un nouveau fond d&rsquo;\u00e9cran \u00ab\u00a0Pride Harmony\u00a0\u00bb pour ses diff\u00e9rents appareils. Le papier peint pr\u00e9sente des couleurs de l&rsquo;arc-en-ciel qui ajustent leurs positions lorsque vous d\u00e9placez, verrouillez ou d\u00e9verrouillez votre iPhone ou iPad. Apple a \u00e9galement un nouveau groupe de sport Pride Edition, qui pr\u00e9sente un jeu de couleurs similaire. Apple dit que son objectif avec la conception de l&rsquo;harmonie de la fiert\u00e9 est de \u00ab\u00a0c\u00e9l\u00e9brer la force et la beaut\u00e9 des communaut\u00e9s LGBTQ + du monde entier\u00a0\u00bb. <\/p>\n<p>Il est facile d&rsquo;\u00eatre cynique \u00e0 propos de la fiert\u00e9 de l&rsquo;entreprise, mais compte tenu des moments o\u00f9 nous vivons, il est cool de voir qu&rsquo;Apple continuer \u00e0 soutenir ouvertement la communaut\u00e9 LGBTQ + que ces derni\u00e8res ann\u00e9es. (Mis \u00e0 part les dons de Tim Cook.)<\/p>\n<h2 id=\"buy-with-iphone-now-available-on-third-party-devices\">\u00ab\u00a0Acheter avec iPhone\u00a0\u00bb maintenant disponible sur des appareils tiers<\/h2>\n<p>Lorsque vous achetez quelque chose sur l&rsquo;application TV d&rsquo;Apple TV (dites que trois fois plus rapidement), vous avez la possibilit\u00e9 d&rsquo;approuver cet achat avec votre iPhone. Avec iOS 18.5, cette fonctionnalit\u00e9 arrive sur l&rsquo;application TV sur des appareils non ponds. De cette fa\u00e7on, vous n&rsquo;avez pas besoin de faire l&rsquo;achat sur l&rsquo;application TV d&rsquo;un autre appareil Apple avant de pouvoir regarder sur votre appareil tiers.  <\/p>\n<div class=\"pogoClear relative my-10 border-b-(1.5px) border-t-(1.5px) border-dashed border-black py-5 sm:my-14 sm:border-0 sm:py-0\" data-ga-click data-ga-template=\"News\" data-ga-module=\"openweb_widget\" data-ga-element=\"openweb_scroll\" data-ga-item=\"openweb_scroll_midpage\" x-cloak x-data=\"{ commentsCount: null, hasComments: false }\" x-init=\"commentsCount = await window.openweb.getMessagesCount(01JV5M3PYBK05EYJBEVWGTSKW2);\n     hasComments = commentsCount !== null &amp;&amp; commentsCount &gt; 0\"><\/p>\n<div class=\"absolute top-1\/2 hidden w-full -translate-y-1\/2 border-t-(1.5px) border-dashed border-black sm:block\"><\/div>\n<div class=\"relative flex justify-center\">\n<div class=\"flex max-w-max items-center gap-x-3 bg-white px-5\">\n<div class=\"relative\">\n                <span class=\"absolute left-1\/2 top-1\/2 -translate-x-1\/2 -translate-y-1\/2 font-akshar text-sm font-medium text-black\" x-show=\"hasComments\" x-text=\"commentsCount\"><\/span><\/p>\n<p>                <svg class=\"h-8 w-8 text-black\">\n                    <use href=\"http:\/\/lifehacker.com\/images\/icons\/spritemap.svg#sprite-chat-bubble\"><\/use>\n                <\/svg>\n            <\/div>\n<p>            <span class=\"text-sm font-medium text-black\"><\/p>\n<p>                Que pensez-vous jusqu&rsquo;\u00e0 pr\u00e9sent?<br \/>\n                <button class=\"font-semibold text-brand-green underline hover:text-brand-green-700\" onclick=\"window.openweb.scrollToComments('01JV5M3PYBK05EYJBEVWGTSKW2')\" x-text=\"hasComments ? 'Post a comment.' : 'Be the first to post a comment.'\"><\/button><br \/>\n            <\/span>\n        <\/div>\n<\/p><\/div>\n<\/div>\n<h2 id=\"carrier-provided-satellite-features-are-now-available-on-the-iphone-13-series\">Des fonctionnalit\u00e9s satellites fournies par les op\u00e9rateurs sont d\u00e9sormais disponibles sur la s\u00e9rie iPhone 13<\/h2>\n<p>Depuis 2023, Apple a officiellement soutenu les communications satellites pour tous les iPhones \u00e0 partir de la s\u00e9rie 14. Si vous \u00eates sans services cellulaires, vous pouvez vous connecter \u00e0 un satellite pour tendre la main aux autorit\u00e9s pour obtenir de l&rsquo;aide &#8211; ou m\u00eame simplement envoyer un SMS \u00e0 un ami. <\/p>\n<p>Apr\u00e8s cette derni\u00e8re mise \u00e0 jour, cependant, les utilisateurs de l&rsquo;iPhone 13 pourront \u00e9galement profiter des fonctionnalit\u00e9s satellites. <\/p>\n<h2 id=\"apple-vision-pro-app-gets-a-bug-fix\">L&rsquo;application Apple Vision Pro obtient un correctif de bogue<\/h2>\n<p>La mise \u00e0 jour r\u00e9sout \u00e9galement un probl\u00e8me avec l&rsquo;application Apple Vision Pro, o\u00f9 l&rsquo;application peut parfois afficher un \u00e9cran noir. <\/p>\n<h2 id=\"security-updates\">Mises \u00e0 jour de la s\u00e9curit\u00e9<\/h2>\n<p>La fonction de dormeur d&rsquo;iOS 18.5 est le boost de s\u00e9curit\u00e9 qu&rsquo;il fournit \u00e0 votre iPhone. En tout, la mise \u00e0 jour patrie sur 30 bogues. Heureusement, Apple n&rsquo;est conscient d&rsquo;aucun exploit pour ces vuln\u00e9rabilit\u00e9s, ce qui signifie que les pirates n&rsquo;ont probablement pas utilis\u00e9 ces d\u00e9fauts pour cibler les utilisateurs d&rsquo;iPhone. Cela dit, la ligne de conduite la plus s\u00fbre consiste \u00e0 mettre \u00e0 jour votre iPhone d\u00e8s que possible, au cas o\u00f9 quelqu&rsquo;un d\u00e9terminera comment utiliser ces d\u00e9fauts contre vous.  <\/p>\n<p>De plus, il y a ici des vuln\u00e9rabilit\u00e9s non hacking que vous devez corriger. Le bouton muet de FaceTime, par exemple, pourrait ne pas fonctionner, ce qui devrait \u00eatre plus que suffisant de motif de mise \u00e0 jour vers iOS 18.5. (Soyez prudent lorsque vous parlez de Smack pendant un appel FaceTime.)<\/p>\n<p>Vous pouvez voir la liste compl\u00e8te des mises \u00e0 jour ici.   <\/p>\n","protected":false},"excerpt":{"rendered":"<p>J&rsquo;esp\u00e8re que vous n&rsquo;avez pas fait confiance au bouton muet de FaceTime ces derniers temps. Certaines mises \u00e0 jour logicielles emballent dans un certain nombre<\/p>\n","protected":false},"author":1,"featured_media":7547,"comment_status":"","ping_status":"","sticky":false,"template":"","format":"standard","meta":{"footnotes":""},"categories":[13],"tags":[3506,2011,6990,1686,652,53,1424,6989,81,85,8,4],"class_list":["post-7546","post","type-post","status-publish","format-standard","has-post-thumbnail","hentry","category-technologie","tag-assurer","tag-bouton","tag-facetime","tag-fonctionne","tag-iphone","tag-jour","tag-mettez","tag-mute","tag-pour","tag-reellement","tag-votre","tag-vous","generate-columns","tablet-grid-50","mobile-grid-100","grid-parent","grid-33"],"yoast_head":"<!-- This site is optimized with the Yoast SEO plugin v24.0 - https:\/\/yoast.com\/wordpress\/plugins\/seo\/ -->\n<title>Mettez \u00e0 jour votre iPhone pour vous assurer que le bouton MUTE de FaceTime fonctionne r\u00e9ellement | Vie Associative<\/title>\n<meta name=\"robots\" content=\"index, follow, max-snippet:-1, max-image-preview:large, max-video-preview:-1\" \/>\n<link rel=\"canonical\" href=\"https:\/\/vieassociative.be\/actualites\/mettez-a-jour-votre-iphone-pour-vous-assurer-que-le-bouton-mute-de-facetime-fonctionne-reellement\/\" \/>\n<meta property=\"og:locale\" content=\"fr_FR\" \/>\n<meta property=\"og:type\" content=\"article\" \/>\n<meta property=\"og:title\" content=\"Mettez \u00e0 jour votre iPhone pour vous assurer que le bouton MUTE de FaceTime fonctionne r\u00e9ellement | Vie Associative\" \/>\n<meta property=\"og:description\" content=\"J&rsquo;esp\u00e8re que vous n&rsquo;avez pas fait confiance au bouton muet de FaceTime ces derniers temps. Certaines mises \u00e0 jour logicielles emballent dans un certain nombre\" \/>\n<meta property=\"og:url\" content=\"https:\/\/vieassociative.be\/actualites\/mettez-a-jour-votre-iphone-pour-vous-assurer-que-le-bouton-mute-de-facetime-fonctionne-reellement\/\" \/>\n<meta property=\"og:site_name\" content=\"Vie Associative\" \/>\n<meta property=\"article:published_time\" content=\"2025-05-14T01:18:28+00:00\" \/>\n<meta property=\"og:image\" content=\"https:\/\/vieassociative.be\/actualites\/wp-content\/uploads\/2025\/05\/Mettez-a-jour-votre-iPhone-pour-vous-assurer-que-le.jpg\" \/>\n<meta name=\"author\" content=\"Julien\" \/>\n<meta name=\"twitter:card\" content=\"summary_large_image\" \/>\n<meta name=\"twitter:label1\" content=\"\u00c9crit par\" \/>\n\t<meta name=\"twitter:data1\" content=\"Julien\" \/>\n\t<meta name=\"twitter:label2\" content=\"Dur\u00e9e de lecture est.\" \/>\n\t<meta name=\"twitter:data2\" content=\"5 minutes\" \/>\n<script type=\"application\/ld+json\" class=\"yoast-schema-graph\">{\"@context\":\"https:\/\/schema.org\",\"@graph\":[{\"@type\":\"Article\",\"@id\":\"https:\/\/vieassociative.be\/actualites\/mettez-a-jour-votre-iphone-pour-vous-assurer-que-le-bouton-mute-de-facetime-fonctionne-reellement\/#article\",\"isPartOf\":{\"@id\":\"https:\/\/vieassociative.be\/actualites\/mettez-a-jour-votre-iphone-pour-vous-assurer-que-le-bouton-mute-de-facetime-fonctionne-reellement\/\"},\"author\":{\"name\":\"Julien\",\"@id\":\"https:\/\/vieassociative.be\/actualites\/#\/schema\/person\/b87ac4f82f9d4e7b7cec7395b679edc4\"},\"headline\":\"Mettez \u00e0 jour votre iPhone pour vous assurer que le bouton MUTE de FaceTime fonctionne r\u00e9ellement\",\"datePublished\":\"2025-05-14T01:18:28+00:00\",\"dateModified\":\"2025-05-14T01:18:28+00:00\",\"mainEntityOfPage\":{\"@id\":\"https:\/\/vieassociative.be\/actualites\/mettez-a-jour-votre-iphone-pour-vous-assurer-que-le-bouton-mute-de-facetime-fonctionne-reellement\/\"},\"wordCount\":1081,\"publisher\":{\"@id\":\"https:\/\/vieassociative.be\/actualites\/#organization\"},\"image\":{\"@id\":\"https:\/\/vieassociative.be\/actualites\/mettez-a-jour-votre-iphone-pour-vous-assurer-que-le-bouton-mute-de-facetime-fonctionne-reellement\/#primaryimage\"},\"thumbnailUrl\":\"https:\/\/vieassociative.be\/actualites\/wp-content\/uploads\/2025\/05\/Mettez-a-jour-votre-iPhone-pour-vous-assurer-que-le.webp.webp\",\"keywords\":[\"assurer\",\"bouton\",\"FaceTime\",\"fonctionne\",\"iPhone\",\"jour\",\"Mettez\",\"MUTE\",\"pour\",\"r\u00e9ellement\",\"votre\",\"Vous\"],\"articleSection\":[\"Technologie\"],\"inLanguage\":\"fr-BE\"},{\"@type\":\"WebPage\",\"@id\":\"https:\/\/vieassociative.be\/actualites\/mettez-a-jour-votre-iphone-pour-vous-assurer-que-le-bouton-mute-de-facetime-fonctionne-reellement\/\",\"url\":\"https:\/\/vieassociative.be\/actualites\/mettez-a-jour-votre-iphone-pour-vous-assurer-que-le-bouton-mute-de-facetime-fonctionne-reellement\/\",\"name\":\"Mettez \u00e0 jour votre iPhone pour vous assurer que le bouton MUTE de FaceTime fonctionne r\u00e9ellement | Vie Associative\",\"isPartOf\":{\"@id\":\"https:\/\/vieassociative.be\/actualites\/#website\"},\"primaryImageOfPage\":{\"@id\":\"https:\/\/vieassociative.be\/actualites\/mettez-a-jour-votre-iphone-pour-vous-assurer-que-le-bouton-mute-de-facetime-fonctionne-reellement\/#primaryimage\"},\"image\":{\"@id\":\"https:\/\/vieassociative.be\/actualites\/mettez-a-jour-votre-iphone-pour-vous-assurer-que-le-bouton-mute-de-facetime-fonctionne-reellement\/#primaryimage\"},\"thumbnailUrl\":\"https:\/\/vieassociative.be\/actualites\/wp-content\/uploads\/2025\/05\/Mettez-a-jour-votre-iPhone-pour-vous-assurer-que-le.webp.webp\",\"datePublished\":\"2025-05-14T01:18:28+00:00\",\"dateModified\":\"2025-05-14T01:18:28+00:00\",\"breadcrumb\":{\"@id\":\"https:\/\/vieassociative.be\/actualites\/mettez-a-jour-votre-iphone-pour-vous-assurer-que-le-bouton-mute-de-facetime-fonctionne-reellement\/#breadcrumb\"},\"inLanguage\":\"fr-BE\",\"potentialAction\":[{\"@type\":\"ReadAction\",\"target\":[\"https:\/\/vieassociative.be\/actualites\/mettez-a-jour-votre-iphone-pour-vous-assurer-que-le-bouton-mute-de-facetime-fonctionne-reellement\/\"]}]},{\"@type\":\"ImageObject\",\"inLanguage\":\"fr-BE\",\"@id\":\"https:\/\/vieassociative.be\/actualites\/mettez-a-jour-votre-iphone-pour-vous-assurer-que-le-bouton-mute-de-facetime-fonctionne-reellement\/#primaryimage\",\"url\":\"https:\/\/vieassociative.be\/actualites\/wp-content\/uploads\/2025\/05\/Mettez-a-jour-votre-iPhone-pour-vous-assurer-que-le.webp.webp\",\"contentUrl\":\"https:\/\/vieassociative.be\/actualites\/wp-content\/uploads\/2025\/05\/Mettez-a-jour-votre-iPhone-pour-vous-assurer-que-le.webp.webp\",\"width\":1200,\"height\":675,\"caption\":\"Mettez \u00e0 jour votre iPhone pour vous assurer que le bouton MUTE de FaceTime fonctionne r\u00e9ellement\"},{\"@type\":\"BreadcrumbList\",\"@id\":\"https:\/\/vieassociative.be\/actualites\/mettez-a-jour-votre-iphone-pour-vous-assurer-que-le-bouton-mute-de-facetime-fonctionne-reellement\/#breadcrumb\",\"itemListElement\":[{\"@type\":\"ListItem\",\"position\":1,\"name\":\"Accueil\",\"item\":\"https:\/\/vieassociative.be\/actualites\/\"},{\"@type\":\"ListItem\",\"position\":2,\"name\":\"Mettez \u00e0 jour votre iPhone pour vous assurer que le bouton MUTE de FaceTime fonctionne r\u00e9ellement\"}]},{\"@type\":\"WebSite\",\"@id\":\"https:\/\/vieassociative.be\/actualites\/#website\",\"url\":\"https:\/\/vieassociative.be\/actualites\/\",\"name\":\"Vie Associative\",\"description\":\"\",\"publisher\":{\"@id\":\"https:\/\/vieassociative.be\/actualites\/#organization\"},\"potentialAction\":[{\"@type\":\"SearchAction\",\"target\":{\"@type\":\"EntryPoint\",\"urlTemplate\":\"https:\/\/vieassociative.be\/actualites\/?s={search_term_string}\"},\"query-input\":{\"@type\":\"PropertyValueSpecification\",\"valueRequired\":true,\"valueName\":\"search_term_string\"}}],\"inLanguage\":\"fr-BE\"},{\"@type\":\"Organization\",\"@id\":\"https:\/\/vieassociative.be\/actualites\/#organization\",\"name\":\"Vie Associative\",\"url\":\"https:\/\/vieassociative.be\/actualites\/\",\"logo\":{\"@type\":\"ImageObject\",\"inLanguage\":\"fr-BE\",\"@id\":\"https:\/\/vieassociative.be\/actualites\/#\/schema\/logo\/image\/\",\"url\":\"https:\/\/vieassociative.be\/actualites\/wp-content\/uploads\/2024\/09\/cropped-vieassociative_favicon.ico.png\",\"contentUrl\":\"https:\/\/vieassociative.be\/actualites\/wp-content\/uploads\/2024\/09\/cropped-vieassociative_favicon.ico.png\",\"width\":512,\"height\":512,\"caption\":\"Vie Associative\"},\"image\":{\"@id\":\"https:\/\/vieassociative.be\/actualites\/#\/schema\/logo\/image\/\"}},{\"@type\":\"Person\",\"@id\":\"https:\/\/vieassociative.be\/actualites\/#\/schema\/person\/b87ac4f82f9d4e7b7cec7395b679edc4\",\"name\":\"Julien\",\"image\":{\"@type\":\"ImageObject\",\"inLanguage\":\"fr-BE\",\"@id\":\"https:\/\/vieassociative.be\/actualites\/#\/schema\/person\/image\/\",\"url\":\"https:\/\/vieassociative.be\/actualites\/wp-content\/uploads\/2024\/09\/vie-associative-1-150x150.jpg\",\"contentUrl\":\"https:\/\/vieassociative.be\/actualites\/wp-content\/uploads\/2024\/09\/vie-associative-1-150x150.jpg\",\"caption\":\"Julien\"},\"description\":\"Je suis Julien, r\u00e9dacteur pour Vie Associative. Passionn\u00e9 par le monde associatif depuis plus de 10 ans, j'ai \u00e0 c\u0153ur de partager des histoires inspirantes et de mettre en lumi\u00e8re les initiatives locales. Mon objectif est de sensibiliser et d'encourager l'engagement communautaire \u00e0 travers mes articles.\",\"sameAs\":[\"https:\/\/vieassociative.be\/\"]}]}<\/script>\n<!-- \/ Yoast SEO plugin. -->","yoast_head_json":{"title":"Mettez \u00e0 jour votre iPhone pour vous assurer que le bouton MUTE de FaceTime fonctionne r\u00e9ellement | Vie Associative","robots":{"index":"index","follow":"follow","max-snippet":"max-snippet:-1","max-image-preview":"max-image-preview:large","max-video-preview":"max-video-preview:-1"},"canonical":"https:\/\/vieassociative.be\/actualites\/mettez-a-jour-votre-iphone-pour-vous-assurer-que-le-bouton-mute-de-facetime-fonctionne-reellement\/","og_locale":"fr_FR","og_type":"article","og_title":"Mettez \u00e0 jour votre iPhone pour vous assurer que le bouton MUTE de FaceTime fonctionne r\u00e9ellement | Vie Associative","og_description":"J&rsquo;esp\u00e8re que vous n&rsquo;avez pas fait confiance au bouton muet de FaceTime ces derniers temps. Certaines mises \u00e0 jour logicielles emballent dans un certain nombre","og_url":"https:\/\/vieassociative.be\/actualites\/mettez-a-jour-votre-iphone-pour-vous-assurer-que-le-bouton-mute-de-facetime-fonctionne-reellement\/","og_site_name":"Vie Associative","article_published_time":"2025-05-14T01:18:28+00:00","og_image":[{"url":"https:\/\/vieassociative.be\/actualites\/wp-content\/uploads\/2025\/05\/Mettez-a-jour-votre-iPhone-pour-vous-assurer-que-le.jpg","type":"","width":"","height":""}],"author":"Julien","twitter_card":"summary_large_image","twitter_misc":{"\u00c9crit par":"Julien","Dur\u00e9e de lecture est.":"5 minutes"},"schema":{"@context":"https:\/\/schema.org","@graph":[{"@type":"Article","@id":"https:\/\/vieassociative.be\/actualites\/mettez-a-jour-votre-iphone-pour-vous-assurer-que-le-bouton-mute-de-facetime-fonctionne-reellement\/#article","isPartOf":{"@id":"https:\/\/vieassociative.be\/actualites\/mettez-a-jour-votre-iphone-pour-vous-assurer-que-le-bouton-mute-de-facetime-fonctionne-reellement\/"},"author":{"name":"Julien","@id":"https:\/\/vieassociative.be\/actualites\/#\/schema\/person\/b87ac4f82f9d4e7b7cec7395b679edc4"},"headline":"Mettez \u00e0 jour votre iPhone pour vous assurer que le bouton MUTE de FaceTime fonctionne r\u00e9ellement","datePublished":"2025-05-14T01:18:28+00:00","dateModified":"2025-05-14T01:18:28+00:00","mainEntityOfPage":{"@id":"https:\/\/vieassociative.be\/actualites\/mettez-a-jour-votre-iphone-pour-vous-assurer-que-le-bouton-mute-de-facetime-fonctionne-reellement\/"},"wordCount":1081,"publisher":{"@id":"https:\/\/vieassociative.be\/actualites\/#organization"},"image":{"@id":"https:\/\/vieassociative.be\/actualites\/mettez-a-jour-votre-iphone-pour-vous-assurer-que-le-bouton-mute-de-facetime-fonctionne-reellement\/#primaryimage"},"thumbnailUrl":"https:\/\/vieassociative.be\/actualites\/wp-content\/uploads\/2025\/05\/Mettez-a-jour-votre-iPhone-pour-vous-assurer-que-le.webp.webp","keywords":["assurer","bouton","FaceTime","fonctionne","iPhone","jour","Mettez","MUTE","pour","r\u00e9ellement","votre","Vous"],"articleSection":["Technologie"],"inLanguage":"fr-BE"},{"@type":"WebPage","@id":"https:\/\/vieassociative.be\/actualites\/mettez-a-jour-votre-iphone-pour-vous-assurer-que-le-bouton-mute-de-facetime-fonctionne-reellement\/","url":"https:\/\/vieassociative.be\/actualites\/mettez-a-jour-votre-iphone-pour-vous-assurer-que-le-bouton-mute-de-facetime-fonctionne-reellement\/","name":"Mettez \u00e0 jour votre iPhone pour vous assurer que le bouton MUTE de FaceTime fonctionne r\u00e9ellement | Vie Associative","isPartOf":{"@id":"https:\/\/vieassociative.be\/actualites\/#website"},"primaryImageOfPage":{"@id":"https:\/\/vieassociative.be\/actualites\/mettez-a-jour-votre-iphone-pour-vous-assurer-que-le-bouton-mute-de-facetime-fonctionne-reellement\/#primaryimage"},"image":{"@id":"https:\/\/vieassociative.be\/actualites\/mettez-a-jour-votre-iphone-pour-vous-assurer-que-le-bouton-mute-de-facetime-fonctionne-reellement\/#primaryimage"},"thumbnailUrl":"https:\/\/vieassociative.be\/actualites\/wp-content\/uploads\/2025\/05\/Mettez-a-jour-votre-iPhone-pour-vous-assurer-que-le.webp.webp","datePublished":"2025-05-14T01:18:28+00:00","dateModified":"2025-05-14T01:18:28+00:00","breadcrumb":{"@id":"https:\/\/vieassociative.be\/actualites\/mettez-a-jour-votre-iphone-pour-vous-assurer-que-le-bouton-mute-de-facetime-fonctionne-reellement\/#breadcrumb"},"inLanguage":"fr-BE","potentialAction":[{"@type":"ReadAction","target":["https:\/\/vieassociative.be\/actualites\/mettez-a-jour-votre-iphone-pour-vous-assurer-que-le-bouton-mute-de-facetime-fonctionne-reellement\/"]}]},{"@type":"ImageObject","inLanguage":"fr-BE","@id":"https:\/\/vieassociative.be\/actualites\/mettez-a-jour-votre-iphone-pour-vous-assurer-que-le-bouton-mute-de-facetime-fonctionne-reellement\/#primaryimage","url":"https:\/\/vieassociative.be\/actualites\/wp-content\/uploads\/2025\/05\/Mettez-a-jour-votre-iPhone-pour-vous-assurer-que-le.webp.webp","contentUrl":"https:\/\/vieassociative.be\/actualites\/wp-content\/uploads\/2025\/05\/Mettez-a-jour-votre-iPhone-pour-vous-assurer-que-le.webp.webp","width":1200,"height":675,"caption":"Mettez \u00e0 jour votre iPhone pour vous assurer que le bouton MUTE de FaceTime fonctionne r\u00e9ellement"},{"@type":"BreadcrumbList","@id":"https:\/\/vieassociative.be\/actualites\/mettez-a-jour-votre-iphone-pour-vous-assurer-que-le-bouton-mute-de-facetime-fonctionne-reellement\/#breadcrumb","itemListElement":[{"@type":"ListItem","position":1,"name":"Accueil","item":"https:\/\/vieassociative.be\/actualites\/"},{"@type":"ListItem","position":2,"name":"Mettez \u00e0 jour votre iPhone pour vous assurer que le bouton MUTE de FaceTime fonctionne r\u00e9ellement"}]},{"@type":"WebSite","@id":"https:\/\/vieassociative.be\/actualites\/#website","url":"https:\/\/vieassociative.be\/actualites\/","name":"Vie Associative","description":"","publisher":{"@id":"https:\/\/vieassociative.be\/actualites\/#organization"},"potentialAction":[{"@type":"SearchAction","target":{"@type":"EntryPoint","urlTemplate":"https:\/\/vieassociative.be\/actualites\/?s={search_term_string}"},"query-input":{"@type":"PropertyValueSpecification","valueRequired":true,"valueName":"search_term_string"}}],"inLanguage":"fr-BE"},{"@type":"Organization","@id":"https:\/\/vieassociative.be\/actualites\/#organization","name":"Vie Associative","url":"https:\/\/vieassociative.be\/actualites\/","logo":{"@type":"ImageObject","inLanguage":"fr-BE","@id":"https:\/\/vieassociative.be\/actualites\/#\/schema\/logo\/image\/","url":"https:\/\/vieassociative.be\/actualites\/wp-content\/uploads\/2024\/09\/cropped-vieassociative_favicon.ico.png","contentUrl":"https:\/\/vieassociative.be\/actualites\/wp-content\/uploads\/2024\/09\/cropped-vieassociative_favicon.ico.png","width":512,"height":512,"caption":"Vie Associative"},"image":{"@id":"https:\/\/vieassociative.be\/actualites\/#\/schema\/logo\/image\/"}},{"@type":"Person","@id":"https:\/\/vieassociative.be\/actualites\/#\/schema\/person\/b87ac4f82f9d4e7b7cec7395b679edc4","name":"Julien","image":{"@type":"ImageObject","inLanguage":"fr-BE","@id":"https:\/\/vieassociative.be\/actualites\/#\/schema\/person\/image\/","url":"https:\/\/vieassociative.be\/actualites\/wp-content\/uploads\/2024\/09\/vie-associative-1-150x150.jpg","contentUrl":"https:\/\/vieassociative.be\/actualites\/wp-content\/uploads\/2024\/09\/vie-associative-1-150x150.jpg","caption":"Julien"},"description":"Je suis Julien, r\u00e9dacteur pour Vie Associative. Passionn\u00e9 par le monde associatif depuis plus de 10 ans, j'ai \u00e0 c\u0153ur de partager des histoires inspirantes et de mettre en lumi\u00e8re les initiatives locales. Mon objectif est de sensibiliser et d'encourager l'engagement communautaire \u00e0 travers mes articles.","sameAs":["https:\/\/vieassociative.be\/"]}]}},"_links":{"self":[{"href":"https:\/\/vieassociative.be\/actualites\/wp-json\/wp\/v2\/posts\/7546"}],"collection":[{"href":"https:\/\/vieassociative.be\/actualites\/wp-json\/wp\/v2\/posts"}],"about":[{"href":"https:\/\/vieassociative.be\/actualites\/wp-json\/wp\/v2\/types\/post"}],"author":[{"embeddable":true,"href":"https:\/\/vieassociative.be\/actualites\/wp-json\/wp\/v2\/users\/1"}],"replies":[{"embeddable":true,"href":"https:\/\/vieassociative.be\/actualites\/wp-json\/wp\/v2\/comments?post=7546"}],"version-history":[{"count":0,"href":"https:\/\/vieassociative.be\/actualites\/wp-json\/wp\/v2\/posts\/7546\/revisions"}],"wp:featuredmedia":[{"embeddable":true,"href":"https:\/\/vieassociative.be\/actualites\/wp-json\/wp\/v2\/media\/7547"}],"wp:attachment":[{"href":"https:\/\/vieassociative.be\/actualites\/wp-json\/wp\/v2\/media?parent=7546"}],"wp:term":[{"taxonomy":"category","embeddable":true,"href":"https:\/\/vieassociative.be\/actualites\/wp-json\/wp\/v2\/categories?post=7546"},{"taxonomy":"post_tag","embeddable":true,"href":"https:\/\/vieassociative.be\/actualites\/wp-json\/wp\/v2\/tags?post=7546"}],"curies":[{"name":"wp","href":"https:\/\/api.w.org\/{rel}","templated":true}]}}